{"id":1838,"date":"2022-07-08T10:06:21","date_gmt":"2022-07-08T10:06:21","guid":{"rendered":"https:\/\/dpress.ma\/fr\/?p=1838"},"modified":"2022-07-08T10:06:22","modified_gmt":"2022-07-08T10:06:22","slug":"conference-parlementaire-internationale-les-parlementaires-peuvent-contribuer-a-la-securite-alimentaire-dans-le-monde-responsable-de-la-fao","status":"publish","type":"post","link":"https:\/\/dpress.ma\/fr\/2022\/07\/08\/conference-parlementaire-internationale-les-parlementaires-peuvent-contribuer-a-la-securite-alimentaire-dans-le-monde-responsable-de-la-fao\/","title":{"rendered":"Conf\u00e9rence parlementaire internationale: les parlementaires peuvent contribuer \u00e0 la s\u00e9curit\u00e9 alimentaire dans le monde (responsable de la FAO)"},"content":{"rendered":"\n<p>Dpress<\/p>\n\n\n\n<p>Les parlementaires peuvent contribuer de mani\u00e8re significative \u00e0 la r\u00e9alisation de la s\u00e9curit\u00e9 alimentaire et nutritionnelle \u00e0 l\u2019\u00e9chelle mondiale, nationale et locale, a affirm\u00e9 jeudi \u00e0 Rabat le coordonnateur sp\u00e9cial pour les alliances et les fonds parlementaires \u00e0 la division des partenariats et de la collaboration de l\u2019Organisation des Nations unies pour l\u2019alimentation et l\u2019agriculture (FAO), Jean L\u00e9onard Touadi.<\/p>\n\n\n\n<p>Intervenant lors d\u2019une Conf\u00e9rence parlementaire internationale sur le th\u00e8me \u201cSouverainet\u00e9 et s\u00e9curit\u00e9 alimentaire, entre les d\u00e9fis de la conjoncture internationale et les enjeux de la s\u00e9curit\u00e9 strat\u00e9gique\u201d, organis\u00e9e par la Chambre des conseillers, M. Touadi a mis en avant le r\u00f4le cl\u00e9 des parlementaires dans la mise en place des cadres juridiques et institutionnels favorables, dans l\u2019allocation des budgets appropri\u00e9s et dans le suivi de l\u2019action gouvernementale en mati\u00e8re de s\u00e9curit\u00e9 alimentaire et nutritionnelle.<\/p>\n\n\n\n<p>Lors de la deuxi\u00e8me session de la conf\u00e9rence, portant sur \u201cle r\u00f4le des parlements dans le d\u00e9veloppement de nouvelles l\u00e9gislations pour la promotion de la s\u00e9curit\u00e9 alimentaire\u201d, le responsable onusien a indiqu\u00e9 que les indicateurs de s\u00e9curit\u00e9 alimentaire et de nutrition ont tendance \u00e0 montrer une am\u00e9lioration significative en pr\u00e9sence d\u2019une volont\u00e9 politique solide.<\/p>\n\n\n\n<p>Ainsi, pour contrer l\u2019impact de la pand\u00e9mie sur le syst\u00e8me alimentaire et permettre aux gens de se nourrir dans la dignit\u00e9, M. Touadi souligne l\u2019importance de l\u00e9gif\u00e9rer \u00e0 diff\u00e9rents niveaux afin de limiter les perturbations de la cha\u00eene alimentaire.<\/p>\n\n\n\n<p>Selon ce responsable de la FAO, plusieurs domaines doivent \u00eatre pris en compte, tels que la s\u00e9curit\u00e9 sanitaire des aliments et la pr\u00e9vention du gaspillage et des pertes alimentaires, ou encore la r\u00e9glementation du commerce \u00e9lectronique des aliments et la lutte contre la fraude alimentaire. \u201cUne l\u00e9gislation coordonn\u00e9e facilite l\u2019acc\u00e8s des foyers les plus vuln\u00e9rables \u00e0 une alimentation ad\u00e9quate\u201d, a-t-il ajout\u00e9.<\/p>\n\n\n\n<p>La FAO a soutenu la cr\u00e9ation de plus de 45 alliances parlementaires en Afrique, en Asie, en Europe, en Am\u00e9rique latine et dans les Cara\u00efbes, a fait savoir le responsable, notant qu\u2019en cons\u00e9quence, plus de 40 lois sur des questions li\u00e9es \u00e0 la s\u00e9curit\u00e9 alimentaire, \u00e0 la nutrition et \u00e0 l\u2019agriculture ont \u00e9t\u00e9 \u00e9labor\u00e9es et adopt\u00e9es.<\/p>\n\n\n\n<p>Pour sa part, le pr\u00e9sident de la Commission agriculture, environnement et ressources naturelles au Parlement de la Communaut\u00e9 \u00e9conomique des Etats de l\u2019Afrique de l\u2019Ouest (CEDEAO), Alexander Kwamena Afenyo-Markin, a salu\u00e9 les efforts d\u00e9ploy\u00e9s, sous les directives \u00e9clair\u00e9es de Sa Majest\u00e9 le Roi Mohammed VI, pour le d\u00e9veloppement du Royaume et la garantie de la paix et de la s\u00e9curit\u00e9, notamment alimentaire.<\/p>\n\n\n\n<p>M. Afenyo-Markin, a rappel\u00e9 que la s\u00e9curit\u00e9 alimentaire existe lorsque tous les \u00eatres humains ont, \u00e0 tout moment, la possibilit\u00e9 physique, sociale et \u00e9conomique de se procurer une nourriture suffisante, saine et nutritive leur permettant de satisfaire leurs besoins alimentaires pour mener une vie saine et active, soulignant que la faim constitue un probl\u00e8me de d\u00e9veloppement fondamental.<\/p>\n\n\n\n<p>La s\u00e9curit\u00e9 alimentaire, souligne le responsable parlementaire, constitue encore un d\u00e9fi pour le continent africain o\u00f9 bon nombre d\u2019hommes, femmes et enfants souffrent de malnutrition aigu\u00eb.<\/p>\n\n\n\n<p>De son c\u00f4t\u00e9, le pr\u00e9sident de l\u2019assembl\u00e9e parlementaire de la M\u00e9diterran\u00e9e, Gennaro Migliore, a indiqu\u00e9 que plusieurs pays du monde sont actuellement confront\u00e9s aux d\u00e9fis de la s\u00e9curit\u00e9 alimentaire, dus notamment aux r\u00e9percussions de la pand\u00e9mie de Covid-19.<\/p>\n\n\n\n<p>M. Migliore n\u2019a pas manqu\u00e9 d\u2019insister sur la n\u00e9cessit\u00e9 de garantir la stabilit\u00e9 et la s\u00e9curit\u00e9 alimentaire \u00e0 travers le monde, appelant \u00e0 mettre en place de nouveaux syst\u00e8mes de protection des denr\u00e9es alimentaires.<\/p>\n\n\n\n<p>A cet \u00e9gard, le responsable a invit\u00e9 les parlementaires \u00e0 d\u00e9ployer des mesures l\u00e9gislatives \u00e0 m\u00eame de r\u00e9soudre cette probl\u00e9matique urgente.<\/p>\n\n\n\n<p>La Chambre des conseillers a organis\u00e9 ce colloque au vu de l\u2019importance que rev\u00eat actuellement le th\u00e8me de la s\u00e9curit\u00e9 alimentaire dans le monde et en harmonie avec les Hautes directives contenues dans le discours royal \u00e0 l\u2019occasion de l\u2019ouverture de la 1\u00e8re session de l\u2019ann\u00e9e l\u00e9gislative en cours.<\/p>\n\n\n\n<p>Dans ce discours, SM le Roi a appel\u00e9 \u201c\u00e0 la cr\u00e9ation d\u2019un dispositif national int\u00e9gr\u00e9 ayant pour objet la r\u00e9serve strat\u00e9gique de produits de premi\u00e8re n\u00e9cessit\u00e9, notamment alimentaires, sanitaires et \u00e9nerg\u00e9tiques et \u00e0 la mise \u00e0 jour continue des besoins nationaux en la mati\u00e8re\u201d.<\/p>\n","protected":false},"excerpt":{"rendered":"<p>Dpress Les parlementaires peuvent contribuer de mani\u00e8re significative \u00e0 la r\u00e9alisation de la s\u00e9curit\u00e9 alimentaire et nutritionnelle \u00e0 l\u2019\u00e9chelle mondiale, nationale et locale, a affirm\u00e9 jeudi \u00e0 Rabat le coordonnateur sp\u00e9cial pour les alliances et les fonds parlementaires \u00e0 la division des partenariats et de la collaboration de l\u2019Organisation des Nations unies pour l\u2019alimentation et &hellip;<\/p>\n","protected":false},"author":2,"featured_media":1839,"comment_status":"open","ping_status":"open","sticky":false,"template":"","format":"standard","meta":{"footnotes":""},"categories":[34,26],"tags":[],"class_list":["post-1838","post","type-post","status-publish","format-standard","has-post-thumbnail","hentry","category-diplomatie-parlementaire","category-politiques"],"yoast_head":"<!-- This site is optimized with the Yoast SEO plugin v27.5 - https:\/\/yoast.com\/product\/yoast-seo-wordpress\/ -->\n<title>Conf\u00e9rence parlementaire internationale: les parlementaires peuvent contribuer \u00e0 la s\u00e9curit\u00e9 alimentaire dans le monde (responsable de la FAO) - Dpress.ma\/fr<\/title>\n<meta name=\"robots\" content=\"index, follow, max-snippet:-1, max-image-preview:large, max-video-preview:-1\" \/>\n<link rel=\"canonical\" href=\"https:\/\/dpress.ma\/fr\/2022\/07\/08\/conference-parlementaire-internationale-les-parlementaires-peuvent-contribuer-a-la-securite-alimentaire-dans-le-monde-responsable-de-la-fao\/\" \/>\n<meta property=\"og:locale\" content=\"fr_FR\" \/>\n<meta property=\"og:type\" content=\"article\" \/>\n<meta property=\"og:title\" content=\"Conf\u00e9rence parlementaire internationale: les parlementaires peuvent contribuer \u00e0 la s\u00e9curit\u00e9 alimentaire dans le monde (responsable de la FAO) - Dpress.ma\/fr\" \/>\n<meta property=\"og:description\" content=\"Dpress Les parlementaires peuvent contribuer de mani\u00e8re significative \u00e0 la r\u00e9alisation de la s\u00e9curit\u00e9 alimentaire et nutritionnelle \u00e0 l\u2019\u00e9chelle mondiale, nationale et locale, a affirm\u00e9 jeudi \u00e0 Rabat le coordonnateur sp\u00e9cial pour les alliances et les fonds parlementaires \u00e0 la division des partenariats et de la collaboration de l\u2019Organisation des Nations unies pour l\u2019alimentation et &hellip;\" \/>\n<meta property=\"og:url\" content=\"https:\/\/dpress.ma\/fr\/2022\/07\/08\/conference-parlementaire-internationale-les-parlementaires-peuvent-contribuer-a-la-securite-alimentaire-dans-le-monde-responsable-de-la-fao\/\" \/>\n<meta property=\"og:site_name\" content=\"Dpress.ma\/fr\" \/>\n<meta property=\"article:published_time\" content=\"2022-07-08T10:06:21+00:00\" \/>\n<meta property=\"article:modified_time\" content=\"2022-07-08T10:06:22+00:00\" \/>\n<meta property=\"og:image\" content=\"https:\/\/dpress.ma\/fr\/wp-content\/uploads\/sites\/2\/2022\/07\/FSF.jpg\" \/>\n\t<meta property=\"og:image:width\" content=\"2539\" \/>\n\t<meta property=\"og:image:height\" content=\"1594\" \/>\n\t<meta property=\"og:image:type\" content=\"image\/jpeg\" \/>\n<meta name=\"author\" content=\"Dpress.ma\" \/>\n<meta name=\"twitter:card\" content=\"summary_large_image\" \/>\n<meta name=\"twitter:label1\" content=\"\u00c9crit par\" \/>\n\t<meta name=\"twitter:data1\" content=\"Dpress.ma\" \/>\n\t<meta name=\"twitter:label2\" content=\"Dur\u00e9e de lecture estim\u00e9e\" \/>\n\t<meta name=\"twitter:data2\" content=\"4 minutes\" \/>\n<script type=\"application\/ld+json\" class=\"yoast-schema-graph\">{\"@context\":\"https:\\\/\\\/schema.org\",\"@graph\":[{\"@type\":\"Article\",\"@id\":\"https:\\\/\\\/dpress.ma\\\/fr\\\/2022\\\/07\\\/08\\\/conference-parlementaire-internationale-les-parlementaires-peuvent-contribuer-a-la-securite-alimentaire-dans-le-monde-responsable-de-la-fao\\\/#article\",\"isPartOf\":{\"@id\":\"https:\\\/\\\/dpress.ma\\\/fr\\\/2022\\\/07\\\/08\\\/conference-parlementaire-internationale-les-parlementaires-peuvent-contribuer-a-la-securite-alimentaire-dans-le-monde-responsable-de-la-fao\\\/\"},\"author\":{\"name\":\"Dpress.ma\",\"@id\":\"https:\\\/\\\/dpress.ma\\\/fr\\\/#\\\/schema\\\/person\\\/4898febf3ccd59e6578d838656a306a0\"},\"headline\":\"Conf\u00e9rence parlementaire internationale: les parlementaires peuvent contribuer \u00e0 la s\u00e9curit\u00e9 alimentaire dans le monde (responsable de la FAO)\",\"datePublished\":\"2022-07-08T10:06:21+00:00\",\"dateModified\":\"2022-07-08T10:06:22+00:00\",\"mainEntityOfPage\":{\"@id\":\"https:\\\/\\\/dpress.ma\\\/fr\\\/2022\\\/07\\\/08\\\/conference-parlementaire-internationale-les-parlementaires-peuvent-contribuer-a-la-securite-alimentaire-dans-le-monde-responsable-de-la-fao\\\/\"},\"wordCount\":787,\"commentCount\":0,\"image\":{\"@id\":\"https:\\\/\\\/dpress.ma\\\/fr\\\/2022\\\/07\\\/08\\\/conference-parlementaire-internationale-les-parlementaires-peuvent-contribuer-a-la-securite-alimentaire-dans-le-monde-responsable-de-la-fao\\\/#primaryimage\"},\"thumbnailUrl\":\"https:\\\/\\\/dpress.ma\\\/fr\\\/wp-content\\\/uploads\\\/sites\\\/2\\\/2022\\\/07\\\/FSF.jpg\",\"articleSection\":[\"Diplomatie Parlementaire\",\"Politiques\"],\"inLanguage\":\"fr-FR\",\"potentialAction\":[{\"@type\":\"CommentAction\",\"name\":\"Comment\",\"target\":[\"https:\\\/\\\/dpress.ma\\\/fr\\\/2022\\\/07\\\/08\\\/conference-parlementaire-internationale-les-parlementaires-peuvent-contribuer-a-la-securite-alimentaire-dans-le-monde-responsable-de-la-fao\\\/#respond\"]}]},{\"@type\":\"WebPage\",\"@id\":\"https:\\\/\\\/dpress.ma\\\/fr\\\/2022\\\/07\\\/08\\\/conference-parlementaire-internationale-les-parlementaires-peuvent-contribuer-a-la-securite-alimentaire-dans-le-monde-responsable-de-la-fao\\\/\",\"url\":\"https:\\\/\\\/dpress.ma\\\/fr\\\/2022\\\/07\\\/08\\\/conference-parlementaire-internationale-les-parlementaires-peuvent-contribuer-a-la-securite-alimentaire-dans-le-monde-responsable-de-la-fao\\\/\",\"name\":\"Conf\u00e9rence parlementaire internationale: les parlementaires peuvent contribuer \u00e0 la s\u00e9curit\u00e9 alimentaire dans le monde (responsable de la FAO) - Dpress.ma\\\/fr\",\"isPartOf\":{\"@id\":\"https:\\\/\\\/dpress.ma\\\/fr\\\/#website\"},\"primaryImageOfPage\":{\"@id\":\"https:\\\/\\\/dpress.ma\\\/fr\\\/2022\\\/07\\\/08\\\/conference-parlementaire-internationale-les-parlementaires-peuvent-contribuer-a-la-securite-alimentaire-dans-le-monde-responsable-de-la-fao\\\/#primaryimage\"},\"image\":{\"@id\":\"https:\\\/\\\/dpress.ma\\\/fr\\\/2022\\\/07\\\/08\\\/conference-parlementaire-internationale-les-parlementaires-peuvent-contribuer-a-la-securite-alimentaire-dans-le-monde-responsable-de-la-fao\\\/#primaryimage\"},\"thumbnailUrl\":\"https:\\\/\\\/dpress.ma\\\/fr\\\/wp-content\\\/uploads\\\/sites\\\/2\\\/2022\\\/07\\\/FSF.jpg\",\"datePublished\":\"2022-07-08T10:06:21+00:00\",\"dateModified\":\"2022-07-08T10:06:22+00:00\",\"author\":{\"@id\":\"https:\\\/\\\/dpress.ma\\\/fr\\\/#\\\/schema\\\/person\\\/4898febf3ccd59e6578d838656a306a0\"},\"breadcrumb\":{\"@id\":\"https:\\\/\\\/dpress.ma\\\/fr\\\/2022\\\/07\\\/08\\\/conference-parlementaire-internationale-les-parlementaires-peuvent-contribuer-a-la-securite-alimentaire-dans-le-monde-responsable-de-la-fao\\\/#breadcrumb\"},\"inLanguage\":\"fr-FR\",\"potentialAction\":[{\"@type\":\"ReadAction\",\"target\":[\"https:\\\/\\\/dpress.ma\\\/fr\\\/2022\\\/07\\\/08\\\/conference-parlementaire-internationale-les-parlementaires-peuvent-contribuer-a-la-securite-alimentaire-dans-le-monde-responsable-de-la-fao\\\/\"]}]},{\"@type\":\"ImageObject\",\"inLanguage\":\"fr-FR\",\"@id\":\"https:\\\/\\\/dpress.ma\\\/fr\\\/2022\\\/07\\\/08\\\/conference-parlementaire-internationale-les-parlementaires-peuvent-contribuer-a-la-securite-alimentaire-dans-le-monde-responsable-de-la-fao\\\/#primaryimage\",\"url\":\"https:\\\/\\\/dpress.ma\\\/fr\\\/wp-content\\\/uploads\\\/sites\\\/2\\\/2022\\\/07\\\/FSF.jpg\",\"contentUrl\":\"https:\\\/\\\/dpress.ma\\\/fr\\\/wp-content\\\/uploads\\\/sites\\\/2\\\/2022\\\/07\\\/FSF.jpg\",\"width\":2539,\"height\":1594},{\"@type\":\"BreadcrumbList\",\"@id\":\"https:\\\/\\\/dpress.ma\\\/fr\\\/2022\\\/07\\\/08\\\/conference-parlementaire-internationale-les-parlementaires-peuvent-contribuer-a-la-securite-alimentaire-dans-le-monde-responsable-de-la-fao\\\/#breadcrumb\",\"itemListElement\":[{\"@type\":\"ListItem\",\"position\":1,\"name\":\"Home\",\"item\":\"https:\\\/\\\/dpress.ma\\\/fr\\\/\"},{\"@type\":\"ListItem\",\"position\":2,\"name\":\"Conf\u00e9rence parlementaire internationale: les parlementaires peuvent contribuer \u00e0 la s\u00e9curit\u00e9 alimentaire dans le monde (responsable de la FAO)\"}]},{\"@type\":\"WebSite\",\"@id\":\"https:\\\/\\\/dpress.ma\\\/fr\\\/#website\",\"url\":\"https:\\\/\\\/dpress.ma\\\/fr\\\/\",\"name\":\"Dpress.ma\\\/fr\",\"description\":\"\",\"potentialAction\":[{\"@type\":\"SearchAction\",\"target\":{\"@type\":\"EntryPoint\",\"urlTemplate\":\"https:\\\/\\\/dpress.ma\\\/fr\\\/?s={search_term_string}\"},\"query-input\":{\"@type\":\"PropertyValueSpecification\",\"valueRequired\":true,\"valueName\":\"search_term_string\"}}],\"inLanguage\":\"fr-FR\"},{\"@type\":\"Person\",\"@id\":\"https:\\\/\\\/dpress.ma\\\/fr\\\/#\\\/schema\\\/person\\\/4898febf3ccd59e6578d838656a306a0\",\"name\":\"Dpress.ma\",\"image\":{\"@type\":\"ImageObject\",\"inLanguage\":\"fr-FR\",\"@id\":\"https:\\\/\\\/secure.gravatar.com\\\/avatar\\\/72ecc30e9db047a2e0e7176561eb9d564ed77c8108376495b19bd8336405198a?s=96&d=mm&r=g\",\"url\":\"https:\\\/\\\/secure.gravatar.com\\\/avatar\\\/72ecc30e9db047a2e0e7176561eb9d564ed77c8108376495b19bd8336405198a?s=96&d=mm&r=g\",\"contentUrl\":\"https:\\\/\\\/secure.gravatar.com\\\/avatar\\\/72ecc30e9db047a2e0e7176561eb9d564ed77c8108376495b19bd8336405198a?s=96&d=mm&r=g\",\"caption\":\"Dpress.ma\"},\"sameAs\":[\"https:\\\/\\\/www.dpress.ma\"],\"url\":\"https:\\\/\\\/dpress.ma\\\/fr\\\/author\\\/dpress-ma\\\/\"}]}<\/script>\n<!-- \/ Yoast SEO plugin. -->","yoast_head_json":{"title":"Conf\u00e9rence parlementaire internationale: les parlementaires peuvent contribuer \u00e0 la s\u00e9curit\u00e9 alimentaire dans le monde (responsable de la FAO) - Dpress.ma\/fr","robots":{"index":"index","follow":"follow","max-snippet":"max-snippet:-1","max-image-preview":"max-image-preview:large","max-video-preview":"max-video-preview:-1"},"canonical":"https:\/\/dpress.ma\/fr\/2022\/07\/08\/conference-parlementaire-internationale-les-parlementaires-peuvent-contribuer-a-la-securite-alimentaire-dans-le-monde-responsable-de-la-fao\/","og_locale":"fr_FR","og_type":"article","og_title":"Conf\u00e9rence parlementaire internationale: les parlementaires peuvent contribuer \u00e0 la s\u00e9curit\u00e9 alimentaire dans le monde (responsable de la FAO) - Dpress.ma\/fr","og_description":"Dpress Les parlementaires peuvent contribuer de mani\u00e8re significative \u00e0 la r\u00e9alisation de la s\u00e9curit\u00e9 alimentaire et nutritionnelle \u00e0 l\u2019\u00e9chelle mondiale, nationale et locale, a affirm\u00e9 jeudi \u00e0 Rabat le coordonnateur sp\u00e9cial pour les alliances et les fonds parlementaires \u00e0 la division des partenariats et de la collaboration de l\u2019Organisation des Nations unies pour l\u2019alimentation et &hellip;","og_url":"https:\/\/dpress.ma\/fr\/2022\/07\/08\/conference-parlementaire-internationale-les-parlementaires-peuvent-contribuer-a-la-securite-alimentaire-dans-le-monde-responsable-de-la-fao\/","og_site_name":"Dpress.ma\/fr","article_published_time":"2022-07-08T10:06:21+00:00","article_modified_time":"2022-07-08T10:06:22+00:00","og_image":[{"width":2539,"height":1594,"url":"https:\/\/dpress.ma\/fr\/wp-content\/uploads\/sites\/2\/2022\/07\/FSF.jpg","type":"image\/jpeg"}],"author":"Dpress.ma","twitter_card":"summary_large_image","twitter_misc":{"\u00c9crit par":"Dpress.ma","Dur\u00e9e de lecture estim\u00e9e":"4 minutes"},"schema":{"@context":"https:\/\/schema.org","@graph":[{"@type":"Article","@id":"https:\/\/dpress.ma\/fr\/2022\/07\/08\/conference-parlementaire-internationale-les-parlementaires-peuvent-contribuer-a-la-securite-alimentaire-dans-le-monde-responsable-de-la-fao\/#article","isPartOf":{"@id":"https:\/\/dpress.ma\/fr\/2022\/07\/08\/conference-parlementaire-internationale-les-parlementaires-peuvent-contribuer-a-la-securite-alimentaire-dans-le-monde-responsable-de-la-fao\/"},"author":{"name":"Dpress.ma","@id":"https:\/\/dpress.ma\/fr\/#\/schema\/person\/4898febf3ccd59e6578d838656a306a0"},"headline":"Conf\u00e9rence parlementaire internationale: les parlementaires peuvent contribuer \u00e0 la s\u00e9curit\u00e9 alimentaire dans le monde (responsable de la FAO)","datePublished":"2022-07-08T10:06:21+00:00","dateModified":"2022-07-08T10:06:22+00:00","mainEntityOfPage":{"@id":"https:\/\/dpress.ma\/fr\/2022\/07\/08\/conference-parlementaire-internationale-les-parlementaires-peuvent-contribuer-a-la-securite-alimentaire-dans-le-monde-responsable-de-la-fao\/"},"wordCount":787,"commentCount":0,"image":{"@id":"https:\/\/dpress.ma\/fr\/2022\/07\/08\/conference-parlementaire-internationale-les-parlementaires-peuvent-contribuer-a-la-securite-alimentaire-dans-le-monde-responsable-de-la-fao\/#primaryimage"},"thumbnailUrl":"https:\/\/dpress.ma\/fr\/wp-content\/uploads\/sites\/2\/2022\/07\/FSF.jpg","articleSection":["Diplomatie Parlementaire","Politiques"],"inLanguage":"fr-FR","potentialAction":[{"@type":"CommentAction","name":"Comment","target":["https:\/\/dpress.ma\/fr\/2022\/07\/08\/conference-parlementaire-internationale-les-parlementaires-peuvent-contribuer-a-la-securite-alimentaire-dans-le-monde-responsable-de-la-fao\/#respond"]}]},{"@type":"WebPage","@id":"https:\/\/dpress.ma\/fr\/2022\/07\/08\/conference-parlementaire-internationale-les-parlementaires-peuvent-contribuer-a-la-securite-alimentaire-dans-le-monde-responsable-de-la-fao\/","url":"https:\/\/dpress.ma\/fr\/2022\/07\/08\/conference-parlementaire-internationale-les-parlementaires-peuvent-contribuer-a-la-securite-alimentaire-dans-le-monde-responsable-de-la-fao\/","name":"Conf\u00e9rence parlementaire internationale: les parlementaires peuvent contribuer \u00e0 la s\u00e9curit\u00e9 alimentaire dans le monde (responsable de la FAO) - Dpress.ma\/fr","isPartOf":{"@id":"https:\/\/dpress.ma\/fr\/#website"},"primaryImageOfPage":{"@id":"https:\/\/dpress.ma\/fr\/2022\/07\/08\/conference-parlementaire-internationale-les-parlementaires-peuvent-contribuer-a-la-securite-alimentaire-dans-le-monde-responsable-de-la-fao\/#primaryimage"},"image":{"@id":"https:\/\/dpress.ma\/fr\/2022\/07\/08\/conference-parlementaire-internationale-les-parlementaires-peuvent-contribuer-a-la-securite-alimentaire-dans-le-monde-responsable-de-la-fao\/#primaryimage"},"thumbnailUrl":"https:\/\/dpress.ma\/fr\/wp-content\/uploads\/sites\/2\/2022\/07\/FSF.jpg","datePublished":"2022-07-08T10:06:21+00:00","dateModified":"2022-07-08T10:06:22+00:00","author":{"@id":"https:\/\/dpress.ma\/fr\/#\/schema\/person\/4898febf3ccd59e6578d838656a306a0"},"breadcrumb":{"@id":"https:\/\/dpress.ma\/fr\/2022\/07\/08\/conference-parlementaire-internationale-les-parlementaires-peuvent-contribuer-a-la-securite-alimentaire-dans-le-monde-responsable-de-la-fao\/#breadcrumb"},"inLanguage":"fr-FR","potentialAction":[{"@type":"ReadAction","target":["https:\/\/dpress.ma\/fr\/2022\/07\/08\/conference-parlementaire-internationale-les-parlementaires-peuvent-contribuer-a-la-securite-alimentaire-dans-le-monde-responsable-de-la-fao\/"]}]},{"@type":"ImageObject","inLanguage":"fr-FR","@id":"https:\/\/dpress.ma\/fr\/2022\/07\/08\/conference-parlementaire-internationale-les-parlementaires-peuvent-contribuer-a-la-securite-alimentaire-dans-le-monde-responsable-de-la-fao\/#primaryimage","url":"https:\/\/dpress.ma\/fr\/wp-content\/uploads\/sites\/2\/2022\/07\/FSF.jpg","contentUrl":"https:\/\/dpress.ma\/fr\/wp-content\/uploads\/sites\/2\/2022\/07\/FSF.jpg","width":2539,"height":1594},{"@type":"BreadcrumbList","@id":"https:\/\/dpress.ma\/fr\/2022\/07\/08\/conference-parlementaire-internationale-les-parlementaires-peuvent-contribuer-a-la-securite-alimentaire-dans-le-monde-responsable-de-la-fao\/#breadcrumb","itemListElement":[{"@type":"ListItem","position":1,"name":"Home","item":"https:\/\/dpress.ma\/fr\/"},{"@type":"ListItem","position":2,"name":"Conf\u00e9rence parlementaire internationale: les parlementaires peuvent contribuer \u00e0 la s\u00e9curit\u00e9 alimentaire dans le monde (responsable de la FAO)"}]},{"@type":"WebSite","@id":"https:\/\/dpress.ma\/fr\/#website","url":"https:\/\/dpress.ma\/fr\/","name":"Dpress.ma\/fr","description":"","potentialAction":[{"@type":"SearchAction","target":{"@type":"EntryPoint","urlTemplate":"https:\/\/dpress.ma\/fr\/?s={search_term_string}"},"query-input":{"@type":"PropertyValueSpecification","valueRequired":true,"valueName":"search_term_string"}}],"inLanguage":"fr-FR"},{"@type":"Person","@id":"https:\/\/dpress.ma\/fr\/#\/schema\/person\/4898febf3ccd59e6578d838656a306a0","name":"Dpress.ma","image":{"@type":"ImageObject","inLanguage":"fr-FR","@id":"https:\/\/secure.gravatar.com\/avatar\/72ecc30e9db047a2e0e7176561eb9d564ed77c8108376495b19bd8336405198a?s=96&d=mm&r=g","url":"https:\/\/secure.gravatar.com\/avatar\/72ecc30e9db047a2e0e7176561eb9d564ed77c8108376495b19bd8336405198a?s=96&d=mm&r=g","contentUrl":"https:\/\/secure.gravatar.com\/avatar\/72ecc30e9db047a2e0e7176561eb9d564ed77c8108376495b19bd8336405198a?s=96&d=mm&r=g","caption":"Dpress.ma"},"sameAs":["https:\/\/www.dpress.ma"],"url":"https:\/\/dpress.ma\/fr\/author\/dpress-ma\/"}]}},"amp_enabled":true,"_links":{"self":[{"href":"https:\/\/dpress.ma\/fr\/wp-json\/wp\/v2\/posts\/1838","targetHints":{"allow":["GET"]}}],"collection":[{"href":"https:\/\/dpress.ma\/fr\/wp-json\/wp\/v2\/posts"}],"about":[{"href":"https:\/\/dpress.ma\/fr\/wp-json\/wp\/v2\/types\/post"}],"author":[{"embeddable":true,"href":"https:\/\/dpress.ma\/fr\/wp-json\/wp\/v2\/users\/2"}],"replies":[{"embeddable":true,"href":"https:\/\/dpress.ma\/fr\/wp-json\/wp\/v2\/comments?post=1838"}],"version-history":[{"count":1,"href":"https:\/\/dpress.ma\/fr\/wp-json\/wp\/v2\/posts\/1838\/revisions"}],"predecessor-version":[{"id":1840,"href":"https:\/\/dpress.ma\/fr\/wp-json\/wp\/v2\/posts\/1838\/revisions\/1840"}],"wp:featuredmedia":[{"embeddable":true,"href":"https:\/\/dpress.ma\/fr\/wp-json\/wp\/v2\/media\/1839"}],"wp:attachment":[{"href":"https:\/\/dpress.ma\/fr\/wp-json\/wp\/v2\/media?parent=1838"}],"wp:term":[{"taxonomy":"category","embeddable":true,"href":"https:\/\/dpress.ma\/fr\/wp-json\/wp\/v2\/categories?post=1838"},{"taxonomy":"post_tag","embeddable":true,"href":"https:\/\/dpress.ma\/fr\/wp-json\/wp\/v2\/tags?post=1838"}],"curies":[{"name":"wp","href":"https:\/\/api.w.org\/{rel}","templated":true}]}}