{"id":1836,"date":"2022-07-06T15:56:14","date_gmt":"2022-07-06T15:56:14","guid":{"rendered":"https:\/\/dpress.ma\/fr\/?p=1836"},"modified":"2022-07-06T15:56:16","modified_gmt":"2022-07-06T15:56:16","slug":"10eme-session-du-parlement-global-pour-la-tolerance-et-la-paix-du-13-au-15-juillet-a-rabat-et-dakhla","status":"publish","type":"post","link":"https:\/\/dpress.ma\/fr\/2022\/07\/06\/10eme-session-du-parlement-global-pour-la-tolerance-et-la-paix-du-13-au-15-juillet-a-rabat-et-dakhla\/","title":{"rendered":"10\u00e8me session du Parlement global pour la tol\u00e9rance et la paix du 13 au 15 juillet \u00e0 Rabat et Dakhla"},"content":{"rendered":"\n<p>Dpress<\/p>\n\n\n\n<p>Le Parlement global pour la tol\u00e9rance et la paix tiendra sa 10\u00e8me session du 13 au 15 juillet \u00e0 Rabat et Dakhla, et ce sur invitation de la Chambre des repr\u00e9sentants.<\/p>\n\n\n\n<p>Selon un communiqu\u00e9 de la Chambre des repr\u00e9sentants, cette session, qui conna\u00eetra la participation de plus de 80 parlementaires du monde entier, examinera nombre de sujets relatifs \u00e0 la tol\u00e9rance et \u00e0 la paix et sera sanctionn\u00e9e par un communiqu\u00e9 final.<\/p>\n\n\n\n<p>Lors de cette session, le bureau du Parlement global pour la tol\u00e9rance et la paix tiendra une r\u00e9union outre les r\u00e9unions des commissions internes qui s\u2019int\u00e9ressent au renforcement de la paix, \u00e0 la femme et \u00e0 la jeunesse, aux affaires \u00e9trang\u00e8res, au d\u00e9veloppement durable, aux affaires juridiques et \u00e0 la lutte contre le terrorisme, pr\u00e9cise le communiqu\u00e9.<\/p>\n\n\n\n<p>Le Parlement global pour la tol\u00e9rance et la paix est l\u2019un des parlements internationaux les plus importants, sp\u00e9cialis\u00e9s dans la diffusion des valeurs de tol\u00e9rance et de paix, selon la m\u00eame source.<\/p>\n\n\n\n<p>Il fait partie des instances relevant du Conseil global pour la tol\u00e9rance et la paix (CGTP) qui se veut une organisation internationale soucieuse de consacrer les principes humanitaires nobles et de diffuser les valeurs de tol\u00e9rance et de paix entre les peuples et les pays conform\u00e9ment aux orientations et aux principes des Nations Unies.<\/p>\n","protected":false},"excerpt":{"rendered":"<p>Dpress Le Parlement global pour la tol\u00e9rance et la paix tiendra sa 10\u00e8me session du 13 au 15 juillet \u00e0 Rabat et Dakhla, et ce sur invitation de la Chambre des repr\u00e9sentants. Selon un communiqu\u00e9 de la Chambre des repr\u00e9sentants, cette session, qui conna\u00eetra la participation de plus de 80 parlementaires du monde entier, examinera &hellip;<\/p>\n","protected":false},"author":2,"featured_media":1458,"comment_status":"open","ping_status":"open","sticky":false,"template":"","format":"standard","meta":{"footnotes":""},"categories":[34,26],"tags":[],"class_list":["post-1836","post","type-post","status-publish","format-standard","has-post-thumbnail","hentry","category-diplomatie-parlementaire","category-politiques"],"yoast_head":"<!-- This site is optimized with the Yoast SEO plugin v27.5 - https:\/\/yoast.com\/product\/yoast-seo-wordpress\/ -->\n<title>10\u00e8me session du Parlement global pour la tol\u00e9rance et la paix du 13 au 15 juillet \u00e0 Rabat et Dakhla - Dpress.ma\/fr<\/title>\n<meta name=\"robots\" content=\"index, follow, max-snippet:-1, max-image-preview:large, max-video-preview:-1\" \/>\n<link rel=\"canonical\" href=\"https:\/\/dpress.ma\/fr\/2022\/07\/06\/10eme-session-du-parlement-global-pour-la-tolerance-et-la-paix-du-13-au-15-juillet-a-rabat-et-dakhla\/\" \/>\n<meta property=\"og:locale\" content=\"fr_FR\" \/>\n<meta property=\"og:type\" content=\"article\" \/>\n<meta property=\"og:title\" content=\"10\u00e8me session du Parlement global pour la tol\u00e9rance et la paix du 13 au 15 juillet \u00e0 Rabat et Dakhla - Dpress.ma\/fr\" \/>\n<meta property=\"og:description\" content=\"Dpress Le Parlement global pour la tol\u00e9rance et la paix tiendra sa 10\u00e8me session du 13 au 15 juillet \u00e0 Rabat et Dakhla, et ce sur invitation de la Chambre des repr\u00e9sentants. Selon un communiqu\u00e9 de la Chambre des repr\u00e9sentants, cette session, qui conna\u00eetra la participation de plus de 80 parlementaires du monde entier, examinera &hellip;\" \/>\n<meta property=\"og:url\" content=\"https:\/\/dpress.ma\/fr\/2022\/07\/06\/10eme-session-du-parlement-global-pour-la-tolerance-et-la-paix-du-13-au-15-juillet-a-rabat-et-dakhla\/\" \/>\n<meta property=\"og:site_name\" content=\"Dpress.ma\/fr\" \/>\n<meta property=\"article:published_time\" content=\"2022-07-06T15:56:14+00:00\" \/>\n<meta property=\"article:modified_time\" content=\"2022-07-06T15:56:16+00:00\" \/>\n<meta property=\"og:image\" content=\"https:\/\/dpress.ma\/fr\/wp-content\/uploads\/sites\/2\/2022\/04\/parlement-fr0.jpg\" \/>\n\t<meta property=\"og:image:width\" content=\"2539\" \/>\n\t<meta property=\"og:image:height\" content=\"1594\" \/>\n\t<meta property=\"og:image:type\" content=\"image\/jpeg\" \/>\n<meta name=\"author\" content=\"Dpress.ma\" \/>\n<meta name=\"twitter:card\" content=\"summary_large_image\" \/>\n<meta name=\"twitter:label1\" content=\"\u00c9crit par\" \/>\n\t<meta name=\"twitter:data1\" content=\"Dpress.ma\" \/>\n\t<meta name=\"twitter:label2\" content=\"Dur\u00e9e de lecture estim\u00e9e\" \/>\n\t<meta name=\"twitter:data2\" content=\"2 minutes\" \/>\n<script type=\"application\/ld+json\" class=\"yoast-schema-graph\">{\"@context\":\"https:\\\/\\\/schema.org\",\"@graph\":[{\"@type\":\"Article\",\"@id\":\"https:\\\/\\\/dpress.ma\\\/fr\\\/2022\\\/07\\\/06\\\/10eme-session-du-parlement-global-pour-la-tolerance-et-la-paix-du-13-au-15-juillet-a-rabat-et-dakhla\\\/#article\",\"isPartOf\":{\"@id\":\"https:\\\/\\\/dpress.ma\\\/fr\\\/2022\\\/07\\\/06\\\/10eme-session-du-parlement-global-pour-la-tolerance-et-la-paix-du-13-au-15-juillet-a-rabat-et-dakhla\\\/\"},\"author\":{\"name\":\"Dpress.ma\",\"@id\":\"https:\\\/\\\/dpress.ma\\\/fr\\\/#\\\/schema\\\/person\\\/4898febf3ccd59e6578d838656a306a0\"},\"headline\":\"10\u00e8me session du Parlement global pour la tol\u00e9rance et la paix du 13 au 15 juillet \u00e0 Rabat et Dakhla\",\"datePublished\":\"2022-07-06T15:56:14+00:00\",\"dateModified\":\"2022-07-06T15:56:16+00:00\",\"mainEntityOfPage\":{\"@id\":\"https:\\\/\\\/dpress.ma\\\/fr\\\/2022\\\/07\\\/06\\\/10eme-session-du-parlement-global-pour-la-tolerance-et-la-paix-du-13-au-15-juillet-a-rabat-et-dakhla\\\/\"},\"wordCount\":248,\"commentCount\":0,\"image\":{\"@id\":\"https:\\\/\\\/dpress.ma\\\/fr\\\/2022\\\/07\\\/06\\\/10eme-session-du-parlement-global-pour-la-tolerance-et-la-paix-du-13-au-15-juillet-a-rabat-et-dakhla\\\/#primaryimage\"},\"thumbnailUrl\":\"https:\\\/\\\/dpress.ma\\\/fr\\\/wp-content\\\/uploads\\\/sites\\\/2\\\/2022\\\/04\\\/parlement-fr0.jpg\",\"articleSection\":[\"Diplomatie Parlementaire\",\"Politiques\"],\"inLanguage\":\"fr-FR\",\"potentialAction\":[{\"@type\":\"CommentAction\",\"name\":\"Comment\",\"target\":[\"https:\\\/\\\/dpress.ma\\\/fr\\\/2022\\\/07\\\/06\\\/10eme-session-du-parlement-global-pour-la-tolerance-et-la-paix-du-13-au-15-juillet-a-rabat-et-dakhla\\\/#respond\"]}]},{\"@type\":\"WebPage\",\"@id\":\"https:\\\/\\\/dpress.ma\\\/fr\\\/2022\\\/07\\\/06\\\/10eme-session-du-parlement-global-pour-la-tolerance-et-la-paix-du-13-au-15-juillet-a-rabat-et-dakhla\\\/\",\"url\":\"https:\\\/\\\/dpress.ma\\\/fr\\\/2022\\\/07\\\/06\\\/10eme-session-du-parlement-global-pour-la-tolerance-et-la-paix-du-13-au-15-juillet-a-rabat-et-dakhla\\\/\",\"name\":\"10\u00e8me session du Parlement global pour la tol\u00e9rance et la paix du 13 au 15 juillet \u00e0 Rabat et Dakhla - Dpress.ma\\\/fr\",\"isPartOf\":{\"@id\":\"https:\\\/\\\/dpress.ma\\\/fr\\\/#website\"},\"primaryImageOfPage\":{\"@id\":\"https:\\\/\\\/dpress.ma\\\/fr\\\/2022\\\/07\\\/06\\\/10eme-session-du-parlement-global-pour-la-tolerance-et-la-paix-du-13-au-15-juillet-a-rabat-et-dakhla\\\/#primaryimage\"},\"image\":{\"@id\":\"https:\\\/\\\/dpress.ma\\\/fr\\\/2022\\\/07\\\/06\\\/10eme-session-du-parlement-global-pour-la-tolerance-et-la-paix-du-13-au-15-juillet-a-rabat-et-dakhla\\\/#primaryimage\"},\"thumbnailUrl\":\"https:\\\/\\\/dpress.ma\\\/fr\\\/wp-content\\\/uploads\\\/sites\\\/2\\\/2022\\\/04\\\/parlement-fr0.jpg\",\"datePublished\":\"2022-07-06T15:56:14+00:00\",\"dateModified\":\"2022-07-06T15:56:16+00:00\",\"author\":{\"@id\":\"https:\\\/\\\/dpress.ma\\\/fr\\\/#\\\/schema\\\/person\\\/4898febf3ccd59e6578d838656a306a0\"},\"breadcrumb\":{\"@id\":\"https:\\\/\\\/dpress.ma\\\/fr\\\/2022\\\/07\\\/06\\\/10eme-session-du-parlement-global-pour-la-tolerance-et-la-paix-du-13-au-15-juillet-a-rabat-et-dakhla\\\/#breadcrumb\"},\"inLanguage\":\"fr-FR\",\"potentialAction\":[{\"@type\":\"ReadAction\",\"target\":[\"https:\\\/\\\/dpress.ma\\\/fr\\\/2022\\\/07\\\/06\\\/10eme-session-du-parlement-global-pour-la-tolerance-et-la-paix-du-13-au-15-juillet-a-rabat-et-dakhla\\\/\"]}]},{\"@type\":\"ImageObject\",\"inLanguage\":\"fr-FR\",\"@id\":\"https:\\\/\\\/dpress.ma\\\/fr\\\/2022\\\/07\\\/06\\\/10eme-session-du-parlement-global-pour-la-tolerance-et-la-paix-du-13-au-15-juillet-a-rabat-et-dakhla\\\/#primaryimage\",\"url\":\"https:\\\/\\\/dpress.ma\\\/fr\\\/wp-content\\\/uploads\\\/sites\\\/2\\\/2022\\\/04\\\/parlement-fr0.jpg\",\"contentUrl\":\"https:\\\/\\\/dpress.ma\\\/fr\\\/wp-content\\\/uploads\\\/sites\\\/2\\\/2022\\\/04\\\/parlement-fr0.jpg\",\"width\":2539,\"height\":1594},{\"@type\":\"BreadcrumbList\",\"@id\":\"https:\\\/\\\/dpress.ma\\\/fr\\\/2022\\\/07\\\/06\\\/10eme-session-du-parlement-global-pour-la-tolerance-et-la-paix-du-13-au-15-juillet-a-rabat-et-dakhla\\\/#breadcrumb\",\"itemListElement\":[{\"@type\":\"ListItem\",\"position\":1,\"name\":\"Home\",\"item\":\"https:\\\/\\\/dpress.ma\\\/fr\\\/\"},{\"@type\":\"ListItem\",\"position\":2,\"name\":\"10\u00e8me session du Parlement global pour la tol\u00e9rance et la paix du 13 au 15 juillet \u00e0 Rabat et Dakhla\"}]},{\"@type\":\"WebSite\",\"@id\":\"https:\\\/\\\/dpress.ma\\\/fr\\\/#website\",\"url\":\"https:\\\/\\\/dpress.ma\\\/fr\\\/\",\"name\":\"Dpress.ma\\\/fr\",\"description\":\"\",\"potentialAction\":[{\"@type\":\"SearchAction\",\"target\":{\"@type\":\"EntryPoint\",\"urlTemplate\":\"https:\\\/\\\/dpress.ma\\\/fr\\\/?s={search_term_string}\"},\"query-input\":{\"@type\":\"PropertyValueSpecification\",\"valueRequired\":true,\"valueName\":\"search_term_string\"}}],\"inLanguage\":\"fr-FR\"},{\"@type\":\"Person\",\"@id\":\"https:\\\/\\\/dpress.ma\\\/fr\\\/#\\\/schema\\\/person\\\/4898febf3ccd59e6578d838656a306a0\",\"name\":\"Dpress.ma\",\"image\":{\"@type\":\"ImageObject\",\"inLanguage\":\"fr-FR\",\"@id\":\"https:\\\/\\\/secure.gravatar.com\\\/avatar\\\/72ecc30e9db047a2e0e7176561eb9d564ed77c8108376495b19bd8336405198a?s=96&d=mm&r=g\",\"url\":\"https:\\\/\\\/secure.gravatar.com\\\/avatar\\\/72ecc30e9db047a2e0e7176561eb9d564ed77c8108376495b19bd8336405198a?s=96&d=mm&r=g\",\"contentUrl\":\"https:\\\/\\\/secure.gravatar.com\\\/avatar\\\/72ecc30e9db047a2e0e7176561eb9d564ed77c8108376495b19bd8336405198a?s=96&d=mm&r=g\",\"caption\":\"Dpress.ma\"},\"sameAs\":[\"https:\\\/\\\/www.dpress.ma\"],\"url\":\"https:\\\/\\\/dpress.ma\\\/fr\\\/author\\\/dpress-ma\\\/\"}]}<\/script>\n<!-- \/ Yoast SEO plugin. -->","yoast_head_json":{"title":"10\u00e8me session du Parlement global pour la tol\u00e9rance et la paix du 13 au 15 juillet \u00e0 Rabat et Dakhla - Dpress.ma\/fr","robots":{"index":"index","follow":"follow","max-snippet":"max-snippet:-1","max-image-preview":"max-image-preview:large","max-video-preview":"max-video-preview:-1"},"canonical":"https:\/\/dpress.ma\/fr\/2022\/07\/06\/10eme-session-du-parlement-global-pour-la-tolerance-et-la-paix-du-13-au-15-juillet-a-rabat-et-dakhla\/","og_locale":"fr_FR","og_type":"article","og_title":"10\u00e8me session du Parlement global pour la tol\u00e9rance et la paix du 13 au 15 juillet \u00e0 Rabat et Dakhla - Dpress.ma\/fr","og_description":"Dpress Le Parlement global pour la tol\u00e9rance et la paix tiendra sa 10\u00e8me session du 13 au 15 juillet \u00e0 Rabat et Dakhla, et ce sur invitation de la Chambre des repr\u00e9sentants. Selon un communiqu\u00e9 de la Chambre des repr\u00e9sentants, cette session, qui conna\u00eetra la participation de plus de 80 parlementaires du monde entier, examinera &hellip;","og_url":"https:\/\/dpress.ma\/fr\/2022\/07\/06\/10eme-session-du-parlement-global-pour-la-tolerance-et-la-paix-du-13-au-15-juillet-a-rabat-et-dakhla\/","og_site_name":"Dpress.ma\/fr","article_published_time":"2022-07-06T15:56:14+00:00","article_modified_time":"2022-07-06T15:56:16+00:00","og_image":[{"width":2539,"height":1594,"url":"https:\/\/dpress.ma\/fr\/wp-content\/uploads\/sites\/2\/2022\/04\/parlement-fr0.jpg","type":"image\/jpeg"}],"author":"Dpress.ma","twitter_card":"summary_large_image","twitter_misc":{"\u00c9crit par":"Dpress.ma","Dur\u00e9e de lecture estim\u00e9e":"2 minutes"},"schema":{"@context":"https:\/\/schema.org","@graph":[{"@type":"Article","@id":"https:\/\/dpress.ma\/fr\/2022\/07\/06\/10eme-session-du-parlement-global-pour-la-tolerance-et-la-paix-du-13-au-15-juillet-a-rabat-et-dakhla\/#article","isPartOf":{"@id":"https:\/\/dpress.ma\/fr\/2022\/07\/06\/10eme-session-du-parlement-global-pour-la-tolerance-et-la-paix-du-13-au-15-juillet-a-rabat-et-dakhla\/"},"author":{"name":"Dpress.ma","@id":"https:\/\/dpress.ma\/fr\/#\/schema\/person\/4898febf3ccd59e6578d838656a306a0"},"headline":"10\u00e8me session du Parlement global pour la tol\u00e9rance et la paix du 13 au 15 juillet \u00e0 Rabat et Dakhla","datePublished":"2022-07-06T15:56:14+00:00","dateModified":"2022-07-06T15:56:16+00:00","mainEntityOfPage":{"@id":"https:\/\/dpress.ma\/fr\/2022\/07\/06\/10eme-session-du-parlement-global-pour-la-tolerance-et-la-paix-du-13-au-15-juillet-a-rabat-et-dakhla\/"},"wordCount":248,"commentCount":0,"image":{"@id":"https:\/\/dpress.ma\/fr\/2022\/07\/06\/10eme-session-du-parlement-global-pour-la-tolerance-et-la-paix-du-13-au-15-juillet-a-rabat-et-dakhla\/#primaryimage"},"thumbnailUrl":"https:\/\/dpress.ma\/fr\/wp-content\/uploads\/sites\/2\/2022\/04\/parlement-fr0.jpg","articleSection":["Diplomatie Parlementaire","Politiques"],"inLanguage":"fr-FR","potentialAction":[{"@type":"CommentAction","name":"Comment","target":["https:\/\/dpress.ma\/fr\/2022\/07\/06\/10eme-session-du-parlement-global-pour-la-tolerance-et-la-paix-du-13-au-15-juillet-a-rabat-et-dakhla\/#respond"]}]},{"@type":"WebPage","@id":"https:\/\/dpress.ma\/fr\/2022\/07\/06\/10eme-session-du-parlement-global-pour-la-tolerance-et-la-paix-du-13-au-15-juillet-a-rabat-et-dakhla\/","url":"https:\/\/dpress.ma\/fr\/2022\/07\/06\/10eme-session-du-parlement-global-pour-la-tolerance-et-la-paix-du-13-au-15-juillet-a-rabat-et-dakhla\/","name":"10\u00e8me session du Parlement global pour la tol\u00e9rance et la paix du 13 au 15 juillet \u00e0 Rabat et Dakhla - Dpress.ma\/fr","isPartOf":{"@id":"https:\/\/dpress.ma\/fr\/#website"},"primaryImageOfPage":{"@id":"https:\/\/dpress.ma\/fr\/2022\/07\/06\/10eme-session-du-parlement-global-pour-la-tolerance-et-la-paix-du-13-au-15-juillet-a-rabat-et-dakhla\/#primaryimage"},"image":{"@id":"https:\/\/dpress.ma\/fr\/2022\/07\/06\/10eme-session-du-parlement-global-pour-la-tolerance-et-la-paix-du-13-au-15-juillet-a-rabat-et-dakhla\/#primaryimage"},"thumbnailUrl":"https:\/\/dpress.ma\/fr\/wp-content\/uploads\/sites\/2\/2022\/04\/parlement-fr0.jpg","datePublished":"2022-07-06T15:56:14+00:00","dateModified":"2022-07-06T15:56:16+00:00","author":{"@id":"https:\/\/dpress.ma\/fr\/#\/schema\/person\/4898febf3ccd59e6578d838656a306a0"},"breadcrumb":{"@id":"https:\/\/dpress.ma\/fr\/2022\/07\/06\/10eme-session-du-parlement-global-pour-la-tolerance-et-la-paix-du-13-au-15-juillet-a-rabat-et-dakhla\/#breadcrumb"},"inLanguage":"fr-FR","potentialAction":[{"@type":"ReadAction","target":["https:\/\/dpress.ma\/fr\/2022\/07\/06\/10eme-session-du-parlement-global-pour-la-tolerance-et-la-paix-du-13-au-15-juillet-a-rabat-et-dakhla\/"]}]},{"@type":"ImageObject","inLanguage":"fr-FR","@id":"https:\/\/dpress.ma\/fr\/2022\/07\/06\/10eme-session-du-parlement-global-pour-la-tolerance-et-la-paix-du-13-au-15-juillet-a-rabat-et-dakhla\/#primaryimage","url":"https:\/\/dpress.ma\/fr\/wp-content\/uploads\/sites\/2\/2022\/04\/parlement-fr0.jpg","contentUrl":"https:\/\/dpress.ma\/fr\/wp-content\/uploads\/sites\/2\/2022\/04\/parlement-fr0.jpg","width":2539,"height":1594},{"@type":"BreadcrumbList","@id":"https:\/\/dpress.ma\/fr\/2022\/07\/06\/10eme-session-du-parlement-global-pour-la-tolerance-et-la-paix-du-13-au-15-juillet-a-rabat-et-dakhla\/#breadcrumb","itemListElement":[{"@type":"ListItem","position":1,"name":"Home","item":"https:\/\/dpress.ma\/fr\/"},{"@type":"ListItem","position":2,"name":"10\u00e8me session du Parlement global pour la tol\u00e9rance et la paix du 13 au 15 juillet \u00e0 Rabat et Dakhla"}]},{"@type":"WebSite","@id":"https:\/\/dpress.ma\/fr\/#website","url":"https:\/\/dpress.ma\/fr\/","name":"Dpress.ma\/fr","description":"","potentialAction":[{"@type":"SearchAction","target":{"@type":"EntryPoint","urlTemplate":"https:\/\/dpress.ma\/fr\/?s={search_term_string}"},"query-input":{"@type":"PropertyValueSpecification","valueRequired":true,"valueName":"search_term_string"}}],"inLanguage":"fr-FR"},{"@type":"Person","@id":"https:\/\/dpress.ma\/fr\/#\/schema\/person\/4898febf3ccd59e6578d838656a306a0","name":"Dpress.ma","image":{"@type":"ImageObject","inLanguage":"fr-FR","@id":"https:\/\/secure.gravatar.com\/avatar\/72ecc30e9db047a2e0e7176561eb9d564ed77c8108376495b19bd8336405198a?s=96&d=mm&r=g","url":"https:\/\/secure.gravatar.com\/avatar\/72ecc30e9db047a2e0e7176561eb9d564ed77c8108376495b19bd8336405198a?s=96&d=mm&r=g","contentUrl":"https:\/\/secure.gravatar.com\/avatar\/72ecc30e9db047a2e0e7176561eb9d564ed77c8108376495b19bd8336405198a?s=96&d=mm&r=g","caption":"Dpress.ma"},"sameAs":["https:\/\/www.dpress.ma"],"url":"https:\/\/dpress.ma\/fr\/author\/dpress-ma\/"}]}},"amp_enabled":true,"_links":{"self":[{"href":"https:\/\/dpress.ma\/fr\/wp-json\/wp\/v2\/posts\/1836","targetHints":{"allow":["GET"]}}],"collection":[{"href":"https:\/\/dpress.ma\/fr\/wp-json\/wp\/v2\/posts"}],"about":[{"href":"https:\/\/dpress.ma\/fr\/wp-json\/wp\/v2\/types\/post"}],"author":[{"embeddable":true,"href":"https:\/\/dpress.ma\/fr\/wp-json\/wp\/v2\/users\/2"}],"replies":[{"embeddable":true,"href":"https:\/\/dpress.ma\/fr\/wp-json\/wp\/v2\/comments?post=1836"}],"version-history":[{"count":1,"href":"https:\/\/dpress.ma\/fr\/wp-json\/wp\/v2\/posts\/1836\/revisions"}],"predecessor-version":[{"id":1837,"href":"https:\/\/dpress.ma\/fr\/wp-json\/wp\/v2\/posts\/1836\/revisions\/1837"}],"wp:featuredmedia":[{"embeddable":true,"href":"https:\/\/dpress.ma\/fr\/wp-json\/wp\/v2\/media\/1458"}],"wp:attachment":[{"href":"https:\/\/dpress.ma\/fr\/wp-json\/wp\/v2\/media?parent=1836"}],"wp:term":[{"taxonomy":"category","embeddable":true,"href":"https:\/\/dpress.ma\/fr\/wp-json\/wp\/v2\/categories?post=1836"},{"taxonomy":"post_tag","embeddable":true,"href":"https:\/\/dpress.ma\/fr\/wp-json\/wp\/v2\/tags?post=1836"}],"curies":[{"name":"wp","href":"https:\/\/api.w.org\/{rel}","templated":true}]}}