{"id":1833,"date":"2022-07-06T14:56:57","date_gmt":"2022-07-06T14:56:57","guid":{"rendered":"https:\/\/dpress.ma\/fr\/?p=1833"},"modified":"2022-07-06T14:56:59","modified_gmt":"2022-07-06T14:56:59","slug":"les-pays-andins-veulent-beneficier-de-lexperience-du-maroc-en-matiere-denergies-renouvelables-president-du-parlement-andin","status":"publish","type":"post","link":"https:\/\/dpress.ma\/fr\/2022\/07\/06\/les-pays-andins-veulent-beneficier-de-lexperience-du-maroc-en-matiere-denergies-renouvelables-president-du-parlement-andin\/","title":{"rendered":"Les pays andins veulent b\u00e9n\u00e9ficier de l\u2019exp\u00e9rience du Maroc en mati\u00e8re d\u2019\u00e9nergies renouvelables (Pr\u00e9sident du Parlement andin)"},"content":{"rendered":"\n<p>Dpress<\/p>\n\n\n\n<p>Les pays andins veulent tirer profit de l\u2019exp\u00e9rience du Royaume du Maroc en mati\u00e8re d\u2019\u00e9nergies renouvelables, a affirm\u00e9, mercredi \u00e0 Rabat, le pr\u00e9sident du Parlement andin, Fidel Espinoza Sandoval.<\/p>\n\n\n\n<p>Les pays andins veulent profiter de l\u2019exp\u00e9rience et de l\u2019expertise du Maroc, notamment en mati\u00e8re des technologies d\u00e9di\u00e9es aux \u00e9nergies renouvelables et au dessalement, a d\u00e9clar\u00e9 \u00e0 la presse le responsable andin, \u00e0 l\u2019issue de ses entretiens avec le ministre des Affaires \u00e9trang\u00e8res, de la Coop\u00e9ration africaine et des Marocains r\u00e9sidant \u00e0 l\u2019\u00e9tranger, M. Nasser Bourita, soulignant que ces technologies \u201cseraient tr\u00e8s utiles pour nos pays\u201d.<\/p>\n\n\n\n<p>Mettant l\u2019accent sur l\u2019importance de la coop\u00e9ration Sud-Sud, qui constitue l\u2019une des priorit\u00e9s de l\u2019action du Parlement andin, M. Espinoza Sandoval a soulign\u00e9 que le Royaume et les Etats membres de cette organisation r\u00e9gionale sont appel\u00e9s \u00e0 envisager la signature d\u2019un accord de libre-\u00e9change afin de booster davantage la coop\u00e9ration \u00e9conomique entre les deux parties, notamment dans des domaines tels que l\u2019extraction mini\u00e8re et la sylviculture.<\/p>\n\n\n\n<p>Il a relev\u00e9, dans ce sens, que les parlements marocain et andin vont pr\u00e9senter prochainement un plan d\u2019action destin\u00e9 \u00e0 renforcer les liens bilat\u00e9raux en mati\u00e8re de coop\u00e9ration \u00e9conomique.<\/p>\n\n\n\n<p>\u201cLe progr\u00e8s que connaissent les diff\u00e9rentes r\u00e9gions du Maroc t\u00e9moigne clairement de la volont\u00e9 de SM le Roi Mohammed VI de promouvoir le d\u00e9veloppement du capital mat\u00e9riel et humain du Royaume\u201d, a, en outre, soutenu M. Espinoza Sandoval, ajoutant que les pays andins sont d\u00e9sireux de tirer profit de l\u2019exp\u00e9rience marocaine dans ce domaine.<\/p>\n","protected":false},"excerpt":{"rendered":"<p>Dpress Les pays andins veulent tirer profit de l\u2019exp\u00e9rience du Royaume du Maroc en mati\u00e8re d\u2019\u00e9nergies renouvelables, a affirm\u00e9, mercredi \u00e0 Rabat, le pr\u00e9sident du Parlement andin, Fidel Espinoza Sandoval. Les pays andins veulent profiter de l\u2019exp\u00e9rience et de l\u2019expertise du Maroc, notamment en mati\u00e8re des technologies d\u00e9di\u00e9es aux \u00e9nergies renouvelables et au dessalement, a &hellip;<\/p>\n","protected":false},"author":2,"featured_media":1834,"comment_status":"open","ping_status":"open","sticky":false,"template":"","format":"standard","meta":{"footnotes":""},"categories":[34,26],"tags":[],"class_list":["post-1833","post","type-post","status-publish","format-standard","has-post-thumbnail","hentry","category-diplomatie-parlementaire","category-politiques"],"yoast_head":"<!-- This site is optimized with the Yoast SEO plugin v27.5 - https:\/\/yoast.com\/product\/yoast-seo-wordpress\/ -->\n<title>Les pays andins veulent b\u00e9n\u00e9ficier de l\u2019exp\u00e9rience du Maroc en mati\u00e8re d\u2019\u00e9nergies renouvelables (Pr\u00e9sident du Parlement andin) - Dpress.ma\/fr<\/title>\n<meta name=\"robots\" content=\"index, follow, max-snippet:-1, max-image-preview:large, max-video-preview:-1\" \/>\n<link rel=\"canonical\" href=\"https:\/\/dpress.ma\/fr\/2022\/07\/06\/les-pays-andins-veulent-beneficier-de-lexperience-du-maroc-en-matiere-denergies-renouvelables-president-du-parlement-andin\/\" \/>\n<meta property=\"og:locale\" content=\"fr_FR\" \/>\n<meta property=\"og:type\" content=\"article\" \/>\n<meta property=\"og:title\" content=\"Les pays andins veulent b\u00e9n\u00e9ficier de l\u2019exp\u00e9rience du Maroc en mati\u00e8re d\u2019\u00e9nergies renouvelables (Pr\u00e9sident du Parlement andin) - Dpress.ma\/fr\" \/>\n<meta property=\"og:description\" content=\"Dpress Les pays andins veulent tirer profit de l\u2019exp\u00e9rience du Royaume du Maroc en mati\u00e8re d\u2019\u00e9nergies renouvelables, a affirm\u00e9, mercredi \u00e0 Rabat, le pr\u00e9sident du Parlement andin, Fidel Espinoza Sandoval. Les pays andins veulent profiter de l\u2019exp\u00e9rience et de l\u2019expertise du Maroc, notamment en mati\u00e8re des technologies d\u00e9di\u00e9es aux \u00e9nergies renouvelables et au dessalement, a &hellip;\" \/>\n<meta property=\"og:url\" content=\"https:\/\/dpress.ma\/fr\/2022\/07\/06\/les-pays-andins-veulent-beneficier-de-lexperience-du-maroc-en-matiere-denergies-renouvelables-president-du-parlement-andin\/\" \/>\n<meta property=\"og:site_name\" content=\"Dpress.ma\/fr\" \/>\n<meta property=\"article:published_time\" content=\"2022-07-06T14:56:57+00:00\" \/>\n<meta property=\"article:modified_time\" content=\"2022-07-06T14:56:59+00:00\" \/>\n<meta property=\"og:image\" content=\"https:\/\/dpress.ma\/fr\/wp-content\/uploads\/sites\/2\/2022\/07\/gdg.jpg\" \/>\n\t<meta property=\"og:image:width\" content=\"2539\" \/>\n\t<meta property=\"og:image:height\" content=\"1594\" \/>\n\t<meta property=\"og:image:type\" content=\"image\/jpeg\" \/>\n<meta name=\"author\" content=\"Dpress.ma\" \/>\n<meta name=\"twitter:card\" content=\"summary_large_image\" \/>\n<meta name=\"twitter:label1\" content=\"\u00c9crit par\" \/>\n\t<meta name=\"twitter:data1\" content=\"Dpress.ma\" \/>\n\t<meta name=\"twitter:label2\" content=\"Dur\u00e9e de lecture estim\u00e9e\" \/>\n\t<meta name=\"twitter:data2\" content=\"2 minutes\" \/>\n<script type=\"application\/ld+json\" class=\"yoast-schema-graph\">{\"@context\":\"https:\\\/\\\/schema.org\",\"@graph\":[{\"@type\":\"Article\",\"@id\":\"https:\\\/\\\/dpress.ma\\\/fr\\\/2022\\\/07\\\/06\\\/les-pays-andins-veulent-beneficier-de-lexperience-du-maroc-en-matiere-denergies-renouvelables-president-du-parlement-andin\\\/#article\",\"isPartOf\":{\"@id\":\"https:\\\/\\\/dpress.ma\\\/fr\\\/2022\\\/07\\\/06\\\/les-pays-andins-veulent-beneficier-de-lexperience-du-maroc-en-matiere-denergies-renouvelables-president-du-parlement-andin\\\/\"},\"author\":{\"name\":\"Dpress.ma\",\"@id\":\"https:\\\/\\\/dpress.ma\\\/fr\\\/#\\\/schema\\\/person\\\/4898febf3ccd59e6578d838656a306a0\"},\"headline\":\"Les pays andins veulent b\u00e9n\u00e9ficier de l\u2019exp\u00e9rience du Maroc en mati\u00e8re d\u2019\u00e9nergies renouvelables (Pr\u00e9sident du Parlement andin)\",\"datePublished\":\"2022-07-06T14:56:57+00:00\",\"dateModified\":\"2022-07-06T14:56:59+00:00\",\"mainEntityOfPage\":{\"@id\":\"https:\\\/\\\/dpress.ma\\\/fr\\\/2022\\\/07\\\/06\\\/les-pays-andins-veulent-beneficier-de-lexperience-du-maroc-en-matiere-denergies-renouvelables-president-du-parlement-andin\\\/\"},\"wordCount\":308,\"commentCount\":0,\"image\":{\"@id\":\"https:\\\/\\\/dpress.ma\\\/fr\\\/2022\\\/07\\\/06\\\/les-pays-andins-veulent-beneficier-de-lexperience-du-maroc-en-matiere-denergies-renouvelables-president-du-parlement-andin\\\/#primaryimage\"},\"thumbnailUrl\":\"https:\\\/\\\/dpress.ma\\\/fr\\\/wp-content\\\/uploads\\\/sites\\\/2\\\/2022\\\/07\\\/gdg.jpg\",\"articleSection\":[\"Diplomatie Parlementaire\",\"Politiques\"],\"inLanguage\":\"fr-FR\",\"potentialAction\":[{\"@type\":\"CommentAction\",\"name\":\"Comment\",\"target\":[\"https:\\\/\\\/dpress.ma\\\/fr\\\/2022\\\/07\\\/06\\\/les-pays-andins-veulent-beneficier-de-lexperience-du-maroc-en-matiere-denergies-renouvelables-president-du-parlement-andin\\\/#respond\"]}]},{\"@type\":\"WebPage\",\"@id\":\"https:\\\/\\\/dpress.ma\\\/fr\\\/2022\\\/07\\\/06\\\/les-pays-andins-veulent-beneficier-de-lexperience-du-maroc-en-matiere-denergies-renouvelables-president-du-parlement-andin\\\/\",\"url\":\"https:\\\/\\\/dpress.ma\\\/fr\\\/2022\\\/07\\\/06\\\/les-pays-andins-veulent-beneficier-de-lexperience-du-maroc-en-matiere-denergies-renouvelables-president-du-parlement-andin\\\/\",\"name\":\"Les pays andins veulent b\u00e9n\u00e9ficier de l\u2019exp\u00e9rience du Maroc en mati\u00e8re d\u2019\u00e9nergies renouvelables (Pr\u00e9sident du Parlement andin) - Dpress.ma\\\/fr\",\"isPartOf\":{\"@id\":\"https:\\\/\\\/dpress.ma\\\/fr\\\/#website\"},\"primaryImageOfPage\":{\"@id\":\"https:\\\/\\\/dpress.ma\\\/fr\\\/2022\\\/07\\\/06\\\/les-pays-andins-veulent-beneficier-de-lexperience-du-maroc-en-matiere-denergies-renouvelables-president-du-parlement-andin\\\/#primaryimage\"},\"image\":{\"@id\":\"https:\\\/\\\/dpress.ma\\\/fr\\\/2022\\\/07\\\/06\\\/les-pays-andins-veulent-beneficier-de-lexperience-du-maroc-en-matiere-denergies-renouvelables-president-du-parlement-andin\\\/#primaryimage\"},\"thumbnailUrl\":\"https:\\\/\\\/dpress.ma\\\/fr\\\/wp-content\\\/uploads\\\/sites\\\/2\\\/2022\\\/07\\\/gdg.jpg\",\"datePublished\":\"2022-07-06T14:56:57+00:00\",\"dateModified\":\"2022-07-06T14:56:59+00:00\",\"author\":{\"@id\":\"https:\\\/\\\/dpress.ma\\\/fr\\\/#\\\/schema\\\/person\\\/4898febf3ccd59e6578d838656a306a0\"},\"breadcrumb\":{\"@id\":\"https:\\\/\\\/dpress.ma\\\/fr\\\/2022\\\/07\\\/06\\\/les-pays-andins-veulent-beneficier-de-lexperience-du-maroc-en-matiere-denergies-renouvelables-president-du-parlement-andin\\\/#breadcrumb\"},\"inLanguage\":\"fr-FR\",\"potentialAction\":[{\"@type\":\"ReadAction\",\"target\":[\"https:\\\/\\\/dpress.ma\\\/fr\\\/2022\\\/07\\\/06\\\/les-pays-andins-veulent-beneficier-de-lexperience-du-maroc-en-matiere-denergies-renouvelables-president-du-parlement-andin\\\/\"]}]},{\"@type\":\"ImageObject\",\"inLanguage\":\"fr-FR\",\"@id\":\"https:\\\/\\\/dpress.ma\\\/fr\\\/2022\\\/07\\\/06\\\/les-pays-andins-veulent-beneficier-de-lexperience-du-maroc-en-matiere-denergies-renouvelables-president-du-parlement-andin\\\/#primaryimage\",\"url\":\"https:\\\/\\\/dpress.ma\\\/fr\\\/wp-content\\\/uploads\\\/sites\\\/2\\\/2022\\\/07\\\/gdg.jpg\",\"contentUrl\":\"https:\\\/\\\/dpress.ma\\\/fr\\\/wp-content\\\/uploads\\\/sites\\\/2\\\/2022\\\/07\\\/gdg.jpg\",\"width\":2539,\"height\":1594},{\"@type\":\"BreadcrumbList\",\"@id\":\"https:\\\/\\\/dpress.ma\\\/fr\\\/2022\\\/07\\\/06\\\/les-pays-andins-veulent-beneficier-de-lexperience-du-maroc-en-matiere-denergies-renouvelables-president-du-parlement-andin\\\/#breadcrumb\",\"itemListElement\":[{\"@type\":\"ListItem\",\"position\":1,\"name\":\"Home\",\"item\":\"https:\\\/\\\/dpress.ma\\\/fr\\\/\"},{\"@type\":\"ListItem\",\"position\":2,\"name\":\"Les pays andins veulent b\u00e9n\u00e9ficier de l\u2019exp\u00e9rience du Maroc en mati\u00e8re d\u2019\u00e9nergies renouvelables (Pr\u00e9sident du Parlement andin)\"}]},{\"@type\":\"WebSite\",\"@id\":\"https:\\\/\\\/dpress.ma\\\/fr\\\/#website\",\"url\":\"https:\\\/\\\/dpress.ma\\\/fr\\\/\",\"name\":\"Dpress.ma\\\/fr\",\"description\":\"\",\"potentialAction\":[{\"@type\":\"SearchAction\",\"target\":{\"@type\":\"EntryPoint\",\"urlTemplate\":\"https:\\\/\\\/dpress.ma\\\/fr\\\/?s={search_term_string}\"},\"query-input\":{\"@type\":\"PropertyValueSpecification\",\"valueRequired\":true,\"valueName\":\"search_term_string\"}}],\"inLanguage\":\"fr-FR\"},{\"@type\":\"Person\",\"@id\":\"https:\\\/\\\/dpress.ma\\\/fr\\\/#\\\/schema\\\/person\\\/4898febf3ccd59e6578d838656a306a0\",\"name\":\"Dpress.ma\",\"image\":{\"@type\":\"ImageObject\",\"inLanguage\":\"fr-FR\",\"@id\":\"https:\\\/\\\/secure.gravatar.com\\\/avatar\\\/72ecc30e9db047a2e0e7176561eb9d564ed77c8108376495b19bd8336405198a?s=96&d=mm&r=g\",\"url\":\"https:\\\/\\\/secure.gravatar.com\\\/avatar\\\/72ecc30e9db047a2e0e7176561eb9d564ed77c8108376495b19bd8336405198a?s=96&d=mm&r=g\",\"contentUrl\":\"https:\\\/\\\/secure.gravatar.com\\\/avatar\\\/72ecc30e9db047a2e0e7176561eb9d564ed77c8108376495b19bd8336405198a?s=96&d=mm&r=g\",\"caption\":\"Dpress.ma\"},\"sameAs\":[\"https:\\\/\\\/www.dpress.ma\"],\"url\":\"https:\\\/\\\/dpress.ma\\\/fr\\\/author\\\/dpress-ma\\\/\"}]}<\/script>\n<!-- \/ Yoast SEO plugin. -->","yoast_head_json":{"title":"Les pays andins veulent b\u00e9n\u00e9ficier de l\u2019exp\u00e9rience du Maroc en mati\u00e8re d\u2019\u00e9nergies renouvelables (Pr\u00e9sident du Parlement andin) - Dpress.ma\/fr","robots":{"index":"index","follow":"follow","max-snippet":"max-snippet:-1","max-image-preview":"max-image-preview:large","max-video-preview":"max-video-preview:-1"},"canonical":"https:\/\/dpress.ma\/fr\/2022\/07\/06\/les-pays-andins-veulent-beneficier-de-lexperience-du-maroc-en-matiere-denergies-renouvelables-president-du-parlement-andin\/","og_locale":"fr_FR","og_type":"article","og_title":"Les pays andins veulent b\u00e9n\u00e9ficier de l\u2019exp\u00e9rience du Maroc en mati\u00e8re d\u2019\u00e9nergies renouvelables (Pr\u00e9sident du Parlement andin) - Dpress.ma\/fr","og_description":"Dpress Les pays andins veulent tirer profit de l\u2019exp\u00e9rience du Royaume du Maroc en mati\u00e8re d\u2019\u00e9nergies renouvelables, a affirm\u00e9, mercredi \u00e0 Rabat, le pr\u00e9sident du Parlement andin, Fidel Espinoza Sandoval. Les pays andins veulent profiter de l\u2019exp\u00e9rience et de l\u2019expertise du Maroc, notamment en mati\u00e8re des technologies d\u00e9di\u00e9es aux \u00e9nergies renouvelables et au dessalement, a &hellip;","og_url":"https:\/\/dpress.ma\/fr\/2022\/07\/06\/les-pays-andins-veulent-beneficier-de-lexperience-du-maroc-en-matiere-denergies-renouvelables-president-du-parlement-andin\/","og_site_name":"Dpress.ma\/fr","article_published_time":"2022-07-06T14:56:57+00:00","article_modified_time":"2022-07-06T14:56:59+00:00","og_image":[{"width":2539,"height":1594,"url":"https:\/\/dpress.ma\/fr\/wp-content\/uploads\/sites\/2\/2022\/07\/gdg.jpg","type":"image\/jpeg"}],"author":"Dpress.ma","twitter_card":"summary_large_image","twitter_misc":{"\u00c9crit par":"Dpress.ma","Dur\u00e9e de lecture estim\u00e9e":"2 minutes"},"schema":{"@context":"https:\/\/schema.org","@graph":[{"@type":"Article","@id":"https:\/\/dpress.ma\/fr\/2022\/07\/06\/les-pays-andins-veulent-beneficier-de-lexperience-du-maroc-en-matiere-denergies-renouvelables-president-du-parlement-andin\/#article","isPartOf":{"@id":"https:\/\/dpress.ma\/fr\/2022\/07\/06\/les-pays-andins-veulent-beneficier-de-lexperience-du-maroc-en-matiere-denergies-renouvelables-president-du-parlement-andin\/"},"author":{"name":"Dpress.ma","@id":"https:\/\/dpress.ma\/fr\/#\/schema\/person\/4898febf3ccd59e6578d838656a306a0"},"headline":"Les pays andins veulent b\u00e9n\u00e9ficier de l\u2019exp\u00e9rience du Maroc en mati\u00e8re d\u2019\u00e9nergies renouvelables (Pr\u00e9sident du Parlement andin)","datePublished":"2022-07-06T14:56:57+00:00","dateModified":"2022-07-06T14:56:59+00:00","mainEntityOfPage":{"@id":"https:\/\/dpress.ma\/fr\/2022\/07\/06\/les-pays-andins-veulent-beneficier-de-lexperience-du-maroc-en-matiere-denergies-renouvelables-president-du-parlement-andin\/"},"wordCount":308,"commentCount":0,"image":{"@id":"https:\/\/dpress.ma\/fr\/2022\/07\/06\/les-pays-andins-veulent-beneficier-de-lexperience-du-maroc-en-matiere-denergies-renouvelables-president-du-parlement-andin\/#primaryimage"},"thumbnailUrl":"https:\/\/dpress.ma\/fr\/wp-content\/uploads\/sites\/2\/2022\/07\/gdg.jpg","articleSection":["Diplomatie Parlementaire","Politiques"],"inLanguage":"fr-FR","potentialAction":[{"@type":"CommentAction","name":"Comment","target":["https:\/\/dpress.ma\/fr\/2022\/07\/06\/les-pays-andins-veulent-beneficier-de-lexperience-du-maroc-en-matiere-denergies-renouvelables-president-du-parlement-andin\/#respond"]}]},{"@type":"WebPage","@id":"https:\/\/dpress.ma\/fr\/2022\/07\/06\/les-pays-andins-veulent-beneficier-de-lexperience-du-maroc-en-matiere-denergies-renouvelables-president-du-parlement-andin\/","url":"https:\/\/dpress.ma\/fr\/2022\/07\/06\/les-pays-andins-veulent-beneficier-de-lexperience-du-maroc-en-matiere-denergies-renouvelables-president-du-parlement-andin\/","name":"Les pays andins veulent b\u00e9n\u00e9ficier de l\u2019exp\u00e9rience du Maroc en mati\u00e8re d\u2019\u00e9nergies renouvelables (Pr\u00e9sident du Parlement andin) - Dpress.ma\/fr","isPartOf":{"@id":"https:\/\/dpress.ma\/fr\/#website"},"primaryImageOfPage":{"@id":"https:\/\/dpress.ma\/fr\/2022\/07\/06\/les-pays-andins-veulent-beneficier-de-lexperience-du-maroc-en-matiere-denergies-renouvelables-president-du-parlement-andin\/#primaryimage"},"image":{"@id":"https:\/\/dpress.ma\/fr\/2022\/07\/06\/les-pays-andins-veulent-beneficier-de-lexperience-du-maroc-en-matiere-denergies-renouvelables-president-du-parlement-andin\/#primaryimage"},"thumbnailUrl":"https:\/\/dpress.ma\/fr\/wp-content\/uploads\/sites\/2\/2022\/07\/gdg.jpg","datePublished":"2022-07-06T14:56:57+00:00","dateModified":"2022-07-06T14:56:59+00:00","author":{"@id":"https:\/\/dpress.ma\/fr\/#\/schema\/person\/4898febf3ccd59e6578d838656a306a0"},"breadcrumb":{"@id":"https:\/\/dpress.ma\/fr\/2022\/07\/06\/les-pays-andins-veulent-beneficier-de-lexperience-du-maroc-en-matiere-denergies-renouvelables-president-du-parlement-andin\/#breadcrumb"},"inLanguage":"fr-FR","potentialAction":[{"@type":"ReadAction","target":["https:\/\/dpress.ma\/fr\/2022\/07\/06\/les-pays-andins-veulent-beneficier-de-lexperience-du-maroc-en-matiere-denergies-renouvelables-president-du-parlement-andin\/"]}]},{"@type":"ImageObject","inLanguage":"fr-FR","@id":"https:\/\/dpress.ma\/fr\/2022\/07\/06\/les-pays-andins-veulent-beneficier-de-lexperience-du-maroc-en-matiere-denergies-renouvelables-president-du-parlement-andin\/#primaryimage","url":"https:\/\/dpress.ma\/fr\/wp-content\/uploads\/sites\/2\/2022\/07\/gdg.jpg","contentUrl":"https:\/\/dpress.ma\/fr\/wp-content\/uploads\/sites\/2\/2022\/07\/gdg.jpg","width":2539,"height":1594},{"@type":"BreadcrumbList","@id":"https:\/\/dpress.ma\/fr\/2022\/07\/06\/les-pays-andins-veulent-beneficier-de-lexperience-du-maroc-en-matiere-denergies-renouvelables-president-du-parlement-andin\/#breadcrumb","itemListElement":[{"@type":"ListItem","position":1,"name":"Home","item":"https:\/\/dpress.ma\/fr\/"},{"@type":"ListItem","position":2,"name":"Les pays andins veulent b\u00e9n\u00e9ficier de l\u2019exp\u00e9rience du Maroc en mati\u00e8re d\u2019\u00e9nergies renouvelables (Pr\u00e9sident du Parlement andin)"}]},{"@type":"WebSite","@id":"https:\/\/dpress.ma\/fr\/#website","url":"https:\/\/dpress.ma\/fr\/","name":"Dpress.ma\/fr","description":"","potentialAction":[{"@type":"SearchAction","target":{"@type":"EntryPoint","urlTemplate":"https:\/\/dpress.ma\/fr\/?s={search_term_string}"},"query-input":{"@type":"PropertyValueSpecification","valueRequired":true,"valueName":"search_term_string"}}],"inLanguage":"fr-FR"},{"@type":"Person","@id":"https:\/\/dpress.ma\/fr\/#\/schema\/person\/4898febf3ccd59e6578d838656a306a0","name":"Dpress.ma","image":{"@type":"ImageObject","inLanguage":"fr-FR","@id":"https:\/\/secure.gravatar.com\/avatar\/72ecc30e9db047a2e0e7176561eb9d564ed77c8108376495b19bd8336405198a?s=96&d=mm&r=g","url":"https:\/\/secure.gravatar.com\/avatar\/72ecc30e9db047a2e0e7176561eb9d564ed77c8108376495b19bd8336405198a?s=96&d=mm&r=g","contentUrl":"https:\/\/secure.gravatar.com\/avatar\/72ecc30e9db047a2e0e7176561eb9d564ed77c8108376495b19bd8336405198a?s=96&d=mm&r=g","caption":"Dpress.ma"},"sameAs":["https:\/\/www.dpress.ma"],"url":"https:\/\/dpress.ma\/fr\/author\/dpress-ma\/"}]}},"amp_enabled":true,"_links":{"self":[{"href":"https:\/\/dpress.ma\/fr\/wp-json\/wp\/v2\/posts\/1833","targetHints":{"allow":["GET"]}}],"collection":[{"href":"https:\/\/dpress.ma\/fr\/wp-json\/wp\/v2\/posts"}],"about":[{"href":"https:\/\/dpress.ma\/fr\/wp-json\/wp\/v2\/types\/post"}],"author":[{"embeddable":true,"href":"https:\/\/dpress.ma\/fr\/wp-json\/wp\/v2\/users\/2"}],"replies":[{"embeddable":true,"href":"https:\/\/dpress.ma\/fr\/wp-json\/wp\/v2\/comments?post=1833"}],"version-history":[{"count":1,"href":"https:\/\/dpress.ma\/fr\/wp-json\/wp\/v2\/posts\/1833\/revisions"}],"predecessor-version":[{"id":1835,"href":"https:\/\/dpress.ma\/fr\/wp-json\/wp\/v2\/posts\/1833\/revisions\/1835"}],"wp:featuredmedia":[{"embeddable":true,"href":"https:\/\/dpress.ma\/fr\/wp-json\/wp\/v2\/media\/1834"}],"wp:attachment":[{"href":"https:\/\/dpress.ma\/fr\/wp-json\/wp\/v2\/media?parent=1833"}],"wp:term":[{"taxonomy":"category","embeddable":true,"href":"https:\/\/dpress.ma\/fr\/wp-json\/wp\/v2\/categories?post=1833"},{"taxonomy":"post_tag","embeddable":true,"href":"https:\/\/dpress.ma\/fr\/wp-json\/wp\/v2\/tags?post=1833"}],"curies":[{"name":"wp","href":"https:\/\/api.w.org\/{rel}","templated":true}]}}