{"id":1830,"date":"2022-07-06T10:12:58","date_gmt":"2022-07-06T10:12:58","guid":{"rendered":"https:\/\/dpress.ma\/fr\/?p=1830"},"modified":"2022-07-06T10:12:59","modified_gmt":"2022-07-06T10:12:59","slug":"la-cooperation-economique-et-la-securite-energetique-au-menu-du-forum-parlementaire-maroc-communaute-andine","status":"publish","type":"post","link":"https:\/\/dpress.ma\/fr\/2022\/07\/06\/la-cooperation-economique-et-la-securite-energetique-au-menu-du-forum-parlementaire-maroc-communaute-andine\/","title":{"rendered":"La coop\u00e9ration \u00e9conomique et la s\u00e9curit\u00e9 \u00e9nerg\u00e9tique au menu du \u201cForum parlementaire Maroc-communaut\u00e9 andine\u201d"},"content":{"rendered":"\n<p>Dpress<\/p>\n\n\n\n<p>\u201cLe Forum parlementaire Maroc-communaut\u00e9 andine\u201d, tenu mardi \u00e0 Rabat, au si\u00e8ge du Parlement, s\u2019est pench\u00e9 sur des questions ayant trait \u00e0 la coop\u00e9ration \u00e9conomique, aux \u00e9changes commerciaux et \u00e0 la r\u00e9alisation de la s\u00e9curit\u00e9 \u00e9nerg\u00e9tique.<\/p>\n\n\n\n<p>Initi\u00e9 dans le cadre de la visite des membres du Parlement andin au Royaume (01 au 09 juillet), \u00e0 l\u2019invitation du Parlement marocain, ce forum a \u00e9t\u00e9 l\u2019occasion de passer en revue les atouts et les potentialit\u00e9s dont regorge aussi bien le Royaume, en tant que porte d\u2019entr\u00e9e sur le continent africain et le monde arabe, que les pays andins consid\u00e9r\u00e9s comme plate-forme d\u2019acc\u00e8s \u00e0 l\u2019espace \u00e9conomique atlantique. De m\u00eame, l\u2019accent a \u00e9t\u00e9 mis sur l\u2019importance de capitaliser sur l\u2019\u00e9norme potentiel des relations maroco-andines et d\u2019\u00e9tablir des leviers permettant de tirer le meilleur parti de ces relations.<\/p>\n\n\n\n<p>A cet \u00e9gard, le directeur g\u00e9n\u00e9ral du commerce au minist\u00e8re de l\u2019Industrie et du commerce, Abdelouahed Rahal, a indiqu\u00e9 que le Maroc \u0153uvre pour le d\u00e9veloppement des relations avec les autres pays du monde, en particulier les pays d\u2019Am\u00e9rique du Sud, dont la communaut\u00e9 andine, afin d\u2019ouvrir de nouveaux march\u00e9s aux produits marocains et de saisir les opportunit\u00e9s qu\u2019offrent ces pays, mettant en avant les efforts consentis pour attirer les investissements directs \u00e9trangers au Maroc.<\/p>\n\n\n\n<p>Dans une intervention lors de cette rencontre, M. Rahal a expliqu\u00e9 que l\u2019\u00e9tablissement d\u2019un mod\u00e8le de coop\u00e9ration sud-sud constitue un objectif strat\u00e9gique autant pour le Maroc que pour les pays sud-am\u00e9ricains dans le cadre du progr\u00e8s et du d\u00e9veloppement durable escompt\u00e9s par les deux parties, notant que le Maroc s\u2019est engag\u00e9 dans une d\u00e9marche de rapprochement avec les groupements \u00e9conomiques r\u00e9gionaux dans cette partie du monde avec l\u2019ambition de devenir une plateforme africaine et un alli\u00e9 pour ces pays.<\/p>\n\n\n\n<p>S\u2019agissant des \u00e9changes commerciaux avec ces pays, ils ont connu, a-t-il fait remarquer, une \u00e9volution positive au cours de l\u2019ann\u00e9e 2021, pour s\u2019\u00e9tablir \u00e0 113 millions de dollars, le volume des exportations du Maroc ayant atteint 60 millions de dollars, tandis que les importations ont \u00e9t\u00e9 estim\u00e9es \u00e0 53 millions de dollars, estimant, toutefois, que ces \u00e9changes sont encore \u00ab en de\u00e7\u00e0 des ambitions \u00bb malgr\u00e9 les atouts dont regorge cette r\u00e9gion.<\/p>\n\n\n\n<p>Il a mis en avant, par ailleurs, l\u2019int\u00e9r\u00eat particulier port\u00e9 par de nombreux pays sud-am\u00e9ricains \u00e0 la conclusion des accords commerciaux pr\u00e9f\u00e9rentiels avec le Maroc, soulignant que des \u00e9tudes seront men\u00e9es pour \u00e9valuer les effets de ces futurs accords sur l\u2019\u00e9conomie marocaine, en concertation avec les secteurs concern\u00e9s.<\/p>\n\n\n\n<p>Pour sa part, le secr\u00e9taire g\u00e9n\u00e9ral du minist\u00e8re de la Transition \u00c9nerg\u00e9tique et du D\u00e9veloppement Durable, Mohamed Benyahya, a affirm\u00e9 que la transition rapide ferait du Royaume un pays de r\u00e9f\u00e9rence en mati\u00e8re de modes de production sans carbones, responsables et de d\u00e9veloppement durable, ce qui permettrait d\u2019\u00e9largir les perspectives d\u2019acc\u00e8s de l\u2019offre d\u2019exportation marocaine \u00e0 des march\u00e9s porteurs, d\u2019attirer d\u2019importants investissements \u00e9trangers dans les secteurs de l\u2019\u00e9conomie verte, de renforcer la position des espaces territoriaux et de les placer au centre du processus de d\u00e9veloppement, outre la gestion optimale de la r\u00e9serve \u00e9nerg\u00e9tique et de la diversification du mix \u00e9nerg\u00e9tique.<\/p>\n\n\n\n<p>Afin d\u2019acc\u00e9l\u00e9rer la transition \u00e9nerg\u00e9tique au Maroc, M. Benyahya a expliqu\u00e9 qu\u2019un ensemble d\u2019initiatives et de programmes nouveaux ont \u00e9t\u00e9 \u00e9labor\u00e9s dans le domaine des \u00e9nergies renouvelables afin de renforcer la s\u00e9curit\u00e9 \u00e9nerg\u00e9tique du Royaume, citant notamment l\u2019\u00e9laboration d\u2019un programme d\u2019approvisionnement des zones industrielles en \u00e9nergie \u00e9lectrique propre et renouvelable. Apr\u00e8s avoir indiqu\u00e9 que les besoins ont \u00e9t\u00e9 \u00e9valu\u00e9s \u00e0 environ 800 gigawattheures, il a pr\u00e9cis\u00e9 qu\u2019une premi\u00e8re licence a \u00e9t\u00e9 accord\u00e9e pour un projet concernant la zone industrielle de K\u00e9nitra d\u2019une capacit\u00e9 de 50 m\u00e9gawatts. D\u2019autres projets sont \u00e0 l\u2019\u00e9tude pour l\u2019approvisionnement des zones industrielles \u00e0 Tanger et \u00e0 Casablanca, a-t-il poursuivi.<\/p>\n\n\n\n<p>De m\u00eame, un programme int\u00e9gr\u00e9 a \u00e9t\u00e9 mis au point concernant principalement le d\u00e9veloppement du pompage solaire de l\u2019eau dans le domaine agricole par la mise en place de m\u00e9canismes de financement, le renforcement de la formation technique, l\u2019am\u00e9lioration des normes et le suivi, a-t-il soutenu.<\/p>\n\n\n\n<p>Il a indiqu\u00e9, d\u2019autre part, que la contribution de l\u2019efficacit\u00e9 \u00e9nerg\u00e9tique reste essentielle \u00e0 la r\u00e9alisation de la transition \u00e9nerg\u00e9tique, faisant observer que le minist\u00e8re a accompagn\u00e9 des programmes et projets li\u00e9s \u00e0 cette efficacit\u00e9 en \u00e9laborant un cadre r\u00e9glementaire mat\u00e9rialis\u00e9 par la loi 47.09 relative \u00e0 l\u2019efficacit\u00e9 \u00e9nerg\u00e9tique, qui concerne principalement les principes de performance \u00e9nerg\u00e9tique des b\u00e2timents pour am\u00e9liorer l\u2019isolation thermique et r\u00e9duire La consommation d\u2019\u00e9nergie, l\u2019audit \u00e9nerg\u00e9tique, ainsi que la performance \u00e9nerg\u00e9tique minimale des \u00e9quipements \u00e9nerg\u00e9tiques propos\u00e9s \u00e0 la vente.<\/p>\n\n\n\n<p>Dans le cadre des efforts visant \u00e0 consolider les principes d\u2019efficacit\u00e9 \u00e9nerg\u00e9tique, il a \u00e9t\u00e9 proc\u00e9d\u00e9 \u00e0 l\u2019\u00e9laboration d\u2019une strat\u00e9gie sp\u00e9ciale qui permettra une \u00e9conomie estim\u00e9e de consommation \u00e9nerg\u00e9tique d\u2019environ 20% d\u2019ici 2030, a-t-il dit, notant que cette strat\u00e9gie sera mise en \u0153uvre dans un cadre participatif avec les diff\u00e9rents acteurs impliqu\u00e9s.<\/p>\n\n\n\n<p>Le Parlement marocain et son homologue andin ont sign\u00e9 en juillet 2018 au si\u00e8ge de la Chambre des conseillers un m\u00e9morandum d\u2019entente visant \u00e0 \u00e9tablir des canaux de communication et d\u2019interaction parlementaires \u00e0 travers l\u2019\u00e9change de visites, d\u2019expertises, d\u2019exp\u00e9riences, d\u2019informations et de documents.<\/p>\n\n\n\n<p>En vertu de ce m\u00e9morandum, le Parlement marocain b\u00e9n\u00e9ficie du statut de partenaire avanc\u00e9 aupr\u00e8s de cette instance parlementaire.<\/p>\n\n\n\n<p>Le parlement de la communaut\u00e9 andine est une organisation parlementaire cr\u00e9\u00e9e en 1979 dans le but d\u2019harmoniser les l\u00e9gislations et d\u2019acc\u00e9l\u00e9rer l\u2019int\u00e9gration entre les pays membres de ce groupe.<\/p>\n","protected":false},"excerpt":{"rendered":"<p>Dpress \u201cLe Forum parlementaire Maroc-communaut\u00e9 andine\u201d, tenu mardi \u00e0 Rabat, au si\u00e8ge du Parlement, s\u2019est pench\u00e9 sur des questions ayant trait \u00e0 la coop\u00e9ration \u00e9conomique, aux \u00e9changes commerciaux et \u00e0 la r\u00e9alisation de la s\u00e9curit\u00e9 \u00e9nerg\u00e9tique. Initi\u00e9 dans le cadre de la visite des membres du Parlement andin au Royaume (01 au 09 juillet), \u00e0 &hellip;<\/p>\n","protected":false},"author":2,"featured_media":1831,"comment_status":"open","ping_status":"open","sticky":false,"template":"","format":"standard","meta":{"footnotes":""},"categories":[34,26],"tags":[],"class_list":["post-1830","post","type-post","status-publish","format-standard","has-post-thumbnail","hentry","category-diplomatie-parlementaire","category-politiques"],"yoast_head":"<!-- This site is optimized with the Yoast SEO plugin v27.5 - https:\/\/yoast.com\/product\/yoast-seo-wordpress\/ -->\n<title>La coop\u00e9ration \u00e9conomique et la s\u00e9curit\u00e9 \u00e9nerg\u00e9tique au menu du \u201cForum parlementaire Maroc-communaut\u00e9 andine\u201d - Dpress.ma\/fr<\/title>\n<meta name=\"robots\" content=\"index, follow, max-snippet:-1, max-image-preview:large, max-video-preview:-1\" \/>\n<link rel=\"canonical\" href=\"https:\/\/dpress.ma\/fr\/2022\/07\/06\/la-cooperation-economique-et-la-securite-energetique-au-menu-du-forum-parlementaire-maroc-communaute-andine\/\" \/>\n<meta property=\"og:locale\" content=\"fr_FR\" \/>\n<meta property=\"og:type\" content=\"article\" \/>\n<meta property=\"og:title\" content=\"La coop\u00e9ration \u00e9conomique et la s\u00e9curit\u00e9 \u00e9nerg\u00e9tique au menu du \u201cForum parlementaire Maroc-communaut\u00e9 andine\u201d - Dpress.ma\/fr\" \/>\n<meta property=\"og:description\" content=\"Dpress \u201cLe Forum parlementaire Maroc-communaut\u00e9 andine\u201d, tenu mardi \u00e0 Rabat, au si\u00e8ge du Parlement, s\u2019est pench\u00e9 sur des questions ayant trait \u00e0 la coop\u00e9ration \u00e9conomique, aux \u00e9changes commerciaux et \u00e0 la r\u00e9alisation de la s\u00e9curit\u00e9 \u00e9nerg\u00e9tique. Initi\u00e9 dans le cadre de la visite des membres du Parlement andin au Royaume (01 au 09 juillet), \u00e0 &hellip;\" \/>\n<meta property=\"og:url\" content=\"https:\/\/dpress.ma\/fr\/2022\/07\/06\/la-cooperation-economique-et-la-securite-energetique-au-menu-du-forum-parlementaire-maroc-communaute-andine\/\" \/>\n<meta property=\"og:site_name\" content=\"Dpress.ma\/fr\" \/>\n<meta property=\"article:published_time\" content=\"2022-07-06T10:12:58+00:00\" \/>\n<meta property=\"article:modified_time\" content=\"2022-07-06T10:12:59+00:00\" \/>\n<meta property=\"og:image\" content=\"https:\/\/dpress.ma\/fr\/wp-content\/uploads\/sites\/2\/2022\/07\/KKL.jpg\" \/>\n\t<meta property=\"og:image:width\" content=\"2539\" \/>\n\t<meta property=\"og:image:height\" content=\"1594\" \/>\n\t<meta property=\"og:image:type\" content=\"image\/jpeg\" \/>\n<meta name=\"author\" content=\"Dpress.ma\" \/>\n<meta name=\"twitter:card\" content=\"summary_large_image\" \/>\n<meta name=\"twitter:label1\" content=\"\u00c9crit par\" \/>\n\t<meta name=\"twitter:data1\" content=\"Dpress.ma\" \/>\n\t<meta name=\"twitter:label2\" content=\"Dur\u00e9e de lecture estim\u00e9e\" \/>\n\t<meta name=\"twitter:data2\" content=\"5 minutes\" \/>\n<script type=\"application\/ld+json\" class=\"yoast-schema-graph\">{\"@context\":\"https:\\\/\\\/schema.org\",\"@graph\":[{\"@type\":\"Article\",\"@id\":\"https:\\\/\\\/dpress.ma\\\/fr\\\/2022\\\/07\\\/06\\\/la-cooperation-economique-et-la-securite-energetique-au-menu-du-forum-parlementaire-maroc-communaute-andine\\\/#article\",\"isPartOf\":{\"@id\":\"https:\\\/\\\/dpress.ma\\\/fr\\\/2022\\\/07\\\/06\\\/la-cooperation-economique-et-la-securite-energetique-au-menu-du-forum-parlementaire-maroc-communaute-andine\\\/\"},\"author\":{\"name\":\"Dpress.ma\",\"@id\":\"https:\\\/\\\/dpress.ma\\\/fr\\\/#\\\/schema\\\/person\\\/4898febf3ccd59e6578d838656a306a0\"},\"headline\":\"La coop\u00e9ration \u00e9conomique et la s\u00e9curit\u00e9 \u00e9nerg\u00e9tique au menu du \u201cForum parlementaire Maroc-communaut\u00e9 andine\u201d\",\"datePublished\":\"2022-07-06T10:12:58+00:00\",\"dateModified\":\"2022-07-06T10:12:59+00:00\",\"mainEntityOfPage\":{\"@id\":\"https:\\\/\\\/dpress.ma\\\/fr\\\/2022\\\/07\\\/06\\\/la-cooperation-economique-et-la-securite-energetique-au-menu-du-forum-parlementaire-maroc-communaute-andine\\\/\"},\"wordCount\":1035,\"commentCount\":0,\"image\":{\"@id\":\"https:\\\/\\\/dpress.ma\\\/fr\\\/2022\\\/07\\\/06\\\/la-cooperation-economique-et-la-securite-energetique-au-menu-du-forum-parlementaire-maroc-communaute-andine\\\/#primaryimage\"},\"thumbnailUrl\":\"https:\\\/\\\/dpress.ma\\\/fr\\\/wp-content\\\/uploads\\\/sites\\\/2\\\/2022\\\/07\\\/KKL.jpg\",\"articleSection\":[\"Diplomatie Parlementaire\",\"Politiques\"],\"inLanguage\":\"fr-FR\",\"potentialAction\":[{\"@type\":\"CommentAction\",\"name\":\"Comment\",\"target\":[\"https:\\\/\\\/dpress.ma\\\/fr\\\/2022\\\/07\\\/06\\\/la-cooperation-economique-et-la-securite-energetique-au-menu-du-forum-parlementaire-maroc-communaute-andine\\\/#respond\"]}]},{\"@type\":\"WebPage\",\"@id\":\"https:\\\/\\\/dpress.ma\\\/fr\\\/2022\\\/07\\\/06\\\/la-cooperation-economique-et-la-securite-energetique-au-menu-du-forum-parlementaire-maroc-communaute-andine\\\/\",\"url\":\"https:\\\/\\\/dpress.ma\\\/fr\\\/2022\\\/07\\\/06\\\/la-cooperation-economique-et-la-securite-energetique-au-menu-du-forum-parlementaire-maroc-communaute-andine\\\/\",\"name\":\"La coop\u00e9ration \u00e9conomique et la s\u00e9curit\u00e9 \u00e9nerg\u00e9tique au menu du \u201cForum parlementaire Maroc-communaut\u00e9 andine\u201d - Dpress.ma\\\/fr\",\"isPartOf\":{\"@id\":\"https:\\\/\\\/dpress.ma\\\/fr\\\/#website\"},\"primaryImageOfPage\":{\"@id\":\"https:\\\/\\\/dpress.ma\\\/fr\\\/2022\\\/07\\\/06\\\/la-cooperation-economique-et-la-securite-energetique-au-menu-du-forum-parlementaire-maroc-communaute-andine\\\/#primaryimage\"},\"image\":{\"@id\":\"https:\\\/\\\/dpress.ma\\\/fr\\\/2022\\\/07\\\/06\\\/la-cooperation-economique-et-la-securite-energetique-au-menu-du-forum-parlementaire-maroc-communaute-andine\\\/#primaryimage\"},\"thumbnailUrl\":\"https:\\\/\\\/dpress.ma\\\/fr\\\/wp-content\\\/uploads\\\/sites\\\/2\\\/2022\\\/07\\\/KKL.jpg\",\"datePublished\":\"2022-07-06T10:12:58+00:00\",\"dateModified\":\"2022-07-06T10:12:59+00:00\",\"author\":{\"@id\":\"https:\\\/\\\/dpress.ma\\\/fr\\\/#\\\/schema\\\/person\\\/4898febf3ccd59e6578d838656a306a0\"},\"breadcrumb\":{\"@id\":\"https:\\\/\\\/dpress.ma\\\/fr\\\/2022\\\/07\\\/06\\\/la-cooperation-economique-et-la-securite-energetique-au-menu-du-forum-parlementaire-maroc-communaute-andine\\\/#breadcrumb\"},\"inLanguage\":\"fr-FR\",\"potentialAction\":[{\"@type\":\"ReadAction\",\"target\":[\"https:\\\/\\\/dpress.ma\\\/fr\\\/2022\\\/07\\\/06\\\/la-cooperation-economique-et-la-securite-energetique-au-menu-du-forum-parlementaire-maroc-communaute-andine\\\/\"]}]},{\"@type\":\"ImageObject\",\"inLanguage\":\"fr-FR\",\"@id\":\"https:\\\/\\\/dpress.ma\\\/fr\\\/2022\\\/07\\\/06\\\/la-cooperation-economique-et-la-securite-energetique-au-menu-du-forum-parlementaire-maroc-communaute-andine\\\/#primaryimage\",\"url\":\"https:\\\/\\\/dpress.ma\\\/fr\\\/wp-content\\\/uploads\\\/sites\\\/2\\\/2022\\\/07\\\/KKL.jpg\",\"contentUrl\":\"https:\\\/\\\/dpress.ma\\\/fr\\\/wp-content\\\/uploads\\\/sites\\\/2\\\/2022\\\/07\\\/KKL.jpg\",\"width\":2539,\"height\":1594},{\"@type\":\"BreadcrumbList\",\"@id\":\"https:\\\/\\\/dpress.ma\\\/fr\\\/2022\\\/07\\\/06\\\/la-cooperation-economique-et-la-securite-energetique-au-menu-du-forum-parlementaire-maroc-communaute-andine\\\/#breadcrumb\",\"itemListElement\":[{\"@type\":\"ListItem\",\"position\":1,\"name\":\"Home\",\"item\":\"https:\\\/\\\/dpress.ma\\\/fr\\\/\"},{\"@type\":\"ListItem\",\"position\":2,\"name\":\"La coop\u00e9ration \u00e9conomique et la s\u00e9curit\u00e9 \u00e9nerg\u00e9tique au menu du \u201cForum parlementaire Maroc-communaut\u00e9 andine\u201d\"}]},{\"@type\":\"WebSite\",\"@id\":\"https:\\\/\\\/dpress.ma\\\/fr\\\/#website\",\"url\":\"https:\\\/\\\/dpress.ma\\\/fr\\\/\",\"name\":\"Dpress.ma\\\/fr\",\"description\":\"\",\"potentialAction\":[{\"@type\":\"SearchAction\",\"target\":{\"@type\":\"EntryPoint\",\"urlTemplate\":\"https:\\\/\\\/dpress.ma\\\/fr\\\/?s={search_term_string}\"},\"query-input\":{\"@type\":\"PropertyValueSpecification\",\"valueRequired\":true,\"valueName\":\"search_term_string\"}}],\"inLanguage\":\"fr-FR\"},{\"@type\":\"Person\",\"@id\":\"https:\\\/\\\/dpress.ma\\\/fr\\\/#\\\/schema\\\/person\\\/4898febf3ccd59e6578d838656a306a0\",\"name\":\"Dpress.ma\",\"image\":{\"@type\":\"ImageObject\",\"inLanguage\":\"fr-FR\",\"@id\":\"https:\\\/\\\/secure.gravatar.com\\\/avatar\\\/72ecc30e9db047a2e0e7176561eb9d564ed77c8108376495b19bd8336405198a?s=96&d=mm&r=g\",\"url\":\"https:\\\/\\\/secure.gravatar.com\\\/avatar\\\/72ecc30e9db047a2e0e7176561eb9d564ed77c8108376495b19bd8336405198a?s=96&d=mm&r=g\",\"contentUrl\":\"https:\\\/\\\/secure.gravatar.com\\\/avatar\\\/72ecc30e9db047a2e0e7176561eb9d564ed77c8108376495b19bd8336405198a?s=96&d=mm&r=g\",\"caption\":\"Dpress.ma\"},\"sameAs\":[\"https:\\\/\\\/www.dpress.ma\"],\"url\":\"https:\\\/\\\/dpress.ma\\\/fr\\\/author\\\/dpress-ma\\\/\"}]}<\/script>\n<!-- \/ Yoast SEO plugin. -->","yoast_head_json":{"title":"La coop\u00e9ration \u00e9conomique et la s\u00e9curit\u00e9 \u00e9nerg\u00e9tique au menu du \u201cForum parlementaire Maroc-communaut\u00e9 andine\u201d - Dpress.ma\/fr","robots":{"index":"index","follow":"follow","max-snippet":"max-snippet:-1","max-image-preview":"max-image-preview:large","max-video-preview":"max-video-preview:-1"},"canonical":"https:\/\/dpress.ma\/fr\/2022\/07\/06\/la-cooperation-economique-et-la-securite-energetique-au-menu-du-forum-parlementaire-maroc-communaute-andine\/","og_locale":"fr_FR","og_type":"article","og_title":"La coop\u00e9ration \u00e9conomique et la s\u00e9curit\u00e9 \u00e9nerg\u00e9tique au menu du \u201cForum parlementaire Maroc-communaut\u00e9 andine\u201d - Dpress.ma\/fr","og_description":"Dpress \u201cLe Forum parlementaire Maroc-communaut\u00e9 andine\u201d, tenu mardi \u00e0 Rabat, au si\u00e8ge du Parlement, s\u2019est pench\u00e9 sur des questions ayant trait \u00e0 la coop\u00e9ration \u00e9conomique, aux \u00e9changes commerciaux et \u00e0 la r\u00e9alisation de la s\u00e9curit\u00e9 \u00e9nerg\u00e9tique. Initi\u00e9 dans le cadre de la visite des membres du Parlement andin au Royaume (01 au 09 juillet), \u00e0 &hellip;","og_url":"https:\/\/dpress.ma\/fr\/2022\/07\/06\/la-cooperation-economique-et-la-securite-energetique-au-menu-du-forum-parlementaire-maroc-communaute-andine\/","og_site_name":"Dpress.ma\/fr","article_published_time":"2022-07-06T10:12:58+00:00","article_modified_time":"2022-07-06T10:12:59+00:00","og_image":[{"width":2539,"height":1594,"url":"https:\/\/dpress.ma\/fr\/wp-content\/uploads\/sites\/2\/2022\/07\/KKL.jpg","type":"image\/jpeg"}],"author":"Dpress.ma","twitter_card":"summary_large_image","twitter_misc":{"\u00c9crit par":"Dpress.ma","Dur\u00e9e de lecture estim\u00e9e":"5 minutes"},"schema":{"@context":"https:\/\/schema.org","@graph":[{"@type":"Article","@id":"https:\/\/dpress.ma\/fr\/2022\/07\/06\/la-cooperation-economique-et-la-securite-energetique-au-menu-du-forum-parlementaire-maroc-communaute-andine\/#article","isPartOf":{"@id":"https:\/\/dpress.ma\/fr\/2022\/07\/06\/la-cooperation-economique-et-la-securite-energetique-au-menu-du-forum-parlementaire-maroc-communaute-andine\/"},"author":{"name":"Dpress.ma","@id":"https:\/\/dpress.ma\/fr\/#\/schema\/person\/4898febf3ccd59e6578d838656a306a0"},"headline":"La coop\u00e9ration \u00e9conomique et la s\u00e9curit\u00e9 \u00e9nerg\u00e9tique au menu du \u201cForum parlementaire Maroc-communaut\u00e9 andine\u201d","datePublished":"2022-07-06T10:12:58+00:00","dateModified":"2022-07-06T10:12:59+00:00","mainEntityOfPage":{"@id":"https:\/\/dpress.ma\/fr\/2022\/07\/06\/la-cooperation-economique-et-la-securite-energetique-au-menu-du-forum-parlementaire-maroc-communaute-andine\/"},"wordCount":1035,"commentCount":0,"image":{"@id":"https:\/\/dpress.ma\/fr\/2022\/07\/06\/la-cooperation-economique-et-la-securite-energetique-au-menu-du-forum-parlementaire-maroc-communaute-andine\/#primaryimage"},"thumbnailUrl":"https:\/\/dpress.ma\/fr\/wp-content\/uploads\/sites\/2\/2022\/07\/KKL.jpg","articleSection":["Diplomatie Parlementaire","Politiques"],"inLanguage":"fr-FR","potentialAction":[{"@type":"CommentAction","name":"Comment","target":["https:\/\/dpress.ma\/fr\/2022\/07\/06\/la-cooperation-economique-et-la-securite-energetique-au-menu-du-forum-parlementaire-maroc-communaute-andine\/#respond"]}]},{"@type":"WebPage","@id":"https:\/\/dpress.ma\/fr\/2022\/07\/06\/la-cooperation-economique-et-la-securite-energetique-au-menu-du-forum-parlementaire-maroc-communaute-andine\/","url":"https:\/\/dpress.ma\/fr\/2022\/07\/06\/la-cooperation-economique-et-la-securite-energetique-au-menu-du-forum-parlementaire-maroc-communaute-andine\/","name":"La coop\u00e9ration \u00e9conomique et la s\u00e9curit\u00e9 \u00e9nerg\u00e9tique au menu du \u201cForum parlementaire Maroc-communaut\u00e9 andine\u201d - Dpress.ma\/fr","isPartOf":{"@id":"https:\/\/dpress.ma\/fr\/#website"},"primaryImageOfPage":{"@id":"https:\/\/dpress.ma\/fr\/2022\/07\/06\/la-cooperation-economique-et-la-securite-energetique-au-menu-du-forum-parlementaire-maroc-communaute-andine\/#primaryimage"},"image":{"@id":"https:\/\/dpress.ma\/fr\/2022\/07\/06\/la-cooperation-economique-et-la-securite-energetique-au-menu-du-forum-parlementaire-maroc-communaute-andine\/#primaryimage"},"thumbnailUrl":"https:\/\/dpress.ma\/fr\/wp-content\/uploads\/sites\/2\/2022\/07\/KKL.jpg","datePublished":"2022-07-06T10:12:58+00:00","dateModified":"2022-07-06T10:12:59+00:00","author":{"@id":"https:\/\/dpress.ma\/fr\/#\/schema\/person\/4898febf3ccd59e6578d838656a306a0"},"breadcrumb":{"@id":"https:\/\/dpress.ma\/fr\/2022\/07\/06\/la-cooperation-economique-et-la-securite-energetique-au-menu-du-forum-parlementaire-maroc-communaute-andine\/#breadcrumb"},"inLanguage":"fr-FR","potentialAction":[{"@type":"ReadAction","target":["https:\/\/dpress.ma\/fr\/2022\/07\/06\/la-cooperation-economique-et-la-securite-energetique-au-menu-du-forum-parlementaire-maroc-communaute-andine\/"]}]},{"@type":"ImageObject","inLanguage":"fr-FR","@id":"https:\/\/dpress.ma\/fr\/2022\/07\/06\/la-cooperation-economique-et-la-securite-energetique-au-menu-du-forum-parlementaire-maroc-communaute-andine\/#primaryimage","url":"https:\/\/dpress.ma\/fr\/wp-content\/uploads\/sites\/2\/2022\/07\/KKL.jpg","contentUrl":"https:\/\/dpress.ma\/fr\/wp-content\/uploads\/sites\/2\/2022\/07\/KKL.jpg","width":2539,"height":1594},{"@type":"BreadcrumbList","@id":"https:\/\/dpress.ma\/fr\/2022\/07\/06\/la-cooperation-economique-et-la-securite-energetique-au-menu-du-forum-parlementaire-maroc-communaute-andine\/#breadcrumb","itemListElement":[{"@type":"ListItem","position":1,"name":"Home","item":"https:\/\/dpress.ma\/fr\/"},{"@type":"ListItem","position":2,"name":"La coop\u00e9ration \u00e9conomique et la s\u00e9curit\u00e9 \u00e9nerg\u00e9tique au menu du \u201cForum parlementaire Maroc-communaut\u00e9 andine\u201d"}]},{"@type":"WebSite","@id":"https:\/\/dpress.ma\/fr\/#website","url":"https:\/\/dpress.ma\/fr\/","name":"Dpress.ma\/fr","description":"","potentialAction":[{"@type":"SearchAction","target":{"@type":"EntryPoint","urlTemplate":"https:\/\/dpress.ma\/fr\/?s={search_term_string}"},"query-input":{"@type":"PropertyValueSpecification","valueRequired":true,"valueName":"search_term_string"}}],"inLanguage":"fr-FR"},{"@type":"Person","@id":"https:\/\/dpress.ma\/fr\/#\/schema\/person\/4898febf3ccd59e6578d838656a306a0","name":"Dpress.ma","image":{"@type":"ImageObject","inLanguage":"fr-FR","@id":"https:\/\/secure.gravatar.com\/avatar\/72ecc30e9db047a2e0e7176561eb9d564ed77c8108376495b19bd8336405198a?s=96&d=mm&r=g","url":"https:\/\/secure.gravatar.com\/avatar\/72ecc30e9db047a2e0e7176561eb9d564ed77c8108376495b19bd8336405198a?s=96&d=mm&r=g","contentUrl":"https:\/\/secure.gravatar.com\/avatar\/72ecc30e9db047a2e0e7176561eb9d564ed77c8108376495b19bd8336405198a?s=96&d=mm&r=g","caption":"Dpress.ma"},"sameAs":["https:\/\/www.dpress.ma"],"url":"https:\/\/dpress.ma\/fr\/author\/dpress-ma\/"}]}},"amp_enabled":true,"_links":{"self":[{"href":"https:\/\/dpress.ma\/fr\/wp-json\/wp\/v2\/posts\/1830","targetHints":{"allow":["GET"]}}],"collection":[{"href":"https:\/\/dpress.ma\/fr\/wp-json\/wp\/v2\/posts"}],"about":[{"href":"https:\/\/dpress.ma\/fr\/wp-json\/wp\/v2\/types\/post"}],"author":[{"embeddable":true,"href":"https:\/\/dpress.ma\/fr\/wp-json\/wp\/v2\/users\/2"}],"replies":[{"embeddable":true,"href":"https:\/\/dpress.ma\/fr\/wp-json\/wp\/v2\/comments?post=1830"}],"version-history":[{"count":1,"href":"https:\/\/dpress.ma\/fr\/wp-json\/wp\/v2\/posts\/1830\/revisions"}],"predecessor-version":[{"id":1832,"href":"https:\/\/dpress.ma\/fr\/wp-json\/wp\/v2\/posts\/1830\/revisions\/1832"}],"wp:featuredmedia":[{"embeddable":true,"href":"https:\/\/dpress.ma\/fr\/wp-json\/wp\/v2\/media\/1831"}],"wp:attachment":[{"href":"https:\/\/dpress.ma\/fr\/wp-json\/wp\/v2\/media?parent=1830"}],"wp:term":[{"taxonomy":"category","embeddable":true,"href":"https:\/\/dpress.ma\/fr\/wp-json\/wp\/v2\/categories?post=1830"},{"taxonomy":"post_tag","embeddable":true,"href":"https:\/\/dpress.ma\/fr\/wp-json\/wp\/v2\/tags?post=1830"}],"curies":[{"name":"wp","href":"https:\/\/api.w.org\/{rel}","templated":true}]}}