{"id":17909,"date":"2025-12-08T15:05:41","date_gmt":"2025-12-08T15:05:41","guid":{"rendered":"https:\/\/dpress.ma\/fr\/?p=17909"},"modified":"2025-12-08T15:11:19","modified_gmt":"2025-12-08T15:11:19","slug":"le-complexe-mohammed-vi-de-football-centre-nevralgique-du-football-africain","status":"publish","type":"post","link":"https:\/\/dpress.ma\/fr\/2025\/12\/08\/le-complexe-mohammed-vi-de-football-centre-nevralgique-du-football-africain\/","title":{"rendered":"Le Complexe Mohammed VI de Football, centre n\u00e9vralgique du football africain"},"content":{"rendered":"\n<p>Dpress<\/p>\n\n\n\n<p>Le Complexe Mohammed VI de Football se positionne comme \u201cle centre n\u00e9vralgique du football africain\u201d, illustrant l\u2019engagement d\u2019un pays et d\u2019un continent tourn\u00e9s vers l\u2019avenir, \u00e9crit le journal italien Agrigento Notizie.<\/p>\n\n\n\n<p>\u201cAtout majeur pour le d\u00e9veloppement du tourisme international\u201d, ce complexe inaugur\u00e9 par SM le Roi Mohammed VI en 2019 accueille les \u00e9quipes nationales de football en pleine pr\u00e9paration ainsi que des \u00e9quipes \u00e9trang\u00e8res, notamment africaines, souhaitant y organiser leurs stages, souligne le m\u00e9dia dans un reportage intitul\u00e9 \u201cDu centre sportif exceptionnel aux tanneries et ateliers de c\u00e9ramique : voici le Maroc insoup\u00e7onn\u00e9\u201d.<\/p>\n\n\n\n<p>Cette m\u00e9gastructure de tr\u00e8s haut standing, abritant le bureau FIFA-Afrique, comprend des terrains de football en gazon naturel et synth\u00e9tique, un terrain couvert, une salle de futsal, une piscine olympique, des courts de tennis, un terrain de beach-soccer, outre un h\u00f4tel de luxe et un centre de m\u00e9decine sportive aux normes FIFA, pr\u00e9cise-t-on.<\/p>\n\n\n\n<p>En plus de cette structure int\u00e9gr\u00e9e, un mus\u00e9e du football d\u2019exception attend la Coupe d\u2019Afrique des Nations et la Coupe du Monde-2030, que compte organiser le Royaume, o\u00f9 l\u2019excitation monte \u00e0 l\u2019approche de ces deux grands rendez-vous footballistiques, poursuit Agrigento Notizie.<\/p>\n\n\n\n<p>A ce propos, le m\u00e9dia rappelle que le Mus\u00e9e du football National de la F\u00e9d\u00e9ration Royale Marocaine de Football (FRMF), inaugur\u00e9 en 2024, offre une exp\u00e9rience m\u00e9morable aux visiteurs \u00e0 travers une exposition permanente retra\u00e7ant l\u2019histoire foisonnante et les moments marquants du football marocain.<\/p>\n\n\n\n<p>Le journal \u00e9lectronique revient, en outre, sur l\u2019exploit historique des Lions de l\u2019Atlas avec la quatri\u00e8me place \u00e0 la Coupe du Monde 2022 au Qatar, relevant que le Maroc a \u201cinvesti massivement\u201d dans la formation de ses jeunes, remportant r\u00e9cemment la Coupe du Monde des moins de 20 ans, se r\u00e9jouit l\u2019auteur de l\u2019article. L\u2019attente grandit, selon lui, \u00e0 l\u2019approche de la Coupe d\u2019Afrique des Nations (21 d\u00e9cembre-18 janvier) ainsi que de le Mondial 2030, co-organis\u00e9 avec l\u2019Espagne et le Portugal.<\/p>\n\n\n\n<p>Sur un autre registre, le journal fait remarquer que le Maroc poss\u00e8de \u201cun visage insoup\u00e7onn\u00e9, souvent m\u00e9connu des voyageurs qui se contentent de visiter les sites touristiques classiques\u201d, le Royaume \u00e9tant \u00e9galement r\u00e9put\u00e9 pour son artisanat de qualit\u00e9 et ses villes imp\u00e9riales dont F\u00e8s, capitale spirituelle du Royaume et de l\u2019artisanat, et la cit\u00e9 isma\u00e9lienne Mekn\u00e8s qualifi\u00e9e de \u201cVersailles marocain\u201d.<\/p>\n\n\n\n<p><\/p>\n","protected":false},"excerpt":{"rendered":"<p>Dpress Le Complexe Mohammed VI de Football se positionne comme \u201cle centre n\u00e9vralgique du football africain\u201d, illustrant l\u2019engagement d\u2019un pays et d\u2019un continent tourn\u00e9s vers l\u2019avenir, \u00e9crit le journal italien Agrigento Notizie. \u201cAtout majeur pour le d\u00e9veloppement du tourisme international\u201d, ce complexe inaugur\u00e9 par SM le Roi Mohammed VI en 2019 accueille les \u00e9quipes nationales &hellip;<\/p>\n","protected":false},"author":2,"featured_media":17910,"comment_status":"open","ping_status":"open","sticky":false,"template":"","format":"standard","meta":{"footnotes":""},"categories":[27],"tags":[],"class_list":["post-17909","post","type-post","status-publish","format-standard","has-post-thumbnail","hentry","category-sport"],"yoast_head":"<!-- This site is optimized with the Yoast SEO plugin v27.5 - https:\/\/yoast.com\/product\/yoast-seo-wordpress\/ -->\n<title>Le Complexe Mohammed VI de Football, centre n\u00e9vralgique du football africain - Dpress.ma\/fr<\/title>\n<meta name=\"robots\" content=\"index, follow, max-snippet:-1, max-image-preview:large, max-video-preview:-1\" \/>\n<link rel=\"canonical\" href=\"https:\/\/dpress.ma\/fr\/2025\/12\/08\/le-complexe-mohammed-vi-de-football-centre-nevralgique-du-football-africain\/\" \/>\n<meta property=\"og:locale\" content=\"fr_FR\" \/>\n<meta property=\"og:type\" content=\"article\" \/>\n<meta property=\"og:title\" content=\"Le Complexe Mohammed VI de Football, centre n\u00e9vralgique du football africain - Dpress.ma\/fr\" \/>\n<meta property=\"og:description\" content=\"Dpress Le Complexe Mohammed VI de Football se positionne comme \u201cle centre n\u00e9vralgique du football africain\u201d, illustrant l\u2019engagement d\u2019un pays et d\u2019un continent tourn\u00e9s vers l\u2019avenir, \u00e9crit le journal italien Agrigento Notizie. \u201cAtout majeur pour le d\u00e9veloppement du tourisme international\u201d, ce complexe inaugur\u00e9 par SM le Roi Mohammed VI en 2019 accueille les \u00e9quipes nationales &hellip;\" \/>\n<meta property=\"og:url\" content=\"https:\/\/dpress.ma\/fr\/2025\/12\/08\/le-complexe-mohammed-vi-de-football-centre-nevralgique-du-football-africain\/\" \/>\n<meta property=\"og:site_name\" content=\"Dpress.ma\/fr\" \/>\n<meta property=\"article:published_time\" content=\"2025-12-08T15:05:41+00:00\" \/>\n<meta property=\"article:modified_time\" content=\"2025-12-08T15:11:19+00:00\" \/>\n<meta property=\"og:image\" content=\"https:\/\/dpress.ma\/fr\/wp-content\/uploads\/sites\/2\/2025\/12\/mohammed6-FR.jpg\" \/>\n\t<meta property=\"og:image:width\" content=\"2539\" \/>\n\t<meta property=\"og:image:height\" content=\"1594\" \/>\n\t<meta property=\"og:image:type\" content=\"image\/jpeg\" \/>\n<meta name=\"author\" content=\"Dpress.ma\" \/>\n<meta name=\"twitter:card\" content=\"summary_large_image\" \/>\n<meta name=\"twitter:label1\" content=\"\u00c9crit par\" \/>\n\t<meta name=\"twitter:data1\" content=\"Dpress.ma\" \/>\n\t<meta name=\"twitter:label2\" content=\"Dur\u00e9e de lecture estim\u00e9e\" \/>\n\t<meta name=\"twitter:data2\" content=\"3 minutes\" \/>\n<script type=\"application\/ld+json\" class=\"yoast-schema-graph\">{\"@context\":\"https:\\\/\\\/schema.org\",\"@graph\":[{\"@type\":\"Article\",\"@id\":\"https:\\\/\\\/dpress.ma\\\/fr\\\/2025\\\/12\\\/08\\\/le-complexe-mohammed-vi-de-football-centre-nevralgique-du-football-africain\\\/#article\",\"isPartOf\":{\"@id\":\"https:\\\/\\\/dpress.ma\\\/fr\\\/2025\\\/12\\\/08\\\/le-complexe-mohammed-vi-de-football-centre-nevralgique-du-football-africain\\\/\"},\"author\":{\"name\":\"Dpress.ma\",\"@id\":\"https:\\\/\\\/dpress.ma\\\/fr\\\/#\\\/schema\\\/person\\\/4898febf3ccd59e6578d838656a306a0\"},\"headline\":\"Le Complexe Mohammed VI de Football, centre n\u00e9vralgique du football africain\",\"datePublished\":\"2025-12-08T15:05:41+00:00\",\"dateModified\":\"2025-12-08T15:11:19+00:00\",\"mainEntityOfPage\":{\"@id\":\"https:\\\/\\\/dpress.ma\\\/fr\\\/2025\\\/12\\\/08\\\/le-complexe-mohammed-vi-de-football-centre-nevralgique-du-football-africain\\\/\"},\"wordCount\":429,\"commentCount\":0,\"image\":{\"@id\":\"https:\\\/\\\/dpress.ma\\\/fr\\\/2025\\\/12\\\/08\\\/le-complexe-mohammed-vi-de-football-centre-nevralgique-du-football-africain\\\/#primaryimage\"},\"thumbnailUrl\":\"https:\\\/\\\/dpress.ma\\\/fr\\\/wp-content\\\/uploads\\\/sites\\\/2\\\/2025\\\/12\\\/mohammed6-FR.jpg\",\"articleSection\":[\"Sport\"],\"inLanguage\":\"fr-FR\",\"potentialAction\":[{\"@type\":\"CommentAction\",\"name\":\"Comment\",\"target\":[\"https:\\\/\\\/dpress.ma\\\/fr\\\/2025\\\/12\\\/08\\\/le-complexe-mohammed-vi-de-football-centre-nevralgique-du-football-africain\\\/#respond\"]}]},{\"@type\":\"WebPage\",\"@id\":\"https:\\\/\\\/dpress.ma\\\/fr\\\/2025\\\/12\\\/08\\\/le-complexe-mohammed-vi-de-football-centre-nevralgique-du-football-africain\\\/\",\"url\":\"https:\\\/\\\/dpress.ma\\\/fr\\\/2025\\\/12\\\/08\\\/le-complexe-mohammed-vi-de-football-centre-nevralgique-du-football-africain\\\/\",\"name\":\"Le Complexe Mohammed VI de Football, centre n\u00e9vralgique du football africain - Dpress.ma\\\/fr\",\"isPartOf\":{\"@id\":\"https:\\\/\\\/dpress.ma\\\/fr\\\/#website\"},\"primaryImageOfPage\":{\"@id\":\"https:\\\/\\\/dpress.ma\\\/fr\\\/2025\\\/12\\\/08\\\/le-complexe-mohammed-vi-de-football-centre-nevralgique-du-football-africain\\\/#primaryimage\"},\"image\":{\"@id\":\"https:\\\/\\\/dpress.ma\\\/fr\\\/2025\\\/12\\\/08\\\/le-complexe-mohammed-vi-de-football-centre-nevralgique-du-football-africain\\\/#primaryimage\"},\"thumbnailUrl\":\"https:\\\/\\\/dpress.ma\\\/fr\\\/wp-content\\\/uploads\\\/sites\\\/2\\\/2025\\\/12\\\/mohammed6-FR.jpg\",\"datePublished\":\"2025-12-08T15:05:41+00:00\",\"dateModified\":\"2025-12-08T15:11:19+00:00\",\"author\":{\"@id\":\"https:\\\/\\\/dpress.ma\\\/fr\\\/#\\\/schema\\\/person\\\/4898febf3ccd59e6578d838656a306a0\"},\"breadcrumb\":{\"@id\":\"https:\\\/\\\/dpress.ma\\\/fr\\\/2025\\\/12\\\/08\\\/le-complexe-mohammed-vi-de-football-centre-nevralgique-du-football-africain\\\/#breadcrumb\"},\"inLanguage\":\"fr-FR\",\"potentialAction\":[{\"@type\":\"ReadAction\",\"target\":[\"https:\\\/\\\/dpress.ma\\\/fr\\\/2025\\\/12\\\/08\\\/le-complexe-mohammed-vi-de-football-centre-nevralgique-du-football-africain\\\/\"]}]},{\"@type\":\"ImageObject\",\"inLanguage\":\"fr-FR\",\"@id\":\"https:\\\/\\\/dpress.ma\\\/fr\\\/2025\\\/12\\\/08\\\/le-complexe-mohammed-vi-de-football-centre-nevralgique-du-football-africain\\\/#primaryimage\",\"url\":\"https:\\\/\\\/dpress.ma\\\/fr\\\/wp-content\\\/uploads\\\/sites\\\/2\\\/2025\\\/12\\\/mohammed6-FR.jpg\",\"contentUrl\":\"https:\\\/\\\/dpress.ma\\\/fr\\\/wp-content\\\/uploads\\\/sites\\\/2\\\/2025\\\/12\\\/mohammed6-FR.jpg\",\"width\":2539,\"height\":1594},{\"@type\":\"BreadcrumbList\",\"@id\":\"https:\\\/\\\/dpress.ma\\\/fr\\\/2025\\\/12\\\/08\\\/le-complexe-mohammed-vi-de-football-centre-nevralgique-du-football-africain\\\/#breadcrumb\",\"itemListElement\":[{\"@type\":\"ListItem\",\"position\":1,\"name\":\"Home\",\"item\":\"https:\\\/\\\/dpress.ma\\\/fr\\\/\"},{\"@type\":\"ListItem\",\"position\":2,\"name\":\"Le Complexe Mohammed VI de Football, centre n\u00e9vralgique du football africain\"}]},{\"@type\":\"WebSite\",\"@id\":\"https:\\\/\\\/dpress.ma\\\/fr\\\/#website\",\"url\":\"https:\\\/\\\/dpress.ma\\\/fr\\\/\",\"name\":\"Dpress.ma\\\/fr\",\"description\":\"\",\"potentialAction\":[{\"@type\":\"SearchAction\",\"target\":{\"@type\":\"EntryPoint\",\"urlTemplate\":\"https:\\\/\\\/dpress.ma\\\/fr\\\/?s={search_term_string}\"},\"query-input\":{\"@type\":\"PropertyValueSpecification\",\"valueRequired\":true,\"valueName\":\"search_term_string\"}}],\"inLanguage\":\"fr-FR\"},{\"@type\":\"Person\",\"@id\":\"https:\\\/\\\/dpress.ma\\\/fr\\\/#\\\/schema\\\/person\\\/4898febf3ccd59e6578d838656a306a0\",\"name\":\"Dpress.ma\",\"image\":{\"@type\":\"ImageObject\",\"inLanguage\":\"fr-FR\",\"@id\":\"https:\\\/\\\/secure.gravatar.com\\\/avatar\\\/72ecc30e9db047a2e0e7176561eb9d564ed77c8108376495b19bd8336405198a?s=96&d=mm&r=g\",\"url\":\"https:\\\/\\\/secure.gravatar.com\\\/avatar\\\/72ecc30e9db047a2e0e7176561eb9d564ed77c8108376495b19bd8336405198a?s=96&d=mm&r=g\",\"contentUrl\":\"https:\\\/\\\/secure.gravatar.com\\\/avatar\\\/72ecc30e9db047a2e0e7176561eb9d564ed77c8108376495b19bd8336405198a?s=96&d=mm&r=g\",\"caption\":\"Dpress.ma\"},\"sameAs\":[\"https:\\\/\\\/www.dpress.ma\"],\"url\":\"https:\\\/\\\/dpress.ma\\\/fr\\\/author\\\/dpress-ma\\\/\"}]}<\/script>\n<!-- \/ Yoast SEO plugin. -->","yoast_head_json":{"title":"Le Complexe Mohammed VI de Football, centre n\u00e9vralgique du football africain - Dpress.ma\/fr","robots":{"index":"index","follow":"follow","max-snippet":"max-snippet:-1","max-image-preview":"max-image-preview:large","max-video-preview":"max-video-preview:-1"},"canonical":"https:\/\/dpress.ma\/fr\/2025\/12\/08\/le-complexe-mohammed-vi-de-football-centre-nevralgique-du-football-africain\/","og_locale":"fr_FR","og_type":"article","og_title":"Le Complexe Mohammed VI de Football, centre n\u00e9vralgique du football africain - Dpress.ma\/fr","og_description":"Dpress Le Complexe Mohammed VI de Football se positionne comme \u201cle centre n\u00e9vralgique du football africain\u201d, illustrant l\u2019engagement d\u2019un pays et d\u2019un continent tourn\u00e9s vers l\u2019avenir, \u00e9crit le journal italien Agrigento Notizie. \u201cAtout majeur pour le d\u00e9veloppement du tourisme international\u201d, ce complexe inaugur\u00e9 par SM le Roi Mohammed VI en 2019 accueille les \u00e9quipes nationales &hellip;","og_url":"https:\/\/dpress.ma\/fr\/2025\/12\/08\/le-complexe-mohammed-vi-de-football-centre-nevralgique-du-football-africain\/","og_site_name":"Dpress.ma\/fr","article_published_time":"2025-12-08T15:05:41+00:00","article_modified_time":"2025-12-08T15:11:19+00:00","og_image":[{"width":2539,"height":1594,"url":"https:\/\/dpress.ma\/fr\/wp-content\/uploads\/sites\/2\/2025\/12\/mohammed6-FR.jpg","type":"image\/jpeg"}],"author":"Dpress.ma","twitter_card":"summary_large_image","twitter_misc":{"\u00c9crit par":"Dpress.ma","Dur\u00e9e de lecture estim\u00e9e":"3 minutes"},"schema":{"@context":"https:\/\/schema.org","@graph":[{"@type":"Article","@id":"https:\/\/dpress.ma\/fr\/2025\/12\/08\/le-complexe-mohammed-vi-de-football-centre-nevralgique-du-football-africain\/#article","isPartOf":{"@id":"https:\/\/dpress.ma\/fr\/2025\/12\/08\/le-complexe-mohammed-vi-de-football-centre-nevralgique-du-football-africain\/"},"author":{"name":"Dpress.ma","@id":"https:\/\/dpress.ma\/fr\/#\/schema\/person\/4898febf3ccd59e6578d838656a306a0"},"headline":"Le Complexe Mohammed VI de Football, centre n\u00e9vralgique du football africain","datePublished":"2025-12-08T15:05:41+00:00","dateModified":"2025-12-08T15:11:19+00:00","mainEntityOfPage":{"@id":"https:\/\/dpress.ma\/fr\/2025\/12\/08\/le-complexe-mohammed-vi-de-football-centre-nevralgique-du-football-africain\/"},"wordCount":429,"commentCount":0,"image":{"@id":"https:\/\/dpress.ma\/fr\/2025\/12\/08\/le-complexe-mohammed-vi-de-football-centre-nevralgique-du-football-africain\/#primaryimage"},"thumbnailUrl":"https:\/\/dpress.ma\/fr\/wp-content\/uploads\/sites\/2\/2025\/12\/mohammed6-FR.jpg","articleSection":["Sport"],"inLanguage":"fr-FR","potentialAction":[{"@type":"CommentAction","name":"Comment","target":["https:\/\/dpress.ma\/fr\/2025\/12\/08\/le-complexe-mohammed-vi-de-football-centre-nevralgique-du-football-africain\/#respond"]}]},{"@type":"WebPage","@id":"https:\/\/dpress.ma\/fr\/2025\/12\/08\/le-complexe-mohammed-vi-de-football-centre-nevralgique-du-football-africain\/","url":"https:\/\/dpress.ma\/fr\/2025\/12\/08\/le-complexe-mohammed-vi-de-football-centre-nevralgique-du-football-africain\/","name":"Le Complexe Mohammed VI de Football, centre n\u00e9vralgique du football africain - Dpress.ma\/fr","isPartOf":{"@id":"https:\/\/dpress.ma\/fr\/#website"},"primaryImageOfPage":{"@id":"https:\/\/dpress.ma\/fr\/2025\/12\/08\/le-complexe-mohammed-vi-de-football-centre-nevralgique-du-football-africain\/#primaryimage"},"image":{"@id":"https:\/\/dpress.ma\/fr\/2025\/12\/08\/le-complexe-mohammed-vi-de-football-centre-nevralgique-du-football-africain\/#primaryimage"},"thumbnailUrl":"https:\/\/dpress.ma\/fr\/wp-content\/uploads\/sites\/2\/2025\/12\/mohammed6-FR.jpg","datePublished":"2025-12-08T15:05:41+00:00","dateModified":"2025-12-08T15:11:19+00:00","author":{"@id":"https:\/\/dpress.ma\/fr\/#\/schema\/person\/4898febf3ccd59e6578d838656a306a0"},"breadcrumb":{"@id":"https:\/\/dpress.ma\/fr\/2025\/12\/08\/le-complexe-mohammed-vi-de-football-centre-nevralgique-du-football-africain\/#breadcrumb"},"inLanguage":"fr-FR","potentialAction":[{"@type":"ReadAction","target":["https:\/\/dpress.ma\/fr\/2025\/12\/08\/le-complexe-mohammed-vi-de-football-centre-nevralgique-du-football-africain\/"]}]},{"@type":"ImageObject","inLanguage":"fr-FR","@id":"https:\/\/dpress.ma\/fr\/2025\/12\/08\/le-complexe-mohammed-vi-de-football-centre-nevralgique-du-football-africain\/#primaryimage","url":"https:\/\/dpress.ma\/fr\/wp-content\/uploads\/sites\/2\/2025\/12\/mohammed6-FR.jpg","contentUrl":"https:\/\/dpress.ma\/fr\/wp-content\/uploads\/sites\/2\/2025\/12\/mohammed6-FR.jpg","width":2539,"height":1594},{"@type":"BreadcrumbList","@id":"https:\/\/dpress.ma\/fr\/2025\/12\/08\/le-complexe-mohammed-vi-de-football-centre-nevralgique-du-football-africain\/#breadcrumb","itemListElement":[{"@type":"ListItem","position":1,"name":"Home","item":"https:\/\/dpress.ma\/fr\/"},{"@type":"ListItem","position":2,"name":"Le Complexe Mohammed VI de Football, centre n\u00e9vralgique du football africain"}]},{"@type":"WebSite","@id":"https:\/\/dpress.ma\/fr\/#website","url":"https:\/\/dpress.ma\/fr\/","name":"Dpress.ma\/fr","description":"","potentialAction":[{"@type":"SearchAction","target":{"@type":"EntryPoint","urlTemplate":"https:\/\/dpress.ma\/fr\/?s={search_term_string}"},"query-input":{"@type":"PropertyValueSpecification","valueRequired":true,"valueName":"search_term_string"}}],"inLanguage":"fr-FR"},{"@type":"Person","@id":"https:\/\/dpress.ma\/fr\/#\/schema\/person\/4898febf3ccd59e6578d838656a306a0","name":"Dpress.ma","image":{"@type":"ImageObject","inLanguage":"fr-FR","@id":"https:\/\/secure.gravatar.com\/avatar\/72ecc30e9db047a2e0e7176561eb9d564ed77c8108376495b19bd8336405198a?s=96&d=mm&r=g","url":"https:\/\/secure.gravatar.com\/avatar\/72ecc30e9db047a2e0e7176561eb9d564ed77c8108376495b19bd8336405198a?s=96&d=mm&r=g","contentUrl":"https:\/\/secure.gravatar.com\/avatar\/72ecc30e9db047a2e0e7176561eb9d564ed77c8108376495b19bd8336405198a?s=96&d=mm&r=g","caption":"Dpress.ma"},"sameAs":["https:\/\/www.dpress.ma"],"url":"https:\/\/dpress.ma\/fr\/author\/dpress-ma\/"}]}},"amp_enabled":true,"_links":{"self":[{"href":"https:\/\/dpress.ma\/fr\/wp-json\/wp\/v2\/posts\/17909","targetHints":{"allow":["GET"]}}],"collection":[{"href":"https:\/\/dpress.ma\/fr\/wp-json\/wp\/v2\/posts"}],"about":[{"href":"https:\/\/dpress.ma\/fr\/wp-json\/wp\/v2\/types\/post"}],"author":[{"embeddable":true,"href":"https:\/\/dpress.ma\/fr\/wp-json\/wp\/v2\/users\/2"}],"replies":[{"embeddable":true,"href":"https:\/\/dpress.ma\/fr\/wp-json\/wp\/v2\/comments?post=17909"}],"version-history":[{"count":2,"href":"https:\/\/dpress.ma\/fr\/wp-json\/wp\/v2\/posts\/17909\/revisions"}],"predecessor-version":[{"id":17913,"href":"https:\/\/dpress.ma\/fr\/wp-json\/wp\/v2\/posts\/17909\/revisions\/17913"}],"wp:featuredmedia":[{"embeddable":true,"href":"https:\/\/dpress.ma\/fr\/wp-json\/wp\/v2\/media\/17910"}],"wp:attachment":[{"href":"https:\/\/dpress.ma\/fr\/wp-json\/wp\/v2\/media?parent=17909"}],"wp:term":[{"taxonomy":"category","embeddable":true,"href":"https:\/\/dpress.ma\/fr\/wp-json\/wp\/v2\/categories?post=17909"},{"taxonomy":"post_tag","embeddable":true,"href":"https:\/\/dpress.ma\/fr\/wp-json\/wp\/v2\/tags?post=17909"}],"curies":[{"name":"wp","href":"https:\/\/api.w.org\/{rel}","templated":true}]}}