{"id":17905,"date":"2025-12-08T14:45:20","date_gmt":"2025-12-08T14:45:20","guid":{"rendered":"https:\/\/dpress.ma\/fr\/?p=17905"},"modified":"2025-12-08T14:45:21","modified_gmt":"2025-12-08T14:45:21","slug":"conformement-a-la-vision-royale-le-maroc-mene-un-travail-acharne-pour-ledification-de-letat-social","status":"publish","type":"post","link":"https:\/\/dpress.ma\/fr\/2025\/12\/08\/conformement-a-la-vision-royale-le-maroc-mene-un-travail-acharne-pour-ledification-de-letat-social\/","title":{"rendered":"Conform\u00e9ment \u00e0 la Vision Royale, le Maroc m\u00e8ne un travail acharn\u00e9 pour l\u2019\u00e9dification de l\u2019\u00c9tat social"},"content":{"rendered":"\n<p>Dpress<\/p>\n\n\n\n<p>Le Chef du gouvernement, Aziz Akhannouch, a affirm\u00e9 que, conform\u00e9ment \u00e0 la Vision Royale, le Maroc m\u00e8ne un travail acharn\u00e9 et m\u00e9thodique en vue de l\u2019\u00e9dification d\u2019un \u00c9tat social porteur d\u2019un changement concret et tangible dans la vie des citoyens.<\/p>\n\n\n\n<p>Dans une interview publi\u00e9e lundi par le journal espagnol La Raz\u00f3n, M. Akhannouch a soulign\u00e9 que les quatre premi\u00e8res ann\u00e9es du mandat gouvernemental ont \u00e9t\u00e9 marqu\u00e9es par un travail soutenu et structur\u00e9 pour concr\u00e9tiser la transformation souhait\u00e9e par Sa Majest\u00e9 le Roi Mohammed VI, en b\u00e2tissant un \u00c9tat social tout en poursuivant le d\u00e9veloppement \u00e9conomique du pays.<\/p>\n\n\n\n<p>Le Maroc a connu une transformation sans pr\u00e9c\u00e9dent dans le domaine de la protection sociale, s\u2019est f\u00e9licit\u00e9 M. Akhannouch, pr\u00e9cisant que plus de 4 millions de familles b\u00e9n\u00e9ficient actuellement d\u2019une aide sociale directe, repr\u00e9sentant plus de 12 millions de personnes, dont 5 millions d\u2019enfants et plus d\u2019un million de personnes \u00e2g\u00e9es de 60 ans et plus.<\/p>\n\n\n\n<p>Dans le m\u00eame esprit, a-t-il poursuivi, le gouvernement a concr\u00e9tis\u00e9, sous l\u2019impulsion de SM le Roi, la g\u00e9n\u00e9ralisation de l\u2019Assurance Maladie Obligatoire (AMO), assurant d\u00e9sormais une couverture m\u00e9dicale \u00e0 plus de 88 % des Marocains.<\/p>\n\n\n\n<p>Par ailleurs, il a rappel\u00e9 que les quatre premi\u00e8res ann\u00e9es du mandat gouvernemental ont \u00e9t\u00e9 marqu\u00e9es par de multiples crises, notamment climatiques, avec la plus s\u00e9v\u00e8re s\u00e9cheresse enregistr\u00e9e depuis quarante ans, et \u00e9conomiques, en raison du retour de l\u2019inflation \u00e0 l\u2019\u00e9chelle mondiale.<\/p>\n\n\n\n<p>Malgr\u00e9 ces d\u00e9fis, a-t-il soutenu, le gouvernement a r\u00e9ussi \u00e0 pr\u00e9server les \u00e9quilibres macro\u00e9conomiques, ramenant l\u2019inflation \u00e0 un niveau trois fois inf\u00e9rieur \u00e0 celui observ\u00e9 il y a quatre ans, et la maintenant en dessous de la barre de 1 % depuis trois ans.<\/p>\n\n\n\n<p>Ces r\u00e9formes \u00e9conomiques et sociales ont \u00e9t\u00e9 accompagn\u00e9es d\u2019un dialogue social soutenu avec les principaux syndicats, permettant \u00e0 4,2 millions de familles de b\u00e9n\u00e9ficier d\u2019augmentations salariales depuis le d\u00e9but du mandat, a fait savoir M. Akhannouch.<\/p>\n\n\n\n<p>Le Chef du gouvernement a \u00e9galement mis en avant l\u2019importance accord\u00e9e au renforcement du syst\u00e8me de sant\u00e9, \u00e0 l\u2019am\u00e9lioration de la qualit\u00e9 de l\u2019\u00e9ducation ainsi qu\u2019\u00e0 la valorisation de la recherche scientifique et de l\u2019innovation, soulignant que le capital humain constitue un facteur d\u00e9terminant dans la r\u00e9ussite des r\u00e9formes engag\u00e9es.<\/p>\n\n\n\n<p>Il a, en outre, mis en exergue la progression continue des investissements, reflet de la confiance des investisseurs dans le Maroc, rappelant l\u2019adoption d\u2019une nouvelle Charte de l\u2019Investissement qui offre un cadre attractif pour les investisseurs nationaux et \u00e9trangers.<\/p>\n\n\n\n<p>\u00c9voquant la Coupe du Monde de football 2030, que le Maroc organisera conjointement avec l\u2019Espagne et le Portugal, le Chef du gouvernement a soulign\u00e9 que cet \u00e9v\u00e9nement repr\u00e9sente \u00ab un symbole \u00e9loquent de la convergence et de la capacit\u00e9 de nos trois pays \u00e0 porter un projet mondial ambitieux \u00bb.<\/p>\n\n\n\n<p>Il a qualifi\u00e9 cette manifestation plan\u00e9taire de catalyseur d\u2019investissements dans les infrastructures de transport, les \u00e9quipements sportifs, les capacit\u00e9s h\u00f4teli\u00e8res et touristiques, les solutions num\u00e9riques et la s\u00e9curit\u00e9, ajoutant qu\u2019elle illustre pleinement \u00ab ce que nous pouvons accomplir ensemble \u00bb.<\/p>\n","protected":false},"excerpt":{"rendered":"<p>Dpress Le Chef du gouvernement, Aziz Akhannouch, a affirm\u00e9 que, conform\u00e9ment \u00e0 la Vision Royale, le Maroc m\u00e8ne un travail acharn\u00e9 et m\u00e9thodique en vue de l\u2019\u00e9dification d\u2019un \u00c9tat social porteur d\u2019un changement concret et tangible dans la vie des citoyens. Dans une interview publi\u00e9e lundi par le journal espagnol La Raz\u00f3n, M. Akhannouch a &hellip;<\/p>\n","protected":false},"author":2,"featured_media":17906,"comment_status":"open","ping_status":"open","sticky":false,"template":"","format":"standard","meta":{"footnotes":""},"categories":[41],"tags":[],"class_list":["post-17905","post","type-post","status-publish","format-standard","has-post-thumbnail","hentry","category-opinions-et-debats"],"yoast_head":"<!-- This site is optimized with the Yoast SEO plugin v27.5 - https:\/\/yoast.com\/product\/yoast-seo-wordpress\/ -->\n<title>Conform\u00e9ment \u00e0 la Vision Royale, le Maroc m\u00e8ne un travail acharn\u00e9 pour l\u2019\u00e9dification de l\u2019\u00c9tat social - Dpress.ma\/fr<\/title>\n<meta name=\"robots\" content=\"index, follow, max-snippet:-1, max-image-preview:large, max-video-preview:-1\" \/>\n<link rel=\"canonical\" href=\"https:\/\/dpress.ma\/fr\/2025\/12\/08\/conformement-a-la-vision-royale-le-maroc-mene-un-travail-acharne-pour-ledification-de-letat-social\/\" \/>\n<meta property=\"og:locale\" content=\"fr_FR\" \/>\n<meta property=\"og:type\" content=\"article\" \/>\n<meta property=\"og:title\" content=\"Conform\u00e9ment \u00e0 la Vision Royale, le Maroc m\u00e8ne un travail acharn\u00e9 pour l\u2019\u00e9dification de l\u2019\u00c9tat social - Dpress.ma\/fr\" \/>\n<meta property=\"og:description\" content=\"Dpress Le Chef du gouvernement, Aziz Akhannouch, a affirm\u00e9 que, conform\u00e9ment \u00e0 la Vision Royale, le Maroc m\u00e8ne un travail acharn\u00e9 et m\u00e9thodique en vue de l\u2019\u00e9dification d\u2019un \u00c9tat social porteur d\u2019un changement concret et tangible dans la vie des citoyens. Dans une interview publi\u00e9e lundi par le journal espagnol La Raz\u00f3n, M. Akhannouch a &hellip;\" \/>\n<meta property=\"og:url\" content=\"https:\/\/dpress.ma\/fr\/2025\/12\/08\/conformement-a-la-vision-royale-le-maroc-mene-un-travail-acharne-pour-ledification-de-letat-social\/\" \/>\n<meta property=\"og:site_name\" content=\"Dpress.ma\/fr\" \/>\n<meta property=\"article:published_time\" content=\"2025-12-08T14:45:20+00:00\" \/>\n<meta property=\"article:modified_time\" content=\"2025-12-08T14:45:21+00:00\" \/>\n<meta property=\"og:image\" content=\"https:\/\/dpress.ma\/fr\/wp-content\/uploads\/sites\/2\/2025\/12\/AAAZER-1.jpg\" \/>\n\t<meta property=\"og:image:width\" content=\"2539\" \/>\n\t<meta property=\"og:image:height\" content=\"1594\" \/>\n\t<meta property=\"og:image:type\" content=\"image\/jpeg\" \/>\n<meta name=\"author\" content=\"Dpress.ma\" \/>\n<meta name=\"twitter:card\" content=\"summary_large_image\" \/>\n<meta name=\"twitter:label1\" content=\"\u00c9crit par\" \/>\n\t<meta name=\"twitter:data1\" content=\"Dpress.ma\" \/>\n\t<meta name=\"twitter:label2\" content=\"Dur\u00e9e de lecture estim\u00e9e\" \/>\n\t<meta name=\"twitter:data2\" content=\"3 minutes\" \/>\n<script type=\"application\/ld+json\" class=\"yoast-schema-graph\">{\"@context\":\"https:\\\/\\\/schema.org\",\"@graph\":[{\"@type\":\"Article\",\"@id\":\"https:\\\/\\\/dpress.ma\\\/fr\\\/2025\\\/12\\\/08\\\/conformement-a-la-vision-royale-le-maroc-mene-un-travail-acharne-pour-ledification-de-letat-social\\\/#article\",\"isPartOf\":{\"@id\":\"https:\\\/\\\/dpress.ma\\\/fr\\\/2025\\\/12\\\/08\\\/conformement-a-la-vision-royale-le-maroc-mene-un-travail-acharne-pour-ledification-de-letat-social\\\/\"},\"author\":{\"name\":\"Dpress.ma\",\"@id\":\"https:\\\/\\\/dpress.ma\\\/fr\\\/#\\\/schema\\\/person\\\/4898febf3ccd59e6578d838656a306a0\"},\"headline\":\"Conform\u00e9ment \u00e0 la Vision Royale, le Maroc m\u00e8ne un travail acharn\u00e9 pour l\u2019\u00e9dification de l\u2019\u00c9tat social\",\"datePublished\":\"2025-12-08T14:45:20+00:00\",\"dateModified\":\"2025-12-08T14:45:21+00:00\",\"mainEntityOfPage\":{\"@id\":\"https:\\\/\\\/dpress.ma\\\/fr\\\/2025\\\/12\\\/08\\\/conformement-a-la-vision-royale-le-maroc-mene-un-travail-acharne-pour-ledification-de-letat-social\\\/\"},\"wordCount\":568,\"commentCount\":0,\"image\":{\"@id\":\"https:\\\/\\\/dpress.ma\\\/fr\\\/2025\\\/12\\\/08\\\/conformement-a-la-vision-royale-le-maroc-mene-un-travail-acharne-pour-ledification-de-letat-social\\\/#primaryimage\"},\"thumbnailUrl\":\"https:\\\/\\\/dpress.ma\\\/fr\\\/wp-content\\\/uploads\\\/sites\\\/2\\\/2025\\\/12\\\/AAAZER-1.jpg\",\"articleSection\":[\"opinions-et-debats\"],\"inLanguage\":\"fr-FR\",\"potentialAction\":[{\"@type\":\"CommentAction\",\"name\":\"Comment\",\"target\":[\"https:\\\/\\\/dpress.ma\\\/fr\\\/2025\\\/12\\\/08\\\/conformement-a-la-vision-royale-le-maroc-mene-un-travail-acharne-pour-ledification-de-letat-social\\\/#respond\"]}]},{\"@type\":\"WebPage\",\"@id\":\"https:\\\/\\\/dpress.ma\\\/fr\\\/2025\\\/12\\\/08\\\/conformement-a-la-vision-royale-le-maroc-mene-un-travail-acharne-pour-ledification-de-letat-social\\\/\",\"url\":\"https:\\\/\\\/dpress.ma\\\/fr\\\/2025\\\/12\\\/08\\\/conformement-a-la-vision-royale-le-maroc-mene-un-travail-acharne-pour-ledification-de-letat-social\\\/\",\"name\":\"Conform\u00e9ment \u00e0 la Vision Royale, le Maroc m\u00e8ne un travail acharn\u00e9 pour l\u2019\u00e9dification de l\u2019\u00c9tat social - Dpress.ma\\\/fr\",\"isPartOf\":{\"@id\":\"https:\\\/\\\/dpress.ma\\\/fr\\\/#website\"},\"primaryImageOfPage\":{\"@id\":\"https:\\\/\\\/dpress.ma\\\/fr\\\/2025\\\/12\\\/08\\\/conformement-a-la-vision-royale-le-maroc-mene-un-travail-acharne-pour-ledification-de-letat-social\\\/#primaryimage\"},\"image\":{\"@id\":\"https:\\\/\\\/dpress.ma\\\/fr\\\/2025\\\/12\\\/08\\\/conformement-a-la-vision-royale-le-maroc-mene-un-travail-acharne-pour-ledification-de-letat-social\\\/#primaryimage\"},\"thumbnailUrl\":\"https:\\\/\\\/dpress.ma\\\/fr\\\/wp-content\\\/uploads\\\/sites\\\/2\\\/2025\\\/12\\\/AAAZER-1.jpg\",\"datePublished\":\"2025-12-08T14:45:20+00:00\",\"dateModified\":\"2025-12-08T14:45:21+00:00\",\"author\":{\"@id\":\"https:\\\/\\\/dpress.ma\\\/fr\\\/#\\\/schema\\\/person\\\/4898febf3ccd59e6578d838656a306a0\"},\"breadcrumb\":{\"@id\":\"https:\\\/\\\/dpress.ma\\\/fr\\\/2025\\\/12\\\/08\\\/conformement-a-la-vision-royale-le-maroc-mene-un-travail-acharne-pour-ledification-de-letat-social\\\/#breadcrumb\"},\"inLanguage\":\"fr-FR\",\"potentialAction\":[{\"@type\":\"ReadAction\",\"target\":[\"https:\\\/\\\/dpress.ma\\\/fr\\\/2025\\\/12\\\/08\\\/conformement-a-la-vision-royale-le-maroc-mene-un-travail-acharne-pour-ledification-de-letat-social\\\/\"]}]},{\"@type\":\"ImageObject\",\"inLanguage\":\"fr-FR\",\"@id\":\"https:\\\/\\\/dpress.ma\\\/fr\\\/2025\\\/12\\\/08\\\/conformement-a-la-vision-royale-le-maroc-mene-un-travail-acharne-pour-ledification-de-letat-social\\\/#primaryimage\",\"url\":\"https:\\\/\\\/dpress.ma\\\/fr\\\/wp-content\\\/uploads\\\/sites\\\/2\\\/2025\\\/12\\\/AAAZER-1.jpg\",\"contentUrl\":\"https:\\\/\\\/dpress.ma\\\/fr\\\/wp-content\\\/uploads\\\/sites\\\/2\\\/2025\\\/12\\\/AAAZER-1.jpg\",\"width\":2539,\"height\":1594},{\"@type\":\"BreadcrumbList\",\"@id\":\"https:\\\/\\\/dpress.ma\\\/fr\\\/2025\\\/12\\\/08\\\/conformement-a-la-vision-royale-le-maroc-mene-un-travail-acharne-pour-ledification-de-letat-social\\\/#breadcrumb\",\"itemListElement\":[{\"@type\":\"ListItem\",\"position\":1,\"name\":\"Home\",\"item\":\"https:\\\/\\\/dpress.ma\\\/fr\\\/\"},{\"@type\":\"ListItem\",\"position\":2,\"name\":\"Conform\u00e9ment \u00e0 la Vision Royale, le Maroc m\u00e8ne un travail acharn\u00e9 pour l\u2019\u00e9dification de l\u2019\u00c9tat social\"}]},{\"@type\":\"WebSite\",\"@id\":\"https:\\\/\\\/dpress.ma\\\/fr\\\/#website\",\"url\":\"https:\\\/\\\/dpress.ma\\\/fr\\\/\",\"name\":\"Dpress.ma\\\/fr\",\"description\":\"\",\"potentialAction\":[{\"@type\":\"SearchAction\",\"target\":{\"@type\":\"EntryPoint\",\"urlTemplate\":\"https:\\\/\\\/dpress.ma\\\/fr\\\/?s={search_term_string}\"},\"query-input\":{\"@type\":\"PropertyValueSpecification\",\"valueRequired\":true,\"valueName\":\"search_term_string\"}}],\"inLanguage\":\"fr-FR\"},{\"@type\":\"Person\",\"@id\":\"https:\\\/\\\/dpress.ma\\\/fr\\\/#\\\/schema\\\/person\\\/4898febf3ccd59e6578d838656a306a0\",\"name\":\"Dpress.ma\",\"image\":{\"@type\":\"ImageObject\",\"inLanguage\":\"fr-FR\",\"@id\":\"https:\\\/\\\/secure.gravatar.com\\\/avatar\\\/72ecc30e9db047a2e0e7176561eb9d564ed77c8108376495b19bd8336405198a?s=96&d=mm&r=g\",\"url\":\"https:\\\/\\\/secure.gravatar.com\\\/avatar\\\/72ecc30e9db047a2e0e7176561eb9d564ed77c8108376495b19bd8336405198a?s=96&d=mm&r=g\",\"contentUrl\":\"https:\\\/\\\/secure.gravatar.com\\\/avatar\\\/72ecc30e9db047a2e0e7176561eb9d564ed77c8108376495b19bd8336405198a?s=96&d=mm&r=g\",\"caption\":\"Dpress.ma\"},\"sameAs\":[\"https:\\\/\\\/www.dpress.ma\"],\"url\":\"https:\\\/\\\/dpress.ma\\\/fr\\\/author\\\/dpress-ma\\\/\"}]}<\/script>\n<!-- \/ Yoast SEO plugin. -->","yoast_head_json":{"title":"Conform\u00e9ment \u00e0 la Vision Royale, le Maroc m\u00e8ne un travail acharn\u00e9 pour l\u2019\u00e9dification de l\u2019\u00c9tat social - Dpress.ma\/fr","robots":{"index":"index","follow":"follow","max-snippet":"max-snippet:-1","max-image-preview":"max-image-preview:large","max-video-preview":"max-video-preview:-1"},"canonical":"https:\/\/dpress.ma\/fr\/2025\/12\/08\/conformement-a-la-vision-royale-le-maroc-mene-un-travail-acharne-pour-ledification-de-letat-social\/","og_locale":"fr_FR","og_type":"article","og_title":"Conform\u00e9ment \u00e0 la Vision Royale, le Maroc m\u00e8ne un travail acharn\u00e9 pour l\u2019\u00e9dification de l\u2019\u00c9tat social - Dpress.ma\/fr","og_description":"Dpress Le Chef du gouvernement, Aziz Akhannouch, a affirm\u00e9 que, conform\u00e9ment \u00e0 la Vision Royale, le Maroc m\u00e8ne un travail acharn\u00e9 et m\u00e9thodique en vue de l\u2019\u00e9dification d\u2019un \u00c9tat social porteur d\u2019un changement concret et tangible dans la vie des citoyens. Dans une interview publi\u00e9e lundi par le journal espagnol La Raz\u00f3n, M. Akhannouch a &hellip;","og_url":"https:\/\/dpress.ma\/fr\/2025\/12\/08\/conformement-a-la-vision-royale-le-maroc-mene-un-travail-acharne-pour-ledification-de-letat-social\/","og_site_name":"Dpress.ma\/fr","article_published_time":"2025-12-08T14:45:20+00:00","article_modified_time":"2025-12-08T14:45:21+00:00","og_image":[{"width":2539,"height":1594,"url":"https:\/\/dpress.ma\/fr\/wp-content\/uploads\/sites\/2\/2025\/12\/AAAZER-1.jpg","type":"image\/jpeg"}],"author":"Dpress.ma","twitter_card":"summary_large_image","twitter_misc":{"\u00c9crit par":"Dpress.ma","Dur\u00e9e de lecture estim\u00e9e":"3 minutes"},"schema":{"@context":"https:\/\/schema.org","@graph":[{"@type":"Article","@id":"https:\/\/dpress.ma\/fr\/2025\/12\/08\/conformement-a-la-vision-royale-le-maroc-mene-un-travail-acharne-pour-ledification-de-letat-social\/#article","isPartOf":{"@id":"https:\/\/dpress.ma\/fr\/2025\/12\/08\/conformement-a-la-vision-royale-le-maroc-mene-un-travail-acharne-pour-ledification-de-letat-social\/"},"author":{"name":"Dpress.ma","@id":"https:\/\/dpress.ma\/fr\/#\/schema\/person\/4898febf3ccd59e6578d838656a306a0"},"headline":"Conform\u00e9ment \u00e0 la Vision Royale, le Maroc m\u00e8ne un travail acharn\u00e9 pour l\u2019\u00e9dification de l\u2019\u00c9tat social","datePublished":"2025-12-08T14:45:20+00:00","dateModified":"2025-12-08T14:45:21+00:00","mainEntityOfPage":{"@id":"https:\/\/dpress.ma\/fr\/2025\/12\/08\/conformement-a-la-vision-royale-le-maroc-mene-un-travail-acharne-pour-ledification-de-letat-social\/"},"wordCount":568,"commentCount":0,"image":{"@id":"https:\/\/dpress.ma\/fr\/2025\/12\/08\/conformement-a-la-vision-royale-le-maroc-mene-un-travail-acharne-pour-ledification-de-letat-social\/#primaryimage"},"thumbnailUrl":"https:\/\/dpress.ma\/fr\/wp-content\/uploads\/sites\/2\/2025\/12\/AAAZER-1.jpg","articleSection":["opinions-et-debats"],"inLanguage":"fr-FR","potentialAction":[{"@type":"CommentAction","name":"Comment","target":["https:\/\/dpress.ma\/fr\/2025\/12\/08\/conformement-a-la-vision-royale-le-maroc-mene-un-travail-acharne-pour-ledification-de-letat-social\/#respond"]}]},{"@type":"WebPage","@id":"https:\/\/dpress.ma\/fr\/2025\/12\/08\/conformement-a-la-vision-royale-le-maroc-mene-un-travail-acharne-pour-ledification-de-letat-social\/","url":"https:\/\/dpress.ma\/fr\/2025\/12\/08\/conformement-a-la-vision-royale-le-maroc-mene-un-travail-acharne-pour-ledification-de-letat-social\/","name":"Conform\u00e9ment \u00e0 la Vision Royale, le Maroc m\u00e8ne un travail acharn\u00e9 pour l\u2019\u00e9dification de l\u2019\u00c9tat social - Dpress.ma\/fr","isPartOf":{"@id":"https:\/\/dpress.ma\/fr\/#website"},"primaryImageOfPage":{"@id":"https:\/\/dpress.ma\/fr\/2025\/12\/08\/conformement-a-la-vision-royale-le-maroc-mene-un-travail-acharne-pour-ledification-de-letat-social\/#primaryimage"},"image":{"@id":"https:\/\/dpress.ma\/fr\/2025\/12\/08\/conformement-a-la-vision-royale-le-maroc-mene-un-travail-acharne-pour-ledification-de-letat-social\/#primaryimage"},"thumbnailUrl":"https:\/\/dpress.ma\/fr\/wp-content\/uploads\/sites\/2\/2025\/12\/AAAZER-1.jpg","datePublished":"2025-12-08T14:45:20+00:00","dateModified":"2025-12-08T14:45:21+00:00","author":{"@id":"https:\/\/dpress.ma\/fr\/#\/schema\/person\/4898febf3ccd59e6578d838656a306a0"},"breadcrumb":{"@id":"https:\/\/dpress.ma\/fr\/2025\/12\/08\/conformement-a-la-vision-royale-le-maroc-mene-un-travail-acharne-pour-ledification-de-letat-social\/#breadcrumb"},"inLanguage":"fr-FR","potentialAction":[{"@type":"ReadAction","target":["https:\/\/dpress.ma\/fr\/2025\/12\/08\/conformement-a-la-vision-royale-le-maroc-mene-un-travail-acharne-pour-ledification-de-letat-social\/"]}]},{"@type":"ImageObject","inLanguage":"fr-FR","@id":"https:\/\/dpress.ma\/fr\/2025\/12\/08\/conformement-a-la-vision-royale-le-maroc-mene-un-travail-acharne-pour-ledification-de-letat-social\/#primaryimage","url":"https:\/\/dpress.ma\/fr\/wp-content\/uploads\/sites\/2\/2025\/12\/AAAZER-1.jpg","contentUrl":"https:\/\/dpress.ma\/fr\/wp-content\/uploads\/sites\/2\/2025\/12\/AAAZER-1.jpg","width":2539,"height":1594},{"@type":"BreadcrumbList","@id":"https:\/\/dpress.ma\/fr\/2025\/12\/08\/conformement-a-la-vision-royale-le-maroc-mene-un-travail-acharne-pour-ledification-de-letat-social\/#breadcrumb","itemListElement":[{"@type":"ListItem","position":1,"name":"Home","item":"https:\/\/dpress.ma\/fr\/"},{"@type":"ListItem","position":2,"name":"Conform\u00e9ment \u00e0 la Vision Royale, le Maroc m\u00e8ne un travail acharn\u00e9 pour l\u2019\u00e9dification de l\u2019\u00c9tat social"}]},{"@type":"WebSite","@id":"https:\/\/dpress.ma\/fr\/#website","url":"https:\/\/dpress.ma\/fr\/","name":"Dpress.ma\/fr","description":"","potentialAction":[{"@type":"SearchAction","target":{"@type":"EntryPoint","urlTemplate":"https:\/\/dpress.ma\/fr\/?s={search_term_string}"},"query-input":{"@type":"PropertyValueSpecification","valueRequired":true,"valueName":"search_term_string"}}],"inLanguage":"fr-FR"},{"@type":"Person","@id":"https:\/\/dpress.ma\/fr\/#\/schema\/person\/4898febf3ccd59e6578d838656a306a0","name":"Dpress.ma","image":{"@type":"ImageObject","inLanguage":"fr-FR","@id":"https:\/\/secure.gravatar.com\/avatar\/72ecc30e9db047a2e0e7176561eb9d564ed77c8108376495b19bd8336405198a?s=96&d=mm&r=g","url":"https:\/\/secure.gravatar.com\/avatar\/72ecc30e9db047a2e0e7176561eb9d564ed77c8108376495b19bd8336405198a?s=96&d=mm&r=g","contentUrl":"https:\/\/secure.gravatar.com\/avatar\/72ecc30e9db047a2e0e7176561eb9d564ed77c8108376495b19bd8336405198a?s=96&d=mm&r=g","caption":"Dpress.ma"},"sameAs":["https:\/\/www.dpress.ma"],"url":"https:\/\/dpress.ma\/fr\/author\/dpress-ma\/"}]}},"amp_enabled":true,"_links":{"self":[{"href":"https:\/\/dpress.ma\/fr\/wp-json\/wp\/v2\/posts\/17905","targetHints":{"allow":["GET"]}}],"collection":[{"href":"https:\/\/dpress.ma\/fr\/wp-json\/wp\/v2\/posts"}],"about":[{"href":"https:\/\/dpress.ma\/fr\/wp-json\/wp\/v2\/types\/post"}],"author":[{"embeddable":true,"href":"https:\/\/dpress.ma\/fr\/wp-json\/wp\/v2\/users\/2"}],"replies":[{"embeddable":true,"href":"https:\/\/dpress.ma\/fr\/wp-json\/wp\/v2\/comments?post=17905"}],"version-history":[{"count":1,"href":"https:\/\/dpress.ma\/fr\/wp-json\/wp\/v2\/posts\/17905\/revisions"}],"predecessor-version":[{"id":17907,"href":"https:\/\/dpress.ma\/fr\/wp-json\/wp\/v2\/posts\/17905\/revisions\/17907"}],"wp:featuredmedia":[{"embeddable":true,"href":"https:\/\/dpress.ma\/fr\/wp-json\/wp\/v2\/media\/17906"}],"wp:attachment":[{"href":"https:\/\/dpress.ma\/fr\/wp-json\/wp\/v2\/media?parent=17905"}],"wp:term":[{"taxonomy":"category","embeddable":true,"href":"https:\/\/dpress.ma\/fr\/wp-json\/wp\/v2\/categories?post=17905"},{"taxonomy":"post_tag","embeddable":true,"href":"https:\/\/dpress.ma\/fr\/wp-json\/wp\/v2\/tags?post=17905"}],"curies":[{"name":"wp","href":"https:\/\/api.w.org\/{rel}","templated":true}]}}