{"id":17901,"date":"2025-12-08T14:42:44","date_gmt":"2025-12-08T14:42:44","guid":{"rendered":"https:\/\/dpress.ma\/fr\/?p=17901"},"modified":"2025-12-08T14:42:46","modified_gmt":"2025-12-08T14:42:46","slug":"m-akhannouch-au-quotidien-la-razon-sous-le-leadership-de-sm-le-roi-le-maroc-a-adopte-une-position-ferme-et-juste-sur-la-question-du-sahara","status":"publish","type":"post","link":"https:\/\/dpress.ma\/fr\/2025\/12\/08\/m-akhannouch-au-quotidien-la-razon-sous-le-leadership-de-sm-le-roi-le-maroc-a-adopte-une-position-ferme-et-juste-sur-la-question-du-sahara\/","title":{"rendered":"M. Akhannouch au quotidien La Razon: Sous le leadership de SM le Roi, le Maroc a adopt\u00e9 une position ferme et juste sur la question du Sahara"},"content":{"rendered":"\n<p>Dpress<\/p>\n\n\n\n<p>Sous le leadership de SM le Roi Mohammed VI, le Maroc a adopt\u00e9 une position ferme et juste sur la question du Sahara, a soulign\u00e9 le Chef du gouvernement Aziz Akhannouch dans un interview publi\u00e9e lundi par le quotidien espagnol \u201cLa Razon\u201d.<\/p>\n\n\n\n<p>L\u2019approche marocaine s\u2019appuie sur la diversification et l\u2019intensification des partenariats, en \u201cmettant au centre de ces derniers le soutien sans ambigu\u00eft\u00e9 \u00e0 notre souverainet\u00e9 territoriale pleine et indivisible\u201d, a relev\u00e9 M. Akhannouch, notant que la r\u00e9cente r\u00e9solution sur le Sahara adopt\u00e9e par le Conseil de s\u00e9curit\u00e9 des Nations unies est une d\u00e9cision internationale juste et \u00e9quitable qui repr\u00e9sente un accomplissement d\u00e9cisif pour le r\u00e8glement d\u00e9finitif de ce conflit artificiel qui n\u2019a que trop dur\u00e9.<\/p>\n\n\n\n<p>Cette r\u00e9solution place toutes les parties prenantes devant leurs responsabilit\u00e9s et leur offre une occasion historique et \u00e9quitable de b\u00e2tir un environnement r\u00e9gional plus harmonieux et prosp\u00e8re tourn\u00e9 vers un avenir porteur d\u2019un d\u00e9veloppement accru, une coexistence pacifique et une prosp\u00e9rit\u00e9 \u00e9conomique et sociale dans les r\u00e9gions du Sud, a-t-il soutenu.<\/p>\n\n\n\n<p>Pour le Chef du gouvernement, cette r\u00e9solution ouvre la voie \u00e0 un dialogue constructif en vue d\u2019un consensus entre toutes les parties, sans vainqueur ni vaincu, qui pr\u00e9serve la dignit\u00e9 de chacun, comme l\u2019a d\u00e9clar\u00e9 SM le Roi Mohammed VI dans Son dernier discours du Tr\u00f4ne.<\/p>\n\n\n\n<p>Ce que la diplomatie royale a repr\u00e9sent\u00e9 pendant 26 ans en termes de sagesse, de r\u00e9alisme et de fermet\u00e9 sur les plans national, r\u00e9gional et international, a fait du Maroc aujourd\u2019hui un mod\u00e8le de respect et de cr\u00e9dibilit\u00e9, et c\u2019est ce qui a permis ce tournant diplomatique d\u00e9cisif sur la question du Sahara, a-t-il dit.<\/p>\n\n\n\n<p>M. Akhannouch a rappel\u00e9 \u00e0 cet \u00e9gard qu\u2019il existe une convergence strat\u00e9gique entre Rabat et Madrid au sujet du Sahara marocain, gr\u00e2ce \u00e0 la clart\u00e9 et la constance de la position espagnole, en harmonie avec les r\u00e9solutions du Conseil de s\u00e9curit\u00e9. Cette position constitue un \u00e9l\u00e9ment essentiel de confiance entre les deux pays et un facteur structurant pour la stabilit\u00e9 r\u00e9gionale dans les espaces africain, m\u00e9diterran\u00e9en et atlantique, a-t-il expliqu\u00e9.<\/p>\n\n\n\n<p>Abordant l\u2019\u00e9tat actuel des relations entre le Maroc et l\u2019Espagne, le Chef du gouvernement a affirm\u00e9 que le partenariat entre les deux pays a connu une grande stabilit\u00e9 et une dynamique particuli\u00e8re ces derni\u00e8res ann\u00e9es, marqu\u00e9 par la confiance et le respect mutuel.<\/p>\n\n\n\n<p>\u201cLa dynamique politique impuls\u00e9e par nos deux Chefs d\u2019\u00c9tat, et la profondeur des liens qu\u2019ils entretiennent ont permis d\u2019ancrer ce partenariat dans la dur\u00e9e et la clart\u00e9, ouvrant la voie \u00e0 une coop\u00e9ration renforc\u00e9e et structurante\u201d, a-t-il indiqu\u00e9.<\/p>\n\n\n\n<p>M. Akhannouch a en outre mis en avant le caract\u00e8re strat\u00e9gique de ce partenariat. L\u2019Espagne est aujourd\u2019hui le premier partenaire commercial du Maroc, et le Maroc est pour l\u2019Espagne le 3\u00e8 client hors Union europ\u00e9enne, premier client et premier fournisseur de l\u2019Espagne sur l\u2019ensemble du continent africain. Quelques 800 entreprises espagnoles sont implant\u00e9es au Maroc et pr\u00e8s de 12.000 entreprises marocaines entretiennent des relations \u00e9conomiques avec l\u2019Espagne, a-t-il pr\u00e9cis\u00e9.<\/p>\n\n\n\n<p>Il a aussi \u00e9voqu\u00e9 la profondeur des relations humaines qui lient les deux Royaumes, avec pr\u00e8s d\u2019un million de Marocains r\u00e9sidant en Espagne et une communaut\u00e9 espagnole active au Maroc, refl\u00e9tant l\u2019imbrication \u00e9troite des espaces \u00e9conomiques, sociaux et culturels.<\/p>\n\n\n\n<p>Et de rappeler en outre l\u2019approche globale et \u00e9quilibr\u00e9e adopt\u00e9e par Rabat et Madrid sur la question de la migration, fond\u00e9e sur une coop\u00e9ration responsable avec les pays d\u2019origine et de transit, et marqu\u00e9e par des actions conjointes efficaces dans la lutte contre la migration irr\u00e9guli\u00e8re et les r\u00e9seaux de traite des \u00eatres humains.<\/p>\n\n\n\n<p>Preuve en est le grand succ\u00e8s de la R\u00e9union de haut niveau Maroc-Espagne, tenue la semaine derni\u00e8re \u00e0 Madrid avec la participation d\u2019une forte d\u00e9l\u00e9gation minist\u00e9rielle des deux c\u00f4t\u00e9s et qui s\u2019est sold\u00e9e par la signature de pas moins de 14 accords de coop\u00e9ration dans plusieurs domaines, a fait observer M. Akhannouch.<\/p>\n\n\n\n<p>Dans le cadre d\u2019une dynamique politique impuls\u00e9e au plus haut niveau par nos deux Chefs d\u2019\u00c9tat, les relations entre les deux pays reposent aujourd\u2019hui sur des param\u00e8tres politiques explicites, un dialogue stable et une vision commune avec un sens \u00e9lev\u00e9 de responsabilit\u00e9, a-t-il conclu.<\/p>\n","protected":false},"excerpt":{"rendered":"<p>Dpress Sous le leadership de SM le Roi Mohammed VI, le Maroc a adopt\u00e9 une position ferme et juste sur la question du Sahara, a soulign\u00e9 le Chef du gouvernement Aziz Akhannouch dans un interview publi\u00e9e lundi par le quotidien espagnol \u201cLa Razon\u201d. L\u2019approche marocaine s\u2019appuie sur la diversification et l\u2019intensification des partenariats, en \u201cmettant &hellip;<\/p>\n","protected":false},"author":2,"featured_media":17903,"comment_status":"open","ping_status":"open","sticky":false,"template":"","format":"standard","meta":{"footnotes":""},"categories":[41],"tags":[],"class_list":["post-17901","post","type-post","status-publish","format-standard","has-post-thumbnail","hentry","category-opinions-et-debats"],"yoast_head":"<!-- This site is optimized with the Yoast SEO plugin v27.5 - https:\/\/yoast.com\/product\/yoast-seo-wordpress\/ -->\n<title>M. Akhannouch au quotidien La Razon: Sous le leadership de SM le Roi, le Maroc a adopt\u00e9 une position ferme et juste sur la question du Sahara - Dpress.ma\/fr<\/title>\n<meta name=\"robots\" content=\"index, follow, max-snippet:-1, max-image-preview:large, max-video-preview:-1\" \/>\n<link rel=\"canonical\" href=\"https:\/\/dpress.ma\/fr\/2025\/12\/08\/m-akhannouch-au-quotidien-la-razon-sous-le-leadership-de-sm-le-roi-le-maroc-a-adopte-une-position-ferme-et-juste-sur-la-question-du-sahara\/\" \/>\n<meta property=\"og:locale\" content=\"fr_FR\" \/>\n<meta property=\"og:type\" content=\"article\" \/>\n<meta property=\"og:title\" content=\"M. Akhannouch au quotidien La Razon: Sous le leadership de SM le Roi, le Maroc a adopt\u00e9 une position ferme et juste sur la question du Sahara - Dpress.ma\/fr\" \/>\n<meta property=\"og:description\" content=\"Dpress Sous le leadership de SM le Roi Mohammed VI, le Maroc a adopt\u00e9 une position ferme et juste sur la question du Sahara, a soulign\u00e9 le Chef du gouvernement Aziz Akhannouch dans un interview publi\u00e9e lundi par le quotidien espagnol \u201cLa Razon\u201d. L\u2019approche marocaine s\u2019appuie sur la diversification et l\u2019intensification des partenariats, en \u201cmettant &hellip;\" \/>\n<meta property=\"og:url\" content=\"https:\/\/dpress.ma\/fr\/2025\/12\/08\/m-akhannouch-au-quotidien-la-razon-sous-le-leadership-de-sm-le-roi-le-maroc-a-adopte-une-position-ferme-et-juste-sur-la-question-du-sahara\/\" \/>\n<meta property=\"og:site_name\" content=\"Dpress.ma\/fr\" \/>\n<meta property=\"article:published_time\" content=\"2025-12-08T14:42:44+00:00\" \/>\n<meta property=\"article:modified_time\" content=\"2025-12-08T14:42:46+00:00\" \/>\n<meta property=\"og:image\" content=\"https:\/\/dpress.ma\/fr\/wp-content\/uploads\/sites\/2\/2025\/12\/qsd.jpg\" \/>\n\t<meta property=\"og:image:width\" content=\"2539\" \/>\n\t<meta property=\"og:image:height\" content=\"1594\" \/>\n\t<meta property=\"og:image:type\" content=\"image\/jpeg\" \/>\n<meta name=\"author\" content=\"Dpress.ma\" \/>\n<meta name=\"twitter:card\" content=\"summary_large_image\" \/>\n<meta name=\"twitter:label1\" content=\"\u00c9crit par\" \/>\n\t<meta name=\"twitter:data1\" content=\"Dpress.ma\" \/>\n\t<meta name=\"twitter:label2\" content=\"Dur\u00e9e de lecture estim\u00e9e\" \/>\n\t<meta name=\"twitter:data2\" content=\"4 minutes\" \/>\n<script type=\"application\/ld+json\" class=\"yoast-schema-graph\">{\"@context\":\"https:\\\/\\\/schema.org\",\"@graph\":[{\"@type\":\"Article\",\"@id\":\"https:\\\/\\\/dpress.ma\\\/fr\\\/2025\\\/12\\\/08\\\/m-akhannouch-au-quotidien-la-razon-sous-le-leadership-de-sm-le-roi-le-maroc-a-adopte-une-position-ferme-et-juste-sur-la-question-du-sahara\\\/#article\",\"isPartOf\":{\"@id\":\"https:\\\/\\\/dpress.ma\\\/fr\\\/2025\\\/12\\\/08\\\/m-akhannouch-au-quotidien-la-razon-sous-le-leadership-de-sm-le-roi-le-maroc-a-adopte-une-position-ferme-et-juste-sur-la-question-du-sahara\\\/\"},\"author\":{\"name\":\"Dpress.ma\",\"@id\":\"https:\\\/\\\/dpress.ma\\\/fr\\\/#\\\/schema\\\/person\\\/4898febf3ccd59e6578d838656a306a0\"},\"headline\":\"M. Akhannouch au quotidien La Razon: Sous le leadership de SM le Roi, le Maroc a adopt\u00e9 une position ferme et juste sur la question du Sahara\",\"datePublished\":\"2025-12-08T14:42:44+00:00\",\"dateModified\":\"2025-12-08T14:42:46+00:00\",\"mainEntityOfPage\":{\"@id\":\"https:\\\/\\\/dpress.ma\\\/fr\\\/2025\\\/12\\\/08\\\/m-akhannouch-au-quotidien-la-razon-sous-le-leadership-de-sm-le-roi-le-maroc-a-adopte-une-position-ferme-et-juste-sur-la-question-du-sahara\\\/\"},\"wordCount\":797,\"commentCount\":0,\"image\":{\"@id\":\"https:\\\/\\\/dpress.ma\\\/fr\\\/2025\\\/12\\\/08\\\/m-akhannouch-au-quotidien-la-razon-sous-le-leadership-de-sm-le-roi-le-maroc-a-adopte-une-position-ferme-et-juste-sur-la-question-du-sahara\\\/#primaryimage\"},\"thumbnailUrl\":\"https:\\\/\\\/dpress.ma\\\/fr\\\/wp-content\\\/uploads\\\/sites\\\/2\\\/2025\\\/12\\\/qsd.jpg\",\"articleSection\":[\"opinions-et-debats\"],\"inLanguage\":\"fr-FR\",\"potentialAction\":[{\"@type\":\"CommentAction\",\"name\":\"Comment\",\"target\":[\"https:\\\/\\\/dpress.ma\\\/fr\\\/2025\\\/12\\\/08\\\/m-akhannouch-au-quotidien-la-razon-sous-le-leadership-de-sm-le-roi-le-maroc-a-adopte-une-position-ferme-et-juste-sur-la-question-du-sahara\\\/#respond\"]}]},{\"@type\":\"WebPage\",\"@id\":\"https:\\\/\\\/dpress.ma\\\/fr\\\/2025\\\/12\\\/08\\\/m-akhannouch-au-quotidien-la-razon-sous-le-leadership-de-sm-le-roi-le-maroc-a-adopte-une-position-ferme-et-juste-sur-la-question-du-sahara\\\/\",\"url\":\"https:\\\/\\\/dpress.ma\\\/fr\\\/2025\\\/12\\\/08\\\/m-akhannouch-au-quotidien-la-razon-sous-le-leadership-de-sm-le-roi-le-maroc-a-adopte-une-position-ferme-et-juste-sur-la-question-du-sahara\\\/\",\"name\":\"M. Akhannouch au quotidien La Razon: Sous le leadership de SM le Roi, le Maroc a adopt\u00e9 une position ferme et juste sur la question du Sahara - Dpress.ma\\\/fr\",\"isPartOf\":{\"@id\":\"https:\\\/\\\/dpress.ma\\\/fr\\\/#website\"},\"primaryImageOfPage\":{\"@id\":\"https:\\\/\\\/dpress.ma\\\/fr\\\/2025\\\/12\\\/08\\\/m-akhannouch-au-quotidien-la-razon-sous-le-leadership-de-sm-le-roi-le-maroc-a-adopte-une-position-ferme-et-juste-sur-la-question-du-sahara\\\/#primaryimage\"},\"image\":{\"@id\":\"https:\\\/\\\/dpress.ma\\\/fr\\\/2025\\\/12\\\/08\\\/m-akhannouch-au-quotidien-la-razon-sous-le-leadership-de-sm-le-roi-le-maroc-a-adopte-une-position-ferme-et-juste-sur-la-question-du-sahara\\\/#primaryimage\"},\"thumbnailUrl\":\"https:\\\/\\\/dpress.ma\\\/fr\\\/wp-content\\\/uploads\\\/sites\\\/2\\\/2025\\\/12\\\/qsd.jpg\",\"datePublished\":\"2025-12-08T14:42:44+00:00\",\"dateModified\":\"2025-12-08T14:42:46+00:00\",\"author\":{\"@id\":\"https:\\\/\\\/dpress.ma\\\/fr\\\/#\\\/schema\\\/person\\\/4898febf3ccd59e6578d838656a306a0\"},\"breadcrumb\":{\"@id\":\"https:\\\/\\\/dpress.ma\\\/fr\\\/2025\\\/12\\\/08\\\/m-akhannouch-au-quotidien-la-razon-sous-le-leadership-de-sm-le-roi-le-maroc-a-adopte-une-position-ferme-et-juste-sur-la-question-du-sahara\\\/#breadcrumb\"},\"inLanguage\":\"fr-FR\",\"potentialAction\":[{\"@type\":\"ReadAction\",\"target\":[\"https:\\\/\\\/dpress.ma\\\/fr\\\/2025\\\/12\\\/08\\\/m-akhannouch-au-quotidien-la-razon-sous-le-leadership-de-sm-le-roi-le-maroc-a-adopte-une-position-ferme-et-juste-sur-la-question-du-sahara\\\/\"]}]},{\"@type\":\"ImageObject\",\"inLanguage\":\"fr-FR\",\"@id\":\"https:\\\/\\\/dpress.ma\\\/fr\\\/2025\\\/12\\\/08\\\/m-akhannouch-au-quotidien-la-razon-sous-le-leadership-de-sm-le-roi-le-maroc-a-adopte-une-position-ferme-et-juste-sur-la-question-du-sahara\\\/#primaryimage\",\"url\":\"https:\\\/\\\/dpress.ma\\\/fr\\\/wp-content\\\/uploads\\\/sites\\\/2\\\/2025\\\/12\\\/qsd.jpg\",\"contentUrl\":\"https:\\\/\\\/dpress.ma\\\/fr\\\/wp-content\\\/uploads\\\/sites\\\/2\\\/2025\\\/12\\\/qsd.jpg\",\"width\":2539,\"height\":1594},{\"@type\":\"BreadcrumbList\",\"@id\":\"https:\\\/\\\/dpress.ma\\\/fr\\\/2025\\\/12\\\/08\\\/m-akhannouch-au-quotidien-la-razon-sous-le-leadership-de-sm-le-roi-le-maroc-a-adopte-une-position-ferme-et-juste-sur-la-question-du-sahara\\\/#breadcrumb\",\"itemListElement\":[{\"@type\":\"ListItem\",\"position\":1,\"name\":\"Home\",\"item\":\"https:\\\/\\\/dpress.ma\\\/fr\\\/\"},{\"@type\":\"ListItem\",\"position\":2,\"name\":\"M. Akhannouch au quotidien La Razon: Sous le leadership de SM le Roi, le Maroc a adopt\u00e9 une position ferme et juste sur la question du Sahara\"}]},{\"@type\":\"WebSite\",\"@id\":\"https:\\\/\\\/dpress.ma\\\/fr\\\/#website\",\"url\":\"https:\\\/\\\/dpress.ma\\\/fr\\\/\",\"name\":\"Dpress.ma\\\/fr\",\"description\":\"\",\"potentialAction\":[{\"@type\":\"SearchAction\",\"target\":{\"@type\":\"EntryPoint\",\"urlTemplate\":\"https:\\\/\\\/dpress.ma\\\/fr\\\/?s={search_term_string}\"},\"query-input\":{\"@type\":\"PropertyValueSpecification\",\"valueRequired\":true,\"valueName\":\"search_term_string\"}}],\"inLanguage\":\"fr-FR\"},{\"@type\":\"Person\",\"@id\":\"https:\\\/\\\/dpress.ma\\\/fr\\\/#\\\/schema\\\/person\\\/4898febf3ccd59e6578d838656a306a0\",\"name\":\"Dpress.ma\",\"image\":{\"@type\":\"ImageObject\",\"inLanguage\":\"fr-FR\",\"@id\":\"https:\\\/\\\/secure.gravatar.com\\\/avatar\\\/72ecc30e9db047a2e0e7176561eb9d564ed77c8108376495b19bd8336405198a?s=96&d=mm&r=g\",\"url\":\"https:\\\/\\\/secure.gravatar.com\\\/avatar\\\/72ecc30e9db047a2e0e7176561eb9d564ed77c8108376495b19bd8336405198a?s=96&d=mm&r=g\",\"contentUrl\":\"https:\\\/\\\/secure.gravatar.com\\\/avatar\\\/72ecc30e9db047a2e0e7176561eb9d564ed77c8108376495b19bd8336405198a?s=96&d=mm&r=g\",\"caption\":\"Dpress.ma\"},\"sameAs\":[\"https:\\\/\\\/www.dpress.ma\"],\"url\":\"https:\\\/\\\/dpress.ma\\\/fr\\\/author\\\/dpress-ma\\\/\"}]}<\/script>\n<!-- \/ Yoast SEO plugin. -->","yoast_head_json":{"title":"M. Akhannouch au quotidien La Razon: Sous le leadership de SM le Roi, le Maroc a adopt\u00e9 une position ferme et juste sur la question du Sahara - Dpress.ma\/fr","robots":{"index":"index","follow":"follow","max-snippet":"max-snippet:-1","max-image-preview":"max-image-preview:large","max-video-preview":"max-video-preview:-1"},"canonical":"https:\/\/dpress.ma\/fr\/2025\/12\/08\/m-akhannouch-au-quotidien-la-razon-sous-le-leadership-de-sm-le-roi-le-maroc-a-adopte-une-position-ferme-et-juste-sur-la-question-du-sahara\/","og_locale":"fr_FR","og_type":"article","og_title":"M. Akhannouch au quotidien La Razon: Sous le leadership de SM le Roi, le Maroc a adopt\u00e9 une position ferme et juste sur la question du Sahara - Dpress.ma\/fr","og_description":"Dpress Sous le leadership de SM le Roi Mohammed VI, le Maroc a adopt\u00e9 une position ferme et juste sur la question du Sahara, a soulign\u00e9 le Chef du gouvernement Aziz Akhannouch dans un interview publi\u00e9e lundi par le quotidien espagnol \u201cLa Razon\u201d. L\u2019approche marocaine s\u2019appuie sur la diversification et l\u2019intensification des partenariats, en \u201cmettant &hellip;","og_url":"https:\/\/dpress.ma\/fr\/2025\/12\/08\/m-akhannouch-au-quotidien-la-razon-sous-le-leadership-de-sm-le-roi-le-maroc-a-adopte-une-position-ferme-et-juste-sur-la-question-du-sahara\/","og_site_name":"Dpress.ma\/fr","article_published_time":"2025-12-08T14:42:44+00:00","article_modified_time":"2025-12-08T14:42:46+00:00","og_image":[{"width":2539,"height":1594,"url":"https:\/\/dpress.ma\/fr\/wp-content\/uploads\/sites\/2\/2025\/12\/qsd.jpg","type":"image\/jpeg"}],"author":"Dpress.ma","twitter_card":"summary_large_image","twitter_misc":{"\u00c9crit par":"Dpress.ma","Dur\u00e9e de lecture estim\u00e9e":"4 minutes"},"schema":{"@context":"https:\/\/schema.org","@graph":[{"@type":"Article","@id":"https:\/\/dpress.ma\/fr\/2025\/12\/08\/m-akhannouch-au-quotidien-la-razon-sous-le-leadership-de-sm-le-roi-le-maroc-a-adopte-une-position-ferme-et-juste-sur-la-question-du-sahara\/#article","isPartOf":{"@id":"https:\/\/dpress.ma\/fr\/2025\/12\/08\/m-akhannouch-au-quotidien-la-razon-sous-le-leadership-de-sm-le-roi-le-maroc-a-adopte-une-position-ferme-et-juste-sur-la-question-du-sahara\/"},"author":{"name":"Dpress.ma","@id":"https:\/\/dpress.ma\/fr\/#\/schema\/person\/4898febf3ccd59e6578d838656a306a0"},"headline":"M. Akhannouch au quotidien La Razon: Sous le leadership de SM le Roi, le Maroc a adopt\u00e9 une position ferme et juste sur la question du Sahara","datePublished":"2025-12-08T14:42:44+00:00","dateModified":"2025-12-08T14:42:46+00:00","mainEntityOfPage":{"@id":"https:\/\/dpress.ma\/fr\/2025\/12\/08\/m-akhannouch-au-quotidien-la-razon-sous-le-leadership-de-sm-le-roi-le-maroc-a-adopte-une-position-ferme-et-juste-sur-la-question-du-sahara\/"},"wordCount":797,"commentCount":0,"image":{"@id":"https:\/\/dpress.ma\/fr\/2025\/12\/08\/m-akhannouch-au-quotidien-la-razon-sous-le-leadership-de-sm-le-roi-le-maroc-a-adopte-une-position-ferme-et-juste-sur-la-question-du-sahara\/#primaryimage"},"thumbnailUrl":"https:\/\/dpress.ma\/fr\/wp-content\/uploads\/sites\/2\/2025\/12\/qsd.jpg","articleSection":["opinions-et-debats"],"inLanguage":"fr-FR","potentialAction":[{"@type":"CommentAction","name":"Comment","target":["https:\/\/dpress.ma\/fr\/2025\/12\/08\/m-akhannouch-au-quotidien-la-razon-sous-le-leadership-de-sm-le-roi-le-maroc-a-adopte-une-position-ferme-et-juste-sur-la-question-du-sahara\/#respond"]}]},{"@type":"WebPage","@id":"https:\/\/dpress.ma\/fr\/2025\/12\/08\/m-akhannouch-au-quotidien-la-razon-sous-le-leadership-de-sm-le-roi-le-maroc-a-adopte-une-position-ferme-et-juste-sur-la-question-du-sahara\/","url":"https:\/\/dpress.ma\/fr\/2025\/12\/08\/m-akhannouch-au-quotidien-la-razon-sous-le-leadership-de-sm-le-roi-le-maroc-a-adopte-une-position-ferme-et-juste-sur-la-question-du-sahara\/","name":"M. Akhannouch au quotidien La Razon: Sous le leadership de SM le Roi, le Maroc a adopt\u00e9 une position ferme et juste sur la question du Sahara - Dpress.ma\/fr","isPartOf":{"@id":"https:\/\/dpress.ma\/fr\/#website"},"primaryImageOfPage":{"@id":"https:\/\/dpress.ma\/fr\/2025\/12\/08\/m-akhannouch-au-quotidien-la-razon-sous-le-leadership-de-sm-le-roi-le-maroc-a-adopte-une-position-ferme-et-juste-sur-la-question-du-sahara\/#primaryimage"},"image":{"@id":"https:\/\/dpress.ma\/fr\/2025\/12\/08\/m-akhannouch-au-quotidien-la-razon-sous-le-leadership-de-sm-le-roi-le-maroc-a-adopte-une-position-ferme-et-juste-sur-la-question-du-sahara\/#primaryimage"},"thumbnailUrl":"https:\/\/dpress.ma\/fr\/wp-content\/uploads\/sites\/2\/2025\/12\/qsd.jpg","datePublished":"2025-12-08T14:42:44+00:00","dateModified":"2025-12-08T14:42:46+00:00","author":{"@id":"https:\/\/dpress.ma\/fr\/#\/schema\/person\/4898febf3ccd59e6578d838656a306a0"},"breadcrumb":{"@id":"https:\/\/dpress.ma\/fr\/2025\/12\/08\/m-akhannouch-au-quotidien-la-razon-sous-le-leadership-de-sm-le-roi-le-maroc-a-adopte-une-position-ferme-et-juste-sur-la-question-du-sahara\/#breadcrumb"},"inLanguage":"fr-FR","potentialAction":[{"@type":"ReadAction","target":["https:\/\/dpress.ma\/fr\/2025\/12\/08\/m-akhannouch-au-quotidien-la-razon-sous-le-leadership-de-sm-le-roi-le-maroc-a-adopte-une-position-ferme-et-juste-sur-la-question-du-sahara\/"]}]},{"@type":"ImageObject","inLanguage":"fr-FR","@id":"https:\/\/dpress.ma\/fr\/2025\/12\/08\/m-akhannouch-au-quotidien-la-razon-sous-le-leadership-de-sm-le-roi-le-maroc-a-adopte-une-position-ferme-et-juste-sur-la-question-du-sahara\/#primaryimage","url":"https:\/\/dpress.ma\/fr\/wp-content\/uploads\/sites\/2\/2025\/12\/qsd.jpg","contentUrl":"https:\/\/dpress.ma\/fr\/wp-content\/uploads\/sites\/2\/2025\/12\/qsd.jpg","width":2539,"height":1594},{"@type":"BreadcrumbList","@id":"https:\/\/dpress.ma\/fr\/2025\/12\/08\/m-akhannouch-au-quotidien-la-razon-sous-le-leadership-de-sm-le-roi-le-maroc-a-adopte-une-position-ferme-et-juste-sur-la-question-du-sahara\/#breadcrumb","itemListElement":[{"@type":"ListItem","position":1,"name":"Home","item":"https:\/\/dpress.ma\/fr\/"},{"@type":"ListItem","position":2,"name":"M. Akhannouch au quotidien La Razon: Sous le leadership de SM le Roi, le Maroc a adopt\u00e9 une position ferme et juste sur la question du Sahara"}]},{"@type":"WebSite","@id":"https:\/\/dpress.ma\/fr\/#website","url":"https:\/\/dpress.ma\/fr\/","name":"Dpress.ma\/fr","description":"","potentialAction":[{"@type":"SearchAction","target":{"@type":"EntryPoint","urlTemplate":"https:\/\/dpress.ma\/fr\/?s={search_term_string}"},"query-input":{"@type":"PropertyValueSpecification","valueRequired":true,"valueName":"search_term_string"}}],"inLanguage":"fr-FR"},{"@type":"Person","@id":"https:\/\/dpress.ma\/fr\/#\/schema\/person\/4898febf3ccd59e6578d838656a306a0","name":"Dpress.ma","image":{"@type":"ImageObject","inLanguage":"fr-FR","@id":"https:\/\/secure.gravatar.com\/avatar\/72ecc30e9db047a2e0e7176561eb9d564ed77c8108376495b19bd8336405198a?s=96&d=mm&r=g","url":"https:\/\/secure.gravatar.com\/avatar\/72ecc30e9db047a2e0e7176561eb9d564ed77c8108376495b19bd8336405198a?s=96&d=mm&r=g","contentUrl":"https:\/\/secure.gravatar.com\/avatar\/72ecc30e9db047a2e0e7176561eb9d564ed77c8108376495b19bd8336405198a?s=96&d=mm&r=g","caption":"Dpress.ma"},"sameAs":["https:\/\/www.dpress.ma"],"url":"https:\/\/dpress.ma\/fr\/author\/dpress-ma\/"}]}},"amp_enabled":true,"_links":{"self":[{"href":"https:\/\/dpress.ma\/fr\/wp-json\/wp\/v2\/posts\/17901","targetHints":{"allow":["GET"]}}],"collection":[{"href":"https:\/\/dpress.ma\/fr\/wp-json\/wp\/v2\/posts"}],"about":[{"href":"https:\/\/dpress.ma\/fr\/wp-json\/wp\/v2\/types\/post"}],"author":[{"embeddable":true,"href":"https:\/\/dpress.ma\/fr\/wp-json\/wp\/v2\/users\/2"}],"replies":[{"embeddable":true,"href":"https:\/\/dpress.ma\/fr\/wp-json\/wp\/v2\/comments?post=17901"}],"version-history":[{"count":1,"href":"https:\/\/dpress.ma\/fr\/wp-json\/wp\/v2\/posts\/17901\/revisions"}],"predecessor-version":[{"id":17904,"href":"https:\/\/dpress.ma\/fr\/wp-json\/wp\/v2\/posts\/17901\/revisions\/17904"}],"wp:featuredmedia":[{"embeddable":true,"href":"https:\/\/dpress.ma\/fr\/wp-json\/wp\/v2\/media\/17903"}],"wp:attachment":[{"href":"https:\/\/dpress.ma\/fr\/wp-json\/wp\/v2\/media?parent=17901"}],"wp:term":[{"taxonomy":"category","embeddable":true,"href":"https:\/\/dpress.ma\/fr\/wp-json\/wp\/v2\/categories?post=17901"},{"taxonomy":"post_tag","embeddable":true,"href":"https:\/\/dpress.ma\/fr\/wp-json\/wp\/v2\/tags?post=17901"}],"curies":[{"name":"wp","href":"https:\/\/api.w.org\/{rel}","templated":true}]}}