{"id":17897,"date":"2025-12-08T14:24:11","date_gmt":"2025-12-08T14:24:11","guid":{"rendered":"https:\/\/dpress.ma\/fr\/?p=17897"},"modified":"2025-12-08T14:24:12","modified_gmt":"2025-12-08T14:24:12","slug":"le-conseil-superieur-des-oulemas-tient-sa-36e-session-ordinaire-les-12-et-13-decembre-a-rabat","status":"publish","type":"post","link":"https:\/\/dpress.ma\/fr\/2025\/12\/08\/le-conseil-superieur-des-oulemas-tient-sa-36e-session-ordinaire-les-12-et-13-decembre-a-rabat\/","title":{"rendered":"Le Conseil Sup\u00e9rieur des Oul\u00e9mas tient sa 36e session ordinaire les 12 et 13 d\u00e9cembre \u00e0 Rabat"},"content":{"rendered":"\n<p>Dpress<\/p>\n\n\n\n<p>Avec la Haute approbation de SM le Roi Mohammed VI, Amir Al-Mouminine, Pr\u00e9sident du Conseil Sup\u00e9rieur des Oul\u00e9mas, le Conseil tiendra sa 36e session ordinaire les 12 et 13 d\u00e9cembre \u00e0 Rabat.<\/p>\n\n\n\n<p>Lors de cette session, dont les travaux d\u00e9buteront au si\u00e8ge du Secr\u00e9tariat g\u00e9n\u00e9ral du Conseil le vendredi 12 d\u00e9cembre \u00e0 17h, les Commissions du Conseil examineront les questions \u00e0 l\u2019ordre du jour, indique un communiqu\u00e9 du Conseil Sup\u00e9rieur des Oul\u00e9ma.<\/p>\n\n\n\n<p>Il s\u2019agit de l\u2019adoption du programme d\u2019action annuel du Conseil et des Conseils des Oul\u00e9mas (2025-2026), de la discussion du programme de comm\u00e9moration du 15e si\u00e8cle de la naissance du Proph\u00e8te, que la Paix et le Salut soient sur Lui, \u00e0 la lumi\u00e8re de la Lettre Royale, en plus de la programmation des domaines d\u2019intervention sur le terrain dans le cadre du plan de communication \u201cTasdid Al-tabligh\u201d pour la p\u00e9riode 2025-2026, pr\u00e9cise le communiqu\u00e9.<\/p>\n\n\n\n<p>Les travaux du Conseil seront aussi consacr\u00e9s au bilan de l\u2019autorit\u00e9 charg\u00e9e de la Fatwa entre les deux sessions, ainsi qu\u2019\u00e0 la Fatwa sur la Zakat qu\u2019elle a \u00e9mise sur ordre de SM le Roi Mohammed VI, Amir Al Mouminine, au suivi des travaux scientifiques confi\u00e9s \u00e0 la Commission de valorisation du patrimoine et \u00e0 la Commission des \u00e9tudes et des recherches, outre l\u2019examen de la gestion du budget du Conseil Sup\u00e9rieur des Oul\u00e9mas et des Conseils des Oul\u00e9mas au titre de l\u2019ann\u00e9e financi\u00e8re 2026.<\/p>\n\n\n\n<p>Cette session d\u2019automne se tient conform\u00e9ment aux dispositions du Dahir 1.03.300 du 02 Rabii I 1425 de l\u2019H\u00e9gire (22 avril 2004), portant r\u00e9organisation des Conseils des Oul\u00e9ma tel qu\u2019il a \u00e9t\u00e9 modifi\u00e9 et compl\u00e9t\u00e9, notamment le premier alin\u00e9a de l\u2019Article 4, ainsi qu\u2019en application des dispositions du Dahir n\u00b0 1.04.231 du 7 Moharram 1426 de l\u2019H\u00e9gire (16 f\u00e9vrier 2005), portant approbation du r\u00e8glement int\u00e9rieur du Conseil sup\u00e9rieur des Oul\u00e9ma, notamment ses articles 5 et 6.<\/p>\n\n\n\n<p>Elle se tient \u00e9galement en application des Dahir n\u00b0 1.23.47 et n\u00b0 1.23.48 promulgu\u00e9s le 26 Dou Al Kiada 1444 H (15 juin 2023).<\/p>\n","protected":false},"excerpt":{"rendered":"<p>Dpress Avec la Haute approbation de SM le Roi Mohammed VI, Amir Al-Mouminine, Pr\u00e9sident du Conseil Sup\u00e9rieur des Oul\u00e9mas, le Conseil tiendra sa 36e session ordinaire les 12 et 13 d\u00e9cembre \u00e0 Rabat. Lors de cette session, dont les travaux d\u00e9buteront au si\u00e8ge du Secr\u00e9tariat g\u00e9n\u00e9ral du Conseil le vendredi 12 d\u00e9cembre \u00e0 17h, les &hellip;<\/p>\n","protected":false},"author":2,"featured_media":17898,"comment_status":"open","ping_status":"open","sticky":false,"template":"","format":"standard","meta":{"footnotes":""},"categories":[40],"tags":[],"class_list":["post-17897","post","type-post","status-publish","format-standard","has-post-thumbnail","hentry","category-societe-et-regions"],"yoast_head":"<!-- This site is optimized with the Yoast SEO plugin v27.5 - https:\/\/yoast.com\/product\/yoast-seo-wordpress\/ -->\n<title>Le Conseil Sup\u00e9rieur des Oul\u00e9mas tient sa 36e session ordinaire les 12 et 13 d\u00e9cembre \u00e0 Rabat - Dpress.ma\/fr<\/title>\n<meta name=\"robots\" content=\"index, follow, max-snippet:-1, max-image-preview:large, max-video-preview:-1\" \/>\n<link rel=\"canonical\" href=\"https:\/\/dpress.ma\/fr\/2025\/12\/08\/le-conseil-superieur-des-oulemas-tient-sa-36e-session-ordinaire-les-12-et-13-decembre-a-rabat\/\" \/>\n<meta property=\"og:locale\" content=\"fr_FR\" \/>\n<meta property=\"og:type\" content=\"article\" \/>\n<meta property=\"og:title\" content=\"Le Conseil Sup\u00e9rieur des Oul\u00e9mas tient sa 36e session ordinaire les 12 et 13 d\u00e9cembre \u00e0 Rabat - Dpress.ma\/fr\" \/>\n<meta property=\"og:description\" content=\"Dpress Avec la Haute approbation de SM le Roi Mohammed VI, Amir Al-Mouminine, Pr\u00e9sident du Conseil Sup\u00e9rieur des Oul\u00e9mas, le Conseil tiendra sa 36e session ordinaire les 12 et 13 d\u00e9cembre \u00e0 Rabat. Lors de cette session, dont les travaux d\u00e9buteront au si\u00e8ge du Secr\u00e9tariat g\u00e9n\u00e9ral du Conseil le vendredi 12 d\u00e9cembre \u00e0 17h, les &hellip;\" \/>\n<meta property=\"og:url\" content=\"https:\/\/dpress.ma\/fr\/2025\/12\/08\/le-conseil-superieur-des-oulemas-tient-sa-36e-session-ordinaire-les-12-et-13-decembre-a-rabat\/\" \/>\n<meta property=\"og:site_name\" content=\"Dpress.ma\/fr\" \/>\n<meta property=\"article:published_time\" content=\"2025-12-08T14:24:11+00:00\" \/>\n<meta property=\"article:modified_time\" content=\"2025-12-08T14:24:12+00:00\" \/>\n<meta property=\"og:image\" content=\"https:\/\/dpress.ma\/fr\/wp-content\/uploads\/sites\/2\/2025\/12\/KH6.jpg\" \/>\n\t<meta property=\"og:image:width\" content=\"2539\" \/>\n\t<meta property=\"og:image:height\" content=\"1594\" \/>\n\t<meta property=\"og:image:type\" content=\"image\/jpeg\" \/>\n<meta name=\"author\" content=\"Dpress.ma\" \/>\n<meta name=\"twitter:card\" content=\"summary_large_image\" \/>\n<meta name=\"twitter:label1\" content=\"\u00c9crit par\" \/>\n\t<meta name=\"twitter:data1\" content=\"Dpress.ma\" \/>\n\t<meta name=\"twitter:label2\" content=\"Dur\u00e9e de lecture estim\u00e9e\" \/>\n\t<meta name=\"twitter:data2\" content=\"2 minutes\" \/>\n<script type=\"application\/ld+json\" class=\"yoast-schema-graph\">{\"@context\":\"https:\\\/\\\/schema.org\",\"@graph\":[{\"@type\":\"Article\",\"@id\":\"https:\\\/\\\/dpress.ma\\\/fr\\\/2025\\\/12\\\/08\\\/le-conseil-superieur-des-oulemas-tient-sa-36e-session-ordinaire-les-12-et-13-decembre-a-rabat\\\/#article\",\"isPartOf\":{\"@id\":\"https:\\\/\\\/dpress.ma\\\/fr\\\/2025\\\/12\\\/08\\\/le-conseil-superieur-des-oulemas-tient-sa-36e-session-ordinaire-les-12-et-13-decembre-a-rabat\\\/\"},\"author\":{\"name\":\"Dpress.ma\",\"@id\":\"https:\\\/\\\/dpress.ma\\\/fr\\\/#\\\/schema\\\/person\\\/4898febf3ccd59e6578d838656a306a0\"},\"headline\":\"Le Conseil Sup\u00e9rieur des Oul\u00e9mas tient sa 36e session ordinaire les 12 et 13 d\u00e9cembre \u00e0 Rabat\",\"datePublished\":\"2025-12-08T14:24:11+00:00\",\"dateModified\":\"2025-12-08T14:24:12+00:00\",\"mainEntityOfPage\":{\"@id\":\"https:\\\/\\\/dpress.ma\\\/fr\\\/2025\\\/12\\\/08\\\/le-conseil-superieur-des-oulemas-tient-sa-36e-session-ordinaire-les-12-et-13-decembre-a-rabat\\\/\"},\"wordCount\":374,\"commentCount\":0,\"image\":{\"@id\":\"https:\\\/\\\/dpress.ma\\\/fr\\\/2025\\\/12\\\/08\\\/le-conseil-superieur-des-oulemas-tient-sa-36e-session-ordinaire-les-12-et-13-decembre-a-rabat\\\/#primaryimage\"},\"thumbnailUrl\":\"https:\\\/\\\/dpress.ma\\\/fr\\\/wp-content\\\/uploads\\\/sites\\\/2\\\/2025\\\/12\\\/KH6.jpg\",\"articleSection\":[\"societe et regions\"],\"inLanguage\":\"fr-FR\",\"potentialAction\":[{\"@type\":\"CommentAction\",\"name\":\"Comment\",\"target\":[\"https:\\\/\\\/dpress.ma\\\/fr\\\/2025\\\/12\\\/08\\\/le-conseil-superieur-des-oulemas-tient-sa-36e-session-ordinaire-les-12-et-13-decembre-a-rabat\\\/#respond\"]}]},{\"@type\":\"WebPage\",\"@id\":\"https:\\\/\\\/dpress.ma\\\/fr\\\/2025\\\/12\\\/08\\\/le-conseil-superieur-des-oulemas-tient-sa-36e-session-ordinaire-les-12-et-13-decembre-a-rabat\\\/\",\"url\":\"https:\\\/\\\/dpress.ma\\\/fr\\\/2025\\\/12\\\/08\\\/le-conseil-superieur-des-oulemas-tient-sa-36e-session-ordinaire-les-12-et-13-decembre-a-rabat\\\/\",\"name\":\"Le Conseil Sup\u00e9rieur des Oul\u00e9mas tient sa 36e session ordinaire les 12 et 13 d\u00e9cembre \u00e0 Rabat - Dpress.ma\\\/fr\",\"isPartOf\":{\"@id\":\"https:\\\/\\\/dpress.ma\\\/fr\\\/#website\"},\"primaryImageOfPage\":{\"@id\":\"https:\\\/\\\/dpress.ma\\\/fr\\\/2025\\\/12\\\/08\\\/le-conseil-superieur-des-oulemas-tient-sa-36e-session-ordinaire-les-12-et-13-decembre-a-rabat\\\/#primaryimage\"},\"image\":{\"@id\":\"https:\\\/\\\/dpress.ma\\\/fr\\\/2025\\\/12\\\/08\\\/le-conseil-superieur-des-oulemas-tient-sa-36e-session-ordinaire-les-12-et-13-decembre-a-rabat\\\/#primaryimage\"},\"thumbnailUrl\":\"https:\\\/\\\/dpress.ma\\\/fr\\\/wp-content\\\/uploads\\\/sites\\\/2\\\/2025\\\/12\\\/KH6.jpg\",\"datePublished\":\"2025-12-08T14:24:11+00:00\",\"dateModified\":\"2025-12-08T14:24:12+00:00\",\"author\":{\"@id\":\"https:\\\/\\\/dpress.ma\\\/fr\\\/#\\\/schema\\\/person\\\/4898febf3ccd59e6578d838656a306a0\"},\"breadcrumb\":{\"@id\":\"https:\\\/\\\/dpress.ma\\\/fr\\\/2025\\\/12\\\/08\\\/le-conseil-superieur-des-oulemas-tient-sa-36e-session-ordinaire-les-12-et-13-decembre-a-rabat\\\/#breadcrumb\"},\"inLanguage\":\"fr-FR\",\"potentialAction\":[{\"@type\":\"ReadAction\",\"target\":[\"https:\\\/\\\/dpress.ma\\\/fr\\\/2025\\\/12\\\/08\\\/le-conseil-superieur-des-oulemas-tient-sa-36e-session-ordinaire-les-12-et-13-decembre-a-rabat\\\/\"]}]},{\"@type\":\"ImageObject\",\"inLanguage\":\"fr-FR\",\"@id\":\"https:\\\/\\\/dpress.ma\\\/fr\\\/2025\\\/12\\\/08\\\/le-conseil-superieur-des-oulemas-tient-sa-36e-session-ordinaire-les-12-et-13-decembre-a-rabat\\\/#primaryimage\",\"url\":\"https:\\\/\\\/dpress.ma\\\/fr\\\/wp-content\\\/uploads\\\/sites\\\/2\\\/2025\\\/12\\\/KH6.jpg\",\"contentUrl\":\"https:\\\/\\\/dpress.ma\\\/fr\\\/wp-content\\\/uploads\\\/sites\\\/2\\\/2025\\\/12\\\/KH6.jpg\",\"width\":2539,\"height\":1594},{\"@type\":\"BreadcrumbList\",\"@id\":\"https:\\\/\\\/dpress.ma\\\/fr\\\/2025\\\/12\\\/08\\\/le-conseil-superieur-des-oulemas-tient-sa-36e-session-ordinaire-les-12-et-13-decembre-a-rabat\\\/#breadcrumb\",\"itemListElement\":[{\"@type\":\"ListItem\",\"position\":1,\"name\":\"Home\",\"item\":\"https:\\\/\\\/dpress.ma\\\/fr\\\/\"},{\"@type\":\"ListItem\",\"position\":2,\"name\":\"Le Conseil Sup\u00e9rieur des Oul\u00e9mas tient sa 36e session ordinaire les 12 et 13 d\u00e9cembre \u00e0 Rabat\"}]},{\"@type\":\"WebSite\",\"@id\":\"https:\\\/\\\/dpress.ma\\\/fr\\\/#website\",\"url\":\"https:\\\/\\\/dpress.ma\\\/fr\\\/\",\"name\":\"Dpress.ma\\\/fr\",\"description\":\"\",\"potentialAction\":[{\"@type\":\"SearchAction\",\"target\":{\"@type\":\"EntryPoint\",\"urlTemplate\":\"https:\\\/\\\/dpress.ma\\\/fr\\\/?s={search_term_string}\"},\"query-input\":{\"@type\":\"PropertyValueSpecification\",\"valueRequired\":true,\"valueName\":\"search_term_string\"}}],\"inLanguage\":\"fr-FR\"},{\"@type\":\"Person\",\"@id\":\"https:\\\/\\\/dpress.ma\\\/fr\\\/#\\\/schema\\\/person\\\/4898febf3ccd59e6578d838656a306a0\",\"name\":\"Dpress.ma\",\"image\":{\"@type\":\"ImageObject\",\"inLanguage\":\"fr-FR\",\"@id\":\"https:\\\/\\\/secure.gravatar.com\\\/avatar\\\/72ecc30e9db047a2e0e7176561eb9d564ed77c8108376495b19bd8336405198a?s=96&d=mm&r=g\",\"url\":\"https:\\\/\\\/secure.gravatar.com\\\/avatar\\\/72ecc30e9db047a2e0e7176561eb9d564ed77c8108376495b19bd8336405198a?s=96&d=mm&r=g\",\"contentUrl\":\"https:\\\/\\\/secure.gravatar.com\\\/avatar\\\/72ecc30e9db047a2e0e7176561eb9d564ed77c8108376495b19bd8336405198a?s=96&d=mm&r=g\",\"caption\":\"Dpress.ma\"},\"sameAs\":[\"https:\\\/\\\/www.dpress.ma\"],\"url\":\"https:\\\/\\\/dpress.ma\\\/fr\\\/author\\\/dpress-ma\\\/\"}]}<\/script>\n<!-- \/ Yoast SEO plugin. -->","yoast_head_json":{"title":"Le Conseil Sup\u00e9rieur des Oul\u00e9mas tient sa 36e session ordinaire les 12 et 13 d\u00e9cembre \u00e0 Rabat - Dpress.ma\/fr","robots":{"index":"index","follow":"follow","max-snippet":"max-snippet:-1","max-image-preview":"max-image-preview:large","max-video-preview":"max-video-preview:-1"},"canonical":"https:\/\/dpress.ma\/fr\/2025\/12\/08\/le-conseil-superieur-des-oulemas-tient-sa-36e-session-ordinaire-les-12-et-13-decembre-a-rabat\/","og_locale":"fr_FR","og_type":"article","og_title":"Le Conseil Sup\u00e9rieur des Oul\u00e9mas tient sa 36e session ordinaire les 12 et 13 d\u00e9cembre \u00e0 Rabat - Dpress.ma\/fr","og_description":"Dpress Avec la Haute approbation de SM le Roi Mohammed VI, Amir Al-Mouminine, Pr\u00e9sident du Conseil Sup\u00e9rieur des Oul\u00e9mas, le Conseil tiendra sa 36e session ordinaire les 12 et 13 d\u00e9cembre \u00e0 Rabat. Lors de cette session, dont les travaux d\u00e9buteront au si\u00e8ge du Secr\u00e9tariat g\u00e9n\u00e9ral du Conseil le vendredi 12 d\u00e9cembre \u00e0 17h, les &hellip;","og_url":"https:\/\/dpress.ma\/fr\/2025\/12\/08\/le-conseil-superieur-des-oulemas-tient-sa-36e-session-ordinaire-les-12-et-13-decembre-a-rabat\/","og_site_name":"Dpress.ma\/fr","article_published_time":"2025-12-08T14:24:11+00:00","article_modified_time":"2025-12-08T14:24:12+00:00","og_image":[{"width":2539,"height":1594,"url":"https:\/\/dpress.ma\/fr\/wp-content\/uploads\/sites\/2\/2025\/12\/KH6.jpg","type":"image\/jpeg"}],"author":"Dpress.ma","twitter_card":"summary_large_image","twitter_misc":{"\u00c9crit par":"Dpress.ma","Dur\u00e9e de lecture estim\u00e9e":"2 minutes"},"schema":{"@context":"https:\/\/schema.org","@graph":[{"@type":"Article","@id":"https:\/\/dpress.ma\/fr\/2025\/12\/08\/le-conseil-superieur-des-oulemas-tient-sa-36e-session-ordinaire-les-12-et-13-decembre-a-rabat\/#article","isPartOf":{"@id":"https:\/\/dpress.ma\/fr\/2025\/12\/08\/le-conseil-superieur-des-oulemas-tient-sa-36e-session-ordinaire-les-12-et-13-decembre-a-rabat\/"},"author":{"name":"Dpress.ma","@id":"https:\/\/dpress.ma\/fr\/#\/schema\/person\/4898febf3ccd59e6578d838656a306a0"},"headline":"Le Conseil Sup\u00e9rieur des Oul\u00e9mas tient sa 36e session ordinaire les 12 et 13 d\u00e9cembre \u00e0 Rabat","datePublished":"2025-12-08T14:24:11+00:00","dateModified":"2025-12-08T14:24:12+00:00","mainEntityOfPage":{"@id":"https:\/\/dpress.ma\/fr\/2025\/12\/08\/le-conseil-superieur-des-oulemas-tient-sa-36e-session-ordinaire-les-12-et-13-decembre-a-rabat\/"},"wordCount":374,"commentCount":0,"image":{"@id":"https:\/\/dpress.ma\/fr\/2025\/12\/08\/le-conseil-superieur-des-oulemas-tient-sa-36e-session-ordinaire-les-12-et-13-decembre-a-rabat\/#primaryimage"},"thumbnailUrl":"https:\/\/dpress.ma\/fr\/wp-content\/uploads\/sites\/2\/2025\/12\/KH6.jpg","articleSection":["societe et regions"],"inLanguage":"fr-FR","potentialAction":[{"@type":"CommentAction","name":"Comment","target":["https:\/\/dpress.ma\/fr\/2025\/12\/08\/le-conseil-superieur-des-oulemas-tient-sa-36e-session-ordinaire-les-12-et-13-decembre-a-rabat\/#respond"]}]},{"@type":"WebPage","@id":"https:\/\/dpress.ma\/fr\/2025\/12\/08\/le-conseil-superieur-des-oulemas-tient-sa-36e-session-ordinaire-les-12-et-13-decembre-a-rabat\/","url":"https:\/\/dpress.ma\/fr\/2025\/12\/08\/le-conseil-superieur-des-oulemas-tient-sa-36e-session-ordinaire-les-12-et-13-decembre-a-rabat\/","name":"Le Conseil Sup\u00e9rieur des Oul\u00e9mas tient sa 36e session ordinaire les 12 et 13 d\u00e9cembre \u00e0 Rabat - Dpress.ma\/fr","isPartOf":{"@id":"https:\/\/dpress.ma\/fr\/#website"},"primaryImageOfPage":{"@id":"https:\/\/dpress.ma\/fr\/2025\/12\/08\/le-conseil-superieur-des-oulemas-tient-sa-36e-session-ordinaire-les-12-et-13-decembre-a-rabat\/#primaryimage"},"image":{"@id":"https:\/\/dpress.ma\/fr\/2025\/12\/08\/le-conseil-superieur-des-oulemas-tient-sa-36e-session-ordinaire-les-12-et-13-decembre-a-rabat\/#primaryimage"},"thumbnailUrl":"https:\/\/dpress.ma\/fr\/wp-content\/uploads\/sites\/2\/2025\/12\/KH6.jpg","datePublished":"2025-12-08T14:24:11+00:00","dateModified":"2025-12-08T14:24:12+00:00","author":{"@id":"https:\/\/dpress.ma\/fr\/#\/schema\/person\/4898febf3ccd59e6578d838656a306a0"},"breadcrumb":{"@id":"https:\/\/dpress.ma\/fr\/2025\/12\/08\/le-conseil-superieur-des-oulemas-tient-sa-36e-session-ordinaire-les-12-et-13-decembre-a-rabat\/#breadcrumb"},"inLanguage":"fr-FR","potentialAction":[{"@type":"ReadAction","target":["https:\/\/dpress.ma\/fr\/2025\/12\/08\/le-conseil-superieur-des-oulemas-tient-sa-36e-session-ordinaire-les-12-et-13-decembre-a-rabat\/"]}]},{"@type":"ImageObject","inLanguage":"fr-FR","@id":"https:\/\/dpress.ma\/fr\/2025\/12\/08\/le-conseil-superieur-des-oulemas-tient-sa-36e-session-ordinaire-les-12-et-13-decembre-a-rabat\/#primaryimage","url":"https:\/\/dpress.ma\/fr\/wp-content\/uploads\/sites\/2\/2025\/12\/KH6.jpg","contentUrl":"https:\/\/dpress.ma\/fr\/wp-content\/uploads\/sites\/2\/2025\/12\/KH6.jpg","width":2539,"height":1594},{"@type":"BreadcrumbList","@id":"https:\/\/dpress.ma\/fr\/2025\/12\/08\/le-conseil-superieur-des-oulemas-tient-sa-36e-session-ordinaire-les-12-et-13-decembre-a-rabat\/#breadcrumb","itemListElement":[{"@type":"ListItem","position":1,"name":"Home","item":"https:\/\/dpress.ma\/fr\/"},{"@type":"ListItem","position":2,"name":"Le Conseil Sup\u00e9rieur des Oul\u00e9mas tient sa 36e session ordinaire les 12 et 13 d\u00e9cembre \u00e0 Rabat"}]},{"@type":"WebSite","@id":"https:\/\/dpress.ma\/fr\/#website","url":"https:\/\/dpress.ma\/fr\/","name":"Dpress.ma\/fr","description":"","potentialAction":[{"@type":"SearchAction","target":{"@type":"EntryPoint","urlTemplate":"https:\/\/dpress.ma\/fr\/?s={search_term_string}"},"query-input":{"@type":"PropertyValueSpecification","valueRequired":true,"valueName":"search_term_string"}}],"inLanguage":"fr-FR"},{"@type":"Person","@id":"https:\/\/dpress.ma\/fr\/#\/schema\/person\/4898febf3ccd59e6578d838656a306a0","name":"Dpress.ma","image":{"@type":"ImageObject","inLanguage":"fr-FR","@id":"https:\/\/secure.gravatar.com\/avatar\/72ecc30e9db047a2e0e7176561eb9d564ed77c8108376495b19bd8336405198a?s=96&d=mm&r=g","url":"https:\/\/secure.gravatar.com\/avatar\/72ecc30e9db047a2e0e7176561eb9d564ed77c8108376495b19bd8336405198a?s=96&d=mm&r=g","contentUrl":"https:\/\/secure.gravatar.com\/avatar\/72ecc30e9db047a2e0e7176561eb9d564ed77c8108376495b19bd8336405198a?s=96&d=mm&r=g","caption":"Dpress.ma"},"sameAs":["https:\/\/www.dpress.ma"],"url":"https:\/\/dpress.ma\/fr\/author\/dpress-ma\/"}]}},"amp_enabled":true,"_links":{"self":[{"href":"https:\/\/dpress.ma\/fr\/wp-json\/wp\/v2\/posts\/17897","targetHints":{"allow":["GET"]}}],"collection":[{"href":"https:\/\/dpress.ma\/fr\/wp-json\/wp\/v2\/posts"}],"about":[{"href":"https:\/\/dpress.ma\/fr\/wp-json\/wp\/v2\/types\/post"}],"author":[{"embeddable":true,"href":"https:\/\/dpress.ma\/fr\/wp-json\/wp\/v2\/users\/2"}],"replies":[{"embeddable":true,"href":"https:\/\/dpress.ma\/fr\/wp-json\/wp\/v2\/comments?post=17897"}],"version-history":[{"count":1,"href":"https:\/\/dpress.ma\/fr\/wp-json\/wp\/v2\/posts\/17897\/revisions"}],"predecessor-version":[{"id":17899,"href":"https:\/\/dpress.ma\/fr\/wp-json\/wp\/v2\/posts\/17897\/revisions\/17899"}],"wp:featuredmedia":[{"embeddable":true,"href":"https:\/\/dpress.ma\/fr\/wp-json\/wp\/v2\/media\/17898"}],"wp:attachment":[{"href":"https:\/\/dpress.ma\/fr\/wp-json\/wp\/v2\/media?parent=17897"}],"wp:term":[{"taxonomy":"category","embeddable":true,"href":"https:\/\/dpress.ma\/fr\/wp-json\/wp\/v2\/categories?post=17897"},{"taxonomy":"post_tag","embeddable":true,"href":"https:\/\/dpress.ma\/fr\/wp-json\/wp\/v2\/tags?post=17897"}],"curies":[{"name":"wp","href":"https:\/\/api.w.org\/{rel}","templated":true}]}}