{"id":17893,"date":"2025-12-08T13:32:21","date_gmt":"2025-12-08T13:32:21","guid":{"rendered":"https:\/\/dpress.ma\/fr\/?p=17893"},"modified":"2025-12-08T13:32:23","modified_gmt":"2025-12-08T13:32:23","slug":"le-safran-de-taliouine-lor-rouge-aux-multiples-vertus","status":"publish","type":"post","link":"https:\/\/dpress.ma\/fr\/2025\/12\/08\/le-safran-de-taliouine-lor-rouge-aux-multiples-vertus\/","title":{"rendered":"Le safran de Taliouine, l\u2019or rouge aux multiples vertus"},"content":{"rendered":"\n<p>Dpress<\/p>\n\n\n\n<p>Nich\u00e9e au c\u0153ur des montagnes de l\u2019Atlas, la commune de Taliouine, dans la province de Taroudant, est r\u00e9put\u00e9e pour son safran d\u2019une qualit\u00e9 exceptionnelle. La culture de cette \u00e9pice pr\u00e9cieuse exige un savoir-faire et une exp\u00e9rience consid\u00e9rables.<\/p>\n\n\n\n<p>Le safran ou l\u2019or rouge de Taliouine est un produit de qualit\u00e9 et une source de revenus essentielle pour la population locale, au m\u00eame titre que d\u2019autres activit\u00e9s agricoles vivri\u00e8res.<\/p>\n\n\n\n<p>Les habitants le consomment quotidiennement \u00e0 leur th\u00e9. Il est aussi pris\u00e9 par les touristes marocains et \u00e9trangers compte tenu de ses vertus nutritionnelles.<\/p>\n\n\n\n<p>Apr\u00e8s une ann\u00e9e d\u2019attente, arrive enfin le moment tant attendu de la cueillette de ces d\u00e9licates fleurs violettes, qui fleurissent dans les champs pendant seulement deux ou trois semaines, entre octobre et novembre.<\/p>\n\n\n\n<p>D\u00e8s les premi\u00e8res lueurs du jour, avant m\u00eame le lever du soleil, les femmes \u00e0 Talouine et des environs se rendent dans les champs, o\u00f9 elles cultivent cette \u00e9pice parmi les plus pr\u00e9cieuses et les plus recherch\u00e9es.<\/p>\n\n\n\n<p>Ces fleurs, qui s\u2019\u00e9panouissent la nuit, doivent \u00eatre cueillies rapidement et plac\u00e9es dans des paniers avant que les rayons du soleil ne les ab\u00eement, car elles sont tr\u00e8s fragiles. La r\u00e9colte se fait enti\u00e8rement \u00e0 la main, mais la production d\u2019un seul kilogramme de safran exige que chaque personne se penche et cueille au moins 150.000 fleurs.<\/p>\n\n\n\n<p>Pour Idriss Smih, directeur d\u2019une coop\u00e9rative locale, la r\u00e9colte du safran, qui consiste \u00e0 cueillir les fleurs violettes contenant les stigmates, est une t\u00e2che ardue. Elle doit \u00eatre effectu\u00e9e \u00e0 l\u2019aube, avant que la fleur ne soit compl\u00e8tement \u00e9panouie, car elle devient alors plus vuln\u00e9rable \u00e0 la poussi\u00e8re et aux insectes.<\/p>\n\n\n\n<p>Il a ajout\u00e9, dans une d\u00e9claration \u00e0 la MAP, que les femmes jouent un r\u00f4le essentiel dans la fili\u00e8re de production du safran. La cueillette de cette fleur d\u00e9licate exige une pr\u00e9cision extr\u00eames, des comp\u00e9tences que poss\u00e8dent les femmes de Taliouine, qui veillent \u00e0 ce que ce processus soit accompli avec le plus grand soin.<\/p>\n\n\n\n<p>La culture du safran est en plein essor dans la r\u00e9gion en raison de son prix \u00e9lev\u00e9, de la hausse des revenus qu\u2019il g\u00e9n\u00e8re, de sa valeur nutritionnelle et de la demande croissante. Cette croissance a \u00e9t\u00e9 favoris\u00e9e par la cr\u00e9ation de dizaines de coop\u00e9ratives et d\u2019associations d\u2019int\u00e9r\u00eat \u00e9conomique d\u00e9di\u00e9es \u00e0 sa transformation et \u00e0 sa commercialisation, ce qui accro\u00eet encore sa valeur et les revenus des agriculteurs de Taliouine.<\/p>\n\n\n\n<p>Nezha El Batouni, employ\u00e9e de la m\u00eame coop\u00e9rative, explique qu\u2019apr\u00e8s la r\u00e9colte du safran dans les champs, les femmes convergent au si\u00e8ge de la coop\u00e9rative et travaillent avec diligence, telles une ruche, pour pr\u00e9parer le safran en s\u00e9parant les stigmates des fleurs. Ensuite, les quantit\u00e9s extraites sont pes\u00e9es, s\u00e9ch\u00e9es, puis conditionn\u00e9es pour la vente. Elle a soulign\u00e9 que les femmes veillent \u00e0 cueillir les fleurs avant leur pleine \u00e9closion, ce qui pr\u00e9serve la qualit\u00e9 du safran.<\/p>\n\n\n\n<p>Dans le cadre des efforts d\u00e9ploy\u00e9s pour soutenir la fili\u00e8re safran, le 16e Festival international du safran s\u2019est tenu r\u00e9cemment dans la commune de Talouine, sur le th\u00e8me : \u201cGestion durable des ressources en eau : un levier pour le d\u00e9veloppement de la fili\u00e8re safran en r\u00e9gions montagneuses\u201d.<\/p>\n\n\n\n<p>Cet \u00e9v\u00e9nement, initi\u00e9 par l\u2019Association du Festival et ses partenaires, s\u2019inscrit dans le cadre de la strat\u00e9gie nationale \u201d G\u00e9n\u00e9ration Green 2020-2030 \u201d du minist\u00e8re de l\u2019Agriculture, de la P\u00eache maritime, du D\u00e9veloppement rural, de l\u2019Eau et des For\u00eats, qui vise \u00e0 promouvoir les fili\u00e8res agricoles \u00e0 forte valeur ajout\u00e9e et \u00e0 \u0153uvrer pour un d\u00e9veloppement durable.<\/p>\n\n\n\n<p>Le festival a r\u00e9uni nombre de coop\u00e9ratives issues de six r\u00e9gions du Royaume, dont une majorit\u00e9 de la r\u00e9gion Souss-Massa, partiellement de la province de Taroudant, offrant ainsi l\u2019opportunit\u00e9 de d\u00e9couvrir des pratiques exemplaires en mati\u00e8re de production et de commercialisation du safran aux niveaux local et national.<\/p>\n\n\n\n<p>L\u2019exposition de cette ann\u00e9e compte un espace d\u00e9di\u00e9 \u00e0 la promotion du safran et d\u2019autres produits locaux, stimulant ainsi l\u2019activit\u00e9 \u00e9conomique aux niveaux local et r\u00e9gional. Elle a \u00e9galement servi de plateforme de collaboration et de partenariat entre les coop\u00e9ratives de production, les acteurs de la fili\u00e8re et les organisations \u00e9conomiques concern\u00e9es par le safran et les produits du terroir, tout en contribuant au renforcement des comp\u00e9tences techniques des participants.<\/p>\n\n\n\n<p>Le programme comprenait \u00e9galement des ateliers pour d\u00e9velopper les comp\u00e9tences en mati\u00e8re de marketing num\u00e9rique, de r\u00e9seautage et d\u2019entrepreneuriat.<\/p>\n\n\n\n<p>Le festival a \u00e9galement propos\u00e9 de nombreuses activit\u00e9s \u00e9conomiques, culturelles et sportives, ainsi que des spectacles musicaux et des soir\u00e9es artistiques c\u00e9l\u00e9brant les principales coop\u00e9ratives professionnelles et rendant hommage \u00e0 plusieurs professionnels et acteurs de la fili\u00e8re safran.<\/p>\n","protected":false},"excerpt":{"rendered":"<p>Dpress Nich\u00e9e au c\u0153ur des montagnes de l\u2019Atlas, la commune de Taliouine, dans la province de Taroudant, est r\u00e9put\u00e9e pour son safran d\u2019une qualit\u00e9 exceptionnelle. La culture de cette \u00e9pice pr\u00e9cieuse exige un savoir-faire et une exp\u00e9rience consid\u00e9rables. Le safran ou l\u2019or rouge de Taliouine est un produit de qualit\u00e9 et une source de revenus &hellip;<\/p>\n","protected":false},"author":2,"featured_media":17894,"comment_status":"open","ping_status":"open","sticky":false,"template":"","format":"standard","meta":{"footnotes":""},"categories":[40],"tags":[],"class_list":["post-17893","post","type-post","status-publish","format-standard","has-post-thumbnail","hentry","category-societe-et-regions"],"yoast_head":"<!-- This site is optimized with the Yoast SEO plugin v27.5 - https:\/\/yoast.com\/product\/yoast-seo-wordpress\/ -->\n<title>Le safran de Taliouine, l\u2019or rouge aux multiples vertus - Dpress.ma\/fr<\/title>\n<meta name=\"robots\" content=\"index, follow, max-snippet:-1, max-image-preview:large, max-video-preview:-1\" \/>\n<link rel=\"canonical\" href=\"https:\/\/dpress.ma\/fr\/2025\/12\/08\/le-safran-de-taliouine-lor-rouge-aux-multiples-vertus\/\" \/>\n<meta property=\"og:locale\" content=\"fr_FR\" \/>\n<meta property=\"og:type\" content=\"article\" \/>\n<meta property=\"og:title\" content=\"Le safran de Taliouine, l\u2019or rouge aux multiples vertus - Dpress.ma\/fr\" \/>\n<meta property=\"og:description\" content=\"Dpress Nich\u00e9e au c\u0153ur des montagnes de l\u2019Atlas, la commune de Taliouine, dans la province de Taroudant, est r\u00e9put\u00e9e pour son safran d\u2019une qualit\u00e9 exceptionnelle. La culture de cette \u00e9pice pr\u00e9cieuse exige un savoir-faire et une exp\u00e9rience consid\u00e9rables. Le safran ou l\u2019or rouge de Taliouine est un produit de qualit\u00e9 et une source de revenus &hellip;\" \/>\n<meta property=\"og:url\" content=\"https:\/\/dpress.ma\/fr\/2025\/12\/08\/le-safran-de-taliouine-lor-rouge-aux-multiples-vertus\/\" \/>\n<meta property=\"og:site_name\" content=\"Dpress.ma\/fr\" \/>\n<meta property=\"article:published_time\" content=\"2025-12-08T13:32:21+00:00\" \/>\n<meta property=\"article:modified_time\" content=\"2025-12-08T13:32:23+00:00\" \/>\n<meta property=\"og:image\" content=\"https:\/\/dpress.ma\/fr\/wp-content\/uploads\/sites\/2\/2025\/12\/kh1.jpg\" \/>\n\t<meta property=\"og:image:width\" content=\"2539\" \/>\n\t<meta property=\"og:image:height\" content=\"1594\" \/>\n\t<meta property=\"og:image:type\" content=\"image\/jpeg\" \/>\n<meta name=\"author\" content=\"Dpress.ma\" \/>\n<meta name=\"twitter:card\" content=\"summary_large_image\" \/>\n<meta name=\"twitter:label1\" content=\"\u00c9crit par\" \/>\n\t<meta name=\"twitter:data1\" content=\"Dpress.ma\" \/>\n\t<meta name=\"twitter:label2\" content=\"Dur\u00e9e de lecture estim\u00e9e\" \/>\n\t<meta name=\"twitter:data2\" content=\"5 minutes\" \/>\n<script type=\"application\/ld+json\" class=\"yoast-schema-graph\">{\"@context\":\"https:\\\/\\\/schema.org\",\"@graph\":[{\"@type\":\"Article\",\"@id\":\"https:\\\/\\\/dpress.ma\\\/fr\\\/2025\\\/12\\\/08\\\/le-safran-de-taliouine-lor-rouge-aux-multiples-vertus\\\/#article\",\"isPartOf\":{\"@id\":\"https:\\\/\\\/dpress.ma\\\/fr\\\/2025\\\/12\\\/08\\\/le-safran-de-taliouine-lor-rouge-aux-multiples-vertus\\\/\"},\"author\":{\"name\":\"Dpress.ma\",\"@id\":\"https:\\\/\\\/dpress.ma\\\/fr\\\/#\\\/schema\\\/person\\\/4898febf3ccd59e6578d838656a306a0\"},\"headline\":\"Le safran de Taliouine, l\u2019or rouge aux multiples vertus\",\"datePublished\":\"2025-12-08T13:32:21+00:00\",\"dateModified\":\"2025-12-08T13:32:23+00:00\",\"mainEntityOfPage\":{\"@id\":\"https:\\\/\\\/dpress.ma\\\/fr\\\/2025\\\/12\\\/08\\\/le-safran-de-taliouine-lor-rouge-aux-multiples-vertus\\\/\"},\"wordCount\":870,\"commentCount\":0,\"image\":{\"@id\":\"https:\\\/\\\/dpress.ma\\\/fr\\\/2025\\\/12\\\/08\\\/le-safran-de-taliouine-lor-rouge-aux-multiples-vertus\\\/#primaryimage\"},\"thumbnailUrl\":\"https:\\\/\\\/dpress.ma\\\/fr\\\/wp-content\\\/uploads\\\/sites\\\/2\\\/2025\\\/12\\\/kh1.jpg\",\"articleSection\":[\"societe et regions\"],\"inLanguage\":\"fr-FR\",\"potentialAction\":[{\"@type\":\"CommentAction\",\"name\":\"Comment\",\"target\":[\"https:\\\/\\\/dpress.ma\\\/fr\\\/2025\\\/12\\\/08\\\/le-safran-de-taliouine-lor-rouge-aux-multiples-vertus\\\/#respond\"]}]},{\"@type\":\"WebPage\",\"@id\":\"https:\\\/\\\/dpress.ma\\\/fr\\\/2025\\\/12\\\/08\\\/le-safran-de-taliouine-lor-rouge-aux-multiples-vertus\\\/\",\"url\":\"https:\\\/\\\/dpress.ma\\\/fr\\\/2025\\\/12\\\/08\\\/le-safran-de-taliouine-lor-rouge-aux-multiples-vertus\\\/\",\"name\":\"Le safran de Taliouine, l\u2019or rouge aux multiples vertus - Dpress.ma\\\/fr\",\"isPartOf\":{\"@id\":\"https:\\\/\\\/dpress.ma\\\/fr\\\/#website\"},\"primaryImageOfPage\":{\"@id\":\"https:\\\/\\\/dpress.ma\\\/fr\\\/2025\\\/12\\\/08\\\/le-safran-de-taliouine-lor-rouge-aux-multiples-vertus\\\/#primaryimage\"},\"image\":{\"@id\":\"https:\\\/\\\/dpress.ma\\\/fr\\\/2025\\\/12\\\/08\\\/le-safran-de-taliouine-lor-rouge-aux-multiples-vertus\\\/#primaryimage\"},\"thumbnailUrl\":\"https:\\\/\\\/dpress.ma\\\/fr\\\/wp-content\\\/uploads\\\/sites\\\/2\\\/2025\\\/12\\\/kh1.jpg\",\"datePublished\":\"2025-12-08T13:32:21+00:00\",\"dateModified\":\"2025-12-08T13:32:23+00:00\",\"author\":{\"@id\":\"https:\\\/\\\/dpress.ma\\\/fr\\\/#\\\/schema\\\/person\\\/4898febf3ccd59e6578d838656a306a0\"},\"breadcrumb\":{\"@id\":\"https:\\\/\\\/dpress.ma\\\/fr\\\/2025\\\/12\\\/08\\\/le-safran-de-taliouine-lor-rouge-aux-multiples-vertus\\\/#breadcrumb\"},\"inLanguage\":\"fr-FR\",\"potentialAction\":[{\"@type\":\"ReadAction\",\"target\":[\"https:\\\/\\\/dpress.ma\\\/fr\\\/2025\\\/12\\\/08\\\/le-safran-de-taliouine-lor-rouge-aux-multiples-vertus\\\/\"]}]},{\"@type\":\"ImageObject\",\"inLanguage\":\"fr-FR\",\"@id\":\"https:\\\/\\\/dpress.ma\\\/fr\\\/2025\\\/12\\\/08\\\/le-safran-de-taliouine-lor-rouge-aux-multiples-vertus\\\/#primaryimage\",\"url\":\"https:\\\/\\\/dpress.ma\\\/fr\\\/wp-content\\\/uploads\\\/sites\\\/2\\\/2025\\\/12\\\/kh1.jpg\",\"contentUrl\":\"https:\\\/\\\/dpress.ma\\\/fr\\\/wp-content\\\/uploads\\\/sites\\\/2\\\/2025\\\/12\\\/kh1.jpg\",\"width\":2539,\"height\":1594},{\"@type\":\"BreadcrumbList\",\"@id\":\"https:\\\/\\\/dpress.ma\\\/fr\\\/2025\\\/12\\\/08\\\/le-safran-de-taliouine-lor-rouge-aux-multiples-vertus\\\/#breadcrumb\",\"itemListElement\":[{\"@type\":\"ListItem\",\"position\":1,\"name\":\"Home\",\"item\":\"https:\\\/\\\/dpress.ma\\\/fr\\\/\"},{\"@type\":\"ListItem\",\"position\":2,\"name\":\"Le safran de Taliouine, l\u2019or rouge aux multiples vertus\"}]},{\"@type\":\"WebSite\",\"@id\":\"https:\\\/\\\/dpress.ma\\\/fr\\\/#website\",\"url\":\"https:\\\/\\\/dpress.ma\\\/fr\\\/\",\"name\":\"Dpress.ma\\\/fr\",\"description\":\"\",\"potentialAction\":[{\"@type\":\"SearchAction\",\"target\":{\"@type\":\"EntryPoint\",\"urlTemplate\":\"https:\\\/\\\/dpress.ma\\\/fr\\\/?s={search_term_string}\"},\"query-input\":{\"@type\":\"PropertyValueSpecification\",\"valueRequired\":true,\"valueName\":\"search_term_string\"}}],\"inLanguage\":\"fr-FR\"},{\"@type\":\"Person\",\"@id\":\"https:\\\/\\\/dpress.ma\\\/fr\\\/#\\\/schema\\\/person\\\/4898febf3ccd59e6578d838656a306a0\",\"name\":\"Dpress.ma\",\"image\":{\"@type\":\"ImageObject\",\"inLanguage\":\"fr-FR\",\"@id\":\"https:\\\/\\\/secure.gravatar.com\\\/avatar\\\/72ecc30e9db047a2e0e7176561eb9d564ed77c8108376495b19bd8336405198a?s=96&d=mm&r=g\",\"url\":\"https:\\\/\\\/secure.gravatar.com\\\/avatar\\\/72ecc30e9db047a2e0e7176561eb9d564ed77c8108376495b19bd8336405198a?s=96&d=mm&r=g\",\"contentUrl\":\"https:\\\/\\\/secure.gravatar.com\\\/avatar\\\/72ecc30e9db047a2e0e7176561eb9d564ed77c8108376495b19bd8336405198a?s=96&d=mm&r=g\",\"caption\":\"Dpress.ma\"},\"sameAs\":[\"https:\\\/\\\/www.dpress.ma\"],\"url\":\"https:\\\/\\\/dpress.ma\\\/fr\\\/author\\\/dpress-ma\\\/\"}]}<\/script>\n<!-- \/ Yoast SEO plugin. -->","yoast_head_json":{"title":"Le safran de Taliouine, l\u2019or rouge aux multiples vertus - Dpress.ma\/fr","robots":{"index":"index","follow":"follow","max-snippet":"max-snippet:-1","max-image-preview":"max-image-preview:large","max-video-preview":"max-video-preview:-1"},"canonical":"https:\/\/dpress.ma\/fr\/2025\/12\/08\/le-safran-de-taliouine-lor-rouge-aux-multiples-vertus\/","og_locale":"fr_FR","og_type":"article","og_title":"Le safran de Taliouine, l\u2019or rouge aux multiples vertus - Dpress.ma\/fr","og_description":"Dpress Nich\u00e9e au c\u0153ur des montagnes de l\u2019Atlas, la commune de Taliouine, dans la province de Taroudant, est r\u00e9put\u00e9e pour son safran d\u2019une qualit\u00e9 exceptionnelle. La culture de cette \u00e9pice pr\u00e9cieuse exige un savoir-faire et une exp\u00e9rience consid\u00e9rables. Le safran ou l\u2019or rouge de Taliouine est un produit de qualit\u00e9 et une source de revenus &hellip;","og_url":"https:\/\/dpress.ma\/fr\/2025\/12\/08\/le-safran-de-taliouine-lor-rouge-aux-multiples-vertus\/","og_site_name":"Dpress.ma\/fr","article_published_time":"2025-12-08T13:32:21+00:00","article_modified_time":"2025-12-08T13:32:23+00:00","og_image":[{"width":2539,"height":1594,"url":"https:\/\/dpress.ma\/fr\/wp-content\/uploads\/sites\/2\/2025\/12\/kh1.jpg","type":"image\/jpeg"}],"author":"Dpress.ma","twitter_card":"summary_large_image","twitter_misc":{"\u00c9crit par":"Dpress.ma","Dur\u00e9e de lecture estim\u00e9e":"5 minutes"},"schema":{"@context":"https:\/\/schema.org","@graph":[{"@type":"Article","@id":"https:\/\/dpress.ma\/fr\/2025\/12\/08\/le-safran-de-taliouine-lor-rouge-aux-multiples-vertus\/#article","isPartOf":{"@id":"https:\/\/dpress.ma\/fr\/2025\/12\/08\/le-safran-de-taliouine-lor-rouge-aux-multiples-vertus\/"},"author":{"name":"Dpress.ma","@id":"https:\/\/dpress.ma\/fr\/#\/schema\/person\/4898febf3ccd59e6578d838656a306a0"},"headline":"Le safran de Taliouine, l\u2019or rouge aux multiples vertus","datePublished":"2025-12-08T13:32:21+00:00","dateModified":"2025-12-08T13:32:23+00:00","mainEntityOfPage":{"@id":"https:\/\/dpress.ma\/fr\/2025\/12\/08\/le-safran-de-taliouine-lor-rouge-aux-multiples-vertus\/"},"wordCount":870,"commentCount":0,"image":{"@id":"https:\/\/dpress.ma\/fr\/2025\/12\/08\/le-safran-de-taliouine-lor-rouge-aux-multiples-vertus\/#primaryimage"},"thumbnailUrl":"https:\/\/dpress.ma\/fr\/wp-content\/uploads\/sites\/2\/2025\/12\/kh1.jpg","articleSection":["societe et regions"],"inLanguage":"fr-FR","potentialAction":[{"@type":"CommentAction","name":"Comment","target":["https:\/\/dpress.ma\/fr\/2025\/12\/08\/le-safran-de-taliouine-lor-rouge-aux-multiples-vertus\/#respond"]}]},{"@type":"WebPage","@id":"https:\/\/dpress.ma\/fr\/2025\/12\/08\/le-safran-de-taliouine-lor-rouge-aux-multiples-vertus\/","url":"https:\/\/dpress.ma\/fr\/2025\/12\/08\/le-safran-de-taliouine-lor-rouge-aux-multiples-vertus\/","name":"Le safran de Taliouine, l\u2019or rouge aux multiples vertus - Dpress.ma\/fr","isPartOf":{"@id":"https:\/\/dpress.ma\/fr\/#website"},"primaryImageOfPage":{"@id":"https:\/\/dpress.ma\/fr\/2025\/12\/08\/le-safran-de-taliouine-lor-rouge-aux-multiples-vertus\/#primaryimage"},"image":{"@id":"https:\/\/dpress.ma\/fr\/2025\/12\/08\/le-safran-de-taliouine-lor-rouge-aux-multiples-vertus\/#primaryimage"},"thumbnailUrl":"https:\/\/dpress.ma\/fr\/wp-content\/uploads\/sites\/2\/2025\/12\/kh1.jpg","datePublished":"2025-12-08T13:32:21+00:00","dateModified":"2025-12-08T13:32:23+00:00","author":{"@id":"https:\/\/dpress.ma\/fr\/#\/schema\/person\/4898febf3ccd59e6578d838656a306a0"},"breadcrumb":{"@id":"https:\/\/dpress.ma\/fr\/2025\/12\/08\/le-safran-de-taliouine-lor-rouge-aux-multiples-vertus\/#breadcrumb"},"inLanguage":"fr-FR","potentialAction":[{"@type":"ReadAction","target":["https:\/\/dpress.ma\/fr\/2025\/12\/08\/le-safran-de-taliouine-lor-rouge-aux-multiples-vertus\/"]}]},{"@type":"ImageObject","inLanguage":"fr-FR","@id":"https:\/\/dpress.ma\/fr\/2025\/12\/08\/le-safran-de-taliouine-lor-rouge-aux-multiples-vertus\/#primaryimage","url":"https:\/\/dpress.ma\/fr\/wp-content\/uploads\/sites\/2\/2025\/12\/kh1.jpg","contentUrl":"https:\/\/dpress.ma\/fr\/wp-content\/uploads\/sites\/2\/2025\/12\/kh1.jpg","width":2539,"height":1594},{"@type":"BreadcrumbList","@id":"https:\/\/dpress.ma\/fr\/2025\/12\/08\/le-safran-de-taliouine-lor-rouge-aux-multiples-vertus\/#breadcrumb","itemListElement":[{"@type":"ListItem","position":1,"name":"Home","item":"https:\/\/dpress.ma\/fr\/"},{"@type":"ListItem","position":2,"name":"Le safran de Taliouine, l\u2019or rouge aux multiples vertus"}]},{"@type":"WebSite","@id":"https:\/\/dpress.ma\/fr\/#website","url":"https:\/\/dpress.ma\/fr\/","name":"Dpress.ma\/fr","description":"","potentialAction":[{"@type":"SearchAction","target":{"@type":"EntryPoint","urlTemplate":"https:\/\/dpress.ma\/fr\/?s={search_term_string}"},"query-input":{"@type":"PropertyValueSpecification","valueRequired":true,"valueName":"search_term_string"}}],"inLanguage":"fr-FR"},{"@type":"Person","@id":"https:\/\/dpress.ma\/fr\/#\/schema\/person\/4898febf3ccd59e6578d838656a306a0","name":"Dpress.ma","image":{"@type":"ImageObject","inLanguage":"fr-FR","@id":"https:\/\/secure.gravatar.com\/avatar\/72ecc30e9db047a2e0e7176561eb9d564ed77c8108376495b19bd8336405198a?s=96&d=mm&r=g","url":"https:\/\/secure.gravatar.com\/avatar\/72ecc30e9db047a2e0e7176561eb9d564ed77c8108376495b19bd8336405198a?s=96&d=mm&r=g","contentUrl":"https:\/\/secure.gravatar.com\/avatar\/72ecc30e9db047a2e0e7176561eb9d564ed77c8108376495b19bd8336405198a?s=96&d=mm&r=g","caption":"Dpress.ma"},"sameAs":["https:\/\/www.dpress.ma"],"url":"https:\/\/dpress.ma\/fr\/author\/dpress-ma\/"}]}},"amp_enabled":true,"_links":{"self":[{"href":"https:\/\/dpress.ma\/fr\/wp-json\/wp\/v2\/posts\/17893","targetHints":{"allow":["GET"]}}],"collection":[{"href":"https:\/\/dpress.ma\/fr\/wp-json\/wp\/v2\/posts"}],"about":[{"href":"https:\/\/dpress.ma\/fr\/wp-json\/wp\/v2\/types\/post"}],"author":[{"embeddable":true,"href":"https:\/\/dpress.ma\/fr\/wp-json\/wp\/v2\/users\/2"}],"replies":[{"embeddable":true,"href":"https:\/\/dpress.ma\/fr\/wp-json\/wp\/v2\/comments?post=17893"}],"version-history":[{"count":1,"href":"https:\/\/dpress.ma\/fr\/wp-json\/wp\/v2\/posts\/17893\/revisions"}],"predecessor-version":[{"id":17895,"href":"https:\/\/dpress.ma\/fr\/wp-json\/wp\/v2\/posts\/17893\/revisions\/17895"}],"wp:featuredmedia":[{"embeddable":true,"href":"https:\/\/dpress.ma\/fr\/wp-json\/wp\/v2\/media\/17894"}],"wp:attachment":[{"href":"https:\/\/dpress.ma\/fr\/wp-json\/wp\/v2\/media?parent=17893"}],"wp:term":[{"taxonomy":"category","embeddable":true,"href":"https:\/\/dpress.ma\/fr\/wp-json\/wp\/v2\/categories?post=17893"},{"taxonomy":"post_tag","embeddable":true,"href":"https:\/\/dpress.ma\/fr\/wp-json\/wp\/v2\/tags?post=17893"}],"curies":[{"name":"wp","href":"https:\/\/api.w.org\/{rel}","templated":true}]}}