{"id":17890,"date":"2025-12-08T13:20:09","date_gmt":"2025-12-08T13:20:09","guid":{"rendered":"https:\/\/dpress.ma\/fr\/?p=17890"},"modified":"2025-12-08T13:20:10","modified_gmt":"2025-12-08T13:20:10","slug":"la-caf-et-le-comite-dorganisation-devoilent-assad-la-mascotte-officielle-de-la-can-maroc-2025","status":"publish","type":"post","link":"https:\/\/dpress.ma\/fr\/2025\/12\/08\/la-caf-et-le-comite-dorganisation-devoilent-assad-la-mascotte-officielle-de-la-can-maroc-2025\/","title":{"rendered":"La CAF et le comit\u00e9 d\u2019organisation d\u00e9voilent \u201cAssad\u201d, la mascotte officielle de la CAN Maroc 2025"},"content":{"rendered":"\n<p>Dpress<\/p>\n\n\n\n<p>La Conf\u00e9d\u00e9ration Africaine de Football (CAF) et le Comit\u00e9 local d\u2019organisation ont d\u00e9voil\u00e9 \u201cAssad\u201d, la mascotte officielle de la TotalEnergies CAF Coupe d\u2019Afrique des Nations TotalEnergies, Maroc 2025, un symbole vibrant de la fiert\u00e9 africaine et de la passion du football.<\/p>\n\n\n\n<p>Inspir\u00e9 du lion de l\u2019Atlas, l\u2019un des symboles nationaux les plus embl\u00e9matiques du Maroc, figure \u00e0 la fois f\u00e9d\u00e9ratrice et puissante \u00e0 l\u2019\u00e9chelle du continent africain, Assad tire son nom du mot arabe signifiant \u201clion\u201d, a indiqu\u00e9 lundi la CAF sur son site, ajoutant qu\u2019il incarne la force, la fiert\u00e9 et l\u2019authenticit\u00e9 culturelle, des valeurs qui r\u00e9sonnent profond\u00e9ment aupr\u00e8s des supporters au Maroc comme partout en Afrique.<\/p>\n\n\n\n<p>En tant qu\u2019ambassadeur du tournoi, Assad symbolise l\u2019enthousiasme, la ferveur et l\u2019\u00e9nergie qui font la grandeur de la plus prestigieuse comp\u00e9tition de football du continent, a pr\u00e9cis\u00e9 la m\u00eame source, notant qu\u2019il occupera un r\u00f4le cl\u00e9 dans la cr\u00e9ation d\u2019un lien \u00e9motionnel durable avec les publics et dans la mobilisation de toutes les g\u00e9n\u00e9rations, en particulier les enfants et les familles, qui constituent le c\u0153ur de la culture du football africain et de son futur.<\/p>\n\n\n\n<p>Pr\u00e9sent au c\u0153ur des stades, des fan zones et des \u00e9v\u00e9nements communautaires, Assad sera l\u2019un des principaux vecteurs d\u2019animation aupr\u00e8s des supporters. Il accompagnera les actions de marketing et de promotion, dynamisera les contenus num\u00e9riques et les exp\u00e9riences interactives, tout en s\u2019inscrivant durablement dans la construction et le rayonnement de l\u2019identit\u00e9 de marque de la CAF.<\/p>\n\n\n\n<p>L\u2019identit\u00e9 visuelle d\u2019Assad repose sur un lion amical et juv\u00e9nile, dont les traits expressifs et la personnalit\u00e9 \u00e9nergique refl\u00e8tent la chaleur, la cr\u00e9ativit\u00e9 et la diversit\u00e9 de l\u2019Afrique. Sa palette de couleurs et son style global s\u2019int\u00e8grent parfaitement \u00e0 l\u2019identit\u00e9 de la TotalEnergies CAF CAN Maroc 2025, garantissant une image de tournoi coh\u00e9rente, moderne et dynamique.<\/p>\n\n\n\n<p>Pens\u00e9 au-del\u00e0 de la TotalEnergies CAF CAN Maroc 2025, Assad s\u2019inscrit r\u00e9solument dans la vision \u00e0 long terme du football africain. Il continuera d\u2019accompagner les programmes de d\u00e9veloppement des jeunes et du football de base de la CAF, les initiatives scolaires et communautaires, ainsi que les futures formes de narration num\u00e9rique.<\/p>\n\n\n\n<p>V\u00e9ritable ambassadeur durable du football africain, Assad a aussi pour vocation d\u2019inspirer, de rassembler et de transmettre aux nouvelles g\u00e9n\u00e9rations \u00e0 l\u2019\u00e9chelle du continent, a relev\u00e9 la CAF.<\/p>\n\n\n\n<p>Avec Assad, la TotalEnergies CAF CAN Maroc 2025 s\u2019appr\u00eate \u00e0 proposer une exp\u00e9rience m\u00e9morable, c\u00e9l\u00e9brant l\u2019unit\u00e9, la fiert\u00e9 et la force du football africain; Son arriv\u00e9e constitue une \u00e9tape d\u00e9terminante dans l\u2019affirmation de l\u2019identit\u00e9 du tournoi et dans l\u2019approfondissement de son empreinte culturelle, conclut l\u2019instance footballistique africaine.<\/p>\n","protected":false},"excerpt":{"rendered":"<p>Dpress La Conf\u00e9d\u00e9ration Africaine de Football (CAF) et le Comit\u00e9 local d\u2019organisation ont d\u00e9voil\u00e9 \u201cAssad\u201d, la mascotte officielle de la TotalEnergies CAF Coupe d\u2019Afrique des Nations TotalEnergies, Maroc 2025, un symbole vibrant de la fiert\u00e9 africaine et de la passion du football. Inspir\u00e9 du lion de l\u2019Atlas, l\u2019un des symboles nationaux les plus embl\u00e9matiques du &hellip;<\/p>\n","protected":false},"author":2,"featured_media":17891,"comment_status":"open","ping_status":"open","sticky":false,"template":"","format":"standard","meta":{"footnotes":""},"categories":[27],"tags":[],"class_list":["post-17890","post","type-post","status-publish","format-standard","has-post-thumbnail","hentry","category-sport"],"yoast_head":"<!-- This site is optimized with the Yoast SEO plugin v27.5 - https:\/\/yoast.com\/product\/yoast-seo-wordpress\/ -->\n<title>La CAF et le comit\u00e9 d\u2019organisation d\u00e9voilent \u201cAssad\u201d, la mascotte officielle de la CAN Maroc 2025 - Dpress.ma\/fr<\/title>\n<meta name=\"robots\" content=\"index, follow, max-snippet:-1, max-image-preview:large, max-video-preview:-1\" \/>\n<link rel=\"canonical\" href=\"https:\/\/dpress.ma\/fr\/2025\/12\/08\/la-caf-et-le-comite-dorganisation-devoilent-assad-la-mascotte-officielle-de-la-can-maroc-2025\/\" \/>\n<meta property=\"og:locale\" content=\"fr_FR\" \/>\n<meta property=\"og:type\" content=\"article\" \/>\n<meta property=\"og:title\" content=\"La CAF et le comit\u00e9 d\u2019organisation d\u00e9voilent \u201cAssad\u201d, la mascotte officielle de la CAN Maroc 2025 - Dpress.ma\/fr\" \/>\n<meta property=\"og:description\" content=\"Dpress La Conf\u00e9d\u00e9ration Africaine de Football (CAF) et le Comit\u00e9 local d\u2019organisation ont d\u00e9voil\u00e9 \u201cAssad\u201d, la mascotte officielle de la TotalEnergies CAF Coupe d\u2019Afrique des Nations TotalEnergies, Maroc 2025, un symbole vibrant de la fiert\u00e9 africaine et de la passion du football. Inspir\u00e9 du lion de l\u2019Atlas, l\u2019un des symboles nationaux les plus embl\u00e9matiques du &hellip;\" \/>\n<meta property=\"og:url\" content=\"https:\/\/dpress.ma\/fr\/2025\/12\/08\/la-caf-et-le-comite-dorganisation-devoilent-assad-la-mascotte-officielle-de-la-can-maroc-2025\/\" \/>\n<meta property=\"og:site_name\" content=\"Dpress.ma\/fr\" \/>\n<meta property=\"article:published_time\" content=\"2025-12-08T13:20:09+00:00\" \/>\n<meta property=\"article:modified_time\" content=\"2025-12-08T13:20:10+00:00\" \/>\n<meta property=\"og:image\" content=\"https:\/\/dpress.ma\/fr\/wp-content\/uploads\/sites\/2\/2025\/12\/2225.jpg\" \/>\n\t<meta property=\"og:image:width\" content=\"2539\" \/>\n\t<meta property=\"og:image:height\" content=\"1594\" \/>\n\t<meta property=\"og:image:type\" content=\"image\/jpeg\" \/>\n<meta name=\"author\" content=\"Dpress.ma\" \/>\n<meta name=\"twitter:card\" content=\"summary_large_image\" \/>\n<meta name=\"twitter:label1\" content=\"\u00c9crit par\" \/>\n\t<meta name=\"twitter:data1\" content=\"Dpress.ma\" \/>\n\t<meta name=\"twitter:label2\" content=\"Dur\u00e9e de lecture estim\u00e9e\" \/>\n\t<meta name=\"twitter:data2\" content=\"3 minutes\" \/>\n<script type=\"application\/ld+json\" class=\"yoast-schema-graph\">{\"@context\":\"https:\\\/\\\/schema.org\",\"@graph\":[{\"@type\":\"Article\",\"@id\":\"https:\\\/\\\/dpress.ma\\\/fr\\\/2025\\\/12\\\/08\\\/la-caf-et-le-comite-dorganisation-devoilent-assad-la-mascotte-officielle-de-la-can-maroc-2025\\\/#article\",\"isPartOf\":{\"@id\":\"https:\\\/\\\/dpress.ma\\\/fr\\\/2025\\\/12\\\/08\\\/la-caf-et-le-comite-dorganisation-devoilent-assad-la-mascotte-officielle-de-la-can-maroc-2025\\\/\"},\"author\":{\"name\":\"Dpress.ma\",\"@id\":\"https:\\\/\\\/dpress.ma\\\/fr\\\/#\\\/schema\\\/person\\\/4898febf3ccd59e6578d838656a306a0\"},\"headline\":\"La CAF et le comit\u00e9 d\u2019organisation d\u00e9voilent \u201cAssad\u201d, la mascotte officielle de la CAN Maroc 2025\",\"datePublished\":\"2025-12-08T13:20:09+00:00\",\"dateModified\":\"2025-12-08T13:20:10+00:00\",\"mainEntityOfPage\":{\"@id\":\"https:\\\/\\\/dpress.ma\\\/fr\\\/2025\\\/12\\\/08\\\/la-caf-et-le-comite-dorganisation-devoilent-assad-la-mascotte-officielle-de-la-can-maroc-2025\\\/\"},\"wordCount\":501,\"commentCount\":0,\"image\":{\"@id\":\"https:\\\/\\\/dpress.ma\\\/fr\\\/2025\\\/12\\\/08\\\/la-caf-et-le-comite-dorganisation-devoilent-assad-la-mascotte-officielle-de-la-can-maroc-2025\\\/#primaryimage\"},\"thumbnailUrl\":\"https:\\\/\\\/dpress.ma\\\/fr\\\/wp-content\\\/uploads\\\/sites\\\/2\\\/2025\\\/12\\\/2225.jpg\",\"articleSection\":[\"Sport\"],\"inLanguage\":\"fr-FR\",\"potentialAction\":[{\"@type\":\"CommentAction\",\"name\":\"Comment\",\"target\":[\"https:\\\/\\\/dpress.ma\\\/fr\\\/2025\\\/12\\\/08\\\/la-caf-et-le-comite-dorganisation-devoilent-assad-la-mascotte-officielle-de-la-can-maroc-2025\\\/#respond\"]}]},{\"@type\":\"WebPage\",\"@id\":\"https:\\\/\\\/dpress.ma\\\/fr\\\/2025\\\/12\\\/08\\\/la-caf-et-le-comite-dorganisation-devoilent-assad-la-mascotte-officielle-de-la-can-maroc-2025\\\/\",\"url\":\"https:\\\/\\\/dpress.ma\\\/fr\\\/2025\\\/12\\\/08\\\/la-caf-et-le-comite-dorganisation-devoilent-assad-la-mascotte-officielle-de-la-can-maroc-2025\\\/\",\"name\":\"La CAF et le comit\u00e9 d\u2019organisation d\u00e9voilent \u201cAssad\u201d, la mascotte officielle de la CAN Maroc 2025 - Dpress.ma\\\/fr\",\"isPartOf\":{\"@id\":\"https:\\\/\\\/dpress.ma\\\/fr\\\/#website\"},\"primaryImageOfPage\":{\"@id\":\"https:\\\/\\\/dpress.ma\\\/fr\\\/2025\\\/12\\\/08\\\/la-caf-et-le-comite-dorganisation-devoilent-assad-la-mascotte-officielle-de-la-can-maroc-2025\\\/#primaryimage\"},\"image\":{\"@id\":\"https:\\\/\\\/dpress.ma\\\/fr\\\/2025\\\/12\\\/08\\\/la-caf-et-le-comite-dorganisation-devoilent-assad-la-mascotte-officielle-de-la-can-maroc-2025\\\/#primaryimage\"},\"thumbnailUrl\":\"https:\\\/\\\/dpress.ma\\\/fr\\\/wp-content\\\/uploads\\\/sites\\\/2\\\/2025\\\/12\\\/2225.jpg\",\"datePublished\":\"2025-12-08T13:20:09+00:00\",\"dateModified\":\"2025-12-08T13:20:10+00:00\",\"author\":{\"@id\":\"https:\\\/\\\/dpress.ma\\\/fr\\\/#\\\/schema\\\/person\\\/4898febf3ccd59e6578d838656a306a0\"},\"breadcrumb\":{\"@id\":\"https:\\\/\\\/dpress.ma\\\/fr\\\/2025\\\/12\\\/08\\\/la-caf-et-le-comite-dorganisation-devoilent-assad-la-mascotte-officielle-de-la-can-maroc-2025\\\/#breadcrumb\"},\"inLanguage\":\"fr-FR\",\"potentialAction\":[{\"@type\":\"ReadAction\",\"target\":[\"https:\\\/\\\/dpress.ma\\\/fr\\\/2025\\\/12\\\/08\\\/la-caf-et-le-comite-dorganisation-devoilent-assad-la-mascotte-officielle-de-la-can-maroc-2025\\\/\"]}]},{\"@type\":\"ImageObject\",\"inLanguage\":\"fr-FR\",\"@id\":\"https:\\\/\\\/dpress.ma\\\/fr\\\/2025\\\/12\\\/08\\\/la-caf-et-le-comite-dorganisation-devoilent-assad-la-mascotte-officielle-de-la-can-maroc-2025\\\/#primaryimage\",\"url\":\"https:\\\/\\\/dpress.ma\\\/fr\\\/wp-content\\\/uploads\\\/sites\\\/2\\\/2025\\\/12\\\/2225.jpg\",\"contentUrl\":\"https:\\\/\\\/dpress.ma\\\/fr\\\/wp-content\\\/uploads\\\/sites\\\/2\\\/2025\\\/12\\\/2225.jpg\",\"width\":2539,\"height\":1594},{\"@type\":\"BreadcrumbList\",\"@id\":\"https:\\\/\\\/dpress.ma\\\/fr\\\/2025\\\/12\\\/08\\\/la-caf-et-le-comite-dorganisation-devoilent-assad-la-mascotte-officielle-de-la-can-maroc-2025\\\/#breadcrumb\",\"itemListElement\":[{\"@type\":\"ListItem\",\"position\":1,\"name\":\"Home\",\"item\":\"https:\\\/\\\/dpress.ma\\\/fr\\\/\"},{\"@type\":\"ListItem\",\"position\":2,\"name\":\"La CAF et le comit\u00e9 d\u2019organisation d\u00e9voilent \u201cAssad\u201d, la mascotte officielle de la CAN Maroc 2025\"}]},{\"@type\":\"WebSite\",\"@id\":\"https:\\\/\\\/dpress.ma\\\/fr\\\/#website\",\"url\":\"https:\\\/\\\/dpress.ma\\\/fr\\\/\",\"name\":\"Dpress.ma\\\/fr\",\"description\":\"\",\"potentialAction\":[{\"@type\":\"SearchAction\",\"target\":{\"@type\":\"EntryPoint\",\"urlTemplate\":\"https:\\\/\\\/dpress.ma\\\/fr\\\/?s={search_term_string}\"},\"query-input\":{\"@type\":\"PropertyValueSpecification\",\"valueRequired\":true,\"valueName\":\"search_term_string\"}}],\"inLanguage\":\"fr-FR\"},{\"@type\":\"Person\",\"@id\":\"https:\\\/\\\/dpress.ma\\\/fr\\\/#\\\/schema\\\/person\\\/4898febf3ccd59e6578d838656a306a0\",\"name\":\"Dpress.ma\",\"image\":{\"@type\":\"ImageObject\",\"inLanguage\":\"fr-FR\",\"@id\":\"https:\\\/\\\/secure.gravatar.com\\\/avatar\\\/72ecc30e9db047a2e0e7176561eb9d564ed77c8108376495b19bd8336405198a?s=96&d=mm&r=g\",\"url\":\"https:\\\/\\\/secure.gravatar.com\\\/avatar\\\/72ecc30e9db047a2e0e7176561eb9d564ed77c8108376495b19bd8336405198a?s=96&d=mm&r=g\",\"contentUrl\":\"https:\\\/\\\/secure.gravatar.com\\\/avatar\\\/72ecc30e9db047a2e0e7176561eb9d564ed77c8108376495b19bd8336405198a?s=96&d=mm&r=g\",\"caption\":\"Dpress.ma\"},\"sameAs\":[\"https:\\\/\\\/www.dpress.ma\"],\"url\":\"https:\\\/\\\/dpress.ma\\\/fr\\\/author\\\/dpress-ma\\\/\"}]}<\/script>\n<!-- \/ Yoast SEO plugin. -->","yoast_head_json":{"title":"La CAF et le comit\u00e9 d\u2019organisation d\u00e9voilent \u201cAssad\u201d, la mascotte officielle de la CAN Maroc 2025 - Dpress.ma\/fr","robots":{"index":"index","follow":"follow","max-snippet":"max-snippet:-1","max-image-preview":"max-image-preview:large","max-video-preview":"max-video-preview:-1"},"canonical":"https:\/\/dpress.ma\/fr\/2025\/12\/08\/la-caf-et-le-comite-dorganisation-devoilent-assad-la-mascotte-officielle-de-la-can-maroc-2025\/","og_locale":"fr_FR","og_type":"article","og_title":"La CAF et le comit\u00e9 d\u2019organisation d\u00e9voilent \u201cAssad\u201d, la mascotte officielle de la CAN Maroc 2025 - Dpress.ma\/fr","og_description":"Dpress La Conf\u00e9d\u00e9ration Africaine de Football (CAF) et le Comit\u00e9 local d\u2019organisation ont d\u00e9voil\u00e9 \u201cAssad\u201d, la mascotte officielle de la TotalEnergies CAF Coupe d\u2019Afrique des Nations TotalEnergies, Maroc 2025, un symbole vibrant de la fiert\u00e9 africaine et de la passion du football. Inspir\u00e9 du lion de l\u2019Atlas, l\u2019un des symboles nationaux les plus embl\u00e9matiques du &hellip;","og_url":"https:\/\/dpress.ma\/fr\/2025\/12\/08\/la-caf-et-le-comite-dorganisation-devoilent-assad-la-mascotte-officielle-de-la-can-maroc-2025\/","og_site_name":"Dpress.ma\/fr","article_published_time":"2025-12-08T13:20:09+00:00","article_modified_time":"2025-12-08T13:20:10+00:00","og_image":[{"width":2539,"height":1594,"url":"https:\/\/dpress.ma\/fr\/wp-content\/uploads\/sites\/2\/2025\/12\/2225.jpg","type":"image\/jpeg"}],"author":"Dpress.ma","twitter_card":"summary_large_image","twitter_misc":{"\u00c9crit par":"Dpress.ma","Dur\u00e9e de lecture estim\u00e9e":"3 minutes"},"schema":{"@context":"https:\/\/schema.org","@graph":[{"@type":"Article","@id":"https:\/\/dpress.ma\/fr\/2025\/12\/08\/la-caf-et-le-comite-dorganisation-devoilent-assad-la-mascotte-officielle-de-la-can-maroc-2025\/#article","isPartOf":{"@id":"https:\/\/dpress.ma\/fr\/2025\/12\/08\/la-caf-et-le-comite-dorganisation-devoilent-assad-la-mascotte-officielle-de-la-can-maroc-2025\/"},"author":{"name":"Dpress.ma","@id":"https:\/\/dpress.ma\/fr\/#\/schema\/person\/4898febf3ccd59e6578d838656a306a0"},"headline":"La CAF et le comit\u00e9 d\u2019organisation d\u00e9voilent \u201cAssad\u201d, la mascotte officielle de la CAN Maroc 2025","datePublished":"2025-12-08T13:20:09+00:00","dateModified":"2025-12-08T13:20:10+00:00","mainEntityOfPage":{"@id":"https:\/\/dpress.ma\/fr\/2025\/12\/08\/la-caf-et-le-comite-dorganisation-devoilent-assad-la-mascotte-officielle-de-la-can-maroc-2025\/"},"wordCount":501,"commentCount":0,"image":{"@id":"https:\/\/dpress.ma\/fr\/2025\/12\/08\/la-caf-et-le-comite-dorganisation-devoilent-assad-la-mascotte-officielle-de-la-can-maroc-2025\/#primaryimage"},"thumbnailUrl":"https:\/\/dpress.ma\/fr\/wp-content\/uploads\/sites\/2\/2025\/12\/2225.jpg","articleSection":["Sport"],"inLanguage":"fr-FR","potentialAction":[{"@type":"CommentAction","name":"Comment","target":["https:\/\/dpress.ma\/fr\/2025\/12\/08\/la-caf-et-le-comite-dorganisation-devoilent-assad-la-mascotte-officielle-de-la-can-maroc-2025\/#respond"]}]},{"@type":"WebPage","@id":"https:\/\/dpress.ma\/fr\/2025\/12\/08\/la-caf-et-le-comite-dorganisation-devoilent-assad-la-mascotte-officielle-de-la-can-maroc-2025\/","url":"https:\/\/dpress.ma\/fr\/2025\/12\/08\/la-caf-et-le-comite-dorganisation-devoilent-assad-la-mascotte-officielle-de-la-can-maroc-2025\/","name":"La CAF et le comit\u00e9 d\u2019organisation d\u00e9voilent \u201cAssad\u201d, la mascotte officielle de la CAN Maroc 2025 - Dpress.ma\/fr","isPartOf":{"@id":"https:\/\/dpress.ma\/fr\/#website"},"primaryImageOfPage":{"@id":"https:\/\/dpress.ma\/fr\/2025\/12\/08\/la-caf-et-le-comite-dorganisation-devoilent-assad-la-mascotte-officielle-de-la-can-maroc-2025\/#primaryimage"},"image":{"@id":"https:\/\/dpress.ma\/fr\/2025\/12\/08\/la-caf-et-le-comite-dorganisation-devoilent-assad-la-mascotte-officielle-de-la-can-maroc-2025\/#primaryimage"},"thumbnailUrl":"https:\/\/dpress.ma\/fr\/wp-content\/uploads\/sites\/2\/2025\/12\/2225.jpg","datePublished":"2025-12-08T13:20:09+00:00","dateModified":"2025-12-08T13:20:10+00:00","author":{"@id":"https:\/\/dpress.ma\/fr\/#\/schema\/person\/4898febf3ccd59e6578d838656a306a0"},"breadcrumb":{"@id":"https:\/\/dpress.ma\/fr\/2025\/12\/08\/la-caf-et-le-comite-dorganisation-devoilent-assad-la-mascotte-officielle-de-la-can-maroc-2025\/#breadcrumb"},"inLanguage":"fr-FR","potentialAction":[{"@type":"ReadAction","target":["https:\/\/dpress.ma\/fr\/2025\/12\/08\/la-caf-et-le-comite-dorganisation-devoilent-assad-la-mascotte-officielle-de-la-can-maroc-2025\/"]}]},{"@type":"ImageObject","inLanguage":"fr-FR","@id":"https:\/\/dpress.ma\/fr\/2025\/12\/08\/la-caf-et-le-comite-dorganisation-devoilent-assad-la-mascotte-officielle-de-la-can-maroc-2025\/#primaryimage","url":"https:\/\/dpress.ma\/fr\/wp-content\/uploads\/sites\/2\/2025\/12\/2225.jpg","contentUrl":"https:\/\/dpress.ma\/fr\/wp-content\/uploads\/sites\/2\/2025\/12\/2225.jpg","width":2539,"height":1594},{"@type":"BreadcrumbList","@id":"https:\/\/dpress.ma\/fr\/2025\/12\/08\/la-caf-et-le-comite-dorganisation-devoilent-assad-la-mascotte-officielle-de-la-can-maroc-2025\/#breadcrumb","itemListElement":[{"@type":"ListItem","position":1,"name":"Home","item":"https:\/\/dpress.ma\/fr\/"},{"@type":"ListItem","position":2,"name":"La CAF et le comit\u00e9 d\u2019organisation d\u00e9voilent \u201cAssad\u201d, la mascotte officielle de la CAN Maroc 2025"}]},{"@type":"WebSite","@id":"https:\/\/dpress.ma\/fr\/#website","url":"https:\/\/dpress.ma\/fr\/","name":"Dpress.ma\/fr","description":"","potentialAction":[{"@type":"SearchAction","target":{"@type":"EntryPoint","urlTemplate":"https:\/\/dpress.ma\/fr\/?s={search_term_string}"},"query-input":{"@type":"PropertyValueSpecification","valueRequired":true,"valueName":"search_term_string"}}],"inLanguage":"fr-FR"},{"@type":"Person","@id":"https:\/\/dpress.ma\/fr\/#\/schema\/person\/4898febf3ccd59e6578d838656a306a0","name":"Dpress.ma","image":{"@type":"ImageObject","inLanguage":"fr-FR","@id":"https:\/\/secure.gravatar.com\/avatar\/72ecc30e9db047a2e0e7176561eb9d564ed77c8108376495b19bd8336405198a?s=96&d=mm&r=g","url":"https:\/\/secure.gravatar.com\/avatar\/72ecc30e9db047a2e0e7176561eb9d564ed77c8108376495b19bd8336405198a?s=96&d=mm&r=g","contentUrl":"https:\/\/secure.gravatar.com\/avatar\/72ecc30e9db047a2e0e7176561eb9d564ed77c8108376495b19bd8336405198a?s=96&d=mm&r=g","caption":"Dpress.ma"},"sameAs":["https:\/\/www.dpress.ma"],"url":"https:\/\/dpress.ma\/fr\/author\/dpress-ma\/"}]}},"amp_enabled":true,"_links":{"self":[{"href":"https:\/\/dpress.ma\/fr\/wp-json\/wp\/v2\/posts\/17890","targetHints":{"allow":["GET"]}}],"collection":[{"href":"https:\/\/dpress.ma\/fr\/wp-json\/wp\/v2\/posts"}],"about":[{"href":"https:\/\/dpress.ma\/fr\/wp-json\/wp\/v2\/types\/post"}],"author":[{"embeddable":true,"href":"https:\/\/dpress.ma\/fr\/wp-json\/wp\/v2\/users\/2"}],"replies":[{"embeddable":true,"href":"https:\/\/dpress.ma\/fr\/wp-json\/wp\/v2\/comments?post=17890"}],"version-history":[{"count":1,"href":"https:\/\/dpress.ma\/fr\/wp-json\/wp\/v2\/posts\/17890\/revisions"}],"predecessor-version":[{"id":17892,"href":"https:\/\/dpress.ma\/fr\/wp-json\/wp\/v2\/posts\/17890\/revisions\/17892"}],"wp:featuredmedia":[{"embeddable":true,"href":"https:\/\/dpress.ma\/fr\/wp-json\/wp\/v2\/media\/17891"}],"wp:attachment":[{"href":"https:\/\/dpress.ma\/fr\/wp-json\/wp\/v2\/media?parent=17890"}],"wp:term":[{"taxonomy":"category","embeddable":true,"href":"https:\/\/dpress.ma\/fr\/wp-json\/wp\/v2\/categories?post=17890"},{"taxonomy":"post_tag","embeddable":true,"href":"https:\/\/dpress.ma\/fr\/wp-json\/wp\/v2\/tags?post=17890"}],"curies":[{"name":"wp","href":"https:\/\/api.w.org\/{rel}","templated":true}]}}