{"id":17887,"date":"2025-12-08T11:23:30","date_gmt":"2025-12-08T11:23:30","guid":{"rendered":"https:\/\/dpress.ma\/fr\/?p=17887"},"modified":"2025-12-08T11:23:34","modified_gmt":"2025-12-08T11:23:34","slug":"tetouan-mondes-amphibies-une-exposition-centree-sur-des-figures-hybrides-et-des-univers-imaginaires","status":"publish","type":"post","link":"https:\/\/dpress.ma\/fr\/2025\/12\/08\/tetouan-mondes-amphibies-une-exposition-centree-sur-des-figures-hybrides-et-des-univers-imaginaires\/","title":{"rendered":"T\u00e9touan: \u201cMondes amphibies\u201d, une exposition centr\u00e9e sur des figures hybrides et des univers imaginaires"},"content":{"rendered":"\n<p>Dpress<\/p>\n\n\n\n<p>&nbsp;L\u2019exposition artistique individuel \u201cMondes amphibies\u201d de la plasticienne Houda Benjelloun, organis\u00e9 \u00e0 l\u2019occasion du 50\u00e8 anniversaire de la Marche Verte, a pr\u00e9sent\u00e9 au public une s\u00e9rie de toiles centr\u00e9es sur des figures hybrides et des univers imaginaires.<\/p>\n\n\n\n<p>Organis\u00e9e au centre culturel Iklyle, l\u2019exposition a r\u00e9uni des \u0153uvres o\u00f9 se m\u00ealent \u00e9l\u00e9ments humains et animaux, une approche que l\u2019artiste utilise pour \u00e9voquer les dimensions cach\u00e9es de l\u2019\u00eatre int\u00e9rieur.<\/p>\n\n\n\n<p>Les tableaux, dont deux&nbsp;d\u00e9di\u00e9s \u00e0 la Marche Verte&nbsp;sous le titre \u201cL\u2019\u00c9pop\u00e9e des Marocains libres\u201d, mettent&nbsp;en avant une identit\u00e9 visuelle marocaine domin\u00e9e par des couleurs inspir\u00e9es de la terre.<\/p>\n\n\n\n<p>S\u2019exprimant samedi lors de la cl\u00f4ture de l\u2019exposition, Houda Benjelloun a expliqu\u00e9 que l\u2019\u00e9v\u00e9nement s\u2019appuie sur un style surr\u00e9aliste qu\u2019elle d\u00e9veloppe dans la majorit\u00e9 de ses cr\u00e9ations, notant que chaque \u0153uvre renvoie \u00e0 une autre, constituant un ensemble coh\u00e9rent fond\u00e9 sur l\u2019imaginaire et le r\u00eave.<\/p>\n\n\n\n<p>Dans une d\u00e9claration \u00e0 la MAP, elle a indiqu\u00e9 que les cr\u00e9atures marines, aquatiques ou terrestres repr\u00e9sent\u00e9es dans ses toiles coexistent pour illustrer diff\u00e9rents niveaux de l\u2019imaginaire, tout en mettant l\u2019accent sur la diversit\u00e9 chromatique.<\/p>\n\n\n\n<p>Houda Benjelloun a affirm\u00e9 que \u201cMondes amphibies est une invitation \u00e0 contempler nos univers cach\u00e9s et myst\u00e9rieux [\u2026] un miroir de l\u2019inconscient collectif, o\u00f9 les mythes s\u2019entrelacent avec les pr\u00e9occupations du temps pr\u00e9sent\u201d, rappelant que l\u2019art plastique constitue \u201cun espace de libert\u00e9 o\u00f9 respirent les couleurs\u201d.<\/p>\n\n\n\n<p>Pour sa part, le po\u00e8te et romancier Hassan El Madadi estime que l\u2019exp\u00e9rience artistique de Houda Benjelloun se d\u00e9marque par une d\u00e9marche qui d\u00e9passe la simple recherche esth\u00e9tique.<\/p>\n\n\n\n<p>M. El Madadi a relev\u00e9 que l\u2019artiste transforme ses tableaux en supports ouverts \u00e0 l\u2019interpr\u00e9tation, invitant le public \u00e0 \u00e9tablir son propre lien avec les \u0153uvres.<\/p>\n\n\n\n<p>N\u00e9e \u00e0 Rabat en 1990,&nbsp;Houda Benjelloun est une figure incontournable de l\u2019art contemporain marocain, alliant ma\u00eetrise technique et exploration de l\u2019imaginaire. Ses \u0153uvres invitent le spectateur \u00e0 une r\u00e9flexion sur la fronti\u00e8re entre r\u00e9el et fantastique, tout en offrant un regard introspectif sur les mondes int\u00e9rieurs.<\/p>\n","protected":false},"excerpt":{"rendered":"<p>Dpress &nbsp;L\u2019exposition artistique individuel \u201cMondes amphibies\u201d de la plasticienne Houda Benjelloun, organis\u00e9 \u00e0 l\u2019occasion du 50\u00e8 anniversaire de la Marche Verte, a pr\u00e9sent\u00e9 au public une s\u00e9rie de toiles centr\u00e9es sur des figures hybrides et des univers imaginaires. Organis\u00e9e au centre culturel Iklyle, l\u2019exposition a r\u00e9uni des \u0153uvres o\u00f9 se m\u00ealent \u00e9l\u00e9ments humains et animaux, &hellip;<\/p>\n","protected":false},"author":2,"featured_media":17888,"comment_status":"open","ping_status":"open","sticky":false,"template":"","format":"standard","meta":{"footnotes":""},"categories":[31],"tags":[],"class_list":["post-17887","post","type-post","status-publish","format-standard","has-post-thumbnail","hentry","category-art-et-culture"],"yoast_head":"<!-- This site is optimized with the Yoast SEO plugin v27.5 - https:\/\/yoast.com\/product\/yoast-seo-wordpress\/ -->\n<title>T\u00e9touan: \u201cMondes amphibies\u201d, une exposition centr\u00e9e sur des figures hybrides et des univers imaginaires - Dpress.ma\/fr<\/title>\n<meta name=\"robots\" content=\"index, follow, max-snippet:-1, max-image-preview:large, max-video-preview:-1\" \/>\n<link rel=\"canonical\" href=\"https:\/\/dpress.ma\/fr\/2025\/12\/08\/tetouan-mondes-amphibies-une-exposition-centree-sur-des-figures-hybrides-et-des-univers-imaginaires\/\" \/>\n<meta property=\"og:locale\" content=\"fr_FR\" \/>\n<meta property=\"og:type\" content=\"article\" \/>\n<meta property=\"og:title\" content=\"T\u00e9touan: \u201cMondes amphibies\u201d, une exposition centr\u00e9e sur des figures hybrides et des univers imaginaires - Dpress.ma\/fr\" \/>\n<meta property=\"og:description\" content=\"Dpress &nbsp;L\u2019exposition artistique individuel \u201cMondes amphibies\u201d de la plasticienne Houda Benjelloun, organis\u00e9 \u00e0 l\u2019occasion du 50\u00e8 anniversaire de la Marche Verte, a pr\u00e9sent\u00e9 au public une s\u00e9rie de toiles centr\u00e9es sur des figures hybrides et des univers imaginaires. Organis\u00e9e au centre culturel Iklyle, l\u2019exposition a r\u00e9uni des \u0153uvres o\u00f9 se m\u00ealent \u00e9l\u00e9ments humains et animaux, &hellip;\" \/>\n<meta property=\"og:url\" content=\"https:\/\/dpress.ma\/fr\/2025\/12\/08\/tetouan-mondes-amphibies-une-exposition-centree-sur-des-figures-hybrides-et-des-univers-imaginaires\/\" \/>\n<meta property=\"og:site_name\" content=\"Dpress.ma\/fr\" \/>\n<meta property=\"article:published_time\" content=\"2025-12-08T11:23:30+00:00\" \/>\n<meta property=\"article:modified_time\" content=\"2025-12-08T11:23:34+00:00\" \/>\n<meta property=\"og:image\" content=\"https:\/\/dpress.ma\/fr\/wp-content\/uploads\/sites\/2\/2025\/12\/111.jpg\" \/>\n\t<meta property=\"og:image:width\" content=\"2539\" \/>\n\t<meta property=\"og:image:height\" content=\"1594\" \/>\n\t<meta property=\"og:image:type\" content=\"image\/jpeg\" \/>\n<meta name=\"author\" content=\"Dpress.ma\" \/>\n<meta name=\"twitter:card\" content=\"summary_large_image\" \/>\n<meta name=\"twitter:label1\" content=\"\u00c9crit par\" \/>\n\t<meta name=\"twitter:data1\" content=\"Dpress.ma\" \/>\n\t<meta name=\"twitter:label2\" content=\"Dur\u00e9e de lecture estim\u00e9e\" \/>\n\t<meta name=\"twitter:data2\" content=\"2 minutes\" \/>\n<script type=\"application\/ld+json\" class=\"yoast-schema-graph\">{\"@context\":\"https:\\\/\\\/schema.org\",\"@graph\":[{\"@type\":\"Article\",\"@id\":\"https:\\\/\\\/dpress.ma\\\/fr\\\/2025\\\/12\\\/08\\\/tetouan-mondes-amphibies-une-exposition-centree-sur-des-figures-hybrides-et-des-univers-imaginaires\\\/#article\",\"isPartOf\":{\"@id\":\"https:\\\/\\\/dpress.ma\\\/fr\\\/2025\\\/12\\\/08\\\/tetouan-mondes-amphibies-une-exposition-centree-sur-des-figures-hybrides-et-des-univers-imaginaires\\\/\"},\"author\":{\"name\":\"Dpress.ma\",\"@id\":\"https:\\\/\\\/dpress.ma\\\/fr\\\/#\\\/schema\\\/person\\\/4898febf3ccd59e6578d838656a306a0\"},\"headline\":\"T\u00e9touan: \u201cMondes amphibies\u201d, une exposition centr\u00e9e sur des figures hybrides et des univers imaginaires\",\"datePublished\":\"2025-12-08T11:23:30+00:00\",\"dateModified\":\"2025-12-08T11:23:34+00:00\",\"mainEntityOfPage\":{\"@id\":\"https:\\\/\\\/dpress.ma\\\/fr\\\/2025\\\/12\\\/08\\\/tetouan-mondes-amphibies-une-exposition-centree-sur-des-figures-hybrides-et-des-univers-imaginaires\\\/\"},\"wordCount\":400,\"commentCount\":0,\"image\":{\"@id\":\"https:\\\/\\\/dpress.ma\\\/fr\\\/2025\\\/12\\\/08\\\/tetouan-mondes-amphibies-une-exposition-centree-sur-des-figures-hybrides-et-des-univers-imaginaires\\\/#primaryimage\"},\"thumbnailUrl\":\"https:\\\/\\\/dpress.ma\\\/fr\\\/wp-content\\\/uploads\\\/sites\\\/2\\\/2025\\\/12\\\/111.jpg\",\"articleSection\":[\"Art et Culture\"],\"inLanguage\":\"fr-FR\",\"potentialAction\":[{\"@type\":\"CommentAction\",\"name\":\"Comment\",\"target\":[\"https:\\\/\\\/dpress.ma\\\/fr\\\/2025\\\/12\\\/08\\\/tetouan-mondes-amphibies-une-exposition-centree-sur-des-figures-hybrides-et-des-univers-imaginaires\\\/#respond\"]}]},{\"@type\":\"WebPage\",\"@id\":\"https:\\\/\\\/dpress.ma\\\/fr\\\/2025\\\/12\\\/08\\\/tetouan-mondes-amphibies-une-exposition-centree-sur-des-figures-hybrides-et-des-univers-imaginaires\\\/\",\"url\":\"https:\\\/\\\/dpress.ma\\\/fr\\\/2025\\\/12\\\/08\\\/tetouan-mondes-amphibies-une-exposition-centree-sur-des-figures-hybrides-et-des-univers-imaginaires\\\/\",\"name\":\"T\u00e9touan: \u201cMondes amphibies\u201d, une exposition centr\u00e9e sur des figures hybrides et des univers imaginaires - Dpress.ma\\\/fr\",\"isPartOf\":{\"@id\":\"https:\\\/\\\/dpress.ma\\\/fr\\\/#website\"},\"primaryImageOfPage\":{\"@id\":\"https:\\\/\\\/dpress.ma\\\/fr\\\/2025\\\/12\\\/08\\\/tetouan-mondes-amphibies-une-exposition-centree-sur-des-figures-hybrides-et-des-univers-imaginaires\\\/#primaryimage\"},\"image\":{\"@id\":\"https:\\\/\\\/dpress.ma\\\/fr\\\/2025\\\/12\\\/08\\\/tetouan-mondes-amphibies-une-exposition-centree-sur-des-figures-hybrides-et-des-univers-imaginaires\\\/#primaryimage\"},\"thumbnailUrl\":\"https:\\\/\\\/dpress.ma\\\/fr\\\/wp-content\\\/uploads\\\/sites\\\/2\\\/2025\\\/12\\\/111.jpg\",\"datePublished\":\"2025-12-08T11:23:30+00:00\",\"dateModified\":\"2025-12-08T11:23:34+00:00\",\"author\":{\"@id\":\"https:\\\/\\\/dpress.ma\\\/fr\\\/#\\\/schema\\\/person\\\/4898febf3ccd59e6578d838656a306a0\"},\"breadcrumb\":{\"@id\":\"https:\\\/\\\/dpress.ma\\\/fr\\\/2025\\\/12\\\/08\\\/tetouan-mondes-amphibies-une-exposition-centree-sur-des-figures-hybrides-et-des-univers-imaginaires\\\/#breadcrumb\"},\"inLanguage\":\"fr-FR\",\"potentialAction\":[{\"@type\":\"ReadAction\",\"target\":[\"https:\\\/\\\/dpress.ma\\\/fr\\\/2025\\\/12\\\/08\\\/tetouan-mondes-amphibies-une-exposition-centree-sur-des-figures-hybrides-et-des-univers-imaginaires\\\/\"]}]},{\"@type\":\"ImageObject\",\"inLanguage\":\"fr-FR\",\"@id\":\"https:\\\/\\\/dpress.ma\\\/fr\\\/2025\\\/12\\\/08\\\/tetouan-mondes-amphibies-une-exposition-centree-sur-des-figures-hybrides-et-des-univers-imaginaires\\\/#primaryimage\",\"url\":\"https:\\\/\\\/dpress.ma\\\/fr\\\/wp-content\\\/uploads\\\/sites\\\/2\\\/2025\\\/12\\\/111.jpg\",\"contentUrl\":\"https:\\\/\\\/dpress.ma\\\/fr\\\/wp-content\\\/uploads\\\/sites\\\/2\\\/2025\\\/12\\\/111.jpg\",\"width\":2539,\"height\":1594},{\"@type\":\"BreadcrumbList\",\"@id\":\"https:\\\/\\\/dpress.ma\\\/fr\\\/2025\\\/12\\\/08\\\/tetouan-mondes-amphibies-une-exposition-centree-sur-des-figures-hybrides-et-des-univers-imaginaires\\\/#breadcrumb\",\"itemListElement\":[{\"@type\":\"ListItem\",\"position\":1,\"name\":\"Home\",\"item\":\"https:\\\/\\\/dpress.ma\\\/fr\\\/\"},{\"@type\":\"ListItem\",\"position\":2,\"name\":\"T\u00e9touan: \u201cMondes amphibies\u201d, une exposition centr\u00e9e sur des figures hybrides et des univers imaginaires\"}]},{\"@type\":\"WebSite\",\"@id\":\"https:\\\/\\\/dpress.ma\\\/fr\\\/#website\",\"url\":\"https:\\\/\\\/dpress.ma\\\/fr\\\/\",\"name\":\"Dpress.ma\\\/fr\",\"description\":\"\",\"potentialAction\":[{\"@type\":\"SearchAction\",\"target\":{\"@type\":\"EntryPoint\",\"urlTemplate\":\"https:\\\/\\\/dpress.ma\\\/fr\\\/?s={search_term_string}\"},\"query-input\":{\"@type\":\"PropertyValueSpecification\",\"valueRequired\":true,\"valueName\":\"search_term_string\"}}],\"inLanguage\":\"fr-FR\"},{\"@type\":\"Person\",\"@id\":\"https:\\\/\\\/dpress.ma\\\/fr\\\/#\\\/schema\\\/person\\\/4898febf3ccd59e6578d838656a306a0\",\"name\":\"Dpress.ma\",\"image\":{\"@type\":\"ImageObject\",\"inLanguage\":\"fr-FR\",\"@id\":\"https:\\\/\\\/secure.gravatar.com\\\/avatar\\\/72ecc30e9db047a2e0e7176561eb9d564ed77c8108376495b19bd8336405198a?s=96&d=mm&r=g\",\"url\":\"https:\\\/\\\/secure.gravatar.com\\\/avatar\\\/72ecc30e9db047a2e0e7176561eb9d564ed77c8108376495b19bd8336405198a?s=96&d=mm&r=g\",\"contentUrl\":\"https:\\\/\\\/secure.gravatar.com\\\/avatar\\\/72ecc30e9db047a2e0e7176561eb9d564ed77c8108376495b19bd8336405198a?s=96&d=mm&r=g\",\"caption\":\"Dpress.ma\"},\"sameAs\":[\"https:\\\/\\\/www.dpress.ma\"],\"url\":\"https:\\\/\\\/dpress.ma\\\/fr\\\/author\\\/dpress-ma\\\/\"}]}<\/script>\n<!-- \/ Yoast SEO plugin. -->","yoast_head_json":{"title":"T\u00e9touan: \u201cMondes amphibies\u201d, une exposition centr\u00e9e sur des figures hybrides et des univers imaginaires - Dpress.ma\/fr","robots":{"index":"index","follow":"follow","max-snippet":"max-snippet:-1","max-image-preview":"max-image-preview:large","max-video-preview":"max-video-preview:-1"},"canonical":"https:\/\/dpress.ma\/fr\/2025\/12\/08\/tetouan-mondes-amphibies-une-exposition-centree-sur-des-figures-hybrides-et-des-univers-imaginaires\/","og_locale":"fr_FR","og_type":"article","og_title":"T\u00e9touan: \u201cMondes amphibies\u201d, une exposition centr\u00e9e sur des figures hybrides et des univers imaginaires - Dpress.ma\/fr","og_description":"Dpress &nbsp;L\u2019exposition artistique individuel \u201cMondes amphibies\u201d de la plasticienne Houda Benjelloun, organis\u00e9 \u00e0 l\u2019occasion du 50\u00e8 anniversaire de la Marche Verte, a pr\u00e9sent\u00e9 au public une s\u00e9rie de toiles centr\u00e9es sur des figures hybrides et des univers imaginaires. Organis\u00e9e au centre culturel Iklyle, l\u2019exposition a r\u00e9uni des \u0153uvres o\u00f9 se m\u00ealent \u00e9l\u00e9ments humains et animaux, &hellip;","og_url":"https:\/\/dpress.ma\/fr\/2025\/12\/08\/tetouan-mondes-amphibies-une-exposition-centree-sur-des-figures-hybrides-et-des-univers-imaginaires\/","og_site_name":"Dpress.ma\/fr","article_published_time":"2025-12-08T11:23:30+00:00","article_modified_time":"2025-12-08T11:23:34+00:00","og_image":[{"width":2539,"height":1594,"url":"https:\/\/dpress.ma\/fr\/wp-content\/uploads\/sites\/2\/2025\/12\/111.jpg","type":"image\/jpeg"}],"author":"Dpress.ma","twitter_card":"summary_large_image","twitter_misc":{"\u00c9crit par":"Dpress.ma","Dur\u00e9e de lecture estim\u00e9e":"2 minutes"},"schema":{"@context":"https:\/\/schema.org","@graph":[{"@type":"Article","@id":"https:\/\/dpress.ma\/fr\/2025\/12\/08\/tetouan-mondes-amphibies-une-exposition-centree-sur-des-figures-hybrides-et-des-univers-imaginaires\/#article","isPartOf":{"@id":"https:\/\/dpress.ma\/fr\/2025\/12\/08\/tetouan-mondes-amphibies-une-exposition-centree-sur-des-figures-hybrides-et-des-univers-imaginaires\/"},"author":{"name":"Dpress.ma","@id":"https:\/\/dpress.ma\/fr\/#\/schema\/person\/4898febf3ccd59e6578d838656a306a0"},"headline":"T\u00e9touan: \u201cMondes amphibies\u201d, une exposition centr\u00e9e sur des figures hybrides et des univers imaginaires","datePublished":"2025-12-08T11:23:30+00:00","dateModified":"2025-12-08T11:23:34+00:00","mainEntityOfPage":{"@id":"https:\/\/dpress.ma\/fr\/2025\/12\/08\/tetouan-mondes-amphibies-une-exposition-centree-sur-des-figures-hybrides-et-des-univers-imaginaires\/"},"wordCount":400,"commentCount":0,"image":{"@id":"https:\/\/dpress.ma\/fr\/2025\/12\/08\/tetouan-mondes-amphibies-une-exposition-centree-sur-des-figures-hybrides-et-des-univers-imaginaires\/#primaryimage"},"thumbnailUrl":"https:\/\/dpress.ma\/fr\/wp-content\/uploads\/sites\/2\/2025\/12\/111.jpg","articleSection":["Art et Culture"],"inLanguage":"fr-FR","potentialAction":[{"@type":"CommentAction","name":"Comment","target":["https:\/\/dpress.ma\/fr\/2025\/12\/08\/tetouan-mondes-amphibies-une-exposition-centree-sur-des-figures-hybrides-et-des-univers-imaginaires\/#respond"]}]},{"@type":"WebPage","@id":"https:\/\/dpress.ma\/fr\/2025\/12\/08\/tetouan-mondes-amphibies-une-exposition-centree-sur-des-figures-hybrides-et-des-univers-imaginaires\/","url":"https:\/\/dpress.ma\/fr\/2025\/12\/08\/tetouan-mondes-amphibies-une-exposition-centree-sur-des-figures-hybrides-et-des-univers-imaginaires\/","name":"T\u00e9touan: \u201cMondes amphibies\u201d, une exposition centr\u00e9e sur des figures hybrides et des univers imaginaires - Dpress.ma\/fr","isPartOf":{"@id":"https:\/\/dpress.ma\/fr\/#website"},"primaryImageOfPage":{"@id":"https:\/\/dpress.ma\/fr\/2025\/12\/08\/tetouan-mondes-amphibies-une-exposition-centree-sur-des-figures-hybrides-et-des-univers-imaginaires\/#primaryimage"},"image":{"@id":"https:\/\/dpress.ma\/fr\/2025\/12\/08\/tetouan-mondes-amphibies-une-exposition-centree-sur-des-figures-hybrides-et-des-univers-imaginaires\/#primaryimage"},"thumbnailUrl":"https:\/\/dpress.ma\/fr\/wp-content\/uploads\/sites\/2\/2025\/12\/111.jpg","datePublished":"2025-12-08T11:23:30+00:00","dateModified":"2025-12-08T11:23:34+00:00","author":{"@id":"https:\/\/dpress.ma\/fr\/#\/schema\/person\/4898febf3ccd59e6578d838656a306a0"},"breadcrumb":{"@id":"https:\/\/dpress.ma\/fr\/2025\/12\/08\/tetouan-mondes-amphibies-une-exposition-centree-sur-des-figures-hybrides-et-des-univers-imaginaires\/#breadcrumb"},"inLanguage":"fr-FR","potentialAction":[{"@type":"ReadAction","target":["https:\/\/dpress.ma\/fr\/2025\/12\/08\/tetouan-mondes-amphibies-une-exposition-centree-sur-des-figures-hybrides-et-des-univers-imaginaires\/"]}]},{"@type":"ImageObject","inLanguage":"fr-FR","@id":"https:\/\/dpress.ma\/fr\/2025\/12\/08\/tetouan-mondes-amphibies-une-exposition-centree-sur-des-figures-hybrides-et-des-univers-imaginaires\/#primaryimage","url":"https:\/\/dpress.ma\/fr\/wp-content\/uploads\/sites\/2\/2025\/12\/111.jpg","contentUrl":"https:\/\/dpress.ma\/fr\/wp-content\/uploads\/sites\/2\/2025\/12\/111.jpg","width":2539,"height":1594},{"@type":"BreadcrumbList","@id":"https:\/\/dpress.ma\/fr\/2025\/12\/08\/tetouan-mondes-amphibies-une-exposition-centree-sur-des-figures-hybrides-et-des-univers-imaginaires\/#breadcrumb","itemListElement":[{"@type":"ListItem","position":1,"name":"Home","item":"https:\/\/dpress.ma\/fr\/"},{"@type":"ListItem","position":2,"name":"T\u00e9touan: \u201cMondes amphibies\u201d, une exposition centr\u00e9e sur des figures hybrides et des univers imaginaires"}]},{"@type":"WebSite","@id":"https:\/\/dpress.ma\/fr\/#website","url":"https:\/\/dpress.ma\/fr\/","name":"Dpress.ma\/fr","description":"","potentialAction":[{"@type":"SearchAction","target":{"@type":"EntryPoint","urlTemplate":"https:\/\/dpress.ma\/fr\/?s={search_term_string}"},"query-input":{"@type":"PropertyValueSpecification","valueRequired":true,"valueName":"search_term_string"}}],"inLanguage":"fr-FR"},{"@type":"Person","@id":"https:\/\/dpress.ma\/fr\/#\/schema\/person\/4898febf3ccd59e6578d838656a306a0","name":"Dpress.ma","image":{"@type":"ImageObject","inLanguage":"fr-FR","@id":"https:\/\/secure.gravatar.com\/avatar\/72ecc30e9db047a2e0e7176561eb9d564ed77c8108376495b19bd8336405198a?s=96&d=mm&r=g","url":"https:\/\/secure.gravatar.com\/avatar\/72ecc30e9db047a2e0e7176561eb9d564ed77c8108376495b19bd8336405198a?s=96&d=mm&r=g","contentUrl":"https:\/\/secure.gravatar.com\/avatar\/72ecc30e9db047a2e0e7176561eb9d564ed77c8108376495b19bd8336405198a?s=96&d=mm&r=g","caption":"Dpress.ma"},"sameAs":["https:\/\/www.dpress.ma"],"url":"https:\/\/dpress.ma\/fr\/author\/dpress-ma\/"}]}},"amp_enabled":true,"_links":{"self":[{"href":"https:\/\/dpress.ma\/fr\/wp-json\/wp\/v2\/posts\/17887","targetHints":{"allow":["GET"]}}],"collection":[{"href":"https:\/\/dpress.ma\/fr\/wp-json\/wp\/v2\/posts"}],"about":[{"href":"https:\/\/dpress.ma\/fr\/wp-json\/wp\/v2\/types\/post"}],"author":[{"embeddable":true,"href":"https:\/\/dpress.ma\/fr\/wp-json\/wp\/v2\/users\/2"}],"replies":[{"embeddable":true,"href":"https:\/\/dpress.ma\/fr\/wp-json\/wp\/v2\/comments?post=17887"}],"version-history":[{"count":1,"href":"https:\/\/dpress.ma\/fr\/wp-json\/wp\/v2\/posts\/17887\/revisions"}],"predecessor-version":[{"id":17889,"href":"https:\/\/dpress.ma\/fr\/wp-json\/wp\/v2\/posts\/17887\/revisions\/17889"}],"wp:featuredmedia":[{"embeddable":true,"href":"https:\/\/dpress.ma\/fr\/wp-json\/wp\/v2\/media\/17888"}],"wp:attachment":[{"href":"https:\/\/dpress.ma\/fr\/wp-json\/wp\/v2\/media?parent=17887"}],"wp:term":[{"taxonomy":"category","embeddable":true,"href":"https:\/\/dpress.ma\/fr\/wp-json\/wp\/v2\/categories?post=17887"},{"taxonomy":"post_tag","embeddable":true,"href":"https:\/\/dpress.ma\/fr\/wp-json\/wp\/v2\/tags?post=17887"}],"curies":[{"name":"wp","href":"https:\/\/api.w.org\/{rel}","templated":true}]}}