{"id":1699,"date":"2022-05-26T10:27:37","date_gmt":"2022-05-26T10:27:37","guid":{"rendered":"https:\/\/dpress.ma\/fr\/?p=1699"},"modified":"2022-05-26T10:27:38","modified_gmt":"2022-05-26T10:27:38","slug":"le-maroc-et-le-suriname-apprecient-hautement-le-niveau-des-relations-bilaterales","status":"publish","type":"post","link":"https:\/\/dpress.ma\/fr\/2022\/05\/26\/le-maroc-et-le-suriname-apprecient-hautement-le-niveau-des-relations-bilaterales\/","title":{"rendered":"Le Maroc et le Suriname appr\u00e9cient hautement le niveau des relations bilat\u00e9rales"},"content":{"rendered":"\n<p>Dpress<\/p>\n\n\n\n<p>Le Royaume du Maroc et la R\u00e9publique du Suriname ont exprim\u00e9, mercredi, leur haute appr\u00e9ciation du niveau actuel des relations bilat\u00e9rales dans tous les domaines, dans un communiqu\u00e9 conjoint publi\u00e9 \u00e0 l\u2019issue des entretiens entre le ministre des Affaires \u00e9trang\u00e8res, de la Coop\u00e9ration africaine et des Marocains r\u00e9sidant \u00e0 l\u2019\u00c9tranger, M. Nasser Bourita et le ministre des Affaires \u00e9trang\u00e8res, du Commerce international et de la Coop\u00e9ration internationale du Suriname, M. Albert Ramdin.<\/p>\n\n\n\n<p>Lors de cet entretien, les deux ministres ont discut\u00e9 d\u2019un large \u00e9ventail des questions relatives \u00e0 l\u2019\u00e9tat et aux perspectives d\u2019\u00e9largissement de la coop\u00e9ration entre le Royaume du Maroc et la R\u00e9publique du Suriname pour r\u00e9pondre aux aspirations et ambitions respectives des gouvernements des deux pays amis, ajoute le communiqu\u00e9.<\/p>\n\n\n\n<p>Dans ce contexte, MM. Bourita et Ramdin ont exprim\u00e9 leur volont\u00e9 d\u2019approfondir et de consolider la coop\u00e9ration bilat\u00e9rale par l\u2019\u00e9change d\u2019exp\u00e9riences et d\u2019expertise dans diff\u00e9rents domaines d\u2019int\u00e9r\u00eat commun.<\/p>\n\n\n\n<p>En outre, les deux ministres ont discut\u00e9 de toute une s\u00e9rie de questions internationales et multilat\u00e9rales et ont convenu de poursuivre les consultations politiques entre les deux pays et de coordonner leurs positions au niveau multilat\u00e9ral dans les forums internationaux et r\u00e9gionaux.<\/p>\n\n\n\n<p>Ils ont \u00e9galement convenu de coordonner leur action pour promouvoir la coop\u00e9ration r\u00e9gionale entre les pays d\u2019Afrique et des Cara\u00efbes, indique-t-on.<\/p>\n\n\n\n<p>C\u2019est dans cet esprit que le Royaume du Maroc et la R\u00e9publique du Suriname ont proc\u00e9d\u00e9, en mars 2021, \u00e0 l\u2019adoption de la Feuille de route de coop\u00e9ration pour la p\u00e9riode 2021-2024 afin de renforcer davantage la relation dynamique positive actuelle et de consolider les liens d\u00e9j\u00e0 existants entre les deux pays.<\/p>\n\n\n\n<p>L\u2019\u00e9tablissement de ce cadre a \u00e9t\u00e9 inspir\u00e9 par le succ\u00e8s de l\u2019initiative de la feuille de route men\u00e9e par le Maroc dans la r\u00e9gion des Cara\u00efbes, rel\u00e8ve la m\u00eame source.<\/p>\n\n\n\n<p>Les deux ministres ont exprim\u00e9 leur profonde satisfaction \u00e0 l\u2019\u00e9gard de cet accord de feuille de route ainsi que leur ferme engagement pour sa mise en \u0153uvre.<\/p>\n\n\n\n<p>Dans ce sens, le gouvernement de la R\u00e9publique du Suriname a ouvert une ambassade \u00e0 Rabat afin de donner une nouvelle dynamique et renforcer la coop\u00e9ration bilat\u00e9rale.<\/p>\n","protected":false},"excerpt":{"rendered":"<p>Dpress Le Royaume du Maroc et la R\u00e9publique du Suriname ont exprim\u00e9, mercredi, leur haute appr\u00e9ciation du niveau actuel des relations bilat\u00e9rales dans tous les domaines, dans un communiqu\u00e9 conjoint publi\u00e9 \u00e0 l\u2019issue des entretiens entre le ministre des Affaires \u00e9trang\u00e8res, de la Coop\u00e9ration africaine et des Marocains r\u00e9sidant \u00e0 l\u2019\u00c9tranger, M. Nasser Bourita et &hellip;<\/p>\n","protected":false},"author":2,"featured_media":1700,"comment_status":"closed","ping_status":"open","sticky":false,"template":"","format":"standard","meta":{"footnotes":""},"categories":[26],"tags":[],"class_list":["post-1699","post","type-post","status-publish","format-standard","has-post-thumbnail","hentry","category-politiques"],"yoast_head":"<!-- This site is optimized with the Yoast SEO plugin v27.5 - https:\/\/yoast.com\/product\/yoast-seo-wordpress\/ -->\n<title>Le Maroc et le Suriname appr\u00e9cient hautement le niveau des relations bilat\u00e9rales - Dpress.ma\/fr<\/title>\n<meta name=\"description\" content=\"Le Royaume du Maroc et la R\u00e9publique du Suriname ont exprim\u00e9, mercredi, leur haute appr\u00e9ciation du niveau actuel des relations bilat\u00e9rales dans tous les domaines, dans un communiqu\u00e9 conjoint\" \/>\n<meta name=\"robots\" content=\"index, follow, max-snippet:-1, max-image-preview:large, max-video-preview:-1\" \/>\n<link rel=\"canonical\" href=\"https:\/\/dpress.ma\/fr\/2022\/05\/26\/le-maroc-et-le-suriname-apprecient-hautement-le-niveau-des-relations-bilaterales\/\" \/>\n<meta property=\"og:locale\" content=\"fr_FR\" \/>\n<meta property=\"og:type\" content=\"article\" \/>\n<meta property=\"og:title\" content=\"Le Maroc et le Suriname appr\u00e9cient hautement le niveau des relations bilat\u00e9rales - Dpress.ma\/fr\" \/>\n<meta property=\"og:description\" content=\"Le Royaume du Maroc et la R\u00e9publique du Suriname ont exprim\u00e9, mercredi, leur haute appr\u00e9ciation du niveau actuel des relations bilat\u00e9rales dans tous les domaines, dans un communiqu\u00e9 conjoint\" \/>\n<meta property=\"og:url\" content=\"https:\/\/dpress.ma\/fr\/2022\/05\/26\/le-maroc-et-le-suriname-apprecient-hautement-le-niveau-des-relations-bilaterales\/\" \/>\n<meta property=\"og:site_name\" content=\"Dpress.ma\/fr\" \/>\n<meta property=\"article:published_time\" content=\"2022-05-26T10:27:37+00:00\" \/>\n<meta property=\"article:modified_time\" content=\"2022-05-26T10:27:38+00:00\" \/>\n<meta property=\"og:image\" content=\"https:\/\/dpress.ma\/fr\/wp-content\/uploads\/sites\/2\/2022\/05\/dimensions2-27.jpg\" \/>\n\t<meta property=\"og:image:width\" content=\"2539\" \/>\n\t<meta property=\"og:image:height\" content=\"1594\" \/>\n\t<meta property=\"og:image:type\" content=\"image\/jpeg\" \/>\n<meta name=\"author\" content=\"Dpress.ma\" \/>\n<meta name=\"twitter:card\" content=\"summary_large_image\" \/>\n<meta name=\"twitter:label1\" content=\"\u00c9crit par\" \/>\n\t<meta name=\"twitter:data1\" content=\"Dpress.ma\" \/>\n\t<meta name=\"twitter:label2\" content=\"Dur\u00e9e de lecture estim\u00e9e\" \/>\n\t<meta name=\"twitter:data2\" content=\"2 minutes\" \/>\n<script type=\"application\/ld+json\" class=\"yoast-schema-graph\">{\"@context\":\"https:\\\/\\\/schema.org\",\"@graph\":[{\"@type\":\"Article\",\"@id\":\"https:\\\/\\\/dpress.ma\\\/fr\\\/2022\\\/05\\\/26\\\/le-maroc-et-le-suriname-apprecient-hautement-le-niveau-des-relations-bilaterales\\\/#article\",\"isPartOf\":{\"@id\":\"https:\\\/\\\/dpress.ma\\\/fr\\\/2022\\\/05\\\/26\\\/le-maroc-et-le-suriname-apprecient-hautement-le-niveau-des-relations-bilaterales\\\/\"},\"author\":{\"name\":\"Dpress.ma\",\"@id\":\"https:\\\/\\\/dpress.ma\\\/fr\\\/#\\\/schema\\\/person\\\/4898febf3ccd59e6578d838656a306a0\"},\"headline\":\"Le Maroc et le Suriname appr\u00e9cient hautement le niveau des relations bilat\u00e9rales\",\"datePublished\":\"2022-05-26T10:27:37+00:00\",\"dateModified\":\"2022-05-26T10:27:38+00:00\",\"mainEntityOfPage\":{\"@id\":\"https:\\\/\\\/dpress.ma\\\/fr\\\/2022\\\/05\\\/26\\\/le-maroc-et-le-suriname-apprecient-hautement-le-niveau-des-relations-bilaterales\\\/\"},\"wordCount\":411,\"image\":{\"@id\":\"https:\\\/\\\/dpress.ma\\\/fr\\\/2022\\\/05\\\/26\\\/le-maroc-et-le-suriname-apprecient-hautement-le-niveau-des-relations-bilaterales\\\/#primaryimage\"},\"thumbnailUrl\":\"https:\\\/\\\/dpress.ma\\\/fr\\\/wp-content\\\/uploads\\\/sites\\\/2\\\/2022\\\/05\\\/dimensions2-27.jpg\",\"articleSection\":[\"Politiques\"],\"inLanguage\":\"fr-FR\"},{\"@type\":\"WebPage\",\"@id\":\"https:\\\/\\\/dpress.ma\\\/fr\\\/2022\\\/05\\\/26\\\/le-maroc-et-le-suriname-apprecient-hautement-le-niveau-des-relations-bilaterales\\\/\",\"url\":\"https:\\\/\\\/dpress.ma\\\/fr\\\/2022\\\/05\\\/26\\\/le-maroc-et-le-suriname-apprecient-hautement-le-niveau-des-relations-bilaterales\\\/\",\"name\":\"Le Maroc et le Suriname appr\u00e9cient hautement le niveau des relations bilat\u00e9rales - Dpress.ma\\\/fr\",\"isPartOf\":{\"@id\":\"https:\\\/\\\/dpress.ma\\\/fr\\\/#website\"},\"primaryImageOfPage\":{\"@id\":\"https:\\\/\\\/dpress.ma\\\/fr\\\/2022\\\/05\\\/26\\\/le-maroc-et-le-suriname-apprecient-hautement-le-niveau-des-relations-bilaterales\\\/#primaryimage\"},\"image\":{\"@id\":\"https:\\\/\\\/dpress.ma\\\/fr\\\/2022\\\/05\\\/26\\\/le-maroc-et-le-suriname-apprecient-hautement-le-niveau-des-relations-bilaterales\\\/#primaryimage\"},\"thumbnailUrl\":\"https:\\\/\\\/dpress.ma\\\/fr\\\/wp-content\\\/uploads\\\/sites\\\/2\\\/2022\\\/05\\\/dimensions2-27.jpg\",\"datePublished\":\"2022-05-26T10:27:37+00:00\",\"dateModified\":\"2022-05-26T10:27:38+00:00\",\"author\":{\"@id\":\"https:\\\/\\\/dpress.ma\\\/fr\\\/#\\\/schema\\\/person\\\/4898febf3ccd59e6578d838656a306a0\"},\"description\":\"Le Royaume du Maroc et la R\u00e9publique du Suriname ont exprim\u00e9, mercredi, leur haute appr\u00e9ciation du niveau actuel des relations bilat\u00e9rales dans tous les domaines, dans un communiqu\u00e9 conjoint\",\"breadcrumb\":{\"@id\":\"https:\\\/\\\/dpress.ma\\\/fr\\\/2022\\\/05\\\/26\\\/le-maroc-et-le-suriname-apprecient-hautement-le-niveau-des-relations-bilaterales\\\/#breadcrumb\"},\"inLanguage\":\"fr-FR\",\"potentialAction\":[{\"@type\":\"ReadAction\",\"target\":[\"https:\\\/\\\/dpress.ma\\\/fr\\\/2022\\\/05\\\/26\\\/le-maroc-et-le-suriname-apprecient-hautement-le-niveau-des-relations-bilaterales\\\/\"]}]},{\"@type\":\"ImageObject\",\"inLanguage\":\"fr-FR\",\"@id\":\"https:\\\/\\\/dpress.ma\\\/fr\\\/2022\\\/05\\\/26\\\/le-maroc-et-le-suriname-apprecient-hautement-le-niveau-des-relations-bilaterales\\\/#primaryimage\",\"url\":\"https:\\\/\\\/dpress.ma\\\/fr\\\/wp-content\\\/uploads\\\/sites\\\/2\\\/2022\\\/05\\\/dimensions2-27.jpg\",\"contentUrl\":\"https:\\\/\\\/dpress.ma\\\/fr\\\/wp-content\\\/uploads\\\/sites\\\/2\\\/2022\\\/05\\\/dimensions2-27.jpg\",\"width\":2539,\"height\":1594},{\"@type\":\"BreadcrumbList\",\"@id\":\"https:\\\/\\\/dpress.ma\\\/fr\\\/2022\\\/05\\\/26\\\/le-maroc-et-le-suriname-apprecient-hautement-le-niveau-des-relations-bilaterales\\\/#breadcrumb\",\"itemListElement\":[{\"@type\":\"ListItem\",\"position\":1,\"name\":\"Home\",\"item\":\"https:\\\/\\\/dpress.ma\\\/fr\\\/\"},{\"@type\":\"ListItem\",\"position\":2,\"name\":\"Le Maroc et le Suriname appr\u00e9cient hautement le niveau des relations bilat\u00e9rales\"}]},{\"@type\":\"WebSite\",\"@id\":\"https:\\\/\\\/dpress.ma\\\/fr\\\/#website\",\"url\":\"https:\\\/\\\/dpress.ma\\\/fr\\\/\",\"name\":\"Dpress.ma\\\/fr\",\"description\":\"\",\"potentialAction\":[{\"@type\":\"SearchAction\",\"target\":{\"@type\":\"EntryPoint\",\"urlTemplate\":\"https:\\\/\\\/dpress.ma\\\/fr\\\/?s={search_term_string}\"},\"query-input\":{\"@type\":\"PropertyValueSpecification\",\"valueRequired\":true,\"valueName\":\"search_term_string\"}}],\"inLanguage\":\"fr-FR\"},{\"@type\":\"Person\",\"@id\":\"https:\\\/\\\/dpress.ma\\\/fr\\\/#\\\/schema\\\/person\\\/4898febf3ccd59e6578d838656a306a0\",\"name\":\"Dpress.ma\",\"image\":{\"@type\":\"ImageObject\",\"inLanguage\":\"fr-FR\",\"@id\":\"https:\\\/\\\/secure.gravatar.com\\\/avatar\\\/72ecc30e9db047a2e0e7176561eb9d564ed77c8108376495b19bd8336405198a?s=96&d=mm&r=g\",\"url\":\"https:\\\/\\\/secure.gravatar.com\\\/avatar\\\/72ecc30e9db047a2e0e7176561eb9d564ed77c8108376495b19bd8336405198a?s=96&d=mm&r=g\",\"contentUrl\":\"https:\\\/\\\/secure.gravatar.com\\\/avatar\\\/72ecc30e9db047a2e0e7176561eb9d564ed77c8108376495b19bd8336405198a?s=96&d=mm&r=g\",\"caption\":\"Dpress.ma\"},\"sameAs\":[\"https:\\\/\\\/www.dpress.ma\"],\"url\":\"https:\\\/\\\/dpress.ma\\\/fr\\\/author\\\/dpress-ma\\\/\"}]}<\/script>\n<!-- \/ Yoast SEO plugin. -->","yoast_head_json":{"title":"Le Maroc et le Suriname appr\u00e9cient hautement le niveau des relations bilat\u00e9rales - Dpress.ma\/fr","description":"Le Royaume du Maroc et la R\u00e9publique du Suriname ont exprim\u00e9, mercredi, leur haute appr\u00e9ciation du niveau actuel des relations bilat\u00e9rales dans tous les domaines, dans un communiqu\u00e9 conjoint","robots":{"index":"index","follow":"follow","max-snippet":"max-snippet:-1","max-image-preview":"max-image-preview:large","max-video-preview":"max-video-preview:-1"},"canonical":"https:\/\/dpress.ma\/fr\/2022\/05\/26\/le-maroc-et-le-suriname-apprecient-hautement-le-niveau-des-relations-bilaterales\/","og_locale":"fr_FR","og_type":"article","og_title":"Le Maroc et le Suriname appr\u00e9cient hautement le niveau des relations bilat\u00e9rales - Dpress.ma\/fr","og_description":"Le Royaume du Maroc et la R\u00e9publique du Suriname ont exprim\u00e9, mercredi, leur haute appr\u00e9ciation du niveau actuel des relations bilat\u00e9rales dans tous les domaines, dans un communiqu\u00e9 conjoint","og_url":"https:\/\/dpress.ma\/fr\/2022\/05\/26\/le-maroc-et-le-suriname-apprecient-hautement-le-niveau-des-relations-bilaterales\/","og_site_name":"Dpress.ma\/fr","article_published_time":"2022-05-26T10:27:37+00:00","article_modified_time":"2022-05-26T10:27:38+00:00","og_image":[{"width":2539,"height":1594,"url":"https:\/\/dpress.ma\/fr\/wp-content\/uploads\/sites\/2\/2022\/05\/dimensions2-27.jpg","type":"image\/jpeg"}],"author":"Dpress.ma","twitter_card":"summary_large_image","twitter_misc":{"\u00c9crit par":"Dpress.ma","Dur\u00e9e de lecture estim\u00e9e":"2 minutes"},"schema":{"@context":"https:\/\/schema.org","@graph":[{"@type":"Article","@id":"https:\/\/dpress.ma\/fr\/2022\/05\/26\/le-maroc-et-le-suriname-apprecient-hautement-le-niveau-des-relations-bilaterales\/#article","isPartOf":{"@id":"https:\/\/dpress.ma\/fr\/2022\/05\/26\/le-maroc-et-le-suriname-apprecient-hautement-le-niveau-des-relations-bilaterales\/"},"author":{"name":"Dpress.ma","@id":"https:\/\/dpress.ma\/fr\/#\/schema\/person\/4898febf3ccd59e6578d838656a306a0"},"headline":"Le Maroc et le Suriname appr\u00e9cient hautement le niveau des relations bilat\u00e9rales","datePublished":"2022-05-26T10:27:37+00:00","dateModified":"2022-05-26T10:27:38+00:00","mainEntityOfPage":{"@id":"https:\/\/dpress.ma\/fr\/2022\/05\/26\/le-maroc-et-le-suriname-apprecient-hautement-le-niveau-des-relations-bilaterales\/"},"wordCount":411,"image":{"@id":"https:\/\/dpress.ma\/fr\/2022\/05\/26\/le-maroc-et-le-suriname-apprecient-hautement-le-niveau-des-relations-bilaterales\/#primaryimage"},"thumbnailUrl":"https:\/\/dpress.ma\/fr\/wp-content\/uploads\/sites\/2\/2022\/05\/dimensions2-27.jpg","articleSection":["Politiques"],"inLanguage":"fr-FR"},{"@type":"WebPage","@id":"https:\/\/dpress.ma\/fr\/2022\/05\/26\/le-maroc-et-le-suriname-apprecient-hautement-le-niveau-des-relations-bilaterales\/","url":"https:\/\/dpress.ma\/fr\/2022\/05\/26\/le-maroc-et-le-suriname-apprecient-hautement-le-niveau-des-relations-bilaterales\/","name":"Le Maroc et le Suriname appr\u00e9cient hautement le niveau des relations bilat\u00e9rales - Dpress.ma\/fr","isPartOf":{"@id":"https:\/\/dpress.ma\/fr\/#website"},"primaryImageOfPage":{"@id":"https:\/\/dpress.ma\/fr\/2022\/05\/26\/le-maroc-et-le-suriname-apprecient-hautement-le-niveau-des-relations-bilaterales\/#primaryimage"},"image":{"@id":"https:\/\/dpress.ma\/fr\/2022\/05\/26\/le-maroc-et-le-suriname-apprecient-hautement-le-niveau-des-relations-bilaterales\/#primaryimage"},"thumbnailUrl":"https:\/\/dpress.ma\/fr\/wp-content\/uploads\/sites\/2\/2022\/05\/dimensions2-27.jpg","datePublished":"2022-05-26T10:27:37+00:00","dateModified":"2022-05-26T10:27:38+00:00","author":{"@id":"https:\/\/dpress.ma\/fr\/#\/schema\/person\/4898febf3ccd59e6578d838656a306a0"},"description":"Le Royaume du Maroc et la R\u00e9publique du Suriname ont exprim\u00e9, mercredi, leur haute appr\u00e9ciation du niveau actuel des relations bilat\u00e9rales dans tous les domaines, dans un communiqu\u00e9 conjoint","breadcrumb":{"@id":"https:\/\/dpress.ma\/fr\/2022\/05\/26\/le-maroc-et-le-suriname-apprecient-hautement-le-niveau-des-relations-bilaterales\/#breadcrumb"},"inLanguage":"fr-FR","potentialAction":[{"@type":"ReadAction","target":["https:\/\/dpress.ma\/fr\/2022\/05\/26\/le-maroc-et-le-suriname-apprecient-hautement-le-niveau-des-relations-bilaterales\/"]}]},{"@type":"ImageObject","inLanguage":"fr-FR","@id":"https:\/\/dpress.ma\/fr\/2022\/05\/26\/le-maroc-et-le-suriname-apprecient-hautement-le-niveau-des-relations-bilaterales\/#primaryimage","url":"https:\/\/dpress.ma\/fr\/wp-content\/uploads\/sites\/2\/2022\/05\/dimensions2-27.jpg","contentUrl":"https:\/\/dpress.ma\/fr\/wp-content\/uploads\/sites\/2\/2022\/05\/dimensions2-27.jpg","width":2539,"height":1594},{"@type":"BreadcrumbList","@id":"https:\/\/dpress.ma\/fr\/2022\/05\/26\/le-maroc-et-le-suriname-apprecient-hautement-le-niveau-des-relations-bilaterales\/#breadcrumb","itemListElement":[{"@type":"ListItem","position":1,"name":"Home","item":"https:\/\/dpress.ma\/fr\/"},{"@type":"ListItem","position":2,"name":"Le Maroc et le Suriname appr\u00e9cient hautement le niveau des relations bilat\u00e9rales"}]},{"@type":"WebSite","@id":"https:\/\/dpress.ma\/fr\/#website","url":"https:\/\/dpress.ma\/fr\/","name":"Dpress.ma\/fr","description":"","potentialAction":[{"@type":"SearchAction","target":{"@type":"EntryPoint","urlTemplate":"https:\/\/dpress.ma\/fr\/?s={search_term_string}"},"query-input":{"@type":"PropertyValueSpecification","valueRequired":true,"valueName":"search_term_string"}}],"inLanguage":"fr-FR"},{"@type":"Person","@id":"https:\/\/dpress.ma\/fr\/#\/schema\/person\/4898febf3ccd59e6578d838656a306a0","name":"Dpress.ma","image":{"@type":"ImageObject","inLanguage":"fr-FR","@id":"https:\/\/secure.gravatar.com\/avatar\/72ecc30e9db047a2e0e7176561eb9d564ed77c8108376495b19bd8336405198a?s=96&d=mm&r=g","url":"https:\/\/secure.gravatar.com\/avatar\/72ecc30e9db047a2e0e7176561eb9d564ed77c8108376495b19bd8336405198a?s=96&d=mm&r=g","contentUrl":"https:\/\/secure.gravatar.com\/avatar\/72ecc30e9db047a2e0e7176561eb9d564ed77c8108376495b19bd8336405198a?s=96&d=mm&r=g","caption":"Dpress.ma"},"sameAs":["https:\/\/www.dpress.ma"],"url":"https:\/\/dpress.ma\/fr\/author\/dpress-ma\/"}]}},"amp_enabled":true,"_links":{"self":[{"href":"https:\/\/dpress.ma\/fr\/wp-json\/wp\/v2\/posts\/1699","targetHints":{"allow":["GET"]}}],"collection":[{"href":"https:\/\/dpress.ma\/fr\/wp-json\/wp\/v2\/posts"}],"about":[{"href":"https:\/\/dpress.ma\/fr\/wp-json\/wp\/v2\/types\/post"}],"author":[{"embeddable":true,"href":"https:\/\/dpress.ma\/fr\/wp-json\/wp\/v2\/users\/2"}],"replies":[{"embeddable":true,"href":"https:\/\/dpress.ma\/fr\/wp-json\/wp\/v2\/comments?post=1699"}],"version-history":[{"count":1,"href":"https:\/\/dpress.ma\/fr\/wp-json\/wp\/v2\/posts\/1699\/revisions"}],"predecessor-version":[{"id":1701,"href":"https:\/\/dpress.ma\/fr\/wp-json\/wp\/v2\/posts\/1699\/revisions\/1701"}],"wp:featuredmedia":[{"embeddable":true,"href":"https:\/\/dpress.ma\/fr\/wp-json\/wp\/v2\/media\/1700"}],"wp:attachment":[{"href":"https:\/\/dpress.ma\/fr\/wp-json\/wp\/v2\/media?parent=1699"}],"wp:term":[{"taxonomy":"category","embeddable":true,"href":"https:\/\/dpress.ma\/fr\/wp-json\/wp\/v2\/categories?post=1699"},{"taxonomy":"post_tag","embeddable":true,"href":"https:\/\/dpress.ma\/fr\/wp-json\/wp\/v2\/tags?post=1699"}],"curies":[{"name":"wp","href":"https:\/\/api.w.org\/{rel}","templated":true}]}}