{"id":1693,"date":"2022-05-26T10:19:26","date_gmt":"2022-05-26T10:19:26","guid":{"rendered":"https:\/\/dpress.ma\/fr\/?p=1693"},"modified":"2022-05-26T10:19:28","modified_gmt":"2022-05-26T10:19:28","slug":"le-suriname-exprime-son-plein-soutien-au-plan-dautonomie-dans-le-respect-total-de-lintegrite-territoriale-du-royaume-et-sa-souverainete-nationale","status":"publish","type":"post","link":"https:\/\/dpress.ma\/fr\/2022\/05\/26\/le-suriname-exprime-son-plein-soutien-au-plan-dautonomie-dans-le-respect-total-de-lintegrite-territoriale-du-royaume-et-sa-souverainete-nationale\/","title":{"rendered":"Le Suriname exprime son plein soutien au plan d\u2019autonomie dans le  respect total de l\u2019int\u00e9grit\u00e9 territoriale du Royaume et sa souverainet\u00e9  nationale"},"content":{"rendered":"\n<p>Dpress<\/p>\n\n\n\n<p>Le ministre des Affaires \u00e9trang\u00e8res, du Commerce International et de la Coop\u00e9ration de la R\u00e9publique du Suriname, Albert Ramdin, a exprim\u00e9, mercredi, le plein soutien de son pays au plan marocain d\u2019autonomie en tant que base unique d\u2019une solution politique au diff\u00e9rend r\u00e9gional sur le Sahara marocain, dans le plein respect de l\u2019int\u00e9grit\u00e9 territoriale et de la souverainet\u00e9 nationale du Maroc.<\/p>\n\n\n\n<p>M. Ramdin a r\u00e9affirm\u00e9 la reconnaissance par la R\u00e9publique du Suriname de la souverainet\u00e9 du Royaume du Maroc sur l\u2019ensemble de son territoire, y compris le Sahara marocain, indique un communiqu\u00e9 conjoint publi\u00e9 \u00e0 l\u2019issue d\u2019entretiens tenus \u00e0 Rabat entre le ministre des Affaires \u00e9trang\u00e8res, de la Coop\u00e9ration Africaine et des Marocains r\u00e9sidant \u00e0 l\u2019\u00e9tranger, Nasser Bourita, et son homologue du Suriname.<\/p>\n\n\n\n<p>Dans cet esprit, le gouvernement du Suriname a d\u00e9cid\u00e9 l\u2019ouverture d\u2019un consulat g\u00e9n\u00e9ral \u00e0 Dakhla, rel\u00e8ve-t-on dans le communiqu\u00e9 conjoint.<\/p>\n\n\n\n<p>24 pays ont d\u00e9j\u00e0 ouvert des consulats dans les villes de Dakhla (12 pays) et de La\u00e2youne (12 pays).<\/p>\n\n\n\n<p>Au cours de ces entretiens, M. Bourita a inform\u00e9 M. Ramdin des derniers d\u00e9veloppements de la question du Sahara et a soulign\u00e9 le soutien de la communaut\u00e9 internationale au plan marocain d\u2019autonomie sous la souverainet\u00e9 du Royaume du Maroc, comme base unique d\u2019une solution politique consensuelle \u00e0 ce diff\u00e9rend r\u00e9gional.<\/p>\n\n\n\n<p>Le responsable marocain a r\u00e9it\u00e9r\u00e9, \u00e0 cet \u00e9gard, l\u2019attachement du Royaume du Maroc au processus politique en cours men\u00e9 sous l\u2019\u00e9gide exclusive des Nations Unies, ajoute le document.<\/p>\n\n\n\n<p>Cette position du Suriname s\u2019inscrit dans le cadre de l\u2019\u00e9lan de soutien \u00e0 la cause nationale exprim\u00e9 par plusieurs pays \u00e0 travers le monde, notamment dans la r\u00e9gion des Cara\u00efbes. Un total de 12 pays sur 14 de cette r\u00e9gion ont chang\u00e9 leurs positions en faveur du Maroc au sujet de la question du Sahara marocain.<\/p>\n","protected":false},"excerpt":{"rendered":"<p>Dpress Le ministre des Affaires \u00e9trang\u00e8res, du Commerce International et de la Coop\u00e9ration de la R\u00e9publique du Suriname, Albert Ramdin, a exprim\u00e9, mercredi, le plein soutien de son pays au plan marocain d\u2019autonomie en tant que base unique d\u2019une solution politique au diff\u00e9rend r\u00e9gional sur le Sahara marocain, dans le plein respect de l\u2019int\u00e9grit\u00e9 territoriale &hellip;<\/p>\n","protected":false},"author":2,"featured_media":1694,"comment_status":"closed","ping_status":"open","sticky":false,"template":"","format":"standard","meta":{"footnotes":""},"categories":[26],"tags":[],"class_list":["post-1693","post","type-post","status-publish","format-standard","has-post-thumbnail","hentry","category-politiques"],"yoast_head":"<!-- This site is optimized with the Yoast SEO plugin v27.5 - https:\/\/yoast.com\/product\/yoast-seo-wordpress\/ -->\n<title>Le Suriname exprime son plein soutien au plan d\u2019autonomie dans le respect total de l\u2019int\u00e9grit\u00e9 territoriale du Royaume et sa souverainet\u00e9 nationale - Dpress.ma\/fr<\/title>\n<meta name=\"description\" content=\"Le ministre des Affaires \u00e9trang\u00e8res, du Commerce International et de la Coop\u00e9ration de la R\u00e9publique du Suriname, Albert Ramdin, a exprim\u00e9, mercredi, le plein soutien de son pays au plan marocain d\u2019autonomie\" \/>\n<meta name=\"robots\" content=\"index, follow, max-snippet:-1, max-image-preview:large, max-video-preview:-1\" \/>\n<link rel=\"canonical\" href=\"https:\/\/dpress.ma\/fr\/2022\/05\/26\/le-suriname-exprime-son-plein-soutien-au-plan-dautonomie-dans-le-respect-total-de-lintegrite-territoriale-du-royaume-et-sa-souverainete-nationale\/\" \/>\n<meta property=\"og:locale\" content=\"fr_FR\" \/>\n<meta property=\"og:type\" content=\"article\" \/>\n<meta property=\"og:title\" content=\"Le Suriname exprime son plein soutien au plan d\u2019autonomie dans le respect total de l\u2019int\u00e9grit\u00e9 territoriale du Royaume et sa souverainet\u00e9 nationale - Dpress.ma\/fr\" \/>\n<meta property=\"og:description\" content=\"Le ministre des Affaires \u00e9trang\u00e8res, du Commerce International et de la Coop\u00e9ration de la R\u00e9publique du Suriname, Albert Ramdin, a exprim\u00e9, mercredi, le plein soutien de son pays au plan marocain d\u2019autonomie\" \/>\n<meta property=\"og:url\" content=\"https:\/\/dpress.ma\/fr\/2022\/05\/26\/le-suriname-exprime-son-plein-soutien-au-plan-dautonomie-dans-le-respect-total-de-lintegrite-territoriale-du-royaume-et-sa-souverainete-nationale\/\" \/>\n<meta property=\"og:site_name\" content=\"Dpress.ma\/fr\" \/>\n<meta property=\"article:published_time\" content=\"2022-05-26T10:19:26+00:00\" \/>\n<meta property=\"article:modified_time\" content=\"2022-05-26T10:19:28+00:00\" \/>\n<meta property=\"og:image\" content=\"https:\/\/dpress.ma\/fr\/wp-content\/uploads\/sites\/2\/2022\/05\/dimensions2-25.jpg\" \/>\n\t<meta property=\"og:image:width\" content=\"2539\" \/>\n\t<meta property=\"og:image:height\" content=\"1594\" \/>\n\t<meta property=\"og:image:type\" content=\"image\/jpeg\" \/>\n<meta name=\"author\" content=\"Dpress.ma\" \/>\n<meta name=\"twitter:card\" content=\"summary_large_image\" \/>\n<meta name=\"twitter:label1\" content=\"\u00c9crit par\" \/>\n\t<meta name=\"twitter:data1\" content=\"Dpress.ma\" \/>\n\t<meta name=\"twitter:label2\" content=\"Dur\u00e9e de lecture estim\u00e9e\" \/>\n\t<meta name=\"twitter:data2\" content=\"2 minutes\" \/>\n<script type=\"application\/ld+json\" class=\"yoast-schema-graph\">{\"@context\":\"https:\\\/\\\/schema.org\",\"@graph\":[{\"@type\":\"Article\",\"@id\":\"https:\\\/\\\/dpress.ma\\\/fr\\\/2022\\\/05\\\/26\\\/le-suriname-exprime-son-plein-soutien-au-plan-dautonomie-dans-le-respect-total-de-lintegrite-territoriale-du-royaume-et-sa-souverainete-nationale\\\/#article\",\"isPartOf\":{\"@id\":\"https:\\\/\\\/dpress.ma\\\/fr\\\/2022\\\/05\\\/26\\\/le-suriname-exprime-son-plein-soutien-au-plan-dautonomie-dans-le-respect-total-de-lintegrite-territoriale-du-royaume-et-sa-souverainete-nationale\\\/\"},\"author\":{\"name\":\"Dpress.ma\",\"@id\":\"https:\\\/\\\/dpress.ma\\\/fr\\\/#\\\/schema\\\/person\\\/4898febf3ccd59e6578d838656a306a0\"},\"headline\":\"Le Suriname exprime son plein soutien au plan d\u2019autonomie dans le respect total de l\u2019int\u00e9grit\u00e9 territoriale du Royaume et sa souverainet\u00e9 nationale\",\"datePublished\":\"2022-05-26T10:19:26+00:00\",\"dateModified\":\"2022-05-26T10:19:28+00:00\",\"mainEntityOfPage\":{\"@id\":\"https:\\\/\\\/dpress.ma\\\/fr\\\/2022\\\/05\\\/26\\\/le-suriname-exprime-son-plein-soutien-au-plan-dautonomie-dans-le-respect-total-de-lintegrite-territoriale-du-royaume-et-sa-souverainete-nationale\\\/\"},\"wordCount\":349,\"image\":{\"@id\":\"https:\\\/\\\/dpress.ma\\\/fr\\\/2022\\\/05\\\/26\\\/le-suriname-exprime-son-plein-soutien-au-plan-dautonomie-dans-le-respect-total-de-lintegrite-territoriale-du-royaume-et-sa-souverainete-nationale\\\/#primaryimage\"},\"thumbnailUrl\":\"https:\\\/\\\/dpress.ma\\\/fr\\\/wp-content\\\/uploads\\\/sites\\\/2\\\/2022\\\/05\\\/dimensions2-25.jpg\",\"articleSection\":[\"Politiques\"],\"inLanguage\":\"fr-FR\"},{\"@type\":\"WebPage\",\"@id\":\"https:\\\/\\\/dpress.ma\\\/fr\\\/2022\\\/05\\\/26\\\/le-suriname-exprime-son-plein-soutien-au-plan-dautonomie-dans-le-respect-total-de-lintegrite-territoriale-du-royaume-et-sa-souverainete-nationale\\\/\",\"url\":\"https:\\\/\\\/dpress.ma\\\/fr\\\/2022\\\/05\\\/26\\\/le-suriname-exprime-son-plein-soutien-au-plan-dautonomie-dans-le-respect-total-de-lintegrite-territoriale-du-royaume-et-sa-souverainete-nationale\\\/\",\"name\":\"Le Suriname exprime son plein soutien au plan d\u2019autonomie dans le respect total de l\u2019int\u00e9grit\u00e9 territoriale du Royaume et sa souverainet\u00e9 nationale - Dpress.ma\\\/fr\",\"isPartOf\":{\"@id\":\"https:\\\/\\\/dpress.ma\\\/fr\\\/#website\"},\"primaryImageOfPage\":{\"@id\":\"https:\\\/\\\/dpress.ma\\\/fr\\\/2022\\\/05\\\/26\\\/le-suriname-exprime-son-plein-soutien-au-plan-dautonomie-dans-le-respect-total-de-lintegrite-territoriale-du-royaume-et-sa-souverainete-nationale\\\/#primaryimage\"},\"image\":{\"@id\":\"https:\\\/\\\/dpress.ma\\\/fr\\\/2022\\\/05\\\/26\\\/le-suriname-exprime-son-plein-soutien-au-plan-dautonomie-dans-le-respect-total-de-lintegrite-territoriale-du-royaume-et-sa-souverainete-nationale\\\/#primaryimage\"},\"thumbnailUrl\":\"https:\\\/\\\/dpress.ma\\\/fr\\\/wp-content\\\/uploads\\\/sites\\\/2\\\/2022\\\/05\\\/dimensions2-25.jpg\",\"datePublished\":\"2022-05-26T10:19:26+00:00\",\"dateModified\":\"2022-05-26T10:19:28+00:00\",\"author\":{\"@id\":\"https:\\\/\\\/dpress.ma\\\/fr\\\/#\\\/schema\\\/person\\\/4898febf3ccd59e6578d838656a306a0\"},\"description\":\"Le ministre des Affaires \u00e9trang\u00e8res, du Commerce International et de la Coop\u00e9ration de la R\u00e9publique du Suriname, Albert Ramdin, a exprim\u00e9, mercredi, le plein soutien de son pays au plan marocain d\u2019autonomie\",\"breadcrumb\":{\"@id\":\"https:\\\/\\\/dpress.ma\\\/fr\\\/2022\\\/05\\\/26\\\/le-suriname-exprime-son-plein-soutien-au-plan-dautonomie-dans-le-respect-total-de-lintegrite-territoriale-du-royaume-et-sa-souverainete-nationale\\\/#breadcrumb\"},\"inLanguage\":\"fr-FR\",\"potentialAction\":[{\"@type\":\"ReadAction\",\"target\":[\"https:\\\/\\\/dpress.ma\\\/fr\\\/2022\\\/05\\\/26\\\/le-suriname-exprime-son-plein-soutien-au-plan-dautonomie-dans-le-respect-total-de-lintegrite-territoriale-du-royaume-et-sa-souverainete-nationale\\\/\"]}]},{\"@type\":\"ImageObject\",\"inLanguage\":\"fr-FR\",\"@id\":\"https:\\\/\\\/dpress.ma\\\/fr\\\/2022\\\/05\\\/26\\\/le-suriname-exprime-son-plein-soutien-au-plan-dautonomie-dans-le-respect-total-de-lintegrite-territoriale-du-royaume-et-sa-souverainete-nationale\\\/#primaryimage\",\"url\":\"https:\\\/\\\/dpress.ma\\\/fr\\\/wp-content\\\/uploads\\\/sites\\\/2\\\/2022\\\/05\\\/dimensions2-25.jpg\",\"contentUrl\":\"https:\\\/\\\/dpress.ma\\\/fr\\\/wp-content\\\/uploads\\\/sites\\\/2\\\/2022\\\/05\\\/dimensions2-25.jpg\",\"width\":2539,\"height\":1594},{\"@type\":\"BreadcrumbList\",\"@id\":\"https:\\\/\\\/dpress.ma\\\/fr\\\/2022\\\/05\\\/26\\\/le-suriname-exprime-son-plein-soutien-au-plan-dautonomie-dans-le-respect-total-de-lintegrite-territoriale-du-royaume-et-sa-souverainete-nationale\\\/#breadcrumb\",\"itemListElement\":[{\"@type\":\"ListItem\",\"position\":1,\"name\":\"Home\",\"item\":\"https:\\\/\\\/dpress.ma\\\/fr\\\/\"},{\"@type\":\"ListItem\",\"position\":2,\"name\":\"Le Suriname exprime son plein soutien au plan d\u2019autonomie dans le respect total de l\u2019int\u00e9grit\u00e9 territoriale du Royaume et sa souverainet\u00e9 nationale\"}]},{\"@type\":\"WebSite\",\"@id\":\"https:\\\/\\\/dpress.ma\\\/fr\\\/#website\",\"url\":\"https:\\\/\\\/dpress.ma\\\/fr\\\/\",\"name\":\"Dpress.ma\\\/fr\",\"description\":\"\",\"potentialAction\":[{\"@type\":\"SearchAction\",\"target\":{\"@type\":\"EntryPoint\",\"urlTemplate\":\"https:\\\/\\\/dpress.ma\\\/fr\\\/?s={search_term_string}\"},\"query-input\":{\"@type\":\"PropertyValueSpecification\",\"valueRequired\":true,\"valueName\":\"search_term_string\"}}],\"inLanguage\":\"fr-FR\"},{\"@type\":\"Person\",\"@id\":\"https:\\\/\\\/dpress.ma\\\/fr\\\/#\\\/schema\\\/person\\\/4898febf3ccd59e6578d838656a306a0\",\"name\":\"Dpress.ma\",\"image\":{\"@type\":\"ImageObject\",\"inLanguage\":\"fr-FR\",\"@id\":\"https:\\\/\\\/secure.gravatar.com\\\/avatar\\\/72ecc30e9db047a2e0e7176561eb9d564ed77c8108376495b19bd8336405198a?s=96&d=mm&r=g\",\"url\":\"https:\\\/\\\/secure.gravatar.com\\\/avatar\\\/72ecc30e9db047a2e0e7176561eb9d564ed77c8108376495b19bd8336405198a?s=96&d=mm&r=g\",\"contentUrl\":\"https:\\\/\\\/secure.gravatar.com\\\/avatar\\\/72ecc30e9db047a2e0e7176561eb9d564ed77c8108376495b19bd8336405198a?s=96&d=mm&r=g\",\"caption\":\"Dpress.ma\"},\"sameAs\":[\"https:\\\/\\\/www.dpress.ma\"],\"url\":\"https:\\\/\\\/dpress.ma\\\/fr\\\/author\\\/dpress-ma\\\/\"}]}<\/script>\n<!-- \/ Yoast SEO plugin. -->","yoast_head_json":{"title":"Le Suriname exprime son plein soutien au plan d\u2019autonomie dans le respect total de l\u2019int\u00e9grit\u00e9 territoriale du Royaume et sa souverainet\u00e9 nationale - Dpress.ma\/fr","description":"Le ministre des Affaires \u00e9trang\u00e8res, du Commerce International et de la Coop\u00e9ration de la R\u00e9publique du Suriname, Albert Ramdin, a exprim\u00e9, mercredi, le plein soutien de son pays au plan marocain d\u2019autonomie","robots":{"index":"index","follow":"follow","max-snippet":"max-snippet:-1","max-image-preview":"max-image-preview:large","max-video-preview":"max-video-preview:-1"},"canonical":"https:\/\/dpress.ma\/fr\/2022\/05\/26\/le-suriname-exprime-son-plein-soutien-au-plan-dautonomie-dans-le-respect-total-de-lintegrite-territoriale-du-royaume-et-sa-souverainete-nationale\/","og_locale":"fr_FR","og_type":"article","og_title":"Le Suriname exprime son plein soutien au plan d\u2019autonomie dans le respect total de l\u2019int\u00e9grit\u00e9 territoriale du Royaume et sa souverainet\u00e9 nationale - Dpress.ma\/fr","og_description":"Le ministre des Affaires \u00e9trang\u00e8res, du Commerce International et de la Coop\u00e9ration de la R\u00e9publique du Suriname, Albert Ramdin, a exprim\u00e9, mercredi, le plein soutien de son pays au plan marocain d\u2019autonomie","og_url":"https:\/\/dpress.ma\/fr\/2022\/05\/26\/le-suriname-exprime-son-plein-soutien-au-plan-dautonomie-dans-le-respect-total-de-lintegrite-territoriale-du-royaume-et-sa-souverainete-nationale\/","og_site_name":"Dpress.ma\/fr","article_published_time":"2022-05-26T10:19:26+00:00","article_modified_time":"2022-05-26T10:19:28+00:00","og_image":[{"width":2539,"height":1594,"url":"https:\/\/dpress.ma\/fr\/wp-content\/uploads\/sites\/2\/2022\/05\/dimensions2-25.jpg","type":"image\/jpeg"}],"author":"Dpress.ma","twitter_card":"summary_large_image","twitter_misc":{"\u00c9crit par":"Dpress.ma","Dur\u00e9e de lecture estim\u00e9e":"2 minutes"},"schema":{"@context":"https:\/\/schema.org","@graph":[{"@type":"Article","@id":"https:\/\/dpress.ma\/fr\/2022\/05\/26\/le-suriname-exprime-son-plein-soutien-au-plan-dautonomie-dans-le-respect-total-de-lintegrite-territoriale-du-royaume-et-sa-souverainete-nationale\/#article","isPartOf":{"@id":"https:\/\/dpress.ma\/fr\/2022\/05\/26\/le-suriname-exprime-son-plein-soutien-au-plan-dautonomie-dans-le-respect-total-de-lintegrite-territoriale-du-royaume-et-sa-souverainete-nationale\/"},"author":{"name":"Dpress.ma","@id":"https:\/\/dpress.ma\/fr\/#\/schema\/person\/4898febf3ccd59e6578d838656a306a0"},"headline":"Le Suriname exprime son plein soutien au plan d\u2019autonomie dans le respect total de l\u2019int\u00e9grit\u00e9 territoriale du Royaume et sa souverainet\u00e9 nationale","datePublished":"2022-05-26T10:19:26+00:00","dateModified":"2022-05-26T10:19:28+00:00","mainEntityOfPage":{"@id":"https:\/\/dpress.ma\/fr\/2022\/05\/26\/le-suriname-exprime-son-plein-soutien-au-plan-dautonomie-dans-le-respect-total-de-lintegrite-territoriale-du-royaume-et-sa-souverainete-nationale\/"},"wordCount":349,"image":{"@id":"https:\/\/dpress.ma\/fr\/2022\/05\/26\/le-suriname-exprime-son-plein-soutien-au-plan-dautonomie-dans-le-respect-total-de-lintegrite-territoriale-du-royaume-et-sa-souverainete-nationale\/#primaryimage"},"thumbnailUrl":"https:\/\/dpress.ma\/fr\/wp-content\/uploads\/sites\/2\/2022\/05\/dimensions2-25.jpg","articleSection":["Politiques"],"inLanguage":"fr-FR"},{"@type":"WebPage","@id":"https:\/\/dpress.ma\/fr\/2022\/05\/26\/le-suriname-exprime-son-plein-soutien-au-plan-dautonomie-dans-le-respect-total-de-lintegrite-territoriale-du-royaume-et-sa-souverainete-nationale\/","url":"https:\/\/dpress.ma\/fr\/2022\/05\/26\/le-suriname-exprime-son-plein-soutien-au-plan-dautonomie-dans-le-respect-total-de-lintegrite-territoriale-du-royaume-et-sa-souverainete-nationale\/","name":"Le Suriname exprime son plein soutien au plan d\u2019autonomie dans le respect total de l\u2019int\u00e9grit\u00e9 territoriale du Royaume et sa souverainet\u00e9 nationale - Dpress.ma\/fr","isPartOf":{"@id":"https:\/\/dpress.ma\/fr\/#website"},"primaryImageOfPage":{"@id":"https:\/\/dpress.ma\/fr\/2022\/05\/26\/le-suriname-exprime-son-plein-soutien-au-plan-dautonomie-dans-le-respect-total-de-lintegrite-territoriale-du-royaume-et-sa-souverainete-nationale\/#primaryimage"},"image":{"@id":"https:\/\/dpress.ma\/fr\/2022\/05\/26\/le-suriname-exprime-son-plein-soutien-au-plan-dautonomie-dans-le-respect-total-de-lintegrite-territoriale-du-royaume-et-sa-souverainete-nationale\/#primaryimage"},"thumbnailUrl":"https:\/\/dpress.ma\/fr\/wp-content\/uploads\/sites\/2\/2022\/05\/dimensions2-25.jpg","datePublished":"2022-05-26T10:19:26+00:00","dateModified":"2022-05-26T10:19:28+00:00","author":{"@id":"https:\/\/dpress.ma\/fr\/#\/schema\/person\/4898febf3ccd59e6578d838656a306a0"},"description":"Le ministre des Affaires \u00e9trang\u00e8res, du Commerce International et de la Coop\u00e9ration de la R\u00e9publique du Suriname, Albert Ramdin, a exprim\u00e9, mercredi, le plein soutien de son pays au plan marocain d\u2019autonomie","breadcrumb":{"@id":"https:\/\/dpress.ma\/fr\/2022\/05\/26\/le-suriname-exprime-son-plein-soutien-au-plan-dautonomie-dans-le-respect-total-de-lintegrite-territoriale-du-royaume-et-sa-souverainete-nationale\/#breadcrumb"},"inLanguage":"fr-FR","potentialAction":[{"@type":"ReadAction","target":["https:\/\/dpress.ma\/fr\/2022\/05\/26\/le-suriname-exprime-son-plein-soutien-au-plan-dautonomie-dans-le-respect-total-de-lintegrite-territoriale-du-royaume-et-sa-souverainete-nationale\/"]}]},{"@type":"ImageObject","inLanguage":"fr-FR","@id":"https:\/\/dpress.ma\/fr\/2022\/05\/26\/le-suriname-exprime-son-plein-soutien-au-plan-dautonomie-dans-le-respect-total-de-lintegrite-territoriale-du-royaume-et-sa-souverainete-nationale\/#primaryimage","url":"https:\/\/dpress.ma\/fr\/wp-content\/uploads\/sites\/2\/2022\/05\/dimensions2-25.jpg","contentUrl":"https:\/\/dpress.ma\/fr\/wp-content\/uploads\/sites\/2\/2022\/05\/dimensions2-25.jpg","width":2539,"height":1594},{"@type":"BreadcrumbList","@id":"https:\/\/dpress.ma\/fr\/2022\/05\/26\/le-suriname-exprime-son-plein-soutien-au-plan-dautonomie-dans-le-respect-total-de-lintegrite-territoriale-du-royaume-et-sa-souverainete-nationale\/#breadcrumb","itemListElement":[{"@type":"ListItem","position":1,"name":"Home","item":"https:\/\/dpress.ma\/fr\/"},{"@type":"ListItem","position":2,"name":"Le Suriname exprime son plein soutien au plan d\u2019autonomie dans le respect total de l\u2019int\u00e9grit\u00e9 territoriale du Royaume et sa souverainet\u00e9 nationale"}]},{"@type":"WebSite","@id":"https:\/\/dpress.ma\/fr\/#website","url":"https:\/\/dpress.ma\/fr\/","name":"Dpress.ma\/fr","description":"","potentialAction":[{"@type":"SearchAction","target":{"@type":"EntryPoint","urlTemplate":"https:\/\/dpress.ma\/fr\/?s={search_term_string}"},"query-input":{"@type":"PropertyValueSpecification","valueRequired":true,"valueName":"search_term_string"}}],"inLanguage":"fr-FR"},{"@type":"Person","@id":"https:\/\/dpress.ma\/fr\/#\/schema\/person\/4898febf3ccd59e6578d838656a306a0","name":"Dpress.ma","image":{"@type":"ImageObject","inLanguage":"fr-FR","@id":"https:\/\/secure.gravatar.com\/avatar\/72ecc30e9db047a2e0e7176561eb9d564ed77c8108376495b19bd8336405198a?s=96&d=mm&r=g","url":"https:\/\/secure.gravatar.com\/avatar\/72ecc30e9db047a2e0e7176561eb9d564ed77c8108376495b19bd8336405198a?s=96&d=mm&r=g","contentUrl":"https:\/\/secure.gravatar.com\/avatar\/72ecc30e9db047a2e0e7176561eb9d564ed77c8108376495b19bd8336405198a?s=96&d=mm&r=g","caption":"Dpress.ma"},"sameAs":["https:\/\/www.dpress.ma"],"url":"https:\/\/dpress.ma\/fr\/author\/dpress-ma\/"}]}},"amp_enabled":true,"_links":{"self":[{"href":"https:\/\/dpress.ma\/fr\/wp-json\/wp\/v2\/posts\/1693","targetHints":{"allow":["GET"]}}],"collection":[{"href":"https:\/\/dpress.ma\/fr\/wp-json\/wp\/v2\/posts"}],"about":[{"href":"https:\/\/dpress.ma\/fr\/wp-json\/wp\/v2\/types\/post"}],"author":[{"embeddable":true,"href":"https:\/\/dpress.ma\/fr\/wp-json\/wp\/v2\/users\/2"}],"replies":[{"embeddable":true,"href":"https:\/\/dpress.ma\/fr\/wp-json\/wp\/v2\/comments?post=1693"}],"version-history":[{"count":1,"href":"https:\/\/dpress.ma\/fr\/wp-json\/wp\/v2\/posts\/1693\/revisions"}],"predecessor-version":[{"id":1695,"href":"https:\/\/dpress.ma\/fr\/wp-json\/wp\/v2\/posts\/1693\/revisions\/1695"}],"wp:featuredmedia":[{"embeddable":true,"href":"https:\/\/dpress.ma\/fr\/wp-json\/wp\/v2\/media\/1694"}],"wp:attachment":[{"href":"https:\/\/dpress.ma\/fr\/wp-json\/wp\/v2\/media?parent=1693"}],"wp:term":[{"taxonomy":"category","embeddable":true,"href":"https:\/\/dpress.ma\/fr\/wp-json\/wp\/v2\/categories?post=1693"},{"taxonomy":"post_tag","embeddable":true,"href":"https:\/\/dpress.ma\/fr\/wp-json\/wp\/v2\/tags?post=1693"}],"curies":[{"name":"wp","href":"https:\/\/api.w.org\/{rel}","templated":true}]}}