{"id":16527,"date":"2025-10-06T11:06:08","date_gmt":"2025-10-06T11:06:08","guid":{"rendered":"https:\/\/dpress.ma\/fr\/?p=16527"},"modified":"2025-10-06T11:06:09","modified_gmt":"2025-10-06T11:06:09","slug":"khenifra-ouverture-de-la-saison-de-chasse-2025-2026","status":"publish","type":"post","link":"https:\/\/dpress.ma\/fr\/2025\/10\/06\/khenifra-ouverture-de-la-saison-de-chasse-2025-2026\/","title":{"rendered":"Kh\u00e9nifra: Ouverture de la saison de chasse 2025-2026"},"content":{"rendered":"\n<p>Dpress<\/p>\n\n\n\n<p>Le coup d\u2019envoi de la saison de chasse 2025-2026 a \u00e9t\u00e9 donn\u00e9, dimanche, dans la province de Kh\u00e9nifra.<\/p>\n\n\n\n<p>Une s\u00e9rie de mesures a \u00e9t\u00e9 prise par les services concern\u00e9s pour garantir la r\u00e9ussite de la saison, notamment l\u2019organisation d\u2019ateliers et de rencontres de sensibilisation, la surveillance des zones de chasse et la lutte contre le braconnage, afin d\u2019assurer une pratique responsable et respectueuse de l\u2019environnement.<\/p>\n\n\n\n<p>Dans une d\u00e9claration \u00e0 la MAP, le directeur provincial de l\u2019Agence nationale des eaux et for\u00eats (ANEF) \u00e0 Kh\u00e9nifra, Mohamed Seddik, a indiqu\u00e9 que la saison de chasse constitue une occasion pour les chasseurs de pratiquer leur passion dans le respect de la l\u00e9gislation et des \u00e9cosyst\u00e8mes, tout en contribuant \u00e0 la gestion durable des ressources fauniques.<\/p>\n\n\n\n<p>Dans le cadre de la Strat\u00e9gie \u201cFor\u00eats du Maroc 2020-2030\u201d, l\u2019ANEF a mis en \u0153uvre plusieurs mesures visant \u00e0 valoriser le patrimoine faunique et \u00e0 g\u00e9rer les zones de chasse, a-t-il soulign\u00e9, citant notamment l\u2019intensification des efforts de terrain, le d\u00e9ploiement d\u2019unit\u00e9s mobiles de contr\u00f4le et le renforcement de la coordination avec les gardes de la F\u00e9d\u00e9ration royale marocaine de chasse.<\/p>\n\n\n\n<p>De son c\u00f4t\u00e9, le pr\u00e9sident du \u201cClub de Chasse le Faucon\u201d, Ali Hachemi, a mis en avant les atouts naturels et \u00e9cologiques de la r\u00e9gion du Moyen Atlas, insistant sur la n\u00e9cessit\u00e9 de respecter les r\u00e8gles encadrant la chasse, notamment celles relatives aux quotas journaliers, aux zones prot\u00e9g\u00e9es et aux jours d\u2019ouverture.<\/p>\n\n\n\n<p>La province de Kh\u00e9nifra dispose d\u2019une superficie cyn\u00e9g\u00e9tique d\u2019environ 227.758 hectares, comprenant dix r\u00e9serves permanentes et huit r\u00e9serves temporaires renouvel\u00e9es tous les trois ans.<\/p>\n\n\n\n<p>Le nombre de chasseurs pour cette saison s\u2019\u00e9l\u00e8ve \u00e0 environ 3.098, r\u00e9partis sur 124 associations agr\u00e9\u00e9es, en plus de six contrats sign\u00e9s avec des soci\u00e9t\u00e9s de chasse touristique et un contrat sur des terrains priv\u00e9s.<\/p>\n\n\n\n<p>Dans le cadre des programmes de repeuplement et de pr\u00e9servation de la biodiversit\u00e9, plus de 4.525 perdrix ont \u00e9t\u00e9 rel\u00e2ch\u00e9es au niveau de la province.<\/p>\n","protected":false},"excerpt":{"rendered":"<p>Dpress Le coup d\u2019envoi de la saison de chasse 2025-2026 a \u00e9t\u00e9 donn\u00e9, dimanche, dans la province de Kh\u00e9nifra. Une s\u00e9rie de mesures a \u00e9t\u00e9 prise par les services concern\u00e9s pour garantir la r\u00e9ussite de la saison, notamment l\u2019organisation d\u2019ateliers et de rencontres de sensibilisation, la surveillance des zones de chasse et la lutte contre &hellip;<\/p>\n","protected":false},"author":2,"featured_media":16528,"comment_status":"open","ping_status":"open","sticky":false,"template":"","format":"standard","meta":{"footnotes":""},"categories":[40],"tags":[],"class_list":["post-16527","post","type-post","status-publish","format-standard","has-post-thumbnail","hentry","category-societe-et-regions"],"yoast_head":"<!-- This site is optimized with the Yoast SEO plugin v27.5 - https:\/\/yoast.com\/product\/yoast-seo-wordpress\/ -->\n<title>Kh\u00e9nifra: Ouverture de la saison de chasse 2025-2026 - Dpress.ma\/fr<\/title>\n<meta name=\"robots\" content=\"index, follow, max-snippet:-1, max-image-preview:large, max-video-preview:-1\" \/>\n<link rel=\"canonical\" href=\"https:\/\/dpress.ma\/fr\/2025\/10\/06\/khenifra-ouverture-de-la-saison-de-chasse-2025-2026\/\" \/>\n<meta property=\"og:locale\" content=\"fr_FR\" \/>\n<meta property=\"og:type\" content=\"article\" \/>\n<meta property=\"og:title\" content=\"Kh\u00e9nifra: Ouverture de la saison de chasse 2025-2026 - Dpress.ma\/fr\" \/>\n<meta property=\"og:description\" content=\"Dpress Le coup d\u2019envoi de la saison de chasse 2025-2026 a \u00e9t\u00e9 donn\u00e9, dimanche, dans la province de Kh\u00e9nifra. Une s\u00e9rie de mesures a \u00e9t\u00e9 prise par les services concern\u00e9s pour garantir la r\u00e9ussite de la saison, notamment l\u2019organisation d\u2019ateliers et de rencontres de sensibilisation, la surveillance des zones de chasse et la lutte contre &hellip;\" \/>\n<meta property=\"og:url\" content=\"https:\/\/dpress.ma\/fr\/2025\/10\/06\/khenifra-ouverture-de-la-saison-de-chasse-2025-2026\/\" \/>\n<meta property=\"og:site_name\" content=\"Dpress.ma\/fr\" \/>\n<meta property=\"article:published_time\" content=\"2025-10-06T11:06:08+00:00\" \/>\n<meta property=\"article:modified_time\" content=\"2025-10-06T11:06:09+00:00\" \/>\n<meta property=\"og:image\" content=\"https:\/\/dpress.ma\/fr\/wp-content\/uploads\/sites\/2\/2025\/10\/dimensions2-13.jpg\" \/>\n\t<meta property=\"og:image:width\" content=\"1500\" \/>\n\t<meta property=\"og:image:height\" content=\"942\" \/>\n\t<meta property=\"og:image:type\" content=\"image\/jpeg\" \/>\n<meta name=\"author\" content=\"Dpress.ma\" \/>\n<meta name=\"twitter:card\" content=\"summary_large_image\" \/>\n<meta name=\"twitter:label1\" content=\"\u00c9crit par\" \/>\n\t<meta name=\"twitter:data1\" content=\"Dpress.ma\" \/>\n\t<meta name=\"twitter:label2\" content=\"Dur\u00e9e de lecture estim\u00e9e\" \/>\n\t<meta name=\"twitter:data2\" content=\"2 minutes\" \/>\n<script type=\"application\/ld+json\" class=\"yoast-schema-graph\">{\"@context\":\"https:\\\/\\\/schema.org\",\"@graph\":[{\"@type\":\"Article\",\"@id\":\"https:\\\/\\\/dpress.ma\\\/fr\\\/2025\\\/10\\\/06\\\/khenifra-ouverture-de-la-saison-de-chasse-2025-2026\\\/#article\",\"isPartOf\":{\"@id\":\"https:\\\/\\\/dpress.ma\\\/fr\\\/2025\\\/10\\\/06\\\/khenifra-ouverture-de-la-saison-de-chasse-2025-2026\\\/\"},\"author\":{\"name\":\"Dpress.ma\",\"@id\":\"https:\\\/\\\/dpress.ma\\\/fr\\\/#\\\/schema\\\/person\\\/4898febf3ccd59e6578d838656a306a0\"},\"headline\":\"Kh\u00e9nifra: Ouverture de la saison de chasse 2025-2026\",\"datePublished\":\"2025-10-06T11:06:08+00:00\",\"dateModified\":\"2025-10-06T11:06:09+00:00\",\"mainEntityOfPage\":{\"@id\":\"https:\\\/\\\/dpress.ma\\\/fr\\\/2025\\\/10\\\/06\\\/khenifra-ouverture-de-la-saison-de-chasse-2025-2026\\\/\"},\"wordCount\":372,\"commentCount\":0,\"image\":{\"@id\":\"https:\\\/\\\/dpress.ma\\\/fr\\\/2025\\\/10\\\/06\\\/khenifra-ouverture-de-la-saison-de-chasse-2025-2026\\\/#primaryimage\"},\"thumbnailUrl\":\"https:\\\/\\\/dpress.ma\\\/fr\\\/wp-content\\\/uploads\\\/sites\\\/2\\\/2025\\\/10\\\/dimensions2-13.jpg\",\"articleSection\":[\"societe et regions\"],\"inLanguage\":\"fr-FR\",\"potentialAction\":[{\"@type\":\"CommentAction\",\"name\":\"Comment\",\"target\":[\"https:\\\/\\\/dpress.ma\\\/fr\\\/2025\\\/10\\\/06\\\/khenifra-ouverture-de-la-saison-de-chasse-2025-2026\\\/#respond\"]}]},{\"@type\":\"WebPage\",\"@id\":\"https:\\\/\\\/dpress.ma\\\/fr\\\/2025\\\/10\\\/06\\\/khenifra-ouverture-de-la-saison-de-chasse-2025-2026\\\/\",\"url\":\"https:\\\/\\\/dpress.ma\\\/fr\\\/2025\\\/10\\\/06\\\/khenifra-ouverture-de-la-saison-de-chasse-2025-2026\\\/\",\"name\":\"Kh\u00e9nifra: Ouverture de la saison de chasse 2025-2026 - Dpress.ma\\\/fr\",\"isPartOf\":{\"@id\":\"https:\\\/\\\/dpress.ma\\\/fr\\\/#website\"},\"primaryImageOfPage\":{\"@id\":\"https:\\\/\\\/dpress.ma\\\/fr\\\/2025\\\/10\\\/06\\\/khenifra-ouverture-de-la-saison-de-chasse-2025-2026\\\/#primaryimage\"},\"image\":{\"@id\":\"https:\\\/\\\/dpress.ma\\\/fr\\\/2025\\\/10\\\/06\\\/khenifra-ouverture-de-la-saison-de-chasse-2025-2026\\\/#primaryimage\"},\"thumbnailUrl\":\"https:\\\/\\\/dpress.ma\\\/fr\\\/wp-content\\\/uploads\\\/sites\\\/2\\\/2025\\\/10\\\/dimensions2-13.jpg\",\"datePublished\":\"2025-10-06T11:06:08+00:00\",\"dateModified\":\"2025-10-06T11:06:09+00:00\",\"author\":{\"@id\":\"https:\\\/\\\/dpress.ma\\\/fr\\\/#\\\/schema\\\/person\\\/4898febf3ccd59e6578d838656a306a0\"},\"breadcrumb\":{\"@id\":\"https:\\\/\\\/dpress.ma\\\/fr\\\/2025\\\/10\\\/06\\\/khenifra-ouverture-de-la-saison-de-chasse-2025-2026\\\/#breadcrumb\"},\"inLanguage\":\"fr-FR\",\"potentialAction\":[{\"@type\":\"ReadAction\",\"target\":[\"https:\\\/\\\/dpress.ma\\\/fr\\\/2025\\\/10\\\/06\\\/khenifra-ouverture-de-la-saison-de-chasse-2025-2026\\\/\"]}]},{\"@type\":\"ImageObject\",\"inLanguage\":\"fr-FR\",\"@id\":\"https:\\\/\\\/dpress.ma\\\/fr\\\/2025\\\/10\\\/06\\\/khenifra-ouverture-de-la-saison-de-chasse-2025-2026\\\/#primaryimage\",\"url\":\"https:\\\/\\\/dpress.ma\\\/fr\\\/wp-content\\\/uploads\\\/sites\\\/2\\\/2025\\\/10\\\/dimensions2-13.jpg\",\"contentUrl\":\"https:\\\/\\\/dpress.ma\\\/fr\\\/wp-content\\\/uploads\\\/sites\\\/2\\\/2025\\\/10\\\/dimensions2-13.jpg\",\"width\":1500,\"height\":942},{\"@type\":\"BreadcrumbList\",\"@id\":\"https:\\\/\\\/dpress.ma\\\/fr\\\/2025\\\/10\\\/06\\\/khenifra-ouverture-de-la-saison-de-chasse-2025-2026\\\/#breadcrumb\",\"itemListElement\":[{\"@type\":\"ListItem\",\"position\":1,\"name\":\"Home\",\"item\":\"https:\\\/\\\/dpress.ma\\\/fr\\\/\"},{\"@type\":\"ListItem\",\"position\":2,\"name\":\"Kh\u00e9nifra: Ouverture de la saison de chasse 2025-2026\"}]},{\"@type\":\"WebSite\",\"@id\":\"https:\\\/\\\/dpress.ma\\\/fr\\\/#website\",\"url\":\"https:\\\/\\\/dpress.ma\\\/fr\\\/\",\"name\":\"Dpress.ma\\\/fr\",\"description\":\"\",\"potentialAction\":[{\"@type\":\"SearchAction\",\"target\":{\"@type\":\"EntryPoint\",\"urlTemplate\":\"https:\\\/\\\/dpress.ma\\\/fr\\\/?s={search_term_string}\"},\"query-input\":{\"@type\":\"PropertyValueSpecification\",\"valueRequired\":true,\"valueName\":\"search_term_string\"}}],\"inLanguage\":\"fr-FR\"},{\"@type\":\"Person\",\"@id\":\"https:\\\/\\\/dpress.ma\\\/fr\\\/#\\\/schema\\\/person\\\/4898febf3ccd59e6578d838656a306a0\",\"name\":\"Dpress.ma\",\"image\":{\"@type\":\"ImageObject\",\"inLanguage\":\"fr-FR\",\"@id\":\"https:\\\/\\\/secure.gravatar.com\\\/avatar\\\/72ecc30e9db047a2e0e7176561eb9d564ed77c8108376495b19bd8336405198a?s=96&d=mm&r=g\",\"url\":\"https:\\\/\\\/secure.gravatar.com\\\/avatar\\\/72ecc30e9db047a2e0e7176561eb9d564ed77c8108376495b19bd8336405198a?s=96&d=mm&r=g\",\"contentUrl\":\"https:\\\/\\\/secure.gravatar.com\\\/avatar\\\/72ecc30e9db047a2e0e7176561eb9d564ed77c8108376495b19bd8336405198a?s=96&d=mm&r=g\",\"caption\":\"Dpress.ma\"},\"sameAs\":[\"https:\\\/\\\/www.dpress.ma\"],\"url\":\"https:\\\/\\\/dpress.ma\\\/fr\\\/author\\\/dpress-ma\\\/\"}]}<\/script>\n<!-- \/ Yoast SEO plugin. -->","yoast_head_json":{"title":"Kh\u00e9nifra: Ouverture de la saison de chasse 2025-2026 - Dpress.ma\/fr","robots":{"index":"index","follow":"follow","max-snippet":"max-snippet:-1","max-image-preview":"max-image-preview:large","max-video-preview":"max-video-preview:-1"},"canonical":"https:\/\/dpress.ma\/fr\/2025\/10\/06\/khenifra-ouverture-de-la-saison-de-chasse-2025-2026\/","og_locale":"fr_FR","og_type":"article","og_title":"Kh\u00e9nifra: Ouverture de la saison de chasse 2025-2026 - Dpress.ma\/fr","og_description":"Dpress Le coup d\u2019envoi de la saison de chasse 2025-2026 a \u00e9t\u00e9 donn\u00e9, dimanche, dans la province de Kh\u00e9nifra. Une s\u00e9rie de mesures a \u00e9t\u00e9 prise par les services concern\u00e9s pour garantir la r\u00e9ussite de la saison, notamment l\u2019organisation d\u2019ateliers et de rencontres de sensibilisation, la surveillance des zones de chasse et la lutte contre &hellip;","og_url":"https:\/\/dpress.ma\/fr\/2025\/10\/06\/khenifra-ouverture-de-la-saison-de-chasse-2025-2026\/","og_site_name":"Dpress.ma\/fr","article_published_time":"2025-10-06T11:06:08+00:00","article_modified_time":"2025-10-06T11:06:09+00:00","og_image":[{"width":1500,"height":942,"url":"https:\/\/dpress.ma\/fr\/wp-content\/uploads\/sites\/2\/2025\/10\/dimensions2-13.jpg","type":"image\/jpeg"}],"author":"Dpress.ma","twitter_card":"summary_large_image","twitter_misc":{"\u00c9crit par":"Dpress.ma","Dur\u00e9e de lecture estim\u00e9e":"2 minutes"},"schema":{"@context":"https:\/\/schema.org","@graph":[{"@type":"Article","@id":"https:\/\/dpress.ma\/fr\/2025\/10\/06\/khenifra-ouverture-de-la-saison-de-chasse-2025-2026\/#article","isPartOf":{"@id":"https:\/\/dpress.ma\/fr\/2025\/10\/06\/khenifra-ouverture-de-la-saison-de-chasse-2025-2026\/"},"author":{"name":"Dpress.ma","@id":"https:\/\/dpress.ma\/fr\/#\/schema\/person\/4898febf3ccd59e6578d838656a306a0"},"headline":"Kh\u00e9nifra: Ouverture de la saison de chasse 2025-2026","datePublished":"2025-10-06T11:06:08+00:00","dateModified":"2025-10-06T11:06:09+00:00","mainEntityOfPage":{"@id":"https:\/\/dpress.ma\/fr\/2025\/10\/06\/khenifra-ouverture-de-la-saison-de-chasse-2025-2026\/"},"wordCount":372,"commentCount":0,"image":{"@id":"https:\/\/dpress.ma\/fr\/2025\/10\/06\/khenifra-ouverture-de-la-saison-de-chasse-2025-2026\/#primaryimage"},"thumbnailUrl":"https:\/\/dpress.ma\/fr\/wp-content\/uploads\/sites\/2\/2025\/10\/dimensions2-13.jpg","articleSection":["societe et regions"],"inLanguage":"fr-FR","potentialAction":[{"@type":"CommentAction","name":"Comment","target":["https:\/\/dpress.ma\/fr\/2025\/10\/06\/khenifra-ouverture-de-la-saison-de-chasse-2025-2026\/#respond"]}]},{"@type":"WebPage","@id":"https:\/\/dpress.ma\/fr\/2025\/10\/06\/khenifra-ouverture-de-la-saison-de-chasse-2025-2026\/","url":"https:\/\/dpress.ma\/fr\/2025\/10\/06\/khenifra-ouverture-de-la-saison-de-chasse-2025-2026\/","name":"Kh\u00e9nifra: Ouverture de la saison de chasse 2025-2026 - Dpress.ma\/fr","isPartOf":{"@id":"https:\/\/dpress.ma\/fr\/#website"},"primaryImageOfPage":{"@id":"https:\/\/dpress.ma\/fr\/2025\/10\/06\/khenifra-ouverture-de-la-saison-de-chasse-2025-2026\/#primaryimage"},"image":{"@id":"https:\/\/dpress.ma\/fr\/2025\/10\/06\/khenifra-ouverture-de-la-saison-de-chasse-2025-2026\/#primaryimage"},"thumbnailUrl":"https:\/\/dpress.ma\/fr\/wp-content\/uploads\/sites\/2\/2025\/10\/dimensions2-13.jpg","datePublished":"2025-10-06T11:06:08+00:00","dateModified":"2025-10-06T11:06:09+00:00","author":{"@id":"https:\/\/dpress.ma\/fr\/#\/schema\/person\/4898febf3ccd59e6578d838656a306a0"},"breadcrumb":{"@id":"https:\/\/dpress.ma\/fr\/2025\/10\/06\/khenifra-ouverture-de-la-saison-de-chasse-2025-2026\/#breadcrumb"},"inLanguage":"fr-FR","potentialAction":[{"@type":"ReadAction","target":["https:\/\/dpress.ma\/fr\/2025\/10\/06\/khenifra-ouverture-de-la-saison-de-chasse-2025-2026\/"]}]},{"@type":"ImageObject","inLanguage":"fr-FR","@id":"https:\/\/dpress.ma\/fr\/2025\/10\/06\/khenifra-ouverture-de-la-saison-de-chasse-2025-2026\/#primaryimage","url":"https:\/\/dpress.ma\/fr\/wp-content\/uploads\/sites\/2\/2025\/10\/dimensions2-13.jpg","contentUrl":"https:\/\/dpress.ma\/fr\/wp-content\/uploads\/sites\/2\/2025\/10\/dimensions2-13.jpg","width":1500,"height":942},{"@type":"BreadcrumbList","@id":"https:\/\/dpress.ma\/fr\/2025\/10\/06\/khenifra-ouverture-de-la-saison-de-chasse-2025-2026\/#breadcrumb","itemListElement":[{"@type":"ListItem","position":1,"name":"Home","item":"https:\/\/dpress.ma\/fr\/"},{"@type":"ListItem","position":2,"name":"Kh\u00e9nifra: Ouverture de la saison de chasse 2025-2026"}]},{"@type":"WebSite","@id":"https:\/\/dpress.ma\/fr\/#website","url":"https:\/\/dpress.ma\/fr\/","name":"Dpress.ma\/fr","description":"","potentialAction":[{"@type":"SearchAction","target":{"@type":"EntryPoint","urlTemplate":"https:\/\/dpress.ma\/fr\/?s={search_term_string}"},"query-input":{"@type":"PropertyValueSpecification","valueRequired":true,"valueName":"search_term_string"}}],"inLanguage":"fr-FR"},{"@type":"Person","@id":"https:\/\/dpress.ma\/fr\/#\/schema\/person\/4898febf3ccd59e6578d838656a306a0","name":"Dpress.ma","image":{"@type":"ImageObject","inLanguage":"fr-FR","@id":"https:\/\/secure.gravatar.com\/avatar\/72ecc30e9db047a2e0e7176561eb9d564ed77c8108376495b19bd8336405198a?s=96&d=mm&r=g","url":"https:\/\/secure.gravatar.com\/avatar\/72ecc30e9db047a2e0e7176561eb9d564ed77c8108376495b19bd8336405198a?s=96&d=mm&r=g","contentUrl":"https:\/\/secure.gravatar.com\/avatar\/72ecc30e9db047a2e0e7176561eb9d564ed77c8108376495b19bd8336405198a?s=96&d=mm&r=g","caption":"Dpress.ma"},"sameAs":["https:\/\/www.dpress.ma"],"url":"https:\/\/dpress.ma\/fr\/author\/dpress-ma\/"}]}},"amp_enabled":true,"_links":{"self":[{"href":"https:\/\/dpress.ma\/fr\/wp-json\/wp\/v2\/posts\/16527","targetHints":{"allow":["GET"]}}],"collection":[{"href":"https:\/\/dpress.ma\/fr\/wp-json\/wp\/v2\/posts"}],"about":[{"href":"https:\/\/dpress.ma\/fr\/wp-json\/wp\/v2\/types\/post"}],"author":[{"embeddable":true,"href":"https:\/\/dpress.ma\/fr\/wp-json\/wp\/v2\/users\/2"}],"replies":[{"embeddable":true,"href":"https:\/\/dpress.ma\/fr\/wp-json\/wp\/v2\/comments?post=16527"}],"version-history":[{"count":1,"href":"https:\/\/dpress.ma\/fr\/wp-json\/wp\/v2\/posts\/16527\/revisions"}],"predecessor-version":[{"id":16529,"href":"https:\/\/dpress.ma\/fr\/wp-json\/wp\/v2\/posts\/16527\/revisions\/16529"}],"wp:featuredmedia":[{"embeddable":true,"href":"https:\/\/dpress.ma\/fr\/wp-json\/wp\/v2\/media\/16528"}],"wp:attachment":[{"href":"https:\/\/dpress.ma\/fr\/wp-json\/wp\/v2\/media?parent=16527"}],"wp:term":[{"taxonomy":"category","embeddable":true,"href":"https:\/\/dpress.ma\/fr\/wp-json\/wp\/v2\/categories?post=16527"},{"taxonomy":"post_tag","embeddable":true,"href":"https:\/\/dpress.ma\/fr\/wp-json\/wp\/v2\/tags?post=16527"}],"curies":[{"name":"wp","href":"https:\/\/api.w.org\/{rel}","templated":true}]}}