{"id":16523,"date":"2025-10-06T11:03:16","date_gmt":"2025-10-06T11:03:16","guid":{"rendered":"https:\/\/dpress.ma\/fr\/?p=16523"},"modified":"2025-10-06T11:03:16","modified_gmt":"2025-10-06T11:03:16","slug":"al-haouz-lancement-de-la-saison-de-chasse-2025-2026-au-niveau-de-la-region-marrakech-safi","status":"publish","type":"post","link":"https:\/\/dpress.ma\/fr\/2025\/10\/06\/al-haouz-lancement-de-la-saison-de-chasse-2025-2026-au-niveau-de-la-region-marrakech-safi\/","title":{"rendered":"Al Haouz : Lancement de la saison de chasse 2025-2026 au niveau de la r\u00e9gion Marrakech-Safi"},"content":{"rendered":"\n<p>Dpress<\/p>\n\n\n\n<p>La Direction R\u00e9gionale de l\u2019Agence Nationale des Eaux et For\u00eats (ANEF) de Marrakech-Safi a proc\u00e9d\u00e9 dimanche au lancement de la saison de chasse 2025-2026.<\/p>\n\n\n\n<p>Cette saison met l\u2019accent sur la s\u00e9curit\u00e9 des chasseurs, la pr\u00e9servation de la faune et le respect strict des r\u00e9glementations cyn\u00e9g\u00e9tiques.<\/p>\n\n\n\n<p>Le lancement de cette saison illustre la volont\u00e9 du Maroc de conjuguer tradition cyn\u00e9g\u00e9tique, pr\u00e9servation de l\u2019environnement et d\u00e9veloppement durable, tout en assurant la s\u00e9curit\u00e9 des participants et la valorisation des zones rurales, v\u00e9ritables piliers de l\u2019\u00e9cosyst\u00e8me r\u00e9gional.<\/p>\n\n\n\n<p>Dans une d\u00e9claration \u00e0 la MAP, Mohamed Mounir, Directeur provincial de l\u2019ANEF \u00e0 Marrakech, a affirm\u00e9 que la durabilit\u00e9 de la chasse repose sur la pr\u00e9servation des \u00e9quilibres \u00e9cologiques et la responsabilisation des chasseurs.<\/p>\n\n\n\n<p>\u201cNous continuons \u00e0 renforcer nos outils de suivi, \u00e0 amodier les lots de mani\u00e8re rigoureuse et \u00e0 sensibiliser toutes les parties prenantes aux enjeux de conservation\u201d, a-t-il fait savoir.<\/p>\n\n\n\n<p>Pour sa part, Mouna Touami, Chef de Service de Partenariat et de l\u2019Animation Territoriale \u00e0 la direction r\u00e9gionale de l\u2019ANEF, a indiqu\u00e9 que la s\u00e9curit\u00e9 des chasseurs et la protection de la faune sont au c\u0153ur des priorit\u00e9s de l\u2019Agence.<\/p>\n\n\n\n<p>\u201cNous veillons \u00e0 ce que chaque saison se d\u00e9roule dans le respect des r\u00e9glementations, tout en soutenant le d\u00e9veloppement durable et la valorisation des territoires\u201d, a-t-elle fait observer.<\/p>\n\n\n\n<p>Approch\u00e9 par la MAP, Fahd Mansouri, chasseur passionn\u00e9, a soulign\u00e9 que ces journ\u00e9es de sensibilisation sont essentielles pour accompagner les chasseurs, nouveaux et exp\u00e9riment\u00e9s, sur le respect des r\u00e8gles, l\u2019usage s\u00e9curis\u00e9 des armes et la pr\u00e9servation des esp\u00e8ces.<\/p>\n\n\n\n<p>Et de soutenir que la collaboration avec l\u2019ANEF et les autorit\u00e9s garantit des parties de chasse \u00e0 la fois s\u00fbres et responsables.<\/p>\n\n\n\n<p>Selon des donn\u00e9es de la Direction r\u00e9gionale de l\u2019ANEF \u00e0 Marrakech-Safi, la campagne pr\u00e9c\u00e9dente avait mobilis\u00e9 5.405 chasseurs sur les territoires de la r\u00e9gion, g\u00e9n\u00e9rant plus de 7 millions de dirhams de redevances.<\/p>\n\n\n\n<p>Pour encadrer l\u2019activit\u00e9, 149 lots amodi\u00e9s ont \u00e9t\u00e9 am\u00e9nag\u00e9s et signal\u00e9s, garantissant un suivi rigoureux et transparent des parties de chasse.<\/p>\n\n\n\n<p>Des programmes de conservation et de repeuplement de la faune ont \u00e9t\u00e9 mis en \u0153uvre, avec le l\u00e2cher de plus de 8.996 pi\u00e8ces de petit gibier, notamment des perdreaux, afin de soutenir l\u2019\u00e9quilibre \u00e9cologique et assurer la durabilit\u00e9 de la chasse.<\/p>\n\n\n\n<p>Parall\u00e8lement, les op\u00e9rations de contr\u00f4le men\u00e9es par la police de la chasse, en collaboration avec les gardes b\u00e9n\u00e9voles, ont permis de relever 82 infractions lors de la saison \u00e9coul\u00e9e, sanctionn\u00e9es par des amendes et, le cas \u00e9ch\u00e9ant, par des poursuites judiciaires.<\/p>\n","protected":false},"excerpt":{"rendered":"<p>Dpress La Direction R\u00e9gionale de l\u2019Agence Nationale des Eaux et For\u00eats (ANEF) de Marrakech-Safi a proc\u00e9d\u00e9 dimanche au lancement de la saison de chasse 2025-2026. Cette saison met l\u2019accent sur la s\u00e9curit\u00e9 des chasseurs, la pr\u00e9servation de la faune et le respect strict des r\u00e9glementations cyn\u00e9g\u00e9tiques. Le lancement de cette saison illustre la volont\u00e9 du &hellip;<\/p>\n","protected":false},"author":2,"featured_media":16524,"comment_status":"open","ping_status":"open","sticky":false,"template":"","format":"standard","meta":{"footnotes":""},"categories":[40],"tags":[],"class_list":["post-16523","post","type-post","status-publish","format-standard","has-post-thumbnail","hentry","category-societe-et-regions"],"yoast_head":"<!-- This site is optimized with the Yoast SEO plugin v27.5 - https:\/\/yoast.com\/product\/yoast-seo-wordpress\/ -->\n<title>Al Haouz : Lancement de la saison de chasse 2025-2026 au niveau de la r\u00e9gion Marrakech-Safi - Dpress.ma\/fr<\/title>\n<meta name=\"robots\" content=\"index, follow, max-snippet:-1, max-image-preview:large, max-video-preview:-1\" \/>\n<link rel=\"canonical\" href=\"https:\/\/dpress.ma\/fr\/2025\/10\/06\/al-haouz-lancement-de-la-saison-de-chasse-2025-2026-au-niveau-de-la-region-marrakech-safi\/\" \/>\n<meta property=\"og:locale\" content=\"fr_FR\" \/>\n<meta property=\"og:type\" content=\"article\" \/>\n<meta property=\"og:title\" content=\"Al Haouz : Lancement de la saison de chasse 2025-2026 au niveau de la r\u00e9gion Marrakech-Safi - Dpress.ma\/fr\" \/>\n<meta property=\"og:description\" content=\"Dpress La Direction R\u00e9gionale de l\u2019Agence Nationale des Eaux et For\u00eats (ANEF) de Marrakech-Safi a proc\u00e9d\u00e9 dimanche au lancement de la saison de chasse 2025-2026. Cette saison met l\u2019accent sur la s\u00e9curit\u00e9 des chasseurs, la pr\u00e9servation de la faune et le respect strict des r\u00e9glementations cyn\u00e9g\u00e9tiques. Le lancement de cette saison illustre la volont\u00e9 du &hellip;\" \/>\n<meta property=\"og:url\" content=\"https:\/\/dpress.ma\/fr\/2025\/10\/06\/al-haouz-lancement-de-la-saison-de-chasse-2025-2026-au-niveau-de-la-region-marrakech-safi\/\" \/>\n<meta property=\"og:site_name\" content=\"Dpress.ma\/fr\" \/>\n<meta property=\"article:published_time\" content=\"2025-10-06T11:03:16+00:00\" \/>\n<meta property=\"og:image\" content=\"https:\/\/dpress.ma\/fr\/wp-content\/uploads\/sites\/2\/2025\/10\/dimensions2-12.jpg\" \/>\n\t<meta property=\"og:image:width\" content=\"1500\" \/>\n\t<meta property=\"og:image:height\" content=\"942\" \/>\n\t<meta property=\"og:image:type\" content=\"image\/jpeg\" \/>\n<meta name=\"author\" content=\"Dpress.ma\" \/>\n<meta name=\"twitter:card\" content=\"summary_large_image\" \/>\n<meta name=\"twitter:label1\" content=\"\u00c9crit par\" \/>\n\t<meta name=\"twitter:data1\" content=\"Dpress.ma\" \/>\n\t<meta name=\"twitter:label2\" content=\"Dur\u00e9e de lecture estim\u00e9e\" \/>\n\t<meta name=\"twitter:data2\" content=\"3 minutes\" \/>\n<script type=\"application\/ld+json\" class=\"yoast-schema-graph\">{\"@context\":\"https:\\\/\\\/schema.org\",\"@graph\":[{\"@type\":\"Article\",\"@id\":\"https:\\\/\\\/dpress.ma\\\/fr\\\/2025\\\/10\\\/06\\\/al-haouz-lancement-de-la-saison-de-chasse-2025-2026-au-niveau-de-la-region-marrakech-safi\\\/#article\",\"isPartOf\":{\"@id\":\"https:\\\/\\\/dpress.ma\\\/fr\\\/2025\\\/10\\\/06\\\/al-haouz-lancement-de-la-saison-de-chasse-2025-2026-au-niveau-de-la-region-marrakech-safi\\\/\"},\"author\":{\"name\":\"Dpress.ma\",\"@id\":\"https:\\\/\\\/dpress.ma\\\/fr\\\/#\\\/schema\\\/person\\\/4898febf3ccd59e6578d838656a306a0\"},\"headline\":\"Al Haouz : Lancement de la saison de chasse 2025-2026 au niveau de la r\u00e9gion Marrakech-Safi\",\"datePublished\":\"2025-10-06T11:03:16+00:00\",\"mainEntityOfPage\":{\"@id\":\"https:\\\/\\\/dpress.ma\\\/fr\\\/2025\\\/10\\\/06\\\/al-haouz-lancement-de-la-saison-de-chasse-2025-2026-au-niveau-de-la-region-marrakech-safi\\\/\"},\"wordCount\":483,\"commentCount\":0,\"image\":{\"@id\":\"https:\\\/\\\/dpress.ma\\\/fr\\\/2025\\\/10\\\/06\\\/al-haouz-lancement-de-la-saison-de-chasse-2025-2026-au-niveau-de-la-region-marrakech-safi\\\/#primaryimage\"},\"thumbnailUrl\":\"https:\\\/\\\/dpress.ma\\\/fr\\\/wp-content\\\/uploads\\\/sites\\\/2\\\/2025\\\/10\\\/dimensions2-12.jpg\",\"articleSection\":[\"societe et regions\"],\"inLanguage\":\"fr-FR\",\"potentialAction\":[{\"@type\":\"CommentAction\",\"name\":\"Comment\",\"target\":[\"https:\\\/\\\/dpress.ma\\\/fr\\\/2025\\\/10\\\/06\\\/al-haouz-lancement-de-la-saison-de-chasse-2025-2026-au-niveau-de-la-region-marrakech-safi\\\/#respond\"]}]},{\"@type\":\"WebPage\",\"@id\":\"https:\\\/\\\/dpress.ma\\\/fr\\\/2025\\\/10\\\/06\\\/al-haouz-lancement-de-la-saison-de-chasse-2025-2026-au-niveau-de-la-region-marrakech-safi\\\/\",\"url\":\"https:\\\/\\\/dpress.ma\\\/fr\\\/2025\\\/10\\\/06\\\/al-haouz-lancement-de-la-saison-de-chasse-2025-2026-au-niveau-de-la-region-marrakech-safi\\\/\",\"name\":\"Al Haouz : Lancement de la saison de chasse 2025-2026 au niveau de la r\u00e9gion Marrakech-Safi - Dpress.ma\\\/fr\",\"isPartOf\":{\"@id\":\"https:\\\/\\\/dpress.ma\\\/fr\\\/#website\"},\"primaryImageOfPage\":{\"@id\":\"https:\\\/\\\/dpress.ma\\\/fr\\\/2025\\\/10\\\/06\\\/al-haouz-lancement-de-la-saison-de-chasse-2025-2026-au-niveau-de-la-region-marrakech-safi\\\/#primaryimage\"},\"image\":{\"@id\":\"https:\\\/\\\/dpress.ma\\\/fr\\\/2025\\\/10\\\/06\\\/al-haouz-lancement-de-la-saison-de-chasse-2025-2026-au-niveau-de-la-region-marrakech-safi\\\/#primaryimage\"},\"thumbnailUrl\":\"https:\\\/\\\/dpress.ma\\\/fr\\\/wp-content\\\/uploads\\\/sites\\\/2\\\/2025\\\/10\\\/dimensions2-12.jpg\",\"datePublished\":\"2025-10-06T11:03:16+00:00\",\"author\":{\"@id\":\"https:\\\/\\\/dpress.ma\\\/fr\\\/#\\\/schema\\\/person\\\/4898febf3ccd59e6578d838656a306a0\"},\"breadcrumb\":{\"@id\":\"https:\\\/\\\/dpress.ma\\\/fr\\\/2025\\\/10\\\/06\\\/al-haouz-lancement-de-la-saison-de-chasse-2025-2026-au-niveau-de-la-region-marrakech-safi\\\/#breadcrumb\"},\"inLanguage\":\"fr-FR\",\"potentialAction\":[{\"@type\":\"ReadAction\",\"target\":[\"https:\\\/\\\/dpress.ma\\\/fr\\\/2025\\\/10\\\/06\\\/al-haouz-lancement-de-la-saison-de-chasse-2025-2026-au-niveau-de-la-region-marrakech-safi\\\/\"]}]},{\"@type\":\"ImageObject\",\"inLanguage\":\"fr-FR\",\"@id\":\"https:\\\/\\\/dpress.ma\\\/fr\\\/2025\\\/10\\\/06\\\/al-haouz-lancement-de-la-saison-de-chasse-2025-2026-au-niveau-de-la-region-marrakech-safi\\\/#primaryimage\",\"url\":\"https:\\\/\\\/dpress.ma\\\/fr\\\/wp-content\\\/uploads\\\/sites\\\/2\\\/2025\\\/10\\\/dimensions2-12.jpg\",\"contentUrl\":\"https:\\\/\\\/dpress.ma\\\/fr\\\/wp-content\\\/uploads\\\/sites\\\/2\\\/2025\\\/10\\\/dimensions2-12.jpg\",\"width\":1500,\"height\":942},{\"@type\":\"BreadcrumbList\",\"@id\":\"https:\\\/\\\/dpress.ma\\\/fr\\\/2025\\\/10\\\/06\\\/al-haouz-lancement-de-la-saison-de-chasse-2025-2026-au-niveau-de-la-region-marrakech-safi\\\/#breadcrumb\",\"itemListElement\":[{\"@type\":\"ListItem\",\"position\":1,\"name\":\"Home\",\"item\":\"https:\\\/\\\/dpress.ma\\\/fr\\\/\"},{\"@type\":\"ListItem\",\"position\":2,\"name\":\"Al Haouz : Lancement de la saison de chasse 2025-2026 au niveau de la r\u00e9gion Marrakech-Safi\"}]},{\"@type\":\"WebSite\",\"@id\":\"https:\\\/\\\/dpress.ma\\\/fr\\\/#website\",\"url\":\"https:\\\/\\\/dpress.ma\\\/fr\\\/\",\"name\":\"Dpress.ma\\\/fr\",\"description\":\"\",\"potentialAction\":[{\"@type\":\"SearchAction\",\"target\":{\"@type\":\"EntryPoint\",\"urlTemplate\":\"https:\\\/\\\/dpress.ma\\\/fr\\\/?s={search_term_string}\"},\"query-input\":{\"@type\":\"PropertyValueSpecification\",\"valueRequired\":true,\"valueName\":\"search_term_string\"}}],\"inLanguage\":\"fr-FR\"},{\"@type\":\"Person\",\"@id\":\"https:\\\/\\\/dpress.ma\\\/fr\\\/#\\\/schema\\\/person\\\/4898febf3ccd59e6578d838656a306a0\",\"name\":\"Dpress.ma\",\"image\":{\"@type\":\"ImageObject\",\"inLanguage\":\"fr-FR\",\"@id\":\"https:\\\/\\\/secure.gravatar.com\\\/avatar\\\/72ecc30e9db047a2e0e7176561eb9d564ed77c8108376495b19bd8336405198a?s=96&d=mm&r=g\",\"url\":\"https:\\\/\\\/secure.gravatar.com\\\/avatar\\\/72ecc30e9db047a2e0e7176561eb9d564ed77c8108376495b19bd8336405198a?s=96&d=mm&r=g\",\"contentUrl\":\"https:\\\/\\\/secure.gravatar.com\\\/avatar\\\/72ecc30e9db047a2e0e7176561eb9d564ed77c8108376495b19bd8336405198a?s=96&d=mm&r=g\",\"caption\":\"Dpress.ma\"},\"sameAs\":[\"https:\\\/\\\/www.dpress.ma\"],\"url\":\"https:\\\/\\\/dpress.ma\\\/fr\\\/author\\\/dpress-ma\\\/\"}]}<\/script>\n<!-- \/ Yoast SEO plugin. -->","yoast_head_json":{"title":"Al Haouz : Lancement de la saison de chasse 2025-2026 au niveau de la r\u00e9gion Marrakech-Safi - Dpress.ma\/fr","robots":{"index":"index","follow":"follow","max-snippet":"max-snippet:-1","max-image-preview":"max-image-preview:large","max-video-preview":"max-video-preview:-1"},"canonical":"https:\/\/dpress.ma\/fr\/2025\/10\/06\/al-haouz-lancement-de-la-saison-de-chasse-2025-2026-au-niveau-de-la-region-marrakech-safi\/","og_locale":"fr_FR","og_type":"article","og_title":"Al Haouz : Lancement de la saison de chasse 2025-2026 au niveau de la r\u00e9gion Marrakech-Safi - Dpress.ma\/fr","og_description":"Dpress La Direction R\u00e9gionale de l\u2019Agence Nationale des Eaux et For\u00eats (ANEF) de Marrakech-Safi a proc\u00e9d\u00e9 dimanche au lancement de la saison de chasse 2025-2026. Cette saison met l\u2019accent sur la s\u00e9curit\u00e9 des chasseurs, la pr\u00e9servation de la faune et le respect strict des r\u00e9glementations cyn\u00e9g\u00e9tiques. Le lancement de cette saison illustre la volont\u00e9 du &hellip;","og_url":"https:\/\/dpress.ma\/fr\/2025\/10\/06\/al-haouz-lancement-de-la-saison-de-chasse-2025-2026-au-niveau-de-la-region-marrakech-safi\/","og_site_name":"Dpress.ma\/fr","article_published_time":"2025-10-06T11:03:16+00:00","og_image":[{"width":1500,"height":942,"url":"https:\/\/dpress.ma\/fr\/wp-content\/uploads\/sites\/2\/2025\/10\/dimensions2-12.jpg","type":"image\/jpeg"}],"author":"Dpress.ma","twitter_card":"summary_large_image","twitter_misc":{"\u00c9crit par":"Dpress.ma","Dur\u00e9e de lecture estim\u00e9e":"3 minutes"},"schema":{"@context":"https:\/\/schema.org","@graph":[{"@type":"Article","@id":"https:\/\/dpress.ma\/fr\/2025\/10\/06\/al-haouz-lancement-de-la-saison-de-chasse-2025-2026-au-niveau-de-la-region-marrakech-safi\/#article","isPartOf":{"@id":"https:\/\/dpress.ma\/fr\/2025\/10\/06\/al-haouz-lancement-de-la-saison-de-chasse-2025-2026-au-niveau-de-la-region-marrakech-safi\/"},"author":{"name":"Dpress.ma","@id":"https:\/\/dpress.ma\/fr\/#\/schema\/person\/4898febf3ccd59e6578d838656a306a0"},"headline":"Al Haouz : Lancement de la saison de chasse 2025-2026 au niveau de la r\u00e9gion Marrakech-Safi","datePublished":"2025-10-06T11:03:16+00:00","mainEntityOfPage":{"@id":"https:\/\/dpress.ma\/fr\/2025\/10\/06\/al-haouz-lancement-de-la-saison-de-chasse-2025-2026-au-niveau-de-la-region-marrakech-safi\/"},"wordCount":483,"commentCount":0,"image":{"@id":"https:\/\/dpress.ma\/fr\/2025\/10\/06\/al-haouz-lancement-de-la-saison-de-chasse-2025-2026-au-niveau-de-la-region-marrakech-safi\/#primaryimage"},"thumbnailUrl":"https:\/\/dpress.ma\/fr\/wp-content\/uploads\/sites\/2\/2025\/10\/dimensions2-12.jpg","articleSection":["societe et regions"],"inLanguage":"fr-FR","potentialAction":[{"@type":"CommentAction","name":"Comment","target":["https:\/\/dpress.ma\/fr\/2025\/10\/06\/al-haouz-lancement-de-la-saison-de-chasse-2025-2026-au-niveau-de-la-region-marrakech-safi\/#respond"]}]},{"@type":"WebPage","@id":"https:\/\/dpress.ma\/fr\/2025\/10\/06\/al-haouz-lancement-de-la-saison-de-chasse-2025-2026-au-niveau-de-la-region-marrakech-safi\/","url":"https:\/\/dpress.ma\/fr\/2025\/10\/06\/al-haouz-lancement-de-la-saison-de-chasse-2025-2026-au-niveau-de-la-region-marrakech-safi\/","name":"Al Haouz : Lancement de la saison de chasse 2025-2026 au niveau de la r\u00e9gion Marrakech-Safi - Dpress.ma\/fr","isPartOf":{"@id":"https:\/\/dpress.ma\/fr\/#website"},"primaryImageOfPage":{"@id":"https:\/\/dpress.ma\/fr\/2025\/10\/06\/al-haouz-lancement-de-la-saison-de-chasse-2025-2026-au-niveau-de-la-region-marrakech-safi\/#primaryimage"},"image":{"@id":"https:\/\/dpress.ma\/fr\/2025\/10\/06\/al-haouz-lancement-de-la-saison-de-chasse-2025-2026-au-niveau-de-la-region-marrakech-safi\/#primaryimage"},"thumbnailUrl":"https:\/\/dpress.ma\/fr\/wp-content\/uploads\/sites\/2\/2025\/10\/dimensions2-12.jpg","datePublished":"2025-10-06T11:03:16+00:00","author":{"@id":"https:\/\/dpress.ma\/fr\/#\/schema\/person\/4898febf3ccd59e6578d838656a306a0"},"breadcrumb":{"@id":"https:\/\/dpress.ma\/fr\/2025\/10\/06\/al-haouz-lancement-de-la-saison-de-chasse-2025-2026-au-niveau-de-la-region-marrakech-safi\/#breadcrumb"},"inLanguage":"fr-FR","potentialAction":[{"@type":"ReadAction","target":["https:\/\/dpress.ma\/fr\/2025\/10\/06\/al-haouz-lancement-de-la-saison-de-chasse-2025-2026-au-niveau-de-la-region-marrakech-safi\/"]}]},{"@type":"ImageObject","inLanguage":"fr-FR","@id":"https:\/\/dpress.ma\/fr\/2025\/10\/06\/al-haouz-lancement-de-la-saison-de-chasse-2025-2026-au-niveau-de-la-region-marrakech-safi\/#primaryimage","url":"https:\/\/dpress.ma\/fr\/wp-content\/uploads\/sites\/2\/2025\/10\/dimensions2-12.jpg","contentUrl":"https:\/\/dpress.ma\/fr\/wp-content\/uploads\/sites\/2\/2025\/10\/dimensions2-12.jpg","width":1500,"height":942},{"@type":"BreadcrumbList","@id":"https:\/\/dpress.ma\/fr\/2025\/10\/06\/al-haouz-lancement-de-la-saison-de-chasse-2025-2026-au-niveau-de-la-region-marrakech-safi\/#breadcrumb","itemListElement":[{"@type":"ListItem","position":1,"name":"Home","item":"https:\/\/dpress.ma\/fr\/"},{"@type":"ListItem","position":2,"name":"Al Haouz : Lancement de la saison de chasse 2025-2026 au niveau de la r\u00e9gion Marrakech-Safi"}]},{"@type":"WebSite","@id":"https:\/\/dpress.ma\/fr\/#website","url":"https:\/\/dpress.ma\/fr\/","name":"Dpress.ma\/fr","description":"","potentialAction":[{"@type":"SearchAction","target":{"@type":"EntryPoint","urlTemplate":"https:\/\/dpress.ma\/fr\/?s={search_term_string}"},"query-input":{"@type":"PropertyValueSpecification","valueRequired":true,"valueName":"search_term_string"}}],"inLanguage":"fr-FR"},{"@type":"Person","@id":"https:\/\/dpress.ma\/fr\/#\/schema\/person\/4898febf3ccd59e6578d838656a306a0","name":"Dpress.ma","image":{"@type":"ImageObject","inLanguage":"fr-FR","@id":"https:\/\/secure.gravatar.com\/avatar\/72ecc30e9db047a2e0e7176561eb9d564ed77c8108376495b19bd8336405198a?s=96&d=mm&r=g","url":"https:\/\/secure.gravatar.com\/avatar\/72ecc30e9db047a2e0e7176561eb9d564ed77c8108376495b19bd8336405198a?s=96&d=mm&r=g","contentUrl":"https:\/\/secure.gravatar.com\/avatar\/72ecc30e9db047a2e0e7176561eb9d564ed77c8108376495b19bd8336405198a?s=96&d=mm&r=g","caption":"Dpress.ma"},"sameAs":["https:\/\/www.dpress.ma"],"url":"https:\/\/dpress.ma\/fr\/author\/dpress-ma\/"}]}},"amp_enabled":true,"_links":{"self":[{"href":"https:\/\/dpress.ma\/fr\/wp-json\/wp\/v2\/posts\/16523","targetHints":{"allow":["GET"]}}],"collection":[{"href":"https:\/\/dpress.ma\/fr\/wp-json\/wp\/v2\/posts"}],"about":[{"href":"https:\/\/dpress.ma\/fr\/wp-json\/wp\/v2\/types\/post"}],"author":[{"embeddable":true,"href":"https:\/\/dpress.ma\/fr\/wp-json\/wp\/v2\/users\/2"}],"replies":[{"embeddable":true,"href":"https:\/\/dpress.ma\/fr\/wp-json\/wp\/v2\/comments?post=16523"}],"version-history":[{"count":1,"href":"https:\/\/dpress.ma\/fr\/wp-json\/wp\/v2\/posts\/16523\/revisions"}],"predecessor-version":[{"id":16525,"href":"https:\/\/dpress.ma\/fr\/wp-json\/wp\/v2\/posts\/16523\/revisions\/16525"}],"wp:featuredmedia":[{"embeddable":true,"href":"https:\/\/dpress.ma\/fr\/wp-json\/wp\/v2\/media\/16524"}],"wp:attachment":[{"href":"https:\/\/dpress.ma\/fr\/wp-json\/wp\/v2\/media?parent=16523"}],"wp:term":[{"taxonomy":"category","embeddable":true,"href":"https:\/\/dpress.ma\/fr\/wp-json\/wp\/v2\/categories?post=16523"},{"taxonomy":"post_tag","embeddable":true,"href":"https:\/\/dpress.ma\/fr\/wp-json\/wp\/v2\/tags?post=16523"}],"curies":[{"name":"wp","href":"https:\/\/api.w.org\/{rel}","templated":true}]}}