{"id":16514,"date":"2025-10-05T09:44:46","date_gmt":"2025-10-05T09:44:46","guid":{"rendered":"https:\/\/dpress.ma\/fr\/?p=16514"},"modified":"2025-10-05T09:44:47","modified_gmt":"2025-10-05T09:44:47","slug":"17-individus-deferes-devant-le-parquet-pres-la-cour-dappel-de-kenitra-suite-aux-actes-survenus-a-sidi-taibi-procureur-general-du-roi","status":"publish","type":"post","link":"https:\/\/dpress.ma\/fr\/2025\/10\/05\/17-individus-deferes-devant-le-parquet-pres-la-cour-dappel-de-kenitra-suite-aux-actes-survenus-a-sidi-taibi-procureur-general-du-roi\/","title":{"rendered":"17 individus d\u00e9f\u00e9r\u00e9s devant le parquet pr\u00e8s la Cour d\u2019appel de K\u00e9nitra suite aux actes survenus \u00e0 Sidi Taibi (Procureur g\u00e9n\u00e9ral du Roi)"},"content":{"rendered":"\n<p>Dpress<\/p>\n\n\n\n<p>Suite aux incidents portant atteinte \u00e0 la s\u00e9curit\u00e9 et \u00e0 l\u2019ordre publics survenus, mercredi dernier, dans la zone de Sidi Taibi relevant de la province de K\u00e9nitra, et marqu\u00e9s par des actes de pillage, violence et destruction de biens publics et priv\u00e9s et d\u2019incendie volontaire, 17 individus arr\u00eat\u00e9s ont \u00e9t\u00e9 d\u00e9f\u00e9r\u00e9s, samedi, devant le parquet pr\u00e8s de la Cour d\u2019Appel de K\u00e9nitra, indique un communiqu\u00e9 du procureur g\u00e9n\u00e9ral du Roi pr\u00e8s cette juridiction.<\/p>\n\n\n\n<p>Il s\u2019agit de 8 personnes majeures qui \u00e9taient plac\u00e9es en garde \u00e0 vue et de 9 mineurs contre lesquels la proc\u00e9dure de r\u00e9tention a \u00e9t\u00e9 engag\u00e9e au centre judiciaire de la Gendarmerie Royale, pr\u00e9cise la m\u00eame source.<\/p>\n\n\n\n<p>A cet \u00e9gard, il a \u00e9t\u00e9 demand\u00e9 de diligenter une enqu\u00eate \u00e0 l\u2019encontre de 4 majeurs suspect\u00e9s de commettre des actes incrimin\u00e9s par la loi et \u00e0 l\u2019encontre de 7 mineurs, tandis que 6 personnes arr\u00eat\u00e9es, dont 2 mineurs, ont \u00e9t\u00e9 d\u00e9f\u00e9r\u00e9es devant le procureur du Roi pr\u00e8s le tribunal de premi\u00e8re instance de K\u00e9nitra.<\/p>\n\n\n\n<p>Le parquet a ordonn\u00e9 le placement de l\u2019ensemble des suspects en prison en attente de l\u2019ach\u00e8vement des proc\u00e9dures de l\u2019investigation approfondie, alors que les recherches se poursuivent pour l\u2019arrestation du reste des personnes impliqu\u00e9es dans ces actes criminels afin de les d\u00e9f\u00e9rer devant la Justice, conclut le communiqu\u00e9.<\/p>\n","protected":false},"excerpt":{"rendered":"<p>Dpress Suite aux incidents portant atteinte \u00e0 la s\u00e9curit\u00e9 et \u00e0 l\u2019ordre publics survenus, mercredi dernier, dans la zone de Sidi Taibi relevant de la province de K\u00e9nitra, et marqu\u00e9s par des actes de pillage, violence et destruction de biens publics et priv\u00e9s et d\u2019incendie volontaire, 17 individus arr\u00eat\u00e9s ont \u00e9t\u00e9 d\u00e9f\u00e9r\u00e9s, samedi, devant le &hellip;<\/p>\n","protected":false},"author":2,"featured_media":16515,"comment_status":"open","ping_status":"open","sticky":false,"template":"","format":"standard","meta":{"footnotes":""},"categories":[40],"tags":[],"class_list":["post-16514","post","type-post","status-publish","format-standard","has-post-thumbnail","hentry","category-societe-et-regions"],"yoast_head":"<!-- This site is optimized with the Yoast SEO plugin v27.5 - https:\/\/yoast.com\/product\/yoast-seo-wordpress\/ -->\n<title>17 individus d\u00e9f\u00e9r\u00e9s devant le parquet pr\u00e8s la Cour d\u2019appel de K\u00e9nitra suite aux actes survenus \u00e0 Sidi Taibi (Procureur g\u00e9n\u00e9ral du Roi) - Dpress.ma\/fr<\/title>\n<meta name=\"robots\" content=\"index, follow, max-snippet:-1, max-image-preview:large, max-video-preview:-1\" \/>\n<link rel=\"canonical\" href=\"https:\/\/dpress.ma\/fr\/2025\/10\/05\/17-individus-deferes-devant-le-parquet-pres-la-cour-dappel-de-kenitra-suite-aux-actes-survenus-a-sidi-taibi-procureur-general-du-roi\/\" \/>\n<meta property=\"og:locale\" content=\"fr_FR\" \/>\n<meta property=\"og:type\" content=\"article\" \/>\n<meta property=\"og:title\" content=\"17 individus d\u00e9f\u00e9r\u00e9s devant le parquet pr\u00e8s la Cour d\u2019appel de K\u00e9nitra suite aux actes survenus \u00e0 Sidi Taibi (Procureur g\u00e9n\u00e9ral du Roi) - Dpress.ma\/fr\" \/>\n<meta property=\"og:description\" content=\"Dpress Suite aux incidents portant atteinte \u00e0 la s\u00e9curit\u00e9 et \u00e0 l\u2019ordre publics survenus, mercredi dernier, dans la zone de Sidi Taibi relevant de la province de K\u00e9nitra, et marqu\u00e9s par des actes de pillage, violence et destruction de biens publics et priv\u00e9s et d\u2019incendie volontaire, 17 individus arr\u00eat\u00e9s ont \u00e9t\u00e9 d\u00e9f\u00e9r\u00e9s, samedi, devant le &hellip;\" \/>\n<meta property=\"og:url\" content=\"https:\/\/dpress.ma\/fr\/2025\/10\/05\/17-individus-deferes-devant-le-parquet-pres-la-cour-dappel-de-kenitra-suite-aux-actes-survenus-a-sidi-taibi-procureur-general-du-roi\/\" \/>\n<meta property=\"og:site_name\" content=\"Dpress.ma\/fr\" \/>\n<meta property=\"article:published_time\" content=\"2025-10-05T09:44:46+00:00\" \/>\n<meta property=\"article:modified_time\" content=\"2025-10-05T09:44:47+00:00\" \/>\n<meta property=\"og:image\" content=\"https:\/\/dpress.ma\/fr\/wp-content\/uploads\/sites\/2\/2025\/10\/sale.png\" \/>\n\t<meta property=\"og:image:width\" content=\"780\" \/>\n\t<meta property=\"og:image:height\" content=\"470\" \/>\n\t<meta property=\"og:image:type\" content=\"image\/png\" \/>\n<meta name=\"author\" content=\"Dpress.ma\" \/>\n<meta name=\"twitter:card\" content=\"summary_large_image\" \/>\n<meta name=\"twitter:label1\" content=\"\u00c9crit par\" \/>\n\t<meta name=\"twitter:data1\" content=\"Dpress.ma\" \/>\n\t<meta name=\"twitter:label2\" content=\"Dur\u00e9e de lecture estim\u00e9e\" \/>\n\t<meta name=\"twitter:data2\" content=\"2 minutes\" \/>\n<script type=\"application\/ld+json\" class=\"yoast-schema-graph\">{\"@context\":\"https:\\\/\\\/schema.org\",\"@graph\":[{\"@type\":\"Article\",\"@id\":\"https:\\\/\\\/dpress.ma\\\/fr\\\/2025\\\/10\\\/05\\\/17-individus-deferes-devant-le-parquet-pres-la-cour-dappel-de-kenitra-suite-aux-actes-survenus-a-sidi-taibi-procureur-general-du-roi\\\/#article\",\"isPartOf\":{\"@id\":\"https:\\\/\\\/dpress.ma\\\/fr\\\/2025\\\/10\\\/05\\\/17-individus-deferes-devant-le-parquet-pres-la-cour-dappel-de-kenitra-suite-aux-actes-survenus-a-sidi-taibi-procureur-general-du-roi\\\/\"},\"author\":{\"name\":\"Dpress.ma\",\"@id\":\"https:\\\/\\\/dpress.ma\\\/fr\\\/#\\\/schema\\\/person\\\/4898febf3ccd59e6578d838656a306a0\"},\"headline\":\"17 individus d\u00e9f\u00e9r\u00e9s devant le parquet pr\u00e8s la Cour d\u2019appel de K\u00e9nitra suite aux actes survenus \u00e0 Sidi Taibi (Procureur g\u00e9n\u00e9ral du Roi)\",\"datePublished\":\"2025-10-05T09:44:46+00:00\",\"dateModified\":\"2025-10-05T09:44:47+00:00\",\"mainEntityOfPage\":{\"@id\":\"https:\\\/\\\/dpress.ma\\\/fr\\\/2025\\\/10\\\/05\\\/17-individus-deferes-devant-le-parquet-pres-la-cour-dappel-de-kenitra-suite-aux-actes-survenus-a-sidi-taibi-procureur-general-du-roi\\\/\"},\"wordCount\":277,\"commentCount\":0,\"image\":{\"@id\":\"https:\\\/\\\/dpress.ma\\\/fr\\\/2025\\\/10\\\/05\\\/17-individus-deferes-devant-le-parquet-pres-la-cour-dappel-de-kenitra-suite-aux-actes-survenus-a-sidi-taibi-procureur-general-du-roi\\\/#primaryimage\"},\"thumbnailUrl\":\"https:\\\/\\\/dpress.ma\\\/fr\\\/wp-content\\\/uploads\\\/sites\\\/2\\\/2025\\\/10\\\/sale.png\",\"articleSection\":[\"societe et regions\"],\"inLanguage\":\"fr-FR\",\"potentialAction\":[{\"@type\":\"CommentAction\",\"name\":\"Comment\",\"target\":[\"https:\\\/\\\/dpress.ma\\\/fr\\\/2025\\\/10\\\/05\\\/17-individus-deferes-devant-le-parquet-pres-la-cour-dappel-de-kenitra-suite-aux-actes-survenus-a-sidi-taibi-procureur-general-du-roi\\\/#respond\"]}]},{\"@type\":\"WebPage\",\"@id\":\"https:\\\/\\\/dpress.ma\\\/fr\\\/2025\\\/10\\\/05\\\/17-individus-deferes-devant-le-parquet-pres-la-cour-dappel-de-kenitra-suite-aux-actes-survenus-a-sidi-taibi-procureur-general-du-roi\\\/\",\"url\":\"https:\\\/\\\/dpress.ma\\\/fr\\\/2025\\\/10\\\/05\\\/17-individus-deferes-devant-le-parquet-pres-la-cour-dappel-de-kenitra-suite-aux-actes-survenus-a-sidi-taibi-procureur-general-du-roi\\\/\",\"name\":\"17 individus d\u00e9f\u00e9r\u00e9s devant le parquet pr\u00e8s la Cour d\u2019appel de K\u00e9nitra suite aux actes survenus \u00e0 Sidi Taibi (Procureur g\u00e9n\u00e9ral du Roi) - Dpress.ma\\\/fr\",\"isPartOf\":{\"@id\":\"https:\\\/\\\/dpress.ma\\\/fr\\\/#website\"},\"primaryImageOfPage\":{\"@id\":\"https:\\\/\\\/dpress.ma\\\/fr\\\/2025\\\/10\\\/05\\\/17-individus-deferes-devant-le-parquet-pres-la-cour-dappel-de-kenitra-suite-aux-actes-survenus-a-sidi-taibi-procureur-general-du-roi\\\/#primaryimage\"},\"image\":{\"@id\":\"https:\\\/\\\/dpress.ma\\\/fr\\\/2025\\\/10\\\/05\\\/17-individus-deferes-devant-le-parquet-pres-la-cour-dappel-de-kenitra-suite-aux-actes-survenus-a-sidi-taibi-procureur-general-du-roi\\\/#primaryimage\"},\"thumbnailUrl\":\"https:\\\/\\\/dpress.ma\\\/fr\\\/wp-content\\\/uploads\\\/sites\\\/2\\\/2025\\\/10\\\/sale.png\",\"datePublished\":\"2025-10-05T09:44:46+00:00\",\"dateModified\":\"2025-10-05T09:44:47+00:00\",\"author\":{\"@id\":\"https:\\\/\\\/dpress.ma\\\/fr\\\/#\\\/schema\\\/person\\\/4898febf3ccd59e6578d838656a306a0\"},\"breadcrumb\":{\"@id\":\"https:\\\/\\\/dpress.ma\\\/fr\\\/2025\\\/10\\\/05\\\/17-individus-deferes-devant-le-parquet-pres-la-cour-dappel-de-kenitra-suite-aux-actes-survenus-a-sidi-taibi-procureur-general-du-roi\\\/#breadcrumb\"},\"inLanguage\":\"fr-FR\",\"potentialAction\":[{\"@type\":\"ReadAction\",\"target\":[\"https:\\\/\\\/dpress.ma\\\/fr\\\/2025\\\/10\\\/05\\\/17-individus-deferes-devant-le-parquet-pres-la-cour-dappel-de-kenitra-suite-aux-actes-survenus-a-sidi-taibi-procureur-general-du-roi\\\/\"]}]},{\"@type\":\"ImageObject\",\"inLanguage\":\"fr-FR\",\"@id\":\"https:\\\/\\\/dpress.ma\\\/fr\\\/2025\\\/10\\\/05\\\/17-individus-deferes-devant-le-parquet-pres-la-cour-dappel-de-kenitra-suite-aux-actes-survenus-a-sidi-taibi-procureur-general-du-roi\\\/#primaryimage\",\"url\":\"https:\\\/\\\/dpress.ma\\\/fr\\\/wp-content\\\/uploads\\\/sites\\\/2\\\/2025\\\/10\\\/sale.png\",\"contentUrl\":\"https:\\\/\\\/dpress.ma\\\/fr\\\/wp-content\\\/uploads\\\/sites\\\/2\\\/2025\\\/10\\\/sale.png\",\"width\":780,\"height\":470},{\"@type\":\"BreadcrumbList\",\"@id\":\"https:\\\/\\\/dpress.ma\\\/fr\\\/2025\\\/10\\\/05\\\/17-individus-deferes-devant-le-parquet-pres-la-cour-dappel-de-kenitra-suite-aux-actes-survenus-a-sidi-taibi-procureur-general-du-roi\\\/#breadcrumb\",\"itemListElement\":[{\"@type\":\"ListItem\",\"position\":1,\"name\":\"Home\",\"item\":\"https:\\\/\\\/dpress.ma\\\/fr\\\/\"},{\"@type\":\"ListItem\",\"position\":2,\"name\":\"17 individus d\u00e9f\u00e9r\u00e9s devant le parquet pr\u00e8s la Cour d\u2019appel de K\u00e9nitra suite aux actes survenus \u00e0 Sidi Taibi (Procureur g\u00e9n\u00e9ral du Roi)\"}]},{\"@type\":\"WebSite\",\"@id\":\"https:\\\/\\\/dpress.ma\\\/fr\\\/#website\",\"url\":\"https:\\\/\\\/dpress.ma\\\/fr\\\/\",\"name\":\"Dpress.ma\\\/fr\",\"description\":\"\",\"potentialAction\":[{\"@type\":\"SearchAction\",\"target\":{\"@type\":\"EntryPoint\",\"urlTemplate\":\"https:\\\/\\\/dpress.ma\\\/fr\\\/?s={search_term_string}\"},\"query-input\":{\"@type\":\"PropertyValueSpecification\",\"valueRequired\":true,\"valueName\":\"search_term_string\"}}],\"inLanguage\":\"fr-FR\"},{\"@type\":\"Person\",\"@id\":\"https:\\\/\\\/dpress.ma\\\/fr\\\/#\\\/schema\\\/person\\\/4898febf3ccd59e6578d838656a306a0\",\"name\":\"Dpress.ma\",\"image\":{\"@type\":\"ImageObject\",\"inLanguage\":\"fr-FR\",\"@id\":\"https:\\\/\\\/secure.gravatar.com\\\/avatar\\\/72ecc30e9db047a2e0e7176561eb9d564ed77c8108376495b19bd8336405198a?s=96&d=mm&r=g\",\"url\":\"https:\\\/\\\/secure.gravatar.com\\\/avatar\\\/72ecc30e9db047a2e0e7176561eb9d564ed77c8108376495b19bd8336405198a?s=96&d=mm&r=g\",\"contentUrl\":\"https:\\\/\\\/secure.gravatar.com\\\/avatar\\\/72ecc30e9db047a2e0e7176561eb9d564ed77c8108376495b19bd8336405198a?s=96&d=mm&r=g\",\"caption\":\"Dpress.ma\"},\"sameAs\":[\"https:\\\/\\\/www.dpress.ma\"],\"url\":\"https:\\\/\\\/dpress.ma\\\/fr\\\/author\\\/dpress-ma\\\/\"}]}<\/script>\n<!-- \/ Yoast SEO plugin. -->","yoast_head_json":{"title":"17 individus d\u00e9f\u00e9r\u00e9s devant le parquet pr\u00e8s la Cour d\u2019appel de K\u00e9nitra suite aux actes survenus \u00e0 Sidi Taibi (Procureur g\u00e9n\u00e9ral du Roi) - Dpress.ma\/fr","robots":{"index":"index","follow":"follow","max-snippet":"max-snippet:-1","max-image-preview":"max-image-preview:large","max-video-preview":"max-video-preview:-1"},"canonical":"https:\/\/dpress.ma\/fr\/2025\/10\/05\/17-individus-deferes-devant-le-parquet-pres-la-cour-dappel-de-kenitra-suite-aux-actes-survenus-a-sidi-taibi-procureur-general-du-roi\/","og_locale":"fr_FR","og_type":"article","og_title":"17 individus d\u00e9f\u00e9r\u00e9s devant le parquet pr\u00e8s la Cour d\u2019appel de K\u00e9nitra suite aux actes survenus \u00e0 Sidi Taibi (Procureur g\u00e9n\u00e9ral du Roi) - Dpress.ma\/fr","og_description":"Dpress Suite aux incidents portant atteinte \u00e0 la s\u00e9curit\u00e9 et \u00e0 l\u2019ordre publics survenus, mercredi dernier, dans la zone de Sidi Taibi relevant de la province de K\u00e9nitra, et marqu\u00e9s par des actes de pillage, violence et destruction de biens publics et priv\u00e9s et d\u2019incendie volontaire, 17 individus arr\u00eat\u00e9s ont \u00e9t\u00e9 d\u00e9f\u00e9r\u00e9s, samedi, devant le &hellip;","og_url":"https:\/\/dpress.ma\/fr\/2025\/10\/05\/17-individus-deferes-devant-le-parquet-pres-la-cour-dappel-de-kenitra-suite-aux-actes-survenus-a-sidi-taibi-procureur-general-du-roi\/","og_site_name":"Dpress.ma\/fr","article_published_time":"2025-10-05T09:44:46+00:00","article_modified_time":"2025-10-05T09:44:47+00:00","og_image":[{"width":780,"height":470,"url":"https:\/\/dpress.ma\/fr\/wp-content\/uploads\/sites\/2\/2025\/10\/sale.png","type":"image\/png"}],"author":"Dpress.ma","twitter_card":"summary_large_image","twitter_misc":{"\u00c9crit par":"Dpress.ma","Dur\u00e9e de lecture estim\u00e9e":"2 minutes"},"schema":{"@context":"https:\/\/schema.org","@graph":[{"@type":"Article","@id":"https:\/\/dpress.ma\/fr\/2025\/10\/05\/17-individus-deferes-devant-le-parquet-pres-la-cour-dappel-de-kenitra-suite-aux-actes-survenus-a-sidi-taibi-procureur-general-du-roi\/#article","isPartOf":{"@id":"https:\/\/dpress.ma\/fr\/2025\/10\/05\/17-individus-deferes-devant-le-parquet-pres-la-cour-dappel-de-kenitra-suite-aux-actes-survenus-a-sidi-taibi-procureur-general-du-roi\/"},"author":{"name":"Dpress.ma","@id":"https:\/\/dpress.ma\/fr\/#\/schema\/person\/4898febf3ccd59e6578d838656a306a0"},"headline":"17 individus d\u00e9f\u00e9r\u00e9s devant le parquet pr\u00e8s la Cour d\u2019appel de K\u00e9nitra suite aux actes survenus \u00e0 Sidi Taibi (Procureur g\u00e9n\u00e9ral du Roi)","datePublished":"2025-10-05T09:44:46+00:00","dateModified":"2025-10-05T09:44:47+00:00","mainEntityOfPage":{"@id":"https:\/\/dpress.ma\/fr\/2025\/10\/05\/17-individus-deferes-devant-le-parquet-pres-la-cour-dappel-de-kenitra-suite-aux-actes-survenus-a-sidi-taibi-procureur-general-du-roi\/"},"wordCount":277,"commentCount":0,"image":{"@id":"https:\/\/dpress.ma\/fr\/2025\/10\/05\/17-individus-deferes-devant-le-parquet-pres-la-cour-dappel-de-kenitra-suite-aux-actes-survenus-a-sidi-taibi-procureur-general-du-roi\/#primaryimage"},"thumbnailUrl":"https:\/\/dpress.ma\/fr\/wp-content\/uploads\/sites\/2\/2025\/10\/sale.png","articleSection":["societe et regions"],"inLanguage":"fr-FR","potentialAction":[{"@type":"CommentAction","name":"Comment","target":["https:\/\/dpress.ma\/fr\/2025\/10\/05\/17-individus-deferes-devant-le-parquet-pres-la-cour-dappel-de-kenitra-suite-aux-actes-survenus-a-sidi-taibi-procureur-general-du-roi\/#respond"]}]},{"@type":"WebPage","@id":"https:\/\/dpress.ma\/fr\/2025\/10\/05\/17-individus-deferes-devant-le-parquet-pres-la-cour-dappel-de-kenitra-suite-aux-actes-survenus-a-sidi-taibi-procureur-general-du-roi\/","url":"https:\/\/dpress.ma\/fr\/2025\/10\/05\/17-individus-deferes-devant-le-parquet-pres-la-cour-dappel-de-kenitra-suite-aux-actes-survenus-a-sidi-taibi-procureur-general-du-roi\/","name":"17 individus d\u00e9f\u00e9r\u00e9s devant le parquet pr\u00e8s la Cour d\u2019appel de K\u00e9nitra suite aux actes survenus \u00e0 Sidi Taibi (Procureur g\u00e9n\u00e9ral du Roi) - Dpress.ma\/fr","isPartOf":{"@id":"https:\/\/dpress.ma\/fr\/#website"},"primaryImageOfPage":{"@id":"https:\/\/dpress.ma\/fr\/2025\/10\/05\/17-individus-deferes-devant-le-parquet-pres-la-cour-dappel-de-kenitra-suite-aux-actes-survenus-a-sidi-taibi-procureur-general-du-roi\/#primaryimage"},"image":{"@id":"https:\/\/dpress.ma\/fr\/2025\/10\/05\/17-individus-deferes-devant-le-parquet-pres-la-cour-dappel-de-kenitra-suite-aux-actes-survenus-a-sidi-taibi-procureur-general-du-roi\/#primaryimage"},"thumbnailUrl":"https:\/\/dpress.ma\/fr\/wp-content\/uploads\/sites\/2\/2025\/10\/sale.png","datePublished":"2025-10-05T09:44:46+00:00","dateModified":"2025-10-05T09:44:47+00:00","author":{"@id":"https:\/\/dpress.ma\/fr\/#\/schema\/person\/4898febf3ccd59e6578d838656a306a0"},"breadcrumb":{"@id":"https:\/\/dpress.ma\/fr\/2025\/10\/05\/17-individus-deferes-devant-le-parquet-pres-la-cour-dappel-de-kenitra-suite-aux-actes-survenus-a-sidi-taibi-procureur-general-du-roi\/#breadcrumb"},"inLanguage":"fr-FR","potentialAction":[{"@type":"ReadAction","target":["https:\/\/dpress.ma\/fr\/2025\/10\/05\/17-individus-deferes-devant-le-parquet-pres-la-cour-dappel-de-kenitra-suite-aux-actes-survenus-a-sidi-taibi-procureur-general-du-roi\/"]}]},{"@type":"ImageObject","inLanguage":"fr-FR","@id":"https:\/\/dpress.ma\/fr\/2025\/10\/05\/17-individus-deferes-devant-le-parquet-pres-la-cour-dappel-de-kenitra-suite-aux-actes-survenus-a-sidi-taibi-procureur-general-du-roi\/#primaryimage","url":"https:\/\/dpress.ma\/fr\/wp-content\/uploads\/sites\/2\/2025\/10\/sale.png","contentUrl":"https:\/\/dpress.ma\/fr\/wp-content\/uploads\/sites\/2\/2025\/10\/sale.png","width":780,"height":470},{"@type":"BreadcrumbList","@id":"https:\/\/dpress.ma\/fr\/2025\/10\/05\/17-individus-deferes-devant-le-parquet-pres-la-cour-dappel-de-kenitra-suite-aux-actes-survenus-a-sidi-taibi-procureur-general-du-roi\/#breadcrumb","itemListElement":[{"@type":"ListItem","position":1,"name":"Home","item":"https:\/\/dpress.ma\/fr\/"},{"@type":"ListItem","position":2,"name":"17 individus d\u00e9f\u00e9r\u00e9s devant le parquet pr\u00e8s la Cour d\u2019appel de K\u00e9nitra suite aux actes survenus \u00e0 Sidi Taibi (Procureur g\u00e9n\u00e9ral du Roi)"}]},{"@type":"WebSite","@id":"https:\/\/dpress.ma\/fr\/#website","url":"https:\/\/dpress.ma\/fr\/","name":"Dpress.ma\/fr","description":"","potentialAction":[{"@type":"SearchAction","target":{"@type":"EntryPoint","urlTemplate":"https:\/\/dpress.ma\/fr\/?s={search_term_string}"},"query-input":{"@type":"PropertyValueSpecification","valueRequired":true,"valueName":"search_term_string"}}],"inLanguage":"fr-FR"},{"@type":"Person","@id":"https:\/\/dpress.ma\/fr\/#\/schema\/person\/4898febf3ccd59e6578d838656a306a0","name":"Dpress.ma","image":{"@type":"ImageObject","inLanguage":"fr-FR","@id":"https:\/\/secure.gravatar.com\/avatar\/72ecc30e9db047a2e0e7176561eb9d564ed77c8108376495b19bd8336405198a?s=96&d=mm&r=g","url":"https:\/\/secure.gravatar.com\/avatar\/72ecc30e9db047a2e0e7176561eb9d564ed77c8108376495b19bd8336405198a?s=96&d=mm&r=g","contentUrl":"https:\/\/secure.gravatar.com\/avatar\/72ecc30e9db047a2e0e7176561eb9d564ed77c8108376495b19bd8336405198a?s=96&d=mm&r=g","caption":"Dpress.ma"},"sameAs":["https:\/\/www.dpress.ma"],"url":"https:\/\/dpress.ma\/fr\/author\/dpress-ma\/"}]}},"amp_enabled":true,"_links":{"self":[{"href":"https:\/\/dpress.ma\/fr\/wp-json\/wp\/v2\/posts\/16514","targetHints":{"allow":["GET"]}}],"collection":[{"href":"https:\/\/dpress.ma\/fr\/wp-json\/wp\/v2\/posts"}],"about":[{"href":"https:\/\/dpress.ma\/fr\/wp-json\/wp\/v2\/types\/post"}],"author":[{"embeddable":true,"href":"https:\/\/dpress.ma\/fr\/wp-json\/wp\/v2\/users\/2"}],"replies":[{"embeddable":true,"href":"https:\/\/dpress.ma\/fr\/wp-json\/wp\/v2\/comments?post=16514"}],"version-history":[{"count":1,"href":"https:\/\/dpress.ma\/fr\/wp-json\/wp\/v2\/posts\/16514\/revisions"}],"predecessor-version":[{"id":16516,"href":"https:\/\/dpress.ma\/fr\/wp-json\/wp\/v2\/posts\/16514\/revisions\/16516"}],"wp:featuredmedia":[{"embeddable":true,"href":"https:\/\/dpress.ma\/fr\/wp-json\/wp\/v2\/media\/16515"}],"wp:attachment":[{"href":"https:\/\/dpress.ma\/fr\/wp-json\/wp\/v2\/media?parent=16514"}],"wp:term":[{"taxonomy":"category","embeddable":true,"href":"https:\/\/dpress.ma\/fr\/wp-json\/wp\/v2\/categories?post=16514"},{"taxonomy":"post_tag","embeddable":true,"href":"https:\/\/dpress.ma\/fr\/wp-json\/wp\/v2\/tags?post=16514"}],"curies":[{"name":"wp","href":"https:\/\/api.w.org\/{rel}","templated":true}]}}