{"id":1628,"date":"2022-05-17T15:33:11","date_gmt":"2022-05-17T15:33:11","guid":{"rendered":"https:\/\/dpress.ma\/fr\/?p=1628"},"modified":"2022-05-17T15:33:12","modified_gmt":"2022-05-17T15:33:12","slug":"le-ministre-gambien-des-ae-reaffirme-le-soutien-ferme-de-son-pays-a-la-marocanite-du-sahara","status":"publish","type":"post","link":"https:\/\/dpress.ma\/fr\/2022\/05\/17\/le-ministre-gambien-des-ae-reaffirme-le-soutien-ferme-de-son-pays-a-la-marocanite-du-sahara\/","title":{"rendered":"Le ministre gambien des AE r\u00e9affirme le soutien ferme de son pays \u00e0 la marocanit\u00e9 du Sahara"},"content":{"rendered":"\n<p>Dpress<\/p>\n\n\n\n<p>Le ministre gambien des Affaires \u00e9trang\u00e8res, Mamadou Tangara, a r\u00e9affirm\u00e9, mardi \u00e0 Rabat, le soutien ferme de son pays \u00e0 la marocanit\u00e9 du Sahara.<\/p>\n\n\n\n<p>\u201cC\u2019est ma premi\u00e8re visite officielle au Maroc apr\u00e8s la formation du nouveau gouvernement en Gambie, un fait qui d\u00e9montre amplement l\u2019excellence des relations entre nos deux pays et je saisis cette occasion pour r\u00e9affirmer, sans ambages et sans ambigu\u00eft\u00e9 aucune, le soutien de mon pays \u00e0 la marocanit\u00e9 du Sahara\u201d, a soulign\u00e9 M. Taranga lors d\u2019un point de presse \u00e0 l\u2019issue de ses entretiens avec le ministre des Affaires \u00e9trang\u00e8res, de la Coop\u00e9ration africaine et des Marocains r\u00e9sidant \u00e0 l\u2019\u00e9tranger, Nasser Bourita.<\/p>\n\n\n\n<p>Le chef de la diplomatie gambienne a aussi r\u00e9it\u00e9r\u00e9 le soutien de son pays au plan d\u2019autonomie propos\u00e9 par le Maroc, rappelant que la Gambie fut le premier pays \u00e0 ouvrir un consulat dans la ville de Dakhla, \u201cune zone qui fait partie int\u00e9grante du territoire marocain\u201d.<\/p>\n","protected":false},"excerpt":{"rendered":"<p>Dpress Le ministre gambien des Affaires \u00e9trang\u00e8res, Mamadou Tangara, a r\u00e9affirm\u00e9, mardi \u00e0 Rabat, le soutien ferme de son pays \u00e0 la marocanit\u00e9 du Sahara. \u201cC\u2019est ma premi\u00e8re visite officielle au Maroc apr\u00e8s la formation du nouveau gouvernement en Gambie, un fait qui d\u00e9montre amplement l\u2019excellence des relations entre nos deux pays et je saisis &hellip;<\/p>\n","protected":false},"author":2,"featured_media":1114,"comment_status":"closed","ping_status":"open","sticky":false,"template":"","format":"standard","meta":{"footnotes":""},"categories":[30],"tags":[],"class_list":["post-1628","post","type-post","status-publish","format-standard","has-post-thumbnail","hentry","category-sahara-marocain"],"yoast_head":"<!-- This site is optimized with the Yoast SEO plugin v27.5 - https:\/\/yoast.com\/product\/yoast-seo-wordpress\/ -->\n<title>Le ministre gambien des AE r\u00e9affirme le soutien ferme de son pays \u00e0 la marocanit\u00e9 du Sahara - Dpress.ma\/fr<\/title>\n<meta name=\"description\" content=\"Le ministre gambien des Affaires \u00e9trang\u00e8res, Mamadou Tangara, a r\u00e9affirm\u00e9, mardi \u00e0 Rabat, le soutien ferme de son pays \u00e0 la marocanit\u00e9 du Sahara.\u201cC\u2019est ma premi\u00e8re visite officielle au Maroc apr\u00e8s la formation du nouveau\" \/>\n<meta name=\"robots\" content=\"index, follow, max-snippet:-1, max-image-preview:large, max-video-preview:-1\" \/>\n<link rel=\"canonical\" href=\"https:\/\/dpress.ma\/fr\/2022\/05\/17\/le-ministre-gambien-des-ae-reaffirme-le-soutien-ferme-de-son-pays-a-la-marocanite-du-sahara\/\" \/>\n<meta property=\"og:locale\" content=\"fr_FR\" \/>\n<meta property=\"og:type\" content=\"article\" \/>\n<meta property=\"og:title\" content=\"Le ministre gambien des AE r\u00e9affirme le soutien ferme de son pays \u00e0 la marocanit\u00e9 du Sahara - Dpress.ma\/fr\" \/>\n<meta property=\"og:description\" content=\"Le ministre gambien des Affaires \u00e9trang\u00e8res, Mamadou Tangara, a r\u00e9affirm\u00e9, mardi \u00e0 Rabat, le soutien ferme de son pays \u00e0 la marocanit\u00e9 du Sahara.\u201cC\u2019est ma premi\u00e8re visite officielle au Maroc apr\u00e8s la formation du nouveau\" \/>\n<meta property=\"og:url\" content=\"https:\/\/dpress.ma\/fr\/2022\/05\/17\/le-ministre-gambien-des-ae-reaffirme-le-soutien-ferme-de-son-pays-a-la-marocanite-du-sahara\/\" \/>\n<meta property=\"og:site_name\" content=\"Dpress.ma\/fr\" \/>\n<meta property=\"article:published_time\" content=\"2022-05-17T15:33:11+00:00\" \/>\n<meta property=\"article:modified_time\" content=\"2022-05-17T15:33:12+00:00\" \/>\n<meta property=\"og:image\" content=\"https:\/\/dpress.ma\/fr\/wp-content\/uploads\/sites\/2\/2022\/04\/Sahara-fr.jpg\" \/>\n\t<meta property=\"og:image:width\" content=\"2539\" \/>\n\t<meta property=\"og:image:height\" content=\"1594\" \/>\n\t<meta property=\"og:image:type\" content=\"image\/jpeg\" \/>\n<meta name=\"author\" content=\"Dpress.ma\" \/>\n<meta name=\"twitter:card\" content=\"summary_large_image\" \/>\n<meta name=\"twitter:label1\" content=\"\u00c9crit par\" \/>\n\t<meta name=\"twitter:data1\" content=\"Dpress.ma\" \/>\n\t<meta name=\"twitter:label2\" content=\"Dur\u00e9e de lecture estim\u00e9e\" \/>\n\t<meta name=\"twitter:data2\" content=\"1 minute\" \/>\n<script type=\"application\/ld+json\" class=\"yoast-schema-graph\">{\"@context\":\"https:\\\/\\\/schema.org\",\"@graph\":[{\"@type\":\"Article\",\"@id\":\"https:\\\/\\\/dpress.ma\\\/fr\\\/2022\\\/05\\\/17\\\/le-ministre-gambien-des-ae-reaffirme-le-soutien-ferme-de-son-pays-a-la-marocanite-du-sahara\\\/#article\",\"isPartOf\":{\"@id\":\"https:\\\/\\\/dpress.ma\\\/fr\\\/2022\\\/05\\\/17\\\/le-ministre-gambien-des-ae-reaffirme-le-soutien-ferme-de-son-pays-a-la-marocanite-du-sahara\\\/\"},\"author\":{\"name\":\"Dpress.ma\",\"@id\":\"https:\\\/\\\/dpress.ma\\\/fr\\\/#\\\/schema\\\/person\\\/4898febf3ccd59e6578d838656a306a0\"},\"headline\":\"Le ministre gambien des AE r\u00e9affirme le soutien ferme de son pays \u00e0 la marocanit\u00e9 du Sahara\",\"datePublished\":\"2022-05-17T15:33:11+00:00\",\"dateModified\":\"2022-05-17T15:33:12+00:00\",\"mainEntityOfPage\":{\"@id\":\"https:\\\/\\\/dpress.ma\\\/fr\\\/2022\\\/05\\\/17\\\/le-ministre-gambien-des-ae-reaffirme-le-soutien-ferme-de-son-pays-a-la-marocanite-du-sahara\\\/\"},\"wordCount\":184,\"image\":{\"@id\":\"https:\\\/\\\/dpress.ma\\\/fr\\\/2022\\\/05\\\/17\\\/le-ministre-gambien-des-ae-reaffirme-le-soutien-ferme-de-son-pays-a-la-marocanite-du-sahara\\\/#primaryimage\"},\"thumbnailUrl\":\"https:\\\/\\\/dpress.ma\\\/fr\\\/wp-content\\\/uploads\\\/sites\\\/2\\\/2022\\\/04\\\/Sahara-fr.jpg\",\"articleSection\":[\"Sahara Marocain\"],\"inLanguage\":\"fr-FR\"},{\"@type\":\"WebPage\",\"@id\":\"https:\\\/\\\/dpress.ma\\\/fr\\\/2022\\\/05\\\/17\\\/le-ministre-gambien-des-ae-reaffirme-le-soutien-ferme-de-son-pays-a-la-marocanite-du-sahara\\\/\",\"url\":\"https:\\\/\\\/dpress.ma\\\/fr\\\/2022\\\/05\\\/17\\\/le-ministre-gambien-des-ae-reaffirme-le-soutien-ferme-de-son-pays-a-la-marocanite-du-sahara\\\/\",\"name\":\"Le ministre gambien des AE r\u00e9affirme le soutien ferme de son pays \u00e0 la marocanit\u00e9 du Sahara - Dpress.ma\\\/fr\",\"isPartOf\":{\"@id\":\"https:\\\/\\\/dpress.ma\\\/fr\\\/#website\"},\"primaryImageOfPage\":{\"@id\":\"https:\\\/\\\/dpress.ma\\\/fr\\\/2022\\\/05\\\/17\\\/le-ministre-gambien-des-ae-reaffirme-le-soutien-ferme-de-son-pays-a-la-marocanite-du-sahara\\\/#primaryimage\"},\"image\":{\"@id\":\"https:\\\/\\\/dpress.ma\\\/fr\\\/2022\\\/05\\\/17\\\/le-ministre-gambien-des-ae-reaffirme-le-soutien-ferme-de-son-pays-a-la-marocanite-du-sahara\\\/#primaryimage\"},\"thumbnailUrl\":\"https:\\\/\\\/dpress.ma\\\/fr\\\/wp-content\\\/uploads\\\/sites\\\/2\\\/2022\\\/04\\\/Sahara-fr.jpg\",\"datePublished\":\"2022-05-17T15:33:11+00:00\",\"dateModified\":\"2022-05-17T15:33:12+00:00\",\"author\":{\"@id\":\"https:\\\/\\\/dpress.ma\\\/fr\\\/#\\\/schema\\\/person\\\/4898febf3ccd59e6578d838656a306a0\"},\"description\":\"Le ministre gambien des Affaires \u00e9trang\u00e8res, Mamadou Tangara, a r\u00e9affirm\u00e9, mardi \u00e0 Rabat, le soutien ferme de son pays \u00e0 la marocanit\u00e9 du Sahara.\u201cC\u2019est ma premi\u00e8re visite officielle au Maroc apr\u00e8s la formation du nouveau\",\"breadcrumb\":{\"@id\":\"https:\\\/\\\/dpress.ma\\\/fr\\\/2022\\\/05\\\/17\\\/le-ministre-gambien-des-ae-reaffirme-le-soutien-ferme-de-son-pays-a-la-marocanite-du-sahara\\\/#breadcrumb\"},\"inLanguage\":\"fr-FR\",\"potentialAction\":[{\"@type\":\"ReadAction\",\"target\":[\"https:\\\/\\\/dpress.ma\\\/fr\\\/2022\\\/05\\\/17\\\/le-ministre-gambien-des-ae-reaffirme-le-soutien-ferme-de-son-pays-a-la-marocanite-du-sahara\\\/\"]}]},{\"@type\":\"ImageObject\",\"inLanguage\":\"fr-FR\",\"@id\":\"https:\\\/\\\/dpress.ma\\\/fr\\\/2022\\\/05\\\/17\\\/le-ministre-gambien-des-ae-reaffirme-le-soutien-ferme-de-son-pays-a-la-marocanite-du-sahara\\\/#primaryimage\",\"url\":\"https:\\\/\\\/dpress.ma\\\/fr\\\/wp-content\\\/uploads\\\/sites\\\/2\\\/2022\\\/04\\\/Sahara-fr.jpg\",\"contentUrl\":\"https:\\\/\\\/dpress.ma\\\/fr\\\/wp-content\\\/uploads\\\/sites\\\/2\\\/2022\\\/04\\\/Sahara-fr.jpg\",\"width\":2539,\"height\":1594},{\"@type\":\"BreadcrumbList\",\"@id\":\"https:\\\/\\\/dpress.ma\\\/fr\\\/2022\\\/05\\\/17\\\/le-ministre-gambien-des-ae-reaffirme-le-soutien-ferme-de-son-pays-a-la-marocanite-du-sahara\\\/#breadcrumb\",\"itemListElement\":[{\"@type\":\"ListItem\",\"position\":1,\"name\":\"Home\",\"item\":\"https:\\\/\\\/dpress.ma\\\/fr\\\/\"},{\"@type\":\"ListItem\",\"position\":2,\"name\":\"Le ministre gambien des AE r\u00e9affirme le soutien ferme de son pays \u00e0 la marocanit\u00e9 du Sahara\"}]},{\"@type\":\"WebSite\",\"@id\":\"https:\\\/\\\/dpress.ma\\\/fr\\\/#website\",\"url\":\"https:\\\/\\\/dpress.ma\\\/fr\\\/\",\"name\":\"Dpress.ma\\\/fr\",\"description\":\"\",\"potentialAction\":[{\"@type\":\"SearchAction\",\"target\":{\"@type\":\"EntryPoint\",\"urlTemplate\":\"https:\\\/\\\/dpress.ma\\\/fr\\\/?s={search_term_string}\"},\"query-input\":{\"@type\":\"PropertyValueSpecification\",\"valueRequired\":true,\"valueName\":\"search_term_string\"}}],\"inLanguage\":\"fr-FR\"},{\"@type\":\"Person\",\"@id\":\"https:\\\/\\\/dpress.ma\\\/fr\\\/#\\\/schema\\\/person\\\/4898febf3ccd59e6578d838656a306a0\",\"name\":\"Dpress.ma\",\"image\":{\"@type\":\"ImageObject\",\"inLanguage\":\"fr-FR\",\"@id\":\"https:\\\/\\\/secure.gravatar.com\\\/avatar\\\/72ecc30e9db047a2e0e7176561eb9d564ed77c8108376495b19bd8336405198a?s=96&d=mm&r=g\",\"url\":\"https:\\\/\\\/secure.gravatar.com\\\/avatar\\\/72ecc30e9db047a2e0e7176561eb9d564ed77c8108376495b19bd8336405198a?s=96&d=mm&r=g\",\"contentUrl\":\"https:\\\/\\\/secure.gravatar.com\\\/avatar\\\/72ecc30e9db047a2e0e7176561eb9d564ed77c8108376495b19bd8336405198a?s=96&d=mm&r=g\",\"caption\":\"Dpress.ma\"},\"sameAs\":[\"https:\\\/\\\/www.dpress.ma\"],\"url\":\"https:\\\/\\\/dpress.ma\\\/fr\\\/author\\\/dpress-ma\\\/\"}]}<\/script>\n<!-- \/ Yoast SEO plugin. -->","yoast_head_json":{"title":"Le ministre gambien des AE r\u00e9affirme le soutien ferme de son pays \u00e0 la marocanit\u00e9 du Sahara - Dpress.ma\/fr","description":"Le ministre gambien des Affaires \u00e9trang\u00e8res, Mamadou Tangara, a r\u00e9affirm\u00e9, mardi \u00e0 Rabat, le soutien ferme de son pays \u00e0 la marocanit\u00e9 du Sahara.\u201cC\u2019est ma premi\u00e8re visite officielle au Maroc apr\u00e8s la formation du nouveau","robots":{"index":"index","follow":"follow","max-snippet":"max-snippet:-1","max-image-preview":"max-image-preview:large","max-video-preview":"max-video-preview:-1"},"canonical":"https:\/\/dpress.ma\/fr\/2022\/05\/17\/le-ministre-gambien-des-ae-reaffirme-le-soutien-ferme-de-son-pays-a-la-marocanite-du-sahara\/","og_locale":"fr_FR","og_type":"article","og_title":"Le ministre gambien des AE r\u00e9affirme le soutien ferme de son pays \u00e0 la marocanit\u00e9 du Sahara - Dpress.ma\/fr","og_description":"Le ministre gambien des Affaires \u00e9trang\u00e8res, Mamadou Tangara, a r\u00e9affirm\u00e9, mardi \u00e0 Rabat, le soutien ferme de son pays \u00e0 la marocanit\u00e9 du Sahara.\u201cC\u2019est ma premi\u00e8re visite officielle au Maroc apr\u00e8s la formation du nouveau","og_url":"https:\/\/dpress.ma\/fr\/2022\/05\/17\/le-ministre-gambien-des-ae-reaffirme-le-soutien-ferme-de-son-pays-a-la-marocanite-du-sahara\/","og_site_name":"Dpress.ma\/fr","article_published_time":"2022-05-17T15:33:11+00:00","article_modified_time":"2022-05-17T15:33:12+00:00","og_image":[{"width":2539,"height":1594,"url":"https:\/\/dpress.ma\/fr\/wp-content\/uploads\/sites\/2\/2022\/04\/Sahara-fr.jpg","type":"image\/jpeg"}],"author":"Dpress.ma","twitter_card":"summary_large_image","twitter_misc":{"\u00c9crit par":"Dpress.ma","Dur\u00e9e de lecture estim\u00e9e":"1 minute"},"schema":{"@context":"https:\/\/schema.org","@graph":[{"@type":"Article","@id":"https:\/\/dpress.ma\/fr\/2022\/05\/17\/le-ministre-gambien-des-ae-reaffirme-le-soutien-ferme-de-son-pays-a-la-marocanite-du-sahara\/#article","isPartOf":{"@id":"https:\/\/dpress.ma\/fr\/2022\/05\/17\/le-ministre-gambien-des-ae-reaffirme-le-soutien-ferme-de-son-pays-a-la-marocanite-du-sahara\/"},"author":{"name":"Dpress.ma","@id":"https:\/\/dpress.ma\/fr\/#\/schema\/person\/4898febf3ccd59e6578d838656a306a0"},"headline":"Le ministre gambien des AE r\u00e9affirme le soutien ferme de son pays \u00e0 la marocanit\u00e9 du Sahara","datePublished":"2022-05-17T15:33:11+00:00","dateModified":"2022-05-17T15:33:12+00:00","mainEntityOfPage":{"@id":"https:\/\/dpress.ma\/fr\/2022\/05\/17\/le-ministre-gambien-des-ae-reaffirme-le-soutien-ferme-de-son-pays-a-la-marocanite-du-sahara\/"},"wordCount":184,"image":{"@id":"https:\/\/dpress.ma\/fr\/2022\/05\/17\/le-ministre-gambien-des-ae-reaffirme-le-soutien-ferme-de-son-pays-a-la-marocanite-du-sahara\/#primaryimage"},"thumbnailUrl":"https:\/\/dpress.ma\/fr\/wp-content\/uploads\/sites\/2\/2022\/04\/Sahara-fr.jpg","articleSection":["Sahara Marocain"],"inLanguage":"fr-FR"},{"@type":"WebPage","@id":"https:\/\/dpress.ma\/fr\/2022\/05\/17\/le-ministre-gambien-des-ae-reaffirme-le-soutien-ferme-de-son-pays-a-la-marocanite-du-sahara\/","url":"https:\/\/dpress.ma\/fr\/2022\/05\/17\/le-ministre-gambien-des-ae-reaffirme-le-soutien-ferme-de-son-pays-a-la-marocanite-du-sahara\/","name":"Le ministre gambien des AE r\u00e9affirme le soutien ferme de son pays \u00e0 la marocanit\u00e9 du Sahara - Dpress.ma\/fr","isPartOf":{"@id":"https:\/\/dpress.ma\/fr\/#website"},"primaryImageOfPage":{"@id":"https:\/\/dpress.ma\/fr\/2022\/05\/17\/le-ministre-gambien-des-ae-reaffirme-le-soutien-ferme-de-son-pays-a-la-marocanite-du-sahara\/#primaryimage"},"image":{"@id":"https:\/\/dpress.ma\/fr\/2022\/05\/17\/le-ministre-gambien-des-ae-reaffirme-le-soutien-ferme-de-son-pays-a-la-marocanite-du-sahara\/#primaryimage"},"thumbnailUrl":"https:\/\/dpress.ma\/fr\/wp-content\/uploads\/sites\/2\/2022\/04\/Sahara-fr.jpg","datePublished":"2022-05-17T15:33:11+00:00","dateModified":"2022-05-17T15:33:12+00:00","author":{"@id":"https:\/\/dpress.ma\/fr\/#\/schema\/person\/4898febf3ccd59e6578d838656a306a0"},"description":"Le ministre gambien des Affaires \u00e9trang\u00e8res, Mamadou Tangara, a r\u00e9affirm\u00e9, mardi \u00e0 Rabat, le soutien ferme de son pays \u00e0 la marocanit\u00e9 du Sahara.\u201cC\u2019est ma premi\u00e8re visite officielle au Maroc apr\u00e8s la formation du nouveau","breadcrumb":{"@id":"https:\/\/dpress.ma\/fr\/2022\/05\/17\/le-ministre-gambien-des-ae-reaffirme-le-soutien-ferme-de-son-pays-a-la-marocanite-du-sahara\/#breadcrumb"},"inLanguage":"fr-FR","potentialAction":[{"@type":"ReadAction","target":["https:\/\/dpress.ma\/fr\/2022\/05\/17\/le-ministre-gambien-des-ae-reaffirme-le-soutien-ferme-de-son-pays-a-la-marocanite-du-sahara\/"]}]},{"@type":"ImageObject","inLanguage":"fr-FR","@id":"https:\/\/dpress.ma\/fr\/2022\/05\/17\/le-ministre-gambien-des-ae-reaffirme-le-soutien-ferme-de-son-pays-a-la-marocanite-du-sahara\/#primaryimage","url":"https:\/\/dpress.ma\/fr\/wp-content\/uploads\/sites\/2\/2022\/04\/Sahara-fr.jpg","contentUrl":"https:\/\/dpress.ma\/fr\/wp-content\/uploads\/sites\/2\/2022\/04\/Sahara-fr.jpg","width":2539,"height":1594},{"@type":"BreadcrumbList","@id":"https:\/\/dpress.ma\/fr\/2022\/05\/17\/le-ministre-gambien-des-ae-reaffirme-le-soutien-ferme-de-son-pays-a-la-marocanite-du-sahara\/#breadcrumb","itemListElement":[{"@type":"ListItem","position":1,"name":"Home","item":"https:\/\/dpress.ma\/fr\/"},{"@type":"ListItem","position":2,"name":"Le ministre gambien des AE r\u00e9affirme le soutien ferme de son pays \u00e0 la marocanit\u00e9 du Sahara"}]},{"@type":"WebSite","@id":"https:\/\/dpress.ma\/fr\/#website","url":"https:\/\/dpress.ma\/fr\/","name":"Dpress.ma\/fr","description":"","potentialAction":[{"@type":"SearchAction","target":{"@type":"EntryPoint","urlTemplate":"https:\/\/dpress.ma\/fr\/?s={search_term_string}"},"query-input":{"@type":"PropertyValueSpecification","valueRequired":true,"valueName":"search_term_string"}}],"inLanguage":"fr-FR"},{"@type":"Person","@id":"https:\/\/dpress.ma\/fr\/#\/schema\/person\/4898febf3ccd59e6578d838656a306a0","name":"Dpress.ma","image":{"@type":"ImageObject","inLanguage":"fr-FR","@id":"https:\/\/secure.gravatar.com\/avatar\/72ecc30e9db047a2e0e7176561eb9d564ed77c8108376495b19bd8336405198a?s=96&d=mm&r=g","url":"https:\/\/secure.gravatar.com\/avatar\/72ecc30e9db047a2e0e7176561eb9d564ed77c8108376495b19bd8336405198a?s=96&d=mm&r=g","contentUrl":"https:\/\/secure.gravatar.com\/avatar\/72ecc30e9db047a2e0e7176561eb9d564ed77c8108376495b19bd8336405198a?s=96&d=mm&r=g","caption":"Dpress.ma"},"sameAs":["https:\/\/www.dpress.ma"],"url":"https:\/\/dpress.ma\/fr\/author\/dpress-ma\/"}]}},"amp_enabled":true,"_links":{"self":[{"href":"https:\/\/dpress.ma\/fr\/wp-json\/wp\/v2\/posts\/1628","targetHints":{"allow":["GET"]}}],"collection":[{"href":"https:\/\/dpress.ma\/fr\/wp-json\/wp\/v2\/posts"}],"about":[{"href":"https:\/\/dpress.ma\/fr\/wp-json\/wp\/v2\/types\/post"}],"author":[{"embeddable":true,"href":"https:\/\/dpress.ma\/fr\/wp-json\/wp\/v2\/users\/2"}],"replies":[{"embeddable":true,"href":"https:\/\/dpress.ma\/fr\/wp-json\/wp\/v2\/comments?post=1628"}],"version-history":[{"count":1,"href":"https:\/\/dpress.ma\/fr\/wp-json\/wp\/v2\/posts\/1628\/revisions"}],"predecessor-version":[{"id":1629,"href":"https:\/\/dpress.ma\/fr\/wp-json\/wp\/v2\/posts\/1628\/revisions\/1629"}],"wp:featuredmedia":[{"embeddable":true,"href":"https:\/\/dpress.ma\/fr\/wp-json\/wp\/v2\/media\/1114"}],"wp:attachment":[{"href":"https:\/\/dpress.ma\/fr\/wp-json\/wp\/v2\/media?parent=1628"}],"wp:term":[{"taxonomy":"category","embeddable":true,"href":"https:\/\/dpress.ma\/fr\/wp-json\/wp\/v2\/categories?post=1628"},{"taxonomy":"post_tag","embeddable":true,"href":"https:\/\/dpress.ma\/fr\/wp-json\/wp\/v2\/tags?post=1628"}],"curies":[{"name":"wp","href":"https:\/\/api.w.org\/{rel}","templated":true}]}}