{"id":16153,"date":"2025-09-17T13:17:41","date_gmt":"2025-09-17T13:17:41","guid":{"rendered":"https:\/\/dpress.ma\/fr\/?p=16153"},"modified":"2025-09-17T13:17:48","modified_gmt":"2025-09-17T13:17:48","slug":"le-festival-de-cinema-mediterraneen-de-tetouan-devoile-les-jurys-de-sa-30e-edition","status":"publish","type":"post","link":"https:\/\/dpress.ma\/fr\/2025\/09\/17\/le-festival-de-cinema-mediterraneen-de-tetouan-devoile-les-jurys-de-sa-30e-edition\/","title":{"rendered":"Le Festival de Cin\u00e9ma M\u00e9diterran\u00e9en de T\u00e9touan d\u00e9voile les jurys de sa 30\u00e8 \u00e9dition"},"content":{"rendered":"\n<p>Dpress<\/p>\n\n\n\n<p>Le Festival de Cin\u00e9ma M\u00e9diterran\u00e9en de T\u00e9touan (FCMT),&nbsp;\u00e9v\u00e9nement phare de la r\u00e9gion, a d\u00e9voil\u00e9 les membres des jurys qui auront la mission de d\u00e9partager les films en comp\u00e9tition lors de sa 30\u00e8 \u00e9dition,&nbsp;pr\u00e9vue du 25 octobre au 1er novembre.<\/p>\n\n\n\n<p>Compos\u00e9s de personnalit\u00e9s \u00e9minentes du cin\u00e9ma, de la critique et de la formation, les membres des jurys illustrent l\u2019engagement du festival en faveur de l\u2019excellence et de la pluralit\u00e9 des expressions cin\u00e9matographiques, indique un communiqu\u00e9 de la Fondation du festival.<\/p>\n\n\n\n<p>Le FCMT c\u00e9l\u00e8brera trois d\u00e9cennies d\u2019engagement pour la diffusion du cin\u00e9ma m\u00e9diterran\u00e9en et le soutien aux talents \u00e9mergents, en offrant des espaces de rencontres, de formation et de dialogue.<\/p>\n\n\n\n<p>Cette \u00e9dition anniversaire investira les lieux culturels embl\u00e9matiques de T\u00e9touan, permettant aux cin\u00e9philes et aux professionnels de d\u00e9couvrir une s\u00e9lection de films refl\u00e9tant la cr\u00e9ativit\u00e9 des cin\u00e9mas de la r\u00e9gion.<\/p>\n\n\n\n<p>Dix longs-m\u00e9trages de fiction et de documentaires issus de diff\u00e9rents pays m\u00e9diterran\u00e9ens seront en lice pour plusieurs distinctions. Le jury officiel attribuera notamment le Grand Prix de la ville de T\u00e9touan \u201cTamouda\u201d, ainsi que le Prix Mohamed Reggab (Prix sp\u00e9cial du Jury), le Prix Azzeddine Meddour pour une premi\u00e8re \u0153uvre, ainsi que les Prix d\u2019interpr\u00e9tation f\u00e9minine et masculine.<\/p>\n\n\n\n<p>\u00c0 la pr\u00e9sidence du jury des longs-m\u00e9trages de fiction et documentaires: Leonardo Di Costanzo, r\u00e9alisateur italien reconnu pour ses films qui explorent les dynamiques sociales et humaines avec une sensibilit\u00e9 particuli\u00e8re.<\/p>\n\n\n\n<p>Parmi ses \u0153uvres notables, The Interval (2012) qui a \u00e9t\u00e9 prim\u00e9 au Festival de Venise, et The Inner Cage (2021) qui a remport\u00e9 le prix du meilleur sc\u00e9nario aux David di Donatello.<\/p>\n\n\n\n<p>Aux c\u00f4t\u00e9s de Di Costanzo, des cin\u00e9astes et critiques de renom d\u00e9partageront les films en comp\u00e9tition. Il s\u2019agit d\u2019Asmae Al Moudir (Maroc), r\u00e9alisatrice et sc\u00e9nariste, prim\u00e9e au Festival de Cannes et \u00e0 l\u2019IDFA. Elle s\u2019est impos\u00e9e sur la sc\u00e8ne internationale avec \u201cLa M\u00e8re de tous les Mensonges\u201d, documentaire hybride prim\u00e9 dans plusieurs festivals.<\/p>\n\n\n\n<p>Le jury des long-m\u00e9trages est compos\u00e9 \u00e9galement de Serge Barbuccia (France), acteur, auteur et metteur en sc\u00e8ne. Il est le fondateur du Th\u00e9\u00e2tre du Balcon \u00e0 Avignon. Son travail m\u00eale th\u00e9\u00e2tre, musique et cin\u00e9ma, et il est reconnu pour ses adaptations audacieuses de classiques litt\u00e9raires au th\u00e9\u00e2tre.<\/p>\n\n\n\n<p>A ceux-ci s\u2019ajoute Isabel Machado (Portugal), productrice et directrice de festivals, qui est impliqu\u00e9e dans le d\u00e9veloppement de projets cin\u00e9matographiques ind\u00e9pendants au Portugal. Elle a \u00e9galement travaill\u00e9 en tant que productrice ex\u00e9cutive sur plusieurs films prim\u00e9s.<\/p>\n\n\n\n<p>Le jury comprend \u00e9galement Amir Ramsis (\u00c9gypte), r\u00e9alisateur et sc\u00e9nariste, qui est connu pour ses documentaires et films de fiction, qui interrogent les r\u00e9alit\u00e9s sociales et politiques de la r\u00e9gion. Il est \u00e9galement directeur artistique du Festival du Film d\u2019El Gouna.<\/p>\n\n\n\n<p>Parall\u00e8lement, le jury de la critique \u201cMustapha Mesnaoui\u201d r\u00e9compensera une \u0153uvre pour son approche esth\u00e9tique et sa port\u00e9e critique, note la m\u00eame source, pr\u00e9cisant qu\u2019il r\u00e9unira trois critiques et journalistes de renom.<\/p>\n\n\n\n<p>Il s\u2019agit de Fatima Ifriqui (Maroc), journaliste et critique de cin\u00e9ma, qui est une voix influente du paysage culturel marocain, reconnue pour son analyse aff\u00fbt\u00e9e des \u0153uvres cin\u00e9matographiques, et de C\u00e9dric L\u00e9pine (France), critique de cin\u00e9ma collaborant avec plusieurs m\u00e9dias europ\u00e9ens, qui est sp\u00e9cialis\u00e9 dans le cin\u00e9ma ind\u00e9pendant et les nouvelles \u00e9critures cin\u00e9matographiques, ainsi que de Francesco Pontiggia (Italie), journaliste et critique, qui \u00e9crit pour des publications de r\u00e9f\u00e9rence et intervient r\u00e9guli\u00e8rement dans des jurys internationaux.<\/p>\n\n\n\n<p>Ces jurys incarneront l\u2019esprit de la 30\u00e8 \u00e9dition du Festival de Cin\u00e9ma M\u00e9diterran\u00e9en de T\u00e9touan, qui constitue une c\u00e9l\u00e9bration de la richesse et de la pluralit\u00e9 des cin\u00e9mas m\u00e9diterran\u00e9ens, un lieu de rencontre entre les cultures et un tremplin pour les talents de demain.<\/p>\n\n\n\n<p>Depuis sa cr\u00e9ation en 1985 par l\u2019association \u201cAmis du Cin\u00e9ma de T\u00e9touan\u201d (ACT), le FCMT n\u2019a eu de cesse de promouvoir les cin\u00e9matographies de la mare nostrum et de porter haut les valeurs d\u2019une cin\u00e9philie exigeante et diverse.<\/p>\n\n\n\n<p>Connu pour son engagement et sa contribution \u00e0 la diffusion du cin\u00e9ma m\u00e9diterran\u00e9en, le festival est d\u2019abord celui d\u2019une ville, T\u00e9touan, terreau des arts qui, de la musique aux arts plastiques, a abrit\u00e9 et continue d\u2019abriter des mouvements artistiques qui connaissent un rayonnement bien au-del\u00e0 de la r\u00e9gion.<\/p>\n\n\n\n<p>C\u2019est donc dans cette ville au climat culturel favorable que, tout naturellement, une poign\u00e9e d\u2019enseignants cin\u00e9philes imaginent ce projet, alors m\u00eame que les cin\u00e9-clubs, au sein desquels ils ont \u00e9t\u00e9 form\u00e9s, disparaissaient au Maroc.<\/p>\n","protected":false},"excerpt":{"rendered":"<p>Dpress Le Festival de Cin\u00e9ma M\u00e9diterran\u00e9en de T\u00e9touan (FCMT),&nbsp;\u00e9v\u00e9nement phare de la r\u00e9gion, a d\u00e9voil\u00e9 les membres des jurys qui auront la mission de d\u00e9partager les films en comp\u00e9tition lors de sa 30\u00e8 \u00e9dition,&nbsp;pr\u00e9vue du 25 octobre au 1er novembre. Compos\u00e9s de personnalit\u00e9s \u00e9minentes du cin\u00e9ma, de la critique et de la formation, les membres &hellip;<\/p>\n","protected":false},"author":2,"featured_media":16154,"comment_status":"open","ping_status":"open","sticky":false,"template":"","format":"standard","meta":{"footnotes":""},"categories":[31],"tags":[],"class_list":["post-16153","post","type-post","status-publish","format-standard","has-post-thumbnail","hentry","category-art-et-culture"],"yoast_head":"<!-- This site is optimized with the Yoast SEO plugin v27.5 - https:\/\/yoast.com\/product\/yoast-seo-wordpress\/ -->\n<title>Le Festival de Cin\u00e9ma M\u00e9diterran\u00e9en de T\u00e9touan d\u00e9voile les jurys de sa 30\u00e8 \u00e9dition - Dpress.ma\/fr<\/title>\n<meta name=\"robots\" content=\"index, follow, max-snippet:-1, max-image-preview:large, max-video-preview:-1\" \/>\n<link rel=\"canonical\" href=\"https:\/\/dpress.ma\/fr\/2025\/09\/17\/le-festival-de-cinema-mediterraneen-de-tetouan-devoile-les-jurys-de-sa-30e-edition\/\" \/>\n<meta property=\"og:locale\" content=\"fr_FR\" \/>\n<meta property=\"og:type\" content=\"article\" \/>\n<meta property=\"og:title\" content=\"Le Festival de Cin\u00e9ma M\u00e9diterran\u00e9en de T\u00e9touan d\u00e9voile les jurys de sa 30\u00e8 \u00e9dition - Dpress.ma\/fr\" \/>\n<meta property=\"og:description\" content=\"Dpress Le Festival de Cin\u00e9ma M\u00e9diterran\u00e9en de T\u00e9touan (FCMT),&nbsp;\u00e9v\u00e9nement phare de la r\u00e9gion, a d\u00e9voil\u00e9 les membres des jurys qui auront la mission de d\u00e9partager les films en comp\u00e9tition lors de sa 30\u00e8 \u00e9dition,&nbsp;pr\u00e9vue du 25 octobre au 1er novembre. Compos\u00e9s de personnalit\u00e9s \u00e9minentes du cin\u00e9ma, de la critique et de la formation, les membres &hellip;\" \/>\n<meta property=\"og:url\" content=\"https:\/\/dpress.ma\/fr\/2025\/09\/17\/le-festival-de-cinema-mediterraneen-de-tetouan-devoile-les-jurys-de-sa-30e-edition\/\" \/>\n<meta property=\"og:site_name\" content=\"Dpress.ma\/fr\" \/>\n<meta property=\"article:published_time\" content=\"2025-09-17T13:17:41+00:00\" \/>\n<meta property=\"article:modified_time\" content=\"2025-09-17T13:17:48+00:00\" \/>\n<meta property=\"og:image\" content=\"https:\/\/dpress.ma\/fr\/wp-content\/uploads\/sites\/2\/2025\/09\/dimensions2-53.jpg\" \/>\n\t<meta property=\"og:image:width\" content=\"2539\" \/>\n\t<meta property=\"og:image:height\" content=\"1594\" \/>\n\t<meta property=\"og:image:type\" content=\"image\/jpeg\" \/>\n<meta name=\"author\" content=\"Dpress.ma\" \/>\n<meta name=\"twitter:card\" content=\"summary_large_image\" \/>\n<meta name=\"twitter:label1\" content=\"\u00c9crit par\" \/>\n\t<meta name=\"twitter:data1\" content=\"Dpress.ma\" \/>\n\t<meta name=\"twitter:label2\" content=\"Dur\u00e9e de lecture estim\u00e9e\" \/>\n\t<meta name=\"twitter:data2\" content=\"4 minutes\" \/>\n<script type=\"application\/ld+json\" class=\"yoast-schema-graph\">{\"@context\":\"https:\\\/\\\/schema.org\",\"@graph\":[{\"@type\":\"Article\",\"@id\":\"https:\\\/\\\/dpress.ma\\\/fr\\\/2025\\\/09\\\/17\\\/le-festival-de-cinema-mediterraneen-de-tetouan-devoile-les-jurys-de-sa-30e-edition\\\/#article\",\"isPartOf\":{\"@id\":\"https:\\\/\\\/dpress.ma\\\/fr\\\/2025\\\/09\\\/17\\\/le-festival-de-cinema-mediterraneen-de-tetouan-devoile-les-jurys-de-sa-30e-edition\\\/\"},\"author\":{\"name\":\"Dpress.ma\",\"@id\":\"https:\\\/\\\/dpress.ma\\\/fr\\\/#\\\/schema\\\/person\\\/4898febf3ccd59e6578d838656a306a0\"},\"headline\":\"Le Festival de Cin\u00e9ma M\u00e9diterran\u00e9en de T\u00e9touan d\u00e9voile les jurys de sa 30\u00e8 \u00e9dition\",\"datePublished\":\"2025-09-17T13:17:41+00:00\",\"dateModified\":\"2025-09-17T13:17:48+00:00\",\"mainEntityOfPage\":{\"@id\":\"https:\\\/\\\/dpress.ma\\\/fr\\\/2025\\\/09\\\/17\\\/le-festival-de-cinema-mediterraneen-de-tetouan-devoile-les-jurys-de-sa-30e-edition\\\/\"},\"wordCount\":863,\"commentCount\":0,\"image\":{\"@id\":\"https:\\\/\\\/dpress.ma\\\/fr\\\/2025\\\/09\\\/17\\\/le-festival-de-cinema-mediterraneen-de-tetouan-devoile-les-jurys-de-sa-30e-edition\\\/#primaryimage\"},\"thumbnailUrl\":\"https:\\\/\\\/dpress.ma\\\/fr\\\/wp-content\\\/uploads\\\/sites\\\/2\\\/2025\\\/09\\\/dimensions2-53.jpg\",\"articleSection\":[\"Art et Culture\"],\"inLanguage\":\"fr-FR\",\"potentialAction\":[{\"@type\":\"CommentAction\",\"name\":\"Comment\",\"target\":[\"https:\\\/\\\/dpress.ma\\\/fr\\\/2025\\\/09\\\/17\\\/le-festival-de-cinema-mediterraneen-de-tetouan-devoile-les-jurys-de-sa-30e-edition\\\/#respond\"]}]},{\"@type\":\"WebPage\",\"@id\":\"https:\\\/\\\/dpress.ma\\\/fr\\\/2025\\\/09\\\/17\\\/le-festival-de-cinema-mediterraneen-de-tetouan-devoile-les-jurys-de-sa-30e-edition\\\/\",\"url\":\"https:\\\/\\\/dpress.ma\\\/fr\\\/2025\\\/09\\\/17\\\/le-festival-de-cinema-mediterraneen-de-tetouan-devoile-les-jurys-de-sa-30e-edition\\\/\",\"name\":\"Le Festival de Cin\u00e9ma M\u00e9diterran\u00e9en de T\u00e9touan d\u00e9voile les jurys de sa 30\u00e8 \u00e9dition - Dpress.ma\\\/fr\",\"isPartOf\":{\"@id\":\"https:\\\/\\\/dpress.ma\\\/fr\\\/#website\"},\"primaryImageOfPage\":{\"@id\":\"https:\\\/\\\/dpress.ma\\\/fr\\\/2025\\\/09\\\/17\\\/le-festival-de-cinema-mediterraneen-de-tetouan-devoile-les-jurys-de-sa-30e-edition\\\/#primaryimage\"},\"image\":{\"@id\":\"https:\\\/\\\/dpress.ma\\\/fr\\\/2025\\\/09\\\/17\\\/le-festival-de-cinema-mediterraneen-de-tetouan-devoile-les-jurys-de-sa-30e-edition\\\/#primaryimage\"},\"thumbnailUrl\":\"https:\\\/\\\/dpress.ma\\\/fr\\\/wp-content\\\/uploads\\\/sites\\\/2\\\/2025\\\/09\\\/dimensions2-53.jpg\",\"datePublished\":\"2025-09-17T13:17:41+00:00\",\"dateModified\":\"2025-09-17T13:17:48+00:00\",\"author\":{\"@id\":\"https:\\\/\\\/dpress.ma\\\/fr\\\/#\\\/schema\\\/person\\\/4898febf3ccd59e6578d838656a306a0\"},\"breadcrumb\":{\"@id\":\"https:\\\/\\\/dpress.ma\\\/fr\\\/2025\\\/09\\\/17\\\/le-festival-de-cinema-mediterraneen-de-tetouan-devoile-les-jurys-de-sa-30e-edition\\\/#breadcrumb\"},\"inLanguage\":\"fr-FR\",\"potentialAction\":[{\"@type\":\"ReadAction\",\"target\":[\"https:\\\/\\\/dpress.ma\\\/fr\\\/2025\\\/09\\\/17\\\/le-festival-de-cinema-mediterraneen-de-tetouan-devoile-les-jurys-de-sa-30e-edition\\\/\"]}]},{\"@type\":\"ImageObject\",\"inLanguage\":\"fr-FR\",\"@id\":\"https:\\\/\\\/dpress.ma\\\/fr\\\/2025\\\/09\\\/17\\\/le-festival-de-cinema-mediterraneen-de-tetouan-devoile-les-jurys-de-sa-30e-edition\\\/#primaryimage\",\"url\":\"https:\\\/\\\/dpress.ma\\\/fr\\\/wp-content\\\/uploads\\\/sites\\\/2\\\/2025\\\/09\\\/dimensions2-53.jpg\",\"contentUrl\":\"https:\\\/\\\/dpress.ma\\\/fr\\\/wp-content\\\/uploads\\\/sites\\\/2\\\/2025\\\/09\\\/dimensions2-53.jpg\",\"width\":2539,\"height\":1594},{\"@type\":\"BreadcrumbList\",\"@id\":\"https:\\\/\\\/dpress.ma\\\/fr\\\/2025\\\/09\\\/17\\\/le-festival-de-cinema-mediterraneen-de-tetouan-devoile-les-jurys-de-sa-30e-edition\\\/#breadcrumb\",\"itemListElement\":[{\"@type\":\"ListItem\",\"position\":1,\"name\":\"Home\",\"item\":\"https:\\\/\\\/dpress.ma\\\/fr\\\/\"},{\"@type\":\"ListItem\",\"position\":2,\"name\":\"Le Festival de Cin\u00e9ma M\u00e9diterran\u00e9en de T\u00e9touan d\u00e9voile les jurys de sa 30\u00e8 \u00e9dition\"}]},{\"@type\":\"WebSite\",\"@id\":\"https:\\\/\\\/dpress.ma\\\/fr\\\/#website\",\"url\":\"https:\\\/\\\/dpress.ma\\\/fr\\\/\",\"name\":\"Dpress.ma\\\/fr\",\"description\":\"\",\"potentialAction\":[{\"@type\":\"SearchAction\",\"target\":{\"@type\":\"EntryPoint\",\"urlTemplate\":\"https:\\\/\\\/dpress.ma\\\/fr\\\/?s={search_term_string}\"},\"query-input\":{\"@type\":\"PropertyValueSpecification\",\"valueRequired\":true,\"valueName\":\"search_term_string\"}}],\"inLanguage\":\"fr-FR\"},{\"@type\":\"Person\",\"@id\":\"https:\\\/\\\/dpress.ma\\\/fr\\\/#\\\/schema\\\/person\\\/4898febf3ccd59e6578d838656a306a0\",\"name\":\"Dpress.ma\",\"image\":{\"@type\":\"ImageObject\",\"inLanguage\":\"fr-FR\",\"@id\":\"https:\\\/\\\/secure.gravatar.com\\\/avatar\\\/72ecc30e9db047a2e0e7176561eb9d564ed77c8108376495b19bd8336405198a?s=96&d=mm&r=g\",\"url\":\"https:\\\/\\\/secure.gravatar.com\\\/avatar\\\/72ecc30e9db047a2e0e7176561eb9d564ed77c8108376495b19bd8336405198a?s=96&d=mm&r=g\",\"contentUrl\":\"https:\\\/\\\/secure.gravatar.com\\\/avatar\\\/72ecc30e9db047a2e0e7176561eb9d564ed77c8108376495b19bd8336405198a?s=96&d=mm&r=g\",\"caption\":\"Dpress.ma\"},\"sameAs\":[\"https:\\\/\\\/www.dpress.ma\"],\"url\":\"https:\\\/\\\/dpress.ma\\\/fr\\\/author\\\/dpress-ma\\\/\"}]}<\/script>\n<!-- \/ Yoast SEO plugin. -->","yoast_head_json":{"title":"Le Festival de Cin\u00e9ma M\u00e9diterran\u00e9en de T\u00e9touan d\u00e9voile les jurys de sa 30\u00e8 \u00e9dition - Dpress.ma\/fr","robots":{"index":"index","follow":"follow","max-snippet":"max-snippet:-1","max-image-preview":"max-image-preview:large","max-video-preview":"max-video-preview:-1"},"canonical":"https:\/\/dpress.ma\/fr\/2025\/09\/17\/le-festival-de-cinema-mediterraneen-de-tetouan-devoile-les-jurys-de-sa-30e-edition\/","og_locale":"fr_FR","og_type":"article","og_title":"Le Festival de Cin\u00e9ma M\u00e9diterran\u00e9en de T\u00e9touan d\u00e9voile les jurys de sa 30\u00e8 \u00e9dition - Dpress.ma\/fr","og_description":"Dpress Le Festival de Cin\u00e9ma M\u00e9diterran\u00e9en de T\u00e9touan (FCMT),&nbsp;\u00e9v\u00e9nement phare de la r\u00e9gion, a d\u00e9voil\u00e9 les membres des jurys qui auront la mission de d\u00e9partager les films en comp\u00e9tition lors de sa 30\u00e8 \u00e9dition,&nbsp;pr\u00e9vue du 25 octobre au 1er novembre. Compos\u00e9s de personnalit\u00e9s \u00e9minentes du cin\u00e9ma, de la critique et de la formation, les membres &hellip;","og_url":"https:\/\/dpress.ma\/fr\/2025\/09\/17\/le-festival-de-cinema-mediterraneen-de-tetouan-devoile-les-jurys-de-sa-30e-edition\/","og_site_name":"Dpress.ma\/fr","article_published_time":"2025-09-17T13:17:41+00:00","article_modified_time":"2025-09-17T13:17:48+00:00","og_image":[{"width":2539,"height":1594,"url":"https:\/\/dpress.ma\/fr\/wp-content\/uploads\/sites\/2\/2025\/09\/dimensions2-53.jpg","type":"image\/jpeg"}],"author":"Dpress.ma","twitter_card":"summary_large_image","twitter_misc":{"\u00c9crit par":"Dpress.ma","Dur\u00e9e de lecture estim\u00e9e":"4 minutes"},"schema":{"@context":"https:\/\/schema.org","@graph":[{"@type":"Article","@id":"https:\/\/dpress.ma\/fr\/2025\/09\/17\/le-festival-de-cinema-mediterraneen-de-tetouan-devoile-les-jurys-de-sa-30e-edition\/#article","isPartOf":{"@id":"https:\/\/dpress.ma\/fr\/2025\/09\/17\/le-festival-de-cinema-mediterraneen-de-tetouan-devoile-les-jurys-de-sa-30e-edition\/"},"author":{"name":"Dpress.ma","@id":"https:\/\/dpress.ma\/fr\/#\/schema\/person\/4898febf3ccd59e6578d838656a306a0"},"headline":"Le Festival de Cin\u00e9ma M\u00e9diterran\u00e9en de T\u00e9touan d\u00e9voile les jurys de sa 30\u00e8 \u00e9dition","datePublished":"2025-09-17T13:17:41+00:00","dateModified":"2025-09-17T13:17:48+00:00","mainEntityOfPage":{"@id":"https:\/\/dpress.ma\/fr\/2025\/09\/17\/le-festival-de-cinema-mediterraneen-de-tetouan-devoile-les-jurys-de-sa-30e-edition\/"},"wordCount":863,"commentCount":0,"image":{"@id":"https:\/\/dpress.ma\/fr\/2025\/09\/17\/le-festival-de-cinema-mediterraneen-de-tetouan-devoile-les-jurys-de-sa-30e-edition\/#primaryimage"},"thumbnailUrl":"https:\/\/dpress.ma\/fr\/wp-content\/uploads\/sites\/2\/2025\/09\/dimensions2-53.jpg","articleSection":["Art et Culture"],"inLanguage":"fr-FR","potentialAction":[{"@type":"CommentAction","name":"Comment","target":["https:\/\/dpress.ma\/fr\/2025\/09\/17\/le-festival-de-cinema-mediterraneen-de-tetouan-devoile-les-jurys-de-sa-30e-edition\/#respond"]}]},{"@type":"WebPage","@id":"https:\/\/dpress.ma\/fr\/2025\/09\/17\/le-festival-de-cinema-mediterraneen-de-tetouan-devoile-les-jurys-de-sa-30e-edition\/","url":"https:\/\/dpress.ma\/fr\/2025\/09\/17\/le-festival-de-cinema-mediterraneen-de-tetouan-devoile-les-jurys-de-sa-30e-edition\/","name":"Le Festival de Cin\u00e9ma M\u00e9diterran\u00e9en de T\u00e9touan d\u00e9voile les jurys de sa 30\u00e8 \u00e9dition - Dpress.ma\/fr","isPartOf":{"@id":"https:\/\/dpress.ma\/fr\/#website"},"primaryImageOfPage":{"@id":"https:\/\/dpress.ma\/fr\/2025\/09\/17\/le-festival-de-cinema-mediterraneen-de-tetouan-devoile-les-jurys-de-sa-30e-edition\/#primaryimage"},"image":{"@id":"https:\/\/dpress.ma\/fr\/2025\/09\/17\/le-festival-de-cinema-mediterraneen-de-tetouan-devoile-les-jurys-de-sa-30e-edition\/#primaryimage"},"thumbnailUrl":"https:\/\/dpress.ma\/fr\/wp-content\/uploads\/sites\/2\/2025\/09\/dimensions2-53.jpg","datePublished":"2025-09-17T13:17:41+00:00","dateModified":"2025-09-17T13:17:48+00:00","author":{"@id":"https:\/\/dpress.ma\/fr\/#\/schema\/person\/4898febf3ccd59e6578d838656a306a0"},"breadcrumb":{"@id":"https:\/\/dpress.ma\/fr\/2025\/09\/17\/le-festival-de-cinema-mediterraneen-de-tetouan-devoile-les-jurys-de-sa-30e-edition\/#breadcrumb"},"inLanguage":"fr-FR","potentialAction":[{"@type":"ReadAction","target":["https:\/\/dpress.ma\/fr\/2025\/09\/17\/le-festival-de-cinema-mediterraneen-de-tetouan-devoile-les-jurys-de-sa-30e-edition\/"]}]},{"@type":"ImageObject","inLanguage":"fr-FR","@id":"https:\/\/dpress.ma\/fr\/2025\/09\/17\/le-festival-de-cinema-mediterraneen-de-tetouan-devoile-les-jurys-de-sa-30e-edition\/#primaryimage","url":"https:\/\/dpress.ma\/fr\/wp-content\/uploads\/sites\/2\/2025\/09\/dimensions2-53.jpg","contentUrl":"https:\/\/dpress.ma\/fr\/wp-content\/uploads\/sites\/2\/2025\/09\/dimensions2-53.jpg","width":2539,"height":1594},{"@type":"BreadcrumbList","@id":"https:\/\/dpress.ma\/fr\/2025\/09\/17\/le-festival-de-cinema-mediterraneen-de-tetouan-devoile-les-jurys-de-sa-30e-edition\/#breadcrumb","itemListElement":[{"@type":"ListItem","position":1,"name":"Home","item":"https:\/\/dpress.ma\/fr\/"},{"@type":"ListItem","position":2,"name":"Le Festival de Cin\u00e9ma M\u00e9diterran\u00e9en de T\u00e9touan d\u00e9voile les jurys de sa 30\u00e8 \u00e9dition"}]},{"@type":"WebSite","@id":"https:\/\/dpress.ma\/fr\/#website","url":"https:\/\/dpress.ma\/fr\/","name":"Dpress.ma\/fr","description":"","potentialAction":[{"@type":"SearchAction","target":{"@type":"EntryPoint","urlTemplate":"https:\/\/dpress.ma\/fr\/?s={search_term_string}"},"query-input":{"@type":"PropertyValueSpecification","valueRequired":true,"valueName":"search_term_string"}}],"inLanguage":"fr-FR"},{"@type":"Person","@id":"https:\/\/dpress.ma\/fr\/#\/schema\/person\/4898febf3ccd59e6578d838656a306a0","name":"Dpress.ma","image":{"@type":"ImageObject","inLanguage":"fr-FR","@id":"https:\/\/secure.gravatar.com\/avatar\/72ecc30e9db047a2e0e7176561eb9d564ed77c8108376495b19bd8336405198a?s=96&d=mm&r=g","url":"https:\/\/secure.gravatar.com\/avatar\/72ecc30e9db047a2e0e7176561eb9d564ed77c8108376495b19bd8336405198a?s=96&d=mm&r=g","contentUrl":"https:\/\/secure.gravatar.com\/avatar\/72ecc30e9db047a2e0e7176561eb9d564ed77c8108376495b19bd8336405198a?s=96&d=mm&r=g","caption":"Dpress.ma"},"sameAs":["https:\/\/www.dpress.ma"],"url":"https:\/\/dpress.ma\/fr\/author\/dpress-ma\/"}]}},"amp_enabled":true,"_links":{"self":[{"href":"https:\/\/dpress.ma\/fr\/wp-json\/wp\/v2\/posts\/16153","targetHints":{"allow":["GET"]}}],"collection":[{"href":"https:\/\/dpress.ma\/fr\/wp-json\/wp\/v2\/posts"}],"about":[{"href":"https:\/\/dpress.ma\/fr\/wp-json\/wp\/v2\/types\/post"}],"author":[{"embeddable":true,"href":"https:\/\/dpress.ma\/fr\/wp-json\/wp\/v2\/users\/2"}],"replies":[{"embeddable":true,"href":"https:\/\/dpress.ma\/fr\/wp-json\/wp\/v2\/comments?post=16153"}],"version-history":[{"count":2,"href":"https:\/\/dpress.ma\/fr\/wp-json\/wp\/v2\/posts\/16153\/revisions"}],"predecessor-version":[{"id":16156,"href":"https:\/\/dpress.ma\/fr\/wp-json\/wp\/v2\/posts\/16153\/revisions\/16156"}],"wp:featuredmedia":[{"embeddable":true,"href":"https:\/\/dpress.ma\/fr\/wp-json\/wp\/v2\/media\/16154"}],"wp:attachment":[{"href":"https:\/\/dpress.ma\/fr\/wp-json\/wp\/v2\/media?parent=16153"}],"wp:term":[{"taxonomy":"category","embeddable":true,"href":"https:\/\/dpress.ma\/fr\/wp-json\/wp\/v2\/categories?post=16153"},{"taxonomy":"post_tag","embeddable":true,"href":"https:\/\/dpress.ma\/fr\/wp-json\/wp\/v2\/tags?post=16153"}],"curies":[{"name":"wp","href":"https:\/\/api.w.org\/{rel}","templated":true}]}}