{"id":16150,"date":"2025-09-17T13:08:41","date_gmt":"2025-09-17T13:08:41","guid":{"rendered":"https:\/\/dpress.ma\/fr\/?p=16150"},"modified":"2025-09-17T13:08:45","modified_gmt":"2025-09-17T13:08:45","slug":"dakhla-une-invitation-a-decouvrir-un-ouvrage-qui-celebre-la-perle-du-sud-marocain","status":"publish","type":"post","link":"https:\/\/dpress.ma\/fr\/2025\/09\/17\/dakhla-une-invitation-a-decouvrir-un-ouvrage-qui-celebre-la-perle-du-sud-marocain\/","title":{"rendered":"\u201cDakhla, une invitation \u00e0 d\u00e9couvrir\u201d, un ouvrage qui c\u00e9l\u00e8bre la perle du Sud marocain"},"content":{"rendered":"\n<p>Dpress<\/p>\n\n\n\n<p>La jeune \u00e9crivaine Soukaina Agoujil vient de publier son premier ouvrage en langue fran\u00e7aise intitul\u00e9 \u201cDakhla, une invitation \u00e0 d\u00e9couvrir\u201d, qui propose un r\u00e9cit m\u00ealant souvenirs personnels, dimension historique et esprit litt\u00e9raire. \u00c0 travers un style narratif fluide, elle entra\u00eene le lecteur dans une immersion au c\u0153ur de Dakhla, une ville en constante \u00e9volution.<\/p>\n\n\n\n<p>\u201cCe livre n\u2019est pas seulement un r\u00e9cit historique de Dakhla, c\u2019est aussi une plong\u00e9e dans mon histoire personnelle avec cette ville que j\u2019aime tant. Chaque souvenir et chaque r\u00e9cit s\u2019entrelacent avec l\u2019\u00e9volution que conna\u00eet cette ville. C\u2019est une c\u00e9l\u00e9bration de son histoire, de sa culture et de son essor. Chaque page invite \u00e0 d\u00e9couvrir l\u2019\u00e2me de cette cit\u00e9 unique et enchanteresse\u2019\u2019, lit-on dans la pr\u00e9face du livre.<\/p>\n\n\n\n<p>La jeune auteure, qui a r\u00e9cemment couronn\u00e9 son parcours acad\u00e9mique par un master europ\u00e9en en logistique, souligne dans un entretien \u00e0 la MAP que l\u2019id\u00e9e ayant pr\u00e9sid\u00e9 \u00e0 l\u2019\u00e9criture de cet ouvrage \u00e9mane&nbsp;d\u2019une double impulsion : m\u00e9moire intime et volont\u00e9 de mettre en lumi\u00e8re la beaut\u00e9 de sa ville natale.<\/p>\n\n\n\n<p>Elle a, dans ce sens, expliqu\u00e9 que ce projet a \u00e9merg\u00e9 de ses souvenirs d\u2019enfance et de son exp\u00e9rience quotidienne \u00e0 Dakhla, mais aussi de sa d\u00e9termination \u00e0 faire conna\u00eetre son riche patrimoine historique et culturel.<\/p>\n\n\n\n<p>Publi\u00e9 r\u00e9cemment \u00e0 Dakhla, ce nouvel ouvrage de 124 pages au format moyen, disponible \u00e9galement en version num\u00e9rique sur Amazon, est structur\u00e9 en huit chapitres. L\u2019auteure y aborde successivement les dynamiques de d\u00e9veloppement dans les provinces du Sud et les mutations tous azimuts \u00e0 Dakhla.<\/p>\n\n\n\n<p>Elle s\u2019y attarde \u00e9galement sur la m\u00e9moire et les racines, son propre v\u00e9cu, les traditions et le patrimoine, ainsi que sur le r\u00f4le de Dakhla comme carrefour culturel et moteur de d\u00e9veloppement, avant de se pencher sur les chantiers enclench\u00e9s dans la ville.<\/p>\n\n\n\n<p>Dans son ouvrage, Mme Agoujil met en avant les projets d\u2019envergure ayant m\u00e9tamorphos\u00e9 la ville, citant notamment la construction du nouveau port Dakhla Atlantique, l\u2019ouverture d\u2019\u00e9tablissements universitaires et hospitaliers ainsi que le renforcement des liaisons a\u00e9riennes, autant d\u2019initiatives qui consolident l\u2019ancrage africain et international de la ville.<\/p>\n\n\n\n<p>L\u2019auteure a aussi mis en lumi\u00e8re la richesse culturelle de Dakhla, faisant observer que cette ville a su pr\u00e9server les us et coutumes ancestraux qui se manifestent \u00e0 travers l\u2019habillement, l\u2019hospitalit\u00e9 et la vie quotidienne, ce qui conf\u00e8re \u00e0 cette ville son aspect distinctif.<\/p>\n\n\n\n<p>Selon elle, cet ouvrage n\u2019est que le d\u00e9but d\u2019un parcours d\u2019\u00e9criture qu\u2019elle souhaite enrichir, afin de continuer \u00e0 mettre en valeur le rayonnement de Dakhla, qui se d\u00e9cline en un espace d\u2019inspiration, de renouvellement et d\u2019ouverture.<\/p>\n","protected":false},"excerpt":{"rendered":"<p>Dpress La jeune \u00e9crivaine Soukaina Agoujil vient de publier son premier ouvrage en langue fran\u00e7aise intitul\u00e9 \u201cDakhla, une invitation \u00e0 d\u00e9couvrir\u201d, qui propose un r\u00e9cit m\u00ealant souvenirs personnels, dimension historique et esprit litt\u00e9raire. \u00c0 travers un style narratif fluide, elle entra\u00eene le lecteur dans une immersion au c\u0153ur de Dakhla, une ville en constante \u00e9volution. &hellip;<\/p>\n","protected":false},"author":2,"featured_media":16151,"comment_status":"open","ping_status":"open","sticky":false,"template":"","format":"standard","meta":{"footnotes":""},"categories":[31],"tags":[],"class_list":["post-16150","post","type-post","status-publish","format-standard","has-post-thumbnail","hentry","category-art-et-culture"],"yoast_head":"<!-- This site is optimized with the Yoast SEO plugin v27.5 - https:\/\/yoast.com\/product\/yoast-seo-wordpress\/ -->\n<title>\u201cDakhla, une invitation \u00e0 d\u00e9couvrir\u201d, un ouvrage qui c\u00e9l\u00e8bre la perle du Sud marocain - Dpress.ma\/fr<\/title>\n<meta name=\"robots\" content=\"index, follow, max-snippet:-1, max-image-preview:large, max-video-preview:-1\" \/>\n<link rel=\"canonical\" href=\"https:\/\/dpress.ma\/fr\/2025\/09\/17\/dakhla-une-invitation-a-decouvrir-un-ouvrage-qui-celebre-la-perle-du-sud-marocain\/\" \/>\n<meta property=\"og:locale\" content=\"fr_FR\" \/>\n<meta property=\"og:type\" content=\"article\" \/>\n<meta property=\"og:title\" content=\"\u201cDakhla, une invitation \u00e0 d\u00e9couvrir\u201d, un ouvrage qui c\u00e9l\u00e8bre la perle du Sud marocain - Dpress.ma\/fr\" \/>\n<meta property=\"og:description\" content=\"Dpress La jeune \u00e9crivaine Soukaina Agoujil vient de publier son premier ouvrage en langue fran\u00e7aise intitul\u00e9 \u201cDakhla, une invitation \u00e0 d\u00e9couvrir\u201d, qui propose un r\u00e9cit m\u00ealant souvenirs personnels, dimension historique et esprit litt\u00e9raire. \u00c0 travers un style narratif fluide, elle entra\u00eene le lecteur dans une immersion au c\u0153ur de Dakhla, une ville en constante \u00e9volution. &hellip;\" \/>\n<meta property=\"og:url\" content=\"https:\/\/dpress.ma\/fr\/2025\/09\/17\/dakhla-une-invitation-a-decouvrir-un-ouvrage-qui-celebre-la-perle-du-sud-marocain\/\" \/>\n<meta property=\"og:site_name\" content=\"Dpress.ma\/fr\" \/>\n<meta property=\"article:published_time\" content=\"2025-09-17T13:08:41+00:00\" \/>\n<meta property=\"article:modified_time\" content=\"2025-09-17T13:08:45+00:00\" \/>\n<meta property=\"og:image\" content=\"https:\/\/dpress.ma\/fr\/wp-content\/uploads\/sites\/2\/2025\/09\/dimensions2-52.jpg\" \/>\n\t<meta property=\"og:image:width\" content=\"2539\" \/>\n\t<meta property=\"og:image:height\" content=\"1594\" \/>\n\t<meta property=\"og:image:type\" content=\"image\/jpeg\" \/>\n<meta name=\"author\" content=\"Dpress.ma\" \/>\n<meta name=\"twitter:card\" content=\"summary_large_image\" \/>\n<meta name=\"twitter:label1\" content=\"\u00c9crit par\" \/>\n\t<meta name=\"twitter:data1\" content=\"Dpress.ma\" \/>\n\t<meta name=\"twitter:label2\" content=\"Dur\u00e9e de lecture estim\u00e9e\" \/>\n\t<meta name=\"twitter:data2\" content=\"3 minutes\" \/>\n<script type=\"application\/ld+json\" class=\"yoast-schema-graph\">{\"@context\":\"https:\\\/\\\/schema.org\",\"@graph\":[{\"@type\":\"Article\",\"@id\":\"https:\\\/\\\/dpress.ma\\\/fr\\\/2025\\\/09\\\/17\\\/dakhla-une-invitation-a-decouvrir-un-ouvrage-qui-celebre-la-perle-du-sud-marocain\\\/#article\",\"isPartOf\":{\"@id\":\"https:\\\/\\\/dpress.ma\\\/fr\\\/2025\\\/09\\\/17\\\/dakhla-une-invitation-a-decouvrir-un-ouvrage-qui-celebre-la-perle-du-sud-marocain\\\/\"},\"author\":{\"name\":\"Dpress.ma\",\"@id\":\"https:\\\/\\\/dpress.ma\\\/fr\\\/#\\\/schema\\\/person\\\/4898febf3ccd59e6578d838656a306a0\"},\"headline\":\"\u201cDakhla, une invitation \u00e0 d\u00e9couvrir\u201d, un ouvrage qui c\u00e9l\u00e8bre la perle du Sud marocain\",\"datePublished\":\"2025-09-17T13:08:41+00:00\",\"dateModified\":\"2025-09-17T13:08:45+00:00\",\"mainEntityOfPage\":{\"@id\":\"https:\\\/\\\/dpress.ma\\\/fr\\\/2025\\\/09\\\/17\\\/dakhla-une-invitation-a-decouvrir-un-ouvrage-qui-celebre-la-perle-du-sud-marocain\\\/\"},\"wordCount\":494,\"commentCount\":0,\"image\":{\"@id\":\"https:\\\/\\\/dpress.ma\\\/fr\\\/2025\\\/09\\\/17\\\/dakhla-une-invitation-a-decouvrir-un-ouvrage-qui-celebre-la-perle-du-sud-marocain\\\/#primaryimage\"},\"thumbnailUrl\":\"https:\\\/\\\/dpress.ma\\\/fr\\\/wp-content\\\/uploads\\\/sites\\\/2\\\/2025\\\/09\\\/dimensions2-52.jpg\",\"articleSection\":[\"Art et Culture\"],\"inLanguage\":\"fr-FR\",\"potentialAction\":[{\"@type\":\"CommentAction\",\"name\":\"Comment\",\"target\":[\"https:\\\/\\\/dpress.ma\\\/fr\\\/2025\\\/09\\\/17\\\/dakhla-une-invitation-a-decouvrir-un-ouvrage-qui-celebre-la-perle-du-sud-marocain\\\/#respond\"]}]},{\"@type\":\"WebPage\",\"@id\":\"https:\\\/\\\/dpress.ma\\\/fr\\\/2025\\\/09\\\/17\\\/dakhla-une-invitation-a-decouvrir-un-ouvrage-qui-celebre-la-perle-du-sud-marocain\\\/\",\"url\":\"https:\\\/\\\/dpress.ma\\\/fr\\\/2025\\\/09\\\/17\\\/dakhla-une-invitation-a-decouvrir-un-ouvrage-qui-celebre-la-perle-du-sud-marocain\\\/\",\"name\":\"\u201cDakhla, une invitation \u00e0 d\u00e9couvrir\u201d, un ouvrage qui c\u00e9l\u00e8bre la perle du Sud marocain - Dpress.ma\\\/fr\",\"isPartOf\":{\"@id\":\"https:\\\/\\\/dpress.ma\\\/fr\\\/#website\"},\"primaryImageOfPage\":{\"@id\":\"https:\\\/\\\/dpress.ma\\\/fr\\\/2025\\\/09\\\/17\\\/dakhla-une-invitation-a-decouvrir-un-ouvrage-qui-celebre-la-perle-du-sud-marocain\\\/#primaryimage\"},\"image\":{\"@id\":\"https:\\\/\\\/dpress.ma\\\/fr\\\/2025\\\/09\\\/17\\\/dakhla-une-invitation-a-decouvrir-un-ouvrage-qui-celebre-la-perle-du-sud-marocain\\\/#primaryimage\"},\"thumbnailUrl\":\"https:\\\/\\\/dpress.ma\\\/fr\\\/wp-content\\\/uploads\\\/sites\\\/2\\\/2025\\\/09\\\/dimensions2-52.jpg\",\"datePublished\":\"2025-09-17T13:08:41+00:00\",\"dateModified\":\"2025-09-17T13:08:45+00:00\",\"author\":{\"@id\":\"https:\\\/\\\/dpress.ma\\\/fr\\\/#\\\/schema\\\/person\\\/4898febf3ccd59e6578d838656a306a0\"},\"breadcrumb\":{\"@id\":\"https:\\\/\\\/dpress.ma\\\/fr\\\/2025\\\/09\\\/17\\\/dakhla-une-invitation-a-decouvrir-un-ouvrage-qui-celebre-la-perle-du-sud-marocain\\\/#breadcrumb\"},\"inLanguage\":\"fr-FR\",\"potentialAction\":[{\"@type\":\"ReadAction\",\"target\":[\"https:\\\/\\\/dpress.ma\\\/fr\\\/2025\\\/09\\\/17\\\/dakhla-une-invitation-a-decouvrir-un-ouvrage-qui-celebre-la-perle-du-sud-marocain\\\/\"]}]},{\"@type\":\"ImageObject\",\"inLanguage\":\"fr-FR\",\"@id\":\"https:\\\/\\\/dpress.ma\\\/fr\\\/2025\\\/09\\\/17\\\/dakhla-une-invitation-a-decouvrir-un-ouvrage-qui-celebre-la-perle-du-sud-marocain\\\/#primaryimage\",\"url\":\"https:\\\/\\\/dpress.ma\\\/fr\\\/wp-content\\\/uploads\\\/sites\\\/2\\\/2025\\\/09\\\/dimensions2-52.jpg\",\"contentUrl\":\"https:\\\/\\\/dpress.ma\\\/fr\\\/wp-content\\\/uploads\\\/sites\\\/2\\\/2025\\\/09\\\/dimensions2-52.jpg\",\"width\":2539,\"height\":1594},{\"@type\":\"BreadcrumbList\",\"@id\":\"https:\\\/\\\/dpress.ma\\\/fr\\\/2025\\\/09\\\/17\\\/dakhla-une-invitation-a-decouvrir-un-ouvrage-qui-celebre-la-perle-du-sud-marocain\\\/#breadcrumb\",\"itemListElement\":[{\"@type\":\"ListItem\",\"position\":1,\"name\":\"Home\",\"item\":\"https:\\\/\\\/dpress.ma\\\/fr\\\/\"},{\"@type\":\"ListItem\",\"position\":2,\"name\":\"\u201cDakhla, une invitation \u00e0 d\u00e9couvrir\u201d, un ouvrage qui c\u00e9l\u00e8bre la perle du Sud marocain\"}]},{\"@type\":\"WebSite\",\"@id\":\"https:\\\/\\\/dpress.ma\\\/fr\\\/#website\",\"url\":\"https:\\\/\\\/dpress.ma\\\/fr\\\/\",\"name\":\"Dpress.ma\\\/fr\",\"description\":\"\",\"potentialAction\":[{\"@type\":\"SearchAction\",\"target\":{\"@type\":\"EntryPoint\",\"urlTemplate\":\"https:\\\/\\\/dpress.ma\\\/fr\\\/?s={search_term_string}\"},\"query-input\":{\"@type\":\"PropertyValueSpecification\",\"valueRequired\":true,\"valueName\":\"search_term_string\"}}],\"inLanguage\":\"fr-FR\"},{\"@type\":\"Person\",\"@id\":\"https:\\\/\\\/dpress.ma\\\/fr\\\/#\\\/schema\\\/person\\\/4898febf3ccd59e6578d838656a306a0\",\"name\":\"Dpress.ma\",\"image\":{\"@type\":\"ImageObject\",\"inLanguage\":\"fr-FR\",\"@id\":\"https:\\\/\\\/secure.gravatar.com\\\/avatar\\\/72ecc30e9db047a2e0e7176561eb9d564ed77c8108376495b19bd8336405198a?s=96&d=mm&r=g\",\"url\":\"https:\\\/\\\/secure.gravatar.com\\\/avatar\\\/72ecc30e9db047a2e0e7176561eb9d564ed77c8108376495b19bd8336405198a?s=96&d=mm&r=g\",\"contentUrl\":\"https:\\\/\\\/secure.gravatar.com\\\/avatar\\\/72ecc30e9db047a2e0e7176561eb9d564ed77c8108376495b19bd8336405198a?s=96&d=mm&r=g\",\"caption\":\"Dpress.ma\"},\"sameAs\":[\"https:\\\/\\\/www.dpress.ma\"],\"url\":\"https:\\\/\\\/dpress.ma\\\/fr\\\/author\\\/dpress-ma\\\/\"}]}<\/script>\n<!-- \/ Yoast SEO plugin. -->","yoast_head_json":{"title":"\u201cDakhla, une invitation \u00e0 d\u00e9couvrir\u201d, un ouvrage qui c\u00e9l\u00e8bre la perle du Sud marocain - Dpress.ma\/fr","robots":{"index":"index","follow":"follow","max-snippet":"max-snippet:-1","max-image-preview":"max-image-preview:large","max-video-preview":"max-video-preview:-1"},"canonical":"https:\/\/dpress.ma\/fr\/2025\/09\/17\/dakhla-une-invitation-a-decouvrir-un-ouvrage-qui-celebre-la-perle-du-sud-marocain\/","og_locale":"fr_FR","og_type":"article","og_title":"\u201cDakhla, une invitation \u00e0 d\u00e9couvrir\u201d, un ouvrage qui c\u00e9l\u00e8bre la perle du Sud marocain - Dpress.ma\/fr","og_description":"Dpress La jeune \u00e9crivaine Soukaina Agoujil vient de publier son premier ouvrage en langue fran\u00e7aise intitul\u00e9 \u201cDakhla, une invitation \u00e0 d\u00e9couvrir\u201d, qui propose un r\u00e9cit m\u00ealant souvenirs personnels, dimension historique et esprit litt\u00e9raire. \u00c0 travers un style narratif fluide, elle entra\u00eene le lecteur dans une immersion au c\u0153ur de Dakhla, une ville en constante \u00e9volution. &hellip;","og_url":"https:\/\/dpress.ma\/fr\/2025\/09\/17\/dakhla-une-invitation-a-decouvrir-un-ouvrage-qui-celebre-la-perle-du-sud-marocain\/","og_site_name":"Dpress.ma\/fr","article_published_time":"2025-09-17T13:08:41+00:00","article_modified_time":"2025-09-17T13:08:45+00:00","og_image":[{"width":2539,"height":1594,"url":"https:\/\/dpress.ma\/fr\/wp-content\/uploads\/sites\/2\/2025\/09\/dimensions2-52.jpg","type":"image\/jpeg"}],"author":"Dpress.ma","twitter_card":"summary_large_image","twitter_misc":{"\u00c9crit par":"Dpress.ma","Dur\u00e9e de lecture estim\u00e9e":"3 minutes"},"schema":{"@context":"https:\/\/schema.org","@graph":[{"@type":"Article","@id":"https:\/\/dpress.ma\/fr\/2025\/09\/17\/dakhla-une-invitation-a-decouvrir-un-ouvrage-qui-celebre-la-perle-du-sud-marocain\/#article","isPartOf":{"@id":"https:\/\/dpress.ma\/fr\/2025\/09\/17\/dakhla-une-invitation-a-decouvrir-un-ouvrage-qui-celebre-la-perle-du-sud-marocain\/"},"author":{"name":"Dpress.ma","@id":"https:\/\/dpress.ma\/fr\/#\/schema\/person\/4898febf3ccd59e6578d838656a306a0"},"headline":"\u201cDakhla, une invitation \u00e0 d\u00e9couvrir\u201d, un ouvrage qui c\u00e9l\u00e8bre la perle du Sud marocain","datePublished":"2025-09-17T13:08:41+00:00","dateModified":"2025-09-17T13:08:45+00:00","mainEntityOfPage":{"@id":"https:\/\/dpress.ma\/fr\/2025\/09\/17\/dakhla-une-invitation-a-decouvrir-un-ouvrage-qui-celebre-la-perle-du-sud-marocain\/"},"wordCount":494,"commentCount":0,"image":{"@id":"https:\/\/dpress.ma\/fr\/2025\/09\/17\/dakhla-une-invitation-a-decouvrir-un-ouvrage-qui-celebre-la-perle-du-sud-marocain\/#primaryimage"},"thumbnailUrl":"https:\/\/dpress.ma\/fr\/wp-content\/uploads\/sites\/2\/2025\/09\/dimensions2-52.jpg","articleSection":["Art et Culture"],"inLanguage":"fr-FR","potentialAction":[{"@type":"CommentAction","name":"Comment","target":["https:\/\/dpress.ma\/fr\/2025\/09\/17\/dakhla-une-invitation-a-decouvrir-un-ouvrage-qui-celebre-la-perle-du-sud-marocain\/#respond"]}]},{"@type":"WebPage","@id":"https:\/\/dpress.ma\/fr\/2025\/09\/17\/dakhla-une-invitation-a-decouvrir-un-ouvrage-qui-celebre-la-perle-du-sud-marocain\/","url":"https:\/\/dpress.ma\/fr\/2025\/09\/17\/dakhla-une-invitation-a-decouvrir-un-ouvrage-qui-celebre-la-perle-du-sud-marocain\/","name":"\u201cDakhla, une invitation \u00e0 d\u00e9couvrir\u201d, un ouvrage qui c\u00e9l\u00e8bre la perle du Sud marocain - Dpress.ma\/fr","isPartOf":{"@id":"https:\/\/dpress.ma\/fr\/#website"},"primaryImageOfPage":{"@id":"https:\/\/dpress.ma\/fr\/2025\/09\/17\/dakhla-une-invitation-a-decouvrir-un-ouvrage-qui-celebre-la-perle-du-sud-marocain\/#primaryimage"},"image":{"@id":"https:\/\/dpress.ma\/fr\/2025\/09\/17\/dakhla-une-invitation-a-decouvrir-un-ouvrage-qui-celebre-la-perle-du-sud-marocain\/#primaryimage"},"thumbnailUrl":"https:\/\/dpress.ma\/fr\/wp-content\/uploads\/sites\/2\/2025\/09\/dimensions2-52.jpg","datePublished":"2025-09-17T13:08:41+00:00","dateModified":"2025-09-17T13:08:45+00:00","author":{"@id":"https:\/\/dpress.ma\/fr\/#\/schema\/person\/4898febf3ccd59e6578d838656a306a0"},"breadcrumb":{"@id":"https:\/\/dpress.ma\/fr\/2025\/09\/17\/dakhla-une-invitation-a-decouvrir-un-ouvrage-qui-celebre-la-perle-du-sud-marocain\/#breadcrumb"},"inLanguage":"fr-FR","potentialAction":[{"@type":"ReadAction","target":["https:\/\/dpress.ma\/fr\/2025\/09\/17\/dakhla-une-invitation-a-decouvrir-un-ouvrage-qui-celebre-la-perle-du-sud-marocain\/"]}]},{"@type":"ImageObject","inLanguage":"fr-FR","@id":"https:\/\/dpress.ma\/fr\/2025\/09\/17\/dakhla-une-invitation-a-decouvrir-un-ouvrage-qui-celebre-la-perle-du-sud-marocain\/#primaryimage","url":"https:\/\/dpress.ma\/fr\/wp-content\/uploads\/sites\/2\/2025\/09\/dimensions2-52.jpg","contentUrl":"https:\/\/dpress.ma\/fr\/wp-content\/uploads\/sites\/2\/2025\/09\/dimensions2-52.jpg","width":2539,"height":1594},{"@type":"BreadcrumbList","@id":"https:\/\/dpress.ma\/fr\/2025\/09\/17\/dakhla-une-invitation-a-decouvrir-un-ouvrage-qui-celebre-la-perle-du-sud-marocain\/#breadcrumb","itemListElement":[{"@type":"ListItem","position":1,"name":"Home","item":"https:\/\/dpress.ma\/fr\/"},{"@type":"ListItem","position":2,"name":"\u201cDakhla, une invitation \u00e0 d\u00e9couvrir\u201d, un ouvrage qui c\u00e9l\u00e8bre la perle du Sud marocain"}]},{"@type":"WebSite","@id":"https:\/\/dpress.ma\/fr\/#website","url":"https:\/\/dpress.ma\/fr\/","name":"Dpress.ma\/fr","description":"","potentialAction":[{"@type":"SearchAction","target":{"@type":"EntryPoint","urlTemplate":"https:\/\/dpress.ma\/fr\/?s={search_term_string}"},"query-input":{"@type":"PropertyValueSpecification","valueRequired":true,"valueName":"search_term_string"}}],"inLanguage":"fr-FR"},{"@type":"Person","@id":"https:\/\/dpress.ma\/fr\/#\/schema\/person\/4898febf3ccd59e6578d838656a306a0","name":"Dpress.ma","image":{"@type":"ImageObject","inLanguage":"fr-FR","@id":"https:\/\/secure.gravatar.com\/avatar\/72ecc30e9db047a2e0e7176561eb9d564ed77c8108376495b19bd8336405198a?s=96&d=mm&r=g","url":"https:\/\/secure.gravatar.com\/avatar\/72ecc30e9db047a2e0e7176561eb9d564ed77c8108376495b19bd8336405198a?s=96&d=mm&r=g","contentUrl":"https:\/\/secure.gravatar.com\/avatar\/72ecc30e9db047a2e0e7176561eb9d564ed77c8108376495b19bd8336405198a?s=96&d=mm&r=g","caption":"Dpress.ma"},"sameAs":["https:\/\/www.dpress.ma"],"url":"https:\/\/dpress.ma\/fr\/author\/dpress-ma\/"}]}},"amp_enabled":true,"_links":{"self":[{"href":"https:\/\/dpress.ma\/fr\/wp-json\/wp\/v2\/posts\/16150","targetHints":{"allow":["GET"]}}],"collection":[{"href":"https:\/\/dpress.ma\/fr\/wp-json\/wp\/v2\/posts"}],"about":[{"href":"https:\/\/dpress.ma\/fr\/wp-json\/wp\/v2\/types\/post"}],"author":[{"embeddable":true,"href":"https:\/\/dpress.ma\/fr\/wp-json\/wp\/v2\/users\/2"}],"replies":[{"embeddable":true,"href":"https:\/\/dpress.ma\/fr\/wp-json\/wp\/v2\/comments?post=16150"}],"version-history":[{"count":1,"href":"https:\/\/dpress.ma\/fr\/wp-json\/wp\/v2\/posts\/16150\/revisions"}],"predecessor-version":[{"id":16152,"href":"https:\/\/dpress.ma\/fr\/wp-json\/wp\/v2\/posts\/16150\/revisions\/16152"}],"wp:featuredmedia":[{"embeddable":true,"href":"https:\/\/dpress.ma\/fr\/wp-json\/wp\/v2\/media\/16151"}],"wp:attachment":[{"href":"https:\/\/dpress.ma\/fr\/wp-json\/wp\/v2\/media?parent=16150"}],"wp:term":[{"taxonomy":"category","embeddable":true,"href":"https:\/\/dpress.ma\/fr\/wp-json\/wp\/v2\/categories?post=16150"},{"taxonomy":"post_tag","embeddable":true,"href":"https:\/\/dpress.ma\/fr\/wp-json\/wp\/v2\/tags?post=16150"}],"curies":[{"name":"wp","href":"https:\/\/api.w.org\/{rel}","templated":true}]}}