{"id":16146,"date":"2025-09-17T11:21:01","date_gmt":"2025-09-17T11:21:01","guid":{"rendered":"https:\/\/dpress.ma\/fr\/?p=16146"},"modified":"2025-09-17T11:21:02","modified_gmt":"2025-09-17T11:21:02","slug":"averses-orageuses-localement-fortes-avec-rafales-de-vent-ce-mercredi-bulletin-dalerte","status":"publish","type":"post","link":"https:\/\/dpress.ma\/fr\/2025\/09\/17\/averses-orageuses-localement-fortes-avec-rafales-de-vent-ce-mercredi-bulletin-dalerte\/","title":{"rendered":"Averses orageuses localement fortes avec rafales de vent ce mercredi (bulletin d\u2019alerte)"},"content":{"rendered":"\n<p>Dpress<\/p>\n\n\n\n<p>Des averses orageuses localement fortes avec rafales de vent sous orages sont attendues ce mercredi dans certaines provinces du Royaume, a annonc\u00e9 la Direction g\u00e9n\u00e9rale de la m\u00e9t\u00e9orologie (DGM).<\/p>\n\n\n\n<p>Ces averses orageuses (20 \u00e0 30 mm) sont pr\u00e9vues de 14h \u00e0 21h dans les provinces de&nbsp;Midelt, Marrakech, Azilal, Al Haouz, Taroudant, B\u00e9ni Mellal,&nbsp;Rehamna et Chichaoua, pr\u00e9cise la DGM dans un bulletin d\u2019alerte&nbsp;m\u00e9t\u00e9orologique de niveau de vigilance orange.<\/p>\n","protected":false},"excerpt":{"rendered":"<p>Dpress Des averses orageuses localement fortes avec rafales de vent sous orages sont attendues ce mercredi dans certaines provinces du Royaume, a annonc\u00e9 la Direction g\u00e9n\u00e9rale de la m\u00e9t\u00e9orologie (DGM). Ces averses orageuses (20 \u00e0 30 mm) sont pr\u00e9vues de 14h \u00e0 21h dans les provinces de&nbsp;Midelt, Marrakech, Azilal, Al Haouz, Taroudant, B\u00e9ni Mellal,&nbsp;Rehamna et &hellip;<\/p>\n","protected":false},"author":2,"featured_media":16148,"comment_status":"open","ping_status":"open","sticky":false,"template":"","format":"standard","meta":{"footnotes":""},"categories":[40],"tags":[],"class_list":["post-16146","post","type-post","status-publish","format-standard","has-post-thumbnail","hentry","category-societe-et-regions"],"yoast_head":"<!-- This site is optimized with the Yoast SEO plugin v27.5 - https:\/\/yoast.com\/product\/yoast-seo-wordpress\/ -->\n<title>Averses orageuses localement fortes avec rafales de vent ce mercredi (bulletin d\u2019alerte) - Dpress.ma\/fr<\/title>\n<meta name=\"robots\" content=\"index, follow, max-snippet:-1, max-image-preview:large, max-video-preview:-1\" \/>\n<link rel=\"canonical\" href=\"https:\/\/dpress.ma\/fr\/2025\/09\/17\/averses-orageuses-localement-fortes-avec-rafales-de-vent-ce-mercredi-bulletin-dalerte\/\" \/>\n<meta property=\"og:locale\" content=\"fr_FR\" \/>\n<meta property=\"og:type\" content=\"article\" \/>\n<meta property=\"og:title\" content=\"Averses orageuses localement fortes avec rafales de vent ce mercredi (bulletin d\u2019alerte) - Dpress.ma\/fr\" \/>\n<meta property=\"og:description\" content=\"Dpress Des averses orageuses localement fortes avec rafales de vent sous orages sont attendues ce mercredi dans certaines provinces du Royaume, a annonc\u00e9 la Direction g\u00e9n\u00e9rale de la m\u00e9t\u00e9orologie (DGM). Ces averses orageuses (20 \u00e0 30 mm) sont pr\u00e9vues de 14h \u00e0 21h dans les provinces de&nbsp;Midelt, Marrakech, Azilal, Al Haouz, Taroudant, B\u00e9ni Mellal,&nbsp;Rehamna et &hellip;\" \/>\n<meta property=\"og:url\" content=\"https:\/\/dpress.ma\/fr\/2025\/09\/17\/averses-orageuses-localement-fortes-avec-rafales-de-vent-ce-mercredi-bulletin-dalerte\/\" \/>\n<meta property=\"og:site_name\" content=\"Dpress.ma\/fr\" \/>\n<meta property=\"article:published_time\" content=\"2025-09-17T11:21:01+00:00\" \/>\n<meta property=\"article:modified_time\" content=\"2025-09-17T11:21:02+00:00\" \/>\n<meta property=\"og:image\" content=\"https:\/\/dpress.ma\/fr\/wp-content\/uploads\/sites\/2\/2025\/09\/dimensions2-51.jpg\" \/>\n\t<meta property=\"og:image:width\" content=\"2539\" \/>\n\t<meta property=\"og:image:height\" content=\"1594\" \/>\n\t<meta property=\"og:image:type\" content=\"image\/jpeg\" \/>\n<meta name=\"author\" content=\"Dpress.ma\" \/>\n<meta name=\"twitter:card\" content=\"summary_large_image\" \/>\n<meta name=\"twitter:label1\" content=\"\u00c9crit par\" \/>\n\t<meta name=\"twitter:data1\" content=\"Dpress.ma\" \/>\n\t<meta name=\"twitter:label2\" content=\"Dur\u00e9e de lecture estim\u00e9e\" \/>\n\t<meta name=\"twitter:data2\" content=\"1 minute\" \/>\n<script type=\"application\/ld+json\" class=\"yoast-schema-graph\">{\"@context\":\"https:\\\/\\\/schema.org\",\"@graph\":[{\"@type\":\"Article\",\"@id\":\"https:\\\/\\\/dpress.ma\\\/fr\\\/2025\\\/09\\\/17\\\/averses-orageuses-localement-fortes-avec-rafales-de-vent-ce-mercredi-bulletin-dalerte\\\/#article\",\"isPartOf\":{\"@id\":\"https:\\\/\\\/dpress.ma\\\/fr\\\/2025\\\/09\\\/17\\\/averses-orageuses-localement-fortes-avec-rafales-de-vent-ce-mercredi-bulletin-dalerte\\\/\"},\"author\":{\"name\":\"Dpress.ma\",\"@id\":\"https:\\\/\\\/dpress.ma\\\/fr\\\/#\\\/schema\\\/person\\\/4898febf3ccd59e6578d838656a306a0\"},\"headline\":\"Averses orageuses localement fortes avec rafales de vent ce mercredi (bulletin d\u2019alerte)\",\"datePublished\":\"2025-09-17T11:21:01+00:00\",\"dateModified\":\"2025-09-17T11:21:02+00:00\",\"mainEntityOfPage\":{\"@id\":\"https:\\\/\\\/dpress.ma\\\/fr\\\/2025\\\/09\\\/17\\\/averses-orageuses-localement-fortes-avec-rafales-de-vent-ce-mercredi-bulletin-dalerte\\\/\"},\"wordCount\":93,\"commentCount\":0,\"image\":{\"@id\":\"https:\\\/\\\/dpress.ma\\\/fr\\\/2025\\\/09\\\/17\\\/averses-orageuses-localement-fortes-avec-rafales-de-vent-ce-mercredi-bulletin-dalerte\\\/#primaryimage\"},\"thumbnailUrl\":\"https:\\\/\\\/dpress.ma\\\/fr\\\/wp-content\\\/uploads\\\/sites\\\/2\\\/2025\\\/09\\\/dimensions2-51.jpg\",\"articleSection\":[\"societe et regions\"],\"inLanguage\":\"fr-FR\",\"potentialAction\":[{\"@type\":\"CommentAction\",\"name\":\"Comment\",\"target\":[\"https:\\\/\\\/dpress.ma\\\/fr\\\/2025\\\/09\\\/17\\\/averses-orageuses-localement-fortes-avec-rafales-de-vent-ce-mercredi-bulletin-dalerte\\\/#respond\"]}]},{\"@type\":\"WebPage\",\"@id\":\"https:\\\/\\\/dpress.ma\\\/fr\\\/2025\\\/09\\\/17\\\/averses-orageuses-localement-fortes-avec-rafales-de-vent-ce-mercredi-bulletin-dalerte\\\/\",\"url\":\"https:\\\/\\\/dpress.ma\\\/fr\\\/2025\\\/09\\\/17\\\/averses-orageuses-localement-fortes-avec-rafales-de-vent-ce-mercredi-bulletin-dalerte\\\/\",\"name\":\"Averses orageuses localement fortes avec rafales de vent ce mercredi (bulletin d\u2019alerte) - Dpress.ma\\\/fr\",\"isPartOf\":{\"@id\":\"https:\\\/\\\/dpress.ma\\\/fr\\\/#website\"},\"primaryImageOfPage\":{\"@id\":\"https:\\\/\\\/dpress.ma\\\/fr\\\/2025\\\/09\\\/17\\\/averses-orageuses-localement-fortes-avec-rafales-de-vent-ce-mercredi-bulletin-dalerte\\\/#primaryimage\"},\"image\":{\"@id\":\"https:\\\/\\\/dpress.ma\\\/fr\\\/2025\\\/09\\\/17\\\/averses-orageuses-localement-fortes-avec-rafales-de-vent-ce-mercredi-bulletin-dalerte\\\/#primaryimage\"},\"thumbnailUrl\":\"https:\\\/\\\/dpress.ma\\\/fr\\\/wp-content\\\/uploads\\\/sites\\\/2\\\/2025\\\/09\\\/dimensions2-51.jpg\",\"datePublished\":\"2025-09-17T11:21:01+00:00\",\"dateModified\":\"2025-09-17T11:21:02+00:00\",\"author\":{\"@id\":\"https:\\\/\\\/dpress.ma\\\/fr\\\/#\\\/schema\\\/person\\\/4898febf3ccd59e6578d838656a306a0\"},\"breadcrumb\":{\"@id\":\"https:\\\/\\\/dpress.ma\\\/fr\\\/2025\\\/09\\\/17\\\/averses-orageuses-localement-fortes-avec-rafales-de-vent-ce-mercredi-bulletin-dalerte\\\/#breadcrumb\"},\"inLanguage\":\"fr-FR\",\"potentialAction\":[{\"@type\":\"ReadAction\",\"target\":[\"https:\\\/\\\/dpress.ma\\\/fr\\\/2025\\\/09\\\/17\\\/averses-orageuses-localement-fortes-avec-rafales-de-vent-ce-mercredi-bulletin-dalerte\\\/\"]}]},{\"@type\":\"ImageObject\",\"inLanguage\":\"fr-FR\",\"@id\":\"https:\\\/\\\/dpress.ma\\\/fr\\\/2025\\\/09\\\/17\\\/averses-orageuses-localement-fortes-avec-rafales-de-vent-ce-mercredi-bulletin-dalerte\\\/#primaryimage\",\"url\":\"https:\\\/\\\/dpress.ma\\\/fr\\\/wp-content\\\/uploads\\\/sites\\\/2\\\/2025\\\/09\\\/dimensions2-51.jpg\",\"contentUrl\":\"https:\\\/\\\/dpress.ma\\\/fr\\\/wp-content\\\/uploads\\\/sites\\\/2\\\/2025\\\/09\\\/dimensions2-51.jpg\",\"width\":2539,\"height\":1594},{\"@type\":\"BreadcrumbList\",\"@id\":\"https:\\\/\\\/dpress.ma\\\/fr\\\/2025\\\/09\\\/17\\\/averses-orageuses-localement-fortes-avec-rafales-de-vent-ce-mercredi-bulletin-dalerte\\\/#breadcrumb\",\"itemListElement\":[{\"@type\":\"ListItem\",\"position\":1,\"name\":\"Home\",\"item\":\"https:\\\/\\\/dpress.ma\\\/fr\\\/\"},{\"@type\":\"ListItem\",\"position\":2,\"name\":\"Averses orageuses localement fortes avec rafales de vent ce mercredi (bulletin d\u2019alerte)\"}]},{\"@type\":\"WebSite\",\"@id\":\"https:\\\/\\\/dpress.ma\\\/fr\\\/#website\",\"url\":\"https:\\\/\\\/dpress.ma\\\/fr\\\/\",\"name\":\"Dpress.ma\\\/fr\",\"description\":\"\",\"potentialAction\":[{\"@type\":\"SearchAction\",\"target\":{\"@type\":\"EntryPoint\",\"urlTemplate\":\"https:\\\/\\\/dpress.ma\\\/fr\\\/?s={search_term_string}\"},\"query-input\":{\"@type\":\"PropertyValueSpecification\",\"valueRequired\":true,\"valueName\":\"search_term_string\"}}],\"inLanguage\":\"fr-FR\"},{\"@type\":\"Person\",\"@id\":\"https:\\\/\\\/dpress.ma\\\/fr\\\/#\\\/schema\\\/person\\\/4898febf3ccd59e6578d838656a306a0\",\"name\":\"Dpress.ma\",\"image\":{\"@type\":\"ImageObject\",\"inLanguage\":\"fr-FR\",\"@id\":\"https:\\\/\\\/secure.gravatar.com\\\/avatar\\\/72ecc30e9db047a2e0e7176561eb9d564ed77c8108376495b19bd8336405198a?s=96&d=mm&r=g\",\"url\":\"https:\\\/\\\/secure.gravatar.com\\\/avatar\\\/72ecc30e9db047a2e0e7176561eb9d564ed77c8108376495b19bd8336405198a?s=96&d=mm&r=g\",\"contentUrl\":\"https:\\\/\\\/secure.gravatar.com\\\/avatar\\\/72ecc30e9db047a2e0e7176561eb9d564ed77c8108376495b19bd8336405198a?s=96&d=mm&r=g\",\"caption\":\"Dpress.ma\"},\"sameAs\":[\"https:\\\/\\\/www.dpress.ma\"],\"url\":\"https:\\\/\\\/dpress.ma\\\/fr\\\/author\\\/dpress-ma\\\/\"}]}<\/script>\n<!-- \/ Yoast SEO plugin. -->","yoast_head_json":{"title":"Averses orageuses localement fortes avec rafales de vent ce mercredi (bulletin d\u2019alerte) - Dpress.ma\/fr","robots":{"index":"index","follow":"follow","max-snippet":"max-snippet:-1","max-image-preview":"max-image-preview:large","max-video-preview":"max-video-preview:-1"},"canonical":"https:\/\/dpress.ma\/fr\/2025\/09\/17\/averses-orageuses-localement-fortes-avec-rafales-de-vent-ce-mercredi-bulletin-dalerte\/","og_locale":"fr_FR","og_type":"article","og_title":"Averses orageuses localement fortes avec rafales de vent ce mercredi (bulletin d\u2019alerte) - Dpress.ma\/fr","og_description":"Dpress Des averses orageuses localement fortes avec rafales de vent sous orages sont attendues ce mercredi dans certaines provinces du Royaume, a annonc\u00e9 la Direction g\u00e9n\u00e9rale de la m\u00e9t\u00e9orologie (DGM). Ces averses orageuses (20 \u00e0 30 mm) sont pr\u00e9vues de 14h \u00e0 21h dans les provinces de&nbsp;Midelt, Marrakech, Azilal, Al Haouz, Taroudant, B\u00e9ni Mellal,&nbsp;Rehamna et &hellip;","og_url":"https:\/\/dpress.ma\/fr\/2025\/09\/17\/averses-orageuses-localement-fortes-avec-rafales-de-vent-ce-mercredi-bulletin-dalerte\/","og_site_name":"Dpress.ma\/fr","article_published_time":"2025-09-17T11:21:01+00:00","article_modified_time":"2025-09-17T11:21:02+00:00","og_image":[{"width":2539,"height":1594,"url":"https:\/\/dpress.ma\/fr\/wp-content\/uploads\/sites\/2\/2025\/09\/dimensions2-51.jpg","type":"image\/jpeg"}],"author":"Dpress.ma","twitter_card":"summary_large_image","twitter_misc":{"\u00c9crit par":"Dpress.ma","Dur\u00e9e de lecture estim\u00e9e":"1 minute"},"schema":{"@context":"https:\/\/schema.org","@graph":[{"@type":"Article","@id":"https:\/\/dpress.ma\/fr\/2025\/09\/17\/averses-orageuses-localement-fortes-avec-rafales-de-vent-ce-mercredi-bulletin-dalerte\/#article","isPartOf":{"@id":"https:\/\/dpress.ma\/fr\/2025\/09\/17\/averses-orageuses-localement-fortes-avec-rafales-de-vent-ce-mercredi-bulletin-dalerte\/"},"author":{"name":"Dpress.ma","@id":"https:\/\/dpress.ma\/fr\/#\/schema\/person\/4898febf3ccd59e6578d838656a306a0"},"headline":"Averses orageuses localement fortes avec rafales de vent ce mercredi (bulletin d\u2019alerte)","datePublished":"2025-09-17T11:21:01+00:00","dateModified":"2025-09-17T11:21:02+00:00","mainEntityOfPage":{"@id":"https:\/\/dpress.ma\/fr\/2025\/09\/17\/averses-orageuses-localement-fortes-avec-rafales-de-vent-ce-mercredi-bulletin-dalerte\/"},"wordCount":93,"commentCount":0,"image":{"@id":"https:\/\/dpress.ma\/fr\/2025\/09\/17\/averses-orageuses-localement-fortes-avec-rafales-de-vent-ce-mercredi-bulletin-dalerte\/#primaryimage"},"thumbnailUrl":"https:\/\/dpress.ma\/fr\/wp-content\/uploads\/sites\/2\/2025\/09\/dimensions2-51.jpg","articleSection":["societe et regions"],"inLanguage":"fr-FR","potentialAction":[{"@type":"CommentAction","name":"Comment","target":["https:\/\/dpress.ma\/fr\/2025\/09\/17\/averses-orageuses-localement-fortes-avec-rafales-de-vent-ce-mercredi-bulletin-dalerte\/#respond"]}]},{"@type":"WebPage","@id":"https:\/\/dpress.ma\/fr\/2025\/09\/17\/averses-orageuses-localement-fortes-avec-rafales-de-vent-ce-mercredi-bulletin-dalerte\/","url":"https:\/\/dpress.ma\/fr\/2025\/09\/17\/averses-orageuses-localement-fortes-avec-rafales-de-vent-ce-mercredi-bulletin-dalerte\/","name":"Averses orageuses localement fortes avec rafales de vent ce mercredi (bulletin d\u2019alerte) - Dpress.ma\/fr","isPartOf":{"@id":"https:\/\/dpress.ma\/fr\/#website"},"primaryImageOfPage":{"@id":"https:\/\/dpress.ma\/fr\/2025\/09\/17\/averses-orageuses-localement-fortes-avec-rafales-de-vent-ce-mercredi-bulletin-dalerte\/#primaryimage"},"image":{"@id":"https:\/\/dpress.ma\/fr\/2025\/09\/17\/averses-orageuses-localement-fortes-avec-rafales-de-vent-ce-mercredi-bulletin-dalerte\/#primaryimage"},"thumbnailUrl":"https:\/\/dpress.ma\/fr\/wp-content\/uploads\/sites\/2\/2025\/09\/dimensions2-51.jpg","datePublished":"2025-09-17T11:21:01+00:00","dateModified":"2025-09-17T11:21:02+00:00","author":{"@id":"https:\/\/dpress.ma\/fr\/#\/schema\/person\/4898febf3ccd59e6578d838656a306a0"},"breadcrumb":{"@id":"https:\/\/dpress.ma\/fr\/2025\/09\/17\/averses-orageuses-localement-fortes-avec-rafales-de-vent-ce-mercredi-bulletin-dalerte\/#breadcrumb"},"inLanguage":"fr-FR","potentialAction":[{"@type":"ReadAction","target":["https:\/\/dpress.ma\/fr\/2025\/09\/17\/averses-orageuses-localement-fortes-avec-rafales-de-vent-ce-mercredi-bulletin-dalerte\/"]}]},{"@type":"ImageObject","inLanguage":"fr-FR","@id":"https:\/\/dpress.ma\/fr\/2025\/09\/17\/averses-orageuses-localement-fortes-avec-rafales-de-vent-ce-mercredi-bulletin-dalerte\/#primaryimage","url":"https:\/\/dpress.ma\/fr\/wp-content\/uploads\/sites\/2\/2025\/09\/dimensions2-51.jpg","contentUrl":"https:\/\/dpress.ma\/fr\/wp-content\/uploads\/sites\/2\/2025\/09\/dimensions2-51.jpg","width":2539,"height":1594},{"@type":"BreadcrumbList","@id":"https:\/\/dpress.ma\/fr\/2025\/09\/17\/averses-orageuses-localement-fortes-avec-rafales-de-vent-ce-mercredi-bulletin-dalerte\/#breadcrumb","itemListElement":[{"@type":"ListItem","position":1,"name":"Home","item":"https:\/\/dpress.ma\/fr\/"},{"@type":"ListItem","position":2,"name":"Averses orageuses localement fortes avec rafales de vent ce mercredi (bulletin d\u2019alerte)"}]},{"@type":"WebSite","@id":"https:\/\/dpress.ma\/fr\/#website","url":"https:\/\/dpress.ma\/fr\/","name":"Dpress.ma\/fr","description":"","potentialAction":[{"@type":"SearchAction","target":{"@type":"EntryPoint","urlTemplate":"https:\/\/dpress.ma\/fr\/?s={search_term_string}"},"query-input":{"@type":"PropertyValueSpecification","valueRequired":true,"valueName":"search_term_string"}}],"inLanguage":"fr-FR"},{"@type":"Person","@id":"https:\/\/dpress.ma\/fr\/#\/schema\/person\/4898febf3ccd59e6578d838656a306a0","name":"Dpress.ma","image":{"@type":"ImageObject","inLanguage":"fr-FR","@id":"https:\/\/secure.gravatar.com\/avatar\/72ecc30e9db047a2e0e7176561eb9d564ed77c8108376495b19bd8336405198a?s=96&d=mm&r=g","url":"https:\/\/secure.gravatar.com\/avatar\/72ecc30e9db047a2e0e7176561eb9d564ed77c8108376495b19bd8336405198a?s=96&d=mm&r=g","contentUrl":"https:\/\/secure.gravatar.com\/avatar\/72ecc30e9db047a2e0e7176561eb9d564ed77c8108376495b19bd8336405198a?s=96&d=mm&r=g","caption":"Dpress.ma"},"sameAs":["https:\/\/www.dpress.ma"],"url":"https:\/\/dpress.ma\/fr\/author\/dpress-ma\/"}]}},"amp_enabled":true,"_links":{"self":[{"href":"https:\/\/dpress.ma\/fr\/wp-json\/wp\/v2\/posts\/16146","targetHints":{"allow":["GET"]}}],"collection":[{"href":"https:\/\/dpress.ma\/fr\/wp-json\/wp\/v2\/posts"}],"about":[{"href":"https:\/\/dpress.ma\/fr\/wp-json\/wp\/v2\/types\/post"}],"author":[{"embeddable":true,"href":"https:\/\/dpress.ma\/fr\/wp-json\/wp\/v2\/users\/2"}],"replies":[{"embeddable":true,"href":"https:\/\/dpress.ma\/fr\/wp-json\/wp\/v2\/comments?post=16146"}],"version-history":[{"count":1,"href":"https:\/\/dpress.ma\/fr\/wp-json\/wp\/v2\/posts\/16146\/revisions"}],"predecessor-version":[{"id":16149,"href":"https:\/\/dpress.ma\/fr\/wp-json\/wp\/v2\/posts\/16146\/revisions\/16149"}],"wp:featuredmedia":[{"embeddable":true,"href":"https:\/\/dpress.ma\/fr\/wp-json\/wp\/v2\/media\/16148"}],"wp:attachment":[{"href":"https:\/\/dpress.ma\/fr\/wp-json\/wp\/v2\/media?parent=16146"}],"wp:term":[{"taxonomy":"category","embeddable":true,"href":"https:\/\/dpress.ma\/fr\/wp-json\/wp\/v2\/categories?post=16146"},{"taxonomy":"post_tag","embeddable":true,"href":"https:\/\/dpress.ma\/fr\/wp-json\/wp\/v2\/tags?post=16146"}],"curies":[{"name":"wp","href":"https:\/\/api.w.org\/{rel}","templated":true}]}}