{"id":16137,"date":"2025-09-17T09:09:32","date_gmt":"2025-09-17T09:09:32","guid":{"rendered":"https:\/\/dpress.ma\/fr\/?p=16137"},"modified":"2025-09-17T09:09:33","modified_gmt":"2025-09-17T09:09:33","slug":"nouakchott-hommage-aux-laureats-du-2e-concours-de-la-fondation-mohammed-vi-des-oulema-africains-du-hadith-nabawi-acharif","status":"publish","type":"post","link":"https:\/\/dpress.ma\/fr\/2025\/09\/17\/nouakchott-hommage-aux-laureats-du-2e-concours-de-la-fondation-mohammed-vi-des-oulema-africains-du-hadith-nabawi-acharif\/","title":{"rendered":"Nouakchott: hommage aux laur\u00e9ats du 2e Concours de la Fondation Mohammed VI des Oul\u00e9ma africains du Hadith Nabawi Acharif"},"content":{"rendered":"\n<p>Dpress<\/p>\n\n\n\n<p>&nbsp;Une c\u00e9r\u00e9monie a \u00e9t\u00e9 organis\u00e9e, lundi soir \u00e0 Nouakchott, en hommage aux laur\u00e9ats de la 2e \u00e9dition du Concours de la Fondation Mohammed VI des Oul\u00e9ma africains du Hadith Nabawi Acharif, qui a connu la participation de 413 candidats.<\/p>\n\n\n\n<p>Cette c\u00e9r\u00e9monie s\u2019est d\u00e9roul\u00e9e en pr\u00e9sence notamment de l\u2019ambassadeur du Maroc \u00e0 Nouakchott, Hamid Chabar, du secr\u00e9taire g\u00e9n\u00e9ral du minist\u00e8re mauritanien des Affaires islamiques et de l\u2019Enseignement originel, Baitallah Ould Ahmed Lessouad, ainsi que du responsable de la section mauritanienne de la Fondation, Cheikh Bouna Oumar Ly.<\/p>\n\n\n\n<p>\u00c0 cette occasion, les trois premiers laur\u00e9ats de chaque cat\u00e9gorie du concours ont \u00e9t\u00e9 r\u00e9compens\u00e9s.<\/p>\n\n\n\n<p>Les candidats ont concouru dans trois cat\u00e9gories, \u00e0 savoir la m\u00e9morisation de 40 hadiths, de leur cha\u00eene de transmission et de leur texte, la r\u00e9citation de 35 hadiths, la mention du transmetteur et la compr\u00e9hension du sens des mots, et enfin la m\u00e9morisation de 25 hadiths portant sur des d\u00e9cisions de justice, explication de leurs avantages jurisprudentiels.<\/p>\n\n\n\n<p>Les laur\u00e9ats dans les trois cat\u00e9gories repr\u00e9senteront la Mauritanie lors des phases continentales \u00e9liminatoires, auxquelles prendront part des candidats issus de 48 pays, en vue de remporter le Grand Prix de la Fondation Mohammed VI des Oul\u00e9ma africains.<\/p>\n\n\n\n<p>S\u2019exprimant \u00e0 cette occasion, le secr\u00e9taire g\u00e9n\u00e9ral du minist\u00e8re mauritanien des Affaires islamiques et de l\u2019Enseignement originel a soulign\u00e9 que l\u2019organisation de cette comp\u00e9tition \u201cillustre l\u2019importance que la Fondation Mohammed VI des Oul\u00e9ma africains accorde \u00e0 la pr\u00e9servation des constantes religieuses communes, \u00e0 la protection de la r\u00e9f\u00e9rence spirituelle authentique et \u00e0 la consolidation de l\u2019esprit de comp\u00e9tition au service de la Sunna du Proph\u00e8te (paix et salut de Dieu soient sur Lui),&nbsp;par la m\u00e9morisation, la compr\u00e9hension et la transmission\u201d.<\/p>\n\n\n\n<p>Il a relev\u00e9 que de telles manifestations consacrent la voie du juste milieu et offrent aux jeunes g\u00e9n\u00e9rations les outils du savoir religieux authentique, tout en enracinant les valeurs de tol\u00e9rance et de mod\u00e9ration pr\u00f4n\u00e9es par l\u2019Islam.<\/p>\n\n\n\n<p>Le responsable mauritanien s\u2019est \u00e9galement f\u00e9licit\u00e9 de \u201cl\u2019excellence des relations fraternelles entre la R\u00e9publique Islamique de Mauritanie et le Royaume du Maroc, ainsi que des liens unissant les deux Chefs d\u2019\u00c9tat, Sa Majest\u00e9 le Roi Mohammed VI et Son Excellence le Pr\u00e9sident Mohamed Ould Cheikh El Ghazouani\u201d, mettant en exergue l\u2019\u00e9volution notable de ces relations et la coop\u00e9ration bilat\u00e9rale fructueuse dans divers domaines, notamment dans le secteur des affaires islamiques.<\/p>\n\n\n\n<p>Cette coop\u00e9ration \u201cconstitue un mod\u00e8le \u00e0 suivre au service de la religion et de la promotion des valeurs de mod\u00e9ration et de juste milieu\u201d, a-t-il fait observer, louant les efforts consid\u00e9rables de la Fondation Mohammed VI des Oul\u00e9ma africains en mati\u00e8re de soutien aux sciences religieuses.<\/p>\n\n\n\n<p>Pour sa part, le&nbsp;responsable de la section mauritanienne de la Fondation&nbsp;a salu\u00e9 le r\u00f4le pionnier de cette institution dans le renforcement des liens entre les Oul\u00e9ma africains, la promotion du juste milieu et de la mod\u00e9ration, ainsi que dans la consolidation de la solidarit\u00e9 islamique, \u00e0 travers l\u2019organisation de concours, d\u2019activit\u00e9s et de rencontres autour des sciences du Saint Coran.<\/p>\n\n\n\n<p>Cheikh Bouna Oumar Ly a ajout\u00e9 que la Fondation permet aux oul\u00e9ma africains de se rencontrer et d\u2019\u00e9changer leurs exp\u00e9riences, afin de \u201cpromouvoir une pr\u00e9dication saine, sage et \u00e9quilibr\u00e9e\u201d, mettant en avant l\u2019int\u00e9r\u00eat particulier port\u00e9 par la Fondation \u00e0 la pr\u00e9servation des constantes religieuses qui ont toujours \u00e9t\u00e9 un facteur d\u2019unit\u00e9 au sein de la Oumma islamique, en g\u00e9n\u00e9ral, et des soci\u00e9t\u00e9s africaines,&nbsp;en particulier.<\/p>\n\n\n\n<p><\/p>\n\n\n\n<p><\/p>\n","protected":false},"excerpt":{"rendered":"<p>Dpress &nbsp;Une c\u00e9r\u00e9monie a \u00e9t\u00e9 organis\u00e9e, lundi soir \u00e0 Nouakchott, en hommage aux laur\u00e9ats de la 2e \u00e9dition du Concours de la Fondation Mohammed VI des Oul\u00e9ma africains du Hadith Nabawi Acharif, qui a connu la participation de 413 candidats. Cette c\u00e9r\u00e9monie s\u2019est d\u00e9roul\u00e9e en pr\u00e9sence notamment de l\u2019ambassadeur du Maroc \u00e0 Nouakchott, Hamid Chabar, &hellip;<\/p>\n","protected":false},"author":2,"featured_media":16138,"comment_status":"open","ping_status":"open","sticky":false,"template":"","format":"standard","meta":{"footnotes":""},"categories":[40],"tags":[],"class_list":["post-16137","post","type-post","status-publish","format-standard","has-post-thumbnail","hentry","category-societe-et-regions"],"yoast_head":"<!-- This site is optimized with the Yoast SEO plugin v27.5 - https:\/\/yoast.com\/product\/yoast-seo-wordpress\/ -->\n<title>Nouakchott: hommage aux laur\u00e9ats du 2e Concours de la Fondation Mohammed VI des Oul\u00e9ma africains du Hadith Nabawi Acharif - Dpress.ma\/fr<\/title>\n<meta name=\"robots\" content=\"index, follow, max-snippet:-1, max-image-preview:large, max-video-preview:-1\" \/>\n<link rel=\"canonical\" href=\"https:\/\/dpress.ma\/fr\/2025\/09\/17\/nouakchott-hommage-aux-laureats-du-2e-concours-de-la-fondation-mohammed-vi-des-oulema-africains-du-hadith-nabawi-acharif\/\" \/>\n<meta property=\"og:locale\" content=\"fr_FR\" \/>\n<meta property=\"og:type\" content=\"article\" \/>\n<meta property=\"og:title\" content=\"Nouakchott: hommage aux laur\u00e9ats du 2e Concours de la Fondation Mohammed VI des Oul\u00e9ma africains du Hadith Nabawi Acharif - Dpress.ma\/fr\" \/>\n<meta property=\"og:description\" content=\"Dpress &nbsp;Une c\u00e9r\u00e9monie a \u00e9t\u00e9 organis\u00e9e, lundi soir \u00e0 Nouakchott, en hommage aux laur\u00e9ats de la 2e \u00e9dition du Concours de la Fondation Mohammed VI des Oul\u00e9ma africains du Hadith Nabawi Acharif, qui a connu la participation de 413 candidats. Cette c\u00e9r\u00e9monie s\u2019est d\u00e9roul\u00e9e en pr\u00e9sence notamment de l\u2019ambassadeur du Maroc \u00e0 Nouakchott, Hamid Chabar, &hellip;\" \/>\n<meta property=\"og:url\" content=\"https:\/\/dpress.ma\/fr\/2025\/09\/17\/nouakchott-hommage-aux-laureats-du-2e-concours-de-la-fondation-mohammed-vi-des-oulema-africains-du-hadith-nabawi-acharif\/\" \/>\n<meta property=\"og:site_name\" content=\"Dpress.ma\/fr\" \/>\n<meta property=\"article:published_time\" content=\"2025-09-17T09:09:32+00:00\" \/>\n<meta property=\"article:modified_time\" content=\"2025-09-17T09:09:33+00:00\" \/>\n<meta property=\"og:image\" content=\"https:\/\/dpress.ma\/fr\/wp-content\/uploads\/sites\/2\/2025\/09\/dimensions2-47.jpg\" \/>\n\t<meta property=\"og:image:width\" content=\"2539\" \/>\n\t<meta property=\"og:image:height\" content=\"1594\" \/>\n\t<meta property=\"og:image:type\" content=\"image\/jpeg\" \/>\n<meta name=\"author\" content=\"Dpress.ma\" \/>\n<meta name=\"twitter:card\" content=\"summary_large_image\" \/>\n<meta name=\"twitter:label1\" content=\"\u00c9crit par\" \/>\n\t<meta name=\"twitter:data1\" content=\"Dpress.ma\" \/>\n\t<meta name=\"twitter:label2\" content=\"Dur\u00e9e de lecture estim\u00e9e\" \/>\n\t<meta name=\"twitter:data2\" content=\"4 minutes\" \/>\n<script type=\"application\/ld+json\" class=\"yoast-schema-graph\">{\"@context\":\"https:\\\/\\\/schema.org\",\"@graph\":[{\"@type\":\"Article\",\"@id\":\"https:\\\/\\\/dpress.ma\\\/fr\\\/2025\\\/09\\\/17\\\/nouakchott-hommage-aux-laureats-du-2e-concours-de-la-fondation-mohammed-vi-des-oulema-africains-du-hadith-nabawi-acharif\\\/#article\",\"isPartOf\":{\"@id\":\"https:\\\/\\\/dpress.ma\\\/fr\\\/2025\\\/09\\\/17\\\/nouakchott-hommage-aux-laureats-du-2e-concours-de-la-fondation-mohammed-vi-des-oulema-africains-du-hadith-nabawi-acharif\\\/\"},\"author\":{\"name\":\"Dpress.ma\",\"@id\":\"https:\\\/\\\/dpress.ma\\\/fr\\\/#\\\/schema\\\/person\\\/4898febf3ccd59e6578d838656a306a0\"},\"headline\":\"Nouakchott: hommage aux laur\u00e9ats du 2e Concours de la Fondation Mohammed VI des Oul\u00e9ma africains du Hadith Nabawi Acharif\",\"datePublished\":\"2025-09-17T09:09:32+00:00\",\"dateModified\":\"2025-09-17T09:09:33+00:00\",\"mainEntityOfPage\":{\"@id\":\"https:\\\/\\\/dpress.ma\\\/fr\\\/2025\\\/09\\\/17\\\/nouakchott-hommage-aux-laureats-du-2e-concours-de-la-fondation-mohammed-vi-des-oulema-africains-du-hadith-nabawi-acharif\\\/\"},\"wordCount\":660,\"commentCount\":0,\"image\":{\"@id\":\"https:\\\/\\\/dpress.ma\\\/fr\\\/2025\\\/09\\\/17\\\/nouakchott-hommage-aux-laureats-du-2e-concours-de-la-fondation-mohammed-vi-des-oulema-africains-du-hadith-nabawi-acharif\\\/#primaryimage\"},\"thumbnailUrl\":\"https:\\\/\\\/dpress.ma\\\/fr\\\/wp-content\\\/uploads\\\/sites\\\/2\\\/2025\\\/09\\\/dimensions2-47.jpg\",\"articleSection\":[\"societe et regions\"],\"inLanguage\":\"fr-FR\",\"potentialAction\":[{\"@type\":\"CommentAction\",\"name\":\"Comment\",\"target\":[\"https:\\\/\\\/dpress.ma\\\/fr\\\/2025\\\/09\\\/17\\\/nouakchott-hommage-aux-laureats-du-2e-concours-de-la-fondation-mohammed-vi-des-oulema-africains-du-hadith-nabawi-acharif\\\/#respond\"]}]},{\"@type\":\"WebPage\",\"@id\":\"https:\\\/\\\/dpress.ma\\\/fr\\\/2025\\\/09\\\/17\\\/nouakchott-hommage-aux-laureats-du-2e-concours-de-la-fondation-mohammed-vi-des-oulema-africains-du-hadith-nabawi-acharif\\\/\",\"url\":\"https:\\\/\\\/dpress.ma\\\/fr\\\/2025\\\/09\\\/17\\\/nouakchott-hommage-aux-laureats-du-2e-concours-de-la-fondation-mohammed-vi-des-oulema-africains-du-hadith-nabawi-acharif\\\/\",\"name\":\"Nouakchott: hommage aux laur\u00e9ats du 2e Concours de la Fondation Mohammed VI des Oul\u00e9ma africains du Hadith Nabawi Acharif - Dpress.ma\\\/fr\",\"isPartOf\":{\"@id\":\"https:\\\/\\\/dpress.ma\\\/fr\\\/#website\"},\"primaryImageOfPage\":{\"@id\":\"https:\\\/\\\/dpress.ma\\\/fr\\\/2025\\\/09\\\/17\\\/nouakchott-hommage-aux-laureats-du-2e-concours-de-la-fondation-mohammed-vi-des-oulema-africains-du-hadith-nabawi-acharif\\\/#primaryimage\"},\"image\":{\"@id\":\"https:\\\/\\\/dpress.ma\\\/fr\\\/2025\\\/09\\\/17\\\/nouakchott-hommage-aux-laureats-du-2e-concours-de-la-fondation-mohammed-vi-des-oulema-africains-du-hadith-nabawi-acharif\\\/#primaryimage\"},\"thumbnailUrl\":\"https:\\\/\\\/dpress.ma\\\/fr\\\/wp-content\\\/uploads\\\/sites\\\/2\\\/2025\\\/09\\\/dimensions2-47.jpg\",\"datePublished\":\"2025-09-17T09:09:32+00:00\",\"dateModified\":\"2025-09-17T09:09:33+00:00\",\"author\":{\"@id\":\"https:\\\/\\\/dpress.ma\\\/fr\\\/#\\\/schema\\\/person\\\/4898febf3ccd59e6578d838656a306a0\"},\"breadcrumb\":{\"@id\":\"https:\\\/\\\/dpress.ma\\\/fr\\\/2025\\\/09\\\/17\\\/nouakchott-hommage-aux-laureats-du-2e-concours-de-la-fondation-mohammed-vi-des-oulema-africains-du-hadith-nabawi-acharif\\\/#breadcrumb\"},\"inLanguage\":\"fr-FR\",\"potentialAction\":[{\"@type\":\"ReadAction\",\"target\":[\"https:\\\/\\\/dpress.ma\\\/fr\\\/2025\\\/09\\\/17\\\/nouakchott-hommage-aux-laureats-du-2e-concours-de-la-fondation-mohammed-vi-des-oulema-africains-du-hadith-nabawi-acharif\\\/\"]}]},{\"@type\":\"ImageObject\",\"inLanguage\":\"fr-FR\",\"@id\":\"https:\\\/\\\/dpress.ma\\\/fr\\\/2025\\\/09\\\/17\\\/nouakchott-hommage-aux-laureats-du-2e-concours-de-la-fondation-mohammed-vi-des-oulema-africains-du-hadith-nabawi-acharif\\\/#primaryimage\",\"url\":\"https:\\\/\\\/dpress.ma\\\/fr\\\/wp-content\\\/uploads\\\/sites\\\/2\\\/2025\\\/09\\\/dimensions2-47.jpg\",\"contentUrl\":\"https:\\\/\\\/dpress.ma\\\/fr\\\/wp-content\\\/uploads\\\/sites\\\/2\\\/2025\\\/09\\\/dimensions2-47.jpg\",\"width\":2539,\"height\":1594},{\"@type\":\"BreadcrumbList\",\"@id\":\"https:\\\/\\\/dpress.ma\\\/fr\\\/2025\\\/09\\\/17\\\/nouakchott-hommage-aux-laureats-du-2e-concours-de-la-fondation-mohammed-vi-des-oulema-africains-du-hadith-nabawi-acharif\\\/#breadcrumb\",\"itemListElement\":[{\"@type\":\"ListItem\",\"position\":1,\"name\":\"Home\",\"item\":\"https:\\\/\\\/dpress.ma\\\/fr\\\/\"},{\"@type\":\"ListItem\",\"position\":2,\"name\":\"Nouakchott: hommage aux laur\u00e9ats du 2e Concours de la Fondation Mohammed VI des Oul\u00e9ma africains du Hadith Nabawi Acharif\"}]},{\"@type\":\"WebSite\",\"@id\":\"https:\\\/\\\/dpress.ma\\\/fr\\\/#website\",\"url\":\"https:\\\/\\\/dpress.ma\\\/fr\\\/\",\"name\":\"Dpress.ma\\\/fr\",\"description\":\"\",\"potentialAction\":[{\"@type\":\"SearchAction\",\"target\":{\"@type\":\"EntryPoint\",\"urlTemplate\":\"https:\\\/\\\/dpress.ma\\\/fr\\\/?s={search_term_string}\"},\"query-input\":{\"@type\":\"PropertyValueSpecification\",\"valueRequired\":true,\"valueName\":\"search_term_string\"}}],\"inLanguage\":\"fr-FR\"},{\"@type\":\"Person\",\"@id\":\"https:\\\/\\\/dpress.ma\\\/fr\\\/#\\\/schema\\\/person\\\/4898febf3ccd59e6578d838656a306a0\",\"name\":\"Dpress.ma\",\"image\":{\"@type\":\"ImageObject\",\"inLanguage\":\"fr-FR\",\"@id\":\"https:\\\/\\\/secure.gravatar.com\\\/avatar\\\/72ecc30e9db047a2e0e7176561eb9d564ed77c8108376495b19bd8336405198a?s=96&d=mm&r=g\",\"url\":\"https:\\\/\\\/secure.gravatar.com\\\/avatar\\\/72ecc30e9db047a2e0e7176561eb9d564ed77c8108376495b19bd8336405198a?s=96&d=mm&r=g\",\"contentUrl\":\"https:\\\/\\\/secure.gravatar.com\\\/avatar\\\/72ecc30e9db047a2e0e7176561eb9d564ed77c8108376495b19bd8336405198a?s=96&d=mm&r=g\",\"caption\":\"Dpress.ma\"},\"sameAs\":[\"https:\\\/\\\/www.dpress.ma\"],\"url\":\"https:\\\/\\\/dpress.ma\\\/fr\\\/author\\\/dpress-ma\\\/\"}]}<\/script>\n<!-- \/ Yoast SEO plugin. -->","yoast_head_json":{"title":"Nouakchott: hommage aux laur\u00e9ats du 2e Concours de la Fondation Mohammed VI des Oul\u00e9ma africains du Hadith Nabawi Acharif - Dpress.ma\/fr","robots":{"index":"index","follow":"follow","max-snippet":"max-snippet:-1","max-image-preview":"max-image-preview:large","max-video-preview":"max-video-preview:-1"},"canonical":"https:\/\/dpress.ma\/fr\/2025\/09\/17\/nouakchott-hommage-aux-laureats-du-2e-concours-de-la-fondation-mohammed-vi-des-oulema-africains-du-hadith-nabawi-acharif\/","og_locale":"fr_FR","og_type":"article","og_title":"Nouakchott: hommage aux laur\u00e9ats du 2e Concours de la Fondation Mohammed VI des Oul\u00e9ma africains du Hadith Nabawi Acharif - Dpress.ma\/fr","og_description":"Dpress &nbsp;Une c\u00e9r\u00e9monie a \u00e9t\u00e9 organis\u00e9e, lundi soir \u00e0 Nouakchott, en hommage aux laur\u00e9ats de la 2e \u00e9dition du Concours de la Fondation Mohammed VI des Oul\u00e9ma africains du Hadith Nabawi Acharif, qui a connu la participation de 413 candidats. Cette c\u00e9r\u00e9monie s\u2019est d\u00e9roul\u00e9e en pr\u00e9sence notamment de l\u2019ambassadeur du Maroc \u00e0 Nouakchott, Hamid Chabar, &hellip;","og_url":"https:\/\/dpress.ma\/fr\/2025\/09\/17\/nouakchott-hommage-aux-laureats-du-2e-concours-de-la-fondation-mohammed-vi-des-oulema-africains-du-hadith-nabawi-acharif\/","og_site_name":"Dpress.ma\/fr","article_published_time":"2025-09-17T09:09:32+00:00","article_modified_time":"2025-09-17T09:09:33+00:00","og_image":[{"width":2539,"height":1594,"url":"https:\/\/dpress.ma\/fr\/wp-content\/uploads\/sites\/2\/2025\/09\/dimensions2-47.jpg","type":"image\/jpeg"}],"author":"Dpress.ma","twitter_card":"summary_large_image","twitter_misc":{"\u00c9crit par":"Dpress.ma","Dur\u00e9e de lecture estim\u00e9e":"4 minutes"},"schema":{"@context":"https:\/\/schema.org","@graph":[{"@type":"Article","@id":"https:\/\/dpress.ma\/fr\/2025\/09\/17\/nouakchott-hommage-aux-laureats-du-2e-concours-de-la-fondation-mohammed-vi-des-oulema-africains-du-hadith-nabawi-acharif\/#article","isPartOf":{"@id":"https:\/\/dpress.ma\/fr\/2025\/09\/17\/nouakchott-hommage-aux-laureats-du-2e-concours-de-la-fondation-mohammed-vi-des-oulema-africains-du-hadith-nabawi-acharif\/"},"author":{"name":"Dpress.ma","@id":"https:\/\/dpress.ma\/fr\/#\/schema\/person\/4898febf3ccd59e6578d838656a306a0"},"headline":"Nouakchott: hommage aux laur\u00e9ats du 2e Concours de la Fondation Mohammed VI des Oul\u00e9ma africains du Hadith Nabawi Acharif","datePublished":"2025-09-17T09:09:32+00:00","dateModified":"2025-09-17T09:09:33+00:00","mainEntityOfPage":{"@id":"https:\/\/dpress.ma\/fr\/2025\/09\/17\/nouakchott-hommage-aux-laureats-du-2e-concours-de-la-fondation-mohammed-vi-des-oulema-africains-du-hadith-nabawi-acharif\/"},"wordCount":660,"commentCount":0,"image":{"@id":"https:\/\/dpress.ma\/fr\/2025\/09\/17\/nouakchott-hommage-aux-laureats-du-2e-concours-de-la-fondation-mohammed-vi-des-oulema-africains-du-hadith-nabawi-acharif\/#primaryimage"},"thumbnailUrl":"https:\/\/dpress.ma\/fr\/wp-content\/uploads\/sites\/2\/2025\/09\/dimensions2-47.jpg","articleSection":["societe et regions"],"inLanguage":"fr-FR","potentialAction":[{"@type":"CommentAction","name":"Comment","target":["https:\/\/dpress.ma\/fr\/2025\/09\/17\/nouakchott-hommage-aux-laureats-du-2e-concours-de-la-fondation-mohammed-vi-des-oulema-africains-du-hadith-nabawi-acharif\/#respond"]}]},{"@type":"WebPage","@id":"https:\/\/dpress.ma\/fr\/2025\/09\/17\/nouakchott-hommage-aux-laureats-du-2e-concours-de-la-fondation-mohammed-vi-des-oulema-africains-du-hadith-nabawi-acharif\/","url":"https:\/\/dpress.ma\/fr\/2025\/09\/17\/nouakchott-hommage-aux-laureats-du-2e-concours-de-la-fondation-mohammed-vi-des-oulema-africains-du-hadith-nabawi-acharif\/","name":"Nouakchott: hommage aux laur\u00e9ats du 2e Concours de la Fondation Mohammed VI des Oul\u00e9ma africains du Hadith Nabawi Acharif - Dpress.ma\/fr","isPartOf":{"@id":"https:\/\/dpress.ma\/fr\/#website"},"primaryImageOfPage":{"@id":"https:\/\/dpress.ma\/fr\/2025\/09\/17\/nouakchott-hommage-aux-laureats-du-2e-concours-de-la-fondation-mohammed-vi-des-oulema-africains-du-hadith-nabawi-acharif\/#primaryimage"},"image":{"@id":"https:\/\/dpress.ma\/fr\/2025\/09\/17\/nouakchott-hommage-aux-laureats-du-2e-concours-de-la-fondation-mohammed-vi-des-oulema-africains-du-hadith-nabawi-acharif\/#primaryimage"},"thumbnailUrl":"https:\/\/dpress.ma\/fr\/wp-content\/uploads\/sites\/2\/2025\/09\/dimensions2-47.jpg","datePublished":"2025-09-17T09:09:32+00:00","dateModified":"2025-09-17T09:09:33+00:00","author":{"@id":"https:\/\/dpress.ma\/fr\/#\/schema\/person\/4898febf3ccd59e6578d838656a306a0"},"breadcrumb":{"@id":"https:\/\/dpress.ma\/fr\/2025\/09\/17\/nouakchott-hommage-aux-laureats-du-2e-concours-de-la-fondation-mohammed-vi-des-oulema-africains-du-hadith-nabawi-acharif\/#breadcrumb"},"inLanguage":"fr-FR","potentialAction":[{"@type":"ReadAction","target":["https:\/\/dpress.ma\/fr\/2025\/09\/17\/nouakchott-hommage-aux-laureats-du-2e-concours-de-la-fondation-mohammed-vi-des-oulema-africains-du-hadith-nabawi-acharif\/"]}]},{"@type":"ImageObject","inLanguage":"fr-FR","@id":"https:\/\/dpress.ma\/fr\/2025\/09\/17\/nouakchott-hommage-aux-laureats-du-2e-concours-de-la-fondation-mohammed-vi-des-oulema-africains-du-hadith-nabawi-acharif\/#primaryimage","url":"https:\/\/dpress.ma\/fr\/wp-content\/uploads\/sites\/2\/2025\/09\/dimensions2-47.jpg","contentUrl":"https:\/\/dpress.ma\/fr\/wp-content\/uploads\/sites\/2\/2025\/09\/dimensions2-47.jpg","width":2539,"height":1594},{"@type":"BreadcrumbList","@id":"https:\/\/dpress.ma\/fr\/2025\/09\/17\/nouakchott-hommage-aux-laureats-du-2e-concours-de-la-fondation-mohammed-vi-des-oulema-africains-du-hadith-nabawi-acharif\/#breadcrumb","itemListElement":[{"@type":"ListItem","position":1,"name":"Home","item":"https:\/\/dpress.ma\/fr\/"},{"@type":"ListItem","position":2,"name":"Nouakchott: hommage aux laur\u00e9ats du 2e Concours de la Fondation Mohammed VI des Oul\u00e9ma africains du Hadith Nabawi Acharif"}]},{"@type":"WebSite","@id":"https:\/\/dpress.ma\/fr\/#website","url":"https:\/\/dpress.ma\/fr\/","name":"Dpress.ma\/fr","description":"","potentialAction":[{"@type":"SearchAction","target":{"@type":"EntryPoint","urlTemplate":"https:\/\/dpress.ma\/fr\/?s={search_term_string}"},"query-input":{"@type":"PropertyValueSpecification","valueRequired":true,"valueName":"search_term_string"}}],"inLanguage":"fr-FR"},{"@type":"Person","@id":"https:\/\/dpress.ma\/fr\/#\/schema\/person\/4898febf3ccd59e6578d838656a306a0","name":"Dpress.ma","image":{"@type":"ImageObject","inLanguage":"fr-FR","@id":"https:\/\/secure.gravatar.com\/avatar\/72ecc30e9db047a2e0e7176561eb9d564ed77c8108376495b19bd8336405198a?s=96&d=mm&r=g","url":"https:\/\/secure.gravatar.com\/avatar\/72ecc30e9db047a2e0e7176561eb9d564ed77c8108376495b19bd8336405198a?s=96&d=mm&r=g","contentUrl":"https:\/\/secure.gravatar.com\/avatar\/72ecc30e9db047a2e0e7176561eb9d564ed77c8108376495b19bd8336405198a?s=96&d=mm&r=g","caption":"Dpress.ma"},"sameAs":["https:\/\/www.dpress.ma"],"url":"https:\/\/dpress.ma\/fr\/author\/dpress-ma\/"}]}},"amp_enabled":true,"_links":{"self":[{"href":"https:\/\/dpress.ma\/fr\/wp-json\/wp\/v2\/posts\/16137","targetHints":{"allow":["GET"]}}],"collection":[{"href":"https:\/\/dpress.ma\/fr\/wp-json\/wp\/v2\/posts"}],"about":[{"href":"https:\/\/dpress.ma\/fr\/wp-json\/wp\/v2\/types\/post"}],"author":[{"embeddable":true,"href":"https:\/\/dpress.ma\/fr\/wp-json\/wp\/v2\/users\/2"}],"replies":[{"embeddable":true,"href":"https:\/\/dpress.ma\/fr\/wp-json\/wp\/v2\/comments?post=16137"}],"version-history":[{"count":1,"href":"https:\/\/dpress.ma\/fr\/wp-json\/wp\/v2\/posts\/16137\/revisions"}],"predecessor-version":[{"id":16139,"href":"https:\/\/dpress.ma\/fr\/wp-json\/wp\/v2\/posts\/16137\/revisions\/16139"}],"wp:featuredmedia":[{"embeddable":true,"href":"https:\/\/dpress.ma\/fr\/wp-json\/wp\/v2\/media\/16138"}],"wp:attachment":[{"href":"https:\/\/dpress.ma\/fr\/wp-json\/wp\/v2\/media?parent=16137"}],"wp:term":[{"taxonomy":"category","embeddable":true,"href":"https:\/\/dpress.ma\/fr\/wp-json\/wp\/v2\/categories?post=16137"},{"taxonomy":"post_tag","embeddable":true,"href":"https:\/\/dpress.ma\/fr\/wp-json\/wp\/v2\/tags?post=16137"}],"curies":[{"name":"wp","href":"https:\/\/api.w.org\/{rel}","templated":true}]}}