{"id":16129,"date":"2025-09-12T08:19:20","date_gmt":"2025-09-12T08:19:20","guid":{"rendered":"https:\/\/dpress.ma\/fr\/?p=16129"},"modified":"2025-09-12T08:19:21","modified_gmt":"2025-09-12T08:19:21","slug":"attaque-israelienne-le-conseil-de-securite-de-lonu-souligne-son-soutien-a-la-souverainete-du-qatar","status":"publish","type":"post","link":"https:\/\/dpress.ma\/fr\/2025\/09\/12\/attaque-israelienne-le-conseil-de-securite-de-lonu-souligne-son-soutien-a-la-souverainete-du-qatar\/","title":{"rendered":"Attaque isra\u00e9lienne: Le Conseil de s\u00e9curit\u00e9 de l\u2019ONU souligne son soutien \u00e0 la souverainet\u00e9 du Qatar"},"content":{"rendered":"\n<p>Dpress<\/p>\n\n\n\n<p>Les membres du Conseil du s\u00e9curit\u00e9 de l\u2019ONU ont exprim\u00e9, jeudi, leur condamnation de l\u2019attaque isra\u00e9lienne \u00e0 Doha, tout en soulignant leur soutien \u00e0 la souverainet\u00e9 et \u00e0 l\u2019int\u00e9grit\u00e9 territoriale du Qatar conform\u00e9ment aux principes de la Charte des Nations Unies.<\/p>\n\n\n\n<p>Dans une d\u00e9claration de presse, les Quinze ont insist\u00e9 sur l\u2019importance de la d\u00e9sescalade, mettant l\u2019accent sur le r\u00f4le important que le Qatar \u201ccontinue de jouer\u201d dans les efforts de m\u00e9diation au niveau de la r\u00e9gion.<\/p>\n\n\n\n<p>Les membres de l\u2019instance ex\u00e9cutive de l\u2019ONU ont, par ailleurs, affirm\u00e9 que la lib\u00e9ration des otages doit demeurer une priorit\u00e9 absolue.<\/p>\n\n\n\n<p>Ils ont, dans ce sens, r\u00e9it\u00e9r\u00e9 l\u2019importance des efforts diplomatiques en cours du Qatar, de l\u2019\u00c9gypte et des \u00c9tats-Unis, tout en appelant les parties \u00e0 saisir l\u2019opportunit\u00e9 de la paix.<\/p>\n\n\n\n<p>Mardi, le Secr\u00e9taire g\u00e9n\u00e9ral de l\u2019ONU, Antonio Guterres, avait, lors d\u2019une conf\u00e9rence de presse, condamn\u00e9 l\u2019attaque isra\u00e9lienne \u00e0 Doha, la qualifiant de \u201cviolation grave\u201d de la souverainet\u00e9 et de l\u2019int\u00e9grit\u00e9 territoriale du Qatar.<\/p>\n","protected":false},"excerpt":{"rendered":"<p>Dpress Les membres du Conseil du s\u00e9curit\u00e9 de l\u2019ONU ont exprim\u00e9, jeudi, leur condamnation de l\u2019attaque isra\u00e9lienne \u00e0 Doha, tout en soulignant leur soutien \u00e0 la souverainet\u00e9 et \u00e0 l\u2019int\u00e9grit\u00e9 territoriale du Qatar conform\u00e9ment aux principes de la Charte des Nations Unies. Dans une d\u00e9claration de presse, les Quinze ont insist\u00e9 sur l\u2019importance de la &hellip;<\/p>\n","protected":false},"author":2,"featured_media":16130,"comment_status":"open","ping_status":"open","sticky":false,"template":"","format":"standard","meta":{"footnotes":""},"categories":[41],"tags":[],"class_list":["post-16129","post","type-post","status-publish","format-standard","has-post-thumbnail","hentry","category-opinions-et-debats"],"yoast_head":"<!-- This site is optimized with the Yoast SEO plugin v27.5 - https:\/\/yoast.com\/product\/yoast-seo-wordpress\/ -->\n<title>Attaque isra\u00e9lienne: Le Conseil de s\u00e9curit\u00e9 de l\u2019ONU souligne son soutien \u00e0 la souverainet\u00e9 du Qatar - Dpress.ma\/fr<\/title>\n<meta name=\"robots\" content=\"index, follow, max-snippet:-1, max-image-preview:large, max-video-preview:-1\" \/>\n<link rel=\"canonical\" href=\"https:\/\/dpress.ma\/fr\/2025\/09\/12\/attaque-israelienne-le-conseil-de-securite-de-lonu-souligne-son-soutien-a-la-souverainete-du-qatar\/\" \/>\n<meta property=\"og:locale\" content=\"fr_FR\" \/>\n<meta property=\"og:type\" content=\"article\" \/>\n<meta property=\"og:title\" content=\"Attaque isra\u00e9lienne: Le Conseil de s\u00e9curit\u00e9 de l\u2019ONU souligne son soutien \u00e0 la souverainet\u00e9 du Qatar - Dpress.ma\/fr\" \/>\n<meta property=\"og:description\" content=\"Dpress Les membres du Conseil du s\u00e9curit\u00e9 de l\u2019ONU ont exprim\u00e9, jeudi, leur condamnation de l\u2019attaque isra\u00e9lienne \u00e0 Doha, tout en soulignant leur soutien \u00e0 la souverainet\u00e9 et \u00e0 l\u2019int\u00e9grit\u00e9 territoriale du Qatar conform\u00e9ment aux principes de la Charte des Nations Unies. Dans une d\u00e9claration de presse, les Quinze ont insist\u00e9 sur l\u2019importance de la &hellip;\" \/>\n<meta property=\"og:url\" content=\"https:\/\/dpress.ma\/fr\/2025\/09\/12\/attaque-israelienne-le-conseil-de-securite-de-lonu-souligne-son-soutien-a-la-souverainete-du-qatar\/\" \/>\n<meta property=\"og:site_name\" content=\"Dpress.ma\/fr\" \/>\n<meta property=\"article:published_time\" content=\"2025-09-12T08:19:20+00:00\" \/>\n<meta property=\"article:modified_time\" content=\"2025-09-12T08:19:21+00:00\" \/>\n<meta property=\"og:image\" content=\"https:\/\/dpress.ma\/fr\/wp-content\/uploads\/sites\/2\/2025\/09\/dimensions2-46.jpg\" \/>\n\t<meta property=\"og:image:width\" content=\"2539\" \/>\n\t<meta property=\"og:image:height\" content=\"1594\" \/>\n\t<meta property=\"og:image:type\" content=\"image\/jpeg\" \/>\n<meta name=\"author\" content=\"Dpress.ma\" \/>\n<meta name=\"twitter:card\" content=\"summary_large_image\" \/>\n<meta name=\"twitter:label1\" content=\"\u00c9crit par\" \/>\n\t<meta name=\"twitter:data1\" content=\"Dpress.ma\" \/>\n\t<meta name=\"twitter:label2\" content=\"Dur\u00e9e de lecture estim\u00e9e\" \/>\n\t<meta name=\"twitter:data2\" content=\"2 minutes\" \/>\n<script type=\"application\/ld+json\" class=\"yoast-schema-graph\">{\"@context\":\"https:\\\/\\\/schema.org\",\"@graph\":[{\"@type\":\"Article\",\"@id\":\"https:\\\/\\\/dpress.ma\\\/fr\\\/2025\\\/09\\\/12\\\/attaque-israelienne-le-conseil-de-securite-de-lonu-souligne-son-soutien-a-la-souverainete-du-qatar\\\/#article\",\"isPartOf\":{\"@id\":\"https:\\\/\\\/dpress.ma\\\/fr\\\/2025\\\/09\\\/12\\\/attaque-israelienne-le-conseil-de-securite-de-lonu-souligne-son-soutien-a-la-souverainete-du-qatar\\\/\"},\"author\":{\"name\":\"Dpress.ma\",\"@id\":\"https:\\\/\\\/dpress.ma\\\/fr\\\/#\\\/schema\\\/person\\\/4898febf3ccd59e6578d838656a306a0\"},\"headline\":\"Attaque isra\u00e9lienne: Le Conseil de s\u00e9curit\u00e9 de l\u2019ONU souligne son soutien \u00e0 la souverainet\u00e9 du Qatar\",\"datePublished\":\"2025-09-12T08:19:20+00:00\",\"dateModified\":\"2025-09-12T08:19:21+00:00\",\"mainEntityOfPage\":{\"@id\":\"https:\\\/\\\/dpress.ma\\\/fr\\\/2025\\\/09\\\/12\\\/attaque-israelienne-le-conseil-de-securite-de-lonu-souligne-son-soutien-a-la-souverainete-du-qatar\\\/\"},\"wordCount\":208,\"commentCount\":0,\"image\":{\"@id\":\"https:\\\/\\\/dpress.ma\\\/fr\\\/2025\\\/09\\\/12\\\/attaque-israelienne-le-conseil-de-securite-de-lonu-souligne-son-soutien-a-la-souverainete-du-qatar\\\/#primaryimage\"},\"thumbnailUrl\":\"https:\\\/\\\/dpress.ma\\\/fr\\\/wp-content\\\/uploads\\\/sites\\\/2\\\/2025\\\/09\\\/dimensions2-46.jpg\",\"articleSection\":[\"opinions-et-debats\"],\"inLanguage\":\"fr-FR\",\"potentialAction\":[{\"@type\":\"CommentAction\",\"name\":\"Comment\",\"target\":[\"https:\\\/\\\/dpress.ma\\\/fr\\\/2025\\\/09\\\/12\\\/attaque-israelienne-le-conseil-de-securite-de-lonu-souligne-son-soutien-a-la-souverainete-du-qatar\\\/#respond\"]}]},{\"@type\":\"WebPage\",\"@id\":\"https:\\\/\\\/dpress.ma\\\/fr\\\/2025\\\/09\\\/12\\\/attaque-israelienne-le-conseil-de-securite-de-lonu-souligne-son-soutien-a-la-souverainete-du-qatar\\\/\",\"url\":\"https:\\\/\\\/dpress.ma\\\/fr\\\/2025\\\/09\\\/12\\\/attaque-israelienne-le-conseil-de-securite-de-lonu-souligne-son-soutien-a-la-souverainete-du-qatar\\\/\",\"name\":\"Attaque isra\u00e9lienne: Le Conseil de s\u00e9curit\u00e9 de l\u2019ONU souligne son soutien \u00e0 la souverainet\u00e9 du Qatar - Dpress.ma\\\/fr\",\"isPartOf\":{\"@id\":\"https:\\\/\\\/dpress.ma\\\/fr\\\/#website\"},\"primaryImageOfPage\":{\"@id\":\"https:\\\/\\\/dpress.ma\\\/fr\\\/2025\\\/09\\\/12\\\/attaque-israelienne-le-conseil-de-securite-de-lonu-souligne-son-soutien-a-la-souverainete-du-qatar\\\/#primaryimage\"},\"image\":{\"@id\":\"https:\\\/\\\/dpress.ma\\\/fr\\\/2025\\\/09\\\/12\\\/attaque-israelienne-le-conseil-de-securite-de-lonu-souligne-son-soutien-a-la-souverainete-du-qatar\\\/#primaryimage\"},\"thumbnailUrl\":\"https:\\\/\\\/dpress.ma\\\/fr\\\/wp-content\\\/uploads\\\/sites\\\/2\\\/2025\\\/09\\\/dimensions2-46.jpg\",\"datePublished\":\"2025-09-12T08:19:20+00:00\",\"dateModified\":\"2025-09-12T08:19:21+00:00\",\"author\":{\"@id\":\"https:\\\/\\\/dpress.ma\\\/fr\\\/#\\\/schema\\\/person\\\/4898febf3ccd59e6578d838656a306a0\"},\"breadcrumb\":{\"@id\":\"https:\\\/\\\/dpress.ma\\\/fr\\\/2025\\\/09\\\/12\\\/attaque-israelienne-le-conseil-de-securite-de-lonu-souligne-son-soutien-a-la-souverainete-du-qatar\\\/#breadcrumb\"},\"inLanguage\":\"fr-FR\",\"potentialAction\":[{\"@type\":\"ReadAction\",\"target\":[\"https:\\\/\\\/dpress.ma\\\/fr\\\/2025\\\/09\\\/12\\\/attaque-israelienne-le-conseil-de-securite-de-lonu-souligne-son-soutien-a-la-souverainete-du-qatar\\\/\"]}]},{\"@type\":\"ImageObject\",\"inLanguage\":\"fr-FR\",\"@id\":\"https:\\\/\\\/dpress.ma\\\/fr\\\/2025\\\/09\\\/12\\\/attaque-israelienne-le-conseil-de-securite-de-lonu-souligne-son-soutien-a-la-souverainete-du-qatar\\\/#primaryimage\",\"url\":\"https:\\\/\\\/dpress.ma\\\/fr\\\/wp-content\\\/uploads\\\/sites\\\/2\\\/2025\\\/09\\\/dimensions2-46.jpg\",\"contentUrl\":\"https:\\\/\\\/dpress.ma\\\/fr\\\/wp-content\\\/uploads\\\/sites\\\/2\\\/2025\\\/09\\\/dimensions2-46.jpg\",\"width\":2539,\"height\":1594},{\"@type\":\"BreadcrumbList\",\"@id\":\"https:\\\/\\\/dpress.ma\\\/fr\\\/2025\\\/09\\\/12\\\/attaque-israelienne-le-conseil-de-securite-de-lonu-souligne-son-soutien-a-la-souverainete-du-qatar\\\/#breadcrumb\",\"itemListElement\":[{\"@type\":\"ListItem\",\"position\":1,\"name\":\"Home\",\"item\":\"https:\\\/\\\/dpress.ma\\\/fr\\\/\"},{\"@type\":\"ListItem\",\"position\":2,\"name\":\"Attaque isra\u00e9lienne: Le Conseil de s\u00e9curit\u00e9 de l\u2019ONU souligne son soutien \u00e0 la souverainet\u00e9 du Qatar\"}]},{\"@type\":\"WebSite\",\"@id\":\"https:\\\/\\\/dpress.ma\\\/fr\\\/#website\",\"url\":\"https:\\\/\\\/dpress.ma\\\/fr\\\/\",\"name\":\"Dpress.ma\\\/fr\",\"description\":\"\",\"potentialAction\":[{\"@type\":\"SearchAction\",\"target\":{\"@type\":\"EntryPoint\",\"urlTemplate\":\"https:\\\/\\\/dpress.ma\\\/fr\\\/?s={search_term_string}\"},\"query-input\":{\"@type\":\"PropertyValueSpecification\",\"valueRequired\":true,\"valueName\":\"search_term_string\"}}],\"inLanguage\":\"fr-FR\"},{\"@type\":\"Person\",\"@id\":\"https:\\\/\\\/dpress.ma\\\/fr\\\/#\\\/schema\\\/person\\\/4898febf3ccd59e6578d838656a306a0\",\"name\":\"Dpress.ma\",\"image\":{\"@type\":\"ImageObject\",\"inLanguage\":\"fr-FR\",\"@id\":\"https:\\\/\\\/secure.gravatar.com\\\/avatar\\\/72ecc30e9db047a2e0e7176561eb9d564ed77c8108376495b19bd8336405198a?s=96&d=mm&r=g\",\"url\":\"https:\\\/\\\/secure.gravatar.com\\\/avatar\\\/72ecc30e9db047a2e0e7176561eb9d564ed77c8108376495b19bd8336405198a?s=96&d=mm&r=g\",\"contentUrl\":\"https:\\\/\\\/secure.gravatar.com\\\/avatar\\\/72ecc30e9db047a2e0e7176561eb9d564ed77c8108376495b19bd8336405198a?s=96&d=mm&r=g\",\"caption\":\"Dpress.ma\"},\"sameAs\":[\"https:\\\/\\\/www.dpress.ma\"],\"url\":\"https:\\\/\\\/dpress.ma\\\/fr\\\/author\\\/dpress-ma\\\/\"}]}<\/script>\n<!-- \/ Yoast SEO plugin. -->","yoast_head_json":{"title":"Attaque isra\u00e9lienne: Le Conseil de s\u00e9curit\u00e9 de l\u2019ONU souligne son soutien \u00e0 la souverainet\u00e9 du Qatar - Dpress.ma\/fr","robots":{"index":"index","follow":"follow","max-snippet":"max-snippet:-1","max-image-preview":"max-image-preview:large","max-video-preview":"max-video-preview:-1"},"canonical":"https:\/\/dpress.ma\/fr\/2025\/09\/12\/attaque-israelienne-le-conseil-de-securite-de-lonu-souligne-son-soutien-a-la-souverainete-du-qatar\/","og_locale":"fr_FR","og_type":"article","og_title":"Attaque isra\u00e9lienne: Le Conseil de s\u00e9curit\u00e9 de l\u2019ONU souligne son soutien \u00e0 la souverainet\u00e9 du Qatar - Dpress.ma\/fr","og_description":"Dpress Les membres du Conseil du s\u00e9curit\u00e9 de l\u2019ONU ont exprim\u00e9, jeudi, leur condamnation de l\u2019attaque isra\u00e9lienne \u00e0 Doha, tout en soulignant leur soutien \u00e0 la souverainet\u00e9 et \u00e0 l\u2019int\u00e9grit\u00e9 territoriale du Qatar conform\u00e9ment aux principes de la Charte des Nations Unies. Dans une d\u00e9claration de presse, les Quinze ont insist\u00e9 sur l\u2019importance de la &hellip;","og_url":"https:\/\/dpress.ma\/fr\/2025\/09\/12\/attaque-israelienne-le-conseil-de-securite-de-lonu-souligne-son-soutien-a-la-souverainete-du-qatar\/","og_site_name":"Dpress.ma\/fr","article_published_time":"2025-09-12T08:19:20+00:00","article_modified_time":"2025-09-12T08:19:21+00:00","og_image":[{"width":2539,"height":1594,"url":"https:\/\/dpress.ma\/fr\/wp-content\/uploads\/sites\/2\/2025\/09\/dimensions2-46.jpg","type":"image\/jpeg"}],"author":"Dpress.ma","twitter_card":"summary_large_image","twitter_misc":{"\u00c9crit par":"Dpress.ma","Dur\u00e9e de lecture estim\u00e9e":"2 minutes"},"schema":{"@context":"https:\/\/schema.org","@graph":[{"@type":"Article","@id":"https:\/\/dpress.ma\/fr\/2025\/09\/12\/attaque-israelienne-le-conseil-de-securite-de-lonu-souligne-son-soutien-a-la-souverainete-du-qatar\/#article","isPartOf":{"@id":"https:\/\/dpress.ma\/fr\/2025\/09\/12\/attaque-israelienne-le-conseil-de-securite-de-lonu-souligne-son-soutien-a-la-souverainete-du-qatar\/"},"author":{"name":"Dpress.ma","@id":"https:\/\/dpress.ma\/fr\/#\/schema\/person\/4898febf3ccd59e6578d838656a306a0"},"headline":"Attaque isra\u00e9lienne: Le Conseil de s\u00e9curit\u00e9 de l\u2019ONU souligne son soutien \u00e0 la souverainet\u00e9 du Qatar","datePublished":"2025-09-12T08:19:20+00:00","dateModified":"2025-09-12T08:19:21+00:00","mainEntityOfPage":{"@id":"https:\/\/dpress.ma\/fr\/2025\/09\/12\/attaque-israelienne-le-conseil-de-securite-de-lonu-souligne-son-soutien-a-la-souverainete-du-qatar\/"},"wordCount":208,"commentCount":0,"image":{"@id":"https:\/\/dpress.ma\/fr\/2025\/09\/12\/attaque-israelienne-le-conseil-de-securite-de-lonu-souligne-son-soutien-a-la-souverainete-du-qatar\/#primaryimage"},"thumbnailUrl":"https:\/\/dpress.ma\/fr\/wp-content\/uploads\/sites\/2\/2025\/09\/dimensions2-46.jpg","articleSection":["opinions-et-debats"],"inLanguage":"fr-FR","potentialAction":[{"@type":"CommentAction","name":"Comment","target":["https:\/\/dpress.ma\/fr\/2025\/09\/12\/attaque-israelienne-le-conseil-de-securite-de-lonu-souligne-son-soutien-a-la-souverainete-du-qatar\/#respond"]}]},{"@type":"WebPage","@id":"https:\/\/dpress.ma\/fr\/2025\/09\/12\/attaque-israelienne-le-conseil-de-securite-de-lonu-souligne-son-soutien-a-la-souverainete-du-qatar\/","url":"https:\/\/dpress.ma\/fr\/2025\/09\/12\/attaque-israelienne-le-conseil-de-securite-de-lonu-souligne-son-soutien-a-la-souverainete-du-qatar\/","name":"Attaque isra\u00e9lienne: Le Conseil de s\u00e9curit\u00e9 de l\u2019ONU souligne son soutien \u00e0 la souverainet\u00e9 du Qatar - Dpress.ma\/fr","isPartOf":{"@id":"https:\/\/dpress.ma\/fr\/#website"},"primaryImageOfPage":{"@id":"https:\/\/dpress.ma\/fr\/2025\/09\/12\/attaque-israelienne-le-conseil-de-securite-de-lonu-souligne-son-soutien-a-la-souverainete-du-qatar\/#primaryimage"},"image":{"@id":"https:\/\/dpress.ma\/fr\/2025\/09\/12\/attaque-israelienne-le-conseil-de-securite-de-lonu-souligne-son-soutien-a-la-souverainete-du-qatar\/#primaryimage"},"thumbnailUrl":"https:\/\/dpress.ma\/fr\/wp-content\/uploads\/sites\/2\/2025\/09\/dimensions2-46.jpg","datePublished":"2025-09-12T08:19:20+00:00","dateModified":"2025-09-12T08:19:21+00:00","author":{"@id":"https:\/\/dpress.ma\/fr\/#\/schema\/person\/4898febf3ccd59e6578d838656a306a0"},"breadcrumb":{"@id":"https:\/\/dpress.ma\/fr\/2025\/09\/12\/attaque-israelienne-le-conseil-de-securite-de-lonu-souligne-son-soutien-a-la-souverainete-du-qatar\/#breadcrumb"},"inLanguage":"fr-FR","potentialAction":[{"@type":"ReadAction","target":["https:\/\/dpress.ma\/fr\/2025\/09\/12\/attaque-israelienne-le-conseil-de-securite-de-lonu-souligne-son-soutien-a-la-souverainete-du-qatar\/"]}]},{"@type":"ImageObject","inLanguage":"fr-FR","@id":"https:\/\/dpress.ma\/fr\/2025\/09\/12\/attaque-israelienne-le-conseil-de-securite-de-lonu-souligne-son-soutien-a-la-souverainete-du-qatar\/#primaryimage","url":"https:\/\/dpress.ma\/fr\/wp-content\/uploads\/sites\/2\/2025\/09\/dimensions2-46.jpg","contentUrl":"https:\/\/dpress.ma\/fr\/wp-content\/uploads\/sites\/2\/2025\/09\/dimensions2-46.jpg","width":2539,"height":1594},{"@type":"BreadcrumbList","@id":"https:\/\/dpress.ma\/fr\/2025\/09\/12\/attaque-israelienne-le-conseil-de-securite-de-lonu-souligne-son-soutien-a-la-souverainete-du-qatar\/#breadcrumb","itemListElement":[{"@type":"ListItem","position":1,"name":"Home","item":"https:\/\/dpress.ma\/fr\/"},{"@type":"ListItem","position":2,"name":"Attaque isra\u00e9lienne: Le Conseil de s\u00e9curit\u00e9 de l\u2019ONU souligne son soutien \u00e0 la souverainet\u00e9 du Qatar"}]},{"@type":"WebSite","@id":"https:\/\/dpress.ma\/fr\/#website","url":"https:\/\/dpress.ma\/fr\/","name":"Dpress.ma\/fr","description":"","potentialAction":[{"@type":"SearchAction","target":{"@type":"EntryPoint","urlTemplate":"https:\/\/dpress.ma\/fr\/?s={search_term_string}"},"query-input":{"@type":"PropertyValueSpecification","valueRequired":true,"valueName":"search_term_string"}}],"inLanguage":"fr-FR"},{"@type":"Person","@id":"https:\/\/dpress.ma\/fr\/#\/schema\/person\/4898febf3ccd59e6578d838656a306a0","name":"Dpress.ma","image":{"@type":"ImageObject","inLanguage":"fr-FR","@id":"https:\/\/secure.gravatar.com\/avatar\/72ecc30e9db047a2e0e7176561eb9d564ed77c8108376495b19bd8336405198a?s=96&d=mm&r=g","url":"https:\/\/secure.gravatar.com\/avatar\/72ecc30e9db047a2e0e7176561eb9d564ed77c8108376495b19bd8336405198a?s=96&d=mm&r=g","contentUrl":"https:\/\/secure.gravatar.com\/avatar\/72ecc30e9db047a2e0e7176561eb9d564ed77c8108376495b19bd8336405198a?s=96&d=mm&r=g","caption":"Dpress.ma"},"sameAs":["https:\/\/www.dpress.ma"],"url":"https:\/\/dpress.ma\/fr\/author\/dpress-ma\/"}]}},"amp_enabled":true,"_links":{"self":[{"href":"https:\/\/dpress.ma\/fr\/wp-json\/wp\/v2\/posts\/16129","targetHints":{"allow":["GET"]}}],"collection":[{"href":"https:\/\/dpress.ma\/fr\/wp-json\/wp\/v2\/posts"}],"about":[{"href":"https:\/\/dpress.ma\/fr\/wp-json\/wp\/v2\/types\/post"}],"author":[{"embeddable":true,"href":"https:\/\/dpress.ma\/fr\/wp-json\/wp\/v2\/users\/2"}],"replies":[{"embeddable":true,"href":"https:\/\/dpress.ma\/fr\/wp-json\/wp\/v2\/comments?post=16129"}],"version-history":[{"count":1,"href":"https:\/\/dpress.ma\/fr\/wp-json\/wp\/v2\/posts\/16129\/revisions"}],"predecessor-version":[{"id":16131,"href":"https:\/\/dpress.ma\/fr\/wp-json\/wp\/v2\/posts\/16129\/revisions\/16131"}],"wp:featuredmedia":[{"embeddable":true,"href":"https:\/\/dpress.ma\/fr\/wp-json\/wp\/v2\/media\/16130"}],"wp:attachment":[{"href":"https:\/\/dpress.ma\/fr\/wp-json\/wp\/v2\/media?parent=16129"}],"wp:term":[{"taxonomy":"category","embeddable":true,"href":"https:\/\/dpress.ma\/fr\/wp-json\/wp\/v2\/categories?post=16129"},{"taxonomy":"post_tag","embeddable":true,"href":"https:\/\/dpress.ma\/fr\/wp-json\/wp\/v2\/tags?post=16129"}],"curies":[{"name":"wp","href":"https:\/\/api.w.org\/{rel}","templated":true}]}}