{"id":16121,"date":"2025-09-11T15:31:15","date_gmt":"2025-09-11T15:31:15","guid":{"rendered":"https:\/\/dpress.ma\/fr\/?p=16121"},"modified":"2025-09-11T15:31:15","modified_gmt":"2025-09-11T15:31:15","slug":"le-conseil-de-gouvernement-adopte-un-projet-de-decret-relatif-a-certains-equipements-de-pulverisation-de-produits-de-protection-des-vegetaux","status":"publish","type":"post","link":"https:\/\/dpress.ma\/fr\/2025\/09\/11\/le-conseil-de-gouvernement-adopte-un-projet-de-decret-relatif-a-certains-equipements-de-pulverisation-de-produits-de-protection-des-vegetaux\/","title":{"rendered":"Le Conseil de gouvernement adopte un projet de d\u00e9cret relatif \u00e0 certains \u00e9quipements de pulv\u00e9risation de produits de protection des v\u00e9g\u00e9taux"},"content":{"rendered":"\n<p>Dpress<\/p>\n\n\n\n<p>Le Conseil de gouvernement a adopt\u00e9, jeudi, le projet de d\u00e9cret n\u00b0 2.23.589 relatif \u00e0 certains \u00e9quipements de pulv\u00e9risation de produits de protection des v\u00e9g\u00e9taux, pr\u00e9sent\u00e9 par le ministre de l\u2019Agriculture, de la P\u00eache maritime, du D\u00e9veloppement rural et des Eaux et For\u00eats, Ahmed El Bouari.<\/p>\n\n\n\n<p>Ce projet de d\u00e9cret s\u2019inscrit dans le cadre de l\u2019application des dispositions de l\u2019article 46 de la loi n\u00b0 76.17 relative \u00e0 la protection des v\u00e9g\u00e9taux, promulgu\u00e9e par le dahir ch\u00e9rifien n\u00b0 1.21.66 du 3 Dou Al Hijja 1442 (14 juillet 2021), qui constitue le nouveau cadre juridique permettant la surveillance, le contr\u00f4le et la lutte contre les organismes nuisibles aux v\u00e9g\u00e9taux, afin de garantir la protection de la sant\u00e9 v\u00e9g\u00e9tale du patrimoine phytosanitaire national, a indiqu\u00e9 le ministre d\u00e9l\u00e9gu\u00e9 charg\u00e9 des Relations avec le Parlement, porte-parole du gouvernement, Mustapha Baitas, lors d\u2019un point de presse tenu \u00e0 l\u2019issue du Conseil.<\/p>\n\n\n\n<p>Il a not\u00e9 que ce projet de d\u00e9cret vise \u00e0 d\u00e9terminer les cat\u00e9gories d\u2019\u00e9quipements de pulv\u00e9risation de produits de protection des v\u00e9g\u00e9taux soumis au contr\u00f4le pr\u00e9vu \u00e0 l\u2019article 46 de ladite loi, ainsi que les sp\u00e9cifications techniques auxquelles doivent r\u00e9pondre lesdits \u00e9quipements de pulv\u00e9risation.<\/p>\n","protected":false},"excerpt":{"rendered":"<p>Dpress Le Conseil de gouvernement a adopt\u00e9, jeudi, le projet de d\u00e9cret n\u00b0 2.23.589 relatif \u00e0 certains \u00e9quipements de pulv\u00e9risation de produits de protection des v\u00e9g\u00e9taux, pr\u00e9sent\u00e9 par le ministre de l\u2019Agriculture, de la P\u00eache maritime, du D\u00e9veloppement rural et des Eaux et For\u00eats, Ahmed El Bouari. Ce projet de d\u00e9cret s\u2019inscrit dans le cadre &hellip;<\/p>\n","protected":false},"author":2,"featured_media":16122,"comment_status":"open","ping_status":"open","sticky":false,"template":"","format":"standard","meta":{"footnotes":""},"categories":[26],"tags":[],"class_list":["post-16121","post","type-post","status-publish","format-standard","has-post-thumbnail","hentry","category-politiques"],"yoast_head":"<!-- This site is optimized with the Yoast SEO plugin v27.5 - https:\/\/yoast.com\/product\/yoast-seo-wordpress\/ -->\n<title>Le Conseil de gouvernement adopte un projet de d\u00e9cret relatif \u00e0 certains \u00e9quipements de pulv\u00e9risation de produits de protection des v\u00e9g\u00e9taux - Dpress.ma\/fr<\/title>\n<meta name=\"robots\" content=\"index, follow, max-snippet:-1, max-image-preview:large, max-video-preview:-1\" \/>\n<link rel=\"canonical\" href=\"https:\/\/dpress.ma\/fr\/2025\/09\/11\/le-conseil-de-gouvernement-adopte-un-projet-de-decret-relatif-a-certains-equipements-de-pulverisation-de-produits-de-protection-des-vegetaux\/\" \/>\n<meta property=\"og:locale\" content=\"fr_FR\" \/>\n<meta property=\"og:type\" content=\"article\" \/>\n<meta property=\"og:title\" content=\"Le Conseil de gouvernement adopte un projet de d\u00e9cret relatif \u00e0 certains \u00e9quipements de pulv\u00e9risation de produits de protection des v\u00e9g\u00e9taux - Dpress.ma\/fr\" \/>\n<meta property=\"og:description\" content=\"Dpress Le Conseil de gouvernement a adopt\u00e9, jeudi, le projet de d\u00e9cret n\u00b0 2.23.589 relatif \u00e0 certains \u00e9quipements de pulv\u00e9risation de produits de protection des v\u00e9g\u00e9taux, pr\u00e9sent\u00e9 par le ministre de l\u2019Agriculture, de la P\u00eache maritime, du D\u00e9veloppement rural et des Eaux et For\u00eats, Ahmed El Bouari. Ce projet de d\u00e9cret s\u2019inscrit dans le cadre &hellip;\" \/>\n<meta property=\"og:url\" content=\"https:\/\/dpress.ma\/fr\/2025\/09\/11\/le-conseil-de-gouvernement-adopte-un-projet-de-decret-relatif-a-certains-equipements-de-pulverisation-de-produits-de-protection-des-vegetaux\/\" \/>\n<meta property=\"og:site_name\" content=\"Dpress.ma\/fr\" \/>\n<meta property=\"article:published_time\" content=\"2025-09-11T15:31:15+00:00\" \/>\n<meta property=\"og:image\" content=\"https:\/\/dpress.ma\/fr\/wp-content\/uploads\/sites\/2\/2025\/09\/dimensions2-44.jpg\" \/>\n\t<meta property=\"og:image:width\" content=\"2539\" \/>\n\t<meta property=\"og:image:height\" content=\"1594\" \/>\n\t<meta property=\"og:image:type\" content=\"image\/jpeg\" \/>\n<meta name=\"author\" content=\"Dpress.ma\" \/>\n<meta name=\"twitter:card\" content=\"summary_large_image\" \/>\n<meta name=\"twitter:label1\" content=\"\u00c9crit par\" \/>\n\t<meta name=\"twitter:data1\" content=\"Dpress.ma\" \/>\n\t<meta name=\"twitter:label2\" content=\"Dur\u00e9e de lecture estim\u00e9e\" \/>\n\t<meta name=\"twitter:data2\" content=\"2 minutes\" \/>\n<script type=\"application\/ld+json\" class=\"yoast-schema-graph\">{\"@context\":\"https:\\\/\\\/schema.org\",\"@graph\":[{\"@type\":\"Article\",\"@id\":\"https:\\\/\\\/dpress.ma\\\/fr\\\/2025\\\/09\\\/11\\\/le-conseil-de-gouvernement-adopte-un-projet-de-decret-relatif-a-certains-equipements-de-pulverisation-de-produits-de-protection-des-vegetaux\\\/#article\",\"isPartOf\":{\"@id\":\"https:\\\/\\\/dpress.ma\\\/fr\\\/2025\\\/09\\\/11\\\/le-conseil-de-gouvernement-adopte-un-projet-de-decret-relatif-a-certains-equipements-de-pulverisation-de-produits-de-protection-des-vegetaux\\\/\"},\"author\":{\"name\":\"Dpress.ma\",\"@id\":\"https:\\\/\\\/dpress.ma\\\/fr\\\/#\\\/schema\\\/person\\\/4898febf3ccd59e6578d838656a306a0\"},\"headline\":\"Le Conseil de gouvernement adopte un projet de d\u00e9cret relatif \u00e0 certains \u00e9quipements de pulv\u00e9risation de produits de protection des v\u00e9g\u00e9taux\",\"datePublished\":\"2025-09-11T15:31:15+00:00\",\"mainEntityOfPage\":{\"@id\":\"https:\\\/\\\/dpress.ma\\\/fr\\\/2025\\\/09\\\/11\\\/le-conseil-de-gouvernement-adopte-un-projet-de-decret-relatif-a-certains-equipements-de-pulverisation-de-produits-de-protection-des-vegetaux\\\/\"},\"wordCount\":241,\"commentCount\":0,\"image\":{\"@id\":\"https:\\\/\\\/dpress.ma\\\/fr\\\/2025\\\/09\\\/11\\\/le-conseil-de-gouvernement-adopte-un-projet-de-decret-relatif-a-certains-equipements-de-pulverisation-de-produits-de-protection-des-vegetaux\\\/#primaryimage\"},\"thumbnailUrl\":\"https:\\\/\\\/dpress.ma\\\/fr\\\/wp-content\\\/uploads\\\/sites\\\/2\\\/2025\\\/09\\\/dimensions2-44.jpg\",\"articleSection\":[\"Politiques\"],\"inLanguage\":\"fr-FR\",\"potentialAction\":[{\"@type\":\"CommentAction\",\"name\":\"Comment\",\"target\":[\"https:\\\/\\\/dpress.ma\\\/fr\\\/2025\\\/09\\\/11\\\/le-conseil-de-gouvernement-adopte-un-projet-de-decret-relatif-a-certains-equipements-de-pulverisation-de-produits-de-protection-des-vegetaux\\\/#respond\"]}]},{\"@type\":\"WebPage\",\"@id\":\"https:\\\/\\\/dpress.ma\\\/fr\\\/2025\\\/09\\\/11\\\/le-conseil-de-gouvernement-adopte-un-projet-de-decret-relatif-a-certains-equipements-de-pulverisation-de-produits-de-protection-des-vegetaux\\\/\",\"url\":\"https:\\\/\\\/dpress.ma\\\/fr\\\/2025\\\/09\\\/11\\\/le-conseil-de-gouvernement-adopte-un-projet-de-decret-relatif-a-certains-equipements-de-pulverisation-de-produits-de-protection-des-vegetaux\\\/\",\"name\":\"Le Conseil de gouvernement adopte un projet de d\u00e9cret relatif \u00e0 certains \u00e9quipements de pulv\u00e9risation de produits de protection des v\u00e9g\u00e9taux - Dpress.ma\\\/fr\",\"isPartOf\":{\"@id\":\"https:\\\/\\\/dpress.ma\\\/fr\\\/#website\"},\"primaryImageOfPage\":{\"@id\":\"https:\\\/\\\/dpress.ma\\\/fr\\\/2025\\\/09\\\/11\\\/le-conseil-de-gouvernement-adopte-un-projet-de-decret-relatif-a-certains-equipements-de-pulverisation-de-produits-de-protection-des-vegetaux\\\/#primaryimage\"},\"image\":{\"@id\":\"https:\\\/\\\/dpress.ma\\\/fr\\\/2025\\\/09\\\/11\\\/le-conseil-de-gouvernement-adopte-un-projet-de-decret-relatif-a-certains-equipements-de-pulverisation-de-produits-de-protection-des-vegetaux\\\/#primaryimage\"},\"thumbnailUrl\":\"https:\\\/\\\/dpress.ma\\\/fr\\\/wp-content\\\/uploads\\\/sites\\\/2\\\/2025\\\/09\\\/dimensions2-44.jpg\",\"datePublished\":\"2025-09-11T15:31:15+00:00\",\"author\":{\"@id\":\"https:\\\/\\\/dpress.ma\\\/fr\\\/#\\\/schema\\\/person\\\/4898febf3ccd59e6578d838656a306a0\"},\"breadcrumb\":{\"@id\":\"https:\\\/\\\/dpress.ma\\\/fr\\\/2025\\\/09\\\/11\\\/le-conseil-de-gouvernement-adopte-un-projet-de-decret-relatif-a-certains-equipements-de-pulverisation-de-produits-de-protection-des-vegetaux\\\/#breadcrumb\"},\"inLanguage\":\"fr-FR\",\"potentialAction\":[{\"@type\":\"ReadAction\",\"target\":[\"https:\\\/\\\/dpress.ma\\\/fr\\\/2025\\\/09\\\/11\\\/le-conseil-de-gouvernement-adopte-un-projet-de-decret-relatif-a-certains-equipements-de-pulverisation-de-produits-de-protection-des-vegetaux\\\/\"]}]},{\"@type\":\"ImageObject\",\"inLanguage\":\"fr-FR\",\"@id\":\"https:\\\/\\\/dpress.ma\\\/fr\\\/2025\\\/09\\\/11\\\/le-conseil-de-gouvernement-adopte-un-projet-de-decret-relatif-a-certains-equipements-de-pulverisation-de-produits-de-protection-des-vegetaux\\\/#primaryimage\",\"url\":\"https:\\\/\\\/dpress.ma\\\/fr\\\/wp-content\\\/uploads\\\/sites\\\/2\\\/2025\\\/09\\\/dimensions2-44.jpg\",\"contentUrl\":\"https:\\\/\\\/dpress.ma\\\/fr\\\/wp-content\\\/uploads\\\/sites\\\/2\\\/2025\\\/09\\\/dimensions2-44.jpg\",\"width\":2539,\"height\":1594},{\"@type\":\"BreadcrumbList\",\"@id\":\"https:\\\/\\\/dpress.ma\\\/fr\\\/2025\\\/09\\\/11\\\/le-conseil-de-gouvernement-adopte-un-projet-de-decret-relatif-a-certains-equipements-de-pulverisation-de-produits-de-protection-des-vegetaux\\\/#breadcrumb\",\"itemListElement\":[{\"@type\":\"ListItem\",\"position\":1,\"name\":\"Home\",\"item\":\"https:\\\/\\\/dpress.ma\\\/fr\\\/\"},{\"@type\":\"ListItem\",\"position\":2,\"name\":\"Le Conseil de gouvernement adopte un projet de d\u00e9cret relatif \u00e0 certains \u00e9quipements de pulv\u00e9risation de produits de protection des v\u00e9g\u00e9taux\"}]},{\"@type\":\"WebSite\",\"@id\":\"https:\\\/\\\/dpress.ma\\\/fr\\\/#website\",\"url\":\"https:\\\/\\\/dpress.ma\\\/fr\\\/\",\"name\":\"Dpress.ma\\\/fr\",\"description\":\"\",\"potentialAction\":[{\"@type\":\"SearchAction\",\"target\":{\"@type\":\"EntryPoint\",\"urlTemplate\":\"https:\\\/\\\/dpress.ma\\\/fr\\\/?s={search_term_string}\"},\"query-input\":{\"@type\":\"PropertyValueSpecification\",\"valueRequired\":true,\"valueName\":\"search_term_string\"}}],\"inLanguage\":\"fr-FR\"},{\"@type\":\"Person\",\"@id\":\"https:\\\/\\\/dpress.ma\\\/fr\\\/#\\\/schema\\\/person\\\/4898febf3ccd59e6578d838656a306a0\",\"name\":\"Dpress.ma\",\"image\":{\"@type\":\"ImageObject\",\"inLanguage\":\"fr-FR\",\"@id\":\"https:\\\/\\\/secure.gravatar.com\\\/avatar\\\/72ecc30e9db047a2e0e7176561eb9d564ed77c8108376495b19bd8336405198a?s=96&d=mm&r=g\",\"url\":\"https:\\\/\\\/secure.gravatar.com\\\/avatar\\\/72ecc30e9db047a2e0e7176561eb9d564ed77c8108376495b19bd8336405198a?s=96&d=mm&r=g\",\"contentUrl\":\"https:\\\/\\\/secure.gravatar.com\\\/avatar\\\/72ecc30e9db047a2e0e7176561eb9d564ed77c8108376495b19bd8336405198a?s=96&d=mm&r=g\",\"caption\":\"Dpress.ma\"},\"sameAs\":[\"https:\\\/\\\/www.dpress.ma\"],\"url\":\"https:\\\/\\\/dpress.ma\\\/fr\\\/author\\\/dpress-ma\\\/\"}]}<\/script>\n<!-- \/ Yoast SEO plugin. -->","yoast_head_json":{"title":"Le Conseil de gouvernement adopte un projet de d\u00e9cret relatif \u00e0 certains \u00e9quipements de pulv\u00e9risation de produits de protection des v\u00e9g\u00e9taux - Dpress.ma\/fr","robots":{"index":"index","follow":"follow","max-snippet":"max-snippet:-1","max-image-preview":"max-image-preview:large","max-video-preview":"max-video-preview:-1"},"canonical":"https:\/\/dpress.ma\/fr\/2025\/09\/11\/le-conseil-de-gouvernement-adopte-un-projet-de-decret-relatif-a-certains-equipements-de-pulverisation-de-produits-de-protection-des-vegetaux\/","og_locale":"fr_FR","og_type":"article","og_title":"Le Conseil de gouvernement adopte un projet de d\u00e9cret relatif \u00e0 certains \u00e9quipements de pulv\u00e9risation de produits de protection des v\u00e9g\u00e9taux - Dpress.ma\/fr","og_description":"Dpress Le Conseil de gouvernement a adopt\u00e9, jeudi, le projet de d\u00e9cret n\u00b0 2.23.589 relatif \u00e0 certains \u00e9quipements de pulv\u00e9risation de produits de protection des v\u00e9g\u00e9taux, pr\u00e9sent\u00e9 par le ministre de l\u2019Agriculture, de la P\u00eache maritime, du D\u00e9veloppement rural et des Eaux et For\u00eats, Ahmed El Bouari. Ce projet de d\u00e9cret s\u2019inscrit dans le cadre &hellip;","og_url":"https:\/\/dpress.ma\/fr\/2025\/09\/11\/le-conseil-de-gouvernement-adopte-un-projet-de-decret-relatif-a-certains-equipements-de-pulverisation-de-produits-de-protection-des-vegetaux\/","og_site_name":"Dpress.ma\/fr","article_published_time":"2025-09-11T15:31:15+00:00","og_image":[{"width":2539,"height":1594,"url":"https:\/\/dpress.ma\/fr\/wp-content\/uploads\/sites\/2\/2025\/09\/dimensions2-44.jpg","type":"image\/jpeg"}],"author":"Dpress.ma","twitter_card":"summary_large_image","twitter_misc":{"\u00c9crit par":"Dpress.ma","Dur\u00e9e de lecture estim\u00e9e":"2 minutes"},"schema":{"@context":"https:\/\/schema.org","@graph":[{"@type":"Article","@id":"https:\/\/dpress.ma\/fr\/2025\/09\/11\/le-conseil-de-gouvernement-adopte-un-projet-de-decret-relatif-a-certains-equipements-de-pulverisation-de-produits-de-protection-des-vegetaux\/#article","isPartOf":{"@id":"https:\/\/dpress.ma\/fr\/2025\/09\/11\/le-conseil-de-gouvernement-adopte-un-projet-de-decret-relatif-a-certains-equipements-de-pulverisation-de-produits-de-protection-des-vegetaux\/"},"author":{"name":"Dpress.ma","@id":"https:\/\/dpress.ma\/fr\/#\/schema\/person\/4898febf3ccd59e6578d838656a306a0"},"headline":"Le Conseil de gouvernement adopte un projet de d\u00e9cret relatif \u00e0 certains \u00e9quipements de pulv\u00e9risation de produits de protection des v\u00e9g\u00e9taux","datePublished":"2025-09-11T15:31:15+00:00","mainEntityOfPage":{"@id":"https:\/\/dpress.ma\/fr\/2025\/09\/11\/le-conseil-de-gouvernement-adopte-un-projet-de-decret-relatif-a-certains-equipements-de-pulverisation-de-produits-de-protection-des-vegetaux\/"},"wordCount":241,"commentCount":0,"image":{"@id":"https:\/\/dpress.ma\/fr\/2025\/09\/11\/le-conseil-de-gouvernement-adopte-un-projet-de-decret-relatif-a-certains-equipements-de-pulverisation-de-produits-de-protection-des-vegetaux\/#primaryimage"},"thumbnailUrl":"https:\/\/dpress.ma\/fr\/wp-content\/uploads\/sites\/2\/2025\/09\/dimensions2-44.jpg","articleSection":["Politiques"],"inLanguage":"fr-FR","potentialAction":[{"@type":"CommentAction","name":"Comment","target":["https:\/\/dpress.ma\/fr\/2025\/09\/11\/le-conseil-de-gouvernement-adopte-un-projet-de-decret-relatif-a-certains-equipements-de-pulverisation-de-produits-de-protection-des-vegetaux\/#respond"]}]},{"@type":"WebPage","@id":"https:\/\/dpress.ma\/fr\/2025\/09\/11\/le-conseil-de-gouvernement-adopte-un-projet-de-decret-relatif-a-certains-equipements-de-pulverisation-de-produits-de-protection-des-vegetaux\/","url":"https:\/\/dpress.ma\/fr\/2025\/09\/11\/le-conseil-de-gouvernement-adopte-un-projet-de-decret-relatif-a-certains-equipements-de-pulverisation-de-produits-de-protection-des-vegetaux\/","name":"Le Conseil de gouvernement adopte un projet de d\u00e9cret relatif \u00e0 certains \u00e9quipements de pulv\u00e9risation de produits de protection des v\u00e9g\u00e9taux - Dpress.ma\/fr","isPartOf":{"@id":"https:\/\/dpress.ma\/fr\/#website"},"primaryImageOfPage":{"@id":"https:\/\/dpress.ma\/fr\/2025\/09\/11\/le-conseil-de-gouvernement-adopte-un-projet-de-decret-relatif-a-certains-equipements-de-pulverisation-de-produits-de-protection-des-vegetaux\/#primaryimage"},"image":{"@id":"https:\/\/dpress.ma\/fr\/2025\/09\/11\/le-conseil-de-gouvernement-adopte-un-projet-de-decret-relatif-a-certains-equipements-de-pulverisation-de-produits-de-protection-des-vegetaux\/#primaryimage"},"thumbnailUrl":"https:\/\/dpress.ma\/fr\/wp-content\/uploads\/sites\/2\/2025\/09\/dimensions2-44.jpg","datePublished":"2025-09-11T15:31:15+00:00","author":{"@id":"https:\/\/dpress.ma\/fr\/#\/schema\/person\/4898febf3ccd59e6578d838656a306a0"},"breadcrumb":{"@id":"https:\/\/dpress.ma\/fr\/2025\/09\/11\/le-conseil-de-gouvernement-adopte-un-projet-de-decret-relatif-a-certains-equipements-de-pulverisation-de-produits-de-protection-des-vegetaux\/#breadcrumb"},"inLanguage":"fr-FR","potentialAction":[{"@type":"ReadAction","target":["https:\/\/dpress.ma\/fr\/2025\/09\/11\/le-conseil-de-gouvernement-adopte-un-projet-de-decret-relatif-a-certains-equipements-de-pulverisation-de-produits-de-protection-des-vegetaux\/"]}]},{"@type":"ImageObject","inLanguage":"fr-FR","@id":"https:\/\/dpress.ma\/fr\/2025\/09\/11\/le-conseil-de-gouvernement-adopte-un-projet-de-decret-relatif-a-certains-equipements-de-pulverisation-de-produits-de-protection-des-vegetaux\/#primaryimage","url":"https:\/\/dpress.ma\/fr\/wp-content\/uploads\/sites\/2\/2025\/09\/dimensions2-44.jpg","contentUrl":"https:\/\/dpress.ma\/fr\/wp-content\/uploads\/sites\/2\/2025\/09\/dimensions2-44.jpg","width":2539,"height":1594},{"@type":"BreadcrumbList","@id":"https:\/\/dpress.ma\/fr\/2025\/09\/11\/le-conseil-de-gouvernement-adopte-un-projet-de-decret-relatif-a-certains-equipements-de-pulverisation-de-produits-de-protection-des-vegetaux\/#breadcrumb","itemListElement":[{"@type":"ListItem","position":1,"name":"Home","item":"https:\/\/dpress.ma\/fr\/"},{"@type":"ListItem","position":2,"name":"Le Conseil de gouvernement adopte un projet de d\u00e9cret relatif \u00e0 certains \u00e9quipements de pulv\u00e9risation de produits de protection des v\u00e9g\u00e9taux"}]},{"@type":"WebSite","@id":"https:\/\/dpress.ma\/fr\/#website","url":"https:\/\/dpress.ma\/fr\/","name":"Dpress.ma\/fr","description":"","potentialAction":[{"@type":"SearchAction","target":{"@type":"EntryPoint","urlTemplate":"https:\/\/dpress.ma\/fr\/?s={search_term_string}"},"query-input":{"@type":"PropertyValueSpecification","valueRequired":true,"valueName":"search_term_string"}}],"inLanguage":"fr-FR"},{"@type":"Person","@id":"https:\/\/dpress.ma\/fr\/#\/schema\/person\/4898febf3ccd59e6578d838656a306a0","name":"Dpress.ma","image":{"@type":"ImageObject","inLanguage":"fr-FR","@id":"https:\/\/secure.gravatar.com\/avatar\/72ecc30e9db047a2e0e7176561eb9d564ed77c8108376495b19bd8336405198a?s=96&d=mm&r=g","url":"https:\/\/secure.gravatar.com\/avatar\/72ecc30e9db047a2e0e7176561eb9d564ed77c8108376495b19bd8336405198a?s=96&d=mm&r=g","contentUrl":"https:\/\/secure.gravatar.com\/avatar\/72ecc30e9db047a2e0e7176561eb9d564ed77c8108376495b19bd8336405198a?s=96&d=mm&r=g","caption":"Dpress.ma"},"sameAs":["https:\/\/www.dpress.ma"],"url":"https:\/\/dpress.ma\/fr\/author\/dpress-ma\/"}]}},"amp_enabled":true,"_links":{"self":[{"href":"https:\/\/dpress.ma\/fr\/wp-json\/wp\/v2\/posts\/16121","targetHints":{"allow":["GET"]}}],"collection":[{"href":"https:\/\/dpress.ma\/fr\/wp-json\/wp\/v2\/posts"}],"about":[{"href":"https:\/\/dpress.ma\/fr\/wp-json\/wp\/v2\/types\/post"}],"author":[{"embeddable":true,"href":"https:\/\/dpress.ma\/fr\/wp-json\/wp\/v2\/users\/2"}],"replies":[{"embeddable":true,"href":"https:\/\/dpress.ma\/fr\/wp-json\/wp\/v2\/comments?post=16121"}],"version-history":[{"count":1,"href":"https:\/\/dpress.ma\/fr\/wp-json\/wp\/v2\/posts\/16121\/revisions"}],"predecessor-version":[{"id":16123,"href":"https:\/\/dpress.ma\/fr\/wp-json\/wp\/v2\/posts\/16121\/revisions\/16123"}],"wp:featuredmedia":[{"embeddable":true,"href":"https:\/\/dpress.ma\/fr\/wp-json\/wp\/v2\/media\/16122"}],"wp:attachment":[{"href":"https:\/\/dpress.ma\/fr\/wp-json\/wp\/v2\/media?parent=16121"}],"wp:term":[{"taxonomy":"category","embeddable":true,"href":"https:\/\/dpress.ma\/fr\/wp-json\/wp\/v2\/categories?post=16121"},{"taxonomy":"post_tag","embeddable":true,"href":"https:\/\/dpress.ma\/fr\/wp-json\/wp\/v2\/tags?post=16121"}],"curies":[{"name":"wp","href":"https:\/\/api.w.org\/{rel}","templated":true}]}}