{"id":16097,"date":"2025-09-11T08:35:57","date_gmt":"2025-09-11T08:35:57","guid":{"rendered":"https:\/\/dpress.ma\/fr\/?p=16097"},"modified":"2025-09-11T08:35:58","modified_gmt":"2025-09-11T08:35:58","slug":"reunion-a-rabat-du-comite-permanent-de-la-securite-routiere","status":"publish","type":"post","link":"https:\/\/dpress.ma\/fr\/2025\/09\/11\/reunion-a-rabat-du-comite-permanent-de-la-securite-routiere\/","title":{"rendered":"R\u00e9union \u00e0 Rabat du Comit\u00e9 permanent de la s\u00e9curit\u00e9 routi\u00e8re"},"content":{"rendered":"\n<p>Dpress<\/p>\n\n\n\n<p>Le Comit\u00e9 permanent de la s\u00e9curit\u00e9 routi\u00e8re (CPSR)&nbsp;a tenu, mercredi \u00e0 Rabat, une r\u00e9union consacr\u00e9e \u00e0 la pr\u00e9sentation des statistiques provisoires des accidents de la route, du bilan de la mise en \u0153uvre du programme d\u2019urgence de la s\u00e9curit\u00e9 routi\u00e8re pour la p\u00e9riode estivale et des recommandations et propositions visant \u00e0 am\u00e9liorer le syst\u00e8me de s\u00e9curit\u00e9 routi\u00e8re.<\/p>\n\n\n\n<p>S\u2019exprimant \u00e0 cette occasion, le ministre&nbsp;du Transport et de la Logistique,&nbsp;Abdessamad Kayouh, a indiqu\u00e9 que cette r\u00e9union se tient dans un \u201ccontexte particulier et difficile\u201d marqu\u00e9 par une hausse notable et continue des indicateurs d\u2019ins\u00e9curit\u00e9 routi\u00e8re au cours des huit premiers mois de 2025.<\/p>\n\n\n\n<p>Selon les statistiques provisoires des accidents de la route, 2.922 d\u00e9c\u00e8s ont \u00e9t\u00e9 enregistr\u00e9s entre janvier et ao\u00fbt, soit une augmentation de 23,81% par rapport \u00e0 la m\u00eame p\u00e9riode de l\u2019ann\u00e9e pr\u00e9c\u00e9dente, avec une hausse de pr\u00e8s de 45,6 % en milieu urbain (dont environ 50 % parmi les utilisateurs de cyclomoteurs) et de 12,95% ailleurs, a pr\u00e9cis\u00e9 le ministre.<\/p>\n\n\n\n<p>\u201cLa probl\u00e9matique des accidents de la route, en particulier ceux impliquant les cyclomoteurs, requiert des mesures pratiques et concr\u00e8tes couvrant les diff\u00e9rentes \u00e9tapes li\u00e9es \u00e0 l\u2019importation, \u00e0 la commercialisation et \u00e0 la distribution de ces engins\u201d, tout en adaptant le syst\u00e8me l\u00e9gislatif et r\u00e9glementaire afin d\u2019offrir aux utilisateurs un produit conforme aux normes de s\u00e9curit\u00e9 routi\u00e8re, a relev\u00e9 M. Kayouh.<\/p>\n\n\n\n<p>Le ministre a \u00e9galement estim\u00e9 que les donn\u00e9es recueillies aupr\u00e8s du minist\u00e8re du Commerce et de l\u2019Industrie et de l\u2019Administration des douanes, font \u00e9tat d\u2019une forte hausse des importations de cyclomoteurs, notamment de Chine, qui sont pass\u00e9es de 121.674 unit\u00e9s en 2022 \u00e0 336.970 en 2024, dont 90% ont \u00e9t\u00e9 d\u00e9clar\u00e9es comme d\u2019une cylindr\u00e9e inf\u00e9rieure \u00e0 50 cm3.<\/p>\n\n\n\n<p>\u00c0 cet \u00e9gard, M. Kayouh a soulign\u00e9 que lors de la mise en \u0153uvre de certaines mesures concernant les usagers et les propri\u00e9taires de motos, notamment en mati\u00e8re de contr\u00f4le de leur conformit\u00e9 aux normes d\u2019homologation \u00e0 l\u2019aide d\u2019un speedometer (appareil de mesure de la vitesse maximale), il a \u00e9t\u00e9 r\u00e9v\u00e9l\u00e9 qu\u2019elles ont entrain\u00e9 nombre de probl\u00e8mes pour les cat\u00e9gories cibl\u00e9es, d\u2019o\u00f9 la n\u00e9cessit\u00e9 de revoir ces mesures en vue de garantir leur adaptation \u00e0 la r\u00e9alit\u00e9 du terrain sans compromettre la s\u00e9curit\u00e9 routi\u00e8re.<\/p>\n\n\n\n<p>De son c\u00f4t\u00e9, le directeur g\u00e9n\u00e9ral de l\u2019Agence nationale de la s\u00e9curit\u00e9 routi\u00e8re (NARSA), Benacer Boulaajoul, a indiqu\u00e9 dans une d\u00e9claration \u00e0 la presse que cette rencontre fait suite&nbsp;\u00e0 la premi\u00e8re r\u00e9union de juillet dernier, qui avait d\u00e9fini le programme d\u2019urgence pour la p\u00e9riode estivale, notant que ladite r\u00e9union a permis de faire le point sur ce qui a \u00e9t\u00e9 mis en \u0153uvre dans le cadre de ce programme, d\u2019autant plus que \u201cles donn\u00e9es montrent une augmentation continue des indicateurs d\u2019ins\u00e9curit\u00e9 routi\u00e8re li\u00e9s \u00e0 la p\u00e9riode estivale, en particulier en milieu urbain\u201d.<\/p>\n\n\n\n<p>La d\u00e9finition des m\u00e9canismes permettant de traiter les probl\u00e9matiques d\u2019ins\u00e9curit\u00e9 routi\u00e8re n\u00e9cessite d\u2019approfondir les discussions et les consultations avec l\u2019ensemble des acteurs, notamment les professionnels, dans le but de d\u00e9terminer les amendements \u00e0 apporter aux aspects l\u00e9gislatifs, r\u00e9glementaires et techniques, ainsi qu\u2019au cadre r\u00e9glementaire relatif \u00e0 la probl\u00e9matique des motos, a-t-il expliqu\u00e9.<\/p>\n\n\n\n<p>Lors de cette r\u00e9union, les membres du comit\u00e9 ont discut\u00e9 du programme d\u2019action pour la p\u00e9riode \u00e0 venir. \u00c0 cet effet, plusieurs mesures ont \u00e9t\u00e9 propos\u00e9es, dont la r\u00e9vision des dispositions l\u00e9gales actuelles, notamment les articles 111 et 157, l\u2019all\u00e8gement des sanctions \u00e0 l\u2019encontre des propri\u00e9taires de motos en infraction en cas de modification des caract\u00e9ristiques techniques des v\u00e9hicules et la r\u00e9vision des proc\u00e9dures de contr\u00f4le des importations en coordination avec les services comp\u00e9tents, afin de renforcer le contr\u00f4le des cyclomoteurs homologu\u00e9s par type.<\/p>\n\n\n\n<p>Il a \u00e9galement \u00e9t\u00e9 propos\u00e9 de cr\u00e9er une cellule sp\u00e9ciale d\u2019homologation aux points de passage charg\u00e9e de contr\u00f4ler la conformit\u00e9 des cyclomoteurs, telles que \u201cGreen pass\u201d, en vue de faciliter les importations pour les entreprises respectant respectent les normes d\u2019homologation et de suspendre la proc\u00e9dure de contr\u00f4le de cylindr\u00e9e \u00e0 l\u2019aide de speedometer.<\/p>\n","protected":false},"excerpt":{"rendered":"<p>Dpress Le Comit\u00e9 permanent de la s\u00e9curit\u00e9 routi\u00e8re (CPSR)&nbsp;a tenu, mercredi \u00e0 Rabat, une r\u00e9union consacr\u00e9e \u00e0 la pr\u00e9sentation des statistiques provisoires des accidents de la route, du bilan de la mise en \u0153uvre du programme d\u2019urgence de la s\u00e9curit\u00e9 routi\u00e8re pour la p\u00e9riode estivale et des recommandations et propositions visant \u00e0 am\u00e9liorer le syst\u00e8me &hellip;<\/p>\n","protected":false},"author":2,"featured_media":16098,"comment_status":"open","ping_status":"open","sticky":false,"template":"","format":"standard","meta":{"footnotes":""},"categories":[40],"tags":[],"class_list":["post-16097","post","type-post","status-publish","format-standard","has-post-thumbnail","hentry","category-societe-et-regions"],"yoast_head":"<!-- This site is optimized with the Yoast SEO plugin v27.5 - https:\/\/yoast.com\/product\/yoast-seo-wordpress\/ -->\n<title>R\u00e9union \u00e0 Rabat du Comit\u00e9 permanent de la s\u00e9curit\u00e9 routi\u00e8re - Dpress.ma\/fr<\/title>\n<meta name=\"robots\" content=\"index, follow, max-snippet:-1, max-image-preview:large, max-video-preview:-1\" \/>\n<link rel=\"canonical\" href=\"https:\/\/dpress.ma\/fr\/2025\/09\/11\/reunion-a-rabat-du-comite-permanent-de-la-securite-routiere\/\" \/>\n<meta property=\"og:locale\" content=\"fr_FR\" \/>\n<meta property=\"og:type\" content=\"article\" \/>\n<meta property=\"og:title\" content=\"R\u00e9union \u00e0 Rabat du Comit\u00e9 permanent de la s\u00e9curit\u00e9 routi\u00e8re - Dpress.ma\/fr\" \/>\n<meta property=\"og:description\" content=\"Dpress Le Comit\u00e9 permanent de la s\u00e9curit\u00e9 routi\u00e8re (CPSR)&nbsp;a tenu, mercredi \u00e0 Rabat, une r\u00e9union consacr\u00e9e \u00e0 la pr\u00e9sentation des statistiques provisoires des accidents de la route, du bilan de la mise en \u0153uvre du programme d\u2019urgence de la s\u00e9curit\u00e9 routi\u00e8re pour la p\u00e9riode estivale et des recommandations et propositions visant \u00e0 am\u00e9liorer le syst\u00e8me &hellip;\" \/>\n<meta property=\"og:url\" content=\"https:\/\/dpress.ma\/fr\/2025\/09\/11\/reunion-a-rabat-du-comite-permanent-de-la-securite-routiere\/\" \/>\n<meta property=\"og:site_name\" content=\"Dpress.ma\/fr\" \/>\n<meta property=\"article:published_time\" content=\"2025-09-11T08:35:57+00:00\" \/>\n<meta property=\"article:modified_time\" content=\"2025-09-11T08:35:58+00:00\" \/>\n<meta property=\"og:image\" content=\"https:\/\/dpress.ma\/fr\/wp-content\/uploads\/sites\/2\/2025\/09\/dimensions2-36.jpg\" \/>\n\t<meta property=\"og:image:width\" content=\"2539\" \/>\n\t<meta property=\"og:image:height\" content=\"1594\" \/>\n\t<meta property=\"og:image:type\" content=\"image\/jpeg\" \/>\n<meta name=\"author\" content=\"Dpress.ma\" \/>\n<meta name=\"twitter:card\" content=\"summary_large_image\" \/>\n<meta name=\"twitter:label1\" content=\"\u00c9crit par\" \/>\n\t<meta name=\"twitter:data1\" content=\"Dpress.ma\" \/>\n\t<meta name=\"twitter:label2\" content=\"Dur\u00e9e de lecture estim\u00e9e\" \/>\n\t<meta name=\"twitter:data2\" content=\"4 minutes\" \/>\n<script type=\"application\/ld+json\" class=\"yoast-schema-graph\">{\"@context\":\"https:\\\/\\\/schema.org\",\"@graph\":[{\"@type\":\"Article\",\"@id\":\"https:\\\/\\\/dpress.ma\\\/fr\\\/2025\\\/09\\\/11\\\/reunion-a-rabat-du-comite-permanent-de-la-securite-routiere\\\/#article\",\"isPartOf\":{\"@id\":\"https:\\\/\\\/dpress.ma\\\/fr\\\/2025\\\/09\\\/11\\\/reunion-a-rabat-du-comite-permanent-de-la-securite-routiere\\\/\"},\"author\":{\"name\":\"Dpress.ma\",\"@id\":\"https:\\\/\\\/dpress.ma\\\/fr\\\/#\\\/schema\\\/person\\\/4898febf3ccd59e6578d838656a306a0\"},\"headline\":\"R\u00e9union \u00e0 Rabat du Comit\u00e9 permanent de la s\u00e9curit\u00e9 routi\u00e8re\",\"datePublished\":\"2025-09-11T08:35:57+00:00\",\"dateModified\":\"2025-09-11T08:35:58+00:00\",\"mainEntityOfPage\":{\"@id\":\"https:\\\/\\\/dpress.ma\\\/fr\\\/2025\\\/09\\\/11\\\/reunion-a-rabat-du-comite-permanent-de-la-securite-routiere\\\/\"},\"wordCount\":761,\"commentCount\":0,\"image\":{\"@id\":\"https:\\\/\\\/dpress.ma\\\/fr\\\/2025\\\/09\\\/11\\\/reunion-a-rabat-du-comite-permanent-de-la-securite-routiere\\\/#primaryimage\"},\"thumbnailUrl\":\"https:\\\/\\\/dpress.ma\\\/fr\\\/wp-content\\\/uploads\\\/sites\\\/2\\\/2025\\\/09\\\/dimensions2-36.jpg\",\"articleSection\":[\"societe et regions\"],\"inLanguage\":\"fr-FR\",\"potentialAction\":[{\"@type\":\"CommentAction\",\"name\":\"Comment\",\"target\":[\"https:\\\/\\\/dpress.ma\\\/fr\\\/2025\\\/09\\\/11\\\/reunion-a-rabat-du-comite-permanent-de-la-securite-routiere\\\/#respond\"]}]},{\"@type\":\"WebPage\",\"@id\":\"https:\\\/\\\/dpress.ma\\\/fr\\\/2025\\\/09\\\/11\\\/reunion-a-rabat-du-comite-permanent-de-la-securite-routiere\\\/\",\"url\":\"https:\\\/\\\/dpress.ma\\\/fr\\\/2025\\\/09\\\/11\\\/reunion-a-rabat-du-comite-permanent-de-la-securite-routiere\\\/\",\"name\":\"R\u00e9union \u00e0 Rabat du Comit\u00e9 permanent de la s\u00e9curit\u00e9 routi\u00e8re - Dpress.ma\\\/fr\",\"isPartOf\":{\"@id\":\"https:\\\/\\\/dpress.ma\\\/fr\\\/#website\"},\"primaryImageOfPage\":{\"@id\":\"https:\\\/\\\/dpress.ma\\\/fr\\\/2025\\\/09\\\/11\\\/reunion-a-rabat-du-comite-permanent-de-la-securite-routiere\\\/#primaryimage\"},\"image\":{\"@id\":\"https:\\\/\\\/dpress.ma\\\/fr\\\/2025\\\/09\\\/11\\\/reunion-a-rabat-du-comite-permanent-de-la-securite-routiere\\\/#primaryimage\"},\"thumbnailUrl\":\"https:\\\/\\\/dpress.ma\\\/fr\\\/wp-content\\\/uploads\\\/sites\\\/2\\\/2025\\\/09\\\/dimensions2-36.jpg\",\"datePublished\":\"2025-09-11T08:35:57+00:00\",\"dateModified\":\"2025-09-11T08:35:58+00:00\",\"author\":{\"@id\":\"https:\\\/\\\/dpress.ma\\\/fr\\\/#\\\/schema\\\/person\\\/4898febf3ccd59e6578d838656a306a0\"},\"breadcrumb\":{\"@id\":\"https:\\\/\\\/dpress.ma\\\/fr\\\/2025\\\/09\\\/11\\\/reunion-a-rabat-du-comite-permanent-de-la-securite-routiere\\\/#breadcrumb\"},\"inLanguage\":\"fr-FR\",\"potentialAction\":[{\"@type\":\"ReadAction\",\"target\":[\"https:\\\/\\\/dpress.ma\\\/fr\\\/2025\\\/09\\\/11\\\/reunion-a-rabat-du-comite-permanent-de-la-securite-routiere\\\/\"]}]},{\"@type\":\"ImageObject\",\"inLanguage\":\"fr-FR\",\"@id\":\"https:\\\/\\\/dpress.ma\\\/fr\\\/2025\\\/09\\\/11\\\/reunion-a-rabat-du-comite-permanent-de-la-securite-routiere\\\/#primaryimage\",\"url\":\"https:\\\/\\\/dpress.ma\\\/fr\\\/wp-content\\\/uploads\\\/sites\\\/2\\\/2025\\\/09\\\/dimensions2-36.jpg\",\"contentUrl\":\"https:\\\/\\\/dpress.ma\\\/fr\\\/wp-content\\\/uploads\\\/sites\\\/2\\\/2025\\\/09\\\/dimensions2-36.jpg\",\"width\":2539,\"height\":1594},{\"@type\":\"BreadcrumbList\",\"@id\":\"https:\\\/\\\/dpress.ma\\\/fr\\\/2025\\\/09\\\/11\\\/reunion-a-rabat-du-comite-permanent-de-la-securite-routiere\\\/#breadcrumb\",\"itemListElement\":[{\"@type\":\"ListItem\",\"position\":1,\"name\":\"Home\",\"item\":\"https:\\\/\\\/dpress.ma\\\/fr\\\/\"},{\"@type\":\"ListItem\",\"position\":2,\"name\":\"R\u00e9union \u00e0 Rabat du Comit\u00e9 permanent de la s\u00e9curit\u00e9 routi\u00e8re\"}]},{\"@type\":\"WebSite\",\"@id\":\"https:\\\/\\\/dpress.ma\\\/fr\\\/#website\",\"url\":\"https:\\\/\\\/dpress.ma\\\/fr\\\/\",\"name\":\"Dpress.ma\\\/fr\",\"description\":\"\",\"potentialAction\":[{\"@type\":\"SearchAction\",\"target\":{\"@type\":\"EntryPoint\",\"urlTemplate\":\"https:\\\/\\\/dpress.ma\\\/fr\\\/?s={search_term_string}\"},\"query-input\":{\"@type\":\"PropertyValueSpecification\",\"valueRequired\":true,\"valueName\":\"search_term_string\"}}],\"inLanguage\":\"fr-FR\"},{\"@type\":\"Person\",\"@id\":\"https:\\\/\\\/dpress.ma\\\/fr\\\/#\\\/schema\\\/person\\\/4898febf3ccd59e6578d838656a306a0\",\"name\":\"Dpress.ma\",\"image\":{\"@type\":\"ImageObject\",\"inLanguage\":\"fr-FR\",\"@id\":\"https:\\\/\\\/secure.gravatar.com\\\/avatar\\\/72ecc30e9db047a2e0e7176561eb9d564ed77c8108376495b19bd8336405198a?s=96&d=mm&r=g\",\"url\":\"https:\\\/\\\/secure.gravatar.com\\\/avatar\\\/72ecc30e9db047a2e0e7176561eb9d564ed77c8108376495b19bd8336405198a?s=96&d=mm&r=g\",\"contentUrl\":\"https:\\\/\\\/secure.gravatar.com\\\/avatar\\\/72ecc30e9db047a2e0e7176561eb9d564ed77c8108376495b19bd8336405198a?s=96&d=mm&r=g\",\"caption\":\"Dpress.ma\"},\"sameAs\":[\"https:\\\/\\\/www.dpress.ma\"],\"url\":\"https:\\\/\\\/dpress.ma\\\/fr\\\/author\\\/dpress-ma\\\/\"}]}<\/script>\n<!-- \/ Yoast SEO plugin. -->","yoast_head_json":{"title":"R\u00e9union \u00e0 Rabat du Comit\u00e9 permanent de la s\u00e9curit\u00e9 routi\u00e8re - Dpress.ma\/fr","robots":{"index":"index","follow":"follow","max-snippet":"max-snippet:-1","max-image-preview":"max-image-preview:large","max-video-preview":"max-video-preview:-1"},"canonical":"https:\/\/dpress.ma\/fr\/2025\/09\/11\/reunion-a-rabat-du-comite-permanent-de-la-securite-routiere\/","og_locale":"fr_FR","og_type":"article","og_title":"R\u00e9union \u00e0 Rabat du Comit\u00e9 permanent de la s\u00e9curit\u00e9 routi\u00e8re - Dpress.ma\/fr","og_description":"Dpress Le Comit\u00e9 permanent de la s\u00e9curit\u00e9 routi\u00e8re (CPSR)&nbsp;a tenu, mercredi \u00e0 Rabat, une r\u00e9union consacr\u00e9e \u00e0 la pr\u00e9sentation des statistiques provisoires des accidents de la route, du bilan de la mise en \u0153uvre du programme d\u2019urgence de la s\u00e9curit\u00e9 routi\u00e8re pour la p\u00e9riode estivale et des recommandations et propositions visant \u00e0 am\u00e9liorer le syst\u00e8me &hellip;","og_url":"https:\/\/dpress.ma\/fr\/2025\/09\/11\/reunion-a-rabat-du-comite-permanent-de-la-securite-routiere\/","og_site_name":"Dpress.ma\/fr","article_published_time":"2025-09-11T08:35:57+00:00","article_modified_time":"2025-09-11T08:35:58+00:00","og_image":[{"width":2539,"height":1594,"url":"https:\/\/dpress.ma\/fr\/wp-content\/uploads\/sites\/2\/2025\/09\/dimensions2-36.jpg","type":"image\/jpeg"}],"author":"Dpress.ma","twitter_card":"summary_large_image","twitter_misc":{"\u00c9crit par":"Dpress.ma","Dur\u00e9e de lecture estim\u00e9e":"4 minutes"},"schema":{"@context":"https:\/\/schema.org","@graph":[{"@type":"Article","@id":"https:\/\/dpress.ma\/fr\/2025\/09\/11\/reunion-a-rabat-du-comite-permanent-de-la-securite-routiere\/#article","isPartOf":{"@id":"https:\/\/dpress.ma\/fr\/2025\/09\/11\/reunion-a-rabat-du-comite-permanent-de-la-securite-routiere\/"},"author":{"name":"Dpress.ma","@id":"https:\/\/dpress.ma\/fr\/#\/schema\/person\/4898febf3ccd59e6578d838656a306a0"},"headline":"R\u00e9union \u00e0 Rabat du Comit\u00e9 permanent de la s\u00e9curit\u00e9 routi\u00e8re","datePublished":"2025-09-11T08:35:57+00:00","dateModified":"2025-09-11T08:35:58+00:00","mainEntityOfPage":{"@id":"https:\/\/dpress.ma\/fr\/2025\/09\/11\/reunion-a-rabat-du-comite-permanent-de-la-securite-routiere\/"},"wordCount":761,"commentCount":0,"image":{"@id":"https:\/\/dpress.ma\/fr\/2025\/09\/11\/reunion-a-rabat-du-comite-permanent-de-la-securite-routiere\/#primaryimage"},"thumbnailUrl":"https:\/\/dpress.ma\/fr\/wp-content\/uploads\/sites\/2\/2025\/09\/dimensions2-36.jpg","articleSection":["societe et regions"],"inLanguage":"fr-FR","potentialAction":[{"@type":"CommentAction","name":"Comment","target":["https:\/\/dpress.ma\/fr\/2025\/09\/11\/reunion-a-rabat-du-comite-permanent-de-la-securite-routiere\/#respond"]}]},{"@type":"WebPage","@id":"https:\/\/dpress.ma\/fr\/2025\/09\/11\/reunion-a-rabat-du-comite-permanent-de-la-securite-routiere\/","url":"https:\/\/dpress.ma\/fr\/2025\/09\/11\/reunion-a-rabat-du-comite-permanent-de-la-securite-routiere\/","name":"R\u00e9union \u00e0 Rabat du Comit\u00e9 permanent de la s\u00e9curit\u00e9 routi\u00e8re - Dpress.ma\/fr","isPartOf":{"@id":"https:\/\/dpress.ma\/fr\/#website"},"primaryImageOfPage":{"@id":"https:\/\/dpress.ma\/fr\/2025\/09\/11\/reunion-a-rabat-du-comite-permanent-de-la-securite-routiere\/#primaryimage"},"image":{"@id":"https:\/\/dpress.ma\/fr\/2025\/09\/11\/reunion-a-rabat-du-comite-permanent-de-la-securite-routiere\/#primaryimage"},"thumbnailUrl":"https:\/\/dpress.ma\/fr\/wp-content\/uploads\/sites\/2\/2025\/09\/dimensions2-36.jpg","datePublished":"2025-09-11T08:35:57+00:00","dateModified":"2025-09-11T08:35:58+00:00","author":{"@id":"https:\/\/dpress.ma\/fr\/#\/schema\/person\/4898febf3ccd59e6578d838656a306a0"},"breadcrumb":{"@id":"https:\/\/dpress.ma\/fr\/2025\/09\/11\/reunion-a-rabat-du-comite-permanent-de-la-securite-routiere\/#breadcrumb"},"inLanguage":"fr-FR","potentialAction":[{"@type":"ReadAction","target":["https:\/\/dpress.ma\/fr\/2025\/09\/11\/reunion-a-rabat-du-comite-permanent-de-la-securite-routiere\/"]}]},{"@type":"ImageObject","inLanguage":"fr-FR","@id":"https:\/\/dpress.ma\/fr\/2025\/09\/11\/reunion-a-rabat-du-comite-permanent-de-la-securite-routiere\/#primaryimage","url":"https:\/\/dpress.ma\/fr\/wp-content\/uploads\/sites\/2\/2025\/09\/dimensions2-36.jpg","contentUrl":"https:\/\/dpress.ma\/fr\/wp-content\/uploads\/sites\/2\/2025\/09\/dimensions2-36.jpg","width":2539,"height":1594},{"@type":"BreadcrumbList","@id":"https:\/\/dpress.ma\/fr\/2025\/09\/11\/reunion-a-rabat-du-comite-permanent-de-la-securite-routiere\/#breadcrumb","itemListElement":[{"@type":"ListItem","position":1,"name":"Home","item":"https:\/\/dpress.ma\/fr\/"},{"@type":"ListItem","position":2,"name":"R\u00e9union \u00e0 Rabat du Comit\u00e9 permanent de la s\u00e9curit\u00e9 routi\u00e8re"}]},{"@type":"WebSite","@id":"https:\/\/dpress.ma\/fr\/#website","url":"https:\/\/dpress.ma\/fr\/","name":"Dpress.ma\/fr","description":"","potentialAction":[{"@type":"SearchAction","target":{"@type":"EntryPoint","urlTemplate":"https:\/\/dpress.ma\/fr\/?s={search_term_string}"},"query-input":{"@type":"PropertyValueSpecification","valueRequired":true,"valueName":"search_term_string"}}],"inLanguage":"fr-FR"},{"@type":"Person","@id":"https:\/\/dpress.ma\/fr\/#\/schema\/person\/4898febf3ccd59e6578d838656a306a0","name":"Dpress.ma","image":{"@type":"ImageObject","inLanguage":"fr-FR","@id":"https:\/\/secure.gravatar.com\/avatar\/72ecc30e9db047a2e0e7176561eb9d564ed77c8108376495b19bd8336405198a?s=96&d=mm&r=g","url":"https:\/\/secure.gravatar.com\/avatar\/72ecc30e9db047a2e0e7176561eb9d564ed77c8108376495b19bd8336405198a?s=96&d=mm&r=g","contentUrl":"https:\/\/secure.gravatar.com\/avatar\/72ecc30e9db047a2e0e7176561eb9d564ed77c8108376495b19bd8336405198a?s=96&d=mm&r=g","caption":"Dpress.ma"},"sameAs":["https:\/\/www.dpress.ma"],"url":"https:\/\/dpress.ma\/fr\/author\/dpress-ma\/"}]}},"amp_enabled":true,"_links":{"self":[{"href":"https:\/\/dpress.ma\/fr\/wp-json\/wp\/v2\/posts\/16097","targetHints":{"allow":["GET"]}}],"collection":[{"href":"https:\/\/dpress.ma\/fr\/wp-json\/wp\/v2\/posts"}],"about":[{"href":"https:\/\/dpress.ma\/fr\/wp-json\/wp\/v2\/types\/post"}],"author":[{"embeddable":true,"href":"https:\/\/dpress.ma\/fr\/wp-json\/wp\/v2\/users\/2"}],"replies":[{"embeddable":true,"href":"https:\/\/dpress.ma\/fr\/wp-json\/wp\/v2\/comments?post=16097"}],"version-history":[{"count":1,"href":"https:\/\/dpress.ma\/fr\/wp-json\/wp\/v2\/posts\/16097\/revisions"}],"predecessor-version":[{"id":16099,"href":"https:\/\/dpress.ma\/fr\/wp-json\/wp\/v2\/posts\/16097\/revisions\/16099"}],"wp:featuredmedia":[{"embeddable":true,"href":"https:\/\/dpress.ma\/fr\/wp-json\/wp\/v2\/media\/16098"}],"wp:attachment":[{"href":"https:\/\/dpress.ma\/fr\/wp-json\/wp\/v2\/media?parent=16097"}],"wp:term":[{"taxonomy":"category","embeddable":true,"href":"https:\/\/dpress.ma\/fr\/wp-json\/wp\/v2\/categories?post=16097"},{"taxonomy":"post_tag","embeddable":true,"href":"https:\/\/dpress.ma\/fr\/wp-json\/wp\/v2\/tags?post=16097"}],"curies":[{"name":"wp","href":"https:\/\/api.w.org\/{rel}","templated":true}]}}