{"id":16048,"date":"2025-09-10T13:17:12","date_gmt":"2025-09-10T13:17:12","guid":{"rendered":"https:\/\/dpress.ma\/fr\/?p=16048"},"modified":"2025-09-10T13:17:13","modified_gmt":"2025-09-10T13:17:13","slug":"rabat-ouverture-du-1er-sommet-sur-les-infrastructures-intelligentes-en-afrique-du-nord","status":"publish","type":"post","link":"https:\/\/dpress.ma\/fr\/2025\/09\/10\/rabat-ouverture-du-1er-sommet-sur-les-infrastructures-intelligentes-en-afrique-du-nord\/","title":{"rendered":"Rabat : Ouverture du 1er Sommet sur les infrastructures intelligentes en Afrique du Nord"},"content":{"rendered":"\n<p>Dpress<\/p>\n\n\n\n<p>Les travaux de la premi\u00e8re \u00e9dition \u201cdu Sommet sur les infrastructures intelligentes en Afrique du Nord\u201d se sont ouverts, mercredi \u00e0 Rabat, avec pour objectif de soutenir les efforts de d\u00e9veloppement des infrastructures dans la r\u00e9gion.<\/p>\n\n\n\n<p>Organis\u00e9 \u00e0 l\u2019initiative de Verve Management, une plateforme internationale d\u2019\u00e9change et de r\u00e9flexion, cet \u00e9v\u00e9nement rassemble des leaders d\u2019opinion, des experts et des d\u00e9cideurs en vue d\u2019explorer les perspectives de d\u00e9veloppement dans le domaine d\u2019infrastructures intelligentes dans la r\u00e9gion, notamment au Maroc.<\/p>\n\n\n\n<p>Plac\u00e9 sous le th\u00e8me \u201cConstruire les fondations d\u2019un avenir durable\u201d, ce conclave de deux jours entend pr\u00e9senter les progr\u00e8s r\u00e9alis\u00e9s par le Royaume dans les domaines de l\u2019immobilier, des infrastructures sportives, des a\u00e9roports, des transports et de l\u2019h\u00f4tellerie, tout en examinant des strat\u00e9gies innovantes en perspective des prochaines \u00e9ch\u00e9ances.<\/p>\n\n\n\n<p>Intervenant \u00e0 cette occasion, le ministre de l\u2019\u00c9quipement et de l\u2019Eau, Nizar Baraka, a relev\u00e9 que le choix de la th\u00e9matique retenue pour cette rencontre s\u2019inscrit au c\u0153ur des priorit\u00e9s strat\u00e9giques du Royaume, pr\u00e9cisant que le d\u00e9veloppement des infrastructures constitue un pilier fondamental des grandes transformations que conna\u00eet le Maroc en pr\u00e9vision des prochaines \u00e9ch\u00e9ances sportives, et un levier pour faire face aux d\u00e9fis croissants li\u00e9s aux changements climatiques.<\/p>\n\n\n\n<p>A cet \u00e9gard, le Maroc adopte des approches flexibles et durables dans la planification et la r\u00e9alisation des projets d\u2019infrastructures afin de faire face aux effets des perturbations climatiques que subit le pays, et qui se traduisent par des p\u00e9riodes de s\u00e9cheresse et une irr\u00e9gularit\u00e9 des pr\u00e9cipitations, a fait observer le ministre.<\/p>\n\n\n\n<p>Ces changements rapides, a-t-il poursuivi, exigent la mise en place d\u2019infrastructures durables et flexibles, capables de s\u2019adapter aux crises, de soutenir la croissance \u00e9conomique et de garantir l\u2019\u00e9quit\u00e9 territoriale et sociale.<\/p>\n\n\n\n<p>Dans cette perspective, le minist\u00e8re de l\u2019\u00c9quipement et de l\u2019Eau \u0153uvre, en \u00e9troite coordination avec les diff\u00e9rents partenaires et institutions concern\u00e9s, \u00e0 l\u2019\u00e9laboration de solutions techniques et intelligentes qui int\u00e8grent la dimension environnementale au c\u0153ur du processus de planification et de mise en \u0153uvre, a relev\u00e9 M. Baraka, ajoutant que ces&nbsp;solutions intelligentes visent, entre autres, \u00e0 r\u00e9duire l\u2019empreinte carbone et \u00e0 s\u2019adapter aux changements climatiques, \u00e0 m\u00eame de garantir une infrastructure plus r\u00e9siliente, s\u00fbre et durable.<\/p>\n\n\n\n<p>De son c\u00f4t\u00e9, le ministre du Transport et de la Logistique, Abdessamad Kayouh, a soulign\u00e9 que son minist\u00e8re accorde une attention particuli\u00e8re \u00e0 l\u2019innovation et \u00e0 la recherche scientifique, en tant que vecteurs essentiels pour le d\u00e9veloppement du secteur et le renforcement de sa comp\u00e9titivit\u00e9.<\/p>\n\n\n\n<p>Dans ce domaine, le minist\u00e8re s\u2019emploie \u00e0 consolider les partenariats avec les universit\u00e9s et les centres de recherche afin de mettre au point des solutions technologiques modernes dans les domaines des transports et de la logistique, en phase avec la transition num\u00e9rique que conna\u00eet le Maroc, a-t-il fait savoir dans une allocution lue en son nom par le secr\u00e9taire g\u00e9n\u00e9ral du minist\u00e8re, Zine El Abidine Britel.<\/p>\n\n\n\n<p>Cette orientation, a-t-il ajout\u00e9, s\u2019est traduite par la conclusion d\u2019accords de coop\u00e9ration avec la Fondation de Recherche, de D\u00e9veloppement et d\u2019Innovation en Sciences et Ing\u00e9nierie (FRDISI), dans l\u2019objectif de d\u00e9velopper des syst\u00e8mes avanc\u00e9s de gestion du transport multimodal gr\u00e2ce \u00e0 l\u2019IA et d\u2019am\u00e9liorer les performances en mati\u00e8re de contr\u00f4le de la s\u00e9curit\u00e9 et de la s\u00fbret\u00e9 des transports.<\/p>\n\n\n\n<p>Ces projets ne se limitent pas \u00e0 la dimension technique, mais ouvrent la voie aux chercheurs, aux \u00e9tudiants et aux ing\u00e9nieurs pour renforcer leurs capacit\u00e9s pratiques et relier la formation acad\u00e9mique aux besoins r\u00e9els du secteur, a-t-il fait remarquer.<\/p>\n\n\n\n<p>Ce sommet, qui r\u00e9unit&nbsp;plus de 120 intervenants et 800 d\u00e9l\u00e9gu\u00e9s venus explorer les progr\u00e8s du Maroc,&nbsp;s\u2019articule autour de quatre flux th\u00e9matiques, \u00e0 savoir, Hospitalit\u00e9, Stades et infrastructures sportives, A\u00e9roports et transports, ainsi que D\u00e9veloppement immobilier.<\/p>\n","protected":false},"excerpt":{"rendered":"<p>Dpress Les travaux de la premi\u00e8re \u00e9dition \u201cdu Sommet sur les infrastructures intelligentes en Afrique du Nord\u201d se sont ouverts, mercredi \u00e0 Rabat, avec pour objectif de soutenir les efforts de d\u00e9veloppement des infrastructures dans la r\u00e9gion. Organis\u00e9 \u00e0 l\u2019initiative de Verve Management, une plateforme internationale d\u2019\u00e9change et de r\u00e9flexion, cet \u00e9v\u00e9nement rassemble des leaders &hellip;<\/p>\n","protected":false},"author":2,"featured_media":16049,"comment_status":"open","ping_status":"open","sticky":false,"template":"","format":"standard","meta":{"footnotes":""},"categories":[25],"tags":[],"class_list":["post-16048","post","type-post","status-publish","format-standard","has-post-thumbnail","hentry","category-economie"],"yoast_head":"<!-- This site is optimized with the Yoast SEO plugin v27.5 - https:\/\/yoast.com\/product\/yoast-seo-wordpress\/ -->\n<title>Rabat : Ouverture du 1er Sommet sur les infrastructures intelligentes en Afrique du Nord - Dpress.ma\/fr<\/title>\n<meta name=\"robots\" content=\"index, follow, max-snippet:-1, max-image-preview:large, max-video-preview:-1\" \/>\n<link rel=\"canonical\" href=\"https:\/\/dpress.ma\/fr\/2025\/09\/10\/rabat-ouverture-du-1er-sommet-sur-les-infrastructures-intelligentes-en-afrique-du-nord\/\" \/>\n<meta property=\"og:locale\" content=\"fr_FR\" \/>\n<meta property=\"og:type\" content=\"article\" \/>\n<meta property=\"og:title\" content=\"Rabat : Ouverture du 1er Sommet sur les infrastructures intelligentes en Afrique du Nord - Dpress.ma\/fr\" \/>\n<meta property=\"og:description\" content=\"Dpress Les travaux de la premi\u00e8re \u00e9dition \u201cdu Sommet sur les infrastructures intelligentes en Afrique du Nord\u201d se sont ouverts, mercredi \u00e0 Rabat, avec pour objectif de soutenir les efforts de d\u00e9veloppement des infrastructures dans la r\u00e9gion. Organis\u00e9 \u00e0 l\u2019initiative de Verve Management, une plateforme internationale d\u2019\u00e9change et de r\u00e9flexion, cet \u00e9v\u00e9nement rassemble des leaders &hellip;\" \/>\n<meta property=\"og:url\" content=\"https:\/\/dpress.ma\/fr\/2025\/09\/10\/rabat-ouverture-du-1er-sommet-sur-les-infrastructures-intelligentes-en-afrique-du-nord\/\" \/>\n<meta property=\"og:site_name\" content=\"Dpress.ma\/fr\" \/>\n<meta property=\"article:published_time\" content=\"2025-09-10T13:17:12+00:00\" \/>\n<meta property=\"article:modified_time\" content=\"2025-09-10T13:17:13+00:00\" \/>\n<meta property=\"og:image\" content=\"https:\/\/dpress.ma\/fr\/wp-content\/uploads\/sites\/2\/2025\/09\/dimensions2-21.jpg\" \/>\n\t<meta property=\"og:image:width\" content=\"2539\" \/>\n\t<meta property=\"og:image:height\" content=\"1594\" \/>\n\t<meta property=\"og:image:type\" content=\"image\/jpeg\" \/>\n<meta name=\"author\" content=\"Dpress.ma\" \/>\n<meta name=\"twitter:card\" content=\"summary_large_image\" \/>\n<meta name=\"twitter:label1\" content=\"\u00c9crit par\" \/>\n\t<meta name=\"twitter:data1\" content=\"Dpress.ma\" \/>\n\t<meta name=\"twitter:label2\" content=\"Dur\u00e9e de lecture estim\u00e9e\" \/>\n\t<meta name=\"twitter:data2\" content=\"4 minutes\" \/>\n<script type=\"application\/ld+json\" class=\"yoast-schema-graph\">{\"@context\":\"https:\\\/\\\/schema.org\",\"@graph\":[{\"@type\":\"Article\",\"@id\":\"https:\\\/\\\/dpress.ma\\\/fr\\\/2025\\\/09\\\/10\\\/rabat-ouverture-du-1er-sommet-sur-les-infrastructures-intelligentes-en-afrique-du-nord\\\/#article\",\"isPartOf\":{\"@id\":\"https:\\\/\\\/dpress.ma\\\/fr\\\/2025\\\/09\\\/10\\\/rabat-ouverture-du-1er-sommet-sur-les-infrastructures-intelligentes-en-afrique-du-nord\\\/\"},\"author\":{\"name\":\"Dpress.ma\",\"@id\":\"https:\\\/\\\/dpress.ma\\\/fr\\\/#\\\/schema\\\/person\\\/4898febf3ccd59e6578d838656a306a0\"},\"headline\":\"Rabat : Ouverture du 1er Sommet sur les infrastructures intelligentes en Afrique du Nord\",\"datePublished\":\"2025-09-10T13:17:12+00:00\",\"dateModified\":\"2025-09-10T13:17:13+00:00\",\"mainEntityOfPage\":{\"@id\":\"https:\\\/\\\/dpress.ma\\\/fr\\\/2025\\\/09\\\/10\\\/rabat-ouverture-du-1er-sommet-sur-les-infrastructures-intelligentes-en-afrique-du-nord\\\/\"},\"wordCount\":711,\"commentCount\":0,\"image\":{\"@id\":\"https:\\\/\\\/dpress.ma\\\/fr\\\/2025\\\/09\\\/10\\\/rabat-ouverture-du-1er-sommet-sur-les-infrastructures-intelligentes-en-afrique-du-nord\\\/#primaryimage\"},\"thumbnailUrl\":\"https:\\\/\\\/dpress.ma\\\/fr\\\/wp-content\\\/uploads\\\/sites\\\/2\\\/2025\\\/09\\\/dimensions2-21.jpg\",\"articleSection\":[\"\u00c9conomie\"],\"inLanguage\":\"fr-FR\",\"potentialAction\":[{\"@type\":\"CommentAction\",\"name\":\"Comment\",\"target\":[\"https:\\\/\\\/dpress.ma\\\/fr\\\/2025\\\/09\\\/10\\\/rabat-ouverture-du-1er-sommet-sur-les-infrastructures-intelligentes-en-afrique-du-nord\\\/#respond\"]}]},{\"@type\":\"WebPage\",\"@id\":\"https:\\\/\\\/dpress.ma\\\/fr\\\/2025\\\/09\\\/10\\\/rabat-ouverture-du-1er-sommet-sur-les-infrastructures-intelligentes-en-afrique-du-nord\\\/\",\"url\":\"https:\\\/\\\/dpress.ma\\\/fr\\\/2025\\\/09\\\/10\\\/rabat-ouverture-du-1er-sommet-sur-les-infrastructures-intelligentes-en-afrique-du-nord\\\/\",\"name\":\"Rabat : Ouverture du 1er Sommet sur les infrastructures intelligentes en Afrique du Nord - Dpress.ma\\\/fr\",\"isPartOf\":{\"@id\":\"https:\\\/\\\/dpress.ma\\\/fr\\\/#website\"},\"primaryImageOfPage\":{\"@id\":\"https:\\\/\\\/dpress.ma\\\/fr\\\/2025\\\/09\\\/10\\\/rabat-ouverture-du-1er-sommet-sur-les-infrastructures-intelligentes-en-afrique-du-nord\\\/#primaryimage\"},\"image\":{\"@id\":\"https:\\\/\\\/dpress.ma\\\/fr\\\/2025\\\/09\\\/10\\\/rabat-ouverture-du-1er-sommet-sur-les-infrastructures-intelligentes-en-afrique-du-nord\\\/#primaryimage\"},\"thumbnailUrl\":\"https:\\\/\\\/dpress.ma\\\/fr\\\/wp-content\\\/uploads\\\/sites\\\/2\\\/2025\\\/09\\\/dimensions2-21.jpg\",\"datePublished\":\"2025-09-10T13:17:12+00:00\",\"dateModified\":\"2025-09-10T13:17:13+00:00\",\"author\":{\"@id\":\"https:\\\/\\\/dpress.ma\\\/fr\\\/#\\\/schema\\\/person\\\/4898febf3ccd59e6578d838656a306a0\"},\"breadcrumb\":{\"@id\":\"https:\\\/\\\/dpress.ma\\\/fr\\\/2025\\\/09\\\/10\\\/rabat-ouverture-du-1er-sommet-sur-les-infrastructures-intelligentes-en-afrique-du-nord\\\/#breadcrumb\"},\"inLanguage\":\"fr-FR\",\"potentialAction\":[{\"@type\":\"ReadAction\",\"target\":[\"https:\\\/\\\/dpress.ma\\\/fr\\\/2025\\\/09\\\/10\\\/rabat-ouverture-du-1er-sommet-sur-les-infrastructures-intelligentes-en-afrique-du-nord\\\/\"]}]},{\"@type\":\"ImageObject\",\"inLanguage\":\"fr-FR\",\"@id\":\"https:\\\/\\\/dpress.ma\\\/fr\\\/2025\\\/09\\\/10\\\/rabat-ouverture-du-1er-sommet-sur-les-infrastructures-intelligentes-en-afrique-du-nord\\\/#primaryimage\",\"url\":\"https:\\\/\\\/dpress.ma\\\/fr\\\/wp-content\\\/uploads\\\/sites\\\/2\\\/2025\\\/09\\\/dimensions2-21.jpg\",\"contentUrl\":\"https:\\\/\\\/dpress.ma\\\/fr\\\/wp-content\\\/uploads\\\/sites\\\/2\\\/2025\\\/09\\\/dimensions2-21.jpg\",\"width\":2539,\"height\":1594},{\"@type\":\"BreadcrumbList\",\"@id\":\"https:\\\/\\\/dpress.ma\\\/fr\\\/2025\\\/09\\\/10\\\/rabat-ouverture-du-1er-sommet-sur-les-infrastructures-intelligentes-en-afrique-du-nord\\\/#breadcrumb\",\"itemListElement\":[{\"@type\":\"ListItem\",\"position\":1,\"name\":\"Home\",\"item\":\"https:\\\/\\\/dpress.ma\\\/fr\\\/\"},{\"@type\":\"ListItem\",\"position\":2,\"name\":\"Rabat : Ouverture du 1er Sommet sur les infrastructures intelligentes en Afrique du Nord\"}]},{\"@type\":\"WebSite\",\"@id\":\"https:\\\/\\\/dpress.ma\\\/fr\\\/#website\",\"url\":\"https:\\\/\\\/dpress.ma\\\/fr\\\/\",\"name\":\"Dpress.ma\\\/fr\",\"description\":\"\",\"potentialAction\":[{\"@type\":\"SearchAction\",\"target\":{\"@type\":\"EntryPoint\",\"urlTemplate\":\"https:\\\/\\\/dpress.ma\\\/fr\\\/?s={search_term_string}\"},\"query-input\":{\"@type\":\"PropertyValueSpecification\",\"valueRequired\":true,\"valueName\":\"search_term_string\"}}],\"inLanguage\":\"fr-FR\"},{\"@type\":\"Person\",\"@id\":\"https:\\\/\\\/dpress.ma\\\/fr\\\/#\\\/schema\\\/person\\\/4898febf3ccd59e6578d838656a306a0\",\"name\":\"Dpress.ma\",\"image\":{\"@type\":\"ImageObject\",\"inLanguage\":\"fr-FR\",\"@id\":\"https:\\\/\\\/secure.gravatar.com\\\/avatar\\\/72ecc30e9db047a2e0e7176561eb9d564ed77c8108376495b19bd8336405198a?s=96&d=mm&r=g\",\"url\":\"https:\\\/\\\/secure.gravatar.com\\\/avatar\\\/72ecc30e9db047a2e0e7176561eb9d564ed77c8108376495b19bd8336405198a?s=96&d=mm&r=g\",\"contentUrl\":\"https:\\\/\\\/secure.gravatar.com\\\/avatar\\\/72ecc30e9db047a2e0e7176561eb9d564ed77c8108376495b19bd8336405198a?s=96&d=mm&r=g\",\"caption\":\"Dpress.ma\"},\"sameAs\":[\"https:\\\/\\\/www.dpress.ma\"],\"url\":\"https:\\\/\\\/dpress.ma\\\/fr\\\/author\\\/dpress-ma\\\/\"}]}<\/script>\n<!-- \/ Yoast SEO plugin. -->","yoast_head_json":{"title":"Rabat : Ouverture du 1er Sommet sur les infrastructures intelligentes en Afrique du Nord - Dpress.ma\/fr","robots":{"index":"index","follow":"follow","max-snippet":"max-snippet:-1","max-image-preview":"max-image-preview:large","max-video-preview":"max-video-preview:-1"},"canonical":"https:\/\/dpress.ma\/fr\/2025\/09\/10\/rabat-ouverture-du-1er-sommet-sur-les-infrastructures-intelligentes-en-afrique-du-nord\/","og_locale":"fr_FR","og_type":"article","og_title":"Rabat : Ouverture du 1er Sommet sur les infrastructures intelligentes en Afrique du Nord - Dpress.ma\/fr","og_description":"Dpress Les travaux de la premi\u00e8re \u00e9dition \u201cdu Sommet sur les infrastructures intelligentes en Afrique du Nord\u201d se sont ouverts, mercredi \u00e0 Rabat, avec pour objectif de soutenir les efforts de d\u00e9veloppement des infrastructures dans la r\u00e9gion. Organis\u00e9 \u00e0 l\u2019initiative de Verve Management, une plateforme internationale d\u2019\u00e9change et de r\u00e9flexion, cet \u00e9v\u00e9nement rassemble des leaders &hellip;","og_url":"https:\/\/dpress.ma\/fr\/2025\/09\/10\/rabat-ouverture-du-1er-sommet-sur-les-infrastructures-intelligentes-en-afrique-du-nord\/","og_site_name":"Dpress.ma\/fr","article_published_time":"2025-09-10T13:17:12+00:00","article_modified_time":"2025-09-10T13:17:13+00:00","og_image":[{"width":2539,"height":1594,"url":"https:\/\/dpress.ma\/fr\/wp-content\/uploads\/sites\/2\/2025\/09\/dimensions2-21.jpg","type":"image\/jpeg"}],"author":"Dpress.ma","twitter_card":"summary_large_image","twitter_misc":{"\u00c9crit par":"Dpress.ma","Dur\u00e9e de lecture estim\u00e9e":"4 minutes"},"schema":{"@context":"https:\/\/schema.org","@graph":[{"@type":"Article","@id":"https:\/\/dpress.ma\/fr\/2025\/09\/10\/rabat-ouverture-du-1er-sommet-sur-les-infrastructures-intelligentes-en-afrique-du-nord\/#article","isPartOf":{"@id":"https:\/\/dpress.ma\/fr\/2025\/09\/10\/rabat-ouverture-du-1er-sommet-sur-les-infrastructures-intelligentes-en-afrique-du-nord\/"},"author":{"name":"Dpress.ma","@id":"https:\/\/dpress.ma\/fr\/#\/schema\/person\/4898febf3ccd59e6578d838656a306a0"},"headline":"Rabat : Ouverture du 1er Sommet sur les infrastructures intelligentes en Afrique du Nord","datePublished":"2025-09-10T13:17:12+00:00","dateModified":"2025-09-10T13:17:13+00:00","mainEntityOfPage":{"@id":"https:\/\/dpress.ma\/fr\/2025\/09\/10\/rabat-ouverture-du-1er-sommet-sur-les-infrastructures-intelligentes-en-afrique-du-nord\/"},"wordCount":711,"commentCount":0,"image":{"@id":"https:\/\/dpress.ma\/fr\/2025\/09\/10\/rabat-ouverture-du-1er-sommet-sur-les-infrastructures-intelligentes-en-afrique-du-nord\/#primaryimage"},"thumbnailUrl":"https:\/\/dpress.ma\/fr\/wp-content\/uploads\/sites\/2\/2025\/09\/dimensions2-21.jpg","articleSection":["\u00c9conomie"],"inLanguage":"fr-FR","potentialAction":[{"@type":"CommentAction","name":"Comment","target":["https:\/\/dpress.ma\/fr\/2025\/09\/10\/rabat-ouverture-du-1er-sommet-sur-les-infrastructures-intelligentes-en-afrique-du-nord\/#respond"]}]},{"@type":"WebPage","@id":"https:\/\/dpress.ma\/fr\/2025\/09\/10\/rabat-ouverture-du-1er-sommet-sur-les-infrastructures-intelligentes-en-afrique-du-nord\/","url":"https:\/\/dpress.ma\/fr\/2025\/09\/10\/rabat-ouverture-du-1er-sommet-sur-les-infrastructures-intelligentes-en-afrique-du-nord\/","name":"Rabat : Ouverture du 1er Sommet sur les infrastructures intelligentes en Afrique du Nord - Dpress.ma\/fr","isPartOf":{"@id":"https:\/\/dpress.ma\/fr\/#website"},"primaryImageOfPage":{"@id":"https:\/\/dpress.ma\/fr\/2025\/09\/10\/rabat-ouverture-du-1er-sommet-sur-les-infrastructures-intelligentes-en-afrique-du-nord\/#primaryimage"},"image":{"@id":"https:\/\/dpress.ma\/fr\/2025\/09\/10\/rabat-ouverture-du-1er-sommet-sur-les-infrastructures-intelligentes-en-afrique-du-nord\/#primaryimage"},"thumbnailUrl":"https:\/\/dpress.ma\/fr\/wp-content\/uploads\/sites\/2\/2025\/09\/dimensions2-21.jpg","datePublished":"2025-09-10T13:17:12+00:00","dateModified":"2025-09-10T13:17:13+00:00","author":{"@id":"https:\/\/dpress.ma\/fr\/#\/schema\/person\/4898febf3ccd59e6578d838656a306a0"},"breadcrumb":{"@id":"https:\/\/dpress.ma\/fr\/2025\/09\/10\/rabat-ouverture-du-1er-sommet-sur-les-infrastructures-intelligentes-en-afrique-du-nord\/#breadcrumb"},"inLanguage":"fr-FR","potentialAction":[{"@type":"ReadAction","target":["https:\/\/dpress.ma\/fr\/2025\/09\/10\/rabat-ouverture-du-1er-sommet-sur-les-infrastructures-intelligentes-en-afrique-du-nord\/"]}]},{"@type":"ImageObject","inLanguage":"fr-FR","@id":"https:\/\/dpress.ma\/fr\/2025\/09\/10\/rabat-ouverture-du-1er-sommet-sur-les-infrastructures-intelligentes-en-afrique-du-nord\/#primaryimage","url":"https:\/\/dpress.ma\/fr\/wp-content\/uploads\/sites\/2\/2025\/09\/dimensions2-21.jpg","contentUrl":"https:\/\/dpress.ma\/fr\/wp-content\/uploads\/sites\/2\/2025\/09\/dimensions2-21.jpg","width":2539,"height":1594},{"@type":"BreadcrumbList","@id":"https:\/\/dpress.ma\/fr\/2025\/09\/10\/rabat-ouverture-du-1er-sommet-sur-les-infrastructures-intelligentes-en-afrique-du-nord\/#breadcrumb","itemListElement":[{"@type":"ListItem","position":1,"name":"Home","item":"https:\/\/dpress.ma\/fr\/"},{"@type":"ListItem","position":2,"name":"Rabat : Ouverture du 1er Sommet sur les infrastructures intelligentes en Afrique du Nord"}]},{"@type":"WebSite","@id":"https:\/\/dpress.ma\/fr\/#website","url":"https:\/\/dpress.ma\/fr\/","name":"Dpress.ma\/fr","description":"","potentialAction":[{"@type":"SearchAction","target":{"@type":"EntryPoint","urlTemplate":"https:\/\/dpress.ma\/fr\/?s={search_term_string}"},"query-input":{"@type":"PropertyValueSpecification","valueRequired":true,"valueName":"search_term_string"}}],"inLanguage":"fr-FR"},{"@type":"Person","@id":"https:\/\/dpress.ma\/fr\/#\/schema\/person\/4898febf3ccd59e6578d838656a306a0","name":"Dpress.ma","image":{"@type":"ImageObject","inLanguage":"fr-FR","@id":"https:\/\/secure.gravatar.com\/avatar\/72ecc30e9db047a2e0e7176561eb9d564ed77c8108376495b19bd8336405198a?s=96&d=mm&r=g","url":"https:\/\/secure.gravatar.com\/avatar\/72ecc30e9db047a2e0e7176561eb9d564ed77c8108376495b19bd8336405198a?s=96&d=mm&r=g","contentUrl":"https:\/\/secure.gravatar.com\/avatar\/72ecc30e9db047a2e0e7176561eb9d564ed77c8108376495b19bd8336405198a?s=96&d=mm&r=g","caption":"Dpress.ma"},"sameAs":["https:\/\/www.dpress.ma"],"url":"https:\/\/dpress.ma\/fr\/author\/dpress-ma\/"}]}},"amp_enabled":true,"_links":{"self":[{"href":"https:\/\/dpress.ma\/fr\/wp-json\/wp\/v2\/posts\/16048","targetHints":{"allow":["GET"]}}],"collection":[{"href":"https:\/\/dpress.ma\/fr\/wp-json\/wp\/v2\/posts"}],"about":[{"href":"https:\/\/dpress.ma\/fr\/wp-json\/wp\/v2\/types\/post"}],"author":[{"embeddable":true,"href":"https:\/\/dpress.ma\/fr\/wp-json\/wp\/v2\/users\/2"}],"replies":[{"embeddable":true,"href":"https:\/\/dpress.ma\/fr\/wp-json\/wp\/v2\/comments?post=16048"}],"version-history":[{"count":1,"href":"https:\/\/dpress.ma\/fr\/wp-json\/wp\/v2\/posts\/16048\/revisions"}],"predecessor-version":[{"id":16050,"href":"https:\/\/dpress.ma\/fr\/wp-json\/wp\/v2\/posts\/16048\/revisions\/16050"}],"wp:featuredmedia":[{"embeddable":true,"href":"https:\/\/dpress.ma\/fr\/wp-json\/wp\/v2\/media\/16049"}],"wp:attachment":[{"href":"https:\/\/dpress.ma\/fr\/wp-json\/wp\/v2\/media?parent=16048"}],"wp:term":[{"taxonomy":"category","embeddable":true,"href":"https:\/\/dpress.ma\/fr\/wp-json\/wp\/v2\/categories?post=16048"},{"taxonomy":"post_tag","embeddable":true,"href":"https:\/\/dpress.ma\/fr\/wp-json\/wp\/v2\/tags?post=16048"}],"curies":[{"name":"wp","href":"https:\/\/api.w.org\/{rel}","templated":true}]}}