{"id":16045,"date":"2025-09-10T10:45:08","date_gmt":"2025-09-10T10:45:08","guid":{"rendered":"https:\/\/dpress.ma\/fr\/?p=16045"},"modified":"2025-09-10T10:45:09","modified_gmt":"2025-09-10T10:45:09","slug":"geneve-le-maroc-designe-a-la-presidence-du-comite-des-participants-du-gstp-pour-2025-2026","status":"publish","type":"post","link":"https:\/\/dpress.ma\/fr\/2025\/09\/10\/geneve-le-maroc-designe-a-la-presidence-du-comite-des-participants-du-gstp-pour-2025-2026\/","title":{"rendered":"Gen\u00e8ve: Le Maroc d\u00e9sign\u00e9 \u00e0 la pr\u00e9sidence du Comit\u00e9 des participants du GSTP pour 2025-2026"},"content":{"rendered":"\n<p>Dpress<\/p>\n\n\n\n<p>L\u2019ambassadeur et Repr\u00e9sentant permanent du Royaume du Maroc aupr\u00e8s de l\u2019Office des Nations Unies et des autres organisations internationales \u00e0 Gen\u00e8ve, M. Omar Zniber, vient d\u2019\u00eatre d\u00e9sign\u00e9 pr\u00e9sident du Comit\u00e9 des participants au Syst\u00e8me Global de Pr\u00e9f\u00e9rences commerciales entre pays en d\u00e9veloppement (GSTP) pour la p\u00e9riode 2025-2026.<\/p>\n\n\n\n<p>Cette d\u00e9signation marque une nouvelle reconnaissance de la cr\u00e9dibilit\u00e9 du Royaume sur la sc\u00e8ne multilat\u00e9rale, de son leadership affirm\u00e9 au niveau r\u00e9gional et de son engagement constant, sous l\u2019impulsion de Sa Majest\u00e9 le Roi Mohammed VI en faveur de la coop\u00e9ration Sud-Sud et de la promotion d\u2019un syst\u00e8me commercial international plus \u00e9quitable et inclusif.<\/p>\n\n\n\n<p>Entr\u00e9 en vigueur le 19 avril 1989 et regroupant actuellement 42 membres, dont le Maroc, l\u2019Argentine, le Br\u00e9sil, l\u2019\u00c9gypte, l\u2019Inde, l\u2019Indon\u00e9sie, le Pakistan, la Malaisie et la Tha\u00eflande, le GSTP constitue le seul accord interr\u00e9gional juridiquement fond\u00e9 sur la Clause d\u2019habilitation de l\u2019OMC et administr\u00e9 par la Conf\u00e9rence des Nations Unies sur le commerce et le d\u00e9veloppement (CNUCED). Il vise \u00e0 promouvoir un commerce Sud-Sud bas\u00e9 sur des concessions tarifaires, la coop\u00e9ration sectorielle et la facilitation des \u00e9changes.<\/p>\n\n\n\n<p>Dans sa lettre d\u2019invitation \u00e0 la candidature marocaine, la Secr\u00e9taire g\u00e9n\u00e9rale de la CNUCED, Mme Rebeca Grynspan, a salu\u00e9 \u201cl\u2019engagement ind\u00e9fectible du Maroc en faveur du multilat\u00e9ralisme et son leadership dans la promotion de la coop\u00e9ration Sud-Sud\u201d.<\/p>\n\n\n\n<p>Elle a \u00e9galement salu\u00e9 l\u2019engagement du Maroc envers le GSTP, soulignant son r\u00f4le dans le renforcement de la solidarit\u00e9 et de la coop\u00e9ration entre les pays en d\u00e9veloppement, refl\u00e9t\u00e9 notamment par sa pr\u00e9sidence du Comit\u00e9 des participants au GSTP de 1997 \u00e0 2002, ainsi que par son r\u00f4le continu en tant que d\u00e9positaire de l\u2019Accord.<\/p>\n\n\n\n<p>En tant que pr\u00e9sident du Comit\u00e9 des participants, le Maroc sera charg\u00e9 de convoquer et de pr\u00e9sider les r\u00e9unions du Comit\u00e9, en facilitant le dialogue entre les membres et en impulsant une nouvelle dynamique au sein de ce m\u00e9canisme.<\/p>\n\n\n\n<p>Ce mandat intervient dans un contexte international complexe, marqu\u00e9 par des tensions commerciales et des d\u00e9fis \u00e9conomiques majeurs pour les pays en d\u00e9veloppement. La relance du GSTP sous pr\u00e9sidence marocaine vise ainsi \u00e0 renforcer la r\u00e9silience collective des pays du Sud et \u00e0 tirer parti du potentiel de leurs \u00e9changes mutuels.<\/p>\n\n\n\n<p>Dans cette perspective, le Maroc pr\u00e9sidera la 33\u00e8me session du Comit\u00e9 des participants du GSTP le 25 septembre 2025 \u00e0 Gen\u00e8ve, avant d\u2019accueillir un \u00e9v\u00e8nement minist\u00e9riel de haut niveau, pr\u00e9vu le 22 octobre 2025, en marge de la 16\u00e8me Conf\u00e9rence de la CNUCED (CNUCED 16), qui se tiendra du 20 au 23 octobre 2025 dans la m\u00eame ville.<\/p>\n\n\n\n<p>A travers cette nomination, le Royaume confirme son r\u00f4le croissant dans les cha\u00eenes de valeur mondiales et sa volont\u00e9 affirm\u00e9e de participer activement \u00e0 la construction d\u2019un syst\u00e8me commercial international plus juste et durable.<\/p>\n","protected":false},"excerpt":{"rendered":"<p>Dpress L\u2019ambassadeur et Repr\u00e9sentant permanent du Royaume du Maroc aupr\u00e8s de l\u2019Office des Nations Unies et des autres organisations internationales \u00e0 Gen\u00e8ve, M. Omar Zniber, vient d\u2019\u00eatre d\u00e9sign\u00e9 pr\u00e9sident du Comit\u00e9 des participants au Syst\u00e8me Global de Pr\u00e9f\u00e9rences commerciales entre pays en d\u00e9veloppement (GSTP) pour la p\u00e9riode 2025-2026. Cette d\u00e9signation marque une nouvelle reconnaissance de &hellip;<\/p>\n","protected":false},"author":2,"featured_media":16046,"comment_status":"open","ping_status":"open","sticky":false,"template":"","format":"standard","meta":{"footnotes":""},"categories":[40],"tags":[],"class_list":["post-16045","post","type-post","status-publish","format-standard","has-post-thumbnail","hentry","category-societe-et-regions"],"yoast_head":"<!-- This site is optimized with the Yoast SEO plugin v27.5 - https:\/\/yoast.com\/product\/yoast-seo-wordpress\/ -->\n<title>Gen\u00e8ve: Le Maroc d\u00e9sign\u00e9 \u00e0 la pr\u00e9sidence du Comit\u00e9 des participants du GSTP pour 2025-2026 - Dpress.ma\/fr<\/title>\n<meta name=\"robots\" content=\"index, follow, max-snippet:-1, max-image-preview:large, max-video-preview:-1\" \/>\n<link rel=\"canonical\" href=\"https:\/\/dpress.ma\/fr\/2025\/09\/10\/geneve-le-maroc-designe-a-la-presidence-du-comite-des-participants-du-gstp-pour-2025-2026\/\" \/>\n<meta property=\"og:locale\" content=\"fr_FR\" \/>\n<meta property=\"og:type\" content=\"article\" \/>\n<meta property=\"og:title\" content=\"Gen\u00e8ve: Le Maroc d\u00e9sign\u00e9 \u00e0 la pr\u00e9sidence du Comit\u00e9 des participants du GSTP pour 2025-2026 - Dpress.ma\/fr\" \/>\n<meta property=\"og:description\" content=\"Dpress L\u2019ambassadeur et Repr\u00e9sentant permanent du Royaume du Maroc aupr\u00e8s de l\u2019Office des Nations Unies et des autres organisations internationales \u00e0 Gen\u00e8ve, M. Omar Zniber, vient d\u2019\u00eatre d\u00e9sign\u00e9 pr\u00e9sident du Comit\u00e9 des participants au Syst\u00e8me Global de Pr\u00e9f\u00e9rences commerciales entre pays en d\u00e9veloppement (GSTP) pour la p\u00e9riode 2025-2026. Cette d\u00e9signation marque une nouvelle reconnaissance de &hellip;\" \/>\n<meta property=\"og:url\" content=\"https:\/\/dpress.ma\/fr\/2025\/09\/10\/geneve-le-maroc-designe-a-la-presidence-du-comite-des-participants-du-gstp-pour-2025-2026\/\" \/>\n<meta property=\"og:site_name\" content=\"Dpress.ma\/fr\" \/>\n<meta property=\"article:published_time\" content=\"2025-09-10T10:45:08+00:00\" \/>\n<meta property=\"article:modified_time\" content=\"2025-09-10T10:45:09+00:00\" \/>\n<meta property=\"og:image\" content=\"https:\/\/dpress.ma\/fr\/wp-content\/uploads\/sites\/2\/2025\/09\/dimensions2-20.jpg\" \/>\n\t<meta property=\"og:image:width\" content=\"2539\" \/>\n\t<meta property=\"og:image:height\" content=\"1594\" \/>\n\t<meta property=\"og:image:type\" content=\"image\/jpeg\" \/>\n<meta name=\"author\" content=\"Dpress.ma\" \/>\n<meta name=\"twitter:card\" content=\"summary_large_image\" \/>\n<meta name=\"twitter:label1\" content=\"\u00c9crit par\" \/>\n\t<meta name=\"twitter:data1\" content=\"Dpress.ma\" \/>\n\t<meta name=\"twitter:label2\" content=\"Dur\u00e9e de lecture estim\u00e9e\" \/>\n\t<meta name=\"twitter:data2\" content=\"3 minutes\" \/>\n<script type=\"application\/ld+json\" class=\"yoast-schema-graph\">{\"@context\":\"https:\\\/\\\/schema.org\",\"@graph\":[{\"@type\":\"Article\",\"@id\":\"https:\\\/\\\/dpress.ma\\\/fr\\\/2025\\\/09\\\/10\\\/geneve-le-maroc-designe-a-la-presidence-du-comite-des-participants-du-gstp-pour-2025-2026\\\/#article\",\"isPartOf\":{\"@id\":\"https:\\\/\\\/dpress.ma\\\/fr\\\/2025\\\/09\\\/10\\\/geneve-le-maroc-designe-a-la-presidence-du-comite-des-participants-du-gstp-pour-2025-2026\\\/\"},\"author\":{\"name\":\"Dpress.ma\",\"@id\":\"https:\\\/\\\/dpress.ma\\\/fr\\\/#\\\/schema\\\/person\\\/4898febf3ccd59e6578d838656a306a0\"},\"headline\":\"Gen\u00e8ve: Le Maroc d\u00e9sign\u00e9 \u00e0 la pr\u00e9sidence du Comit\u00e9 des participants du GSTP pour 2025-2026\",\"datePublished\":\"2025-09-10T10:45:08+00:00\",\"dateModified\":\"2025-09-10T10:45:09+00:00\",\"mainEntityOfPage\":{\"@id\":\"https:\\\/\\\/dpress.ma\\\/fr\\\/2025\\\/09\\\/10\\\/geneve-le-maroc-designe-a-la-presidence-du-comite-des-participants-du-gstp-pour-2025-2026\\\/\"},\"wordCount\":523,\"commentCount\":0,\"image\":{\"@id\":\"https:\\\/\\\/dpress.ma\\\/fr\\\/2025\\\/09\\\/10\\\/geneve-le-maroc-designe-a-la-presidence-du-comite-des-participants-du-gstp-pour-2025-2026\\\/#primaryimage\"},\"thumbnailUrl\":\"https:\\\/\\\/dpress.ma\\\/fr\\\/wp-content\\\/uploads\\\/sites\\\/2\\\/2025\\\/09\\\/dimensions2-20.jpg\",\"articleSection\":[\"societe et regions\"],\"inLanguage\":\"fr-FR\",\"potentialAction\":[{\"@type\":\"CommentAction\",\"name\":\"Comment\",\"target\":[\"https:\\\/\\\/dpress.ma\\\/fr\\\/2025\\\/09\\\/10\\\/geneve-le-maroc-designe-a-la-presidence-du-comite-des-participants-du-gstp-pour-2025-2026\\\/#respond\"]}]},{\"@type\":\"WebPage\",\"@id\":\"https:\\\/\\\/dpress.ma\\\/fr\\\/2025\\\/09\\\/10\\\/geneve-le-maroc-designe-a-la-presidence-du-comite-des-participants-du-gstp-pour-2025-2026\\\/\",\"url\":\"https:\\\/\\\/dpress.ma\\\/fr\\\/2025\\\/09\\\/10\\\/geneve-le-maroc-designe-a-la-presidence-du-comite-des-participants-du-gstp-pour-2025-2026\\\/\",\"name\":\"Gen\u00e8ve: Le Maroc d\u00e9sign\u00e9 \u00e0 la pr\u00e9sidence du Comit\u00e9 des participants du GSTP pour 2025-2026 - Dpress.ma\\\/fr\",\"isPartOf\":{\"@id\":\"https:\\\/\\\/dpress.ma\\\/fr\\\/#website\"},\"primaryImageOfPage\":{\"@id\":\"https:\\\/\\\/dpress.ma\\\/fr\\\/2025\\\/09\\\/10\\\/geneve-le-maroc-designe-a-la-presidence-du-comite-des-participants-du-gstp-pour-2025-2026\\\/#primaryimage\"},\"image\":{\"@id\":\"https:\\\/\\\/dpress.ma\\\/fr\\\/2025\\\/09\\\/10\\\/geneve-le-maroc-designe-a-la-presidence-du-comite-des-participants-du-gstp-pour-2025-2026\\\/#primaryimage\"},\"thumbnailUrl\":\"https:\\\/\\\/dpress.ma\\\/fr\\\/wp-content\\\/uploads\\\/sites\\\/2\\\/2025\\\/09\\\/dimensions2-20.jpg\",\"datePublished\":\"2025-09-10T10:45:08+00:00\",\"dateModified\":\"2025-09-10T10:45:09+00:00\",\"author\":{\"@id\":\"https:\\\/\\\/dpress.ma\\\/fr\\\/#\\\/schema\\\/person\\\/4898febf3ccd59e6578d838656a306a0\"},\"breadcrumb\":{\"@id\":\"https:\\\/\\\/dpress.ma\\\/fr\\\/2025\\\/09\\\/10\\\/geneve-le-maroc-designe-a-la-presidence-du-comite-des-participants-du-gstp-pour-2025-2026\\\/#breadcrumb\"},\"inLanguage\":\"fr-FR\",\"potentialAction\":[{\"@type\":\"ReadAction\",\"target\":[\"https:\\\/\\\/dpress.ma\\\/fr\\\/2025\\\/09\\\/10\\\/geneve-le-maroc-designe-a-la-presidence-du-comite-des-participants-du-gstp-pour-2025-2026\\\/\"]}]},{\"@type\":\"ImageObject\",\"inLanguage\":\"fr-FR\",\"@id\":\"https:\\\/\\\/dpress.ma\\\/fr\\\/2025\\\/09\\\/10\\\/geneve-le-maroc-designe-a-la-presidence-du-comite-des-participants-du-gstp-pour-2025-2026\\\/#primaryimage\",\"url\":\"https:\\\/\\\/dpress.ma\\\/fr\\\/wp-content\\\/uploads\\\/sites\\\/2\\\/2025\\\/09\\\/dimensions2-20.jpg\",\"contentUrl\":\"https:\\\/\\\/dpress.ma\\\/fr\\\/wp-content\\\/uploads\\\/sites\\\/2\\\/2025\\\/09\\\/dimensions2-20.jpg\",\"width\":2539,\"height\":1594},{\"@type\":\"BreadcrumbList\",\"@id\":\"https:\\\/\\\/dpress.ma\\\/fr\\\/2025\\\/09\\\/10\\\/geneve-le-maroc-designe-a-la-presidence-du-comite-des-participants-du-gstp-pour-2025-2026\\\/#breadcrumb\",\"itemListElement\":[{\"@type\":\"ListItem\",\"position\":1,\"name\":\"Home\",\"item\":\"https:\\\/\\\/dpress.ma\\\/fr\\\/\"},{\"@type\":\"ListItem\",\"position\":2,\"name\":\"Gen\u00e8ve: Le Maroc d\u00e9sign\u00e9 \u00e0 la pr\u00e9sidence du Comit\u00e9 des participants du GSTP pour 2025-2026\"}]},{\"@type\":\"WebSite\",\"@id\":\"https:\\\/\\\/dpress.ma\\\/fr\\\/#website\",\"url\":\"https:\\\/\\\/dpress.ma\\\/fr\\\/\",\"name\":\"Dpress.ma\\\/fr\",\"description\":\"\",\"potentialAction\":[{\"@type\":\"SearchAction\",\"target\":{\"@type\":\"EntryPoint\",\"urlTemplate\":\"https:\\\/\\\/dpress.ma\\\/fr\\\/?s={search_term_string}\"},\"query-input\":{\"@type\":\"PropertyValueSpecification\",\"valueRequired\":true,\"valueName\":\"search_term_string\"}}],\"inLanguage\":\"fr-FR\"},{\"@type\":\"Person\",\"@id\":\"https:\\\/\\\/dpress.ma\\\/fr\\\/#\\\/schema\\\/person\\\/4898febf3ccd59e6578d838656a306a0\",\"name\":\"Dpress.ma\",\"image\":{\"@type\":\"ImageObject\",\"inLanguage\":\"fr-FR\",\"@id\":\"https:\\\/\\\/secure.gravatar.com\\\/avatar\\\/72ecc30e9db047a2e0e7176561eb9d564ed77c8108376495b19bd8336405198a?s=96&d=mm&r=g\",\"url\":\"https:\\\/\\\/secure.gravatar.com\\\/avatar\\\/72ecc30e9db047a2e0e7176561eb9d564ed77c8108376495b19bd8336405198a?s=96&d=mm&r=g\",\"contentUrl\":\"https:\\\/\\\/secure.gravatar.com\\\/avatar\\\/72ecc30e9db047a2e0e7176561eb9d564ed77c8108376495b19bd8336405198a?s=96&d=mm&r=g\",\"caption\":\"Dpress.ma\"},\"sameAs\":[\"https:\\\/\\\/www.dpress.ma\"],\"url\":\"https:\\\/\\\/dpress.ma\\\/fr\\\/author\\\/dpress-ma\\\/\"}]}<\/script>\n<!-- \/ Yoast SEO plugin. -->","yoast_head_json":{"title":"Gen\u00e8ve: Le Maroc d\u00e9sign\u00e9 \u00e0 la pr\u00e9sidence du Comit\u00e9 des participants du GSTP pour 2025-2026 - Dpress.ma\/fr","robots":{"index":"index","follow":"follow","max-snippet":"max-snippet:-1","max-image-preview":"max-image-preview:large","max-video-preview":"max-video-preview:-1"},"canonical":"https:\/\/dpress.ma\/fr\/2025\/09\/10\/geneve-le-maroc-designe-a-la-presidence-du-comite-des-participants-du-gstp-pour-2025-2026\/","og_locale":"fr_FR","og_type":"article","og_title":"Gen\u00e8ve: Le Maroc d\u00e9sign\u00e9 \u00e0 la pr\u00e9sidence du Comit\u00e9 des participants du GSTP pour 2025-2026 - Dpress.ma\/fr","og_description":"Dpress L\u2019ambassadeur et Repr\u00e9sentant permanent du Royaume du Maroc aupr\u00e8s de l\u2019Office des Nations Unies et des autres organisations internationales \u00e0 Gen\u00e8ve, M. Omar Zniber, vient d\u2019\u00eatre d\u00e9sign\u00e9 pr\u00e9sident du Comit\u00e9 des participants au Syst\u00e8me Global de Pr\u00e9f\u00e9rences commerciales entre pays en d\u00e9veloppement (GSTP) pour la p\u00e9riode 2025-2026. Cette d\u00e9signation marque une nouvelle reconnaissance de &hellip;","og_url":"https:\/\/dpress.ma\/fr\/2025\/09\/10\/geneve-le-maroc-designe-a-la-presidence-du-comite-des-participants-du-gstp-pour-2025-2026\/","og_site_name":"Dpress.ma\/fr","article_published_time":"2025-09-10T10:45:08+00:00","article_modified_time":"2025-09-10T10:45:09+00:00","og_image":[{"width":2539,"height":1594,"url":"https:\/\/dpress.ma\/fr\/wp-content\/uploads\/sites\/2\/2025\/09\/dimensions2-20.jpg","type":"image\/jpeg"}],"author":"Dpress.ma","twitter_card":"summary_large_image","twitter_misc":{"\u00c9crit par":"Dpress.ma","Dur\u00e9e de lecture estim\u00e9e":"3 minutes"},"schema":{"@context":"https:\/\/schema.org","@graph":[{"@type":"Article","@id":"https:\/\/dpress.ma\/fr\/2025\/09\/10\/geneve-le-maroc-designe-a-la-presidence-du-comite-des-participants-du-gstp-pour-2025-2026\/#article","isPartOf":{"@id":"https:\/\/dpress.ma\/fr\/2025\/09\/10\/geneve-le-maroc-designe-a-la-presidence-du-comite-des-participants-du-gstp-pour-2025-2026\/"},"author":{"name":"Dpress.ma","@id":"https:\/\/dpress.ma\/fr\/#\/schema\/person\/4898febf3ccd59e6578d838656a306a0"},"headline":"Gen\u00e8ve: Le Maroc d\u00e9sign\u00e9 \u00e0 la pr\u00e9sidence du Comit\u00e9 des participants du GSTP pour 2025-2026","datePublished":"2025-09-10T10:45:08+00:00","dateModified":"2025-09-10T10:45:09+00:00","mainEntityOfPage":{"@id":"https:\/\/dpress.ma\/fr\/2025\/09\/10\/geneve-le-maroc-designe-a-la-presidence-du-comite-des-participants-du-gstp-pour-2025-2026\/"},"wordCount":523,"commentCount":0,"image":{"@id":"https:\/\/dpress.ma\/fr\/2025\/09\/10\/geneve-le-maroc-designe-a-la-presidence-du-comite-des-participants-du-gstp-pour-2025-2026\/#primaryimage"},"thumbnailUrl":"https:\/\/dpress.ma\/fr\/wp-content\/uploads\/sites\/2\/2025\/09\/dimensions2-20.jpg","articleSection":["societe et regions"],"inLanguage":"fr-FR","potentialAction":[{"@type":"CommentAction","name":"Comment","target":["https:\/\/dpress.ma\/fr\/2025\/09\/10\/geneve-le-maroc-designe-a-la-presidence-du-comite-des-participants-du-gstp-pour-2025-2026\/#respond"]}]},{"@type":"WebPage","@id":"https:\/\/dpress.ma\/fr\/2025\/09\/10\/geneve-le-maroc-designe-a-la-presidence-du-comite-des-participants-du-gstp-pour-2025-2026\/","url":"https:\/\/dpress.ma\/fr\/2025\/09\/10\/geneve-le-maroc-designe-a-la-presidence-du-comite-des-participants-du-gstp-pour-2025-2026\/","name":"Gen\u00e8ve: Le Maroc d\u00e9sign\u00e9 \u00e0 la pr\u00e9sidence du Comit\u00e9 des participants du GSTP pour 2025-2026 - Dpress.ma\/fr","isPartOf":{"@id":"https:\/\/dpress.ma\/fr\/#website"},"primaryImageOfPage":{"@id":"https:\/\/dpress.ma\/fr\/2025\/09\/10\/geneve-le-maroc-designe-a-la-presidence-du-comite-des-participants-du-gstp-pour-2025-2026\/#primaryimage"},"image":{"@id":"https:\/\/dpress.ma\/fr\/2025\/09\/10\/geneve-le-maroc-designe-a-la-presidence-du-comite-des-participants-du-gstp-pour-2025-2026\/#primaryimage"},"thumbnailUrl":"https:\/\/dpress.ma\/fr\/wp-content\/uploads\/sites\/2\/2025\/09\/dimensions2-20.jpg","datePublished":"2025-09-10T10:45:08+00:00","dateModified":"2025-09-10T10:45:09+00:00","author":{"@id":"https:\/\/dpress.ma\/fr\/#\/schema\/person\/4898febf3ccd59e6578d838656a306a0"},"breadcrumb":{"@id":"https:\/\/dpress.ma\/fr\/2025\/09\/10\/geneve-le-maroc-designe-a-la-presidence-du-comite-des-participants-du-gstp-pour-2025-2026\/#breadcrumb"},"inLanguage":"fr-FR","potentialAction":[{"@type":"ReadAction","target":["https:\/\/dpress.ma\/fr\/2025\/09\/10\/geneve-le-maroc-designe-a-la-presidence-du-comite-des-participants-du-gstp-pour-2025-2026\/"]}]},{"@type":"ImageObject","inLanguage":"fr-FR","@id":"https:\/\/dpress.ma\/fr\/2025\/09\/10\/geneve-le-maroc-designe-a-la-presidence-du-comite-des-participants-du-gstp-pour-2025-2026\/#primaryimage","url":"https:\/\/dpress.ma\/fr\/wp-content\/uploads\/sites\/2\/2025\/09\/dimensions2-20.jpg","contentUrl":"https:\/\/dpress.ma\/fr\/wp-content\/uploads\/sites\/2\/2025\/09\/dimensions2-20.jpg","width":2539,"height":1594},{"@type":"BreadcrumbList","@id":"https:\/\/dpress.ma\/fr\/2025\/09\/10\/geneve-le-maroc-designe-a-la-presidence-du-comite-des-participants-du-gstp-pour-2025-2026\/#breadcrumb","itemListElement":[{"@type":"ListItem","position":1,"name":"Home","item":"https:\/\/dpress.ma\/fr\/"},{"@type":"ListItem","position":2,"name":"Gen\u00e8ve: Le Maroc d\u00e9sign\u00e9 \u00e0 la pr\u00e9sidence du Comit\u00e9 des participants du GSTP pour 2025-2026"}]},{"@type":"WebSite","@id":"https:\/\/dpress.ma\/fr\/#website","url":"https:\/\/dpress.ma\/fr\/","name":"Dpress.ma\/fr","description":"","potentialAction":[{"@type":"SearchAction","target":{"@type":"EntryPoint","urlTemplate":"https:\/\/dpress.ma\/fr\/?s={search_term_string}"},"query-input":{"@type":"PropertyValueSpecification","valueRequired":true,"valueName":"search_term_string"}}],"inLanguage":"fr-FR"},{"@type":"Person","@id":"https:\/\/dpress.ma\/fr\/#\/schema\/person\/4898febf3ccd59e6578d838656a306a0","name":"Dpress.ma","image":{"@type":"ImageObject","inLanguage":"fr-FR","@id":"https:\/\/secure.gravatar.com\/avatar\/72ecc30e9db047a2e0e7176561eb9d564ed77c8108376495b19bd8336405198a?s=96&d=mm&r=g","url":"https:\/\/secure.gravatar.com\/avatar\/72ecc30e9db047a2e0e7176561eb9d564ed77c8108376495b19bd8336405198a?s=96&d=mm&r=g","contentUrl":"https:\/\/secure.gravatar.com\/avatar\/72ecc30e9db047a2e0e7176561eb9d564ed77c8108376495b19bd8336405198a?s=96&d=mm&r=g","caption":"Dpress.ma"},"sameAs":["https:\/\/www.dpress.ma"],"url":"https:\/\/dpress.ma\/fr\/author\/dpress-ma\/"}]}},"amp_enabled":true,"_links":{"self":[{"href":"https:\/\/dpress.ma\/fr\/wp-json\/wp\/v2\/posts\/16045","targetHints":{"allow":["GET"]}}],"collection":[{"href":"https:\/\/dpress.ma\/fr\/wp-json\/wp\/v2\/posts"}],"about":[{"href":"https:\/\/dpress.ma\/fr\/wp-json\/wp\/v2\/types\/post"}],"author":[{"embeddable":true,"href":"https:\/\/dpress.ma\/fr\/wp-json\/wp\/v2\/users\/2"}],"replies":[{"embeddable":true,"href":"https:\/\/dpress.ma\/fr\/wp-json\/wp\/v2\/comments?post=16045"}],"version-history":[{"count":1,"href":"https:\/\/dpress.ma\/fr\/wp-json\/wp\/v2\/posts\/16045\/revisions"}],"predecessor-version":[{"id":16047,"href":"https:\/\/dpress.ma\/fr\/wp-json\/wp\/v2\/posts\/16045\/revisions\/16047"}],"wp:featuredmedia":[{"embeddable":true,"href":"https:\/\/dpress.ma\/fr\/wp-json\/wp\/v2\/media\/16046"}],"wp:attachment":[{"href":"https:\/\/dpress.ma\/fr\/wp-json\/wp\/v2\/media?parent=16045"}],"wp:term":[{"taxonomy":"category","embeddable":true,"href":"https:\/\/dpress.ma\/fr\/wp-json\/wp\/v2\/categories?post=16045"},{"taxonomy":"post_tag","embeddable":true,"href":"https:\/\/dpress.ma\/fr\/wp-json\/wp\/v2\/tags?post=16045"}],"curies":[{"name":"wp","href":"https:\/\/api.w.org\/{rel}","templated":true}]}}