{"id":15992,"date":"2025-09-09T11:00:49","date_gmt":"2025-09-09T11:00:49","guid":{"rendered":"https:\/\/dpress.ma\/fr\/?p=15992"},"modified":"2025-09-09T11:00:50","modified_gmt":"2025-09-09T11:00:50","slug":"sm-le-roi-felicite-le-president-du-tadjikistan-a-loccasion-de-la-fete-nationale-de-son-pays-2","status":"publish","type":"post","link":"https:\/\/dpress.ma\/fr\/2025\/09\/09\/sm-le-roi-felicite-le-president-du-tadjikistan-a-loccasion-de-la-fete-nationale-de-son-pays-2\/","title":{"rendered":"SM le Roi f\u00e9licite le Pr\u00e9sident du Tadjikistan \u00e0 l\u2019occasion de la f\u00eate nationale de son pays"},"content":{"rendered":"\n<p>Dpress<\/p>\n\n\n\n<p>&nbsp;Sa Majest\u00e9 le Roi Mohammed VI a adress\u00e9 un message de f\u00e9licitations au Pr\u00e9sident de la R\u00e9publique du Tadjikistan, Emomali Rahmon, \u00e0 l\u2019occasion de la f\u00eate nationale de son pays.<\/p>\n\n\n\n<p>Dans ce message, le Souverain exprime Ses chaleureuses f\u00e9licitations et Ses meilleurs v\u0153ux de sant\u00e9 et de bonheur \u00e0 M. Rahmon, ainsi que de davantage de progr\u00e8s et de prosp\u00e9rit\u00e9 au peuple tadjik fr\u00e8re.<\/p>\n\n\n\n<p>SM le Roi saisit cette occasion pour faire part de Son appr\u00e9ciation des relations fraternelles distingu\u00e9es unissant les deux pays, soulignant Sa d\u00e9termination \u00e0 continuer \u00e0 \u0153uvrer de concert avec le pr\u00e9sident tadjik pour renforcer ces liens et diversifier les domaines de la coop\u00e9ration bilat\u00e9rale, au service des int\u00e9r\u00eats communs des deux peuples fr\u00e8res.<\/p>\n","protected":false},"excerpt":{"rendered":"<p>Dpress &nbsp;Sa Majest\u00e9 le Roi Mohammed VI a adress\u00e9 un message de f\u00e9licitations au Pr\u00e9sident de la R\u00e9publique du Tadjikistan, Emomali Rahmon, \u00e0 l\u2019occasion de la f\u00eate nationale de son pays. Dans ce message, le Souverain exprime Ses chaleureuses f\u00e9licitations et Ses meilleurs v\u0153ux de sant\u00e9 et de bonheur \u00e0 M. Rahmon, ainsi que de &hellip;<\/p>\n","protected":false},"author":2,"featured_media":15993,"comment_status":"open","ping_status":"open","sticky":false,"template":"","format":"standard","meta":{"footnotes":""},"categories":[29],"tags":[],"class_list":["post-15992","post","type-post","status-publish","format-standard","has-post-thumbnail","hentry","category-activites-royales"],"yoast_head":"<!-- This site is optimized with the Yoast SEO plugin v27.5 - https:\/\/yoast.com\/product\/yoast-seo-wordpress\/ -->\n<title>SM le Roi f\u00e9licite le Pr\u00e9sident du Tadjikistan \u00e0 l\u2019occasion de la f\u00eate nationale de son pays - Dpress.ma\/fr<\/title>\n<meta name=\"robots\" content=\"index, follow, max-snippet:-1, max-image-preview:large, max-video-preview:-1\" \/>\n<link rel=\"canonical\" href=\"https:\/\/dpress.ma\/fr\/2025\/09\/09\/sm-le-roi-felicite-le-president-du-tadjikistan-a-loccasion-de-la-fete-nationale-de-son-pays-2\/\" \/>\n<meta property=\"og:locale\" content=\"fr_FR\" \/>\n<meta property=\"og:type\" content=\"article\" \/>\n<meta property=\"og:title\" content=\"SM le Roi f\u00e9licite le Pr\u00e9sident du Tadjikistan \u00e0 l\u2019occasion de la f\u00eate nationale de son pays - Dpress.ma\/fr\" \/>\n<meta property=\"og:description\" content=\"Dpress &nbsp;Sa Majest\u00e9 le Roi Mohammed VI a adress\u00e9 un message de f\u00e9licitations au Pr\u00e9sident de la R\u00e9publique du Tadjikistan, Emomali Rahmon, \u00e0 l\u2019occasion de la f\u00eate nationale de son pays. Dans ce message, le Souverain exprime Ses chaleureuses f\u00e9licitations et Ses meilleurs v\u0153ux de sant\u00e9 et de bonheur \u00e0 M. Rahmon, ainsi que de &hellip;\" \/>\n<meta property=\"og:url\" content=\"https:\/\/dpress.ma\/fr\/2025\/09\/09\/sm-le-roi-felicite-le-president-du-tadjikistan-a-loccasion-de-la-fete-nationale-de-son-pays-2\/\" \/>\n<meta property=\"og:site_name\" content=\"Dpress.ma\/fr\" \/>\n<meta property=\"article:published_time\" content=\"2025-09-09T11:00:49+00:00\" \/>\n<meta property=\"article:modified_time\" content=\"2025-09-09T11:00:50+00:00\" \/>\n<meta property=\"og:image\" content=\"https:\/\/dpress.ma\/fr\/wp-content\/uploads\/sites\/2\/2025\/09\/dimensions2-8.jpg\" \/>\n\t<meta property=\"og:image:width\" content=\"2539\" \/>\n\t<meta property=\"og:image:height\" content=\"1594\" \/>\n\t<meta property=\"og:image:type\" content=\"image\/jpeg\" \/>\n<meta name=\"author\" content=\"Dpress.ma\" \/>\n<meta name=\"twitter:card\" content=\"summary_large_image\" \/>\n<meta name=\"twitter:label1\" content=\"\u00c9crit par\" \/>\n\t<meta name=\"twitter:data1\" content=\"Dpress.ma\" \/>\n\t<meta name=\"twitter:label2\" content=\"Dur\u00e9e de lecture estim\u00e9e\" \/>\n\t<meta name=\"twitter:data2\" content=\"1 minute\" \/>\n<script type=\"application\/ld+json\" class=\"yoast-schema-graph\">{\"@context\":\"https:\\\/\\\/schema.org\",\"@graph\":[{\"@type\":\"Article\",\"@id\":\"https:\\\/\\\/dpress.ma\\\/fr\\\/2025\\\/09\\\/09\\\/sm-le-roi-felicite-le-president-du-tadjikistan-a-loccasion-de-la-fete-nationale-de-son-pays-2\\\/#article\",\"isPartOf\":{\"@id\":\"https:\\\/\\\/dpress.ma\\\/fr\\\/2025\\\/09\\\/09\\\/sm-le-roi-felicite-le-president-du-tadjikistan-a-loccasion-de-la-fete-nationale-de-son-pays-2\\\/\"},\"author\":{\"name\":\"Dpress.ma\",\"@id\":\"https:\\\/\\\/dpress.ma\\\/fr\\\/#\\\/schema\\\/person\\\/4898febf3ccd59e6578d838656a306a0\"},\"headline\":\"SM le Roi f\u00e9licite le Pr\u00e9sident du Tadjikistan \u00e0 l\u2019occasion de la f\u00eate nationale de son pays\",\"datePublished\":\"2025-09-09T11:00:49+00:00\",\"dateModified\":\"2025-09-09T11:00:50+00:00\",\"mainEntityOfPage\":{\"@id\":\"https:\\\/\\\/dpress.ma\\\/fr\\\/2025\\\/09\\\/09\\\/sm-le-roi-felicite-le-president-du-tadjikistan-a-loccasion-de-la-fete-nationale-de-son-pays-2\\\/\"},\"wordCount\":155,\"commentCount\":0,\"image\":{\"@id\":\"https:\\\/\\\/dpress.ma\\\/fr\\\/2025\\\/09\\\/09\\\/sm-le-roi-felicite-le-president-du-tadjikistan-a-loccasion-de-la-fete-nationale-de-son-pays-2\\\/#primaryimage\"},\"thumbnailUrl\":\"https:\\\/\\\/dpress.ma\\\/fr\\\/wp-content\\\/uploads\\\/sites\\\/2\\\/2025\\\/09\\\/dimensions2-8.jpg\",\"articleSection\":[\"Activit\u00e9s Royales\"],\"inLanguage\":\"fr-FR\",\"potentialAction\":[{\"@type\":\"CommentAction\",\"name\":\"Comment\",\"target\":[\"https:\\\/\\\/dpress.ma\\\/fr\\\/2025\\\/09\\\/09\\\/sm-le-roi-felicite-le-president-du-tadjikistan-a-loccasion-de-la-fete-nationale-de-son-pays-2\\\/#respond\"]}]},{\"@type\":\"WebPage\",\"@id\":\"https:\\\/\\\/dpress.ma\\\/fr\\\/2025\\\/09\\\/09\\\/sm-le-roi-felicite-le-president-du-tadjikistan-a-loccasion-de-la-fete-nationale-de-son-pays-2\\\/\",\"url\":\"https:\\\/\\\/dpress.ma\\\/fr\\\/2025\\\/09\\\/09\\\/sm-le-roi-felicite-le-president-du-tadjikistan-a-loccasion-de-la-fete-nationale-de-son-pays-2\\\/\",\"name\":\"SM le Roi f\u00e9licite le Pr\u00e9sident du Tadjikistan \u00e0 l\u2019occasion de la f\u00eate nationale de son pays - Dpress.ma\\\/fr\",\"isPartOf\":{\"@id\":\"https:\\\/\\\/dpress.ma\\\/fr\\\/#website\"},\"primaryImageOfPage\":{\"@id\":\"https:\\\/\\\/dpress.ma\\\/fr\\\/2025\\\/09\\\/09\\\/sm-le-roi-felicite-le-president-du-tadjikistan-a-loccasion-de-la-fete-nationale-de-son-pays-2\\\/#primaryimage\"},\"image\":{\"@id\":\"https:\\\/\\\/dpress.ma\\\/fr\\\/2025\\\/09\\\/09\\\/sm-le-roi-felicite-le-president-du-tadjikistan-a-loccasion-de-la-fete-nationale-de-son-pays-2\\\/#primaryimage\"},\"thumbnailUrl\":\"https:\\\/\\\/dpress.ma\\\/fr\\\/wp-content\\\/uploads\\\/sites\\\/2\\\/2025\\\/09\\\/dimensions2-8.jpg\",\"datePublished\":\"2025-09-09T11:00:49+00:00\",\"dateModified\":\"2025-09-09T11:00:50+00:00\",\"author\":{\"@id\":\"https:\\\/\\\/dpress.ma\\\/fr\\\/#\\\/schema\\\/person\\\/4898febf3ccd59e6578d838656a306a0\"},\"breadcrumb\":{\"@id\":\"https:\\\/\\\/dpress.ma\\\/fr\\\/2025\\\/09\\\/09\\\/sm-le-roi-felicite-le-president-du-tadjikistan-a-loccasion-de-la-fete-nationale-de-son-pays-2\\\/#breadcrumb\"},\"inLanguage\":\"fr-FR\",\"potentialAction\":[{\"@type\":\"ReadAction\",\"target\":[\"https:\\\/\\\/dpress.ma\\\/fr\\\/2025\\\/09\\\/09\\\/sm-le-roi-felicite-le-president-du-tadjikistan-a-loccasion-de-la-fete-nationale-de-son-pays-2\\\/\"]}]},{\"@type\":\"ImageObject\",\"inLanguage\":\"fr-FR\",\"@id\":\"https:\\\/\\\/dpress.ma\\\/fr\\\/2025\\\/09\\\/09\\\/sm-le-roi-felicite-le-president-du-tadjikistan-a-loccasion-de-la-fete-nationale-de-son-pays-2\\\/#primaryimage\",\"url\":\"https:\\\/\\\/dpress.ma\\\/fr\\\/wp-content\\\/uploads\\\/sites\\\/2\\\/2025\\\/09\\\/dimensions2-8.jpg\",\"contentUrl\":\"https:\\\/\\\/dpress.ma\\\/fr\\\/wp-content\\\/uploads\\\/sites\\\/2\\\/2025\\\/09\\\/dimensions2-8.jpg\",\"width\":2539,\"height\":1594},{\"@type\":\"BreadcrumbList\",\"@id\":\"https:\\\/\\\/dpress.ma\\\/fr\\\/2025\\\/09\\\/09\\\/sm-le-roi-felicite-le-president-du-tadjikistan-a-loccasion-de-la-fete-nationale-de-son-pays-2\\\/#breadcrumb\",\"itemListElement\":[{\"@type\":\"ListItem\",\"position\":1,\"name\":\"Home\",\"item\":\"https:\\\/\\\/dpress.ma\\\/fr\\\/\"},{\"@type\":\"ListItem\",\"position\":2,\"name\":\"SM le Roi f\u00e9licite le Pr\u00e9sident du Tadjikistan \u00e0 l\u2019occasion de la f\u00eate nationale de son pays\"}]},{\"@type\":\"WebSite\",\"@id\":\"https:\\\/\\\/dpress.ma\\\/fr\\\/#website\",\"url\":\"https:\\\/\\\/dpress.ma\\\/fr\\\/\",\"name\":\"Dpress.ma\\\/fr\",\"description\":\"\",\"potentialAction\":[{\"@type\":\"SearchAction\",\"target\":{\"@type\":\"EntryPoint\",\"urlTemplate\":\"https:\\\/\\\/dpress.ma\\\/fr\\\/?s={search_term_string}\"},\"query-input\":{\"@type\":\"PropertyValueSpecification\",\"valueRequired\":true,\"valueName\":\"search_term_string\"}}],\"inLanguage\":\"fr-FR\"},{\"@type\":\"Person\",\"@id\":\"https:\\\/\\\/dpress.ma\\\/fr\\\/#\\\/schema\\\/person\\\/4898febf3ccd59e6578d838656a306a0\",\"name\":\"Dpress.ma\",\"image\":{\"@type\":\"ImageObject\",\"inLanguage\":\"fr-FR\",\"@id\":\"https:\\\/\\\/secure.gravatar.com\\\/avatar\\\/72ecc30e9db047a2e0e7176561eb9d564ed77c8108376495b19bd8336405198a?s=96&d=mm&r=g\",\"url\":\"https:\\\/\\\/secure.gravatar.com\\\/avatar\\\/72ecc30e9db047a2e0e7176561eb9d564ed77c8108376495b19bd8336405198a?s=96&d=mm&r=g\",\"contentUrl\":\"https:\\\/\\\/secure.gravatar.com\\\/avatar\\\/72ecc30e9db047a2e0e7176561eb9d564ed77c8108376495b19bd8336405198a?s=96&d=mm&r=g\",\"caption\":\"Dpress.ma\"},\"sameAs\":[\"https:\\\/\\\/www.dpress.ma\"],\"url\":\"https:\\\/\\\/dpress.ma\\\/fr\\\/author\\\/dpress-ma\\\/\"}]}<\/script>\n<!-- \/ Yoast SEO plugin. -->","yoast_head_json":{"title":"SM le Roi f\u00e9licite le Pr\u00e9sident du Tadjikistan \u00e0 l\u2019occasion de la f\u00eate nationale de son pays - Dpress.ma\/fr","robots":{"index":"index","follow":"follow","max-snippet":"max-snippet:-1","max-image-preview":"max-image-preview:large","max-video-preview":"max-video-preview:-1"},"canonical":"https:\/\/dpress.ma\/fr\/2025\/09\/09\/sm-le-roi-felicite-le-president-du-tadjikistan-a-loccasion-de-la-fete-nationale-de-son-pays-2\/","og_locale":"fr_FR","og_type":"article","og_title":"SM le Roi f\u00e9licite le Pr\u00e9sident du Tadjikistan \u00e0 l\u2019occasion de la f\u00eate nationale de son pays - Dpress.ma\/fr","og_description":"Dpress &nbsp;Sa Majest\u00e9 le Roi Mohammed VI a adress\u00e9 un message de f\u00e9licitations au Pr\u00e9sident de la R\u00e9publique du Tadjikistan, Emomali Rahmon, \u00e0 l\u2019occasion de la f\u00eate nationale de son pays. Dans ce message, le Souverain exprime Ses chaleureuses f\u00e9licitations et Ses meilleurs v\u0153ux de sant\u00e9 et de bonheur \u00e0 M. Rahmon, ainsi que de &hellip;","og_url":"https:\/\/dpress.ma\/fr\/2025\/09\/09\/sm-le-roi-felicite-le-president-du-tadjikistan-a-loccasion-de-la-fete-nationale-de-son-pays-2\/","og_site_name":"Dpress.ma\/fr","article_published_time":"2025-09-09T11:00:49+00:00","article_modified_time":"2025-09-09T11:00:50+00:00","og_image":[{"width":2539,"height":1594,"url":"https:\/\/dpress.ma\/fr\/wp-content\/uploads\/sites\/2\/2025\/09\/dimensions2-8.jpg","type":"image\/jpeg"}],"author":"Dpress.ma","twitter_card":"summary_large_image","twitter_misc":{"\u00c9crit par":"Dpress.ma","Dur\u00e9e de lecture estim\u00e9e":"1 minute"},"schema":{"@context":"https:\/\/schema.org","@graph":[{"@type":"Article","@id":"https:\/\/dpress.ma\/fr\/2025\/09\/09\/sm-le-roi-felicite-le-president-du-tadjikistan-a-loccasion-de-la-fete-nationale-de-son-pays-2\/#article","isPartOf":{"@id":"https:\/\/dpress.ma\/fr\/2025\/09\/09\/sm-le-roi-felicite-le-president-du-tadjikistan-a-loccasion-de-la-fete-nationale-de-son-pays-2\/"},"author":{"name":"Dpress.ma","@id":"https:\/\/dpress.ma\/fr\/#\/schema\/person\/4898febf3ccd59e6578d838656a306a0"},"headline":"SM le Roi f\u00e9licite le Pr\u00e9sident du Tadjikistan \u00e0 l\u2019occasion de la f\u00eate nationale de son pays","datePublished":"2025-09-09T11:00:49+00:00","dateModified":"2025-09-09T11:00:50+00:00","mainEntityOfPage":{"@id":"https:\/\/dpress.ma\/fr\/2025\/09\/09\/sm-le-roi-felicite-le-president-du-tadjikistan-a-loccasion-de-la-fete-nationale-de-son-pays-2\/"},"wordCount":155,"commentCount":0,"image":{"@id":"https:\/\/dpress.ma\/fr\/2025\/09\/09\/sm-le-roi-felicite-le-president-du-tadjikistan-a-loccasion-de-la-fete-nationale-de-son-pays-2\/#primaryimage"},"thumbnailUrl":"https:\/\/dpress.ma\/fr\/wp-content\/uploads\/sites\/2\/2025\/09\/dimensions2-8.jpg","articleSection":["Activit\u00e9s Royales"],"inLanguage":"fr-FR","potentialAction":[{"@type":"CommentAction","name":"Comment","target":["https:\/\/dpress.ma\/fr\/2025\/09\/09\/sm-le-roi-felicite-le-president-du-tadjikistan-a-loccasion-de-la-fete-nationale-de-son-pays-2\/#respond"]}]},{"@type":"WebPage","@id":"https:\/\/dpress.ma\/fr\/2025\/09\/09\/sm-le-roi-felicite-le-president-du-tadjikistan-a-loccasion-de-la-fete-nationale-de-son-pays-2\/","url":"https:\/\/dpress.ma\/fr\/2025\/09\/09\/sm-le-roi-felicite-le-president-du-tadjikistan-a-loccasion-de-la-fete-nationale-de-son-pays-2\/","name":"SM le Roi f\u00e9licite le Pr\u00e9sident du Tadjikistan \u00e0 l\u2019occasion de la f\u00eate nationale de son pays - Dpress.ma\/fr","isPartOf":{"@id":"https:\/\/dpress.ma\/fr\/#website"},"primaryImageOfPage":{"@id":"https:\/\/dpress.ma\/fr\/2025\/09\/09\/sm-le-roi-felicite-le-president-du-tadjikistan-a-loccasion-de-la-fete-nationale-de-son-pays-2\/#primaryimage"},"image":{"@id":"https:\/\/dpress.ma\/fr\/2025\/09\/09\/sm-le-roi-felicite-le-president-du-tadjikistan-a-loccasion-de-la-fete-nationale-de-son-pays-2\/#primaryimage"},"thumbnailUrl":"https:\/\/dpress.ma\/fr\/wp-content\/uploads\/sites\/2\/2025\/09\/dimensions2-8.jpg","datePublished":"2025-09-09T11:00:49+00:00","dateModified":"2025-09-09T11:00:50+00:00","author":{"@id":"https:\/\/dpress.ma\/fr\/#\/schema\/person\/4898febf3ccd59e6578d838656a306a0"},"breadcrumb":{"@id":"https:\/\/dpress.ma\/fr\/2025\/09\/09\/sm-le-roi-felicite-le-president-du-tadjikistan-a-loccasion-de-la-fete-nationale-de-son-pays-2\/#breadcrumb"},"inLanguage":"fr-FR","potentialAction":[{"@type":"ReadAction","target":["https:\/\/dpress.ma\/fr\/2025\/09\/09\/sm-le-roi-felicite-le-president-du-tadjikistan-a-loccasion-de-la-fete-nationale-de-son-pays-2\/"]}]},{"@type":"ImageObject","inLanguage":"fr-FR","@id":"https:\/\/dpress.ma\/fr\/2025\/09\/09\/sm-le-roi-felicite-le-president-du-tadjikistan-a-loccasion-de-la-fete-nationale-de-son-pays-2\/#primaryimage","url":"https:\/\/dpress.ma\/fr\/wp-content\/uploads\/sites\/2\/2025\/09\/dimensions2-8.jpg","contentUrl":"https:\/\/dpress.ma\/fr\/wp-content\/uploads\/sites\/2\/2025\/09\/dimensions2-8.jpg","width":2539,"height":1594},{"@type":"BreadcrumbList","@id":"https:\/\/dpress.ma\/fr\/2025\/09\/09\/sm-le-roi-felicite-le-president-du-tadjikistan-a-loccasion-de-la-fete-nationale-de-son-pays-2\/#breadcrumb","itemListElement":[{"@type":"ListItem","position":1,"name":"Home","item":"https:\/\/dpress.ma\/fr\/"},{"@type":"ListItem","position":2,"name":"SM le Roi f\u00e9licite le Pr\u00e9sident du Tadjikistan \u00e0 l\u2019occasion de la f\u00eate nationale de son pays"}]},{"@type":"WebSite","@id":"https:\/\/dpress.ma\/fr\/#website","url":"https:\/\/dpress.ma\/fr\/","name":"Dpress.ma\/fr","description":"","potentialAction":[{"@type":"SearchAction","target":{"@type":"EntryPoint","urlTemplate":"https:\/\/dpress.ma\/fr\/?s={search_term_string}"},"query-input":{"@type":"PropertyValueSpecification","valueRequired":true,"valueName":"search_term_string"}}],"inLanguage":"fr-FR"},{"@type":"Person","@id":"https:\/\/dpress.ma\/fr\/#\/schema\/person\/4898febf3ccd59e6578d838656a306a0","name":"Dpress.ma","image":{"@type":"ImageObject","inLanguage":"fr-FR","@id":"https:\/\/secure.gravatar.com\/avatar\/72ecc30e9db047a2e0e7176561eb9d564ed77c8108376495b19bd8336405198a?s=96&d=mm&r=g","url":"https:\/\/secure.gravatar.com\/avatar\/72ecc30e9db047a2e0e7176561eb9d564ed77c8108376495b19bd8336405198a?s=96&d=mm&r=g","contentUrl":"https:\/\/secure.gravatar.com\/avatar\/72ecc30e9db047a2e0e7176561eb9d564ed77c8108376495b19bd8336405198a?s=96&d=mm&r=g","caption":"Dpress.ma"},"sameAs":["https:\/\/www.dpress.ma"],"url":"https:\/\/dpress.ma\/fr\/author\/dpress-ma\/"}]}},"amp_enabled":true,"_links":{"self":[{"href":"https:\/\/dpress.ma\/fr\/wp-json\/wp\/v2\/posts\/15992","targetHints":{"allow":["GET"]}}],"collection":[{"href":"https:\/\/dpress.ma\/fr\/wp-json\/wp\/v2\/posts"}],"about":[{"href":"https:\/\/dpress.ma\/fr\/wp-json\/wp\/v2\/types\/post"}],"author":[{"embeddable":true,"href":"https:\/\/dpress.ma\/fr\/wp-json\/wp\/v2\/users\/2"}],"replies":[{"embeddable":true,"href":"https:\/\/dpress.ma\/fr\/wp-json\/wp\/v2\/comments?post=15992"}],"version-history":[{"count":1,"href":"https:\/\/dpress.ma\/fr\/wp-json\/wp\/v2\/posts\/15992\/revisions"}],"predecessor-version":[{"id":15994,"href":"https:\/\/dpress.ma\/fr\/wp-json\/wp\/v2\/posts\/15992\/revisions\/15994"}],"wp:featuredmedia":[{"embeddable":true,"href":"https:\/\/dpress.ma\/fr\/wp-json\/wp\/v2\/media\/15993"}],"wp:attachment":[{"href":"https:\/\/dpress.ma\/fr\/wp-json\/wp\/v2\/media?parent=15992"}],"wp:term":[{"taxonomy":"category","embeddable":true,"href":"https:\/\/dpress.ma\/fr\/wp-json\/wp\/v2\/categories?post=15992"},{"taxonomy":"post_tag","embeddable":true,"href":"https:\/\/dpress.ma\/fr\/wp-json\/wp\/v2\/tags?post=15992"}],"curies":[{"name":"wp","href":"https:\/\/api.w.org\/{rel}","templated":true}]}}