{"id":15982,"date":"2025-09-09T10:02:03","date_gmt":"2025-09-09T10:02:03","guid":{"rendered":"https:\/\/dpress.ma\/fr\/?p=15982"},"modified":"2025-12-31T16:20:14","modified_gmt":"2025-12-31T16:20:14","slug":"averses-orageuses-avec-chutes-de-grele-et-rafales-de-vent-ce-mardi-dans-plusieurs-provinces-bulletin-dalerte","status":"publish","type":"post","link":"https:\/\/dpress.ma\/fr\/2025\/09\/09\/averses-orageuses-avec-chutes-de-grele-et-rafales-de-vent-ce-mardi-dans-plusieurs-provinces-bulletin-dalerte\/","title":{"rendered":"Averses orageuses avec chutes de gr\u00eale et rafales de vent ce mardi dans plusieurs provinces"},"content":{"rendered":"\n<p>Dpress<\/p>\n\n\n\n<p>Des averses orageuses localement fortes avec chutes de gr\u00eale et rafales de vent sont pr\u00e9vues, ce mardi, dans plusieurs provinces du Royaume, a annonc\u00e9 la Direction g\u00e9n\u00e9rale de la m\u00e9t\u00e9orologie (DGM).<\/p>\n\n\n\n<p>Ces forets averses orageuses (25-35 mm) avec chutes de gr\u00eale et rafales de vent concerneront, mardi de 10h \u00e0 14h, les provinces de F\u00e8s, Ifrane, El Hajeb, Mekn\u00e8s, Moulay Yacoub, Sefrou, Taza, Taounate et Khemisset, indique la DGM dans un bulletin d\u2019alerte de niveau de vigilance orange.<\/p>\n\n\n\n<p>Ces averses seront enregistr\u00e9es, de 11h \u00e0 19h, dans les provinces de Guercif, Driouch, Figuig, Jerada, Nador, Oujda-Angad, Taourirt, Berkane et Boulemane, pr\u00e9cise la m\u00eame source, ajoutant que le m\u00eame ph\u00e9nom\u00e8ne touchera,&nbsp;de 15h \u00e0 23h,&nbsp;les provinces d\u2019Aousserd et Oued-Ed Dahab.<\/p>\n","protected":false},"excerpt":{"rendered":"<p>Dpress Des averses orageuses localement fortes avec chutes de gr\u00eale et rafales de vent sont pr\u00e9vues, ce mardi, dans plusieurs provinces du Royaume, a annonc\u00e9 la Direction g\u00e9n\u00e9rale de la m\u00e9t\u00e9orologie (DGM). Ces forets averses orageuses (25-35 mm) avec chutes de gr\u00eale et rafales de vent concerneront, mardi de 10h \u00e0 14h, les provinces de &hellip;<\/p>\n","protected":false},"author":2,"featured_media":19620,"comment_status":"open","ping_status":"open","sticky":false,"template":"","format":"standard","meta":{"footnotes":""},"categories":[40],"tags":[],"class_list":["post-15982","post","type-post","status-publish","format-standard","has-post-thumbnail","hentry","category-societe-et-regions"],"yoast_head":"<!-- This site is optimized with the Yoast SEO plugin v27.5 - https:\/\/yoast.com\/product\/yoast-seo-wordpress\/ -->\n<title>Averses orageuses avec chutes de gr\u00eale et rafales de vent ce mardi dans plusieurs provinces - Dpress.ma\/fr<\/title>\n<meta name=\"robots\" content=\"index, follow, max-snippet:-1, max-image-preview:large, max-video-preview:-1\" \/>\n<link rel=\"canonical\" href=\"https:\/\/dpress.ma\/fr\/2025\/09\/09\/averses-orageuses-avec-chutes-de-grele-et-rafales-de-vent-ce-mardi-dans-plusieurs-provinces-bulletin-dalerte\/\" \/>\n<meta property=\"og:locale\" content=\"fr_FR\" \/>\n<meta property=\"og:type\" content=\"article\" \/>\n<meta property=\"og:title\" content=\"Averses orageuses avec chutes de gr\u00eale et rafales de vent ce mardi dans plusieurs provinces - Dpress.ma\/fr\" \/>\n<meta property=\"og:description\" content=\"Dpress Des averses orageuses localement fortes avec chutes de gr\u00eale et rafales de vent sont pr\u00e9vues, ce mardi, dans plusieurs provinces du Royaume, a annonc\u00e9 la Direction g\u00e9n\u00e9rale de la m\u00e9t\u00e9orologie (DGM). Ces forets averses orageuses (25-35 mm) avec chutes de gr\u00eale et rafales de vent concerneront, mardi de 10h \u00e0 14h, les provinces de &hellip;\" \/>\n<meta property=\"og:url\" content=\"https:\/\/dpress.ma\/fr\/2025\/09\/09\/averses-orageuses-avec-chutes-de-grele-et-rafales-de-vent-ce-mardi-dans-plusieurs-provinces-bulletin-dalerte\/\" \/>\n<meta property=\"og:site_name\" content=\"Dpress.ma\/fr\" \/>\n<meta property=\"article:published_time\" content=\"2025-09-09T10:02:03+00:00\" \/>\n<meta property=\"article:modified_time\" content=\"2025-12-31T16:20:14+00:00\" \/>\n<meta property=\"og:image\" content=\"https:\/\/dpress.ma\/fr\/wp-content\/uploads\/sites\/2\/2025\/12\/17-8.jpg\" \/>\n\t<meta property=\"og:image:width\" content=\"2539\" \/>\n\t<meta property=\"og:image:height\" content=\"1594\" \/>\n\t<meta property=\"og:image:type\" content=\"image\/jpeg\" \/>\n<meta name=\"author\" content=\"Dpress.ma\" \/>\n<meta name=\"twitter:card\" content=\"summary_large_image\" \/>\n<meta name=\"twitter:label1\" content=\"\u00c9crit par\" \/>\n\t<meta name=\"twitter:data1\" content=\"Dpress.ma\" \/>\n\t<meta name=\"twitter:label2\" content=\"Dur\u00e9e de lecture estim\u00e9e\" \/>\n\t<meta name=\"twitter:data2\" content=\"1 minute\" \/>\n<script type=\"application\/ld+json\" class=\"yoast-schema-graph\">{\"@context\":\"https:\\\/\\\/schema.org\",\"@graph\":[{\"@type\":\"Article\",\"@id\":\"https:\\\/\\\/dpress.ma\\\/fr\\\/2025\\\/09\\\/09\\\/averses-orageuses-avec-chutes-de-grele-et-rafales-de-vent-ce-mardi-dans-plusieurs-provinces-bulletin-dalerte\\\/#article\",\"isPartOf\":{\"@id\":\"https:\\\/\\\/dpress.ma\\\/fr\\\/2025\\\/09\\\/09\\\/averses-orageuses-avec-chutes-de-grele-et-rafales-de-vent-ce-mardi-dans-plusieurs-provinces-bulletin-dalerte\\\/\"},\"author\":{\"name\":\"Dpress.ma\",\"@id\":\"https:\\\/\\\/dpress.ma\\\/fr\\\/#\\\/schema\\\/person\\\/4898febf3ccd59e6578d838656a306a0\"},\"headline\":\"Averses orageuses avec chutes de gr\u00eale et rafales de vent ce mardi dans plusieurs provinces\",\"datePublished\":\"2025-09-09T10:02:03+00:00\",\"dateModified\":\"2025-12-31T16:20:14+00:00\",\"mainEntityOfPage\":{\"@id\":\"https:\\\/\\\/dpress.ma\\\/fr\\\/2025\\\/09\\\/09\\\/averses-orageuses-avec-chutes-de-grele-et-rafales-de-vent-ce-mardi-dans-plusieurs-provinces-bulletin-dalerte\\\/\"},\"wordCount\":153,\"commentCount\":0,\"image\":{\"@id\":\"https:\\\/\\\/dpress.ma\\\/fr\\\/2025\\\/09\\\/09\\\/averses-orageuses-avec-chutes-de-grele-et-rafales-de-vent-ce-mardi-dans-plusieurs-provinces-bulletin-dalerte\\\/#primaryimage\"},\"thumbnailUrl\":\"https:\\\/\\\/dpress.ma\\\/fr\\\/wp-content\\\/uploads\\\/sites\\\/2\\\/2025\\\/12\\\/17-8.jpg\",\"articleSection\":[\"societe et regions\"],\"inLanguage\":\"fr-FR\",\"potentialAction\":[{\"@type\":\"CommentAction\",\"name\":\"Comment\",\"target\":[\"https:\\\/\\\/dpress.ma\\\/fr\\\/2025\\\/09\\\/09\\\/averses-orageuses-avec-chutes-de-grele-et-rafales-de-vent-ce-mardi-dans-plusieurs-provinces-bulletin-dalerte\\\/#respond\"]}]},{\"@type\":\"WebPage\",\"@id\":\"https:\\\/\\\/dpress.ma\\\/fr\\\/2025\\\/09\\\/09\\\/averses-orageuses-avec-chutes-de-grele-et-rafales-de-vent-ce-mardi-dans-plusieurs-provinces-bulletin-dalerte\\\/\",\"url\":\"https:\\\/\\\/dpress.ma\\\/fr\\\/2025\\\/09\\\/09\\\/averses-orageuses-avec-chutes-de-grele-et-rafales-de-vent-ce-mardi-dans-plusieurs-provinces-bulletin-dalerte\\\/\",\"name\":\"Averses orageuses avec chutes de gr\u00eale et rafales de vent ce mardi dans plusieurs provinces - Dpress.ma\\\/fr\",\"isPartOf\":{\"@id\":\"https:\\\/\\\/dpress.ma\\\/fr\\\/#website\"},\"primaryImageOfPage\":{\"@id\":\"https:\\\/\\\/dpress.ma\\\/fr\\\/2025\\\/09\\\/09\\\/averses-orageuses-avec-chutes-de-grele-et-rafales-de-vent-ce-mardi-dans-plusieurs-provinces-bulletin-dalerte\\\/#primaryimage\"},\"image\":{\"@id\":\"https:\\\/\\\/dpress.ma\\\/fr\\\/2025\\\/09\\\/09\\\/averses-orageuses-avec-chutes-de-grele-et-rafales-de-vent-ce-mardi-dans-plusieurs-provinces-bulletin-dalerte\\\/#primaryimage\"},\"thumbnailUrl\":\"https:\\\/\\\/dpress.ma\\\/fr\\\/wp-content\\\/uploads\\\/sites\\\/2\\\/2025\\\/12\\\/17-8.jpg\",\"datePublished\":\"2025-09-09T10:02:03+00:00\",\"dateModified\":\"2025-12-31T16:20:14+00:00\",\"author\":{\"@id\":\"https:\\\/\\\/dpress.ma\\\/fr\\\/#\\\/schema\\\/person\\\/4898febf3ccd59e6578d838656a306a0\"},\"breadcrumb\":{\"@id\":\"https:\\\/\\\/dpress.ma\\\/fr\\\/2025\\\/09\\\/09\\\/averses-orageuses-avec-chutes-de-grele-et-rafales-de-vent-ce-mardi-dans-plusieurs-provinces-bulletin-dalerte\\\/#breadcrumb\"},\"inLanguage\":\"fr-FR\",\"potentialAction\":[{\"@type\":\"ReadAction\",\"target\":[\"https:\\\/\\\/dpress.ma\\\/fr\\\/2025\\\/09\\\/09\\\/averses-orageuses-avec-chutes-de-grele-et-rafales-de-vent-ce-mardi-dans-plusieurs-provinces-bulletin-dalerte\\\/\"]}]},{\"@type\":\"ImageObject\",\"inLanguage\":\"fr-FR\",\"@id\":\"https:\\\/\\\/dpress.ma\\\/fr\\\/2025\\\/09\\\/09\\\/averses-orageuses-avec-chutes-de-grele-et-rafales-de-vent-ce-mardi-dans-plusieurs-provinces-bulletin-dalerte\\\/#primaryimage\",\"url\":\"https:\\\/\\\/dpress.ma\\\/fr\\\/wp-content\\\/uploads\\\/sites\\\/2\\\/2025\\\/12\\\/17-8.jpg\",\"contentUrl\":\"https:\\\/\\\/dpress.ma\\\/fr\\\/wp-content\\\/uploads\\\/sites\\\/2\\\/2025\\\/12\\\/17-8.jpg\",\"width\":2539,\"height\":1594},{\"@type\":\"BreadcrumbList\",\"@id\":\"https:\\\/\\\/dpress.ma\\\/fr\\\/2025\\\/09\\\/09\\\/averses-orageuses-avec-chutes-de-grele-et-rafales-de-vent-ce-mardi-dans-plusieurs-provinces-bulletin-dalerte\\\/#breadcrumb\",\"itemListElement\":[{\"@type\":\"ListItem\",\"position\":1,\"name\":\"Home\",\"item\":\"https:\\\/\\\/dpress.ma\\\/fr\\\/\"},{\"@type\":\"ListItem\",\"position\":2,\"name\":\"Averses orageuses avec chutes de gr\u00eale et rafales de vent ce mardi dans plusieurs provinces\"}]},{\"@type\":\"WebSite\",\"@id\":\"https:\\\/\\\/dpress.ma\\\/fr\\\/#website\",\"url\":\"https:\\\/\\\/dpress.ma\\\/fr\\\/\",\"name\":\"Dpress.ma\\\/fr\",\"description\":\"\",\"potentialAction\":[{\"@type\":\"SearchAction\",\"target\":{\"@type\":\"EntryPoint\",\"urlTemplate\":\"https:\\\/\\\/dpress.ma\\\/fr\\\/?s={search_term_string}\"},\"query-input\":{\"@type\":\"PropertyValueSpecification\",\"valueRequired\":true,\"valueName\":\"search_term_string\"}}],\"inLanguage\":\"fr-FR\"},{\"@type\":\"Person\",\"@id\":\"https:\\\/\\\/dpress.ma\\\/fr\\\/#\\\/schema\\\/person\\\/4898febf3ccd59e6578d838656a306a0\",\"name\":\"Dpress.ma\",\"image\":{\"@type\":\"ImageObject\",\"inLanguage\":\"fr-FR\",\"@id\":\"https:\\\/\\\/secure.gravatar.com\\\/avatar\\\/72ecc30e9db047a2e0e7176561eb9d564ed77c8108376495b19bd8336405198a?s=96&d=mm&r=g\",\"url\":\"https:\\\/\\\/secure.gravatar.com\\\/avatar\\\/72ecc30e9db047a2e0e7176561eb9d564ed77c8108376495b19bd8336405198a?s=96&d=mm&r=g\",\"contentUrl\":\"https:\\\/\\\/secure.gravatar.com\\\/avatar\\\/72ecc30e9db047a2e0e7176561eb9d564ed77c8108376495b19bd8336405198a?s=96&d=mm&r=g\",\"caption\":\"Dpress.ma\"},\"sameAs\":[\"https:\\\/\\\/www.dpress.ma\"],\"url\":\"https:\\\/\\\/dpress.ma\\\/fr\\\/author\\\/dpress-ma\\\/\"}]}<\/script>\n<!-- \/ Yoast SEO plugin. -->","yoast_head_json":{"title":"Averses orageuses avec chutes de gr\u00eale et rafales de vent ce mardi dans plusieurs provinces - Dpress.ma\/fr","robots":{"index":"index","follow":"follow","max-snippet":"max-snippet:-1","max-image-preview":"max-image-preview:large","max-video-preview":"max-video-preview:-1"},"canonical":"https:\/\/dpress.ma\/fr\/2025\/09\/09\/averses-orageuses-avec-chutes-de-grele-et-rafales-de-vent-ce-mardi-dans-plusieurs-provinces-bulletin-dalerte\/","og_locale":"fr_FR","og_type":"article","og_title":"Averses orageuses avec chutes de gr\u00eale et rafales de vent ce mardi dans plusieurs provinces - Dpress.ma\/fr","og_description":"Dpress Des averses orageuses localement fortes avec chutes de gr\u00eale et rafales de vent sont pr\u00e9vues, ce mardi, dans plusieurs provinces du Royaume, a annonc\u00e9 la Direction g\u00e9n\u00e9rale de la m\u00e9t\u00e9orologie (DGM). Ces forets averses orageuses (25-35 mm) avec chutes de gr\u00eale et rafales de vent concerneront, mardi de 10h \u00e0 14h, les provinces de &hellip;","og_url":"https:\/\/dpress.ma\/fr\/2025\/09\/09\/averses-orageuses-avec-chutes-de-grele-et-rafales-de-vent-ce-mardi-dans-plusieurs-provinces-bulletin-dalerte\/","og_site_name":"Dpress.ma\/fr","article_published_time":"2025-09-09T10:02:03+00:00","article_modified_time":"2025-12-31T16:20:14+00:00","og_image":[{"width":2539,"height":1594,"url":"https:\/\/dpress.ma\/fr\/wp-content\/uploads\/sites\/2\/2025\/12\/17-8.jpg","type":"image\/jpeg"}],"author":"Dpress.ma","twitter_card":"summary_large_image","twitter_misc":{"\u00c9crit par":"Dpress.ma","Dur\u00e9e de lecture estim\u00e9e":"1 minute"},"schema":{"@context":"https:\/\/schema.org","@graph":[{"@type":"Article","@id":"https:\/\/dpress.ma\/fr\/2025\/09\/09\/averses-orageuses-avec-chutes-de-grele-et-rafales-de-vent-ce-mardi-dans-plusieurs-provinces-bulletin-dalerte\/#article","isPartOf":{"@id":"https:\/\/dpress.ma\/fr\/2025\/09\/09\/averses-orageuses-avec-chutes-de-grele-et-rafales-de-vent-ce-mardi-dans-plusieurs-provinces-bulletin-dalerte\/"},"author":{"name":"Dpress.ma","@id":"https:\/\/dpress.ma\/fr\/#\/schema\/person\/4898febf3ccd59e6578d838656a306a0"},"headline":"Averses orageuses avec chutes de gr\u00eale et rafales de vent ce mardi dans plusieurs provinces","datePublished":"2025-09-09T10:02:03+00:00","dateModified":"2025-12-31T16:20:14+00:00","mainEntityOfPage":{"@id":"https:\/\/dpress.ma\/fr\/2025\/09\/09\/averses-orageuses-avec-chutes-de-grele-et-rafales-de-vent-ce-mardi-dans-plusieurs-provinces-bulletin-dalerte\/"},"wordCount":153,"commentCount":0,"image":{"@id":"https:\/\/dpress.ma\/fr\/2025\/09\/09\/averses-orageuses-avec-chutes-de-grele-et-rafales-de-vent-ce-mardi-dans-plusieurs-provinces-bulletin-dalerte\/#primaryimage"},"thumbnailUrl":"https:\/\/dpress.ma\/fr\/wp-content\/uploads\/sites\/2\/2025\/12\/17-8.jpg","articleSection":["societe et regions"],"inLanguage":"fr-FR","potentialAction":[{"@type":"CommentAction","name":"Comment","target":["https:\/\/dpress.ma\/fr\/2025\/09\/09\/averses-orageuses-avec-chutes-de-grele-et-rafales-de-vent-ce-mardi-dans-plusieurs-provinces-bulletin-dalerte\/#respond"]}]},{"@type":"WebPage","@id":"https:\/\/dpress.ma\/fr\/2025\/09\/09\/averses-orageuses-avec-chutes-de-grele-et-rafales-de-vent-ce-mardi-dans-plusieurs-provinces-bulletin-dalerte\/","url":"https:\/\/dpress.ma\/fr\/2025\/09\/09\/averses-orageuses-avec-chutes-de-grele-et-rafales-de-vent-ce-mardi-dans-plusieurs-provinces-bulletin-dalerte\/","name":"Averses orageuses avec chutes de gr\u00eale et rafales de vent ce mardi dans plusieurs provinces - Dpress.ma\/fr","isPartOf":{"@id":"https:\/\/dpress.ma\/fr\/#website"},"primaryImageOfPage":{"@id":"https:\/\/dpress.ma\/fr\/2025\/09\/09\/averses-orageuses-avec-chutes-de-grele-et-rafales-de-vent-ce-mardi-dans-plusieurs-provinces-bulletin-dalerte\/#primaryimage"},"image":{"@id":"https:\/\/dpress.ma\/fr\/2025\/09\/09\/averses-orageuses-avec-chutes-de-grele-et-rafales-de-vent-ce-mardi-dans-plusieurs-provinces-bulletin-dalerte\/#primaryimage"},"thumbnailUrl":"https:\/\/dpress.ma\/fr\/wp-content\/uploads\/sites\/2\/2025\/12\/17-8.jpg","datePublished":"2025-09-09T10:02:03+00:00","dateModified":"2025-12-31T16:20:14+00:00","author":{"@id":"https:\/\/dpress.ma\/fr\/#\/schema\/person\/4898febf3ccd59e6578d838656a306a0"},"breadcrumb":{"@id":"https:\/\/dpress.ma\/fr\/2025\/09\/09\/averses-orageuses-avec-chutes-de-grele-et-rafales-de-vent-ce-mardi-dans-plusieurs-provinces-bulletin-dalerte\/#breadcrumb"},"inLanguage":"fr-FR","potentialAction":[{"@type":"ReadAction","target":["https:\/\/dpress.ma\/fr\/2025\/09\/09\/averses-orageuses-avec-chutes-de-grele-et-rafales-de-vent-ce-mardi-dans-plusieurs-provinces-bulletin-dalerte\/"]}]},{"@type":"ImageObject","inLanguage":"fr-FR","@id":"https:\/\/dpress.ma\/fr\/2025\/09\/09\/averses-orageuses-avec-chutes-de-grele-et-rafales-de-vent-ce-mardi-dans-plusieurs-provinces-bulletin-dalerte\/#primaryimage","url":"https:\/\/dpress.ma\/fr\/wp-content\/uploads\/sites\/2\/2025\/12\/17-8.jpg","contentUrl":"https:\/\/dpress.ma\/fr\/wp-content\/uploads\/sites\/2\/2025\/12\/17-8.jpg","width":2539,"height":1594},{"@type":"BreadcrumbList","@id":"https:\/\/dpress.ma\/fr\/2025\/09\/09\/averses-orageuses-avec-chutes-de-grele-et-rafales-de-vent-ce-mardi-dans-plusieurs-provinces-bulletin-dalerte\/#breadcrumb","itemListElement":[{"@type":"ListItem","position":1,"name":"Home","item":"https:\/\/dpress.ma\/fr\/"},{"@type":"ListItem","position":2,"name":"Averses orageuses avec chutes de gr\u00eale et rafales de vent ce mardi dans plusieurs provinces"}]},{"@type":"WebSite","@id":"https:\/\/dpress.ma\/fr\/#website","url":"https:\/\/dpress.ma\/fr\/","name":"Dpress.ma\/fr","description":"","potentialAction":[{"@type":"SearchAction","target":{"@type":"EntryPoint","urlTemplate":"https:\/\/dpress.ma\/fr\/?s={search_term_string}"},"query-input":{"@type":"PropertyValueSpecification","valueRequired":true,"valueName":"search_term_string"}}],"inLanguage":"fr-FR"},{"@type":"Person","@id":"https:\/\/dpress.ma\/fr\/#\/schema\/person\/4898febf3ccd59e6578d838656a306a0","name":"Dpress.ma","image":{"@type":"ImageObject","inLanguage":"fr-FR","@id":"https:\/\/secure.gravatar.com\/avatar\/72ecc30e9db047a2e0e7176561eb9d564ed77c8108376495b19bd8336405198a?s=96&d=mm&r=g","url":"https:\/\/secure.gravatar.com\/avatar\/72ecc30e9db047a2e0e7176561eb9d564ed77c8108376495b19bd8336405198a?s=96&d=mm&r=g","contentUrl":"https:\/\/secure.gravatar.com\/avatar\/72ecc30e9db047a2e0e7176561eb9d564ed77c8108376495b19bd8336405198a?s=96&d=mm&r=g","caption":"Dpress.ma"},"sameAs":["https:\/\/www.dpress.ma"],"url":"https:\/\/dpress.ma\/fr\/author\/dpress-ma\/"}]}},"amp_enabled":true,"_links":{"self":[{"href":"https:\/\/dpress.ma\/fr\/wp-json\/wp\/v2\/posts\/15982","targetHints":{"allow":["GET"]}}],"collection":[{"href":"https:\/\/dpress.ma\/fr\/wp-json\/wp\/v2\/posts"}],"about":[{"href":"https:\/\/dpress.ma\/fr\/wp-json\/wp\/v2\/types\/post"}],"author":[{"embeddable":true,"href":"https:\/\/dpress.ma\/fr\/wp-json\/wp\/v2\/users\/2"}],"replies":[{"embeddable":true,"href":"https:\/\/dpress.ma\/fr\/wp-json\/wp\/v2\/comments?post=15982"}],"version-history":[{"count":2,"href":"https:\/\/dpress.ma\/fr\/wp-json\/wp\/v2\/posts\/15982\/revisions"}],"predecessor-version":[{"id":20140,"href":"https:\/\/dpress.ma\/fr\/wp-json\/wp\/v2\/posts\/15982\/revisions\/20140"}],"wp:featuredmedia":[{"embeddable":true,"href":"https:\/\/dpress.ma\/fr\/wp-json\/wp\/v2\/media\/19620"}],"wp:attachment":[{"href":"https:\/\/dpress.ma\/fr\/wp-json\/wp\/v2\/media?parent=15982"}],"wp:term":[{"taxonomy":"category","embeddable":true,"href":"https:\/\/dpress.ma\/fr\/wp-json\/wp\/v2\/categories?post=15982"},{"taxonomy":"post_tag","embeddable":true,"href":"https:\/\/dpress.ma\/fr\/wp-json\/wp\/v2\/tags?post=15982"}],"curies":[{"name":"wp","href":"https:\/\/api.w.org\/{rel}","templated":true}]}}