{"id":15962,"date":"2025-09-08T16:27:27","date_gmt":"2025-09-08T16:27:27","guid":{"rendered":"https:\/\/dpress.ma\/fr\/?p=15962"},"modified":"2025-09-08T16:27:28","modified_gmt":"2025-09-08T16:27:28","slug":"les-carburants-daviation-durables-au-menu-dun-atelier-a-sale","status":"publish","type":"post","link":"https:\/\/dpress.ma\/fr\/2025\/09\/08\/les-carburants-daviation-durables-au-menu-dun-atelier-a-sale\/","title":{"rendered":"Les carburants d\u2019aviation durables au menu d\u2019un atelier \u00e0 Sal\u00e9"},"content":{"rendered":"\n<p>Dpress<\/p>\n\n\n\n<p>Un atelier sur les Carburants d\u2019aviation durables au Maroc (SAF, Sustainable Aviation Fuel) s\u2019est ouvert, lundi \u00e0 Sal\u00e9, \u00e0 l\u2019initiative du minist\u00e8re du Transport et de la Logistique, en partenariat avec l\u2019Agence europ\u00e9enne de la s\u00e9curit\u00e9 a\u00e9rienne (AESA).<\/p>\n\n\n\n<p>Organis\u00e9 avec la participation d\u2019experts d\u2019instances internationales, dont l\u2019Organisation internationale de l\u2019aviation civile (OACI), ce workshop se veut une plateforme d\u2019\u00e9change, de r\u00e9flexion et de planification strat\u00e9gique pour les principales parties prenantes en vue d\u2019identifier les opportunit\u00e9s, relever les d\u00e9fis et tracer une feuille de route permettant de promouvoir les activit\u00e9s li\u00e9es aux SAF au Maroc.<\/p>\n\n\n\n<p>Cet \u00e9v\u00e9nement de deux jours s\u2019inscrit dans le cadre du programme \u201cAssistance, Capacity Building and Training for Sustainable Aviation Fuels (ACT-SAF)\u201d, une initiative globale de l\u2019OACI visant \u00e0 soutenir les pays pour avancer dans la r\u00e9alisation des objectifs environnementaux \u00e9tablis pour le secteur de l\u2019aviation.<\/p>\n\n\n\n<p>Intervenant \u00e0 l\u2019ouverture de cet atelier, le secr\u00e9taire g\u00e9n\u00e9ral du minist\u00e8re du Transport et de la Logistique, Zine El Abidine Britel, a affirm\u00e9 que le secteur du transport a\u00e9rien est appel\u00e9 \u00e0 contribuer activement \u00e0 la r\u00e9duction des \u00e9missions des gaz \u00e0 effet de serre, bien qu\u2019il ne soit responsable que d\u2019environ 2% des \u00e9missions mondiales de CO2.<\/p>\n\n\n\n<p>Le secteur de l\u2019aviation civile, qui constitue un vecteur essentiel de mobilit\u00e9, de connectivit\u00e9, d\u2019\u00e9changes commerciaux et de d\u00e9veloppement socio-\u00e9conomique, figure parmi les secteurs les plus engag\u00e9s sur la voie de la transition \u00e9nerg\u00e9tique et de neutralit\u00e9 carbone, a-t-il relev\u00e9.<\/p>\n\n\n\n<p>Il a aussi mis en exergue l\u2019engagement du Maroc, sous la conduite \u00e9clair\u00e9e de Sa Majest\u00e9 le Roi Mohammed VI, dans la voie de la promotion des \u00e9nergies renouvelables, de l\u2019hydrog\u00e8ne vert et des solutions bas-carbone, notant que le Royaume explore toutes les solutions innovantes susceptibles de prot\u00e9ger l\u2019environnement.<\/p>\n\n\n\n<p>M. Britel a affirm\u00e9 que les SAF s\u2019imposent comme l\u2019une des solutions les plus prometteuses pour r\u00e9duire l\u2019empreinte carbone du transport a\u00e9rien, permettant de r\u00e9duire jusqu\u2019\u00e0 80% des \u00e9missions de CO2 par rapport au carburant fossile.<\/p>\n\n\n\n<p>Pour sa part, Ga\u00ebtan Ducroux, en charge des politiques \u00e9nergie, climat, environnement \u00e0 la d\u00e9l\u00e9gation de l\u2019UE au Maroc, a indiqu\u00e9 que le programme ACT-SAF vise \u00e0 appuyer les pays \u00e0 acqu\u00e9rir des capacit\u00e9s techniques, \u00e0 nouer des partenariats et \u00e0 faciliter leur acc\u00e8s aux financements, ajoutant que le projet de cet atelier, qui fait partie de la contribution de l\u2019UE \u00e0 l\u2019ACT-SAF, a permis de soutenir 14 pays africains \u00e0 ce jour, dont le Maroc.<\/p>\n\n\n\n<p>Ce projet, a-t-il poursuivi, s\u2019inscrit \u00e9galement dans le cadre de la mise en \u0153uvre du Partenariat Vert Maroc-EU, qui est le tout premier du genre que l\u2019UE ait conclu avec un pays tiers.&nbsp;Sign\u00e9 en 2022, ce partenariat a permis de renforcer significativement le dialogue et la coop\u00e9ration sur des sujets comme la transition \u00e9nerg\u00e9tique, la d\u00e9carbonation de l\u2019\u00e9conomie, la protection de l\u2019environnement, la r\u00e9silience face au changement climatique ou encore l\u2019\u00e9conomie verte et bleue, a-t-il fait observer.<\/p>\n\n\n\n<p>Il a ajout\u00e9 que l\u2019UE et le Royaume partagent des ambitions et des int\u00e9r\u00eats communs en mati\u00e8re de d\u00e9veloppement de cha\u00eenes de valeurs plus durables et moins carbon\u00e9es.<\/p>\n\n\n\n<p>Les travaux de cet atelier s\u2019articulent autour de plusieurs axes, notamment \u201cle SAF, en tant que moteur cl\u00e9 pour la d\u00e9carbonation de l\u2019aviation et le d\u00e9veloppement d\u2019une \u00e9conomie verte\u201d, \u201cles aspects techniques cl\u00e9s li\u00e9s au SAF\u201d, \u201cle cadre r\u00e9glementaire et normes mondiaux relatifs au SAF\u201d, et \u201cle paysage du SAF au Maroc : \u00e9tat des lieux, initiatives et opportunit\u00e9s\u201d.<\/p>\n","protected":false},"excerpt":{"rendered":"<p>Dpress Un atelier sur les Carburants d\u2019aviation durables au Maroc (SAF, Sustainable Aviation Fuel) s\u2019est ouvert, lundi \u00e0 Sal\u00e9, \u00e0 l\u2019initiative du minist\u00e8re du Transport et de la Logistique, en partenariat avec l\u2019Agence europ\u00e9enne de la s\u00e9curit\u00e9 a\u00e9rienne (AESA). Organis\u00e9 avec la participation d\u2019experts d\u2019instances internationales, dont l\u2019Organisation internationale de l\u2019aviation civile (OACI), ce workshop &hellip;<\/p>\n","protected":false},"author":2,"featured_media":15963,"comment_status":"open","ping_status":"open","sticky":false,"template":"","format":"standard","meta":{"footnotes":""},"categories":[25],"tags":[],"class_list":["post-15962","post","type-post","status-publish","format-standard","has-post-thumbnail","hentry","category-economie"],"yoast_head":"<!-- This site is optimized with the Yoast SEO plugin v27.5 - https:\/\/yoast.com\/product\/yoast-seo-wordpress\/ -->\n<title>Les carburants d\u2019aviation durables au menu d\u2019un atelier \u00e0 Sal\u00e9 - Dpress.ma\/fr<\/title>\n<meta name=\"robots\" content=\"index, follow, max-snippet:-1, max-image-preview:large, max-video-preview:-1\" \/>\n<link rel=\"canonical\" href=\"https:\/\/dpress.ma\/fr\/2025\/09\/08\/les-carburants-daviation-durables-au-menu-dun-atelier-a-sale\/\" \/>\n<meta property=\"og:locale\" content=\"fr_FR\" \/>\n<meta property=\"og:type\" content=\"article\" \/>\n<meta property=\"og:title\" content=\"Les carburants d\u2019aviation durables au menu d\u2019un atelier \u00e0 Sal\u00e9 - Dpress.ma\/fr\" \/>\n<meta property=\"og:description\" content=\"Dpress Un atelier sur les Carburants d\u2019aviation durables au Maroc (SAF, Sustainable Aviation Fuel) s\u2019est ouvert, lundi \u00e0 Sal\u00e9, \u00e0 l\u2019initiative du minist\u00e8re du Transport et de la Logistique, en partenariat avec l\u2019Agence europ\u00e9enne de la s\u00e9curit\u00e9 a\u00e9rienne (AESA). Organis\u00e9 avec la participation d\u2019experts d\u2019instances internationales, dont l\u2019Organisation internationale de l\u2019aviation civile (OACI), ce workshop &hellip;\" \/>\n<meta property=\"og:url\" content=\"https:\/\/dpress.ma\/fr\/2025\/09\/08\/les-carburants-daviation-durables-au-menu-dun-atelier-a-sale\/\" \/>\n<meta property=\"og:site_name\" content=\"Dpress.ma\/fr\" \/>\n<meta property=\"article:published_time\" content=\"2025-09-08T16:27:27+00:00\" \/>\n<meta property=\"article:modified_time\" content=\"2025-09-08T16:27:28+00:00\" \/>\n<meta property=\"og:image\" content=\"https:\/\/dpress.ma\/fr\/wp-content\/uploads\/sites\/2\/2025\/09\/dimensions2.jpg\" \/>\n\t<meta property=\"og:image:width\" content=\"2539\" \/>\n\t<meta property=\"og:image:height\" content=\"1594\" \/>\n\t<meta property=\"og:image:type\" content=\"image\/jpeg\" \/>\n<meta name=\"author\" content=\"Dpress.ma\" \/>\n<meta name=\"twitter:card\" content=\"summary_large_image\" \/>\n<meta name=\"twitter:label1\" content=\"\u00c9crit par\" \/>\n\t<meta name=\"twitter:data1\" content=\"Dpress.ma\" \/>\n\t<meta name=\"twitter:label2\" content=\"Dur\u00e9e de lecture estim\u00e9e\" \/>\n\t<meta name=\"twitter:data2\" content=\"4 minutes\" \/>\n<script type=\"application\/ld+json\" class=\"yoast-schema-graph\">{\"@context\":\"https:\\\/\\\/schema.org\",\"@graph\":[{\"@type\":\"Article\",\"@id\":\"https:\\\/\\\/dpress.ma\\\/fr\\\/2025\\\/09\\\/08\\\/les-carburants-daviation-durables-au-menu-dun-atelier-a-sale\\\/#article\",\"isPartOf\":{\"@id\":\"https:\\\/\\\/dpress.ma\\\/fr\\\/2025\\\/09\\\/08\\\/les-carburants-daviation-durables-au-menu-dun-atelier-a-sale\\\/\"},\"author\":{\"name\":\"Dpress.ma\",\"@id\":\"https:\\\/\\\/dpress.ma\\\/fr\\\/#\\\/schema\\\/person\\\/4898febf3ccd59e6578d838656a306a0\"},\"headline\":\"Les carburants d\u2019aviation durables au menu d\u2019un atelier \u00e0 Sal\u00e9\",\"datePublished\":\"2025-09-08T16:27:27+00:00\",\"dateModified\":\"2025-09-08T16:27:28+00:00\",\"mainEntityOfPage\":{\"@id\":\"https:\\\/\\\/dpress.ma\\\/fr\\\/2025\\\/09\\\/08\\\/les-carburants-daviation-durables-au-menu-dun-atelier-a-sale\\\/\"},\"wordCount\":643,\"commentCount\":0,\"image\":{\"@id\":\"https:\\\/\\\/dpress.ma\\\/fr\\\/2025\\\/09\\\/08\\\/les-carburants-daviation-durables-au-menu-dun-atelier-a-sale\\\/#primaryimage\"},\"thumbnailUrl\":\"https:\\\/\\\/dpress.ma\\\/fr\\\/wp-content\\\/uploads\\\/sites\\\/2\\\/2025\\\/09\\\/dimensions2.jpg\",\"articleSection\":[\"\u00c9conomie\"],\"inLanguage\":\"fr-FR\",\"potentialAction\":[{\"@type\":\"CommentAction\",\"name\":\"Comment\",\"target\":[\"https:\\\/\\\/dpress.ma\\\/fr\\\/2025\\\/09\\\/08\\\/les-carburants-daviation-durables-au-menu-dun-atelier-a-sale\\\/#respond\"]}]},{\"@type\":\"WebPage\",\"@id\":\"https:\\\/\\\/dpress.ma\\\/fr\\\/2025\\\/09\\\/08\\\/les-carburants-daviation-durables-au-menu-dun-atelier-a-sale\\\/\",\"url\":\"https:\\\/\\\/dpress.ma\\\/fr\\\/2025\\\/09\\\/08\\\/les-carburants-daviation-durables-au-menu-dun-atelier-a-sale\\\/\",\"name\":\"Les carburants d\u2019aviation durables au menu d\u2019un atelier \u00e0 Sal\u00e9 - Dpress.ma\\\/fr\",\"isPartOf\":{\"@id\":\"https:\\\/\\\/dpress.ma\\\/fr\\\/#website\"},\"primaryImageOfPage\":{\"@id\":\"https:\\\/\\\/dpress.ma\\\/fr\\\/2025\\\/09\\\/08\\\/les-carburants-daviation-durables-au-menu-dun-atelier-a-sale\\\/#primaryimage\"},\"image\":{\"@id\":\"https:\\\/\\\/dpress.ma\\\/fr\\\/2025\\\/09\\\/08\\\/les-carburants-daviation-durables-au-menu-dun-atelier-a-sale\\\/#primaryimage\"},\"thumbnailUrl\":\"https:\\\/\\\/dpress.ma\\\/fr\\\/wp-content\\\/uploads\\\/sites\\\/2\\\/2025\\\/09\\\/dimensions2.jpg\",\"datePublished\":\"2025-09-08T16:27:27+00:00\",\"dateModified\":\"2025-09-08T16:27:28+00:00\",\"author\":{\"@id\":\"https:\\\/\\\/dpress.ma\\\/fr\\\/#\\\/schema\\\/person\\\/4898febf3ccd59e6578d838656a306a0\"},\"breadcrumb\":{\"@id\":\"https:\\\/\\\/dpress.ma\\\/fr\\\/2025\\\/09\\\/08\\\/les-carburants-daviation-durables-au-menu-dun-atelier-a-sale\\\/#breadcrumb\"},\"inLanguage\":\"fr-FR\",\"potentialAction\":[{\"@type\":\"ReadAction\",\"target\":[\"https:\\\/\\\/dpress.ma\\\/fr\\\/2025\\\/09\\\/08\\\/les-carburants-daviation-durables-au-menu-dun-atelier-a-sale\\\/\"]}]},{\"@type\":\"ImageObject\",\"inLanguage\":\"fr-FR\",\"@id\":\"https:\\\/\\\/dpress.ma\\\/fr\\\/2025\\\/09\\\/08\\\/les-carburants-daviation-durables-au-menu-dun-atelier-a-sale\\\/#primaryimage\",\"url\":\"https:\\\/\\\/dpress.ma\\\/fr\\\/wp-content\\\/uploads\\\/sites\\\/2\\\/2025\\\/09\\\/dimensions2.jpg\",\"contentUrl\":\"https:\\\/\\\/dpress.ma\\\/fr\\\/wp-content\\\/uploads\\\/sites\\\/2\\\/2025\\\/09\\\/dimensions2.jpg\",\"width\":2539,\"height\":1594},{\"@type\":\"BreadcrumbList\",\"@id\":\"https:\\\/\\\/dpress.ma\\\/fr\\\/2025\\\/09\\\/08\\\/les-carburants-daviation-durables-au-menu-dun-atelier-a-sale\\\/#breadcrumb\",\"itemListElement\":[{\"@type\":\"ListItem\",\"position\":1,\"name\":\"Home\",\"item\":\"https:\\\/\\\/dpress.ma\\\/fr\\\/\"},{\"@type\":\"ListItem\",\"position\":2,\"name\":\"Les carburants d\u2019aviation durables au menu d\u2019un atelier \u00e0 Sal\u00e9\"}]},{\"@type\":\"WebSite\",\"@id\":\"https:\\\/\\\/dpress.ma\\\/fr\\\/#website\",\"url\":\"https:\\\/\\\/dpress.ma\\\/fr\\\/\",\"name\":\"Dpress.ma\\\/fr\",\"description\":\"\",\"potentialAction\":[{\"@type\":\"SearchAction\",\"target\":{\"@type\":\"EntryPoint\",\"urlTemplate\":\"https:\\\/\\\/dpress.ma\\\/fr\\\/?s={search_term_string}\"},\"query-input\":{\"@type\":\"PropertyValueSpecification\",\"valueRequired\":true,\"valueName\":\"search_term_string\"}}],\"inLanguage\":\"fr-FR\"},{\"@type\":\"Person\",\"@id\":\"https:\\\/\\\/dpress.ma\\\/fr\\\/#\\\/schema\\\/person\\\/4898febf3ccd59e6578d838656a306a0\",\"name\":\"Dpress.ma\",\"image\":{\"@type\":\"ImageObject\",\"inLanguage\":\"fr-FR\",\"@id\":\"https:\\\/\\\/secure.gravatar.com\\\/avatar\\\/72ecc30e9db047a2e0e7176561eb9d564ed77c8108376495b19bd8336405198a?s=96&d=mm&r=g\",\"url\":\"https:\\\/\\\/secure.gravatar.com\\\/avatar\\\/72ecc30e9db047a2e0e7176561eb9d564ed77c8108376495b19bd8336405198a?s=96&d=mm&r=g\",\"contentUrl\":\"https:\\\/\\\/secure.gravatar.com\\\/avatar\\\/72ecc30e9db047a2e0e7176561eb9d564ed77c8108376495b19bd8336405198a?s=96&d=mm&r=g\",\"caption\":\"Dpress.ma\"},\"sameAs\":[\"https:\\\/\\\/www.dpress.ma\"],\"url\":\"https:\\\/\\\/dpress.ma\\\/fr\\\/author\\\/dpress-ma\\\/\"}]}<\/script>\n<!-- \/ Yoast SEO plugin. -->","yoast_head_json":{"title":"Les carburants d\u2019aviation durables au menu d\u2019un atelier \u00e0 Sal\u00e9 - Dpress.ma\/fr","robots":{"index":"index","follow":"follow","max-snippet":"max-snippet:-1","max-image-preview":"max-image-preview:large","max-video-preview":"max-video-preview:-1"},"canonical":"https:\/\/dpress.ma\/fr\/2025\/09\/08\/les-carburants-daviation-durables-au-menu-dun-atelier-a-sale\/","og_locale":"fr_FR","og_type":"article","og_title":"Les carburants d\u2019aviation durables au menu d\u2019un atelier \u00e0 Sal\u00e9 - Dpress.ma\/fr","og_description":"Dpress Un atelier sur les Carburants d\u2019aviation durables au Maroc (SAF, Sustainable Aviation Fuel) s\u2019est ouvert, lundi \u00e0 Sal\u00e9, \u00e0 l\u2019initiative du minist\u00e8re du Transport et de la Logistique, en partenariat avec l\u2019Agence europ\u00e9enne de la s\u00e9curit\u00e9 a\u00e9rienne (AESA). Organis\u00e9 avec la participation d\u2019experts d\u2019instances internationales, dont l\u2019Organisation internationale de l\u2019aviation civile (OACI), ce workshop &hellip;","og_url":"https:\/\/dpress.ma\/fr\/2025\/09\/08\/les-carburants-daviation-durables-au-menu-dun-atelier-a-sale\/","og_site_name":"Dpress.ma\/fr","article_published_time":"2025-09-08T16:27:27+00:00","article_modified_time":"2025-09-08T16:27:28+00:00","og_image":[{"width":2539,"height":1594,"url":"https:\/\/dpress.ma\/fr\/wp-content\/uploads\/sites\/2\/2025\/09\/dimensions2.jpg","type":"image\/jpeg"}],"author":"Dpress.ma","twitter_card":"summary_large_image","twitter_misc":{"\u00c9crit par":"Dpress.ma","Dur\u00e9e de lecture estim\u00e9e":"4 minutes"},"schema":{"@context":"https:\/\/schema.org","@graph":[{"@type":"Article","@id":"https:\/\/dpress.ma\/fr\/2025\/09\/08\/les-carburants-daviation-durables-au-menu-dun-atelier-a-sale\/#article","isPartOf":{"@id":"https:\/\/dpress.ma\/fr\/2025\/09\/08\/les-carburants-daviation-durables-au-menu-dun-atelier-a-sale\/"},"author":{"name":"Dpress.ma","@id":"https:\/\/dpress.ma\/fr\/#\/schema\/person\/4898febf3ccd59e6578d838656a306a0"},"headline":"Les carburants d\u2019aviation durables au menu d\u2019un atelier \u00e0 Sal\u00e9","datePublished":"2025-09-08T16:27:27+00:00","dateModified":"2025-09-08T16:27:28+00:00","mainEntityOfPage":{"@id":"https:\/\/dpress.ma\/fr\/2025\/09\/08\/les-carburants-daviation-durables-au-menu-dun-atelier-a-sale\/"},"wordCount":643,"commentCount":0,"image":{"@id":"https:\/\/dpress.ma\/fr\/2025\/09\/08\/les-carburants-daviation-durables-au-menu-dun-atelier-a-sale\/#primaryimage"},"thumbnailUrl":"https:\/\/dpress.ma\/fr\/wp-content\/uploads\/sites\/2\/2025\/09\/dimensions2.jpg","articleSection":["\u00c9conomie"],"inLanguage":"fr-FR","potentialAction":[{"@type":"CommentAction","name":"Comment","target":["https:\/\/dpress.ma\/fr\/2025\/09\/08\/les-carburants-daviation-durables-au-menu-dun-atelier-a-sale\/#respond"]}]},{"@type":"WebPage","@id":"https:\/\/dpress.ma\/fr\/2025\/09\/08\/les-carburants-daviation-durables-au-menu-dun-atelier-a-sale\/","url":"https:\/\/dpress.ma\/fr\/2025\/09\/08\/les-carburants-daviation-durables-au-menu-dun-atelier-a-sale\/","name":"Les carburants d\u2019aviation durables au menu d\u2019un atelier \u00e0 Sal\u00e9 - Dpress.ma\/fr","isPartOf":{"@id":"https:\/\/dpress.ma\/fr\/#website"},"primaryImageOfPage":{"@id":"https:\/\/dpress.ma\/fr\/2025\/09\/08\/les-carburants-daviation-durables-au-menu-dun-atelier-a-sale\/#primaryimage"},"image":{"@id":"https:\/\/dpress.ma\/fr\/2025\/09\/08\/les-carburants-daviation-durables-au-menu-dun-atelier-a-sale\/#primaryimage"},"thumbnailUrl":"https:\/\/dpress.ma\/fr\/wp-content\/uploads\/sites\/2\/2025\/09\/dimensions2.jpg","datePublished":"2025-09-08T16:27:27+00:00","dateModified":"2025-09-08T16:27:28+00:00","author":{"@id":"https:\/\/dpress.ma\/fr\/#\/schema\/person\/4898febf3ccd59e6578d838656a306a0"},"breadcrumb":{"@id":"https:\/\/dpress.ma\/fr\/2025\/09\/08\/les-carburants-daviation-durables-au-menu-dun-atelier-a-sale\/#breadcrumb"},"inLanguage":"fr-FR","potentialAction":[{"@type":"ReadAction","target":["https:\/\/dpress.ma\/fr\/2025\/09\/08\/les-carburants-daviation-durables-au-menu-dun-atelier-a-sale\/"]}]},{"@type":"ImageObject","inLanguage":"fr-FR","@id":"https:\/\/dpress.ma\/fr\/2025\/09\/08\/les-carburants-daviation-durables-au-menu-dun-atelier-a-sale\/#primaryimage","url":"https:\/\/dpress.ma\/fr\/wp-content\/uploads\/sites\/2\/2025\/09\/dimensions2.jpg","contentUrl":"https:\/\/dpress.ma\/fr\/wp-content\/uploads\/sites\/2\/2025\/09\/dimensions2.jpg","width":2539,"height":1594},{"@type":"BreadcrumbList","@id":"https:\/\/dpress.ma\/fr\/2025\/09\/08\/les-carburants-daviation-durables-au-menu-dun-atelier-a-sale\/#breadcrumb","itemListElement":[{"@type":"ListItem","position":1,"name":"Home","item":"https:\/\/dpress.ma\/fr\/"},{"@type":"ListItem","position":2,"name":"Les carburants d\u2019aviation durables au menu d\u2019un atelier \u00e0 Sal\u00e9"}]},{"@type":"WebSite","@id":"https:\/\/dpress.ma\/fr\/#website","url":"https:\/\/dpress.ma\/fr\/","name":"Dpress.ma\/fr","description":"","potentialAction":[{"@type":"SearchAction","target":{"@type":"EntryPoint","urlTemplate":"https:\/\/dpress.ma\/fr\/?s={search_term_string}"},"query-input":{"@type":"PropertyValueSpecification","valueRequired":true,"valueName":"search_term_string"}}],"inLanguage":"fr-FR"},{"@type":"Person","@id":"https:\/\/dpress.ma\/fr\/#\/schema\/person\/4898febf3ccd59e6578d838656a306a0","name":"Dpress.ma","image":{"@type":"ImageObject","inLanguage":"fr-FR","@id":"https:\/\/secure.gravatar.com\/avatar\/72ecc30e9db047a2e0e7176561eb9d564ed77c8108376495b19bd8336405198a?s=96&d=mm&r=g","url":"https:\/\/secure.gravatar.com\/avatar\/72ecc30e9db047a2e0e7176561eb9d564ed77c8108376495b19bd8336405198a?s=96&d=mm&r=g","contentUrl":"https:\/\/secure.gravatar.com\/avatar\/72ecc30e9db047a2e0e7176561eb9d564ed77c8108376495b19bd8336405198a?s=96&d=mm&r=g","caption":"Dpress.ma"},"sameAs":["https:\/\/www.dpress.ma"],"url":"https:\/\/dpress.ma\/fr\/author\/dpress-ma\/"}]}},"amp_enabled":true,"_links":{"self":[{"href":"https:\/\/dpress.ma\/fr\/wp-json\/wp\/v2\/posts\/15962","targetHints":{"allow":["GET"]}}],"collection":[{"href":"https:\/\/dpress.ma\/fr\/wp-json\/wp\/v2\/posts"}],"about":[{"href":"https:\/\/dpress.ma\/fr\/wp-json\/wp\/v2\/types\/post"}],"author":[{"embeddable":true,"href":"https:\/\/dpress.ma\/fr\/wp-json\/wp\/v2\/users\/2"}],"replies":[{"embeddable":true,"href":"https:\/\/dpress.ma\/fr\/wp-json\/wp\/v2\/comments?post=15962"}],"version-history":[{"count":1,"href":"https:\/\/dpress.ma\/fr\/wp-json\/wp\/v2\/posts\/15962\/revisions"}],"predecessor-version":[{"id":15964,"href":"https:\/\/dpress.ma\/fr\/wp-json\/wp\/v2\/posts\/15962\/revisions\/15964"}],"wp:featuredmedia":[{"embeddable":true,"href":"https:\/\/dpress.ma\/fr\/wp-json\/wp\/v2\/media\/15963"}],"wp:attachment":[{"href":"https:\/\/dpress.ma\/fr\/wp-json\/wp\/v2\/media?parent=15962"}],"wp:term":[{"taxonomy":"category","embeddable":true,"href":"https:\/\/dpress.ma\/fr\/wp-json\/wp\/v2\/categories?post=15962"},{"taxonomy":"post_tag","embeddable":true,"href":"https:\/\/dpress.ma\/fr\/wp-json\/wp\/v2\/tags?post=15962"}],"curies":[{"name":"wp","href":"https:\/\/api.w.org\/{rel}","templated":true}]}}