{"id":15957,"date":"2025-09-06T20:17:10","date_gmt":"2025-09-06T20:17:10","guid":{"rendered":"https:\/\/dpress.ma\/fr\/?p=15957"},"modified":"2025-09-06T20:17:11","modified_gmt":"2025-09-06T20:17:11","slug":"taroudant-celebre-lart-de-la-dakka","status":"publish","type":"post","link":"https:\/\/dpress.ma\/fr\/2025\/09\/06\/taroudant-celebre-lart-de-la-dakka\/","title":{"rendered":"Taroudant c\u00e9l\u00e8bre l\u2019art de la \u201cDakka\u201d"},"content":{"rendered":"\n<p>Dpress<\/p>\n\n\n\n<p>La 11\u00e8 \u00e9dition du carrefour national de l\u2019art de la \u201cDakka\u201d s\u2019est tenue vendredi soir, \u00e0&nbsp;Taroudant, mettant en lumi\u00e8re la richesse de ce patrimoine culturel.<\/p>\n\n\n\n<p>Initi\u00e9e&nbsp;par l\u2019association&nbsp;de Dakka Rodania,&nbsp;cette manifestation culturelle vise \u00e0 promouvoir cet h\u00e9ritage&nbsp;authentique&nbsp;et \u00e0 assurer sa p\u00e9rennit\u00e9 et sa transmission aux g\u00e9n\u00e9rations futures.<\/p>\n\n\n\n<p>Cette \u00e9dition a \u00e9t\u00e9 marqu\u00e9e par la participation de plusieurs troupes locales et nationales de l\u2019art de la \u201cDakka\u201d ainsi que l\u2019organisation de spectacles artistiques visant \u00e0 consolider les valeurs de la cr\u00e9ativit\u00e9 collective et \u00e0 mettre l\u2019accent sur la richesse et la diversit\u00e9 des rythmes musicaux marocains.<\/p>\n\n\n\n<p>Dans une d\u00e9claration \u00e0 la MAP, le pr\u00e9sident de l\u2019association&nbsp;de Dakka Rodania,&nbsp;Lahcen Itkart, a relev\u00e9 que l\u2019objectif de ce festival est de mettre en valeur la Dakka Roudania en tant que forme d\u2019art populaire ancestral, profond\u00e9ment enracin\u00e9e dans la culture locale.<\/p>\n\n\n\n<p>Cet \u00e9v\u00e8nement ayant rendu hommage \u00e0 plusieurs figures de cet art ancestral, a transform\u00e9 la ville de Taroudant en capitale des arts populaires et contribu\u00e9 \u00e0 renforcer son rayonnement culturel.<\/p>\n\n\n\n<p>Devenu un rendez-vous annuel attirant des passionn\u00e9s des arts rythmiques, le carrefour national de l\u2019art de la \u201cDakka\u201dest organis\u00e9 en partenariat et avec le soutien de la commune de&nbsp;Taroudant, et en coop\u00e9ration avec la Direction provinciale&nbsp; du minist\u00e8re de la Jeunesse, de la Culture et de la Communication.<\/p>\n","protected":false},"excerpt":{"rendered":"<p>Dpress La 11\u00e8 \u00e9dition du carrefour national de l\u2019art de la \u201cDakka\u201d s\u2019est tenue vendredi soir, \u00e0&nbsp;Taroudant, mettant en lumi\u00e8re la richesse de ce patrimoine culturel. Initi\u00e9e&nbsp;par l\u2019association&nbsp;de Dakka Rodania,&nbsp;cette manifestation culturelle vise \u00e0 promouvoir cet h\u00e9ritage&nbsp;authentique&nbsp;et \u00e0 assurer sa p\u00e9rennit\u00e9 et sa transmission aux g\u00e9n\u00e9rations futures. Cette \u00e9dition a \u00e9t\u00e9 marqu\u00e9e par la participation &hellip;<\/p>\n","protected":false},"author":2,"featured_media":15958,"comment_status":"open","ping_status":"open","sticky":false,"template":"","format":"standard","meta":{"footnotes":""},"categories":[31],"tags":[],"class_list":["post-15957","post","type-post","status-publish","format-standard","has-post-thumbnail","hentry","category-art-et-culture"],"yoast_head":"<!-- This site is optimized with the Yoast SEO plugin v27.5 - https:\/\/yoast.com\/product\/yoast-seo-wordpress\/ -->\n<title>Taroudant c\u00e9l\u00e8bre l\u2019art de la \u201cDakka\u201d - Dpress.ma\/fr<\/title>\n<meta name=\"robots\" content=\"index, follow, max-snippet:-1, max-image-preview:large, max-video-preview:-1\" \/>\n<link rel=\"canonical\" href=\"https:\/\/dpress.ma\/fr\/2025\/09\/06\/taroudant-celebre-lart-de-la-dakka\/\" \/>\n<meta property=\"og:locale\" content=\"fr_FR\" \/>\n<meta property=\"og:type\" content=\"article\" \/>\n<meta property=\"og:title\" content=\"Taroudant c\u00e9l\u00e8bre l\u2019art de la \u201cDakka\u201d - Dpress.ma\/fr\" \/>\n<meta property=\"og:description\" content=\"Dpress La 11\u00e8 \u00e9dition du carrefour national de l\u2019art de la \u201cDakka\u201d s\u2019est tenue vendredi soir, \u00e0&nbsp;Taroudant, mettant en lumi\u00e8re la richesse de ce patrimoine culturel. Initi\u00e9e&nbsp;par l\u2019association&nbsp;de Dakka Rodania,&nbsp;cette manifestation culturelle vise \u00e0 promouvoir cet h\u00e9ritage&nbsp;authentique&nbsp;et \u00e0 assurer sa p\u00e9rennit\u00e9 et sa transmission aux g\u00e9n\u00e9rations futures. Cette \u00e9dition a \u00e9t\u00e9 marqu\u00e9e par la participation &hellip;\" \/>\n<meta property=\"og:url\" content=\"https:\/\/dpress.ma\/fr\/2025\/09\/06\/taroudant-celebre-lart-de-la-dakka\/\" \/>\n<meta property=\"og:site_name\" content=\"Dpress.ma\/fr\" \/>\n<meta property=\"article:published_time\" content=\"2025-09-06T20:17:10+00:00\" \/>\n<meta property=\"article:modified_time\" content=\"2025-09-06T20:17:11+00:00\" \/>\n<meta property=\"og:image\" content=\"https:\/\/dpress.ma\/fr\/wp-content\/uploads\/sites\/2\/2025\/09\/dakka.png\" \/>\n\t<meta property=\"og:image:width\" content=\"780\" \/>\n\t<meta property=\"og:image:height\" content=\"470\" \/>\n\t<meta property=\"og:image:type\" content=\"image\/png\" \/>\n<meta name=\"author\" content=\"Dpress.ma\" \/>\n<meta name=\"twitter:card\" content=\"summary_large_image\" \/>\n<meta name=\"twitter:label1\" content=\"\u00c9crit par\" \/>\n\t<meta name=\"twitter:data1\" content=\"Dpress.ma\" \/>\n\t<meta name=\"twitter:label2\" content=\"Dur\u00e9e de lecture estim\u00e9e\" \/>\n\t<meta name=\"twitter:data2\" content=\"2 minutes\" \/>\n<script type=\"application\/ld+json\" class=\"yoast-schema-graph\">{\"@context\":\"https:\\\/\\\/schema.org\",\"@graph\":[{\"@type\":\"Article\",\"@id\":\"https:\\\/\\\/dpress.ma\\\/fr\\\/2025\\\/09\\\/06\\\/taroudant-celebre-lart-de-la-dakka\\\/#article\",\"isPartOf\":{\"@id\":\"https:\\\/\\\/dpress.ma\\\/fr\\\/2025\\\/09\\\/06\\\/taroudant-celebre-lart-de-la-dakka\\\/\"},\"author\":{\"name\":\"Dpress.ma\",\"@id\":\"https:\\\/\\\/dpress.ma\\\/fr\\\/#\\\/schema\\\/person\\\/4898febf3ccd59e6578d838656a306a0\"},\"headline\":\"Taroudant c\u00e9l\u00e8bre l\u2019art de la \u201cDakka\u201d\",\"datePublished\":\"2025-09-06T20:17:10+00:00\",\"dateModified\":\"2025-09-06T20:17:11+00:00\",\"mainEntityOfPage\":{\"@id\":\"https:\\\/\\\/dpress.ma\\\/fr\\\/2025\\\/09\\\/06\\\/taroudant-celebre-lart-de-la-dakka\\\/\"},\"wordCount\":260,\"commentCount\":0,\"image\":{\"@id\":\"https:\\\/\\\/dpress.ma\\\/fr\\\/2025\\\/09\\\/06\\\/taroudant-celebre-lart-de-la-dakka\\\/#primaryimage\"},\"thumbnailUrl\":\"https:\\\/\\\/dpress.ma\\\/fr\\\/wp-content\\\/uploads\\\/sites\\\/2\\\/2025\\\/09\\\/dakka.png\",\"articleSection\":[\"Art et Culture\"],\"inLanguage\":\"fr-FR\",\"potentialAction\":[{\"@type\":\"CommentAction\",\"name\":\"Comment\",\"target\":[\"https:\\\/\\\/dpress.ma\\\/fr\\\/2025\\\/09\\\/06\\\/taroudant-celebre-lart-de-la-dakka\\\/#respond\"]}]},{\"@type\":\"WebPage\",\"@id\":\"https:\\\/\\\/dpress.ma\\\/fr\\\/2025\\\/09\\\/06\\\/taroudant-celebre-lart-de-la-dakka\\\/\",\"url\":\"https:\\\/\\\/dpress.ma\\\/fr\\\/2025\\\/09\\\/06\\\/taroudant-celebre-lart-de-la-dakka\\\/\",\"name\":\"Taroudant c\u00e9l\u00e8bre l\u2019art de la \u201cDakka\u201d - Dpress.ma\\\/fr\",\"isPartOf\":{\"@id\":\"https:\\\/\\\/dpress.ma\\\/fr\\\/#website\"},\"primaryImageOfPage\":{\"@id\":\"https:\\\/\\\/dpress.ma\\\/fr\\\/2025\\\/09\\\/06\\\/taroudant-celebre-lart-de-la-dakka\\\/#primaryimage\"},\"image\":{\"@id\":\"https:\\\/\\\/dpress.ma\\\/fr\\\/2025\\\/09\\\/06\\\/taroudant-celebre-lart-de-la-dakka\\\/#primaryimage\"},\"thumbnailUrl\":\"https:\\\/\\\/dpress.ma\\\/fr\\\/wp-content\\\/uploads\\\/sites\\\/2\\\/2025\\\/09\\\/dakka.png\",\"datePublished\":\"2025-09-06T20:17:10+00:00\",\"dateModified\":\"2025-09-06T20:17:11+00:00\",\"author\":{\"@id\":\"https:\\\/\\\/dpress.ma\\\/fr\\\/#\\\/schema\\\/person\\\/4898febf3ccd59e6578d838656a306a0\"},\"breadcrumb\":{\"@id\":\"https:\\\/\\\/dpress.ma\\\/fr\\\/2025\\\/09\\\/06\\\/taroudant-celebre-lart-de-la-dakka\\\/#breadcrumb\"},\"inLanguage\":\"fr-FR\",\"potentialAction\":[{\"@type\":\"ReadAction\",\"target\":[\"https:\\\/\\\/dpress.ma\\\/fr\\\/2025\\\/09\\\/06\\\/taroudant-celebre-lart-de-la-dakka\\\/\"]}]},{\"@type\":\"ImageObject\",\"inLanguage\":\"fr-FR\",\"@id\":\"https:\\\/\\\/dpress.ma\\\/fr\\\/2025\\\/09\\\/06\\\/taroudant-celebre-lart-de-la-dakka\\\/#primaryimage\",\"url\":\"https:\\\/\\\/dpress.ma\\\/fr\\\/wp-content\\\/uploads\\\/sites\\\/2\\\/2025\\\/09\\\/dakka.png\",\"contentUrl\":\"https:\\\/\\\/dpress.ma\\\/fr\\\/wp-content\\\/uploads\\\/sites\\\/2\\\/2025\\\/09\\\/dakka.png\",\"width\":780,\"height\":470},{\"@type\":\"BreadcrumbList\",\"@id\":\"https:\\\/\\\/dpress.ma\\\/fr\\\/2025\\\/09\\\/06\\\/taroudant-celebre-lart-de-la-dakka\\\/#breadcrumb\",\"itemListElement\":[{\"@type\":\"ListItem\",\"position\":1,\"name\":\"Home\",\"item\":\"https:\\\/\\\/dpress.ma\\\/fr\\\/\"},{\"@type\":\"ListItem\",\"position\":2,\"name\":\"Taroudant c\u00e9l\u00e8bre l\u2019art de la \u201cDakka\u201d\"}]},{\"@type\":\"WebSite\",\"@id\":\"https:\\\/\\\/dpress.ma\\\/fr\\\/#website\",\"url\":\"https:\\\/\\\/dpress.ma\\\/fr\\\/\",\"name\":\"Dpress.ma\\\/fr\",\"description\":\"\",\"potentialAction\":[{\"@type\":\"SearchAction\",\"target\":{\"@type\":\"EntryPoint\",\"urlTemplate\":\"https:\\\/\\\/dpress.ma\\\/fr\\\/?s={search_term_string}\"},\"query-input\":{\"@type\":\"PropertyValueSpecification\",\"valueRequired\":true,\"valueName\":\"search_term_string\"}}],\"inLanguage\":\"fr-FR\"},{\"@type\":\"Person\",\"@id\":\"https:\\\/\\\/dpress.ma\\\/fr\\\/#\\\/schema\\\/person\\\/4898febf3ccd59e6578d838656a306a0\",\"name\":\"Dpress.ma\",\"image\":{\"@type\":\"ImageObject\",\"inLanguage\":\"fr-FR\",\"@id\":\"https:\\\/\\\/secure.gravatar.com\\\/avatar\\\/72ecc30e9db047a2e0e7176561eb9d564ed77c8108376495b19bd8336405198a?s=96&d=mm&r=g\",\"url\":\"https:\\\/\\\/secure.gravatar.com\\\/avatar\\\/72ecc30e9db047a2e0e7176561eb9d564ed77c8108376495b19bd8336405198a?s=96&d=mm&r=g\",\"contentUrl\":\"https:\\\/\\\/secure.gravatar.com\\\/avatar\\\/72ecc30e9db047a2e0e7176561eb9d564ed77c8108376495b19bd8336405198a?s=96&d=mm&r=g\",\"caption\":\"Dpress.ma\"},\"sameAs\":[\"https:\\\/\\\/www.dpress.ma\"],\"url\":\"https:\\\/\\\/dpress.ma\\\/fr\\\/author\\\/dpress-ma\\\/\"}]}<\/script>\n<!-- \/ Yoast SEO plugin. -->","yoast_head_json":{"title":"Taroudant c\u00e9l\u00e8bre l\u2019art de la \u201cDakka\u201d - Dpress.ma\/fr","robots":{"index":"index","follow":"follow","max-snippet":"max-snippet:-1","max-image-preview":"max-image-preview:large","max-video-preview":"max-video-preview:-1"},"canonical":"https:\/\/dpress.ma\/fr\/2025\/09\/06\/taroudant-celebre-lart-de-la-dakka\/","og_locale":"fr_FR","og_type":"article","og_title":"Taroudant c\u00e9l\u00e8bre l\u2019art de la \u201cDakka\u201d - Dpress.ma\/fr","og_description":"Dpress La 11\u00e8 \u00e9dition du carrefour national de l\u2019art de la \u201cDakka\u201d s\u2019est tenue vendredi soir, \u00e0&nbsp;Taroudant, mettant en lumi\u00e8re la richesse de ce patrimoine culturel. Initi\u00e9e&nbsp;par l\u2019association&nbsp;de Dakka Rodania,&nbsp;cette manifestation culturelle vise \u00e0 promouvoir cet h\u00e9ritage&nbsp;authentique&nbsp;et \u00e0 assurer sa p\u00e9rennit\u00e9 et sa transmission aux g\u00e9n\u00e9rations futures. Cette \u00e9dition a \u00e9t\u00e9 marqu\u00e9e par la participation &hellip;","og_url":"https:\/\/dpress.ma\/fr\/2025\/09\/06\/taroudant-celebre-lart-de-la-dakka\/","og_site_name":"Dpress.ma\/fr","article_published_time":"2025-09-06T20:17:10+00:00","article_modified_time":"2025-09-06T20:17:11+00:00","og_image":[{"width":780,"height":470,"url":"https:\/\/dpress.ma\/fr\/wp-content\/uploads\/sites\/2\/2025\/09\/dakka.png","type":"image\/png"}],"author":"Dpress.ma","twitter_card":"summary_large_image","twitter_misc":{"\u00c9crit par":"Dpress.ma","Dur\u00e9e de lecture estim\u00e9e":"2 minutes"},"schema":{"@context":"https:\/\/schema.org","@graph":[{"@type":"Article","@id":"https:\/\/dpress.ma\/fr\/2025\/09\/06\/taroudant-celebre-lart-de-la-dakka\/#article","isPartOf":{"@id":"https:\/\/dpress.ma\/fr\/2025\/09\/06\/taroudant-celebre-lart-de-la-dakka\/"},"author":{"name":"Dpress.ma","@id":"https:\/\/dpress.ma\/fr\/#\/schema\/person\/4898febf3ccd59e6578d838656a306a0"},"headline":"Taroudant c\u00e9l\u00e8bre l\u2019art de la \u201cDakka\u201d","datePublished":"2025-09-06T20:17:10+00:00","dateModified":"2025-09-06T20:17:11+00:00","mainEntityOfPage":{"@id":"https:\/\/dpress.ma\/fr\/2025\/09\/06\/taroudant-celebre-lart-de-la-dakka\/"},"wordCount":260,"commentCount":0,"image":{"@id":"https:\/\/dpress.ma\/fr\/2025\/09\/06\/taroudant-celebre-lart-de-la-dakka\/#primaryimage"},"thumbnailUrl":"https:\/\/dpress.ma\/fr\/wp-content\/uploads\/sites\/2\/2025\/09\/dakka.png","articleSection":["Art et Culture"],"inLanguage":"fr-FR","potentialAction":[{"@type":"CommentAction","name":"Comment","target":["https:\/\/dpress.ma\/fr\/2025\/09\/06\/taroudant-celebre-lart-de-la-dakka\/#respond"]}]},{"@type":"WebPage","@id":"https:\/\/dpress.ma\/fr\/2025\/09\/06\/taroudant-celebre-lart-de-la-dakka\/","url":"https:\/\/dpress.ma\/fr\/2025\/09\/06\/taroudant-celebre-lart-de-la-dakka\/","name":"Taroudant c\u00e9l\u00e8bre l\u2019art de la \u201cDakka\u201d - Dpress.ma\/fr","isPartOf":{"@id":"https:\/\/dpress.ma\/fr\/#website"},"primaryImageOfPage":{"@id":"https:\/\/dpress.ma\/fr\/2025\/09\/06\/taroudant-celebre-lart-de-la-dakka\/#primaryimage"},"image":{"@id":"https:\/\/dpress.ma\/fr\/2025\/09\/06\/taroudant-celebre-lart-de-la-dakka\/#primaryimage"},"thumbnailUrl":"https:\/\/dpress.ma\/fr\/wp-content\/uploads\/sites\/2\/2025\/09\/dakka.png","datePublished":"2025-09-06T20:17:10+00:00","dateModified":"2025-09-06T20:17:11+00:00","author":{"@id":"https:\/\/dpress.ma\/fr\/#\/schema\/person\/4898febf3ccd59e6578d838656a306a0"},"breadcrumb":{"@id":"https:\/\/dpress.ma\/fr\/2025\/09\/06\/taroudant-celebre-lart-de-la-dakka\/#breadcrumb"},"inLanguage":"fr-FR","potentialAction":[{"@type":"ReadAction","target":["https:\/\/dpress.ma\/fr\/2025\/09\/06\/taroudant-celebre-lart-de-la-dakka\/"]}]},{"@type":"ImageObject","inLanguage":"fr-FR","@id":"https:\/\/dpress.ma\/fr\/2025\/09\/06\/taroudant-celebre-lart-de-la-dakka\/#primaryimage","url":"https:\/\/dpress.ma\/fr\/wp-content\/uploads\/sites\/2\/2025\/09\/dakka.png","contentUrl":"https:\/\/dpress.ma\/fr\/wp-content\/uploads\/sites\/2\/2025\/09\/dakka.png","width":780,"height":470},{"@type":"BreadcrumbList","@id":"https:\/\/dpress.ma\/fr\/2025\/09\/06\/taroudant-celebre-lart-de-la-dakka\/#breadcrumb","itemListElement":[{"@type":"ListItem","position":1,"name":"Home","item":"https:\/\/dpress.ma\/fr\/"},{"@type":"ListItem","position":2,"name":"Taroudant c\u00e9l\u00e8bre l\u2019art de la \u201cDakka\u201d"}]},{"@type":"WebSite","@id":"https:\/\/dpress.ma\/fr\/#website","url":"https:\/\/dpress.ma\/fr\/","name":"Dpress.ma\/fr","description":"","potentialAction":[{"@type":"SearchAction","target":{"@type":"EntryPoint","urlTemplate":"https:\/\/dpress.ma\/fr\/?s={search_term_string}"},"query-input":{"@type":"PropertyValueSpecification","valueRequired":true,"valueName":"search_term_string"}}],"inLanguage":"fr-FR"},{"@type":"Person","@id":"https:\/\/dpress.ma\/fr\/#\/schema\/person\/4898febf3ccd59e6578d838656a306a0","name":"Dpress.ma","image":{"@type":"ImageObject","inLanguage":"fr-FR","@id":"https:\/\/secure.gravatar.com\/avatar\/72ecc30e9db047a2e0e7176561eb9d564ed77c8108376495b19bd8336405198a?s=96&d=mm&r=g","url":"https:\/\/secure.gravatar.com\/avatar\/72ecc30e9db047a2e0e7176561eb9d564ed77c8108376495b19bd8336405198a?s=96&d=mm&r=g","contentUrl":"https:\/\/secure.gravatar.com\/avatar\/72ecc30e9db047a2e0e7176561eb9d564ed77c8108376495b19bd8336405198a?s=96&d=mm&r=g","caption":"Dpress.ma"},"sameAs":["https:\/\/www.dpress.ma"],"url":"https:\/\/dpress.ma\/fr\/author\/dpress-ma\/"}]}},"amp_enabled":true,"_links":{"self":[{"href":"https:\/\/dpress.ma\/fr\/wp-json\/wp\/v2\/posts\/15957","targetHints":{"allow":["GET"]}}],"collection":[{"href":"https:\/\/dpress.ma\/fr\/wp-json\/wp\/v2\/posts"}],"about":[{"href":"https:\/\/dpress.ma\/fr\/wp-json\/wp\/v2\/types\/post"}],"author":[{"embeddable":true,"href":"https:\/\/dpress.ma\/fr\/wp-json\/wp\/v2\/users\/2"}],"replies":[{"embeddable":true,"href":"https:\/\/dpress.ma\/fr\/wp-json\/wp\/v2\/comments?post=15957"}],"version-history":[{"count":1,"href":"https:\/\/dpress.ma\/fr\/wp-json\/wp\/v2\/posts\/15957\/revisions"}],"predecessor-version":[{"id":15959,"href":"https:\/\/dpress.ma\/fr\/wp-json\/wp\/v2\/posts\/15957\/revisions\/15959"}],"wp:featuredmedia":[{"embeddable":true,"href":"https:\/\/dpress.ma\/fr\/wp-json\/wp\/v2\/media\/15958"}],"wp:attachment":[{"href":"https:\/\/dpress.ma\/fr\/wp-json\/wp\/v2\/media?parent=15957"}],"wp:term":[{"taxonomy":"category","embeddable":true,"href":"https:\/\/dpress.ma\/fr\/wp-json\/wp\/v2\/categories?post=15957"},{"taxonomy":"post_tag","embeddable":true,"href":"https:\/\/dpress.ma\/fr\/wp-json\/wp\/v2\/tags?post=15957"}],"curies":[{"name":"wp","href":"https:\/\/api.w.org\/{rel}","templated":true}]}}