{"id":15954,"date":"2025-09-06T20:14:35","date_gmt":"2025-09-06T20:14:35","guid":{"rendered":"https:\/\/dpress.ma\/fr\/?p=15954"},"modified":"2025-09-06T20:14:36","modified_gmt":"2025-09-06T20:14:36","slug":"la-nuit-magique-de-rabat-la-presse-argentine-salue-lexploit-de-la-selection-marocaine","status":"publish","type":"post","link":"https:\/\/dpress.ma\/fr\/2025\/09\/06\/la-nuit-magique-de-rabat-la-presse-argentine-salue-lexploit-de-la-selection-marocaine\/","title":{"rendered":"La \u00ab nuit magique de Rabat \u00bb : la presse argentine salue l\u2019exploit de la s\u00e9lection marocaine"},"content":{"rendered":"\n<p dir=\"ltr\">Dpress<\/p>\n\n\n\n<p dir=\"ltr\">Les principaux m\u00e9dias sportifs et g\u00e9n\u00e9ralistes d\u2019Argentine ont consacr\u00e9 des commentaires \u00e9logieux \u00e0 la \u00ab nuit magique de Rabat \u00bb \u00e0 l\u2019occasion du match Maroc-Niger, m\u00ealant performance sportive, ferveur populaire et les dimensions spectaculaires du Stade Moulay Abdellah.<\/p>\n\n\n\n<p dir=\"ltr\">Le quotidien Clarin, qui vient de f\u00eater la semaine derni\u00e8re ses 80 ans, souligne que l\u2019histoire s\u2019est \u00e9crite vendredi soir \u00e0 double titre : la victoire 5-0 contre le Niger et l\u2019inauguration d\u2019un stade flambant neuf, \u00ab le plus moderne d\u2019Afrique \u00bb.<\/p>\n\n\n\n<p dir=\"ltr\">Le reportage sign\u00e9 de l\u2019envoy\u00e9 sp\u00e9cial du journal \u00e0 Rabat, Luciano Gonzalez, insiste sur les 70.000 spectateurs pr\u00e9sents et la ferveur collective qui a transform\u00e9 ce match en \u00e9v\u00e9nement national.<\/p>\n\n\n\n<p dir=\"ltr\">Soulignant la symbolique d\u2019une \u00e9quipe qui devient la premi\u00e8re d\u2019Afrique \u00e0 se qualifier pour 2026, le journal rel\u00e8ve les chants depuis les tribunes en faveur d\u2019Achraf Hakimi, r\u00e9clamant pour lui un Ballon d\u2019or.<\/p>\n\n\n\n<p dir=\"ltr\">Le quotidien sportif Ol\u00e9 adopte un ton plus technique et met en avant la continuit\u00e9. Apr\u00e8s \u00ab les soir\u00e9es magiques \u00bb du Qatar 2022, o\u00f9 les Lions de l\u2019Atlas avaient atteint les demi-finales, Ol\u00e9 estime que cette qualification pr\u00e9coce (plein carton de 18 points) confirme que le Maroc s\u2019est install\u00e9 parmi les grandes nations du football.<\/p>\n\n\n\n<p dir=\"ltr\">Ce ticket valid\u00e9 \u00e0 quatre journ\u00e9es de la fin illustre la solidit\u00e9 d\u2019un effectif rompu aux grands rendez-vous, compos\u00e9 de joueurs \u00e9voluant dans les meilleures ligues europ\u00e9ennes, souligne Ol\u00e9.<\/p>\n\n\n\n<p dir=\"ltr\">Le quotidien Infobae insiste, quant \u00e0 lui, sur la port\u00e9e historique de l\u2019\u00e9v\u00e8nement en titrant : \u00ab Premi\u00e8re \u00e9quipe africaine \u00e0 obtenir son billet \u00bb.<\/p>\n\n\n\n<p dir=\"ltr\">L\u2019article rappelle la performance de 2022, o\u00f9 le Maroc avait atteint la quatri\u00e8me place mondiale apr\u00e8s avoir \u00e9limin\u00e9 l\u2019Espagne et le Portugal.<\/p>\n\n\n\n<p dir=\"ltr\">Infobae souligne \u00e9galement que ce sera la septi\u00e8me participation des Lions de l\u2019Atlas \u00e0 une phase finale, un cap symbolique pour un pays qui s\u2019impose d\u00e9sormais comme un habitu\u00e9 des grandes comp\u00e9titions.<\/p>\n\n\n\n<p dir=\"ltr\">La publication rappelle enfin que cette qualification co\u00efncide avec l\u2019inauguration du nouveau stade de Rabat, qui se projette d\u00e9j\u00e0 vers la Coupe du monde 2030 co-organis\u00e9e avec l\u2019Espagne et le Portugal.<\/p>\n\n\n\n<p dir=\"ltr\">Enfin le site de la chaine sportive \u00ab TyC Sports \u00bb \u00e9crit que le Maroc, premi\u00e8re \u00e9quipe africaine qualifi\u00e9e au Mondial 2026, s\u2019\u00e9rige en \u00ab mod\u00e8le de r\u00e9ussite qui inspire ses voisins \u00bb.<\/p>\n\n\n\n<p dir=\"ltr\">Pour la cha\u00eene sportive, la soir\u00e9e de Rabat symbolise une double victoire : sportive et institutionnelle. L\u2019article salue une \u00e9quipe \u00ab \u00e9crasante \u00bb dans les \u00e9liminatoires de la CAF, qualifi\u00e9e en t\u00eate de son groupe avec un parcours parfait.<\/p>\n\n\n\n<p dir=\"ltr\">TyC Sports indique enfin que le stade Moulay Abdellah sera l\u2019un des lieux phares de la Coupe d\u2019Afrique 2025 et du Mondial 2030, confirmant le r\u00f4le central du Maroc dans le football continental et mondial.<\/p>\n\n\n\n<p dir=\"ltr\">D\u2019autres m\u00e9dias argentins rel\u00e8vent l\u2019ambition marocaine de s\u2019imposer comme une puissance footballistique, soulignant que cette soir\u00e9e d\u00e9passe le cadre d\u2019une simple qualification, c\u2019est une d\u00e9monstration que le football marocain vit d\u00e9sormais \u00e0 l\u2019heure des grandes puissances.<\/p>\n","protected":false},"excerpt":{"rendered":"<p>Dpress Les principaux m\u00e9dias sportifs et g\u00e9n\u00e9ralistes d\u2019Argentine ont consacr\u00e9 des commentaires \u00e9logieux \u00e0 la \u00ab nuit magique de Rabat \u00bb \u00e0 l\u2019occasion du match Maroc-Niger, m\u00ealant performance sportive, ferveur populaire et les dimensions spectaculaires du Stade Moulay Abdellah. Le quotidien Clarin, qui vient de f\u00eater la semaine derni\u00e8re ses 80 ans, souligne que l\u2019histoire &hellip;<\/p>\n","protected":false},"author":2,"featured_media":15955,"comment_status":"open","ping_status":"open","sticky":false,"template":"","format":"standard","meta":{"footnotes":""},"categories":[27],"tags":[],"class_list":["post-15954","post","type-post","status-publish","format-standard","has-post-thumbnail","hentry","category-sport"],"yoast_head":"<!-- This site is optimized with the Yoast SEO plugin v27.5 - https:\/\/yoast.com\/product\/yoast-seo-wordpress\/ -->\n<title>La \u00ab nuit magique de Rabat \u00bb : la presse argentine salue l\u2019exploit de la s\u00e9lection marocaine - Dpress.ma\/fr<\/title>\n<meta name=\"robots\" content=\"index, follow, max-snippet:-1, max-image-preview:large, max-video-preview:-1\" \/>\n<link rel=\"canonical\" href=\"https:\/\/dpress.ma\/fr\/2025\/09\/06\/la-nuit-magique-de-rabat-la-presse-argentine-salue-lexploit-de-la-selection-marocaine\/\" \/>\n<meta property=\"og:locale\" content=\"fr_FR\" \/>\n<meta property=\"og:type\" content=\"article\" \/>\n<meta property=\"og:title\" content=\"La \u00ab nuit magique de Rabat \u00bb : la presse argentine salue l\u2019exploit de la s\u00e9lection marocaine - Dpress.ma\/fr\" \/>\n<meta property=\"og:description\" content=\"Dpress Les principaux m\u00e9dias sportifs et g\u00e9n\u00e9ralistes d\u2019Argentine ont consacr\u00e9 des commentaires \u00e9logieux \u00e0 la \u00ab nuit magique de Rabat \u00bb \u00e0 l\u2019occasion du match Maroc-Niger, m\u00ealant performance sportive, ferveur populaire et les dimensions spectaculaires du Stade Moulay Abdellah. Le quotidien Clarin, qui vient de f\u00eater la semaine derni\u00e8re ses 80 ans, souligne que l\u2019histoire &hellip;\" \/>\n<meta property=\"og:url\" content=\"https:\/\/dpress.ma\/fr\/2025\/09\/06\/la-nuit-magique-de-rabat-la-presse-argentine-salue-lexploit-de-la-selection-marocaine\/\" \/>\n<meta property=\"og:site_name\" content=\"Dpress.ma\/fr\" \/>\n<meta property=\"article:published_time\" content=\"2025-09-06T20:14:35+00:00\" \/>\n<meta property=\"article:modified_time\" content=\"2025-09-06T20:14:36+00:00\" \/>\n<meta property=\"og:image\" content=\"https:\/\/dpress.ma\/fr\/wp-content\/uploads\/sites\/2\/2025\/09\/maroc-vs-niger.png\" \/>\n\t<meta property=\"og:image:width\" content=\"780\" \/>\n\t<meta property=\"og:image:height\" content=\"470\" \/>\n\t<meta property=\"og:image:type\" content=\"image\/png\" \/>\n<meta name=\"author\" content=\"Dpress.ma\" \/>\n<meta name=\"twitter:card\" content=\"summary_large_image\" \/>\n<meta name=\"twitter:label1\" content=\"\u00c9crit par\" \/>\n\t<meta name=\"twitter:data1\" content=\"Dpress.ma\" \/>\n\t<meta name=\"twitter:label2\" content=\"Dur\u00e9e de lecture estim\u00e9e\" \/>\n\t<meta name=\"twitter:data2\" content=\"3 minutes\" \/>\n<script type=\"application\/ld+json\" class=\"yoast-schema-graph\">{\"@context\":\"https:\\\/\\\/schema.org\",\"@graph\":[{\"@type\":\"Article\",\"@id\":\"https:\\\/\\\/dpress.ma\\\/fr\\\/2025\\\/09\\\/06\\\/la-nuit-magique-de-rabat-la-presse-argentine-salue-lexploit-de-la-selection-marocaine\\\/#article\",\"isPartOf\":{\"@id\":\"https:\\\/\\\/dpress.ma\\\/fr\\\/2025\\\/09\\\/06\\\/la-nuit-magique-de-rabat-la-presse-argentine-salue-lexploit-de-la-selection-marocaine\\\/\"},\"author\":{\"name\":\"Dpress.ma\",\"@id\":\"https:\\\/\\\/dpress.ma\\\/fr\\\/#\\\/schema\\\/person\\\/4898febf3ccd59e6578d838656a306a0\"},\"headline\":\"La \u00ab nuit magique de Rabat \u00bb : la presse argentine salue l\u2019exploit de la s\u00e9lection marocaine\",\"datePublished\":\"2025-09-06T20:14:35+00:00\",\"dateModified\":\"2025-09-06T20:14:36+00:00\",\"mainEntityOfPage\":{\"@id\":\"https:\\\/\\\/dpress.ma\\\/fr\\\/2025\\\/09\\\/06\\\/la-nuit-magique-de-rabat-la-presse-argentine-salue-lexploit-de-la-selection-marocaine\\\/\"},\"wordCount\":536,\"commentCount\":0,\"image\":{\"@id\":\"https:\\\/\\\/dpress.ma\\\/fr\\\/2025\\\/09\\\/06\\\/la-nuit-magique-de-rabat-la-presse-argentine-salue-lexploit-de-la-selection-marocaine\\\/#primaryimage\"},\"thumbnailUrl\":\"https:\\\/\\\/dpress.ma\\\/fr\\\/wp-content\\\/uploads\\\/sites\\\/2\\\/2025\\\/09\\\/maroc-vs-niger.png\",\"articleSection\":[\"Sport\"],\"inLanguage\":\"fr-FR\",\"potentialAction\":[{\"@type\":\"CommentAction\",\"name\":\"Comment\",\"target\":[\"https:\\\/\\\/dpress.ma\\\/fr\\\/2025\\\/09\\\/06\\\/la-nuit-magique-de-rabat-la-presse-argentine-salue-lexploit-de-la-selection-marocaine\\\/#respond\"]}]},{\"@type\":\"WebPage\",\"@id\":\"https:\\\/\\\/dpress.ma\\\/fr\\\/2025\\\/09\\\/06\\\/la-nuit-magique-de-rabat-la-presse-argentine-salue-lexploit-de-la-selection-marocaine\\\/\",\"url\":\"https:\\\/\\\/dpress.ma\\\/fr\\\/2025\\\/09\\\/06\\\/la-nuit-magique-de-rabat-la-presse-argentine-salue-lexploit-de-la-selection-marocaine\\\/\",\"name\":\"La \u00ab nuit magique de Rabat \u00bb : la presse argentine salue l\u2019exploit de la s\u00e9lection marocaine - Dpress.ma\\\/fr\",\"isPartOf\":{\"@id\":\"https:\\\/\\\/dpress.ma\\\/fr\\\/#website\"},\"primaryImageOfPage\":{\"@id\":\"https:\\\/\\\/dpress.ma\\\/fr\\\/2025\\\/09\\\/06\\\/la-nuit-magique-de-rabat-la-presse-argentine-salue-lexploit-de-la-selection-marocaine\\\/#primaryimage\"},\"image\":{\"@id\":\"https:\\\/\\\/dpress.ma\\\/fr\\\/2025\\\/09\\\/06\\\/la-nuit-magique-de-rabat-la-presse-argentine-salue-lexploit-de-la-selection-marocaine\\\/#primaryimage\"},\"thumbnailUrl\":\"https:\\\/\\\/dpress.ma\\\/fr\\\/wp-content\\\/uploads\\\/sites\\\/2\\\/2025\\\/09\\\/maroc-vs-niger.png\",\"datePublished\":\"2025-09-06T20:14:35+00:00\",\"dateModified\":\"2025-09-06T20:14:36+00:00\",\"author\":{\"@id\":\"https:\\\/\\\/dpress.ma\\\/fr\\\/#\\\/schema\\\/person\\\/4898febf3ccd59e6578d838656a306a0\"},\"breadcrumb\":{\"@id\":\"https:\\\/\\\/dpress.ma\\\/fr\\\/2025\\\/09\\\/06\\\/la-nuit-magique-de-rabat-la-presse-argentine-salue-lexploit-de-la-selection-marocaine\\\/#breadcrumb\"},\"inLanguage\":\"fr-FR\",\"potentialAction\":[{\"@type\":\"ReadAction\",\"target\":[\"https:\\\/\\\/dpress.ma\\\/fr\\\/2025\\\/09\\\/06\\\/la-nuit-magique-de-rabat-la-presse-argentine-salue-lexploit-de-la-selection-marocaine\\\/\"]}]},{\"@type\":\"ImageObject\",\"inLanguage\":\"fr-FR\",\"@id\":\"https:\\\/\\\/dpress.ma\\\/fr\\\/2025\\\/09\\\/06\\\/la-nuit-magique-de-rabat-la-presse-argentine-salue-lexploit-de-la-selection-marocaine\\\/#primaryimage\",\"url\":\"https:\\\/\\\/dpress.ma\\\/fr\\\/wp-content\\\/uploads\\\/sites\\\/2\\\/2025\\\/09\\\/maroc-vs-niger.png\",\"contentUrl\":\"https:\\\/\\\/dpress.ma\\\/fr\\\/wp-content\\\/uploads\\\/sites\\\/2\\\/2025\\\/09\\\/maroc-vs-niger.png\",\"width\":780,\"height\":470},{\"@type\":\"BreadcrumbList\",\"@id\":\"https:\\\/\\\/dpress.ma\\\/fr\\\/2025\\\/09\\\/06\\\/la-nuit-magique-de-rabat-la-presse-argentine-salue-lexploit-de-la-selection-marocaine\\\/#breadcrumb\",\"itemListElement\":[{\"@type\":\"ListItem\",\"position\":1,\"name\":\"Home\",\"item\":\"https:\\\/\\\/dpress.ma\\\/fr\\\/\"},{\"@type\":\"ListItem\",\"position\":2,\"name\":\"La \u00ab nuit magique de Rabat \u00bb : la presse argentine salue l\u2019exploit de la s\u00e9lection marocaine\"}]},{\"@type\":\"WebSite\",\"@id\":\"https:\\\/\\\/dpress.ma\\\/fr\\\/#website\",\"url\":\"https:\\\/\\\/dpress.ma\\\/fr\\\/\",\"name\":\"Dpress.ma\\\/fr\",\"description\":\"\",\"potentialAction\":[{\"@type\":\"SearchAction\",\"target\":{\"@type\":\"EntryPoint\",\"urlTemplate\":\"https:\\\/\\\/dpress.ma\\\/fr\\\/?s={search_term_string}\"},\"query-input\":{\"@type\":\"PropertyValueSpecification\",\"valueRequired\":true,\"valueName\":\"search_term_string\"}}],\"inLanguage\":\"fr-FR\"},{\"@type\":\"Person\",\"@id\":\"https:\\\/\\\/dpress.ma\\\/fr\\\/#\\\/schema\\\/person\\\/4898febf3ccd59e6578d838656a306a0\",\"name\":\"Dpress.ma\",\"image\":{\"@type\":\"ImageObject\",\"inLanguage\":\"fr-FR\",\"@id\":\"https:\\\/\\\/secure.gravatar.com\\\/avatar\\\/72ecc30e9db047a2e0e7176561eb9d564ed77c8108376495b19bd8336405198a?s=96&d=mm&r=g\",\"url\":\"https:\\\/\\\/secure.gravatar.com\\\/avatar\\\/72ecc30e9db047a2e0e7176561eb9d564ed77c8108376495b19bd8336405198a?s=96&d=mm&r=g\",\"contentUrl\":\"https:\\\/\\\/secure.gravatar.com\\\/avatar\\\/72ecc30e9db047a2e0e7176561eb9d564ed77c8108376495b19bd8336405198a?s=96&d=mm&r=g\",\"caption\":\"Dpress.ma\"},\"sameAs\":[\"https:\\\/\\\/www.dpress.ma\"],\"url\":\"https:\\\/\\\/dpress.ma\\\/fr\\\/author\\\/dpress-ma\\\/\"}]}<\/script>\n<!-- \/ Yoast SEO plugin. -->","yoast_head_json":{"title":"La \u00ab nuit magique de Rabat \u00bb : la presse argentine salue l\u2019exploit de la s\u00e9lection marocaine - Dpress.ma\/fr","robots":{"index":"index","follow":"follow","max-snippet":"max-snippet:-1","max-image-preview":"max-image-preview:large","max-video-preview":"max-video-preview:-1"},"canonical":"https:\/\/dpress.ma\/fr\/2025\/09\/06\/la-nuit-magique-de-rabat-la-presse-argentine-salue-lexploit-de-la-selection-marocaine\/","og_locale":"fr_FR","og_type":"article","og_title":"La \u00ab nuit magique de Rabat \u00bb : la presse argentine salue l\u2019exploit de la s\u00e9lection marocaine - Dpress.ma\/fr","og_description":"Dpress Les principaux m\u00e9dias sportifs et g\u00e9n\u00e9ralistes d\u2019Argentine ont consacr\u00e9 des commentaires \u00e9logieux \u00e0 la \u00ab nuit magique de Rabat \u00bb \u00e0 l\u2019occasion du match Maroc-Niger, m\u00ealant performance sportive, ferveur populaire et les dimensions spectaculaires du Stade Moulay Abdellah. Le quotidien Clarin, qui vient de f\u00eater la semaine derni\u00e8re ses 80 ans, souligne que l\u2019histoire &hellip;","og_url":"https:\/\/dpress.ma\/fr\/2025\/09\/06\/la-nuit-magique-de-rabat-la-presse-argentine-salue-lexploit-de-la-selection-marocaine\/","og_site_name":"Dpress.ma\/fr","article_published_time":"2025-09-06T20:14:35+00:00","article_modified_time":"2025-09-06T20:14:36+00:00","og_image":[{"width":780,"height":470,"url":"https:\/\/dpress.ma\/fr\/wp-content\/uploads\/sites\/2\/2025\/09\/maroc-vs-niger.png","type":"image\/png"}],"author":"Dpress.ma","twitter_card":"summary_large_image","twitter_misc":{"\u00c9crit par":"Dpress.ma","Dur\u00e9e de lecture estim\u00e9e":"3 minutes"},"schema":{"@context":"https:\/\/schema.org","@graph":[{"@type":"Article","@id":"https:\/\/dpress.ma\/fr\/2025\/09\/06\/la-nuit-magique-de-rabat-la-presse-argentine-salue-lexploit-de-la-selection-marocaine\/#article","isPartOf":{"@id":"https:\/\/dpress.ma\/fr\/2025\/09\/06\/la-nuit-magique-de-rabat-la-presse-argentine-salue-lexploit-de-la-selection-marocaine\/"},"author":{"name":"Dpress.ma","@id":"https:\/\/dpress.ma\/fr\/#\/schema\/person\/4898febf3ccd59e6578d838656a306a0"},"headline":"La \u00ab nuit magique de Rabat \u00bb : la presse argentine salue l\u2019exploit de la s\u00e9lection marocaine","datePublished":"2025-09-06T20:14:35+00:00","dateModified":"2025-09-06T20:14:36+00:00","mainEntityOfPage":{"@id":"https:\/\/dpress.ma\/fr\/2025\/09\/06\/la-nuit-magique-de-rabat-la-presse-argentine-salue-lexploit-de-la-selection-marocaine\/"},"wordCount":536,"commentCount":0,"image":{"@id":"https:\/\/dpress.ma\/fr\/2025\/09\/06\/la-nuit-magique-de-rabat-la-presse-argentine-salue-lexploit-de-la-selection-marocaine\/#primaryimage"},"thumbnailUrl":"https:\/\/dpress.ma\/fr\/wp-content\/uploads\/sites\/2\/2025\/09\/maroc-vs-niger.png","articleSection":["Sport"],"inLanguage":"fr-FR","potentialAction":[{"@type":"CommentAction","name":"Comment","target":["https:\/\/dpress.ma\/fr\/2025\/09\/06\/la-nuit-magique-de-rabat-la-presse-argentine-salue-lexploit-de-la-selection-marocaine\/#respond"]}]},{"@type":"WebPage","@id":"https:\/\/dpress.ma\/fr\/2025\/09\/06\/la-nuit-magique-de-rabat-la-presse-argentine-salue-lexploit-de-la-selection-marocaine\/","url":"https:\/\/dpress.ma\/fr\/2025\/09\/06\/la-nuit-magique-de-rabat-la-presse-argentine-salue-lexploit-de-la-selection-marocaine\/","name":"La \u00ab nuit magique de Rabat \u00bb : la presse argentine salue l\u2019exploit de la s\u00e9lection marocaine - Dpress.ma\/fr","isPartOf":{"@id":"https:\/\/dpress.ma\/fr\/#website"},"primaryImageOfPage":{"@id":"https:\/\/dpress.ma\/fr\/2025\/09\/06\/la-nuit-magique-de-rabat-la-presse-argentine-salue-lexploit-de-la-selection-marocaine\/#primaryimage"},"image":{"@id":"https:\/\/dpress.ma\/fr\/2025\/09\/06\/la-nuit-magique-de-rabat-la-presse-argentine-salue-lexploit-de-la-selection-marocaine\/#primaryimage"},"thumbnailUrl":"https:\/\/dpress.ma\/fr\/wp-content\/uploads\/sites\/2\/2025\/09\/maroc-vs-niger.png","datePublished":"2025-09-06T20:14:35+00:00","dateModified":"2025-09-06T20:14:36+00:00","author":{"@id":"https:\/\/dpress.ma\/fr\/#\/schema\/person\/4898febf3ccd59e6578d838656a306a0"},"breadcrumb":{"@id":"https:\/\/dpress.ma\/fr\/2025\/09\/06\/la-nuit-magique-de-rabat-la-presse-argentine-salue-lexploit-de-la-selection-marocaine\/#breadcrumb"},"inLanguage":"fr-FR","potentialAction":[{"@type":"ReadAction","target":["https:\/\/dpress.ma\/fr\/2025\/09\/06\/la-nuit-magique-de-rabat-la-presse-argentine-salue-lexploit-de-la-selection-marocaine\/"]}]},{"@type":"ImageObject","inLanguage":"fr-FR","@id":"https:\/\/dpress.ma\/fr\/2025\/09\/06\/la-nuit-magique-de-rabat-la-presse-argentine-salue-lexploit-de-la-selection-marocaine\/#primaryimage","url":"https:\/\/dpress.ma\/fr\/wp-content\/uploads\/sites\/2\/2025\/09\/maroc-vs-niger.png","contentUrl":"https:\/\/dpress.ma\/fr\/wp-content\/uploads\/sites\/2\/2025\/09\/maroc-vs-niger.png","width":780,"height":470},{"@type":"BreadcrumbList","@id":"https:\/\/dpress.ma\/fr\/2025\/09\/06\/la-nuit-magique-de-rabat-la-presse-argentine-salue-lexploit-de-la-selection-marocaine\/#breadcrumb","itemListElement":[{"@type":"ListItem","position":1,"name":"Home","item":"https:\/\/dpress.ma\/fr\/"},{"@type":"ListItem","position":2,"name":"La \u00ab nuit magique de Rabat \u00bb : la presse argentine salue l\u2019exploit de la s\u00e9lection marocaine"}]},{"@type":"WebSite","@id":"https:\/\/dpress.ma\/fr\/#website","url":"https:\/\/dpress.ma\/fr\/","name":"Dpress.ma\/fr","description":"","potentialAction":[{"@type":"SearchAction","target":{"@type":"EntryPoint","urlTemplate":"https:\/\/dpress.ma\/fr\/?s={search_term_string}"},"query-input":{"@type":"PropertyValueSpecification","valueRequired":true,"valueName":"search_term_string"}}],"inLanguage":"fr-FR"},{"@type":"Person","@id":"https:\/\/dpress.ma\/fr\/#\/schema\/person\/4898febf3ccd59e6578d838656a306a0","name":"Dpress.ma","image":{"@type":"ImageObject","inLanguage":"fr-FR","@id":"https:\/\/secure.gravatar.com\/avatar\/72ecc30e9db047a2e0e7176561eb9d564ed77c8108376495b19bd8336405198a?s=96&d=mm&r=g","url":"https:\/\/secure.gravatar.com\/avatar\/72ecc30e9db047a2e0e7176561eb9d564ed77c8108376495b19bd8336405198a?s=96&d=mm&r=g","contentUrl":"https:\/\/secure.gravatar.com\/avatar\/72ecc30e9db047a2e0e7176561eb9d564ed77c8108376495b19bd8336405198a?s=96&d=mm&r=g","caption":"Dpress.ma"},"sameAs":["https:\/\/www.dpress.ma"],"url":"https:\/\/dpress.ma\/fr\/author\/dpress-ma\/"}]}},"amp_enabled":true,"_links":{"self":[{"href":"https:\/\/dpress.ma\/fr\/wp-json\/wp\/v2\/posts\/15954","targetHints":{"allow":["GET"]}}],"collection":[{"href":"https:\/\/dpress.ma\/fr\/wp-json\/wp\/v2\/posts"}],"about":[{"href":"https:\/\/dpress.ma\/fr\/wp-json\/wp\/v2\/types\/post"}],"author":[{"embeddable":true,"href":"https:\/\/dpress.ma\/fr\/wp-json\/wp\/v2\/users\/2"}],"replies":[{"embeddable":true,"href":"https:\/\/dpress.ma\/fr\/wp-json\/wp\/v2\/comments?post=15954"}],"version-history":[{"count":1,"href":"https:\/\/dpress.ma\/fr\/wp-json\/wp\/v2\/posts\/15954\/revisions"}],"predecessor-version":[{"id":15956,"href":"https:\/\/dpress.ma\/fr\/wp-json\/wp\/v2\/posts\/15954\/revisions\/15956"}],"wp:featuredmedia":[{"embeddable":true,"href":"https:\/\/dpress.ma\/fr\/wp-json\/wp\/v2\/media\/15955"}],"wp:attachment":[{"href":"https:\/\/dpress.ma\/fr\/wp-json\/wp\/v2\/media?parent=15954"}],"wp:term":[{"taxonomy":"category","embeddable":true,"href":"https:\/\/dpress.ma\/fr\/wp-json\/wp\/v2\/categories?post=15954"},{"taxonomy":"post_tag","embeddable":true,"href":"https:\/\/dpress.ma\/fr\/wp-json\/wp\/v2\/tags?post=15954"}],"curies":[{"name":"wp","href":"https:\/\/api.w.org\/{rel}","templated":true}]}}