{"id":15948,"date":"2025-09-05T13:52:42","date_gmt":"2025-09-05T13:52:42","guid":{"rendered":"https:\/\/dpress.ma\/fr\/?p=15948"},"modified":"2025-09-05T13:52:42","modified_gmt":"2025-09-05T13:52:42","slug":"sm-le-roi-felicite-les-chefs-detat-des-pays-islamiques-a-loccasion-de-laid-al-mawlid-annabaoui-acharif","status":"publish","type":"post","link":"https:\/\/dpress.ma\/fr\/2025\/09\/05\/sm-le-roi-felicite-les-chefs-detat-des-pays-islamiques-a-loccasion-de-laid-al-mawlid-annabaoui-acharif\/","title":{"rendered":"SM le Roi f\u00e9licite les Chefs d\u2019\u00c9tat des pays islamiques \u00e0 l\u2019occasion de l\u2019A\u00efd Al-Mawlid Annabaoui Acharif"},"content":{"rendered":"\n<p>Dpress<\/p>\n\n\n\n<p>A l\u2019occasion de la c\u00e9l\u00e9bration par la Oumma islamique de&nbsp;l\u2019A\u00efd Al-Mawlid Annabaoui Acharif, Sa Majest\u00e9 le Roi Mohammed VI, Amir Al-Mouminine, que Dieu Le pr\u00e9serve, a adress\u00e9 des cartes de v\u0153ux et de f\u00e9licitations \u00e0 Ses fr\u00e8res Leurs Majest\u00e9s, Excellences et Altesses, Souverains, Pr\u00e9sidents et Emirs des pays islamiques.<\/p>\n\n\n\n<p>Sa Majest\u00e9 le Roi leur exprime, dans ces cartes, Ses chaleureuses f\u00e9licitations et Ses meilleurs v\u0153ux de davantage de sant\u00e9, de bonheur et de qui\u00e9tude.<\/p>\n","protected":false},"excerpt":{"rendered":"<p>Dpress A l\u2019occasion de la c\u00e9l\u00e9bration par la Oumma islamique de&nbsp;l\u2019A\u00efd Al-Mawlid Annabaoui Acharif, Sa Majest\u00e9 le Roi Mohammed VI, Amir Al-Mouminine, que Dieu Le pr\u00e9serve, a adress\u00e9 des cartes de v\u0153ux et de f\u00e9licitations \u00e0 Ses fr\u00e8res Leurs Majest\u00e9s, Excellences et Altesses, Souverains, Pr\u00e9sidents et Emirs des pays islamiques. Sa Majest\u00e9 le Roi leur &hellip;<\/p>\n","protected":false},"author":2,"featured_media":1127,"comment_status":"open","ping_status":"open","sticky":false,"template":"","format":"standard","meta":{"footnotes":""},"categories":[29],"tags":[],"class_list":["post-15948","post","type-post","status-publish","format-standard","has-post-thumbnail","hentry","category-activites-royales"],"yoast_head":"<!-- This site is optimized with the Yoast SEO plugin v27.5 - https:\/\/yoast.com\/product\/yoast-seo-wordpress\/ -->\n<title>SM le Roi f\u00e9licite les Chefs d\u2019\u00c9tat des pays islamiques \u00e0 l\u2019occasion de l\u2019A\u00efd Al-Mawlid Annabaoui Acharif - Dpress.ma\/fr<\/title>\n<meta name=\"robots\" content=\"index, follow, max-snippet:-1, max-image-preview:large, max-video-preview:-1\" \/>\n<link rel=\"canonical\" href=\"https:\/\/dpress.ma\/fr\/2025\/09\/05\/sm-le-roi-felicite-les-chefs-detat-des-pays-islamiques-a-loccasion-de-laid-al-mawlid-annabaoui-acharif\/\" \/>\n<meta property=\"og:locale\" content=\"fr_FR\" \/>\n<meta property=\"og:type\" content=\"article\" \/>\n<meta property=\"og:title\" content=\"SM le Roi f\u00e9licite les Chefs d\u2019\u00c9tat des pays islamiques \u00e0 l\u2019occasion de l\u2019A\u00efd Al-Mawlid Annabaoui Acharif - Dpress.ma\/fr\" \/>\n<meta property=\"og:description\" content=\"Dpress A l\u2019occasion de la c\u00e9l\u00e9bration par la Oumma islamique de&nbsp;l\u2019A\u00efd Al-Mawlid Annabaoui Acharif, Sa Majest\u00e9 le Roi Mohammed VI, Amir Al-Mouminine, que Dieu Le pr\u00e9serve, a adress\u00e9 des cartes de v\u0153ux et de f\u00e9licitations \u00e0 Ses fr\u00e8res Leurs Majest\u00e9s, Excellences et Altesses, Souverains, Pr\u00e9sidents et Emirs des pays islamiques. Sa Majest\u00e9 le Roi leur &hellip;\" \/>\n<meta property=\"og:url\" content=\"https:\/\/dpress.ma\/fr\/2025\/09\/05\/sm-le-roi-felicite-les-chefs-detat-des-pays-islamiques-a-loccasion-de-laid-al-mawlid-annabaoui-acharif\/\" \/>\n<meta property=\"og:site_name\" content=\"Dpress.ma\/fr\" \/>\n<meta property=\"article:published_time\" content=\"2025-09-05T13:52:42+00:00\" \/>\n<meta property=\"og:image\" content=\"https:\/\/dpress.ma\/fr\/wp-content\/uploads\/sites\/2\/2022\/04\/roi-fr2.jpg\" \/>\n\t<meta property=\"og:image:width\" content=\"2539\" \/>\n\t<meta property=\"og:image:height\" content=\"1594\" \/>\n\t<meta property=\"og:image:type\" content=\"image\/jpeg\" \/>\n<meta name=\"author\" content=\"Dpress.ma\" \/>\n<meta name=\"twitter:card\" content=\"summary_large_image\" \/>\n<meta name=\"twitter:label1\" content=\"\u00c9crit par\" \/>\n\t<meta name=\"twitter:data1\" content=\"Dpress.ma\" \/>\n\t<meta name=\"twitter:label2\" content=\"Dur\u00e9e de lecture estim\u00e9e\" \/>\n\t<meta name=\"twitter:data2\" content=\"1 minute\" \/>\n<script type=\"application\/ld+json\" class=\"yoast-schema-graph\">{\"@context\":\"https:\\\/\\\/schema.org\",\"@graph\":[{\"@type\":\"Article\",\"@id\":\"https:\\\/\\\/dpress.ma\\\/fr\\\/2025\\\/09\\\/05\\\/sm-le-roi-felicite-les-chefs-detat-des-pays-islamiques-a-loccasion-de-laid-al-mawlid-annabaoui-acharif\\\/#article\",\"isPartOf\":{\"@id\":\"https:\\\/\\\/dpress.ma\\\/fr\\\/2025\\\/09\\\/05\\\/sm-le-roi-felicite-les-chefs-detat-des-pays-islamiques-a-loccasion-de-laid-al-mawlid-annabaoui-acharif\\\/\"},\"author\":{\"name\":\"Dpress.ma\",\"@id\":\"https:\\\/\\\/dpress.ma\\\/fr\\\/#\\\/schema\\\/person\\\/4898febf3ccd59e6578d838656a306a0\"},\"headline\":\"SM le Roi f\u00e9licite les Chefs d\u2019\u00c9tat des pays islamiques \u00e0 l\u2019occasion de l\u2019A\u00efd Al-Mawlid Annabaoui Acharif\",\"datePublished\":\"2025-09-05T13:52:42+00:00\",\"mainEntityOfPage\":{\"@id\":\"https:\\\/\\\/dpress.ma\\\/fr\\\/2025\\\/09\\\/05\\\/sm-le-roi-felicite-les-chefs-detat-des-pays-islamiques-a-loccasion-de-laid-al-mawlid-annabaoui-acharif\\\/\"},\"wordCount\":111,\"commentCount\":0,\"image\":{\"@id\":\"https:\\\/\\\/dpress.ma\\\/fr\\\/2025\\\/09\\\/05\\\/sm-le-roi-felicite-les-chefs-detat-des-pays-islamiques-a-loccasion-de-laid-al-mawlid-annabaoui-acharif\\\/#primaryimage\"},\"thumbnailUrl\":\"https:\\\/\\\/dpress.ma\\\/fr\\\/wp-content\\\/uploads\\\/sites\\\/2\\\/2022\\\/04\\\/roi-fr2.jpg\",\"articleSection\":[\"Activit\u00e9s Royales\"],\"inLanguage\":\"fr-FR\",\"potentialAction\":[{\"@type\":\"CommentAction\",\"name\":\"Comment\",\"target\":[\"https:\\\/\\\/dpress.ma\\\/fr\\\/2025\\\/09\\\/05\\\/sm-le-roi-felicite-les-chefs-detat-des-pays-islamiques-a-loccasion-de-laid-al-mawlid-annabaoui-acharif\\\/#respond\"]}]},{\"@type\":\"WebPage\",\"@id\":\"https:\\\/\\\/dpress.ma\\\/fr\\\/2025\\\/09\\\/05\\\/sm-le-roi-felicite-les-chefs-detat-des-pays-islamiques-a-loccasion-de-laid-al-mawlid-annabaoui-acharif\\\/\",\"url\":\"https:\\\/\\\/dpress.ma\\\/fr\\\/2025\\\/09\\\/05\\\/sm-le-roi-felicite-les-chefs-detat-des-pays-islamiques-a-loccasion-de-laid-al-mawlid-annabaoui-acharif\\\/\",\"name\":\"SM le Roi f\u00e9licite les Chefs d\u2019\u00c9tat des pays islamiques \u00e0 l\u2019occasion de l\u2019A\u00efd Al-Mawlid Annabaoui Acharif - Dpress.ma\\\/fr\",\"isPartOf\":{\"@id\":\"https:\\\/\\\/dpress.ma\\\/fr\\\/#website\"},\"primaryImageOfPage\":{\"@id\":\"https:\\\/\\\/dpress.ma\\\/fr\\\/2025\\\/09\\\/05\\\/sm-le-roi-felicite-les-chefs-detat-des-pays-islamiques-a-loccasion-de-laid-al-mawlid-annabaoui-acharif\\\/#primaryimage\"},\"image\":{\"@id\":\"https:\\\/\\\/dpress.ma\\\/fr\\\/2025\\\/09\\\/05\\\/sm-le-roi-felicite-les-chefs-detat-des-pays-islamiques-a-loccasion-de-laid-al-mawlid-annabaoui-acharif\\\/#primaryimage\"},\"thumbnailUrl\":\"https:\\\/\\\/dpress.ma\\\/fr\\\/wp-content\\\/uploads\\\/sites\\\/2\\\/2022\\\/04\\\/roi-fr2.jpg\",\"datePublished\":\"2025-09-05T13:52:42+00:00\",\"author\":{\"@id\":\"https:\\\/\\\/dpress.ma\\\/fr\\\/#\\\/schema\\\/person\\\/4898febf3ccd59e6578d838656a306a0\"},\"breadcrumb\":{\"@id\":\"https:\\\/\\\/dpress.ma\\\/fr\\\/2025\\\/09\\\/05\\\/sm-le-roi-felicite-les-chefs-detat-des-pays-islamiques-a-loccasion-de-laid-al-mawlid-annabaoui-acharif\\\/#breadcrumb\"},\"inLanguage\":\"fr-FR\",\"potentialAction\":[{\"@type\":\"ReadAction\",\"target\":[\"https:\\\/\\\/dpress.ma\\\/fr\\\/2025\\\/09\\\/05\\\/sm-le-roi-felicite-les-chefs-detat-des-pays-islamiques-a-loccasion-de-laid-al-mawlid-annabaoui-acharif\\\/\"]}]},{\"@type\":\"ImageObject\",\"inLanguage\":\"fr-FR\",\"@id\":\"https:\\\/\\\/dpress.ma\\\/fr\\\/2025\\\/09\\\/05\\\/sm-le-roi-felicite-les-chefs-detat-des-pays-islamiques-a-loccasion-de-laid-al-mawlid-annabaoui-acharif\\\/#primaryimage\",\"url\":\"https:\\\/\\\/dpress.ma\\\/fr\\\/wp-content\\\/uploads\\\/sites\\\/2\\\/2022\\\/04\\\/roi-fr2.jpg\",\"contentUrl\":\"https:\\\/\\\/dpress.ma\\\/fr\\\/wp-content\\\/uploads\\\/sites\\\/2\\\/2022\\\/04\\\/roi-fr2.jpg\",\"width\":2539,\"height\":1594},{\"@type\":\"BreadcrumbList\",\"@id\":\"https:\\\/\\\/dpress.ma\\\/fr\\\/2025\\\/09\\\/05\\\/sm-le-roi-felicite-les-chefs-detat-des-pays-islamiques-a-loccasion-de-laid-al-mawlid-annabaoui-acharif\\\/#breadcrumb\",\"itemListElement\":[{\"@type\":\"ListItem\",\"position\":1,\"name\":\"Home\",\"item\":\"https:\\\/\\\/dpress.ma\\\/fr\\\/\"},{\"@type\":\"ListItem\",\"position\":2,\"name\":\"SM le Roi f\u00e9licite les Chefs d\u2019\u00c9tat des pays islamiques \u00e0 l\u2019occasion de l\u2019A\u00efd Al-Mawlid Annabaoui Acharif\"}]},{\"@type\":\"WebSite\",\"@id\":\"https:\\\/\\\/dpress.ma\\\/fr\\\/#website\",\"url\":\"https:\\\/\\\/dpress.ma\\\/fr\\\/\",\"name\":\"Dpress.ma\\\/fr\",\"description\":\"\",\"potentialAction\":[{\"@type\":\"SearchAction\",\"target\":{\"@type\":\"EntryPoint\",\"urlTemplate\":\"https:\\\/\\\/dpress.ma\\\/fr\\\/?s={search_term_string}\"},\"query-input\":{\"@type\":\"PropertyValueSpecification\",\"valueRequired\":true,\"valueName\":\"search_term_string\"}}],\"inLanguage\":\"fr-FR\"},{\"@type\":\"Person\",\"@id\":\"https:\\\/\\\/dpress.ma\\\/fr\\\/#\\\/schema\\\/person\\\/4898febf3ccd59e6578d838656a306a0\",\"name\":\"Dpress.ma\",\"image\":{\"@type\":\"ImageObject\",\"inLanguage\":\"fr-FR\",\"@id\":\"https:\\\/\\\/secure.gravatar.com\\\/avatar\\\/72ecc30e9db047a2e0e7176561eb9d564ed77c8108376495b19bd8336405198a?s=96&d=mm&r=g\",\"url\":\"https:\\\/\\\/secure.gravatar.com\\\/avatar\\\/72ecc30e9db047a2e0e7176561eb9d564ed77c8108376495b19bd8336405198a?s=96&d=mm&r=g\",\"contentUrl\":\"https:\\\/\\\/secure.gravatar.com\\\/avatar\\\/72ecc30e9db047a2e0e7176561eb9d564ed77c8108376495b19bd8336405198a?s=96&d=mm&r=g\",\"caption\":\"Dpress.ma\"},\"sameAs\":[\"https:\\\/\\\/www.dpress.ma\"],\"url\":\"https:\\\/\\\/dpress.ma\\\/fr\\\/author\\\/dpress-ma\\\/\"}]}<\/script>\n<!-- \/ Yoast SEO plugin. -->","yoast_head_json":{"title":"SM le Roi f\u00e9licite les Chefs d\u2019\u00c9tat des pays islamiques \u00e0 l\u2019occasion de l\u2019A\u00efd Al-Mawlid Annabaoui Acharif - Dpress.ma\/fr","robots":{"index":"index","follow":"follow","max-snippet":"max-snippet:-1","max-image-preview":"max-image-preview:large","max-video-preview":"max-video-preview:-1"},"canonical":"https:\/\/dpress.ma\/fr\/2025\/09\/05\/sm-le-roi-felicite-les-chefs-detat-des-pays-islamiques-a-loccasion-de-laid-al-mawlid-annabaoui-acharif\/","og_locale":"fr_FR","og_type":"article","og_title":"SM le Roi f\u00e9licite les Chefs d\u2019\u00c9tat des pays islamiques \u00e0 l\u2019occasion de l\u2019A\u00efd Al-Mawlid Annabaoui Acharif - Dpress.ma\/fr","og_description":"Dpress A l\u2019occasion de la c\u00e9l\u00e9bration par la Oumma islamique de&nbsp;l\u2019A\u00efd Al-Mawlid Annabaoui Acharif, Sa Majest\u00e9 le Roi Mohammed VI, Amir Al-Mouminine, que Dieu Le pr\u00e9serve, a adress\u00e9 des cartes de v\u0153ux et de f\u00e9licitations \u00e0 Ses fr\u00e8res Leurs Majest\u00e9s, Excellences et Altesses, Souverains, Pr\u00e9sidents et Emirs des pays islamiques. Sa Majest\u00e9 le Roi leur &hellip;","og_url":"https:\/\/dpress.ma\/fr\/2025\/09\/05\/sm-le-roi-felicite-les-chefs-detat-des-pays-islamiques-a-loccasion-de-laid-al-mawlid-annabaoui-acharif\/","og_site_name":"Dpress.ma\/fr","article_published_time":"2025-09-05T13:52:42+00:00","og_image":[{"width":2539,"height":1594,"url":"https:\/\/dpress.ma\/fr\/wp-content\/uploads\/sites\/2\/2022\/04\/roi-fr2.jpg","type":"image\/jpeg"}],"author":"Dpress.ma","twitter_card":"summary_large_image","twitter_misc":{"\u00c9crit par":"Dpress.ma","Dur\u00e9e de lecture estim\u00e9e":"1 minute"},"schema":{"@context":"https:\/\/schema.org","@graph":[{"@type":"Article","@id":"https:\/\/dpress.ma\/fr\/2025\/09\/05\/sm-le-roi-felicite-les-chefs-detat-des-pays-islamiques-a-loccasion-de-laid-al-mawlid-annabaoui-acharif\/#article","isPartOf":{"@id":"https:\/\/dpress.ma\/fr\/2025\/09\/05\/sm-le-roi-felicite-les-chefs-detat-des-pays-islamiques-a-loccasion-de-laid-al-mawlid-annabaoui-acharif\/"},"author":{"name":"Dpress.ma","@id":"https:\/\/dpress.ma\/fr\/#\/schema\/person\/4898febf3ccd59e6578d838656a306a0"},"headline":"SM le Roi f\u00e9licite les Chefs d\u2019\u00c9tat des pays islamiques \u00e0 l\u2019occasion de l\u2019A\u00efd Al-Mawlid Annabaoui Acharif","datePublished":"2025-09-05T13:52:42+00:00","mainEntityOfPage":{"@id":"https:\/\/dpress.ma\/fr\/2025\/09\/05\/sm-le-roi-felicite-les-chefs-detat-des-pays-islamiques-a-loccasion-de-laid-al-mawlid-annabaoui-acharif\/"},"wordCount":111,"commentCount":0,"image":{"@id":"https:\/\/dpress.ma\/fr\/2025\/09\/05\/sm-le-roi-felicite-les-chefs-detat-des-pays-islamiques-a-loccasion-de-laid-al-mawlid-annabaoui-acharif\/#primaryimage"},"thumbnailUrl":"https:\/\/dpress.ma\/fr\/wp-content\/uploads\/sites\/2\/2022\/04\/roi-fr2.jpg","articleSection":["Activit\u00e9s Royales"],"inLanguage":"fr-FR","potentialAction":[{"@type":"CommentAction","name":"Comment","target":["https:\/\/dpress.ma\/fr\/2025\/09\/05\/sm-le-roi-felicite-les-chefs-detat-des-pays-islamiques-a-loccasion-de-laid-al-mawlid-annabaoui-acharif\/#respond"]}]},{"@type":"WebPage","@id":"https:\/\/dpress.ma\/fr\/2025\/09\/05\/sm-le-roi-felicite-les-chefs-detat-des-pays-islamiques-a-loccasion-de-laid-al-mawlid-annabaoui-acharif\/","url":"https:\/\/dpress.ma\/fr\/2025\/09\/05\/sm-le-roi-felicite-les-chefs-detat-des-pays-islamiques-a-loccasion-de-laid-al-mawlid-annabaoui-acharif\/","name":"SM le Roi f\u00e9licite les Chefs d\u2019\u00c9tat des pays islamiques \u00e0 l\u2019occasion de l\u2019A\u00efd Al-Mawlid Annabaoui Acharif - Dpress.ma\/fr","isPartOf":{"@id":"https:\/\/dpress.ma\/fr\/#website"},"primaryImageOfPage":{"@id":"https:\/\/dpress.ma\/fr\/2025\/09\/05\/sm-le-roi-felicite-les-chefs-detat-des-pays-islamiques-a-loccasion-de-laid-al-mawlid-annabaoui-acharif\/#primaryimage"},"image":{"@id":"https:\/\/dpress.ma\/fr\/2025\/09\/05\/sm-le-roi-felicite-les-chefs-detat-des-pays-islamiques-a-loccasion-de-laid-al-mawlid-annabaoui-acharif\/#primaryimage"},"thumbnailUrl":"https:\/\/dpress.ma\/fr\/wp-content\/uploads\/sites\/2\/2022\/04\/roi-fr2.jpg","datePublished":"2025-09-05T13:52:42+00:00","author":{"@id":"https:\/\/dpress.ma\/fr\/#\/schema\/person\/4898febf3ccd59e6578d838656a306a0"},"breadcrumb":{"@id":"https:\/\/dpress.ma\/fr\/2025\/09\/05\/sm-le-roi-felicite-les-chefs-detat-des-pays-islamiques-a-loccasion-de-laid-al-mawlid-annabaoui-acharif\/#breadcrumb"},"inLanguage":"fr-FR","potentialAction":[{"@type":"ReadAction","target":["https:\/\/dpress.ma\/fr\/2025\/09\/05\/sm-le-roi-felicite-les-chefs-detat-des-pays-islamiques-a-loccasion-de-laid-al-mawlid-annabaoui-acharif\/"]}]},{"@type":"ImageObject","inLanguage":"fr-FR","@id":"https:\/\/dpress.ma\/fr\/2025\/09\/05\/sm-le-roi-felicite-les-chefs-detat-des-pays-islamiques-a-loccasion-de-laid-al-mawlid-annabaoui-acharif\/#primaryimage","url":"https:\/\/dpress.ma\/fr\/wp-content\/uploads\/sites\/2\/2022\/04\/roi-fr2.jpg","contentUrl":"https:\/\/dpress.ma\/fr\/wp-content\/uploads\/sites\/2\/2022\/04\/roi-fr2.jpg","width":2539,"height":1594},{"@type":"BreadcrumbList","@id":"https:\/\/dpress.ma\/fr\/2025\/09\/05\/sm-le-roi-felicite-les-chefs-detat-des-pays-islamiques-a-loccasion-de-laid-al-mawlid-annabaoui-acharif\/#breadcrumb","itemListElement":[{"@type":"ListItem","position":1,"name":"Home","item":"https:\/\/dpress.ma\/fr\/"},{"@type":"ListItem","position":2,"name":"SM le Roi f\u00e9licite les Chefs d\u2019\u00c9tat des pays islamiques \u00e0 l\u2019occasion de l\u2019A\u00efd Al-Mawlid Annabaoui Acharif"}]},{"@type":"WebSite","@id":"https:\/\/dpress.ma\/fr\/#website","url":"https:\/\/dpress.ma\/fr\/","name":"Dpress.ma\/fr","description":"","potentialAction":[{"@type":"SearchAction","target":{"@type":"EntryPoint","urlTemplate":"https:\/\/dpress.ma\/fr\/?s={search_term_string}"},"query-input":{"@type":"PropertyValueSpecification","valueRequired":true,"valueName":"search_term_string"}}],"inLanguage":"fr-FR"},{"@type":"Person","@id":"https:\/\/dpress.ma\/fr\/#\/schema\/person\/4898febf3ccd59e6578d838656a306a0","name":"Dpress.ma","image":{"@type":"ImageObject","inLanguage":"fr-FR","@id":"https:\/\/secure.gravatar.com\/avatar\/72ecc30e9db047a2e0e7176561eb9d564ed77c8108376495b19bd8336405198a?s=96&d=mm&r=g","url":"https:\/\/secure.gravatar.com\/avatar\/72ecc30e9db047a2e0e7176561eb9d564ed77c8108376495b19bd8336405198a?s=96&d=mm&r=g","contentUrl":"https:\/\/secure.gravatar.com\/avatar\/72ecc30e9db047a2e0e7176561eb9d564ed77c8108376495b19bd8336405198a?s=96&d=mm&r=g","caption":"Dpress.ma"},"sameAs":["https:\/\/www.dpress.ma"],"url":"https:\/\/dpress.ma\/fr\/author\/dpress-ma\/"}]}},"amp_enabled":true,"_links":{"self":[{"href":"https:\/\/dpress.ma\/fr\/wp-json\/wp\/v2\/posts\/15948","targetHints":{"allow":["GET"]}}],"collection":[{"href":"https:\/\/dpress.ma\/fr\/wp-json\/wp\/v2\/posts"}],"about":[{"href":"https:\/\/dpress.ma\/fr\/wp-json\/wp\/v2\/types\/post"}],"author":[{"embeddable":true,"href":"https:\/\/dpress.ma\/fr\/wp-json\/wp\/v2\/users\/2"}],"replies":[{"embeddable":true,"href":"https:\/\/dpress.ma\/fr\/wp-json\/wp\/v2\/comments?post=15948"}],"version-history":[{"count":1,"href":"https:\/\/dpress.ma\/fr\/wp-json\/wp\/v2\/posts\/15948\/revisions"}],"predecessor-version":[{"id":15949,"href":"https:\/\/dpress.ma\/fr\/wp-json\/wp\/v2\/posts\/15948\/revisions\/15949"}],"wp:featuredmedia":[{"embeddable":true,"href":"https:\/\/dpress.ma\/fr\/wp-json\/wp\/v2\/media\/1127"}],"wp:attachment":[{"href":"https:\/\/dpress.ma\/fr\/wp-json\/wp\/v2\/media?parent=15948"}],"wp:term":[{"taxonomy":"category","embeddable":true,"href":"https:\/\/dpress.ma\/fr\/wp-json\/wp\/v2\/categories?post=15948"},{"taxonomy":"post_tag","embeddable":true,"href":"https:\/\/dpress.ma\/fr\/wp-json\/wp\/v2\/tags?post=15948"}],"curies":[{"name":"wp","href":"https:\/\/api.w.org\/{rel}","templated":true}]}}