{"id":15944,"date":"2025-09-05T13:51:10","date_gmt":"2025-09-05T13:51:10","guid":{"rendered":"https:\/\/dpress.ma\/fr\/?p=15944"},"modified":"2025-09-05T13:51:13","modified_gmt":"2025-09-05T13:51:13","slug":"sm-le-roi-amir-al-mouminine-preside-a-la-mosquee-hassan-a-rabat-une-veillee-religieuse-en-commemoration-de-laid-al-mawlid-annabaoui-acharif","status":"publish","type":"post","link":"https:\/\/dpress.ma\/fr\/2025\/09\/05\/sm-le-roi-amir-al-mouminine-preside-a-la-mosquee-hassan-a-rabat-une-veillee-religieuse-en-commemoration-de-laid-al-mawlid-annabaoui-acharif\/","title":{"rendered":"SM le Roi, Amir Al-Mouminine, pr\u00e9side \u00e0 la mosqu\u00e9e Hassan \u00e0 Rabat une veill\u00e9e religieuse en comm\u00e9moration de l\u2019A\u00efd Al-Mawlid Annabaoui Acharif"},"content":{"rendered":"\n<p>Dpress<\/p>\n\n\n\n<p>&nbsp;Sa Majest\u00e9 le Roi Mohammed VI, Amir Al-Mouminine, que Dieu L\u2019assiste, accompagn\u00e9 de SAR le Prince H\u00e9ritier Moulay El Hassan, de SAR le Prince Moulay Rachid et de SA le Prince Moulay Ahmed, a pr\u00e9sid\u00e9, jeudi 11 Rabie-I 1447, correspondant au 04 septembre 2025, \u00e0 la mosqu\u00e9e Hassan \u00e0 Rabat, une veill\u00e9e religieuse en comm\u00e9moration de l\u2019A\u00efd Al-Mawlid Annabaoui Acharif.<\/p>\n\n\n\n<p>Cette veill\u00e9e religieuse a \u00e9t\u00e9 marqu\u00e9e par la d\u00e9clamation de versets du Saint Coran et de pan\u00e9gyriques du Proph\u00e8te Sidna Mohammed, Pri\u00e8re et B\u00e9n\u00e9diction sur Lui.<\/p>\n\n\n\n<p>A cette occasion, le ministre des Habous et des Affaires islamiques, M. Ahmed Toufiq, a prononc\u00e9 devant Sa Majest\u00e9 le Roi une allocution dans laquelle il a pr\u00e9sent\u00e9 le bilan des activit\u00e9s du Conseil sup\u00e9rieur et des Conseils locaux des Oul\u00e9mas, avant de remettre au Souverain le rapport relatif \u00e0 ces activit\u00e9s.<\/p>\n\n\n\n<p>Dans son allocution, le ministre a indiqu\u00e9 que la c\u00e9l\u00e9bration de l\u2019Aid Al Mawlid Annabaoui Acharif co\u00efncide avec la comm\u00e9moration de l\u2019anniversaire du 15\u00e8me si\u00e8cle de la naissance du Proph\u00e8te Sidna Mohammed, que la Pri\u00e8re et la Paix soient sur Lui, notant que le Souverain a ordonn\u00e9 au Conseil sup\u00e9rieur des Oul\u00e9mas que cette ann\u00e9e soit marqu\u00e9e par la mise en avant \u00e0 la fois de la vie (Sira Annabaouiya) et du Message du Proph\u00e8te.<\/p>\n\n\n\n<p>Il a, dans ce sens, affirm\u00e9 que l\u2019encadrement religieux men\u00e9 dans le Royaume, \u00e0 l\u2019initiative des Oul\u00e9mas, est un projet qui vise \u00e0 consacrer les nobles valeurs universelles, ajoutant que les Oul\u00e9mas estiment que la r\u00e9union des conditions du Tabligh (la communication), sous la conduite \u00e9clair\u00e9e d\u2019Amir Al-Mouminine, est une occasion idoine pour proposer un mod\u00e8le global de compr\u00e9hension inspir\u00e9 de la conduite du Proph\u00e8te.<\/p>\n\n\n\n<p>M. Toufiq a, dans ce cadre, rappel\u00e9 que le Conseil sup\u00e9rieur des Oul\u00e9mas, a tenu au d\u00e9but de cette ann\u00e9e une r\u00e9union qualitative in\u00e9dite avec une pl\u00e9iade de grands acteurs de d\u00e9veloppement pour r\u00e9pondre, \u00e0 travers leurs travaux de recherche, \u00e0 la question de savoir dans quelle mesure le d\u00e9veloppement a besoin des enseignements du Coran.<\/p>\n\n\n\n<p>Cette rencontre, a-t-il poursuivi, a permis d\u2019engager le dialogue sur une question qui m\u00e9rite d\u2019\u00eatre au centre des pr\u00e9occupations de tous : Vivre une vie heureuse selon la Loi Divine.<\/p>\n\n\n\n<p>Par la suite, SM le Roi, Amir Al-Mouminine, a remis le Prix Mohammed VI de la pens\u00e9e et des \u00e9tudes islamiques (Prix de m\u00e9rite et d\u2019hommage) \u00e0 M. Abbas Rhila, de la ville de Marrakech.<\/p>\n\n\n\n<p>Ce Prix est d\u00e9cern\u00e9 annuellement afin de r\u00e9compenser les \u00e9minentes personnalit\u00e9s scientifiques et de les inciter \u00e0 r\u00e9aliser des travaux de recherches dans le domaine des \u00e9tudes islamiques, conform\u00e9ment aux enseignements de la noble Charia qui pr\u00f4ne la recherche du savoir et exhorte \u00e0 en faire bon usage.<\/p>\n\n\n\n<p>SM le Roi a ensuite \u00e9t\u00e9 salu\u00e9 par M. Hassan Bakkour, de la Syrie, qui a re\u00e7u des mains du Souverain le Prix international Mohammed VI de m\u00e9morisation, de d\u00e9clamation et d\u2019ex\u00e9g\u00e8se du Saint Coran.<\/p>\n\n\n\n<p>Le Souverain a \u00e9galement proc\u00e9d\u00e9 \u00e0 la remise du Prix international Mohammed VI de psalmodie du Saint Coran avec m\u00e9morisation de cinq Hizbs \u00e0 M. Ayoub Alla, de la ville de Sal\u00e9.<\/p>\n\n\n\n<p>SM le Roi, Amir Al-Mouminine, a aussi remis le Prix Mohammed VI d\u2019hommage en art calligraphique marocain et le Prix Mohammed VI d\u2019excellence en art calligraphique marocain respectivement \u00e0 MM. Jaouad Ettaybi et El Mostapha Ajdi, de Sal\u00e9.<\/p>\n\n\n\n<p>Le Souverain a, par la suite, remis le Prix Mohammed VI de l\u2019art d\u00e9coratif marocain sur papier (Prix d\u2019hommage) \u00e0 M. Abdelilah Laabiss de la ville de Mekn\u00e8s, et le Prix Mohammed VI de l\u2019art d\u00e9coratif marocain sur papier (Prix de l\u2019excellence) \u00e0 M. Badr Dhrif, de F\u00e8s.<\/p>\n\n\n\n<p>Sa Majest\u00e9 le Roi a aussi remis le Prix Mohammed VI de lettrisme arabe [Al Horoufia] (Prix d\u2019hommage) \u00e0 M. Mohamed El Bandouri de Marrakech, et le Prix Mohammed VI de lettrisme arabe [Al Horoufia] (Prix de l\u2019excellence) \u00e0 M. Mohamed Mazouz de Sal\u00e9.<\/p>\n\n\n\n<p>SM le Roi a, par la m\u00eame occasion, \u00e9t\u00e9 salu\u00e9 par les membres du jury du Prix Mohammed VI de la pens\u00e9e et des \u00e9tudes islamiques, les professeurs Mohamed Yssef, Mostapha Benhamza, Idriss Khalifa, Ahmed Chaouki Binebine, Ahmed Chahlane, Abdelmajid Sghir, Driss Ben Daouia, Said Chabar, Khadija Abou Zaid, ainsi que M. Yacine Houhoud (Rapporteur).<\/p>\n\n\n\n<p>Cette veill\u00e9e religieuse s\u2019est d\u00e9roul\u00e9e en pr\u00e9sence du Chef du gouvernement, des Pr\u00e9sidents des deux Chambres du Parlement, de Conseillers de Sa Majest\u00e9 le Roi, des membres du gouvernement, des pr\u00e9sidents des Instances Constitutionnelles, des officiers sup\u00e9rieurs de l\u2019Etat-Major g\u00e9n\u00e9ral des Forces Arm\u00e9es Royales, des membres du corps diplomatique islamique accr\u00e9dit\u00e9s \u00e0 Rabat, ainsi que de plusieurs oul\u00e9mas et des personnalit\u00e9s civiles et militaires.<\/p>\n\n\n\n<p>La c\u00e9l\u00e9bration de cette veill\u00e9e religieuse par SM le Roi Mohammed VI, Amir Al-Mouminine, s\u2019inscrit dans la tradition observ\u00e9e par Ses Illustres Anc\u00eatres qui ont constamment veill\u00e9 \u00e0 comm\u00e9morer l\u2019anniversaire de la venue au Monde du Messager de la Mis\u00e9ricorde, le Proph\u00e8te Sidna Mohammed, que la Pri\u00e8re et la Paix soient sur Lui.<\/p>\n\n\n\n<p>Un anniversaire qui marque l\u2019\u00e9closion des lumi\u00e8res de la guidance pour l\u2019Humanit\u00e9, gr\u00e2ce au message port\u00e9 par le Sceau des Proph\u00e8tes, pour r\u00e9pandre les hautes vertus et les valeurs de justice et recommander les bonnes actions pour que l\u2019ensemble des humains vivent dans la paix et l\u2019entente.<\/p>\n","protected":false},"excerpt":{"rendered":"<p>Dpress &nbsp;Sa Majest\u00e9 le Roi Mohammed VI, Amir Al-Mouminine, que Dieu L\u2019assiste, accompagn\u00e9 de SAR le Prince H\u00e9ritier Moulay El Hassan, de SAR le Prince Moulay Rachid et de SA le Prince Moulay Ahmed, a pr\u00e9sid\u00e9, jeudi 11 Rabie-I 1447, correspondant au 04 septembre 2025, \u00e0 la mosqu\u00e9e Hassan \u00e0 Rabat, une veill\u00e9e religieuse en &hellip;<\/p>\n","protected":false},"author":2,"featured_media":1859,"comment_status":"open","ping_status":"open","sticky":false,"template":"","format":"standard","meta":{"footnotes":""},"categories":[29],"tags":[],"class_list":["post-15944","post","type-post","status-publish","format-standard","has-post-thumbnail","hentry","category-activites-royales"],"yoast_head":"<!-- This site is optimized with the Yoast SEO plugin v27.5 - https:\/\/yoast.com\/product\/yoast-seo-wordpress\/ -->\n<title>SM le Roi, Amir Al-Mouminine, pr\u00e9side \u00e0 la mosqu\u00e9e Hassan \u00e0 Rabat une veill\u00e9e religieuse en comm\u00e9moration de l\u2019A\u00efd Al-Mawlid Annabaoui Acharif - Dpress.ma\/fr<\/title>\n<meta name=\"robots\" content=\"index, follow, max-snippet:-1, max-image-preview:large, max-video-preview:-1\" \/>\n<link rel=\"canonical\" href=\"https:\/\/dpress.ma\/fr\/2025\/09\/05\/sm-le-roi-amir-al-mouminine-preside-a-la-mosquee-hassan-a-rabat-une-veillee-religieuse-en-commemoration-de-laid-al-mawlid-annabaoui-acharif\/\" \/>\n<meta property=\"og:locale\" content=\"fr_FR\" \/>\n<meta property=\"og:type\" content=\"article\" \/>\n<meta property=\"og:title\" content=\"SM le Roi, Amir Al-Mouminine, pr\u00e9side \u00e0 la mosqu\u00e9e Hassan \u00e0 Rabat une veill\u00e9e religieuse en comm\u00e9moration de l\u2019A\u00efd Al-Mawlid Annabaoui Acharif - Dpress.ma\/fr\" \/>\n<meta property=\"og:description\" content=\"Dpress &nbsp;Sa Majest\u00e9 le Roi Mohammed VI, Amir Al-Mouminine, que Dieu L\u2019assiste, accompagn\u00e9 de SAR le Prince H\u00e9ritier Moulay El Hassan, de SAR le Prince Moulay Rachid et de SA le Prince Moulay Ahmed, a pr\u00e9sid\u00e9, jeudi 11 Rabie-I 1447, correspondant au 04 septembre 2025, \u00e0 la mosqu\u00e9e Hassan \u00e0 Rabat, une veill\u00e9e religieuse en &hellip;\" \/>\n<meta property=\"og:url\" content=\"https:\/\/dpress.ma\/fr\/2025\/09\/05\/sm-le-roi-amir-al-mouminine-preside-a-la-mosquee-hassan-a-rabat-une-veillee-religieuse-en-commemoration-de-laid-al-mawlid-annabaoui-acharif\/\" \/>\n<meta property=\"og:site_name\" content=\"Dpress.ma\/fr\" \/>\n<meta property=\"article:published_time\" content=\"2025-09-05T13:51:10+00:00\" \/>\n<meta property=\"article:modified_time\" content=\"2025-09-05T13:51:13+00:00\" \/>\n<meta property=\"og:image\" content=\"https:\/\/dpress.ma\/fr\/wp-content\/uploads\/sites\/2\/2022\/07\/roi-m-6.jpg\" \/>\n\t<meta property=\"og:image:width\" content=\"2539\" \/>\n\t<meta property=\"og:image:height\" content=\"1594\" \/>\n\t<meta property=\"og:image:type\" content=\"image\/jpeg\" \/>\n<meta name=\"author\" content=\"Dpress.ma\" \/>\n<meta name=\"twitter:card\" content=\"summary_large_image\" \/>\n<meta name=\"twitter:label1\" content=\"\u00c9crit par\" \/>\n\t<meta name=\"twitter:data1\" content=\"Dpress.ma\" \/>\n\t<meta name=\"twitter:label2\" content=\"Dur\u00e9e de lecture estim\u00e9e\" \/>\n\t<meta name=\"twitter:data2\" content=\"5 minutes\" \/>\n<script type=\"application\/ld+json\" class=\"yoast-schema-graph\">{\"@context\":\"https:\\\/\\\/schema.org\",\"@graph\":[{\"@type\":\"Article\",\"@id\":\"https:\\\/\\\/dpress.ma\\\/fr\\\/2025\\\/09\\\/05\\\/sm-le-roi-amir-al-mouminine-preside-a-la-mosquee-hassan-a-rabat-une-veillee-religieuse-en-commemoration-de-laid-al-mawlid-annabaoui-acharif\\\/#article\",\"isPartOf\":{\"@id\":\"https:\\\/\\\/dpress.ma\\\/fr\\\/2025\\\/09\\\/05\\\/sm-le-roi-amir-al-mouminine-preside-a-la-mosquee-hassan-a-rabat-une-veillee-religieuse-en-commemoration-de-laid-al-mawlid-annabaoui-acharif\\\/\"},\"author\":{\"name\":\"Dpress.ma\",\"@id\":\"https:\\\/\\\/dpress.ma\\\/fr\\\/#\\\/schema\\\/person\\\/4898febf3ccd59e6578d838656a306a0\"},\"headline\":\"SM le Roi, Amir Al-Mouminine, pr\u00e9side \u00e0 la mosqu\u00e9e Hassan \u00e0 Rabat une veill\u00e9e religieuse en comm\u00e9moration de l\u2019A\u00efd Al-Mawlid Annabaoui Acharif\",\"datePublished\":\"2025-09-05T13:51:10+00:00\",\"dateModified\":\"2025-09-05T13:51:13+00:00\",\"mainEntityOfPage\":{\"@id\":\"https:\\\/\\\/dpress.ma\\\/fr\\\/2025\\\/09\\\/05\\\/sm-le-roi-amir-al-mouminine-preside-a-la-mosquee-hassan-a-rabat-une-veillee-religieuse-en-commemoration-de-laid-al-mawlid-annabaoui-acharif\\\/\"},\"wordCount\":991,\"commentCount\":0,\"image\":{\"@id\":\"https:\\\/\\\/dpress.ma\\\/fr\\\/2025\\\/09\\\/05\\\/sm-le-roi-amir-al-mouminine-preside-a-la-mosquee-hassan-a-rabat-une-veillee-religieuse-en-commemoration-de-laid-al-mawlid-annabaoui-acharif\\\/#primaryimage\"},\"thumbnailUrl\":\"https:\\\/\\\/dpress.ma\\\/fr\\\/wp-content\\\/uploads\\\/sites\\\/2\\\/2022\\\/07\\\/roi-m-6.jpg\",\"articleSection\":[\"Activit\u00e9s Royales\"],\"inLanguage\":\"fr-FR\",\"potentialAction\":[{\"@type\":\"CommentAction\",\"name\":\"Comment\",\"target\":[\"https:\\\/\\\/dpress.ma\\\/fr\\\/2025\\\/09\\\/05\\\/sm-le-roi-amir-al-mouminine-preside-a-la-mosquee-hassan-a-rabat-une-veillee-religieuse-en-commemoration-de-laid-al-mawlid-annabaoui-acharif\\\/#respond\"]}]},{\"@type\":\"WebPage\",\"@id\":\"https:\\\/\\\/dpress.ma\\\/fr\\\/2025\\\/09\\\/05\\\/sm-le-roi-amir-al-mouminine-preside-a-la-mosquee-hassan-a-rabat-une-veillee-religieuse-en-commemoration-de-laid-al-mawlid-annabaoui-acharif\\\/\",\"url\":\"https:\\\/\\\/dpress.ma\\\/fr\\\/2025\\\/09\\\/05\\\/sm-le-roi-amir-al-mouminine-preside-a-la-mosquee-hassan-a-rabat-une-veillee-religieuse-en-commemoration-de-laid-al-mawlid-annabaoui-acharif\\\/\",\"name\":\"SM le Roi, Amir Al-Mouminine, pr\u00e9side \u00e0 la mosqu\u00e9e Hassan \u00e0 Rabat une veill\u00e9e religieuse en comm\u00e9moration de l\u2019A\u00efd Al-Mawlid Annabaoui Acharif - Dpress.ma\\\/fr\",\"isPartOf\":{\"@id\":\"https:\\\/\\\/dpress.ma\\\/fr\\\/#website\"},\"primaryImageOfPage\":{\"@id\":\"https:\\\/\\\/dpress.ma\\\/fr\\\/2025\\\/09\\\/05\\\/sm-le-roi-amir-al-mouminine-preside-a-la-mosquee-hassan-a-rabat-une-veillee-religieuse-en-commemoration-de-laid-al-mawlid-annabaoui-acharif\\\/#primaryimage\"},\"image\":{\"@id\":\"https:\\\/\\\/dpress.ma\\\/fr\\\/2025\\\/09\\\/05\\\/sm-le-roi-amir-al-mouminine-preside-a-la-mosquee-hassan-a-rabat-une-veillee-religieuse-en-commemoration-de-laid-al-mawlid-annabaoui-acharif\\\/#primaryimage\"},\"thumbnailUrl\":\"https:\\\/\\\/dpress.ma\\\/fr\\\/wp-content\\\/uploads\\\/sites\\\/2\\\/2022\\\/07\\\/roi-m-6.jpg\",\"datePublished\":\"2025-09-05T13:51:10+00:00\",\"dateModified\":\"2025-09-05T13:51:13+00:00\",\"author\":{\"@id\":\"https:\\\/\\\/dpress.ma\\\/fr\\\/#\\\/schema\\\/person\\\/4898febf3ccd59e6578d838656a306a0\"},\"breadcrumb\":{\"@id\":\"https:\\\/\\\/dpress.ma\\\/fr\\\/2025\\\/09\\\/05\\\/sm-le-roi-amir-al-mouminine-preside-a-la-mosquee-hassan-a-rabat-une-veillee-religieuse-en-commemoration-de-laid-al-mawlid-annabaoui-acharif\\\/#breadcrumb\"},\"inLanguage\":\"fr-FR\",\"potentialAction\":[{\"@type\":\"ReadAction\",\"target\":[\"https:\\\/\\\/dpress.ma\\\/fr\\\/2025\\\/09\\\/05\\\/sm-le-roi-amir-al-mouminine-preside-a-la-mosquee-hassan-a-rabat-une-veillee-religieuse-en-commemoration-de-laid-al-mawlid-annabaoui-acharif\\\/\"]}]},{\"@type\":\"ImageObject\",\"inLanguage\":\"fr-FR\",\"@id\":\"https:\\\/\\\/dpress.ma\\\/fr\\\/2025\\\/09\\\/05\\\/sm-le-roi-amir-al-mouminine-preside-a-la-mosquee-hassan-a-rabat-une-veillee-religieuse-en-commemoration-de-laid-al-mawlid-annabaoui-acharif\\\/#primaryimage\",\"url\":\"https:\\\/\\\/dpress.ma\\\/fr\\\/wp-content\\\/uploads\\\/sites\\\/2\\\/2022\\\/07\\\/roi-m-6.jpg\",\"contentUrl\":\"https:\\\/\\\/dpress.ma\\\/fr\\\/wp-content\\\/uploads\\\/sites\\\/2\\\/2022\\\/07\\\/roi-m-6.jpg\",\"width\":2539,\"height\":1594},{\"@type\":\"BreadcrumbList\",\"@id\":\"https:\\\/\\\/dpress.ma\\\/fr\\\/2025\\\/09\\\/05\\\/sm-le-roi-amir-al-mouminine-preside-a-la-mosquee-hassan-a-rabat-une-veillee-religieuse-en-commemoration-de-laid-al-mawlid-annabaoui-acharif\\\/#breadcrumb\",\"itemListElement\":[{\"@type\":\"ListItem\",\"position\":1,\"name\":\"Home\",\"item\":\"https:\\\/\\\/dpress.ma\\\/fr\\\/\"},{\"@type\":\"ListItem\",\"position\":2,\"name\":\"SM le Roi, Amir Al-Mouminine, pr\u00e9side \u00e0 la mosqu\u00e9e Hassan \u00e0 Rabat une veill\u00e9e religieuse en comm\u00e9moration de l\u2019A\u00efd Al-Mawlid Annabaoui Acharif\"}]},{\"@type\":\"WebSite\",\"@id\":\"https:\\\/\\\/dpress.ma\\\/fr\\\/#website\",\"url\":\"https:\\\/\\\/dpress.ma\\\/fr\\\/\",\"name\":\"Dpress.ma\\\/fr\",\"description\":\"\",\"potentialAction\":[{\"@type\":\"SearchAction\",\"target\":{\"@type\":\"EntryPoint\",\"urlTemplate\":\"https:\\\/\\\/dpress.ma\\\/fr\\\/?s={search_term_string}\"},\"query-input\":{\"@type\":\"PropertyValueSpecification\",\"valueRequired\":true,\"valueName\":\"search_term_string\"}}],\"inLanguage\":\"fr-FR\"},{\"@type\":\"Person\",\"@id\":\"https:\\\/\\\/dpress.ma\\\/fr\\\/#\\\/schema\\\/person\\\/4898febf3ccd59e6578d838656a306a0\",\"name\":\"Dpress.ma\",\"image\":{\"@type\":\"ImageObject\",\"inLanguage\":\"fr-FR\",\"@id\":\"https:\\\/\\\/secure.gravatar.com\\\/avatar\\\/72ecc30e9db047a2e0e7176561eb9d564ed77c8108376495b19bd8336405198a?s=96&d=mm&r=g\",\"url\":\"https:\\\/\\\/secure.gravatar.com\\\/avatar\\\/72ecc30e9db047a2e0e7176561eb9d564ed77c8108376495b19bd8336405198a?s=96&d=mm&r=g\",\"contentUrl\":\"https:\\\/\\\/secure.gravatar.com\\\/avatar\\\/72ecc30e9db047a2e0e7176561eb9d564ed77c8108376495b19bd8336405198a?s=96&d=mm&r=g\",\"caption\":\"Dpress.ma\"},\"sameAs\":[\"https:\\\/\\\/www.dpress.ma\"],\"url\":\"https:\\\/\\\/dpress.ma\\\/fr\\\/author\\\/dpress-ma\\\/\"}]}<\/script>\n<!-- \/ Yoast SEO plugin. -->","yoast_head_json":{"title":"SM le Roi, Amir Al-Mouminine, pr\u00e9side \u00e0 la mosqu\u00e9e Hassan \u00e0 Rabat une veill\u00e9e religieuse en comm\u00e9moration de l\u2019A\u00efd Al-Mawlid Annabaoui Acharif - Dpress.ma\/fr","robots":{"index":"index","follow":"follow","max-snippet":"max-snippet:-1","max-image-preview":"max-image-preview:large","max-video-preview":"max-video-preview:-1"},"canonical":"https:\/\/dpress.ma\/fr\/2025\/09\/05\/sm-le-roi-amir-al-mouminine-preside-a-la-mosquee-hassan-a-rabat-une-veillee-religieuse-en-commemoration-de-laid-al-mawlid-annabaoui-acharif\/","og_locale":"fr_FR","og_type":"article","og_title":"SM le Roi, Amir Al-Mouminine, pr\u00e9side \u00e0 la mosqu\u00e9e Hassan \u00e0 Rabat une veill\u00e9e religieuse en comm\u00e9moration de l\u2019A\u00efd Al-Mawlid Annabaoui Acharif - Dpress.ma\/fr","og_description":"Dpress &nbsp;Sa Majest\u00e9 le Roi Mohammed VI, Amir Al-Mouminine, que Dieu L\u2019assiste, accompagn\u00e9 de SAR le Prince H\u00e9ritier Moulay El Hassan, de SAR le Prince Moulay Rachid et de SA le Prince Moulay Ahmed, a pr\u00e9sid\u00e9, jeudi 11 Rabie-I 1447, correspondant au 04 septembre 2025, \u00e0 la mosqu\u00e9e Hassan \u00e0 Rabat, une veill\u00e9e religieuse en &hellip;","og_url":"https:\/\/dpress.ma\/fr\/2025\/09\/05\/sm-le-roi-amir-al-mouminine-preside-a-la-mosquee-hassan-a-rabat-une-veillee-religieuse-en-commemoration-de-laid-al-mawlid-annabaoui-acharif\/","og_site_name":"Dpress.ma\/fr","article_published_time":"2025-09-05T13:51:10+00:00","article_modified_time":"2025-09-05T13:51:13+00:00","og_image":[{"width":2539,"height":1594,"url":"https:\/\/dpress.ma\/fr\/wp-content\/uploads\/sites\/2\/2022\/07\/roi-m-6.jpg","type":"image\/jpeg"}],"author":"Dpress.ma","twitter_card":"summary_large_image","twitter_misc":{"\u00c9crit par":"Dpress.ma","Dur\u00e9e de lecture estim\u00e9e":"5 minutes"},"schema":{"@context":"https:\/\/schema.org","@graph":[{"@type":"Article","@id":"https:\/\/dpress.ma\/fr\/2025\/09\/05\/sm-le-roi-amir-al-mouminine-preside-a-la-mosquee-hassan-a-rabat-une-veillee-religieuse-en-commemoration-de-laid-al-mawlid-annabaoui-acharif\/#article","isPartOf":{"@id":"https:\/\/dpress.ma\/fr\/2025\/09\/05\/sm-le-roi-amir-al-mouminine-preside-a-la-mosquee-hassan-a-rabat-une-veillee-religieuse-en-commemoration-de-laid-al-mawlid-annabaoui-acharif\/"},"author":{"name":"Dpress.ma","@id":"https:\/\/dpress.ma\/fr\/#\/schema\/person\/4898febf3ccd59e6578d838656a306a0"},"headline":"SM le Roi, Amir Al-Mouminine, pr\u00e9side \u00e0 la mosqu\u00e9e Hassan \u00e0 Rabat une veill\u00e9e religieuse en comm\u00e9moration de l\u2019A\u00efd Al-Mawlid Annabaoui Acharif","datePublished":"2025-09-05T13:51:10+00:00","dateModified":"2025-09-05T13:51:13+00:00","mainEntityOfPage":{"@id":"https:\/\/dpress.ma\/fr\/2025\/09\/05\/sm-le-roi-amir-al-mouminine-preside-a-la-mosquee-hassan-a-rabat-une-veillee-religieuse-en-commemoration-de-laid-al-mawlid-annabaoui-acharif\/"},"wordCount":991,"commentCount":0,"image":{"@id":"https:\/\/dpress.ma\/fr\/2025\/09\/05\/sm-le-roi-amir-al-mouminine-preside-a-la-mosquee-hassan-a-rabat-une-veillee-religieuse-en-commemoration-de-laid-al-mawlid-annabaoui-acharif\/#primaryimage"},"thumbnailUrl":"https:\/\/dpress.ma\/fr\/wp-content\/uploads\/sites\/2\/2022\/07\/roi-m-6.jpg","articleSection":["Activit\u00e9s Royales"],"inLanguage":"fr-FR","potentialAction":[{"@type":"CommentAction","name":"Comment","target":["https:\/\/dpress.ma\/fr\/2025\/09\/05\/sm-le-roi-amir-al-mouminine-preside-a-la-mosquee-hassan-a-rabat-une-veillee-religieuse-en-commemoration-de-laid-al-mawlid-annabaoui-acharif\/#respond"]}]},{"@type":"WebPage","@id":"https:\/\/dpress.ma\/fr\/2025\/09\/05\/sm-le-roi-amir-al-mouminine-preside-a-la-mosquee-hassan-a-rabat-une-veillee-religieuse-en-commemoration-de-laid-al-mawlid-annabaoui-acharif\/","url":"https:\/\/dpress.ma\/fr\/2025\/09\/05\/sm-le-roi-amir-al-mouminine-preside-a-la-mosquee-hassan-a-rabat-une-veillee-religieuse-en-commemoration-de-laid-al-mawlid-annabaoui-acharif\/","name":"SM le Roi, Amir Al-Mouminine, pr\u00e9side \u00e0 la mosqu\u00e9e Hassan \u00e0 Rabat une veill\u00e9e religieuse en comm\u00e9moration de l\u2019A\u00efd Al-Mawlid Annabaoui Acharif - Dpress.ma\/fr","isPartOf":{"@id":"https:\/\/dpress.ma\/fr\/#website"},"primaryImageOfPage":{"@id":"https:\/\/dpress.ma\/fr\/2025\/09\/05\/sm-le-roi-amir-al-mouminine-preside-a-la-mosquee-hassan-a-rabat-une-veillee-religieuse-en-commemoration-de-laid-al-mawlid-annabaoui-acharif\/#primaryimage"},"image":{"@id":"https:\/\/dpress.ma\/fr\/2025\/09\/05\/sm-le-roi-amir-al-mouminine-preside-a-la-mosquee-hassan-a-rabat-une-veillee-religieuse-en-commemoration-de-laid-al-mawlid-annabaoui-acharif\/#primaryimage"},"thumbnailUrl":"https:\/\/dpress.ma\/fr\/wp-content\/uploads\/sites\/2\/2022\/07\/roi-m-6.jpg","datePublished":"2025-09-05T13:51:10+00:00","dateModified":"2025-09-05T13:51:13+00:00","author":{"@id":"https:\/\/dpress.ma\/fr\/#\/schema\/person\/4898febf3ccd59e6578d838656a306a0"},"breadcrumb":{"@id":"https:\/\/dpress.ma\/fr\/2025\/09\/05\/sm-le-roi-amir-al-mouminine-preside-a-la-mosquee-hassan-a-rabat-une-veillee-religieuse-en-commemoration-de-laid-al-mawlid-annabaoui-acharif\/#breadcrumb"},"inLanguage":"fr-FR","potentialAction":[{"@type":"ReadAction","target":["https:\/\/dpress.ma\/fr\/2025\/09\/05\/sm-le-roi-amir-al-mouminine-preside-a-la-mosquee-hassan-a-rabat-une-veillee-religieuse-en-commemoration-de-laid-al-mawlid-annabaoui-acharif\/"]}]},{"@type":"ImageObject","inLanguage":"fr-FR","@id":"https:\/\/dpress.ma\/fr\/2025\/09\/05\/sm-le-roi-amir-al-mouminine-preside-a-la-mosquee-hassan-a-rabat-une-veillee-religieuse-en-commemoration-de-laid-al-mawlid-annabaoui-acharif\/#primaryimage","url":"https:\/\/dpress.ma\/fr\/wp-content\/uploads\/sites\/2\/2022\/07\/roi-m-6.jpg","contentUrl":"https:\/\/dpress.ma\/fr\/wp-content\/uploads\/sites\/2\/2022\/07\/roi-m-6.jpg","width":2539,"height":1594},{"@type":"BreadcrumbList","@id":"https:\/\/dpress.ma\/fr\/2025\/09\/05\/sm-le-roi-amir-al-mouminine-preside-a-la-mosquee-hassan-a-rabat-une-veillee-religieuse-en-commemoration-de-laid-al-mawlid-annabaoui-acharif\/#breadcrumb","itemListElement":[{"@type":"ListItem","position":1,"name":"Home","item":"https:\/\/dpress.ma\/fr\/"},{"@type":"ListItem","position":2,"name":"SM le Roi, Amir Al-Mouminine, pr\u00e9side \u00e0 la mosqu\u00e9e Hassan \u00e0 Rabat une veill\u00e9e religieuse en comm\u00e9moration de l\u2019A\u00efd Al-Mawlid Annabaoui Acharif"}]},{"@type":"WebSite","@id":"https:\/\/dpress.ma\/fr\/#website","url":"https:\/\/dpress.ma\/fr\/","name":"Dpress.ma\/fr","description":"","potentialAction":[{"@type":"SearchAction","target":{"@type":"EntryPoint","urlTemplate":"https:\/\/dpress.ma\/fr\/?s={search_term_string}"},"query-input":{"@type":"PropertyValueSpecification","valueRequired":true,"valueName":"search_term_string"}}],"inLanguage":"fr-FR"},{"@type":"Person","@id":"https:\/\/dpress.ma\/fr\/#\/schema\/person\/4898febf3ccd59e6578d838656a306a0","name":"Dpress.ma","image":{"@type":"ImageObject","inLanguage":"fr-FR","@id":"https:\/\/secure.gravatar.com\/avatar\/72ecc30e9db047a2e0e7176561eb9d564ed77c8108376495b19bd8336405198a?s=96&d=mm&r=g","url":"https:\/\/secure.gravatar.com\/avatar\/72ecc30e9db047a2e0e7176561eb9d564ed77c8108376495b19bd8336405198a?s=96&d=mm&r=g","contentUrl":"https:\/\/secure.gravatar.com\/avatar\/72ecc30e9db047a2e0e7176561eb9d564ed77c8108376495b19bd8336405198a?s=96&d=mm&r=g","caption":"Dpress.ma"},"sameAs":["https:\/\/www.dpress.ma"],"url":"https:\/\/dpress.ma\/fr\/author\/dpress-ma\/"}]}},"amp_enabled":true,"_links":{"self":[{"href":"https:\/\/dpress.ma\/fr\/wp-json\/wp\/v2\/posts\/15944","targetHints":{"allow":["GET"]}}],"collection":[{"href":"https:\/\/dpress.ma\/fr\/wp-json\/wp\/v2\/posts"}],"about":[{"href":"https:\/\/dpress.ma\/fr\/wp-json\/wp\/v2\/types\/post"}],"author":[{"embeddable":true,"href":"https:\/\/dpress.ma\/fr\/wp-json\/wp\/v2\/users\/2"}],"replies":[{"embeddable":true,"href":"https:\/\/dpress.ma\/fr\/wp-json\/wp\/v2\/comments?post=15944"}],"version-history":[{"count":1,"href":"https:\/\/dpress.ma\/fr\/wp-json\/wp\/v2\/posts\/15944\/revisions"}],"predecessor-version":[{"id":15945,"href":"https:\/\/dpress.ma\/fr\/wp-json\/wp\/v2\/posts\/15944\/revisions\/15945"}],"wp:featuredmedia":[{"embeddable":true,"href":"https:\/\/dpress.ma\/fr\/wp-json\/wp\/v2\/media\/1859"}],"wp:attachment":[{"href":"https:\/\/dpress.ma\/fr\/wp-json\/wp\/v2\/media?parent=15944"}],"wp:term":[{"taxonomy":"category","embeddable":true,"href":"https:\/\/dpress.ma\/fr\/wp-json\/wp\/v2\/categories?post=15944"},{"taxonomy":"post_tag","embeddable":true,"href":"https:\/\/dpress.ma\/fr\/wp-json\/wp\/v2\/tags?post=15944"}],"curies":[{"name":"wp","href":"https:\/\/api.w.org\/{rel}","templated":true}]}}