{"id":1592,"date":"2022-05-14T21:33:01","date_gmt":"2022-05-14T21:33:01","guid":{"rendered":"https:\/\/dpress.ma\/fr\/?p=1592"},"modified":"2022-05-14T22:22:12","modified_gmt":"2022-05-14T22:22:12","slug":"canada-universite-dottawa-pose-et-devoilement-dune-plaque-commemorative-en-hommage-a-al-quaraouiyine","status":"publish","type":"post","link":"https:\/\/dpress.ma\/fr\/2022\/05\/14\/canada-universite-dottawa-pose-et-devoilement-dune-plaque-commemorative-en-hommage-a-al-quaraouiyine\/","title":{"rendered":"Canada\/Universit\u00e9 d\u2019Ottawa: Pose et d\u00e9voilement d&rsquo;une plaque comm\u00e9morative en hommage \u00e0 Al Quaraouiyine"},"content":{"rendered":"\n<p>Dpress<\/p>\n\n\n\n<figure class=\"wp-block-image size-large\"><img loading=\"lazy\" decoding=\"async\" width=\"1024\" height=\"643\" src=\"https:\/\/dpress.ma\/fr\/wp-content\/uploads\/sites\/2\/2022\/05\/dimensions2-Copie-Recupere-1024x643.jpg\" alt=\"\" class=\"wp-image-1593\" srcset=\"https:\/\/dpress.ma\/fr\/wp-content\/uploads\/sites\/2\/2022\/05\/dimensions2-Copie-Recupere-1024x643.jpg 1024w, https:\/\/dpress.ma\/fr\/wp-content\/uploads\/sites\/2\/2022\/05\/dimensions2-Copie-Recupere-300x188.jpg 300w, https:\/\/dpress.ma\/fr\/wp-content\/uploads\/sites\/2\/2022\/05\/dimensions2-Copie-Recupere-768x482.jpg 768w, https:\/\/dpress.ma\/fr\/wp-content\/uploads\/sites\/2\/2022\/05\/dimensions2-Copie-Recupere-1536x964.jpg 1536w, https:\/\/dpress.ma\/fr\/wp-content\/uploads\/sites\/2\/2022\/05\/dimensions2-Copie-Recupere-2048x1286.jpg 2048w\" sizes=\"auto, (max-width: 1024px) 100vw, 1024px\" \/><\/figure>\n\n\n\n<p><strong>La prestigieuse universit\u00e9 canadienne d\u2019Ottawa a rendu hommage&nbsp;\u00e0 l&rsquo;universit\u00e9 Al Quaraouiyine de F\u00e8s, consid\u00e9r\u00e9e comme la plus ancienne universit\u00e9 au monde encore en activit\u00e9. Dans le cadre de la c\u00e9l\u00e9bration cette ann\u00e9e du 60\u00e8me anniversaire de l\u2019\u00e9tablissement des relations diplomatiques entre le Maroc et le Canada, le recteur et vice-Chancelier de l\u2019Universit\u00e9 d\u2019Ottawa, Jacques Fr\u00e9mont et l\u2019ambassadeur de SM le Roi au Canada, Souriya Otmani, ont proc\u00e9d\u00e9, mercredi, dans l&rsquo;enceinte de l\u2019universit\u00e9 canadienne, \u00e0 la pose et au d\u00e9voilement d\u2019une plaque comm\u00e9morative en hommage \u00e0 l\u2019Universit\u00e9 Al Quaraouiyine qui a \u00e9t\u00e9 fond\u00e9e en 859, par Fatima Al Fihriya.<\/strong><\/p>\n\n\n\n<p>Mme Otmani a remerci\u00e9, \u00e0 cette occasion, le recteur de l\u2019Universit\u00e9 d\u2019Ottawa, pour \u00ab\u00a0la collaboration exceptionnelle\u00a0\u00bb avec la Mission diplomatique marocaine, en vue de marquer avec \u00e9clat les 60 ans de relations diplomatiques et de coop\u00e9ration multiforme, particuli\u00e8rement dans le domaine de l\u2019enseignement sup\u00e9rieur.<\/p>\n\n\n\n<p>\u00ab\u00a0Bien que la pose de la plaque comm\u00e9morative en hommage \u00e0 l\u2019Universit\u00e9 Al Quaraouiyine soit un geste hautement symbolique, il n\u2019en reste pas moins une r\u00e9f\u00e9rence aujourd\u2019hui dans la capitale nationale du Canada \u00e0 l\u2019une des figures de proue du patrimoine culturel historique national et mondial, qui b\u00e9n\u00e9ficie comme tant d\u2019autres \u00e9difices historiques des villes imp\u00e9riales marocaines, de la bienveillance toute particuli\u00e8re de Sa Majest\u00e9 le Roi Mohammed VI, qui fait de leur sauvegarde et de leur mise \u00e0 niveau une priorit\u00e9 nationale\u201d, a indiqu\u00e9 la diplomate.<\/p>\n\n\n\n<p>Ce geste met aussi en exergue \u201cl\u2019excellence des liens d\u2019amiti\u00e9 et de coop\u00e9ration\u00a0\u00bb que le Maroc et le Canada entretiennent depuis toujours, mais aussi le r\u00f4le crucial que jouent les \u00e9tablissements d\u2019enseignement sup\u00e9rieurs et autres, dans l\u2019acquisition des connaissances, le d\u00e9veloppement et la diffusion des savoirs, la r\u00e9flexion, la pens\u00e9e critique et l\u2019\u00e9panouissement individuel, la recherche, la communication et le dialogue, a-t-elle ajout\u00e9.<\/p>\n\n\n\n<p>Le recteur et vice-Chancelier de l\u2019Universit\u00e9 d\u2019Ottawa s\u2019est, quant \u00e0 lui, f\u00e9licit\u00e9 d\u2019accueillir quelque 800 \u00e9tudiants marocains sur les 10.000 \u00e9tudiants internationaux que compte l\u2019Universit\u00e9, soulignant que ce nombre est \u00e0 la hausse \u00e0 la faveur notamment du programme d\u2019exon\u00e9ration des frais d\u2019inscription consentis par son Universit\u00e9 \u00e0 l\u2019intention des \u00e9tudiants francophones et anglophones.<\/p>\n\n\n\n<p>M. Fr\u00e9mont s\u2019est d\u00e9clar\u00e9 tr\u00e8s satisfait des nombreux partenariats scientifiques, et de mobilit\u00e9 professorale et estudiantine en vigueur entre l\u2019Universit\u00e9 d\u2019Ottawa et plusieurs grandes universit\u00e9s marocaines dont il a, au passage, salu\u00e9 \u201cl\u2019excellent d\u00e9veloppement et la bonne \u00e9volution\u201d. Il a aussi plaid\u00e9 pour un renforcement et une densification de cette coop\u00e9ration acad\u00e9mique, faisant valoir qu\u2019elle profiterait mutuellement aux deux pays.<\/p>\n\n\n\n<p>Devant un parterre de diplomates, universitaires, repr\u00e9sentants des institutions marocaines au Canada, et \u00e9tudiants de l\u2019Universit\u00e9 d\u2019Ottawa, Mme Aziza Chaouni, professeur d\u2019Architecture \u00e0 l\u2019Universit\u00e9 de Toronto, a proc\u00e9d\u00e9, en mode virtuel, \u00e0 une pr\u00e9sentation d\u00e9taill\u00e9e, illustr\u00e9e par des images, de l\u2019architecture et des diff\u00e9rentes fonctionnalit\u00e9s de l\u2019Universit\u00e9 Al Quaraouiyine. Mme Chaouni, native de F\u00e8s, conna\u00eet les moindres recoins de cette prestigieuse institution pour avoir supervis\u00e9 les travaux de r\u00e9novation de l\u2019\u00e9difice il y a quelques ann\u00e9es.<\/p>\n\n\n\n<p>Par ailleurs, l\u2019ambassadeur de SM le Roi et le Vice-recteur aux affaires internationales et \u00e0 la francophonie de l\u2019Universit\u00e9 d\u2019Ottawa, Sani Yaya, ont annonc\u00e9 l\u2019octroi par les deux parties, \u00e0 l\u2019un des \u00e9tudiants marocains en master, d\u2019une bourse unique d\u2019un montant de 10.000 $.<\/p>\n\n\n\n<p>Une r\u00e9ception a \u00e9t\u00e9 ensuite offerte pour l\u2019occasion par l\u2019ambassade du Royaume, dans un espace am\u00e9nag\u00e9 et d\u00e9cor\u00e9 de mani\u00e8re typiquement marocaine.<\/p>\n\n\n\n<p>L\u2019hommage \u00e0 l\u2019Universit\u00e9 Al Quaraouiyine intervient au lendemain d&rsquo;une journ\u00e9e acad\u00e9mique initi\u00e9e conjointement par l\u2019ambassade du Maroc et l\u2019Universit\u00e9 d\u2019Ottawa, pour marquer les 60 ann\u00e9es de coop\u00e9ration bilat\u00e9rale, notamment acad\u00e9mique.<\/p>\n\n\n\n<p>Selon un communiqu\u00e9 de la mission diplomatique marocaine, l&rsquo;\u00e9v\u00e9nement, organis\u00e9 en mode virtuel, a \u00e9t\u00e9 suivi par des diplomates, recteurs et vice-recteurs, \u00e9tudiants, professeurs et experts tant du Maroc que du Canada.<\/p>\n\n\n\n<p>Il a \u00e9t\u00e9 marqu\u00e9 par une pr\u00e9sentation du recteur et vice-Chancelier de l\u2019Universit\u00e9 d\u2019Ottawa au profit des \u00e9tudiants de l\u2019Acad\u00e9mie diplomatique marocaine sur les atouts de l\u2019Afrique, en tant que continent d\u2019avenir, ainsi que sur les relations Canada\u2013Afrique et les b\u00e9n\u00e9fices mutuellement avantageux d\u2019une coop\u00e9ration triangulaire Canada-Maroc-Afrique.<\/p>\n\n\n\n<p>D\u2019autres interventions ont \u00e9t\u00e9 faites notamment par le pr\u00e9sident de l\u2019Universit\u00e9 Mohammed VI Polytechnique, Hicham El Habti et le directeur de l\u2019Acad\u00e9mie marocaine des \u00e9tudes diplomatiques, Hicham Bensoltane, portant sur les fonctions et attributions de leurs \u00e9tablissements respectifs ainsi que sur la volont\u00e9 d\u2019\u00e9tablir et d\u00e9velopper de nouveaux partenariats acad\u00e9miques avec l\u2019Universit\u00e9 d\u2019Ottawa, qui b\u00e9n\u00e9ficieraient au Maroc et \u00e0 l\u2019ensemble des pays africains.<\/p>\n\n\n\n<p>Les d\u00e9bats anim\u00e9s par plusieurs experts, canadiens et marocains, ont port\u00e9, par ailleurs, sur les enjeux li\u00e9s \u00e0 la gouvernance de l\u2019eau face aux d\u00e9fis des changements climatiques.<\/p>\n","protected":false},"excerpt":{"rendered":"<p>Dpress La prestigieuse universit\u00e9 canadienne d\u2019Ottawa a rendu hommage&nbsp;\u00e0 l&rsquo;universit\u00e9 Al Quaraouiyine de F\u00e8s, consid\u00e9r\u00e9e comme la plus ancienne universit\u00e9 au monde encore en activit\u00e9. Dans le cadre de la c\u00e9l\u00e9bration cette ann\u00e9e du 60\u00e8me anniversaire de l\u2019\u00e9tablissement des relations diplomatiques entre le Maroc et le Canada, le recteur et vice-Chancelier de l\u2019Universit\u00e9 d\u2019Ottawa, Jacques &hellip;<\/p>\n","protected":false},"author":2,"featured_media":1594,"comment_status":"closed","ping_status":"open","sticky":false,"template":"","format":"standard","meta":{"footnotes":""},"categories":[33],"tags":[],"class_list":["post-1592","post","type-post","status-publish","format-standard","has-post-thumbnail","hentry","category-diplomatie-parallele"],"yoast_head":"<!-- This site is optimized with the Yoast SEO plugin v27.5 - https:\/\/yoast.com\/product\/yoast-seo-wordpress\/ -->\n<title>Canada\/Universit\u00e9 d\u2019Ottawa: Pose et d\u00e9voilement d&#039;une plaque comm\u00e9morative en hommage \u00e0 Al Quaraouiyine - Dpress.ma\/fr<\/title>\n<meta name=\"description\" content=\"La prestigieuse universit\u00e9 canadienne d\u2019Ottawa a rendu hommage \u00e0 l&#039;universit\u00e9 Al Quaraouiyine de F\u00e8s, consid\u00e9r\u00e9e comme la plus ancienne universit\u00e9 au monde.........\" \/>\n<meta name=\"robots\" content=\"index, follow, max-snippet:-1, max-image-preview:large, max-video-preview:-1\" \/>\n<link rel=\"canonical\" href=\"https:\/\/dpress.ma\/fr\/2022\/05\/14\/canada-universite-dottawa-pose-et-devoilement-dune-plaque-commemorative-en-hommage-a-al-quaraouiyine\/\" \/>\n<meta property=\"og:locale\" content=\"fr_FR\" \/>\n<meta property=\"og:type\" content=\"article\" \/>\n<meta property=\"og:title\" content=\"Canada\/Universit\u00e9 d\u2019Ottawa: Pose et d\u00e9voilement d&#039;une plaque comm\u00e9morative en hommage \u00e0 Al Quaraouiyine - Dpress.ma\/fr\" \/>\n<meta property=\"og:description\" content=\"La prestigieuse universit\u00e9 canadienne d\u2019Ottawa a rendu hommage \u00e0 l&#039;universit\u00e9 Al Quaraouiyine de F\u00e8s, consid\u00e9r\u00e9e comme la plus ancienne universit\u00e9 au monde.........\" \/>\n<meta property=\"og:url\" content=\"https:\/\/dpress.ma\/fr\/2022\/05\/14\/canada-universite-dottawa-pose-et-devoilement-dune-plaque-commemorative-en-hommage-a-al-quaraouiyine\/\" \/>\n<meta property=\"og:site_name\" content=\"Dpress.ma\/fr\" \/>\n<meta property=\"article:published_time\" content=\"2022-05-14T21:33:01+00:00\" \/>\n<meta property=\"article:modified_time\" content=\"2022-05-14T22:22:12+00:00\" \/>\n<meta property=\"og:image\" content=\"https:\/\/dpress.ma\/fr\/wp-content\/uploads\/sites\/2\/2022\/05\/dimensions2-Copie-Recupere-1.jpg\" \/>\n\t<meta property=\"og:image:width\" content=\"2539\" \/>\n\t<meta property=\"og:image:height\" content=\"1594\" \/>\n\t<meta property=\"og:image:type\" content=\"image\/jpeg\" \/>\n<meta name=\"author\" content=\"Dpress.ma\" \/>\n<meta name=\"twitter:card\" content=\"summary_large_image\" \/>\n<meta name=\"twitter:label1\" content=\"\u00c9crit par\" \/>\n\t<meta name=\"twitter:data1\" content=\"Dpress.ma\" \/>\n\t<meta name=\"twitter:label2\" content=\"Dur\u00e9e de lecture estim\u00e9e\" \/>\n\t<meta name=\"twitter:data2\" content=\"5 minutes\" \/>\n<script type=\"application\/ld+json\" class=\"yoast-schema-graph\">{\"@context\":\"https:\\\/\\\/schema.org\",\"@graph\":[{\"@type\":\"Article\",\"@id\":\"https:\\\/\\\/dpress.ma\\\/fr\\\/2022\\\/05\\\/14\\\/canada-universite-dottawa-pose-et-devoilement-dune-plaque-commemorative-en-hommage-a-al-quaraouiyine\\\/#article\",\"isPartOf\":{\"@id\":\"https:\\\/\\\/dpress.ma\\\/fr\\\/2022\\\/05\\\/14\\\/canada-universite-dottawa-pose-et-devoilement-dune-plaque-commemorative-en-hommage-a-al-quaraouiyine\\\/\"},\"author\":{\"name\":\"Dpress.ma\",\"@id\":\"https:\\\/\\\/dpress.ma\\\/fr\\\/#\\\/schema\\\/person\\\/4898febf3ccd59e6578d838656a306a0\"},\"headline\":\"Canada\\\/Universit\u00e9 d\u2019Ottawa: Pose et d\u00e9voilement d&rsquo;une plaque comm\u00e9morative en hommage \u00e0 Al Quaraouiyine\",\"datePublished\":\"2022-05-14T21:33:01+00:00\",\"dateModified\":\"2022-05-14T22:22:12+00:00\",\"mainEntityOfPage\":{\"@id\":\"https:\\\/\\\/dpress.ma\\\/fr\\\/2022\\\/05\\\/14\\\/canada-universite-dottawa-pose-et-devoilement-dune-plaque-commemorative-en-hommage-a-al-quaraouiyine\\\/\"},\"wordCount\":888,\"image\":{\"@id\":\"https:\\\/\\\/dpress.ma\\\/fr\\\/2022\\\/05\\\/14\\\/canada-universite-dottawa-pose-et-devoilement-dune-plaque-commemorative-en-hommage-a-al-quaraouiyine\\\/#primaryimage\"},\"thumbnailUrl\":\"https:\\\/\\\/dpress.ma\\\/fr\\\/wp-content\\\/uploads\\\/sites\\\/2\\\/2022\\\/05\\\/dimensions2-Copie-Recupere-1.jpg\",\"articleSection\":[\"Diplomatie Parall\u00e8le\"],\"inLanguage\":\"fr-FR\"},{\"@type\":\"WebPage\",\"@id\":\"https:\\\/\\\/dpress.ma\\\/fr\\\/2022\\\/05\\\/14\\\/canada-universite-dottawa-pose-et-devoilement-dune-plaque-commemorative-en-hommage-a-al-quaraouiyine\\\/\",\"url\":\"https:\\\/\\\/dpress.ma\\\/fr\\\/2022\\\/05\\\/14\\\/canada-universite-dottawa-pose-et-devoilement-dune-plaque-commemorative-en-hommage-a-al-quaraouiyine\\\/\",\"name\":\"Canada\\\/Universit\u00e9 d\u2019Ottawa: Pose et d\u00e9voilement d'une plaque comm\u00e9morative en hommage \u00e0 Al Quaraouiyine - Dpress.ma\\\/fr\",\"isPartOf\":{\"@id\":\"https:\\\/\\\/dpress.ma\\\/fr\\\/#website\"},\"primaryImageOfPage\":{\"@id\":\"https:\\\/\\\/dpress.ma\\\/fr\\\/2022\\\/05\\\/14\\\/canada-universite-dottawa-pose-et-devoilement-dune-plaque-commemorative-en-hommage-a-al-quaraouiyine\\\/#primaryimage\"},\"image\":{\"@id\":\"https:\\\/\\\/dpress.ma\\\/fr\\\/2022\\\/05\\\/14\\\/canada-universite-dottawa-pose-et-devoilement-dune-plaque-commemorative-en-hommage-a-al-quaraouiyine\\\/#primaryimage\"},\"thumbnailUrl\":\"https:\\\/\\\/dpress.ma\\\/fr\\\/wp-content\\\/uploads\\\/sites\\\/2\\\/2022\\\/05\\\/dimensions2-Copie-Recupere-1.jpg\",\"datePublished\":\"2022-05-14T21:33:01+00:00\",\"dateModified\":\"2022-05-14T22:22:12+00:00\",\"author\":{\"@id\":\"https:\\\/\\\/dpress.ma\\\/fr\\\/#\\\/schema\\\/person\\\/4898febf3ccd59e6578d838656a306a0\"},\"description\":\"La prestigieuse universit\u00e9 canadienne d\u2019Ottawa a rendu hommage \u00e0 l'universit\u00e9 Al Quaraouiyine de F\u00e8s, consid\u00e9r\u00e9e comme la plus ancienne universit\u00e9 au monde.........\",\"breadcrumb\":{\"@id\":\"https:\\\/\\\/dpress.ma\\\/fr\\\/2022\\\/05\\\/14\\\/canada-universite-dottawa-pose-et-devoilement-dune-plaque-commemorative-en-hommage-a-al-quaraouiyine\\\/#breadcrumb\"},\"inLanguage\":\"fr-FR\",\"potentialAction\":[{\"@type\":\"ReadAction\",\"target\":[\"https:\\\/\\\/dpress.ma\\\/fr\\\/2022\\\/05\\\/14\\\/canada-universite-dottawa-pose-et-devoilement-dune-plaque-commemorative-en-hommage-a-al-quaraouiyine\\\/\"]}]},{\"@type\":\"ImageObject\",\"inLanguage\":\"fr-FR\",\"@id\":\"https:\\\/\\\/dpress.ma\\\/fr\\\/2022\\\/05\\\/14\\\/canada-universite-dottawa-pose-et-devoilement-dune-plaque-commemorative-en-hommage-a-al-quaraouiyine\\\/#primaryimage\",\"url\":\"https:\\\/\\\/dpress.ma\\\/fr\\\/wp-content\\\/uploads\\\/sites\\\/2\\\/2022\\\/05\\\/dimensions2-Copie-Recupere-1.jpg\",\"contentUrl\":\"https:\\\/\\\/dpress.ma\\\/fr\\\/wp-content\\\/uploads\\\/sites\\\/2\\\/2022\\\/05\\\/dimensions2-Copie-Recupere-1.jpg\",\"width\":2539,\"height\":1594},{\"@type\":\"BreadcrumbList\",\"@id\":\"https:\\\/\\\/dpress.ma\\\/fr\\\/2022\\\/05\\\/14\\\/canada-universite-dottawa-pose-et-devoilement-dune-plaque-commemorative-en-hommage-a-al-quaraouiyine\\\/#breadcrumb\",\"itemListElement\":[{\"@type\":\"ListItem\",\"position\":1,\"name\":\"Home\",\"item\":\"https:\\\/\\\/dpress.ma\\\/fr\\\/\"},{\"@type\":\"ListItem\",\"position\":2,\"name\":\"Canada\\\/Universit\u00e9 d\u2019Ottawa: Pose et d\u00e9voilement d&#8217;une plaque comm\u00e9morative en hommage \u00e0 Al Quaraouiyine\"}]},{\"@type\":\"WebSite\",\"@id\":\"https:\\\/\\\/dpress.ma\\\/fr\\\/#website\",\"url\":\"https:\\\/\\\/dpress.ma\\\/fr\\\/\",\"name\":\"Dpress.ma\\\/fr\",\"description\":\"\",\"potentialAction\":[{\"@type\":\"SearchAction\",\"target\":{\"@type\":\"EntryPoint\",\"urlTemplate\":\"https:\\\/\\\/dpress.ma\\\/fr\\\/?s={search_term_string}\"},\"query-input\":{\"@type\":\"PropertyValueSpecification\",\"valueRequired\":true,\"valueName\":\"search_term_string\"}}],\"inLanguage\":\"fr-FR\"},{\"@type\":\"Person\",\"@id\":\"https:\\\/\\\/dpress.ma\\\/fr\\\/#\\\/schema\\\/person\\\/4898febf3ccd59e6578d838656a306a0\",\"name\":\"Dpress.ma\",\"image\":{\"@type\":\"ImageObject\",\"inLanguage\":\"fr-FR\",\"@id\":\"https:\\\/\\\/secure.gravatar.com\\\/avatar\\\/72ecc30e9db047a2e0e7176561eb9d564ed77c8108376495b19bd8336405198a?s=96&d=mm&r=g\",\"url\":\"https:\\\/\\\/secure.gravatar.com\\\/avatar\\\/72ecc30e9db047a2e0e7176561eb9d564ed77c8108376495b19bd8336405198a?s=96&d=mm&r=g\",\"contentUrl\":\"https:\\\/\\\/secure.gravatar.com\\\/avatar\\\/72ecc30e9db047a2e0e7176561eb9d564ed77c8108376495b19bd8336405198a?s=96&d=mm&r=g\",\"caption\":\"Dpress.ma\"},\"sameAs\":[\"https:\\\/\\\/www.dpress.ma\"],\"url\":\"https:\\\/\\\/dpress.ma\\\/fr\\\/author\\\/dpress-ma\\\/\"}]}<\/script>\n<!-- \/ Yoast SEO plugin. -->","yoast_head_json":{"title":"Canada\/Universit\u00e9 d\u2019Ottawa: Pose et d\u00e9voilement d'une plaque comm\u00e9morative en hommage \u00e0 Al Quaraouiyine - Dpress.ma\/fr","description":"La prestigieuse universit\u00e9 canadienne d\u2019Ottawa a rendu hommage \u00e0 l'universit\u00e9 Al Quaraouiyine de F\u00e8s, consid\u00e9r\u00e9e comme la plus ancienne universit\u00e9 au monde.........","robots":{"index":"index","follow":"follow","max-snippet":"max-snippet:-1","max-image-preview":"max-image-preview:large","max-video-preview":"max-video-preview:-1"},"canonical":"https:\/\/dpress.ma\/fr\/2022\/05\/14\/canada-universite-dottawa-pose-et-devoilement-dune-plaque-commemorative-en-hommage-a-al-quaraouiyine\/","og_locale":"fr_FR","og_type":"article","og_title":"Canada\/Universit\u00e9 d\u2019Ottawa: Pose et d\u00e9voilement d'une plaque comm\u00e9morative en hommage \u00e0 Al Quaraouiyine - Dpress.ma\/fr","og_description":"La prestigieuse universit\u00e9 canadienne d\u2019Ottawa a rendu hommage \u00e0 l'universit\u00e9 Al Quaraouiyine de F\u00e8s, consid\u00e9r\u00e9e comme la plus ancienne universit\u00e9 au monde.........","og_url":"https:\/\/dpress.ma\/fr\/2022\/05\/14\/canada-universite-dottawa-pose-et-devoilement-dune-plaque-commemorative-en-hommage-a-al-quaraouiyine\/","og_site_name":"Dpress.ma\/fr","article_published_time":"2022-05-14T21:33:01+00:00","article_modified_time":"2022-05-14T22:22:12+00:00","og_image":[{"width":2539,"height":1594,"url":"https:\/\/dpress.ma\/fr\/wp-content\/uploads\/sites\/2\/2022\/05\/dimensions2-Copie-Recupere-1.jpg","type":"image\/jpeg"}],"author":"Dpress.ma","twitter_card":"summary_large_image","twitter_misc":{"\u00c9crit par":"Dpress.ma","Dur\u00e9e de lecture estim\u00e9e":"5 minutes"},"schema":{"@context":"https:\/\/schema.org","@graph":[{"@type":"Article","@id":"https:\/\/dpress.ma\/fr\/2022\/05\/14\/canada-universite-dottawa-pose-et-devoilement-dune-plaque-commemorative-en-hommage-a-al-quaraouiyine\/#article","isPartOf":{"@id":"https:\/\/dpress.ma\/fr\/2022\/05\/14\/canada-universite-dottawa-pose-et-devoilement-dune-plaque-commemorative-en-hommage-a-al-quaraouiyine\/"},"author":{"name":"Dpress.ma","@id":"https:\/\/dpress.ma\/fr\/#\/schema\/person\/4898febf3ccd59e6578d838656a306a0"},"headline":"Canada\/Universit\u00e9 d\u2019Ottawa: Pose et d\u00e9voilement d&rsquo;une plaque comm\u00e9morative en hommage \u00e0 Al Quaraouiyine","datePublished":"2022-05-14T21:33:01+00:00","dateModified":"2022-05-14T22:22:12+00:00","mainEntityOfPage":{"@id":"https:\/\/dpress.ma\/fr\/2022\/05\/14\/canada-universite-dottawa-pose-et-devoilement-dune-plaque-commemorative-en-hommage-a-al-quaraouiyine\/"},"wordCount":888,"image":{"@id":"https:\/\/dpress.ma\/fr\/2022\/05\/14\/canada-universite-dottawa-pose-et-devoilement-dune-plaque-commemorative-en-hommage-a-al-quaraouiyine\/#primaryimage"},"thumbnailUrl":"https:\/\/dpress.ma\/fr\/wp-content\/uploads\/sites\/2\/2022\/05\/dimensions2-Copie-Recupere-1.jpg","articleSection":["Diplomatie Parall\u00e8le"],"inLanguage":"fr-FR"},{"@type":"WebPage","@id":"https:\/\/dpress.ma\/fr\/2022\/05\/14\/canada-universite-dottawa-pose-et-devoilement-dune-plaque-commemorative-en-hommage-a-al-quaraouiyine\/","url":"https:\/\/dpress.ma\/fr\/2022\/05\/14\/canada-universite-dottawa-pose-et-devoilement-dune-plaque-commemorative-en-hommage-a-al-quaraouiyine\/","name":"Canada\/Universit\u00e9 d\u2019Ottawa: Pose et d\u00e9voilement d'une plaque comm\u00e9morative en hommage \u00e0 Al Quaraouiyine - Dpress.ma\/fr","isPartOf":{"@id":"https:\/\/dpress.ma\/fr\/#website"},"primaryImageOfPage":{"@id":"https:\/\/dpress.ma\/fr\/2022\/05\/14\/canada-universite-dottawa-pose-et-devoilement-dune-plaque-commemorative-en-hommage-a-al-quaraouiyine\/#primaryimage"},"image":{"@id":"https:\/\/dpress.ma\/fr\/2022\/05\/14\/canada-universite-dottawa-pose-et-devoilement-dune-plaque-commemorative-en-hommage-a-al-quaraouiyine\/#primaryimage"},"thumbnailUrl":"https:\/\/dpress.ma\/fr\/wp-content\/uploads\/sites\/2\/2022\/05\/dimensions2-Copie-Recupere-1.jpg","datePublished":"2022-05-14T21:33:01+00:00","dateModified":"2022-05-14T22:22:12+00:00","author":{"@id":"https:\/\/dpress.ma\/fr\/#\/schema\/person\/4898febf3ccd59e6578d838656a306a0"},"description":"La prestigieuse universit\u00e9 canadienne d\u2019Ottawa a rendu hommage \u00e0 l'universit\u00e9 Al Quaraouiyine de F\u00e8s, consid\u00e9r\u00e9e comme la plus ancienne universit\u00e9 au monde.........","breadcrumb":{"@id":"https:\/\/dpress.ma\/fr\/2022\/05\/14\/canada-universite-dottawa-pose-et-devoilement-dune-plaque-commemorative-en-hommage-a-al-quaraouiyine\/#breadcrumb"},"inLanguage":"fr-FR","potentialAction":[{"@type":"ReadAction","target":["https:\/\/dpress.ma\/fr\/2022\/05\/14\/canada-universite-dottawa-pose-et-devoilement-dune-plaque-commemorative-en-hommage-a-al-quaraouiyine\/"]}]},{"@type":"ImageObject","inLanguage":"fr-FR","@id":"https:\/\/dpress.ma\/fr\/2022\/05\/14\/canada-universite-dottawa-pose-et-devoilement-dune-plaque-commemorative-en-hommage-a-al-quaraouiyine\/#primaryimage","url":"https:\/\/dpress.ma\/fr\/wp-content\/uploads\/sites\/2\/2022\/05\/dimensions2-Copie-Recupere-1.jpg","contentUrl":"https:\/\/dpress.ma\/fr\/wp-content\/uploads\/sites\/2\/2022\/05\/dimensions2-Copie-Recupere-1.jpg","width":2539,"height":1594},{"@type":"BreadcrumbList","@id":"https:\/\/dpress.ma\/fr\/2022\/05\/14\/canada-universite-dottawa-pose-et-devoilement-dune-plaque-commemorative-en-hommage-a-al-quaraouiyine\/#breadcrumb","itemListElement":[{"@type":"ListItem","position":1,"name":"Home","item":"https:\/\/dpress.ma\/fr\/"},{"@type":"ListItem","position":2,"name":"Canada\/Universit\u00e9 d\u2019Ottawa: Pose et d\u00e9voilement d&#8217;une plaque comm\u00e9morative en hommage \u00e0 Al Quaraouiyine"}]},{"@type":"WebSite","@id":"https:\/\/dpress.ma\/fr\/#website","url":"https:\/\/dpress.ma\/fr\/","name":"Dpress.ma\/fr","description":"","potentialAction":[{"@type":"SearchAction","target":{"@type":"EntryPoint","urlTemplate":"https:\/\/dpress.ma\/fr\/?s={search_term_string}"},"query-input":{"@type":"PropertyValueSpecification","valueRequired":true,"valueName":"search_term_string"}}],"inLanguage":"fr-FR"},{"@type":"Person","@id":"https:\/\/dpress.ma\/fr\/#\/schema\/person\/4898febf3ccd59e6578d838656a306a0","name":"Dpress.ma","image":{"@type":"ImageObject","inLanguage":"fr-FR","@id":"https:\/\/secure.gravatar.com\/avatar\/72ecc30e9db047a2e0e7176561eb9d564ed77c8108376495b19bd8336405198a?s=96&d=mm&r=g","url":"https:\/\/secure.gravatar.com\/avatar\/72ecc30e9db047a2e0e7176561eb9d564ed77c8108376495b19bd8336405198a?s=96&d=mm&r=g","contentUrl":"https:\/\/secure.gravatar.com\/avatar\/72ecc30e9db047a2e0e7176561eb9d564ed77c8108376495b19bd8336405198a?s=96&d=mm&r=g","caption":"Dpress.ma"},"sameAs":["https:\/\/www.dpress.ma"],"url":"https:\/\/dpress.ma\/fr\/author\/dpress-ma\/"}]}},"amp_enabled":true,"_links":{"self":[{"href":"https:\/\/dpress.ma\/fr\/wp-json\/wp\/v2\/posts\/1592","targetHints":{"allow":["GET"]}}],"collection":[{"href":"https:\/\/dpress.ma\/fr\/wp-json\/wp\/v2\/posts"}],"about":[{"href":"https:\/\/dpress.ma\/fr\/wp-json\/wp\/v2\/types\/post"}],"author":[{"embeddable":true,"href":"https:\/\/dpress.ma\/fr\/wp-json\/wp\/v2\/users\/2"}],"replies":[{"embeddable":true,"href":"https:\/\/dpress.ma\/fr\/wp-json\/wp\/v2\/comments?post=1592"}],"version-history":[{"count":2,"href":"https:\/\/dpress.ma\/fr\/wp-json\/wp\/v2\/posts\/1592\/revisions"}],"predecessor-version":[{"id":1596,"href":"https:\/\/dpress.ma\/fr\/wp-json\/wp\/v2\/posts\/1592\/revisions\/1596"}],"wp:featuredmedia":[{"embeddable":true,"href":"https:\/\/dpress.ma\/fr\/wp-json\/wp\/v2\/media\/1594"}],"wp:attachment":[{"href":"https:\/\/dpress.ma\/fr\/wp-json\/wp\/v2\/media?parent=1592"}],"wp:term":[{"taxonomy":"category","embeddable":true,"href":"https:\/\/dpress.ma\/fr\/wp-json\/wp\/v2\/categories?post=1592"},{"taxonomy":"post_tag","embeddable":true,"href":"https:\/\/dpress.ma\/fr\/wp-json\/wp\/v2\/tags?post=1592"}],"curies":[{"name":"wp","href":"https:\/\/api.w.org\/{rel}","templated":true}]}}