{"id":15918,"date":"2025-08-28T13:25:47","date_gmt":"2025-08-28T13:25:47","guid":{"rendered":"https:\/\/dpress.ma\/fr\/?p=15918"},"modified":"2025-08-28T13:25:48","modified_gmt":"2025-08-28T13:25:48","slug":"qualifications-mondial-2026-7e-j-groupe-e-walid-regragui-convoque-27-joueurs-pour-le-match-maroc-niger","status":"publish","type":"post","link":"https:\/\/dpress.ma\/fr\/2025\/08\/28\/qualifications-mondial-2026-7e-j-groupe-e-walid-regragui-convoque-27-joueurs-pour-le-match-maroc-niger\/","title":{"rendered":"Qualifications Mondial-2026 (7\u00e8 j\/Groupe E) : Walid Regragui convoque 27 joueurs pour le match Maroc-Niger"},"content":{"rendered":"\n<p>Dpress<\/p>\n\n\n\n<p>Le s\u00e9lectionneur national Walid Regragui a convoqu\u00e9 27 joueurs afin de prendre part au match qui mettra aux prises les s\u00e9lections marocains et nig\u00e9rienne, le 5 septembre prochain au complexe sportif Prince Moulay Abdellah \u00e0 Rabat, pour le compte de la 7\u00e8 journ\u00e9e (groupe E) des qualifications africaines de la Coupe du monde 2026.<\/p>\n\n\n\n<p>La liste des 27 joueurs retenus a \u00e9t\u00e9 rendue publique par le s\u00e9lectionneur national lors d&rsquo;une conf\u00e9rence de presse tenue jeudi au Complexe Mohammed VI de football \u00e0 Sal\u00e9.<\/p>\n\n\n\n<p><br>Ci-apr\u00e8s la liste des joueurs convoqu\u00e9s :&nbsp;<\/p>\n\n\n\n<p>&#8211; Gardiens de but : Mounir El Kajoui (Renaissance Berkane), Yassine Bounou (Al Hilal\/Arabie Saoudite), Mehdi Lahrar (Raja Casablanca)<\/p>\n\n\n\n<p>&#8211; D\u00e9fenseurs : Achraf Hakimi (Paris Saint-Germain), Omar El Hilali (RDC Espanyol\/Espagne), Souffian El Karouani (FC Utrecht-Pays-bas), Nayef Aguered (West Ham United\/Angleterre), Achraf Dari (Al Ahly\/Egypte), Adam Masina (Torino\/Italie), Jawad El Yamiq (Al-najma\/Arabie Saoudite), Mohamed Chibi (Pyramids\/Egypte), Youssef Belammari (Raja Casablanca).<\/p>\n\n\n\n<p><br>&#8211; Milieux de terrain : Azzeddine Ounahi (Olympique de Marseille\/France), Bilal El Khannous (Leicester City\/Angleterre), Ismael Saibari (PSV Eindhoven\/Pays-bas), Oussama El Azzouzi (AJ Auxerre\/France), Sofyan Amrabat (Fenerbahce\/Turquie), Neil El Ainaoui (AS Rome\/Italie), Eliesse Ben Seghir (AS Monaco\/France).<\/p>\n\n\n\n<p><br>&#8211; Attaquants : Brahim Diaz (Real Madrid), Chemsddine Talbi (Sunderland\/Angleterre), Youssef En-Nesyri (Fenerbahce\/Turquie), Hamza Igamane (Glasgow Rangers\/Ecosse), Maroan Sannadi (Athletic Bilbao\/Espagne), Ayoub El Kaabi (Olympiakos\/Gr\u00e8ce), Amine Adli (Bournemouth\/Angleterre), Ilias Akhomach (Villareal\/Espagne).<\/p>\n","protected":false},"excerpt":{"rendered":"<p>Dpress Le s\u00e9lectionneur national Walid Regragui a convoqu\u00e9 27 joueurs afin de prendre part au match qui mettra aux prises les s\u00e9lections marocains et nig\u00e9rienne, le 5 septembre prochain au complexe sportif Prince Moulay Abdellah \u00e0 Rabat, pour le compte de la 7\u00e8 journ\u00e9e (groupe E) des qualifications africaines de la Coupe du monde 2026. &hellip;<\/p>\n","protected":false},"author":2,"featured_media":5343,"comment_status":"open","ping_status":"open","sticky":false,"template":"","format":"standard","meta":{"footnotes":""},"categories":[27],"tags":[],"class_list":["post-15918","post","type-post","status-publish","format-standard","has-post-thumbnail","hentry","category-sport"],"yoast_head":"<!-- This site is optimized with the Yoast SEO plugin v27.5 - https:\/\/yoast.com\/product\/yoast-seo-wordpress\/ -->\n<title>Qualifications Mondial-2026 (7\u00e8 j\/Groupe E) : Walid Regragui convoque 27 joueurs pour le match Maroc-Niger - Dpress.ma\/fr<\/title>\n<meta name=\"robots\" content=\"index, follow, max-snippet:-1, max-image-preview:large, max-video-preview:-1\" \/>\n<link rel=\"canonical\" href=\"https:\/\/dpress.ma\/fr\/2025\/08\/28\/qualifications-mondial-2026-7e-j-groupe-e-walid-regragui-convoque-27-joueurs-pour-le-match-maroc-niger\/\" \/>\n<meta property=\"og:locale\" content=\"fr_FR\" \/>\n<meta property=\"og:type\" content=\"article\" \/>\n<meta property=\"og:title\" content=\"Qualifications Mondial-2026 (7\u00e8 j\/Groupe E) : Walid Regragui convoque 27 joueurs pour le match Maroc-Niger - Dpress.ma\/fr\" \/>\n<meta property=\"og:description\" content=\"Dpress Le s\u00e9lectionneur national Walid Regragui a convoqu\u00e9 27 joueurs afin de prendre part au match qui mettra aux prises les s\u00e9lections marocains et nig\u00e9rienne, le 5 septembre prochain au complexe sportif Prince Moulay Abdellah \u00e0 Rabat, pour le compte de la 7\u00e8 journ\u00e9e (groupe E) des qualifications africaines de la Coupe du monde 2026. &hellip;\" \/>\n<meta property=\"og:url\" content=\"https:\/\/dpress.ma\/fr\/2025\/08\/28\/qualifications-mondial-2026-7e-j-groupe-e-walid-regragui-convoque-27-joueurs-pour-le-match-maroc-niger\/\" \/>\n<meta property=\"og:site_name\" content=\"Dpress.ma\/fr\" \/>\n<meta property=\"article:published_time\" content=\"2025-08-28T13:25:47+00:00\" \/>\n<meta property=\"article:modified_time\" content=\"2025-08-28T13:25:48+00:00\" \/>\n<meta property=\"og:image\" content=\"https:\/\/dpress.ma\/fr\/wp-content\/uploads\/sites\/2\/2023\/08\/walid-1.jpg\" \/>\n\t<meta property=\"og:image:width\" content=\"2539\" \/>\n\t<meta property=\"og:image:height\" content=\"1594\" \/>\n\t<meta property=\"og:image:type\" content=\"image\/jpeg\" \/>\n<meta name=\"author\" content=\"Dpress.ma\" \/>\n<meta name=\"twitter:card\" content=\"summary_large_image\" \/>\n<meta name=\"twitter:label1\" content=\"\u00c9crit par\" \/>\n\t<meta name=\"twitter:data1\" content=\"Dpress.ma\" \/>\n\t<meta name=\"twitter:label2\" content=\"Dur\u00e9e de lecture estim\u00e9e\" \/>\n\t<meta name=\"twitter:data2\" content=\"2 minutes\" \/>\n<script type=\"application\/ld+json\" class=\"yoast-schema-graph\">{\"@context\":\"https:\\\/\\\/schema.org\",\"@graph\":[{\"@type\":\"Article\",\"@id\":\"https:\\\/\\\/dpress.ma\\\/fr\\\/2025\\\/08\\\/28\\\/qualifications-mondial-2026-7e-j-groupe-e-walid-regragui-convoque-27-joueurs-pour-le-match-maroc-niger\\\/#article\",\"isPartOf\":{\"@id\":\"https:\\\/\\\/dpress.ma\\\/fr\\\/2025\\\/08\\\/28\\\/qualifications-mondial-2026-7e-j-groupe-e-walid-regragui-convoque-27-joueurs-pour-le-match-maroc-niger\\\/\"},\"author\":{\"name\":\"Dpress.ma\",\"@id\":\"https:\\\/\\\/dpress.ma\\\/fr\\\/#\\\/schema\\\/person\\\/4898febf3ccd59e6578d838656a306a0\"},\"headline\":\"Qualifications Mondial-2026 (7\u00e8 j\\\/Groupe E) : Walid Regragui convoque 27 joueurs pour le match Maroc-Niger\",\"datePublished\":\"2025-08-28T13:25:47+00:00\",\"dateModified\":\"2025-08-28T13:25:48+00:00\",\"mainEntityOfPage\":{\"@id\":\"https:\\\/\\\/dpress.ma\\\/fr\\\/2025\\\/08\\\/28\\\/qualifications-mondial-2026-7e-j-groupe-e-walid-regragui-convoque-27-joueurs-pour-le-match-maroc-niger\\\/\"},\"wordCount\":252,\"commentCount\":0,\"image\":{\"@id\":\"https:\\\/\\\/dpress.ma\\\/fr\\\/2025\\\/08\\\/28\\\/qualifications-mondial-2026-7e-j-groupe-e-walid-regragui-convoque-27-joueurs-pour-le-match-maroc-niger\\\/#primaryimage\"},\"thumbnailUrl\":\"https:\\\/\\\/dpress.ma\\\/fr\\\/wp-content\\\/uploads\\\/sites\\\/2\\\/2023\\\/08\\\/walid-1.jpg\",\"articleSection\":[\"Sport\"],\"inLanguage\":\"fr-FR\",\"potentialAction\":[{\"@type\":\"CommentAction\",\"name\":\"Comment\",\"target\":[\"https:\\\/\\\/dpress.ma\\\/fr\\\/2025\\\/08\\\/28\\\/qualifications-mondial-2026-7e-j-groupe-e-walid-regragui-convoque-27-joueurs-pour-le-match-maroc-niger\\\/#respond\"]}]},{\"@type\":\"WebPage\",\"@id\":\"https:\\\/\\\/dpress.ma\\\/fr\\\/2025\\\/08\\\/28\\\/qualifications-mondial-2026-7e-j-groupe-e-walid-regragui-convoque-27-joueurs-pour-le-match-maroc-niger\\\/\",\"url\":\"https:\\\/\\\/dpress.ma\\\/fr\\\/2025\\\/08\\\/28\\\/qualifications-mondial-2026-7e-j-groupe-e-walid-regragui-convoque-27-joueurs-pour-le-match-maroc-niger\\\/\",\"name\":\"Qualifications Mondial-2026 (7\u00e8 j\\\/Groupe E) : Walid Regragui convoque 27 joueurs pour le match Maroc-Niger - Dpress.ma\\\/fr\",\"isPartOf\":{\"@id\":\"https:\\\/\\\/dpress.ma\\\/fr\\\/#website\"},\"primaryImageOfPage\":{\"@id\":\"https:\\\/\\\/dpress.ma\\\/fr\\\/2025\\\/08\\\/28\\\/qualifications-mondial-2026-7e-j-groupe-e-walid-regragui-convoque-27-joueurs-pour-le-match-maroc-niger\\\/#primaryimage\"},\"image\":{\"@id\":\"https:\\\/\\\/dpress.ma\\\/fr\\\/2025\\\/08\\\/28\\\/qualifications-mondial-2026-7e-j-groupe-e-walid-regragui-convoque-27-joueurs-pour-le-match-maroc-niger\\\/#primaryimage\"},\"thumbnailUrl\":\"https:\\\/\\\/dpress.ma\\\/fr\\\/wp-content\\\/uploads\\\/sites\\\/2\\\/2023\\\/08\\\/walid-1.jpg\",\"datePublished\":\"2025-08-28T13:25:47+00:00\",\"dateModified\":\"2025-08-28T13:25:48+00:00\",\"author\":{\"@id\":\"https:\\\/\\\/dpress.ma\\\/fr\\\/#\\\/schema\\\/person\\\/4898febf3ccd59e6578d838656a306a0\"},\"breadcrumb\":{\"@id\":\"https:\\\/\\\/dpress.ma\\\/fr\\\/2025\\\/08\\\/28\\\/qualifications-mondial-2026-7e-j-groupe-e-walid-regragui-convoque-27-joueurs-pour-le-match-maroc-niger\\\/#breadcrumb\"},\"inLanguage\":\"fr-FR\",\"potentialAction\":[{\"@type\":\"ReadAction\",\"target\":[\"https:\\\/\\\/dpress.ma\\\/fr\\\/2025\\\/08\\\/28\\\/qualifications-mondial-2026-7e-j-groupe-e-walid-regragui-convoque-27-joueurs-pour-le-match-maroc-niger\\\/\"]}]},{\"@type\":\"ImageObject\",\"inLanguage\":\"fr-FR\",\"@id\":\"https:\\\/\\\/dpress.ma\\\/fr\\\/2025\\\/08\\\/28\\\/qualifications-mondial-2026-7e-j-groupe-e-walid-regragui-convoque-27-joueurs-pour-le-match-maroc-niger\\\/#primaryimage\",\"url\":\"https:\\\/\\\/dpress.ma\\\/fr\\\/wp-content\\\/uploads\\\/sites\\\/2\\\/2023\\\/08\\\/walid-1.jpg\",\"contentUrl\":\"https:\\\/\\\/dpress.ma\\\/fr\\\/wp-content\\\/uploads\\\/sites\\\/2\\\/2023\\\/08\\\/walid-1.jpg\",\"width\":2539,\"height\":1594},{\"@type\":\"BreadcrumbList\",\"@id\":\"https:\\\/\\\/dpress.ma\\\/fr\\\/2025\\\/08\\\/28\\\/qualifications-mondial-2026-7e-j-groupe-e-walid-regragui-convoque-27-joueurs-pour-le-match-maroc-niger\\\/#breadcrumb\",\"itemListElement\":[{\"@type\":\"ListItem\",\"position\":1,\"name\":\"Home\",\"item\":\"https:\\\/\\\/dpress.ma\\\/fr\\\/\"},{\"@type\":\"ListItem\",\"position\":2,\"name\":\"Qualifications Mondial-2026 (7\u00e8 j\\\/Groupe E) : Walid Regragui convoque 27 joueurs pour le match Maroc-Niger\"}]},{\"@type\":\"WebSite\",\"@id\":\"https:\\\/\\\/dpress.ma\\\/fr\\\/#website\",\"url\":\"https:\\\/\\\/dpress.ma\\\/fr\\\/\",\"name\":\"Dpress.ma\\\/fr\",\"description\":\"\",\"potentialAction\":[{\"@type\":\"SearchAction\",\"target\":{\"@type\":\"EntryPoint\",\"urlTemplate\":\"https:\\\/\\\/dpress.ma\\\/fr\\\/?s={search_term_string}\"},\"query-input\":{\"@type\":\"PropertyValueSpecification\",\"valueRequired\":true,\"valueName\":\"search_term_string\"}}],\"inLanguage\":\"fr-FR\"},{\"@type\":\"Person\",\"@id\":\"https:\\\/\\\/dpress.ma\\\/fr\\\/#\\\/schema\\\/person\\\/4898febf3ccd59e6578d838656a306a0\",\"name\":\"Dpress.ma\",\"image\":{\"@type\":\"ImageObject\",\"inLanguage\":\"fr-FR\",\"@id\":\"https:\\\/\\\/secure.gravatar.com\\\/avatar\\\/72ecc30e9db047a2e0e7176561eb9d564ed77c8108376495b19bd8336405198a?s=96&d=mm&r=g\",\"url\":\"https:\\\/\\\/secure.gravatar.com\\\/avatar\\\/72ecc30e9db047a2e0e7176561eb9d564ed77c8108376495b19bd8336405198a?s=96&d=mm&r=g\",\"contentUrl\":\"https:\\\/\\\/secure.gravatar.com\\\/avatar\\\/72ecc30e9db047a2e0e7176561eb9d564ed77c8108376495b19bd8336405198a?s=96&d=mm&r=g\",\"caption\":\"Dpress.ma\"},\"sameAs\":[\"https:\\\/\\\/www.dpress.ma\"],\"url\":\"https:\\\/\\\/dpress.ma\\\/fr\\\/author\\\/dpress-ma\\\/\"}]}<\/script>\n<!-- \/ Yoast SEO plugin. -->","yoast_head_json":{"title":"Qualifications Mondial-2026 (7\u00e8 j\/Groupe E) : Walid Regragui convoque 27 joueurs pour le match Maroc-Niger - Dpress.ma\/fr","robots":{"index":"index","follow":"follow","max-snippet":"max-snippet:-1","max-image-preview":"max-image-preview:large","max-video-preview":"max-video-preview:-1"},"canonical":"https:\/\/dpress.ma\/fr\/2025\/08\/28\/qualifications-mondial-2026-7e-j-groupe-e-walid-regragui-convoque-27-joueurs-pour-le-match-maroc-niger\/","og_locale":"fr_FR","og_type":"article","og_title":"Qualifications Mondial-2026 (7\u00e8 j\/Groupe E) : Walid Regragui convoque 27 joueurs pour le match Maroc-Niger - Dpress.ma\/fr","og_description":"Dpress Le s\u00e9lectionneur national Walid Regragui a convoqu\u00e9 27 joueurs afin de prendre part au match qui mettra aux prises les s\u00e9lections marocains et nig\u00e9rienne, le 5 septembre prochain au complexe sportif Prince Moulay Abdellah \u00e0 Rabat, pour le compte de la 7\u00e8 journ\u00e9e (groupe E) des qualifications africaines de la Coupe du monde 2026. &hellip;","og_url":"https:\/\/dpress.ma\/fr\/2025\/08\/28\/qualifications-mondial-2026-7e-j-groupe-e-walid-regragui-convoque-27-joueurs-pour-le-match-maroc-niger\/","og_site_name":"Dpress.ma\/fr","article_published_time":"2025-08-28T13:25:47+00:00","article_modified_time":"2025-08-28T13:25:48+00:00","og_image":[{"width":2539,"height":1594,"url":"https:\/\/dpress.ma\/fr\/wp-content\/uploads\/sites\/2\/2023\/08\/walid-1.jpg","type":"image\/jpeg"}],"author":"Dpress.ma","twitter_card":"summary_large_image","twitter_misc":{"\u00c9crit par":"Dpress.ma","Dur\u00e9e de lecture estim\u00e9e":"2 minutes"},"schema":{"@context":"https:\/\/schema.org","@graph":[{"@type":"Article","@id":"https:\/\/dpress.ma\/fr\/2025\/08\/28\/qualifications-mondial-2026-7e-j-groupe-e-walid-regragui-convoque-27-joueurs-pour-le-match-maroc-niger\/#article","isPartOf":{"@id":"https:\/\/dpress.ma\/fr\/2025\/08\/28\/qualifications-mondial-2026-7e-j-groupe-e-walid-regragui-convoque-27-joueurs-pour-le-match-maroc-niger\/"},"author":{"name":"Dpress.ma","@id":"https:\/\/dpress.ma\/fr\/#\/schema\/person\/4898febf3ccd59e6578d838656a306a0"},"headline":"Qualifications Mondial-2026 (7\u00e8 j\/Groupe E) : Walid Regragui convoque 27 joueurs pour le match Maroc-Niger","datePublished":"2025-08-28T13:25:47+00:00","dateModified":"2025-08-28T13:25:48+00:00","mainEntityOfPage":{"@id":"https:\/\/dpress.ma\/fr\/2025\/08\/28\/qualifications-mondial-2026-7e-j-groupe-e-walid-regragui-convoque-27-joueurs-pour-le-match-maroc-niger\/"},"wordCount":252,"commentCount":0,"image":{"@id":"https:\/\/dpress.ma\/fr\/2025\/08\/28\/qualifications-mondial-2026-7e-j-groupe-e-walid-regragui-convoque-27-joueurs-pour-le-match-maroc-niger\/#primaryimage"},"thumbnailUrl":"https:\/\/dpress.ma\/fr\/wp-content\/uploads\/sites\/2\/2023\/08\/walid-1.jpg","articleSection":["Sport"],"inLanguage":"fr-FR","potentialAction":[{"@type":"CommentAction","name":"Comment","target":["https:\/\/dpress.ma\/fr\/2025\/08\/28\/qualifications-mondial-2026-7e-j-groupe-e-walid-regragui-convoque-27-joueurs-pour-le-match-maroc-niger\/#respond"]}]},{"@type":"WebPage","@id":"https:\/\/dpress.ma\/fr\/2025\/08\/28\/qualifications-mondial-2026-7e-j-groupe-e-walid-regragui-convoque-27-joueurs-pour-le-match-maroc-niger\/","url":"https:\/\/dpress.ma\/fr\/2025\/08\/28\/qualifications-mondial-2026-7e-j-groupe-e-walid-regragui-convoque-27-joueurs-pour-le-match-maroc-niger\/","name":"Qualifications Mondial-2026 (7\u00e8 j\/Groupe E) : Walid Regragui convoque 27 joueurs pour le match Maroc-Niger - Dpress.ma\/fr","isPartOf":{"@id":"https:\/\/dpress.ma\/fr\/#website"},"primaryImageOfPage":{"@id":"https:\/\/dpress.ma\/fr\/2025\/08\/28\/qualifications-mondial-2026-7e-j-groupe-e-walid-regragui-convoque-27-joueurs-pour-le-match-maroc-niger\/#primaryimage"},"image":{"@id":"https:\/\/dpress.ma\/fr\/2025\/08\/28\/qualifications-mondial-2026-7e-j-groupe-e-walid-regragui-convoque-27-joueurs-pour-le-match-maroc-niger\/#primaryimage"},"thumbnailUrl":"https:\/\/dpress.ma\/fr\/wp-content\/uploads\/sites\/2\/2023\/08\/walid-1.jpg","datePublished":"2025-08-28T13:25:47+00:00","dateModified":"2025-08-28T13:25:48+00:00","author":{"@id":"https:\/\/dpress.ma\/fr\/#\/schema\/person\/4898febf3ccd59e6578d838656a306a0"},"breadcrumb":{"@id":"https:\/\/dpress.ma\/fr\/2025\/08\/28\/qualifications-mondial-2026-7e-j-groupe-e-walid-regragui-convoque-27-joueurs-pour-le-match-maroc-niger\/#breadcrumb"},"inLanguage":"fr-FR","potentialAction":[{"@type":"ReadAction","target":["https:\/\/dpress.ma\/fr\/2025\/08\/28\/qualifications-mondial-2026-7e-j-groupe-e-walid-regragui-convoque-27-joueurs-pour-le-match-maroc-niger\/"]}]},{"@type":"ImageObject","inLanguage":"fr-FR","@id":"https:\/\/dpress.ma\/fr\/2025\/08\/28\/qualifications-mondial-2026-7e-j-groupe-e-walid-regragui-convoque-27-joueurs-pour-le-match-maroc-niger\/#primaryimage","url":"https:\/\/dpress.ma\/fr\/wp-content\/uploads\/sites\/2\/2023\/08\/walid-1.jpg","contentUrl":"https:\/\/dpress.ma\/fr\/wp-content\/uploads\/sites\/2\/2023\/08\/walid-1.jpg","width":2539,"height":1594},{"@type":"BreadcrumbList","@id":"https:\/\/dpress.ma\/fr\/2025\/08\/28\/qualifications-mondial-2026-7e-j-groupe-e-walid-regragui-convoque-27-joueurs-pour-le-match-maroc-niger\/#breadcrumb","itemListElement":[{"@type":"ListItem","position":1,"name":"Home","item":"https:\/\/dpress.ma\/fr\/"},{"@type":"ListItem","position":2,"name":"Qualifications Mondial-2026 (7\u00e8 j\/Groupe E) : Walid Regragui convoque 27 joueurs pour le match Maroc-Niger"}]},{"@type":"WebSite","@id":"https:\/\/dpress.ma\/fr\/#website","url":"https:\/\/dpress.ma\/fr\/","name":"Dpress.ma\/fr","description":"","potentialAction":[{"@type":"SearchAction","target":{"@type":"EntryPoint","urlTemplate":"https:\/\/dpress.ma\/fr\/?s={search_term_string}"},"query-input":{"@type":"PropertyValueSpecification","valueRequired":true,"valueName":"search_term_string"}}],"inLanguage":"fr-FR"},{"@type":"Person","@id":"https:\/\/dpress.ma\/fr\/#\/schema\/person\/4898febf3ccd59e6578d838656a306a0","name":"Dpress.ma","image":{"@type":"ImageObject","inLanguage":"fr-FR","@id":"https:\/\/secure.gravatar.com\/avatar\/72ecc30e9db047a2e0e7176561eb9d564ed77c8108376495b19bd8336405198a?s=96&d=mm&r=g","url":"https:\/\/secure.gravatar.com\/avatar\/72ecc30e9db047a2e0e7176561eb9d564ed77c8108376495b19bd8336405198a?s=96&d=mm&r=g","contentUrl":"https:\/\/secure.gravatar.com\/avatar\/72ecc30e9db047a2e0e7176561eb9d564ed77c8108376495b19bd8336405198a?s=96&d=mm&r=g","caption":"Dpress.ma"},"sameAs":["https:\/\/www.dpress.ma"],"url":"https:\/\/dpress.ma\/fr\/author\/dpress-ma\/"}]}},"amp_enabled":true,"_links":{"self":[{"href":"https:\/\/dpress.ma\/fr\/wp-json\/wp\/v2\/posts\/15918","targetHints":{"allow":["GET"]}}],"collection":[{"href":"https:\/\/dpress.ma\/fr\/wp-json\/wp\/v2\/posts"}],"about":[{"href":"https:\/\/dpress.ma\/fr\/wp-json\/wp\/v2\/types\/post"}],"author":[{"embeddable":true,"href":"https:\/\/dpress.ma\/fr\/wp-json\/wp\/v2\/users\/2"}],"replies":[{"embeddable":true,"href":"https:\/\/dpress.ma\/fr\/wp-json\/wp\/v2\/comments?post=15918"}],"version-history":[{"count":1,"href":"https:\/\/dpress.ma\/fr\/wp-json\/wp\/v2\/posts\/15918\/revisions"}],"predecessor-version":[{"id":15919,"href":"https:\/\/dpress.ma\/fr\/wp-json\/wp\/v2\/posts\/15918\/revisions\/15919"}],"wp:featuredmedia":[{"embeddable":true,"href":"https:\/\/dpress.ma\/fr\/wp-json\/wp\/v2\/media\/5343"}],"wp:attachment":[{"href":"https:\/\/dpress.ma\/fr\/wp-json\/wp\/v2\/media?parent=15918"}],"wp:term":[{"taxonomy":"category","embeddable":true,"href":"https:\/\/dpress.ma\/fr\/wp-json\/wp\/v2\/categories?post=15918"},{"taxonomy":"post_tag","embeddable":true,"href":"https:\/\/dpress.ma\/fr\/wp-json\/wp\/v2\/tags?post=15918"}],"curies":[{"name":"wp","href":"https:\/\/api.w.org\/{rel}","templated":true}]}}