{"id":15916,"date":"2025-08-28T13:23:28","date_gmt":"2025-08-28T13:23:28","guid":{"rendered":"https:\/\/dpress.ma\/fr\/?p=15916"},"modified":"2025-08-28T13:23:29","modified_gmt":"2025-08-28T13:23:29","slug":"royal-air-maroc-transporteur-officiel-de-la-biennale-de-sao-paulo","status":"publish","type":"post","link":"https:\/\/dpress.ma\/fr\/2025\/08\/28\/royal-air-maroc-transporteur-officiel-de-la-biennale-de-sao-paulo\/","title":{"rendered":"Royal Air Maroc, transporteur officiel de la Biennale de Sao Paulo"},"content":{"rendered":"\n<p>Dpress<\/p>\n\n\n\n<p>La compagnie nationale Royal Air Maroc (RAM) sera le transporteur officiel de la 36\u00e8me Biennale de Sao Paulo, principal \u00e9v\u00e9nement d&rsquo;art contemporain en Am\u00e9rique latine qui se tiendra du 6 septembre 2025 au 11 janvier 2026.<\/p>\n\n\n\n<p>Un communiqu\u00e9 de la repr\u00e9sentation de la RAM au Br\u00e9sil indique que ce partenariat in\u00e9dit positionne la compagnie a\u00e9rienne marocaine comme un lien logistique et culturel entre l&rsquo;Afrique, le Br\u00e9sil et les autres pays du Sud.<\/p>\n\n\n\n<p>La m\u00eame source ajoute que la RAM, qui a repris ses activit\u00e9s au Br\u00e9sil il y a huit mois, sera charg\u00e9e du transport des artistes et des \u0153uvres participant \u00e0 l&rsquo;exposition, facilitant ainsi la logistique de cet \u00e9v\u00e9nement.&nbsp;<\/p>\n\n\n\n<p>Ce partenariat est \u00e0 la fois op\u00e9rationnel et strat\u00e9gique, poursuit-on : l\u2019\u00e9dition 2025, qui se tient sous le slogan \u00ab Tous les voyageurs ne parcourent pas les routes \u2013 De l\u2019humanit\u00e9 comme pratique \u00bb, rassemble des artistes de divers horizons et offre une perspective internationale mettant en valeur les pays du Sud, avec une pr\u00e9sence significative d\u2019artistes de renomm\u00e9e mondiale originaires d\u2019Afrique, d\u2019Am\u00e9rique latine et d\u2019Asie.<\/p>\n\n\n\n<p>Le transport des \u0153uvres n\u00e9cessite une infrastructure et une expertise logistique robustes, ainsi qu\u2019un r\u00e9seau a\u00e9rien int\u00e9gr\u00e9 pour acheminer au Br\u00e9sil des \u0153uvres et des artistes de diff\u00e9rentes r\u00e9gions, y compris celles ayant peu ou pas de liaison directe avec le Br\u00e9sil.&nbsp;<\/p>\n\n\n\n<p>C\u2019est gr\u00e2ce \u00e0 cette connectivit\u00e9 transcontinentale que Royal Air Maroc se distingue. Avec des vols r\u00e9guliers entre Sao Paulo et Casablanca, la compagnie a\u00e9rienne dessert plus de 90 destinations en Afrique, en Europe, en Asie et en Am\u00e9rique du Nord, rappelle le communiqu\u00e9.&nbsp;<\/p>\n\n\n\n<p>Certains participants africains \u00e0 la Biennale arriveront \u00e0 Sao Paulo par cette liaison, via le hub de Casablanca, une alternative efficace pour faciliter le transport international de l\u2019exposition.&nbsp;<\/p>\n\n\n\n<p>\u00ab \u00catre le transporteur officiel de la Biennale de Sao Paulo t\u00e9moigne de la volont\u00e9 \u00bb de tisser des liens entre le Br\u00e9sil, le Maroc et le reste du monde, a affirm\u00e9 Othman Baba, directeur r\u00e9gional de la RAM pour l&rsquo;Am\u00e9rique du Sud.<\/p>\n\n\n\n<p>Il a fait remarquer que \u00ab l&rsquo;art a le pouvoir de cr\u00e9er des ponts entre les territoires et les peuples, et nous sommes l\u00e0 pour faciliter ces rencontres. Le Br\u00e9sil est strat\u00e9gique pour notre compagnie, et ce partenariat repr\u00e9sente une \u00e9tape importante dans notre d\u00e9marche d&rsquo;int\u00e9gration Sud-Sud, en tant que compagnie a\u00e9rienne transnationale \u00bb, a-t-il ajout\u00e9.<\/p>\n\n\n\n<p>Le parrainage de la Biennale s&rsquo;inscrit dans le cadre des activit\u00e9s institutionnelles de la RAM, qui soutient depuis des ann\u00e9es des festivals de cin\u00e9ma, de musique et d&rsquo;art contemporain dans le cadre d&rsquo;une strat\u00e9gie de soft power et de rapprochement entre les cultures du Sud.&nbsp;<\/p>\n\n\n\n<p>A ce propos, Othman Baba a soulign\u00e9 que \u00ab le Maroc est un pays multiculturel avec une infinie diversit\u00e9 d&rsquo;artistes. Et, comme nous, le Br\u00e9sil a de fortes racines africaines. Faire venir des talents du Ghana, du S\u00e9n\u00e9gal, de la C\u00f4te d&rsquo;Ivoire et de tant d&rsquo;autres pays, reconnus mondialement et consid\u00e9r\u00e9s comme brillants par les commissaires de la Biennale de Sao Paulo, est une opportunit\u00e9 concr\u00e8te de mettre en pratique la coop\u00e9ration Sud-Sud \u00bb.<\/p>\n\n\n\n<p>Pour sa part, Andrea Pinheiro, pr\u00e9sidente de la Fondation de la Biennale de Sao Paulo, a affirm\u00e9 que ce rendez-vous culturel \u00ab est l&rsquo;une des plus grandes expositions internationales au monde, r\u00e9unissant, dans la ville de Sao Paulo, plus d&rsquo;un millier d&rsquo;\u0153uvres de centaines d&rsquo;artistes issus des territoires les plus divers. Le partenariat avec Royal Air Maroc raccourcit les distances et ouvre la voie \u00e0 un mod\u00e8le de collaboration plus horizontal entre les pays du Sud \u00bb, a-t-elle conclu.<\/p>\n","protected":false},"excerpt":{"rendered":"<p>Dpress La compagnie nationale Royal Air Maroc (RAM) sera le transporteur officiel de la 36\u00e8me Biennale de Sao Paulo, principal \u00e9v\u00e9nement d&rsquo;art contemporain en Am\u00e9rique latine qui se tiendra du 6 septembre 2025 au 11 janvier 2026. Un communiqu\u00e9 de la repr\u00e9sentation de la RAM au Br\u00e9sil indique que ce partenariat in\u00e9dit positionne la compagnie &hellip;<\/p>\n","protected":false},"author":2,"featured_media":5000,"comment_status":"open","ping_status":"open","sticky":false,"template":"","format":"standard","meta":{"footnotes":""},"categories":[25],"tags":[],"class_list":["post-15916","post","type-post","status-publish","format-standard","has-post-thumbnail","hentry","category-economie"],"yoast_head":"<!-- This site is optimized with the Yoast SEO plugin v27.5 - https:\/\/yoast.com\/product\/yoast-seo-wordpress\/ -->\n<title>Royal Air Maroc, transporteur officiel de la Biennale de Sao Paulo - Dpress.ma\/fr<\/title>\n<meta name=\"robots\" content=\"index, follow, max-snippet:-1, max-image-preview:large, max-video-preview:-1\" \/>\n<link rel=\"canonical\" href=\"https:\/\/dpress.ma\/fr\/2025\/08\/28\/royal-air-maroc-transporteur-officiel-de-la-biennale-de-sao-paulo\/\" \/>\n<meta property=\"og:locale\" content=\"fr_FR\" \/>\n<meta property=\"og:type\" content=\"article\" \/>\n<meta property=\"og:title\" content=\"Royal Air Maroc, transporteur officiel de la Biennale de Sao Paulo - Dpress.ma\/fr\" \/>\n<meta property=\"og:description\" content=\"Dpress La compagnie nationale Royal Air Maroc (RAM) sera le transporteur officiel de la 36\u00e8me Biennale de Sao Paulo, principal \u00e9v\u00e9nement d&rsquo;art contemporain en Am\u00e9rique latine qui se tiendra du 6 septembre 2025 au 11 janvier 2026. Un communiqu\u00e9 de la repr\u00e9sentation de la RAM au Br\u00e9sil indique que ce partenariat in\u00e9dit positionne la compagnie &hellip;\" \/>\n<meta property=\"og:url\" content=\"https:\/\/dpress.ma\/fr\/2025\/08\/28\/royal-air-maroc-transporteur-officiel-de-la-biennale-de-sao-paulo\/\" \/>\n<meta property=\"og:site_name\" content=\"Dpress.ma\/fr\" \/>\n<meta property=\"article:published_time\" content=\"2025-08-28T13:23:28+00:00\" \/>\n<meta property=\"article:modified_time\" content=\"2025-08-28T13:23:29+00:00\" \/>\n<meta property=\"og:image\" content=\"https:\/\/dpress.ma\/fr\/wp-content\/uploads\/sites\/2\/2023\/07\/la-ram.jpg\" \/>\n\t<meta property=\"og:image:width\" content=\"2539\" \/>\n\t<meta property=\"og:image:height\" content=\"1594\" \/>\n\t<meta property=\"og:image:type\" content=\"image\/jpeg\" \/>\n<meta name=\"author\" content=\"Dpress.ma\" \/>\n<meta name=\"twitter:card\" content=\"summary_large_image\" \/>\n<meta name=\"twitter:label1\" content=\"\u00c9crit par\" \/>\n\t<meta name=\"twitter:data1\" content=\"Dpress.ma\" \/>\n\t<meta name=\"twitter:label2\" content=\"Dur\u00e9e de lecture estim\u00e9e\" \/>\n\t<meta name=\"twitter:data2\" content=\"4 minutes\" \/>\n<script type=\"application\/ld+json\" class=\"yoast-schema-graph\">{\"@context\":\"https:\\\/\\\/schema.org\",\"@graph\":[{\"@type\":\"Article\",\"@id\":\"https:\\\/\\\/dpress.ma\\\/fr\\\/2025\\\/08\\\/28\\\/royal-air-maroc-transporteur-officiel-de-la-biennale-de-sao-paulo\\\/#article\",\"isPartOf\":{\"@id\":\"https:\\\/\\\/dpress.ma\\\/fr\\\/2025\\\/08\\\/28\\\/royal-air-maroc-transporteur-officiel-de-la-biennale-de-sao-paulo\\\/\"},\"author\":{\"name\":\"Dpress.ma\",\"@id\":\"https:\\\/\\\/dpress.ma\\\/fr\\\/#\\\/schema\\\/person\\\/4898febf3ccd59e6578d838656a306a0\"},\"headline\":\"Royal Air Maroc, transporteur officiel de la Biennale de Sao Paulo\",\"datePublished\":\"2025-08-28T13:23:28+00:00\",\"dateModified\":\"2025-08-28T13:23:29+00:00\",\"mainEntityOfPage\":{\"@id\":\"https:\\\/\\\/dpress.ma\\\/fr\\\/2025\\\/08\\\/28\\\/royal-air-maroc-transporteur-officiel-de-la-biennale-de-sao-paulo\\\/\"},\"wordCount\":644,\"commentCount\":0,\"image\":{\"@id\":\"https:\\\/\\\/dpress.ma\\\/fr\\\/2025\\\/08\\\/28\\\/royal-air-maroc-transporteur-officiel-de-la-biennale-de-sao-paulo\\\/#primaryimage\"},\"thumbnailUrl\":\"https:\\\/\\\/dpress.ma\\\/fr\\\/wp-content\\\/uploads\\\/sites\\\/2\\\/2023\\\/07\\\/la-ram.jpg\",\"articleSection\":[\"\u00c9conomie\"],\"inLanguage\":\"fr-FR\",\"potentialAction\":[{\"@type\":\"CommentAction\",\"name\":\"Comment\",\"target\":[\"https:\\\/\\\/dpress.ma\\\/fr\\\/2025\\\/08\\\/28\\\/royal-air-maroc-transporteur-officiel-de-la-biennale-de-sao-paulo\\\/#respond\"]}]},{\"@type\":\"WebPage\",\"@id\":\"https:\\\/\\\/dpress.ma\\\/fr\\\/2025\\\/08\\\/28\\\/royal-air-maroc-transporteur-officiel-de-la-biennale-de-sao-paulo\\\/\",\"url\":\"https:\\\/\\\/dpress.ma\\\/fr\\\/2025\\\/08\\\/28\\\/royal-air-maroc-transporteur-officiel-de-la-biennale-de-sao-paulo\\\/\",\"name\":\"Royal Air Maroc, transporteur officiel de la Biennale de Sao Paulo - Dpress.ma\\\/fr\",\"isPartOf\":{\"@id\":\"https:\\\/\\\/dpress.ma\\\/fr\\\/#website\"},\"primaryImageOfPage\":{\"@id\":\"https:\\\/\\\/dpress.ma\\\/fr\\\/2025\\\/08\\\/28\\\/royal-air-maroc-transporteur-officiel-de-la-biennale-de-sao-paulo\\\/#primaryimage\"},\"image\":{\"@id\":\"https:\\\/\\\/dpress.ma\\\/fr\\\/2025\\\/08\\\/28\\\/royal-air-maroc-transporteur-officiel-de-la-biennale-de-sao-paulo\\\/#primaryimage\"},\"thumbnailUrl\":\"https:\\\/\\\/dpress.ma\\\/fr\\\/wp-content\\\/uploads\\\/sites\\\/2\\\/2023\\\/07\\\/la-ram.jpg\",\"datePublished\":\"2025-08-28T13:23:28+00:00\",\"dateModified\":\"2025-08-28T13:23:29+00:00\",\"author\":{\"@id\":\"https:\\\/\\\/dpress.ma\\\/fr\\\/#\\\/schema\\\/person\\\/4898febf3ccd59e6578d838656a306a0\"},\"breadcrumb\":{\"@id\":\"https:\\\/\\\/dpress.ma\\\/fr\\\/2025\\\/08\\\/28\\\/royal-air-maroc-transporteur-officiel-de-la-biennale-de-sao-paulo\\\/#breadcrumb\"},\"inLanguage\":\"fr-FR\",\"potentialAction\":[{\"@type\":\"ReadAction\",\"target\":[\"https:\\\/\\\/dpress.ma\\\/fr\\\/2025\\\/08\\\/28\\\/royal-air-maroc-transporteur-officiel-de-la-biennale-de-sao-paulo\\\/\"]}]},{\"@type\":\"ImageObject\",\"inLanguage\":\"fr-FR\",\"@id\":\"https:\\\/\\\/dpress.ma\\\/fr\\\/2025\\\/08\\\/28\\\/royal-air-maroc-transporteur-officiel-de-la-biennale-de-sao-paulo\\\/#primaryimage\",\"url\":\"https:\\\/\\\/dpress.ma\\\/fr\\\/wp-content\\\/uploads\\\/sites\\\/2\\\/2023\\\/07\\\/la-ram.jpg\",\"contentUrl\":\"https:\\\/\\\/dpress.ma\\\/fr\\\/wp-content\\\/uploads\\\/sites\\\/2\\\/2023\\\/07\\\/la-ram.jpg\",\"width\":2539,\"height\":1594},{\"@type\":\"BreadcrumbList\",\"@id\":\"https:\\\/\\\/dpress.ma\\\/fr\\\/2025\\\/08\\\/28\\\/royal-air-maroc-transporteur-officiel-de-la-biennale-de-sao-paulo\\\/#breadcrumb\",\"itemListElement\":[{\"@type\":\"ListItem\",\"position\":1,\"name\":\"Home\",\"item\":\"https:\\\/\\\/dpress.ma\\\/fr\\\/\"},{\"@type\":\"ListItem\",\"position\":2,\"name\":\"Royal Air Maroc, transporteur officiel de la Biennale de Sao Paulo\"}]},{\"@type\":\"WebSite\",\"@id\":\"https:\\\/\\\/dpress.ma\\\/fr\\\/#website\",\"url\":\"https:\\\/\\\/dpress.ma\\\/fr\\\/\",\"name\":\"Dpress.ma\\\/fr\",\"description\":\"\",\"potentialAction\":[{\"@type\":\"SearchAction\",\"target\":{\"@type\":\"EntryPoint\",\"urlTemplate\":\"https:\\\/\\\/dpress.ma\\\/fr\\\/?s={search_term_string}\"},\"query-input\":{\"@type\":\"PropertyValueSpecification\",\"valueRequired\":true,\"valueName\":\"search_term_string\"}}],\"inLanguage\":\"fr-FR\"},{\"@type\":\"Person\",\"@id\":\"https:\\\/\\\/dpress.ma\\\/fr\\\/#\\\/schema\\\/person\\\/4898febf3ccd59e6578d838656a306a0\",\"name\":\"Dpress.ma\",\"image\":{\"@type\":\"ImageObject\",\"inLanguage\":\"fr-FR\",\"@id\":\"https:\\\/\\\/secure.gravatar.com\\\/avatar\\\/72ecc30e9db047a2e0e7176561eb9d564ed77c8108376495b19bd8336405198a?s=96&d=mm&r=g\",\"url\":\"https:\\\/\\\/secure.gravatar.com\\\/avatar\\\/72ecc30e9db047a2e0e7176561eb9d564ed77c8108376495b19bd8336405198a?s=96&d=mm&r=g\",\"contentUrl\":\"https:\\\/\\\/secure.gravatar.com\\\/avatar\\\/72ecc30e9db047a2e0e7176561eb9d564ed77c8108376495b19bd8336405198a?s=96&d=mm&r=g\",\"caption\":\"Dpress.ma\"},\"sameAs\":[\"https:\\\/\\\/www.dpress.ma\"],\"url\":\"https:\\\/\\\/dpress.ma\\\/fr\\\/author\\\/dpress-ma\\\/\"}]}<\/script>\n<!-- \/ Yoast SEO plugin. -->","yoast_head_json":{"title":"Royal Air Maroc, transporteur officiel de la Biennale de Sao Paulo - Dpress.ma\/fr","robots":{"index":"index","follow":"follow","max-snippet":"max-snippet:-1","max-image-preview":"max-image-preview:large","max-video-preview":"max-video-preview:-1"},"canonical":"https:\/\/dpress.ma\/fr\/2025\/08\/28\/royal-air-maroc-transporteur-officiel-de-la-biennale-de-sao-paulo\/","og_locale":"fr_FR","og_type":"article","og_title":"Royal Air Maroc, transporteur officiel de la Biennale de Sao Paulo - Dpress.ma\/fr","og_description":"Dpress La compagnie nationale Royal Air Maroc (RAM) sera le transporteur officiel de la 36\u00e8me Biennale de Sao Paulo, principal \u00e9v\u00e9nement d&rsquo;art contemporain en Am\u00e9rique latine qui se tiendra du 6 septembre 2025 au 11 janvier 2026. Un communiqu\u00e9 de la repr\u00e9sentation de la RAM au Br\u00e9sil indique que ce partenariat in\u00e9dit positionne la compagnie &hellip;","og_url":"https:\/\/dpress.ma\/fr\/2025\/08\/28\/royal-air-maroc-transporteur-officiel-de-la-biennale-de-sao-paulo\/","og_site_name":"Dpress.ma\/fr","article_published_time":"2025-08-28T13:23:28+00:00","article_modified_time":"2025-08-28T13:23:29+00:00","og_image":[{"width":2539,"height":1594,"url":"https:\/\/dpress.ma\/fr\/wp-content\/uploads\/sites\/2\/2023\/07\/la-ram.jpg","type":"image\/jpeg"}],"author":"Dpress.ma","twitter_card":"summary_large_image","twitter_misc":{"\u00c9crit par":"Dpress.ma","Dur\u00e9e de lecture estim\u00e9e":"4 minutes"},"schema":{"@context":"https:\/\/schema.org","@graph":[{"@type":"Article","@id":"https:\/\/dpress.ma\/fr\/2025\/08\/28\/royal-air-maroc-transporteur-officiel-de-la-biennale-de-sao-paulo\/#article","isPartOf":{"@id":"https:\/\/dpress.ma\/fr\/2025\/08\/28\/royal-air-maroc-transporteur-officiel-de-la-biennale-de-sao-paulo\/"},"author":{"name":"Dpress.ma","@id":"https:\/\/dpress.ma\/fr\/#\/schema\/person\/4898febf3ccd59e6578d838656a306a0"},"headline":"Royal Air Maroc, transporteur officiel de la Biennale de Sao Paulo","datePublished":"2025-08-28T13:23:28+00:00","dateModified":"2025-08-28T13:23:29+00:00","mainEntityOfPage":{"@id":"https:\/\/dpress.ma\/fr\/2025\/08\/28\/royal-air-maroc-transporteur-officiel-de-la-biennale-de-sao-paulo\/"},"wordCount":644,"commentCount":0,"image":{"@id":"https:\/\/dpress.ma\/fr\/2025\/08\/28\/royal-air-maroc-transporteur-officiel-de-la-biennale-de-sao-paulo\/#primaryimage"},"thumbnailUrl":"https:\/\/dpress.ma\/fr\/wp-content\/uploads\/sites\/2\/2023\/07\/la-ram.jpg","articleSection":["\u00c9conomie"],"inLanguage":"fr-FR","potentialAction":[{"@type":"CommentAction","name":"Comment","target":["https:\/\/dpress.ma\/fr\/2025\/08\/28\/royal-air-maroc-transporteur-officiel-de-la-biennale-de-sao-paulo\/#respond"]}]},{"@type":"WebPage","@id":"https:\/\/dpress.ma\/fr\/2025\/08\/28\/royal-air-maroc-transporteur-officiel-de-la-biennale-de-sao-paulo\/","url":"https:\/\/dpress.ma\/fr\/2025\/08\/28\/royal-air-maroc-transporteur-officiel-de-la-biennale-de-sao-paulo\/","name":"Royal Air Maroc, transporteur officiel de la Biennale de Sao Paulo - Dpress.ma\/fr","isPartOf":{"@id":"https:\/\/dpress.ma\/fr\/#website"},"primaryImageOfPage":{"@id":"https:\/\/dpress.ma\/fr\/2025\/08\/28\/royal-air-maroc-transporteur-officiel-de-la-biennale-de-sao-paulo\/#primaryimage"},"image":{"@id":"https:\/\/dpress.ma\/fr\/2025\/08\/28\/royal-air-maroc-transporteur-officiel-de-la-biennale-de-sao-paulo\/#primaryimage"},"thumbnailUrl":"https:\/\/dpress.ma\/fr\/wp-content\/uploads\/sites\/2\/2023\/07\/la-ram.jpg","datePublished":"2025-08-28T13:23:28+00:00","dateModified":"2025-08-28T13:23:29+00:00","author":{"@id":"https:\/\/dpress.ma\/fr\/#\/schema\/person\/4898febf3ccd59e6578d838656a306a0"},"breadcrumb":{"@id":"https:\/\/dpress.ma\/fr\/2025\/08\/28\/royal-air-maroc-transporteur-officiel-de-la-biennale-de-sao-paulo\/#breadcrumb"},"inLanguage":"fr-FR","potentialAction":[{"@type":"ReadAction","target":["https:\/\/dpress.ma\/fr\/2025\/08\/28\/royal-air-maroc-transporteur-officiel-de-la-biennale-de-sao-paulo\/"]}]},{"@type":"ImageObject","inLanguage":"fr-FR","@id":"https:\/\/dpress.ma\/fr\/2025\/08\/28\/royal-air-maroc-transporteur-officiel-de-la-biennale-de-sao-paulo\/#primaryimage","url":"https:\/\/dpress.ma\/fr\/wp-content\/uploads\/sites\/2\/2023\/07\/la-ram.jpg","contentUrl":"https:\/\/dpress.ma\/fr\/wp-content\/uploads\/sites\/2\/2023\/07\/la-ram.jpg","width":2539,"height":1594},{"@type":"BreadcrumbList","@id":"https:\/\/dpress.ma\/fr\/2025\/08\/28\/royal-air-maroc-transporteur-officiel-de-la-biennale-de-sao-paulo\/#breadcrumb","itemListElement":[{"@type":"ListItem","position":1,"name":"Home","item":"https:\/\/dpress.ma\/fr\/"},{"@type":"ListItem","position":2,"name":"Royal Air Maroc, transporteur officiel de la Biennale de Sao Paulo"}]},{"@type":"WebSite","@id":"https:\/\/dpress.ma\/fr\/#website","url":"https:\/\/dpress.ma\/fr\/","name":"Dpress.ma\/fr","description":"","potentialAction":[{"@type":"SearchAction","target":{"@type":"EntryPoint","urlTemplate":"https:\/\/dpress.ma\/fr\/?s={search_term_string}"},"query-input":{"@type":"PropertyValueSpecification","valueRequired":true,"valueName":"search_term_string"}}],"inLanguage":"fr-FR"},{"@type":"Person","@id":"https:\/\/dpress.ma\/fr\/#\/schema\/person\/4898febf3ccd59e6578d838656a306a0","name":"Dpress.ma","image":{"@type":"ImageObject","inLanguage":"fr-FR","@id":"https:\/\/secure.gravatar.com\/avatar\/72ecc30e9db047a2e0e7176561eb9d564ed77c8108376495b19bd8336405198a?s=96&d=mm&r=g","url":"https:\/\/secure.gravatar.com\/avatar\/72ecc30e9db047a2e0e7176561eb9d564ed77c8108376495b19bd8336405198a?s=96&d=mm&r=g","contentUrl":"https:\/\/secure.gravatar.com\/avatar\/72ecc30e9db047a2e0e7176561eb9d564ed77c8108376495b19bd8336405198a?s=96&d=mm&r=g","caption":"Dpress.ma"},"sameAs":["https:\/\/www.dpress.ma"],"url":"https:\/\/dpress.ma\/fr\/author\/dpress-ma\/"}]}},"amp_enabled":true,"_links":{"self":[{"href":"https:\/\/dpress.ma\/fr\/wp-json\/wp\/v2\/posts\/15916","targetHints":{"allow":["GET"]}}],"collection":[{"href":"https:\/\/dpress.ma\/fr\/wp-json\/wp\/v2\/posts"}],"about":[{"href":"https:\/\/dpress.ma\/fr\/wp-json\/wp\/v2\/types\/post"}],"author":[{"embeddable":true,"href":"https:\/\/dpress.ma\/fr\/wp-json\/wp\/v2\/users\/2"}],"replies":[{"embeddable":true,"href":"https:\/\/dpress.ma\/fr\/wp-json\/wp\/v2\/comments?post=15916"}],"version-history":[{"count":1,"href":"https:\/\/dpress.ma\/fr\/wp-json\/wp\/v2\/posts\/15916\/revisions"}],"predecessor-version":[{"id":15917,"href":"https:\/\/dpress.ma\/fr\/wp-json\/wp\/v2\/posts\/15916\/revisions\/15917"}],"wp:featuredmedia":[{"embeddable":true,"href":"https:\/\/dpress.ma\/fr\/wp-json\/wp\/v2\/media\/5000"}],"wp:attachment":[{"href":"https:\/\/dpress.ma\/fr\/wp-json\/wp\/v2\/media?parent=15916"}],"wp:term":[{"taxonomy":"category","embeddable":true,"href":"https:\/\/dpress.ma\/fr\/wp-json\/wp\/v2\/categories?post=15916"},{"taxonomy":"post_tag","embeddable":true,"href":"https:\/\/dpress.ma\/fr\/wp-json\/wp\/v2\/tags?post=15916"}],"curies":[{"name":"wp","href":"https:\/\/api.w.org\/{rel}","templated":true}]}}