{"id":15883,"date":"2025-08-24T08:34:24","date_gmt":"2025-08-24T08:34:24","guid":{"rendered":"https:\/\/dpress.ma\/fr\/?p=15883"},"modified":"2025-08-24T08:34:25","modified_gmt":"2025-08-24T08:34:25","slug":"province-de-taourirt-debdou-a-lheure-de-son-19e-festival-laalaoui","status":"publish","type":"post","link":"https:\/\/dpress.ma\/fr\/2025\/08\/24\/province-de-taourirt-debdou-a-lheure-de-son-19e-festival-laalaoui\/","title":{"rendered":"Province de Taourirt : Debdou \u00e0 l\u2019heure de son 19e festival Laalaoui"},"content":{"rendered":"\n<p>Dpress<\/p>\n\n\n\n<p>Le coup d\u2019envoi de la 19\u00e8me \u00e9dition du festival Laalaoui qui c\u00e9l\u00e8bre un patrimoine populaire local, a \u00e9t\u00e9 donn\u00e9, vendredi soir, \u00e0 Debdou dans la province de Taourirt.<\/p>\n\n\n\n<p>Plac\u00e9 sous le signe \u00abEnsemble pour la pr\u00e9servation du patrimoine culturel de Debdou\u00bb, cet \u00e9v\u00e9nement culturel de deux jours est initi\u00e9 par l\u2019Association Ain Sbilia pour les arts populaires avec le soutien du minist\u00e8re de la Jeunesse, de la Culture et de la Communication -D\u00e9partement de la Culture- et de l\u2019Agence de d\u00e9veloppement de l\u2019Oriental (ADO) et en coop\u00e9ration avec la commune de Debdou.<\/p>\n\n\n\n<p>Organis\u00e9 \u00e0 l\u2019occasion de la c\u00e9l\u00e9bration de l\u2019anniversaire de la R\u00e9volution du Roi et du Peuple et de la F\u00eate de la Jeunesse, ce festival constitue un rendez-vous artistique annuel qui relie le pass\u00e9 au pr\u00e9sent et c\u00e9l\u00e8bre le patrimoine culturel et artistique de la r\u00e9gion.<\/p>\n\n\n\n<p>Pour les organisateurs, cet \u00e9v\u00e9nement joue un r\u00f4le important dans la pr\u00e9servation du patrimoine culturel immat\u00e9riel, notamment le folklore local, en plus de sa contribution \u00e0 la cons\u00e9cration des coutumes et traditions authentiques des habitants de Debdou.<\/p>\n\n\n\n<p>Dans une d\u00e9claration \u00e0 la MAP, le pr\u00e9sident de l\u2019Association Ain Sbilia pour les arts populaires, Ali Hamdaoui a soulign\u00e9 que ce festival vise \u00e0 mettre en valeur les coutumes et traditions authentiques de la r\u00e9gion, son histoire et son patrimoine, \u00e0 faire conna\u00eetre Laaloui, qui est un art populaire authentique de la r\u00e9gion de l\u2019Oriental, et \u00e0 cr\u00e9er des activit\u00e9s artistiques r\u00e9cr\u00e9atives pour les habitants, ainsi qu\u2019\u00e0 encourager le tourisme culturel.<\/p>\n\n\n\n<p>Il a pr\u00e9cis\u00e9 que cette \u00e9dition conna\u00eet la participation de groupes artistiques repr\u00e9sentant plusieurs r\u00e9gions et provinces du Royaume, faisant du festival un espace d\u2019\u00e9change culturel et de rencontres interg\u00e9n\u00e9rationnelles.<\/p>\n\n\n\n<p>De son c\u00f4t\u00e9, le repr\u00e9sentant de l\u2019Agence de d\u00e9veloppement de l\u2019Oriental, Abdelmajid Rabah, a soulign\u00e9 que le soutien de l\u2019ADO \u00e0 cet \u00e9v\u00e9nement s\u2019inscrit dans le sillage de son engagement \u00e0 valoriser le patrimoine culturel immat\u00e9riel de la r\u00e9gion de l\u2019Oriental, conform\u00e9ment aux Hautes orientations royales visant \u00e0 promouvoir le d\u00e9veloppement culturel et touristique dans les zones \u00e0 potentiel historique et patrimonial.<\/p>\n\n\n\n<p>Il a estim\u00e9 que Debdou, avec ses multiples atouts culturels, touristiques et historiques, constitue un espace id\u00e9al pour l\u2019organisation de tels \u00e9v\u00e9nements, contribuant ainsi \u00e0 renforcer son rayonnement et \u00e0 consolider son identit\u00e9 culturelle diversifi\u00e9e, ajoutant que le festival est devenu un rendez-vous annuel tr\u00e8s attendu par les habitants et les visiteurs de la ville.<\/p>\n\n\n\n<p>La c\u00e9r\u00e9monie d\u2019ouverture a \u00e9t\u00e9 marqu\u00e9e par l\u2019hommage rendu \u00e0 certaines personnalit\u00e9s, dont des membres de la communaut\u00e9 marocaine r\u00e9sidant \u00e0 l\u2019\u00e9tranger pour leur apport consid\u00e9rable dans les domaines culturel et artistique, et par des chants et danses de la musique traditionnelle, interpr\u00e9t\u00e9s par des groupes artistiques venant de plusieurs provinces, dont Taza, Taounate et Figuig.<\/p>\n\n\n\n<p>Le programme de cette \u00e9dition comprend notamment un colloque scientifique autour du th\u00e8me \u00abPatrimoine culturel marocain et enjeux du d\u00e9veloppement : quels r\u00f4les pour la soci\u00e9t\u00e9 civile ?\u00bb, une journ\u00e9e de sensibilisation au cancer et des activit\u00e9s d\u00e9di\u00e9es aux enfants, en plus d\u2019une grande soir\u00e9e musicale avec la participation d\u2019un groupe d\u2019artistes et de troupes folkloriques, c\u00e9l\u00e9brant le riche patrimoine culturel de la r\u00e9gion.<\/p>\n","protected":false},"excerpt":{"rendered":"<p>Dpress Le coup d\u2019envoi de la 19\u00e8me \u00e9dition du festival Laalaoui qui c\u00e9l\u00e8bre un patrimoine populaire local, a \u00e9t\u00e9 donn\u00e9, vendredi soir, \u00e0 Debdou dans la province de Taourirt. Plac\u00e9 sous le signe \u00abEnsemble pour la pr\u00e9servation du patrimoine culturel de Debdou\u00bb, cet \u00e9v\u00e9nement culturel de deux jours est initi\u00e9 par l\u2019Association Ain Sbilia pour &hellip;<\/p>\n","protected":false},"author":2,"featured_media":15884,"comment_status":"open","ping_status":"open","sticky":false,"template":"","format":"standard","meta":{"footnotes":""},"categories":[31],"tags":[],"class_list":["post-15883","post","type-post","status-publish","format-standard","has-post-thumbnail","hentry","category-art-et-culture"],"yoast_head":"<!-- This site is optimized with the Yoast SEO plugin v27.5 - https:\/\/yoast.com\/product\/yoast-seo-wordpress\/ -->\n<title>Province de Taourirt : Debdou \u00e0 l\u2019heure de son 19e festival Laalaoui - Dpress.ma\/fr<\/title>\n<meta name=\"robots\" content=\"index, follow, max-snippet:-1, max-image-preview:large, max-video-preview:-1\" \/>\n<link rel=\"canonical\" href=\"https:\/\/dpress.ma\/fr\/2025\/08\/24\/province-de-taourirt-debdou-a-lheure-de-son-19e-festival-laalaoui\/\" \/>\n<meta property=\"og:locale\" content=\"fr_FR\" \/>\n<meta property=\"og:type\" content=\"article\" \/>\n<meta property=\"og:title\" content=\"Province de Taourirt : Debdou \u00e0 l\u2019heure de son 19e festival Laalaoui - Dpress.ma\/fr\" \/>\n<meta property=\"og:description\" content=\"Dpress Le coup d\u2019envoi de la 19\u00e8me \u00e9dition du festival Laalaoui qui c\u00e9l\u00e8bre un patrimoine populaire local, a \u00e9t\u00e9 donn\u00e9, vendredi soir, \u00e0 Debdou dans la province de Taourirt. Plac\u00e9 sous le signe \u00abEnsemble pour la pr\u00e9servation du patrimoine culturel de Debdou\u00bb, cet \u00e9v\u00e9nement culturel de deux jours est initi\u00e9 par l\u2019Association Ain Sbilia pour &hellip;\" \/>\n<meta property=\"og:url\" content=\"https:\/\/dpress.ma\/fr\/2025\/08\/24\/province-de-taourirt-debdou-a-lheure-de-son-19e-festival-laalaoui\/\" \/>\n<meta property=\"og:site_name\" content=\"Dpress.ma\/fr\" \/>\n<meta property=\"article:published_time\" content=\"2025-08-24T08:34:24+00:00\" \/>\n<meta property=\"article:modified_time\" content=\"2025-08-24T08:34:25+00:00\" \/>\n<meta property=\"og:image\" content=\"https:\/\/dpress.ma\/fr\/wp-content\/uploads\/sites\/2\/2025\/08\/la-19eme-edition-du-festival-Laalaoui.png\" \/>\n\t<meta property=\"og:image:width\" content=\"780\" \/>\n\t<meta property=\"og:image:height\" content=\"470\" \/>\n\t<meta property=\"og:image:type\" content=\"image\/png\" \/>\n<meta name=\"author\" content=\"Dpress.ma\" \/>\n<meta name=\"twitter:card\" content=\"summary_large_image\" \/>\n<meta name=\"twitter:label1\" content=\"\u00c9crit par\" \/>\n\t<meta name=\"twitter:data1\" content=\"Dpress.ma\" \/>\n\t<meta name=\"twitter:label2\" content=\"Dur\u00e9e de lecture estim\u00e9e\" \/>\n\t<meta name=\"twitter:data2\" content=\"3 minutes\" \/>\n<script type=\"application\/ld+json\" class=\"yoast-schema-graph\">{\"@context\":\"https:\\\/\\\/schema.org\",\"@graph\":[{\"@type\":\"Article\",\"@id\":\"https:\\\/\\\/dpress.ma\\\/fr\\\/2025\\\/08\\\/24\\\/province-de-taourirt-debdou-a-lheure-de-son-19e-festival-laalaoui\\\/#article\",\"isPartOf\":{\"@id\":\"https:\\\/\\\/dpress.ma\\\/fr\\\/2025\\\/08\\\/24\\\/province-de-taourirt-debdou-a-lheure-de-son-19e-festival-laalaoui\\\/\"},\"author\":{\"name\":\"Dpress.ma\",\"@id\":\"https:\\\/\\\/dpress.ma\\\/fr\\\/#\\\/schema\\\/person\\\/4898febf3ccd59e6578d838656a306a0\"},\"headline\":\"Province de Taourirt : Debdou \u00e0 l\u2019heure de son 19e festival Laalaoui\",\"datePublished\":\"2025-08-24T08:34:24+00:00\",\"dateModified\":\"2025-08-24T08:34:25+00:00\",\"mainEntityOfPage\":{\"@id\":\"https:\\\/\\\/dpress.ma\\\/fr\\\/2025\\\/08\\\/24\\\/province-de-taourirt-debdou-a-lheure-de-son-19e-festival-laalaoui\\\/\"},\"wordCount\":598,\"commentCount\":0,\"image\":{\"@id\":\"https:\\\/\\\/dpress.ma\\\/fr\\\/2025\\\/08\\\/24\\\/province-de-taourirt-debdou-a-lheure-de-son-19e-festival-laalaoui\\\/#primaryimage\"},\"thumbnailUrl\":\"https:\\\/\\\/dpress.ma\\\/fr\\\/wp-content\\\/uploads\\\/sites\\\/2\\\/2025\\\/08\\\/la-19eme-edition-du-festival-Laalaoui.png\",\"articleSection\":[\"Art et Culture\"],\"inLanguage\":\"fr-FR\",\"potentialAction\":[{\"@type\":\"CommentAction\",\"name\":\"Comment\",\"target\":[\"https:\\\/\\\/dpress.ma\\\/fr\\\/2025\\\/08\\\/24\\\/province-de-taourirt-debdou-a-lheure-de-son-19e-festival-laalaoui\\\/#respond\"]}]},{\"@type\":\"WebPage\",\"@id\":\"https:\\\/\\\/dpress.ma\\\/fr\\\/2025\\\/08\\\/24\\\/province-de-taourirt-debdou-a-lheure-de-son-19e-festival-laalaoui\\\/\",\"url\":\"https:\\\/\\\/dpress.ma\\\/fr\\\/2025\\\/08\\\/24\\\/province-de-taourirt-debdou-a-lheure-de-son-19e-festival-laalaoui\\\/\",\"name\":\"Province de Taourirt : Debdou \u00e0 l\u2019heure de son 19e festival Laalaoui - Dpress.ma\\\/fr\",\"isPartOf\":{\"@id\":\"https:\\\/\\\/dpress.ma\\\/fr\\\/#website\"},\"primaryImageOfPage\":{\"@id\":\"https:\\\/\\\/dpress.ma\\\/fr\\\/2025\\\/08\\\/24\\\/province-de-taourirt-debdou-a-lheure-de-son-19e-festival-laalaoui\\\/#primaryimage\"},\"image\":{\"@id\":\"https:\\\/\\\/dpress.ma\\\/fr\\\/2025\\\/08\\\/24\\\/province-de-taourirt-debdou-a-lheure-de-son-19e-festival-laalaoui\\\/#primaryimage\"},\"thumbnailUrl\":\"https:\\\/\\\/dpress.ma\\\/fr\\\/wp-content\\\/uploads\\\/sites\\\/2\\\/2025\\\/08\\\/la-19eme-edition-du-festival-Laalaoui.png\",\"datePublished\":\"2025-08-24T08:34:24+00:00\",\"dateModified\":\"2025-08-24T08:34:25+00:00\",\"author\":{\"@id\":\"https:\\\/\\\/dpress.ma\\\/fr\\\/#\\\/schema\\\/person\\\/4898febf3ccd59e6578d838656a306a0\"},\"breadcrumb\":{\"@id\":\"https:\\\/\\\/dpress.ma\\\/fr\\\/2025\\\/08\\\/24\\\/province-de-taourirt-debdou-a-lheure-de-son-19e-festival-laalaoui\\\/#breadcrumb\"},\"inLanguage\":\"fr-FR\",\"potentialAction\":[{\"@type\":\"ReadAction\",\"target\":[\"https:\\\/\\\/dpress.ma\\\/fr\\\/2025\\\/08\\\/24\\\/province-de-taourirt-debdou-a-lheure-de-son-19e-festival-laalaoui\\\/\"]}]},{\"@type\":\"ImageObject\",\"inLanguage\":\"fr-FR\",\"@id\":\"https:\\\/\\\/dpress.ma\\\/fr\\\/2025\\\/08\\\/24\\\/province-de-taourirt-debdou-a-lheure-de-son-19e-festival-laalaoui\\\/#primaryimage\",\"url\":\"https:\\\/\\\/dpress.ma\\\/fr\\\/wp-content\\\/uploads\\\/sites\\\/2\\\/2025\\\/08\\\/la-19eme-edition-du-festival-Laalaoui.png\",\"contentUrl\":\"https:\\\/\\\/dpress.ma\\\/fr\\\/wp-content\\\/uploads\\\/sites\\\/2\\\/2025\\\/08\\\/la-19eme-edition-du-festival-Laalaoui.png\",\"width\":780,\"height\":470},{\"@type\":\"BreadcrumbList\",\"@id\":\"https:\\\/\\\/dpress.ma\\\/fr\\\/2025\\\/08\\\/24\\\/province-de-taourirt-debdou-a-lheure-de-son-19e-festival-laalaoui\\\/#breadcrumb\",\"itemListElement\":[{\"@type\":\"ListItem\",\"position\":1,\"name\":\"Home\",\"item\":\"https:\\\/\\\/dpress.ma\\\/fr\\\/\"},{\"@type\":\"ListItem\",\"position\":2,\"name\":\"Province de Taourirt : Debdou \u00e0 l\u2019heure de son 19e festival Laalaoui\"}]},{\"@type\":\"WebSite\",\"@id\":\"https:\\\/\\\/dpress.ma\\\/fr\\\/#website\",\"url\":\"https:\\\/\\\/dpress.ma\\\/fr\\\/\",\"name\":\"Dpress.ma\\\/fr\",\"description\":\"\",\"potentialAction\":[{\"@type\":\"SearchAction\",\"target\":{\"@type\":\"EntryPoint\",\"urlTemplate\":\"https:\\\/\\\/dpress.ma\\\/fr\\\/?s={search_term_string}\"},\"query-input\":{\"@type\":\"PropertyValueSpecification\",\"valueRequired\":true,\"valueName\":\"search_term_string\"}}],\"inLanguage\":\"fr-FR\"},{\"@type\":\"Person\",\"@id\":\"https:\\\/\\\/dpress.ma\\\/fr\\\/#\\\/schema\\\/person\\\/4898febf3ccd59e6578d838656a306a0\",\"name\":\"Dpress.ma\",\"image\":{\"@type\":\"ImageObject\",\"inLanguage\":\"fr-FR\",\"@id\":\"https:\\\/\\\/secure.gravatar.com\\\/avatar\\\/72ecc30e9db047a2e0e7176561eb9d564ed77c8108376495b19bd8336405198a?s=96&d=mm&r=g\",\"url\":\"https:\\\/\\\/secure.gravatar.com\\\/avatar\\\/72ecc30e9db047a2e0e7176561eb9d564ed77c8108376495b19bd8336405198a?s=96&d=mm&r=g\",\"contentUrl\":\"https:\\\/\\\/secure.gravatar.com\\\/avatar\\\/72ecc30e9db047a2e0e7176561eb9d564ed77c8108376495b19bd8336405198a?s=96&d=mm&r=g\",\"caption\":\"Dpress.ma\"},\"sameAs\":[\"https:\\\/\\\/www.dpress.ma\"],\"url\":\"https:\\\/\\\/dpress.ma\\\/fr\\\/author\\\/dpress-ma\\\/\"}]}<\/script>\n<!-- \/ Yoast SEO plugin. -->","yoast_head_json":{"title":"Province de Taourirt : Debdou \u00e0 l\u2019heure de son 19e festival Laalaoui - Dpress.ma\/fr","robots":{"index":"index","follow":"follow","max-snippet":"max-snippet:-1","max-image-preview":"max-image-preview:large","max-video-preview":"max-video-preview:-1"},"canonical":"https:\/\/dpress.ma\/fr\/2025\/08\/24\/province-de-taourirt-debdou-a-lheure-de-son-19e-festival-laalaoui\/","og_locale":"fr_FR","og_type":"article","og_title":"Province de Taourirt : Debdou \u00e0 l\u2019heure de son 19e festival Laalaoui - Dpress.ma\/fr","og_description":"Dpress Le coup d\u2019envoi de la 19\u00e8me \u00e9dition du festival Laalaoui qui c\u00e9l\u00e8bre un patrimoine populaire local, a \u00e9t\u00e9 donn\u00e9, vendredi soir, \u00e0 Debdou dans la province de Taourirt. Plac\u00e9 sous le signe \u00abEnsemble pour la pr\u00e9servation du patrimoine culturel de Debdou\u00bb, cet \u00e9v\u00e9nement culturel de deux jours est initi\u00e9 par l\u2019Association Ain Sbilia pour &hellip;","og_url":"https:\/\/dpress.ma\/fr\/2025\/08\/24\/province-de-taourirt-debdou-a-lheure-de-son-19e-festival-laalaoui\/","og_site_name":"Dpress.ma\/fr","article_published_time":"2025-08-24T08:34:24+00:00","article_modified_time":"2025-08-24T08:34:25+00:00","og_image":[{"width":780,"height":470,"url":"https:\/\/dpress.ma\/fr\/wp-content\/uploads\/sites\/2\/2025\/08\/la-19eme-edition-du-festival-Laalaoui.png","type":"image\/png"}],"author":"Dpress.ma","twitter_card":"summary_large_image","twitter_misc":{"\u00c9crit par":"Dpress.ma","Dur\u00e9e de lecture estim\u00e9e":"3 minutes"},"schema":{"@context":"https:\/\/schema.org","@graph":[{"@type":"Article","@id":"https:\/\/dpress.ma\/fr\/2025\/08\/24\/province-de-taourirt-debdou-a-lheure-de-son-19e-festival-laalaoui\/#article","isPartOf":{"@id":"https:\/\/dpress.ma\/fr\/2025\/08\/24\/province-de-taourirt-debdou-a-lheure-de-son-19e-festival-laalaoui\/"},"author":{"name":"Dpress.ma","@id":"https:\/\/dpress.ma\/fr\/#\/schema\/person\/4898febf3ccd59e6578d838656a306a0"},"headline":"Province de Taourirt : Debdou \u00e0 l\u2019heure de son 19e festival Laalaoui","datePublished":"2025-08-24T08:34:24+00:00","dateModified":"2025-08-24T08:34:25+00:00","mainEntityOfPage":{"@id":"https:\/\/dpress.ma\/fr\/2025\/08\/24\/province-de-taourirt-debdou-a-lheure-de-son-19e-festival-laalaoui\/"},"wordCount":598,"commentCount":0,"image":{"@id":"https:\/\/dpress.ma\/fr\/2025\/08\/24\/province-de-taourirt-debdou-a-lheure-de-son-19e-festival-laalaoui\/#primaryimage"},"thumbnailUrl":"https:\/\/dpress.ma\/fr\/wp-content\/uploads\/sites\/2\/2025\/08\/la-19eme-edition-du-festival-Laalaoui.png","articleSection":["Art et Culture"],"inLanguage":"fr-FR","potentialAction":[{"@type":"CommentAction","name":"Comment","target":["https:\/\/dpress.ma\/fr\/2025\/08\/24\/province-de-taourirt-debdou-a-lheure-de-son-19e-festival-laalaoui\/#respond"]}]},{"@type":"WebPage","@id":"https:\/\/dpress.ma\/fr\/2025\/08\/24\/province-de-taourirt-debdou-a-lheure-de-son-19e-festival-laalaoui\/","url":"https:\/\/dpress.ma\/fr\/2025\/08\/24\/province-de-taourirt-debdou-a-lheure-de-son-19e-festival-laalaoui\/","name":"Province de Taourirt : Debdou \u00e0 l\u2019heure de son 19e festival Laalaoui - Dpress.ma\/fr","isPartOf":{"@id":"https:\/\/dpress.ma\/fr\/#website"},"primaryImageOfPage":{"@id":"https:\/\/dpress.ma\/fr\/2025\/08\/24\/province-de-taourirt-debdou-a-lheure-de-son-19e-festival-laalaoui\/#primaryimage"},"image":{"@id":"https:\/\/dpress.ma\/fr\/2025\/08\/24\/province-de-taourirt-debdou-a-lheure-de-son-19e-festival-laalaoui\/#primaryimage"},"thumbnailUrl":"https:\/\/dpress.ma\/fr\/wp-content\/uploads\/sites\/2\/2025\/08\/la-19eme-edition-du-festival-Laalaoui.png","datePublished":"2025-08-24T08:34:24+00:00","dateModified":"2025-08-24T08:34:25+00:00","author":{"@id":"https:\/\/dpress.ma\/fr\/#\/schema\/person\/4898febf3ccd59e6578d838656a306a0"},"breadcrumb":{"@id":"https:\/\/dpress.ma\/fr\/2025\/08\/24\/province-de-taourirt-debdou-a-lheure-de-son-19e-festival-laalaoui\/#breadcrumb"},"inLanguage":"fr-FR","potentialAction":[{"@type":"ReadAction","target":["https:\/\/dpress.ma\/fr\/2025\/08\/24\/province-de-taourirt-debdou-a-lheure-de-son-19e-festival-laalaoui\/"]}]},{"@type":"ImageObject","inLanguage":"fr-FR","@id":"https:\/\/dpress.ma\/fr\/2025\/08\/24\/province-de-taourirt-debdou-a-lheure-de-son-19e-festival-laalaoui\/#primaryimage","url":"https:\/\/dpress.ma\/fr\/wp-content\/uploads\/sites\/2\/2025\/08\/la-19eme-edition-du-festival-Laalaoui.png","contentUrl":"https:\/\/dpress.ma\/fr\/wp-content\/uploads\/sites\/2\/2025\/08\/la-19eme-edition-du-festival-Laalaoui.png","width":780,"height":470},{"@type":"BreadcrumbList","@id":"https:\/\/dpress.ma\/fr\/2025\/08\/24\/province-de-taourirt-debdou-a-lheure-de-son-19e-festival-laalaoui\/#breadcrumb","itemListElement":[{"@type":"ListItem","position":1,"name":"Home","item":"https:\/\/dpress.ma\/fr\/"},{"@type":"ListItem","position":2,"name":"Province de Taourirt : Debdou \u00e0 l\u2019heure de son 19e festival Laalaoui"}]},{"@type":"WebSite","@id":"https:\/\/dpress.ma\/fr\/#website","url":"https:\/\/dpress.ma\/fr\/","name":"Dpress.ma\/fr","description":"","potentialAction":[{"@type":"SearchAction","target":{"@type":"EntryPoint","urlTemplate":"https:\/\/dpress.ma\/fr\/?s={search_term_string}"},"query-input":{"@type":"PropertyValueSpecification","valueRequired":true,"valueName":"search_term_string"}}],"inLanguage":"fr-FR"},{"@type":"Person","@id":"https:\/\/dpress.ma\/fr\/#\/schema\/person\/4898febf3ccd59e6578d838656a306a0","name":"Dpress.ma","image":{"@type":"ImageObject","inLanguage":"fr-FR","@id":"https:\/\/secure.gravatar.com\/avatar\/72ecc30e9db047a2e0e7176561eb9d564ed77c8108376495b19bd8336405198a?s=96&d=mm&r=g","url":"https:\/\/secure.gravatar.com\/avatar\/72ecc30e9db047a2e0e7176561eb9d564ed77c8108376495b19bd8336405198a?s=96&d=mm&r=g","contentUrl":"https:\/\/secure.gravatar.com\/avatar\/72ecc30e9db047a2e0e7176561eb9d564ed77c8108376495b19bd8336405198a?s=96&d=mm&r=g","caption":"Dpress.ma"},"sameAs":["https:\/\/www.dpress.ma"],"url":"https:\/\/dpress.ma\/fr\/author\/dpress-ma\/"}]}},"amp_enabled":true,"_links":{"self":[{"href":"https:\/\/dpress.ma\/fr\/wp-json\/wp\/v2\/posts\/15883","targetHints":{"allow":["GET"]}}],"collection":[{"href":"https:\/\/dpress.ma\/fr\/wp-json\/wp\/v2\/posts"}],"about":[{"href":"https:\/\/dpress.ma\/fr\/wp-json\/wp\/v2\/types\/post"}],"author":[{"embeddable":true,"href":"https:\/\/dpress.ma\/fr\/wp-json\/wp\/v2\/users\/2"}],"replies":[{"embeddable":true,"href":"https:\/\/dpress.ma\/fr\/wp-json\/wp\/v2\/comments?post=15883"}],"version-history":[{"count":1,"href":"https:\/\/dpress.ma\/fr\/wp-json\/wp\/v2\/posts\/15883\/revisions"}],"predecessor-version":[{"id":15885,"href":"https:\/\/dpress.ma\/fr\/wp-json\/wp\/v2\/posts\/15883\/revisions\/15885"}],"wp:featuredmedia":[{"embeddable":true,"href":"https:\/\/dpress.ma\/fr\/wp-json\/wp\/v2\/media\/15884"}],"wp:attachment":[{"href":"https:\/\/dpress.ma\/fr\/wp-json\/wp\/v2\/media?parent=15883"}],"wp:term":[{"taxonomy":"category","embeddable":true,"href":"https:\/\/dpress.ma\/fr\/wp-json\/wp\/v2\/categories?post=15883"},{"taxonomy":"post_tag","embeddable":true,"href":"https:\/\/dpress.ma\/fr\/wp-json\/wp\/v2\/tags?post=15883"}],"curies":[{"name":"wp","href":"https:\/\/api.w.org\/{rel}","templated":true}]}}