{"id":15880,"date":"2025-08-24T08:32:22","date_gmt":"2025-08-24T08:32:22","guid":{"rendered":"https:\/\/dpress.ma\/fr\/?p=15880"},"modified":"2025-08-24T08:32:23","modified_gmt":"2025-08-24T08:32:23","slug":"laayoune-la-plage-de-foum-el-oued-ecrin-balneaire-prise-des-estivants","status":"publish","type":"post","link":"https:\/\/dpress.ma\/fr\/2025\/08\/24\/laayoune-la-plage-de-foum-el-oued-ecrin-balneaire-prise-des-estivants\/","title":{"rendered":"La\u00e2youne : La plage de Foum El Oued, \u00e9crin baln\u00e9aire pris\u00e9 des estivants"},"content":{"rendered":"\n<p>Dpress<\/p>\n\n\n\n<p>\u00c0 une vingtaine de kilom\u00e8tres de La\u00e2youne, la plage de Foum El Oued s\u2019impose comme l\u2019une des destinations estivales les plus appr\u00e9ci\u00e9es, s\u00e9duisant visiteurs et vacanciers par la qualit\u00e9 de ses eaux cristallines et ses paysages envo\u00fbtants.<\/p>\n\n\n\n<p>En cette p\u00e9riode de forte chaleur, ce havre de fra\u00eecheur au climat temp\u00e9r\u00e9 devient un v\u00e9ritable refuge pour ceux en qu\u00eate de d\u00e9tente, de brise marine et de r\u00e9pit loin de l\u2019effervescence urbaine.<\/p>\n\n\n\n<p>La beaut\u00e9 naturelle du site, alli\u00e9e \u00e0 sa propret\u00e9, attire chaque ann\u00e9e une affluence importante. Des habitants de La\u00e2youne, d\u2019Es-Semara, des localit\u00e9s voisines et des provinces du Sud en g\u00e9n\u00e9ral y affluent pour partager des moments conviviaux en famille ou entre amis.<\/p>\n\n\n\n<p>S\u2019\u00e9tendant sur sept kilom\u00e8tres, cette plage s\u2019ouvre majestueusement sur l\u2019oc\u00e9an Atlantique. Elle se distingue non seulement par la qualit\u00e9 de ses eaux et de son sable fin, mais aussi par l\u2019atmosph\u00e8re apaisante qui y r\u00e8gne.<\/p>\n\n\n\n<p>Si des estivants pr\u00e9f\u00e8rent se baigner dans l\u2019eau de mer, notamment durant les p\u00e9riodes de canicule, d\u2019autres s\u2019adonnent avec joie \u00e0 plusieurs activit\u00e9s divertissantes telles que le surf, le football, la lecture ou la p\u00eache \u00e0 la ligne.<\/p>\n\n\n\n<p>De plus, les ma\u00eetres-nageurs veillent au grain, d\u00e9limitant les lieux de baignade risqu\u00e9s tout en faisant preuve d\u2019une vigilance \u00e0 toute \u00e9preuve pour intervenir en cas de noyade et prodiguer les premiers soins. Un dispositif de la Protection civile est \u00e9galement d\u00e9ploy\u00e9 pour assurer la s\u00e9curit\u00e9 des vacanciers et pr\u00e9venir tout risque de noyade.<\/p>\n\n\n\n<p>\u00c0 l\u2019instar des saisons pr\u00e9c\u00e9dentes, la commune de Foum El Oued a mis en place avec les diff\u00e9rents services concern\u00e9s un programme int\u00e9gr\u00e9 visant \u00e0 am\u00e9liorer les conditions d\u2019accueil des estivants, a indiqu\u00e9, dans une d\u00e9claration \u00e0 la MAP, le directeur de la plage, Slimane Habadi.<\/p>\n\n\n\n<p>Pour relever le d\u00e9fi d\u2019une saison estivale r\u00e9ussie, la commune a proc\u00e9d\u00e9 \u00e0 la r\u00e9habilitation et l\u2019am\u00e9nagement des infrastructures de base, et au renforcement des mesures de s\u00e9curit\u00e9 de baignade, ainsi qu\u2019\u00e0 des actions de sensibilisation \u00e0 la protection de l\u2019environnement, a-t-il not\u00e9.<\/p>\n\n\n\n<p>La station est aujourd\u2019hui dot\u00e9e de panneaux de signalisation, d\u2019un \u00e9clairage public, de parkings, de cam\u00e9ras de surveillance, d\u2019installations adapt\u00e9es aux personnes \u00e0 mobilit\u00e9 r\u00e9duite, de miradors pour les surveillants, de dispensaires, de blocs sanitaires et d\u2019aires de jeux pour enfants, a-t-il \u00e9num\u00e9r\u00e9.<\/p>\n\n\n\n<p>De leur c\u00f4t\u00e9, plusieurs estivants qui se rendent sur les lieux entre amis ou en famille ne cachent pas leur admiration pour la singularit\u00e9 de ce site naturel, saluant la qualit\u00e9 des am\u00e9nagements et des services mis \u00e0 leur disposition.<\/p>\n\n\n\n<p>D\u2019ailleurs, la plage de Foum El Oued s\u2019est vue d\u00e9cerner, une fois de plus, le label international \u201cPavillon Bleu\u201d pour la 18e ann\u00e9e cons\u00e9cutive, attribu\u00e9 par la Fondation Mohammed VI pour la protection de l\u2019environnement et la Fondation internationale pour l\u2019\u00e9ducation \u00e0 l\u2019environnement (FEE).<\/p>\n\n\n\n<p>En somme, la plage de Foum El Oued demeure l\u2019un des sites baln\u00e9aires les plus fr\u00e9quent\u00e9s par les habitants de la r\u00e9gion de La\u00e2youne-Sakia El Hamra, attirant des visiteurs venus de tout le Royaume en qu\u00eate de s\u00e9r\u00e9nit\u00e9 et de moments de partage.<\/p>\n\n\n\n<p>Par ailleurs, la plage est anim\u00e9e tout au long de l\u2019\u00e9t\u00e9 par des campagnes de nettoyage, de sensibilisation et d\u2019\u00e9ducation environnementale, dans une dynamique collective visant \u00e0 renforcer l\u2019attrait et la durabilit\u00e9 de ce site d\u2019exception.<\/p>\n","protected":false},"excerpt":{"rendered":"<p>Dpress \u00c0 une vingtaine de kilom\u00e8tres de La\u00e2youne, la plage de Foum El Oued s\u2019impose comme l\u2019une des destinations estivales les plus appr\u00e9ci\u00e9es, s\u00e9duisant visiteurs et vacanciers par la qualit\u00e9 de ses eaux cristallines et ses paysages envo\u00fbtants. En cette p\u00e9riode de forte chaleur, ce havre de fra\u00eecheur au climat temp\u00e9r\u00e9 devient un v\u00e9ritable refuge &hellip;<\/p>\n","protected":false},"author":2,"featured_media":15881,"comment_status":"open","ping_status":"open","sticky":false,"template":"","format":"standard","meta":{"footnotes":""},"categories":[40],"tags":[],"class_list":["post-15880","post","type-post","status-publish","format-standard","has-post-thumbnail","hentry","category-societe-et-regions"],"yoast_head":"<!-- This site is optimized with the Yoast SEO plugin v27.5 - https:\/\/yoast.com\/product\/yoast-seo-wordpress\/ -->\n<title>La\u00e2youne : La plage de Foum El Oued, \u00e9crin baln\u00e9aire pris\u00e9 des estivants - Dpress.ma\/fr<\/title>\n<meta name=\"robots\" content=\"index, follow, max-snippet:-1, max-image-preview:large, max-video-preview:-1\" \/>\n<link rel=\"canonical\" href=\"https:\/\/dpress.ma\/fr\/2025\/08\/24\/laayoune-la-plage-de-foum-el-oued-ecrin-balneaire-prise-des-estivants\/\" \/>\n<meta property=\"og:locale\" content=\"fr_FR\" \/>\n<meta property=\"og:type\" content=\"article\" \/>\n<meta property=\"og:title\" content=\"La\u00e2youne : La plage de Foum El Oued, \u00e9crin baln\u00e9aire pris\u00e9 des estivants - Dpress.ma\/fr\" \/>\n<meta property=\"og:description\" content=\"Dpress \u00c0 une vingtaine de kilom\u00e8tres de La\u00e2youne, la plage de Foum El Oued s\u2019impose comme l\u2019une des destinations estivales les plus appr\u00e9ci\u00e9es, s\u00e9duisant visiteurs et vacanciers par la qualit\u00e9 de ses eaux cristallines et ses paysages envo\u00fbtants. En cette p\u00e9riode de forte chaleur, ce havre de fra\u00eecheur au climat temp\u00e9r\u00e9 devient un v\u00e9ritable refuge &hellip;\" \/>\n<meta property=\"og:url\" content=\"https:\/\/dpress.ma\/fr\/2025\/08\/24\/laayoune-la-plage-de-foum-el-oued-ecrin-balneaire-prise-des-estivants\/\" \/>\n<meta property=\"og:site_name\" content=\"Dpress.ma\/fr\" \/>\n<meta property=\"article:published_time\" content=\"2025-08-24T08:32:22+00:00\" \/>\n<meta property=\"article:modified_time\" content=\"2025-08-24T08:32:23+00:00\" \/>\n<meta property=\"og:image\" content=\"https:\/\/dpress.ma\/fr\/wp-content\/uploads\/sites\/2\/2025\/08\/La-plage-de-Foum-El-Oued.png\" \/>\n\t<meta property=\"og:image:width\" content=\"780\" \/>\n\t<meta property=\"og:image:height\" content=\"470\" \/>\n\t<meta property=\"og:image:type\" content=\"image\/png\" \/>\n<meta name=\"author\" content=\"Dpress.ma\" \/>\n<meta name=\"twitter:card\" content=\"summary_large_image\" \/>\n<meta name=\"twitter:label1\" content=\"\u00c9crit par\" \/>\n\t<meta name=\"twitter:data1\" content=\"Dpress.ma\" \/>\n\t<meta name=\"twitter:label2\" content=\"Dur\u00e9e de lecture estim\u00e9e\" \/>\n\t<meta name=\"twitter:data2\" content=\"3 minutes\" \/>\n<script type=\"application\/ld+json\" class=\"yoast-schema-graph\">{\"@context\":\"https:\\\/\\\/schema.org\",\"@graph\":[{\"@type\":\"Article\",\"@id\":\"https:\\\/\\\/dpress.ma\\\/fr\\\/2025\\\/08\\\/24\\\/laayoune-la-plage-de-foum-el-oued-ecrin-balneaire-prise-des-estivants\\\/#article\",\"isPartOf\":{\"@id\":\"https:\\\/\\\/dpress.ma\\\/fr\\\/2025\\\/08\\\/24\\\/laayoune-la-plage-de-foum-el-oued-ecrin-balneaire-prise-des-estivants\\\/\"},\"author\":{\"name\":\"Dpress.ma\",\"@id\":\"https:\\\/\\\/dpress.ma\\\/fr\\\/#\\\/schema\\\/person\\\/4898febf3ccd59e6578d838656a306a0\"},\"headline\":\"La\u00e2youne : La plage de Foum El Oued, \u00e9crin baln\u00e9aire pris\u00e9 des estivants\",\"datePublished\":\"2025-08-24T08:32:22+00:00\",\"dateModified\":\"2025-08-24T08:32:23+00:00\",\"mainEntityOfPage\":{\"@id\":\"https:\\\/\\\/dpress.ma\\\/fr\\\/2025\\\/08\\\/24\\\/laayoune-la-plage-de-foum-el-oued-ecrin-balneaire-prise-des-estivants\\\/\"},\"wordCount\":632,\"commentCount\":0,\"image\":{\"@id\":\"https:\\\/\\\/dpress.ma\\\/fr\\\/2025\\\/08\\\/24\\\/laayoune-la-plage-de-foum-el-oued-ecrin-balneaire-prise-des-estivants\\\/#primaryimage\"},\"thumbnailUrl\":\"https:\\\/\\\/dpress.ma\\\/fr\\\/wp-content\\\/uploads\\\/sites\\\/2\\\/2025\\\/08\\\/La-plage-de-Foum-El-Oued.png\",\"articleSection\":[\"societe et regions\"],\"inLanguage\":\"fr-FR\",\"potentialAction\":[{\"@type\":\"CommentAction\",\"name\":\"Comment\",\"target\":[\"https:\\\/\\\/dpress.ma\\\/fr\\\/2025\\\/08\\\/24\\\/laayoune-la-plage-de-foum-el-oued-ecrin-balneaire-prise-des-estivants\\\/#respond\"]}]},{\"@type\":\"WebPage\",\"@id\":\"https:\\\/\\\/dpress.ma\\\/fr\\\/2025\\\/08\\\/24\\\/laayoune-la-plage-de-foum-el-oued-ecrin-balneaire-prise-des-estivants\\\/\",\"url\":\"https:\\\/\\\/dpress.ma\\\/fr\\\/2025\\\/08\\\/24\\\/laayoune-la-plage-de-foum-el-oued-ecrin-balneaire-prise-des-estivants\\\/\",\"name\":\"La\u00e2youne : La plage de Foum El Oued, \u00e9crin baln\u00e9aire pris\u00e9 des estivants - Dpress.ma\\\/fr\",\"isPartOf\":{\"@id\":\"https:\\\/\\\/dpress.ma\\\/fr\\\/#website\"},\"primaryImageOfPage\":{\"@id\":\"https:\\\/\\\/dpress.ma\\\/fr\\\/2025\\\/08\\\/24\\\/laayoune-la-plage-de-foum-el-oued-ecrin-balneaire-prise-des-estivants\\\/#primaryimage\"},\"image\":{\"@id\":\"https:\\\/\\\/dpress.ma\\\/fr\\\/2025\\\/08\\\/24\\\/laayoune-la-plage-de-foum-el-oued-ecrin-balneaire-prise-des-estivants\\\/#primaryimage\"},\"thumbnailUrl\":\"https:\\\/\\\/dpress.ma\\\/fr\\\/wp-content\\\/uploads\\\/sites\\\/2\\\/2025\\\/08\\\/La-plage-de-Foum-El-Oued.png\",\"datePublished\":\"2025-08-24T08:32:22+00:00\",\"dateModified\":\"2025-08-24T08:32:23+00:00\",\"author\":{\"@id\":\"https:\\\/\\\/dpress.ma\\\/fr\\\/#\\\/schema\\\/person\\\/4898febf3ccd59e6578d838656a306a0\"},\"breadcrumb\":{\"@id\":\"https:\\\/\\\/dpress.ma\\\/fr\\\/2025\\\/08\\\/24\\\/laayoune-la-plage-de-foum-el-oued-ecrin-balneaire-prise-des-estivants\\\/#breadcrumb\"},\"inLanguage\":\"fr-FR\",\"potentialAction\":[{\"@type\":\"ReadAction\",\"target\":[\"https:\\\/\\\/dpress.ma\\\/fr\\\/2025\\\/08\\\/24\\\/laayoune-la-plage-de-foum-el-oued-ecrin-balneaire-prise-des-estivants\\\/\"]}]},{\"@type\":\"ImageObject\",\"inLanguage\":\"fr-FR\",\"@id\":\"https:\\\/\\\/dpress.ma\\\/fr\\\/2025\\\/08\\\/24\\\/laayoune-la-plage-de-foum-el-oued-ecrin-balneaire-prise-des-estivants\\\/#primaryimage\",\"url\":\"https:\\\/\\\/dpress.ma\\\/fr\\\/wp-content\\\/uploads\\\/sites\\\/2\\\/2025\\\/08\\\/La-plage-de-Foum-El-Oued.png\",\"contentUrl\":\"https:\\\/\\\/dpress.ma\\\/fr\\\/wp-content\\\/uploads\\\/sites\\\/2\\\/2025\\\/08\\\/La-plage-de-Foum-El-Oued.png\",\"width\":780,\"height\":470},{\"@type\":\"BreadcrumbList\",\"@id\":\"https:\\\/\\\/dpress.ma\\\/fr\\\/2025\\\/08\\\/24\\\/laayoune-la-plage-de-foum-el-oued-ecrin-balneaire-prise-des-estivants\\\/#breadcrumb\",\"itemListElement\":[{\"@type\":\"ListItem\",\"position\":1,\"name\":\"Home\",\"item\":\"https:\\\/\\\/dpress.ma\\\/fr\\\/\"},{\"@type\":\"ListItem\",\"position\":2,\"name\":\"La\u00e2youne : La plage de Foum El Oued, \u00e9crin baln\u00e9aire pris\u00e9 des estivants\"}]},{\"@type\":\"WebSite\",\"@id\":\"https:\\\/\\\/dpress.ma\\\/fr\\\/#website\",\"url\":\"https:\\\/\\\/dpress.ma\\\/fr\\\/\",\"name\":\"Dpress.ma\\\/fr\",\"description\":\"\",\"potentialAction\":[{\"@type\":\"SearchAction\",\"target\":{\"@type\":\"EntryPoint\",\"urlTemplate\":\"https:\\\/\\\/dpress.ma\\\/fr\\\/?s={search_term_string}\"},\"query-input\":{\"@type\":\"PropertyValueSpecification\",\"valueRequired\":true,\"valueName\":\"search_term_string\"}}],\"inLanguage\":\"fr-FR\"},{\"@type\":\"Person\",\"@id\":\"https:\\\/\\\/dpress.ma\\\/fr\\\/#\\\/schema\\\/person\\\/4898febf3ccd59e6578d838656a306a0\",\"name\":\"Dpress.ma\",\"image\":{\"@type\":\"ImageObject\",\"inLanguage\":\"fr-FR\",\"@id\":\"https:\\\/\\\/secure.gravatar.com\\\/avatar\\\/72ecc30e9db047a2e0e7176561eb9d564ed77c8108376495b19bd8336405198a?s=96&d=mm&r=g\",\"url\":\"https:\\\/\\\/secure.gravatar.com\\\/avatar\\\/72ecc30e9db047a2e0e7176561eb9d564ed77c8108376495b19bd8336405198a?s=96&d=mm&r=g\",\"contentUrl\":\"https:\\\/\\\/secure.gravatar.com\\\/avatar\\\/72ecc30e9db047a2e0e7176561eb9d564ed77c8108376495b19bd8336405198a?s=96&d=mm&r=g\",\"caption\":\"Dpress.ma\"},\"sameAs\":[\"https:\\\/\\\/www.dpress.ma\"],\"url\":\"https:\\\/\\\/dpress.ma\\\/fr\\\/author\\\/dpress-ma\\\/\"}]}<\/script>\n<!-- \/ Yoast SEO plugin. -->","yoast_head_json":{"title":"La\u00e2youne : La plage de Foum El Oued, \u00e9crin baln\u00e9aire pris\u00e9 des estivants - Dpress.ma\/fr","robots":{"index":"index","follow":"follow","max-snippet":"max-snippet:-1","max-image-preview":"max-image-preview:large","max-video-preview":"max-video-preview:-1"},"canonical":"https:\/\/dpress.ma\/fr\/2025\/08\/24\/laayoune-la-plage-de-foum-el-oued-ecrin-balneaire-prise-des-estivants\/","og_locale":"fr_FR","og_type":"article","og_title":"La\u00e2youne : La plage de Foum El Oued, \u00e9crin baln\u00e9aire pris\u00e9 des estivants - Dpress.ma\/fr","og_description":"Dpress \u00c0 une vingtaine de kilom\u00e8tres de La\u00e2youne, la plage de Foum El Oued s\u2019impose comme l\u2019une des destinations estivales les plus appr\u00e9ci\u00e9es, s\u00e9duisant visiteurs et vacanciers par la qualit\u00e9 de ses eaux cristallines et ses paysages envo\u00fbtants. En cette p\u00e9riode de forte chaleur, ce havre de fra\u00eecheur au climat temp\u00e9r\u00e9 devient un v\u00e9ritable refuge &hellip;","og_url":"https:\/\/dpress.ma\/fr\/2025\/08\/24\/laayoune-la-plage-de-foum-el-oued-ecrin-balneaire-prise-des-estivants\/","og_site_name":"Dpress.ma\/fr","article_published_time":"2025-08-24T08:32:22+00:00","article_modified_time":"2025-08-24T08:32:23+00:00","og_image":[{"width":780,"height":470,"url":"https:\/\/dpress.ma\/fr\/wp-content\/uploads\/sites\/2\/2025\/08\/La-plage-de-Foum-El-Oued.png","type":"image\/png"}],"author":"Dpress.ma","twitter_card":"summary_large_image","twitter_misc":{"\u00c9crit par":"Dpress.ma","Dur\u00e9e de lecture estim\u00e9e":"3 minutes"},"schema":{"@context":"https:\/\/schema.org","@graph":[{"@type":"Article","@id":"https:\/\/dpress.ma\/fr\/2025\/08\/24\/laayoune-la-plage-de-foum-el-oued-ecrin-balneaire-prise-des-estivants\/#article","isPartOf":{"@id":"https:\/\/dpress.ma\/fr\/2025\/08\/24\/laayoune-la-plage-de-foum-el-oued-ecrin-balneaire-prise-des-estivants\/"},"author":{"name":"Dpress.ma","@id":"https:\/\/dpress.ma\/fr\/#\/schema\/person\/4898febf3ccd59e6578d838656a306a0"},"headline":"La\u00e2youne : La plage de Foum El Oued, \u00e9crin baln\u00e9aire pris\u00e9 des estivants","datePublished":"2025-08-24T08:32:22+00:00","dateModified":"2025-08-24T08:32:23+00:00","mainEntityOfPage":{"@id":"https:\/\/dpress.ma\/fr\/2025\/08\/24\/laayoune-la-plage-de-foum-el-oued-ecrin-balneaire-prise-des-estivants\/"},"wordCount":632,"commentCount":0,"image":{"@id":"https:\/\/dpress.ma\/fr\/2025\/08\/24\/laayoune-la-plage-de-foum-el-oued-ecrin-balneaire-prise-des-estivants\/#primaryimage"},"thumbnailUrl":"https:\/\/dpress.ma\/fr\/wp-content\/uploads\/sites\/2\/2025\/08\/La-plage-de-Foum-El-Oued.png","articleSection":["societe et regions"],"inLanguage":"fr-FR","potentialAction":[{"@type":"CommentAction","name":"Comment","target":["https:\/\/dpress.ma\/fr\/2025\/08\/24\/laayoune-la-plage-de-foum-el-oued-ecrin-balneaire-prise-des-estivants\/#respond"]}]},{"@type":"WebPage","@id":"https:\/\/dpress.ma\/fr\/2025\/08\/24\/laayoune-la-plage-de-foum-el-oued-ecrin-balneaire-prise-des-estivants\/","url":"https:\/\/dpress.ma\/fr\/2025\/08\/24\/laayoune-la-plage-de-foum-el-oued-ecrin-balneaire-prise-des-estivants\/","name":"La\u00e2youne : La plage de Foum El Oued, \u00e9crin baln\u00e9aire pris\u00e9 des estivants - Dpress.ma\/fr","isPartOf":{"@id":"https:\/\/dpress.ma\/fr\/#website"},"primaryImageOfPage":{"@id":"https:\/\/dpress.ma\/fr\/2025\/08\/24\/laayoune-la-plage-de-foum-el-oued-ecrin-balneaire-prise-des-estivants\/#primaryimage"},"image":{"@id":"https:\/\/dpress.ma\/fr\/2025\/08\/24\/laayoune-la-plage-de-foum-el-oued-ecrin-balneaire-prise-des-estivants\/#primaryimage"},"thumbnailUrl":"https:\/\/dpress.ma\/fr\/wp-content\/uploads\/sites\/2\/2025\/08\/La-plage-de-Foum-El-Oued.png","datePublished":"2025-08-24T08:32:22+00:00","dateModified":"2025-08-24T08:32:23+00:00","author":{"@id":"https:\/\/dpress.ma\/fr\/#\/schema\/person\/4898febf3ccd59e6578d838656a306a0"},"breadcrumb":{"@id":"https:\/\/dpress.ma\/fr\/2025\/08\/24\/laayoune-la-plage-de-foum-el-oued-ecrin-balneaire-prise-des-estivants\/#breadcrumb"},"inLanguage":"fr-FR","potentialAction":[{"@type":"ReadAction","target":["https:\/\/dpress.ma\/fr\/2025\/08\/24\/laayoune-la-plage-de-foum-el-oued-ecrin-balneaire-prise-des-estivants\/"]}]},{"@type":"ImageObject","inLanguage":"fr-FR","@id":"https:\/\/dpress.ma\/fr\/2025\/08\/24\/laayoune-la-plage-de-foum-el-oued-ecrin-balneaire-prise-des-estivants\/#primaryimage","url":"https:\/\/dpress.ma\/fr\/wp-content\/uploads\/sites\/2\/2025\/08\/La-plage-de-Foum-El-Oued.png","contentUrl":"https:\/\/dpress.ma\/fr\/wp-content\/uploads\/sites\/2\/2025\/08\/La-plage-de-Foum-El-Oued.png","width":780,"height":470},{"@type":"BreadcrumbList","@id":"https:\/\/dpress.ma\/fr\/2025\/08\/24\/laayoune-la-plage-de-foum-el-oued-ecrin-balneaire-prise-des-estivants\/#breadcrumb","itemListElement":[{"@type":"ListItem","position":1,"name":"Home","item":"https:\/\/dpress.ma\/fr\/"},{"@type":"ListItem","position":2,"name":"La\u00e2youne : La plage de Foum El Oued, \u00e9crin baln\u00e9aire pris\u00e9 des estivants"}]},{"@type":"WebSite","@id":"https:\/\/dpress.ma\/fr\/#website","url":"https:\/\/dpress.ma\/fr\/","name":"Dpress.ma\/fr","description":"","potentialAction":[{"@type":"SearchAction","target":{"@type":"EntryPoint","urlTemplate":"https:\/\/dpress.ma\/fr\/?s={search_term_string}"},"query-input":{"@type":"PropertyValueSpecification","valueRequired":true,"valueName":"search_term_string"}}],"inLanguage":"fr-FR"},{"@type":"Person","@id":"https:\/\/dpress.ma\/fr\/#\/schema\/person\/4898febf3ccd59e6578d838656a306a0","name":"Dpress.ma","image":{"@type":"ImageObject","inLanguage":"fr-FR","@id":"https:\/\/secure.gravatar.com\/avatar\/72ecc30e9db047a2e0e7176561eb9d564ed77c8108376495b19bd8336405198a?s=96&d=mm&r=g","url":"https:\/\/secure.gravatar.com\/avatar\/72ecc30e9db047a2e0e7176561eb9d564ed77c8108376495b19bd8336405198a?s=96&d=mm&r=g","contentUrl":"https:\/\/secure.gravatar.com\/avatar\/72ecc30e9db047a2e0e7176561eb9d564ed77c8108376495b19bd8336405198a?s=96&d=mm&r=g","caption":"Dpress.ma"},"sameAs":["https:\/\/www.dpress.ma"],"url":"https:\/\/dpress.ma\/fr\/author\/dpress-ma\/"}]}},"amp_enabled":true,"_links":{"self":[{"href":"https:\/\/dpress.ma\/fr\/wp-json\/wp\/v2\/posts\/15880","targetHints":{"allow":["GET"]}}],"collection":[{"href":"https:\/\/dpress.ma\/fr\/wp-json\/wp\/v2\/posts"}],"about":[{"href":"https:\/\/dpress.ma\/fr\/wp-json\/wp\/v2\/types\/post"}],"author":[{"embeddable":true,"href":"https:\/\/dpress.ma\/fr\/wp-json\/wp\/v2\/users\/2"}],"replies":[{"embeddable":true,"href":"https:\/\/dpress.ma\/fr\/wp-json\/wp\/v2\/comments?post=15880"}],"version-history":[{"count":1,"href":"https:\/\/dpress.ma\/fr\/wp-json\/wp\/v2\/posts\/15880\/revisions"}],"predecessor-version":[{"id":15882,"href":"https:\/\/dpress.ma\/fr\/wp-json\/wp\/v2\/posts\/15880\/revisions\/15882"}],"wp:featuredmedia":[{"embeddable":true,"href":"https:\/\/dpress.ma\/fr\/wp-json\/wp\/v2\/media\/15881"}],"wp:attachment":[{"href":"https:\/\/dpress.ma\/fr\/wp-json\/wp\/v2\/media?parent=15880"}],"wp:term":[{"taxonomy":"category","embeddable":true,"href":"https:\/\/dpress.ma\/fr\/wp-json\/wp\/v2\/categories?post=15880"},{"taxonomy":"post_tag","embeddable":true,"href":"https:\/\/dpress.ma\/fr\/wp-json\/wp\/v2\/tags?post=15880"}],"curies":[{"name":"wp","href":"https:\/\/api.w.org\/{rel}","templated":true}]}}