{"id":1585,"date":"2022-05-12T09:07:05","date_gmt":"2022-05-12T09:07:05","guid":{"rendered":"https:\/\/dpress.ma\/fr\/?p=1585"},"modified":"2022-05-12T09:07:07","modified_gmt":"2022-05-12T09:07:07","slug":"sm-le-roi-appelle-a-une-veritable-alliance-africaine-contre-la-desertification","status":"publish","type":"post","link":"https:\/\/dpress.ma\/fr\/2022\/05\/12\/sm-le-roi-appelle-a-une-veritable-alliance-africaine-contre-la-desertification\/","title":{"rendered":"SM le Roi appelle \u00e0 une \u00abv\u00e9ritable alliance africaine contre la d\u00e9sertification\u00bb"},"content":{"rendered":"\n<p>Dpress<\/p>\n\n\n\n<p>Sa Majest\u00e9 le Roi Mohammed VI a appel\u00e9 \u00e0 la mise en place d\u2019une \u00abv\u00e9ritable alliance africaine contre la d\u00e9sertification\u00bb, dot\u00e9e de ressources financi\u00e8res et technologiques ad\u00e9quates et propres \u00e0 une action efficace.<\/p>\n\n\n\n<p>Dans un discours adress\u00e9 au Sommet sur la s\u00e9cheresse et la gestion durable des terres, qui a ouvert ses travaux lundi \u00e0 Abidjan, et dont lecture a \u00e9t\u00e9 donn\u00e9e par le ministre de l\u2019Agriculture, de la p\u00eache maritime, du d\u00e9veloppement rural et des eaux et for\u00eats, M. Mohamed Sadiki, SM le Roi a salu\u00e9 l\u2019Initiative d\u2019Abidjan qui sanctionnera les travaux de ce Sommet, formant le souhait qu\u2019elle soit \u00ab la plateforme d\u2019une mobilisation soutenue et pratique, afin de traduire les engagements politiques en actions concr\u00e8tes\u00bb.<\/p>\n\n\n\n<p>\u00abNous sommes r\u00e9solument d\u00e9cid\u00e9s \u00e0 mener le combat contre cet ennemi commun, par une action coordonn\u00e9e et solidaire \u00bb, a affirm\u00e9 le Souverain relevant que cette rencontre de haut niveau fait partie des \u00ab initiatives r\u00e9gionales phares, adapt\u00e9es aux r\u00e9alit\u00e9s africaines, qui concourent \u00e0 faire \u00e9merger la r\u00e9silience africaine face \u00e0 la s\u00e9cheresse\u00bb.<\/p>\n\n\n\n<p>Face \u00e0 un climat qui change, des ressources hydriques qui se rar\u00e9fient, des populations qui croissent, des villes qui s\u2019\u00e9tendent et des terres agricoles qui se r\u00e9duisent et se d\u00e9gradent, le Sommet d\u2019Abidjan apporte une logique d\u2019action qui est la bienvenue, parall\u00e8lement \u00e0 l\u2019\u00e9ch\u00e9ance conventionnelle de la COP 15 sur la d\u00e9sertification, a soulign\u00e9 SM le Roi.<\/p>\n\n\n\n<p>\u00abContre la s\u00e9cheresse et la d\u00e9gradation des terres, Notre conviction est faite. L\u2019heure est effectivement \u00e0 l\u2019acc\u00e9l\u00e9ration de la mise en \u0153uvre de programmes op\u00e9rationnels de lutte contre la d\u00e9sertification, dans le cadre d\u2019une coop\u00e9ration r\u00e9gionale concr\u00e8te, pragmatique et renforc\u00e9e\u00bb, a dit le Souverain, f\u00e9licitant le Pr\u00e9sident de la R\u00e9publique de C\u00f4te d\u2019Ivoire, Monsieur Alassane Dramane Ouattara, pour l\u2019organisation r\u00e9ussie de ce Sommet, tenu en marge de la 15\u00e8me session de la Conf\u00e9rence des Parties de la Convention des Nations Unies pour la Lutte Contre la D\u00e9sertification.<\/p>\n\n\n\n<p>Dans ce sens, le Souverain se f\u00e9licite que l\u2019initiative d\u2019Abidjan s\u2019inscrive dans la continuit\u00e9 de l\u2019\u00e9lan donn\u00e9 par le Sommet Africain de l\u2019Action en faveur d\u2019une co-\u00e9mergence continentale, organis\u00e9 \u00e0 Marrakech en marge de la COP 22 sur le climat.<\/p>\n\n\n\n<p>SM le Roi a soulign\u00e9, dans ce cadre, que la compl\u00e9mentarit\u00e9 est effectivement \u00abparfaite\u00bb entre l\u2019Initiative d\u2019Abidjan et les trois Commissions Climat pour l\u2019Afrique issues du Sommet de Marrakech de 2016 : la Commission du Bassin du Congo ; la Commission de la R\u00e9gion du Sahel ; et Commission des Etats Insulaires, relevant que l\u2019initiative d\u2019Abidjan r\u00e9sonne aussi avec l\u2019Initiative Triple A pour une Agriculture Africaine Adapt\u00e9e, et l\u2019Initiative 3S pour la Soutenabilit\u00e9, la Stabilit\u00e9 et la S\u00e9curit\u00e9 en Afrique.<\/p>\n\n\n\n<p>Dans son discours, le Souverain s\u2019est attard\u00e9 sur la situation en Afrique, un continent particuli\u00e8rement touch\u00e9 par la d\u00e9sertification, avec des millions d\u2019hectares menac\u00e9s en raison de l\u2019avanc\u00e9e du d\u00e9sert, qui progresse dans certaines r\u00e9gions \u00e0 un rythme de 5 km par an.<\/p>\n\n\n\n<p>Un \u00e9tat des lieux pr\u00e9occupant puisque, comme l\u2019a affirm\u00e9 Sa Majest\u00e9 le Roi, \u00abla d\u00e9gradation des terres est un multiplicateur de vuln\u00e9rabilit\u00e9s\u00bb.<\/p>\n\n\n\n<p>\u00abAvec la s\u00e9curit\u00e9 environnementale, se trouvent en jeu la s\u00e9curit\u00e9 alimentaire, la s\u00e9curit\u00e9 humaine et la s\u00e9curit\u00e9 \u201ctout court\u201d. Une terre perdue \u00e0 la vie est une terre gagn\u00e9e \u00e0 l\u2019ins\u00e9curit\u00e9\u00bb, a dit SM le Roi.<\/p>\n\n\n\n<p>Comme illustration de ce lien de cause \u00e0 effet, le Souverain a soulign\u00e9 que \u00ables zones en prise avec une d\u00e9gradation extr\u00eame des conditions environnementales, sont bien souvent aussi, celles o\u00f9 les conflits \u00e9clatent, o\u00f9 les populations sont d\u00e9plac\u00e9es et o\u00f9 les groupes terroristes et s\u00e9paratistes cherchent \u00e0 s\u2019infiltrer\u00bb.<\/p>\n\n\n\n<p>Autant de faits qui prouvent que \u00able combat contre la d\u00e9sertification et la d\u00e9gradation des terres est v\u00e9ritablement une lutte existentielle, qui se pose \u00e0 tous, et \u00e0 l\u2019Afrique, avec une acuit\u00e9 singuli\u00e8re\u00bb, a soulign\u00e9 le Souverain, insistant que \u00able combat ne doit s\u2019achopper ni \u00e0 l\u2019absence de capacit\u00e9s technologiques, ni au d\u00e9faut de ressources \u00e9conomiques, ni \u2013 encore moins \u2013 \u00e0 un manque de volont\u00e9 politique\u00bb.<\/p>\n\n\n\n<p>Pour r\u00e9ussir ce \u00abcombat de tous, et de tous les instants\u00bb contre la d\u00e9sertification, SM le Roi a fix\u00e9 les d\u00e9fis \u00e0 relever : r\u00e9duire les vuln\u00e9rabilit\u00e9s \u00e0 la s\u00e9cheresse ; construire des capacit\u00e9s de gestion durable des terres ; faire converger les efforts r\u00e9gionaux et internationaux ; permettre le d\u00e9ploiement de solutions sp\u00e9cifiques et ma\u00eetriser le stress hydrique.<\/p>\n\n\n\n<p>C\u2019est dans cet \u00e9tat d\u2019esprit qu\u2019intervient, justement, le Sommet d\u2019Abidjan sur la s\u00e9cheresse et la gestion durable des terres qui constitue, comme l\u2019a soulign\u00e9 SM le Roi, \u00able visage d\u00e9termin\u00e9 d\u2019une mobilisation concr\u00e8te face au probl\u00e8me de la s\u00e9cheresse qui, dans notre continent africain plus qu\u2019ailleurs, constitue un d\u00e9fi structurel\u00bb et \u00able reflet \u00e9clatant de cette Afrique qui Nous est si ch\u00e8re : l\u2019Afrique entreprenante, qui prend son destin en main\u00bb.<\/p>\n","protected":false},"excerpt":{"rendered":"<p>Dpress Sa Majest\u00e9 le Roi Mohammed VI a appel\u00e9 \u00e0 la mise en place d\u2019une \u00abv\u00e9ritable alliance africaine contre la d\u00e9sertification\u00bb, dot\u00e9e de ressources financi\u00e8res et technologiques ad\u00e9quates et propres \u00e0 une action efficace. Dans un discours adress\u00e9 au Sommet sur la s\u00e9cheresse et la gestion durable des terres, qui a ouvert ses travaux lundi &hellip;<\/p>\n","protected":false},"author":2,"featured_media":1123,"comment_status":"closed","ping_status":"open","sticky":false,"template":"","format":"standard","meta":{"footnotes":""},"categories":[29],"tags":[],"class_list":["post-1585","post","type-post","status-publish","format-standard","has-post-thumbnail","hentry","category-activites-royales"],"yoast_head":"<!-- This site is optimized with the Yoast SEO plugin v27.5 - https:\/\/yoast.com\/product\/yoast-seo-wordpress\/ -->\n<title>SM le Roi appelle \u00e0 une \u00abv\u00e9ritable alliance africaine contre la d\u00e9sertification\u00bb - Dpress.ma\/fr<\/title>\n<meta name=\"description\" content=\"Sa Majest\u00e9 le Roi Mohammed VI a appel\u00e9 \u00e0 la mise en place d\u2019une \u00abv\u00e9ritable alliance africaine contre la d\u00e9sertification\u00bb, dot\u00e9e de ...\" \/>\n<meta name=\"robots\" content=\"index, follow, max-snippet:-1, max-image-preview:large, max-video-preview:-1\" \/>\n<link rel=\"canonical\" href=\"https:\/\/dpress.ma\/fr\/2022\/05\/12\/sm-le-roi-appelle-a-une-veritable-alliance-africaine-contre-la-desertification\/\" \/>\n<meta property=\"og:locale\" content=\"fr_FR\" \/>\n<meta property=\"og:type\" content=\"article\" \/>\n<meta property=\"og:title\" content=\"SM le Roi appelle \u00e0 une \u00abv\u00e9ritable alliance africaine contre la d\u00e9sertification\u00bb - Dpress.ma\/fr\" \/>\n<meta property=\"og:description\" content=\"Sa Majest\u00e9 le Roi Mohammed VI a appel\u00e9 \u00e0 la mise en place d\u2019une \u00abv\u00e9ritable alliance africaine contre la d\u00e9sertification\u00bb, dot\u00e9e de ...\" \/>\n<meta property=\"og:url\" content=\"https:\/\/dpress.ma\/fr\/2022\/05\/12\/sm-le-roi-appelle-a-une-veritable-alliance-africaine-contre-la-desertification\/\" \/>\n<meta property=\"og:site_name\" content=\"Dpress.ma\/fr\" \/>\n<meta property=\"article:published_time\" content=\"2022-05-12T09:07:05+00:00\" \/>\n<meta property=\"article:modified_time\" content=\"2022-05-12T09:07:07+00:00\" \/>\n<meta property=\"og:image\" content=\"https:\/\/dpress.ma\/fr\/wp-content\/uploads\/sites\/2\/2022\/04\/roi-fr1.jpg\" \/>\n\t<meta property=\"og:image:width\" content=\"2539\" \/>\n\t<meta property=\"og:image:height\" content=\"1594\" \/>\n\t<meta property=\"og:image:type\" content=\"image\/jpeg\" \/>\n<meta name=\"author\" content=\"Dpress.ma\" \/>\n<meta name=\"twitter:card\" content=\"summary_large_image\" \/>\n<meta name=\"twitter:label1\" content=\"\u00c9crit par\" \/>\n\t<meta name=\"twitter:data1\" content=\"Dpress.ma\" \/>\n\t<meta name=\"twitter:label2\" content=\"Dur\u00e9e de lecture estim\u00e9e\" \/>\n\t<meta name=\"twitter:data2\" content=\"4 minutes\" \/>\n<script type=\"application\/ld+json\" class=\"yoast-schema-graph\">{\"@context\":\"https:\\\/\\\/schema.org\",\"@graph\":[{\"@type\":\"Article\",\"@id\":\"https:\\\/\\\/dpress.ma\\\/fr\\\/2022\\\/05\\\/12\\\/sm-le-roi-appelle-a-une-veritable-alliance-africaine-contre-la-desertification\\\/#article\",\"isPartOf\":{\"@id\":\"https:\\\/\\\/dpress.ma\\\/fr\\\/2022\\\/05\\\/12\\\/sm-le-roi-appelle-a-une-veritable-alliance-africaine-contre-la-desertification\\\/\"},\"author\":{\"name\":\"Dpress.ma\",\"@id\":\"https:\\\/\\\/dpress.ma\\\/fr\\\/#\\\/schema\\\/person\\\/4898febf3ccd59e6578d838656a306a0\"},\"headline\":\"SM le Roi appelle \u00e0 une \u00abv\u00e9ritable alliance africaine contre la d\u00e9sertification\u00bb\",\"datePublished\":\"2022-05-12T09:07:05+00:00\",\"dateModified\":\"2022-05-12T09:07:07+00:00\",\"mainEntityOfPage\":{\"@id\":\"https:\\\/\\\/dpress.ma\\\/fr\\\/2022\\\/05\\\/12\\\/sm-le-roi-appelle-a-une-veritable-alliance-africaine-contre-la-desertification\\\/\"},\"wordCount\":900,\"image\":{\"@id\":\"https:\\\/\\\/dpress.ma\\\/fr\\\/2022\\\/05\\\/12\\\/sm-le-roi-appelle-a-une-veritable-alliance-africaine-contre-la-desertification\\\/#primaryimage\"},\"thumbnailUrl\":\"https:\\\/\\\/dpress.ma\\\/fr\\\/wp-content\\\/uploads\\\/sites\\\/2\\\/2022\\\/04\\\/roi-fr1.jpg\",\"articleSection\":[\"Activit\u00e9s Royales\"],\"inLanguage\":\"fr-FR\"},{\"@type\":\"WebPage\",\"@id\":\"https:\\\/\\\/dpress.ma\\\/fr\\\/2022\\\/05\\\/12\\\/sm-le-roi-appelle-a-une-veritable-alliance-africaine-contre-la-desertification\\\/\",\"url\":\"https:\\\/\\\/dpress.ma\\\/fr\\\/2022\\\/05\\\/12\\\/sm-le-roi-appelle-a-une-veritable-alliance-africaine-contre-la-desertification\\\/\",\"name\":\"SM le Roi appelle \u00e0 une \u00abv\u00e9ritable alliance africaine contre la d\u00e9sertification\u00bb - Dpress.ma\\\/fr\",\"isPartOf\":{\"@id\":\"https:\\\/\\\/dpress.ma\\\/fr\\\/#website\"},\"primaryImageOfPage\":{\"@id\":\"https:\\\/\\\/dpress.ma\\\/fr\\\/2022\\\/05\\\/12\\\/sm-le-roi-appelle-a-une-veritable-alliance-africaine-contre-la-desertification\\\/#primaryimage\"},\"image\":{\"@id\":\"https:\\\/\\\/dpress.ma\\\/fr\\\/2022\\\/05\\\/12\\\/sm-le-roi-appelle-a-une-veritable-alliance-africaine-contre-la-desertification\\\/#primaryimage\"},\"thumbnailUrl\":\"https:\\\/\\\/dpress.ma\\\/fr\\\/wp-content\\\/uploads\\\/sites\\\/2\\\/2022\\\/04\\\/roi-fr1.jpg\",\"datePublished\":\"2022-05-12T09:07:05+00:00\",\"dateModified\":\"2022-05-12T09:07:07+00:00\",\"author\":{\"@id\":\"https:\\\/\\\/dpress.ma\\\/fr\\\/#\\\/schema\\\/person\\\/4898febf3ccd59e6578d838656a306a0\"},\"description\":\"Sa Majest\u00e9 le Roi Mohammed VI a appel\u00e9 \u00e0 la mise en place d\u2019une \u00abv\u00e9ritable alliance africaine contre la d\u00e9sertification\u00bb, dot\u00e9e de ...\",\"breadcrumb\":{\"@id\":\"https:\\\/\\\/dpress.ma\\\/fr\\\/2022\\\/05\\\/12\\\/sm-le-roi-appelle-a-une-veritable-alliance-africaine-contre-la-desertification\\\/#breadcrumb\"},\"inLanguage\":\"fr-FR\",\"potentialAction\":[{\"@type\":\"ReadAction\",\"target\":[\"https:\\\/\\\/dpress.ma\\\/fr\\\/2022\\\/05\\\/12\\\/sm-le-roi-appelle-a-une-veritable-alliance-africaine-contre-la-desertification\\\/\"]}]},{\"@type\":\"ImageObject\",\"inLanguage\":\"fr-FR\",\"@id\":\"https:\\\/\\\/dpress.ma\\\/fr\\\/2022\\\/05\\\/12\\\/sm-le-roi-appelle-a-une-veritable-alliance-africaine-contre-la-desertification\\\/#primaryimage\",\"url\":\"https:\\\/\\\/dpress.ma\\\/fr\\\/wp-content\\\/uploads\\\/sites\\\/2\\\/2022\\\/04\\\/roi-fr1.jpg\",\"contentUrl\":\"https:\\\/\\\/dpress.ma\\\/fr\\\/wp-content\\\/uploads\\\/sites\\\/2\\\/2022\\\/04\\\/roi-fr1.jpg\",\"width\":2539,\"height\":1594},{\"@type\":\"BreadcrumbList\",\"@id\":\"https:\\\/\\\/dpress.ma\\\/fr\\\/2022\\\/05\\\/12\\\/sm-le-roi-appelle-a-une-veritable-alliance-africaine-contre-la-desertification\\\/#breadcrumb\",\"itemListElement\":[{\"@type\":\"ListItem\",\"position\":1,\"name\":\"Home\",\"item\":\"https:\\\/\\\/dpress.ma\\\/fr\\\/\"},{\"@type\":\"ListItem\",\"position\":2,\"name\":\"SM le Roi appelle \u00e0 une \u00abv\u00e9ritable alliance africaine contre la d\u00e9sertification\u00bb\"}]},{\"@type\":\"WebSite\",\"@id\":\"https:\\\/\\\/dpress.ma\\\/fr\\\/#website\",\"url\":\"https:\\\/\\\/dpress.ma\\\/fr\\\/\",\"name\":\"Dpress.ma\\\/fr\",\"description\":\"\",\"potentialAction\":[{\"@type\":\"SearchAction\",\"target\":{\"@type\":\"EntryPoint\",\"urlTemplate\":\"https:\\\/\\\/dpress.ma\\\/fr\\\/?s={search_term_string}\"},\"query-input\":{\"@type\":\"PropertyValueSpecification\",\"valueRequired\":true,\"valueName\":\"search_term_string\"}}],\"inLanguage\":\"fr-FR\"},{\"@type\":\"Person\",\"@id\":\"https:\\\/\\\/dpress.ma\\\/fr\\\/#\\\/schema\\\/person\\\/4898febf3ccd59e6578d838656a306a0\",\"name\":\"Dpress.ma\",\"image\":{\"@type\":\"ImageObject\",\"inLanguage\":\"fr-FR\",\"@id\":\"https:\\\/\\\/secure.gravatar.com\\\/avatar\\\/72ecc30e9db047a2e0e7176561eb9d564ed77c8108376495b19bd8336405198a?s=96&d=mm&r=g\",\"url\":\"https:\\\/\\\/secure.gravatar.com\\\/avatar\\\/72ecc30e9db047a2e0e7176561eb9d564ed77c8108376495b19bd8336405198a?s=96&d=mm&r=g\",\"contentUrl\":\"https:\\\/\\\/secure.gravatar.com\\\/avatar\\\/72ecc30e9db047a2e0e7176561eb9d564ed77c8108376495b19bd8336405198a?s=96&d=mm&r=g\",\"caption\":\"Dpress.ma\"},\"sameAs\":[\"https:\\\/\\\/www.dpress.ma\"],\"url\":\"https:\\\/\\\/dpress.ma\\\/fr\\\/author\\\/dpress-ma\\\/\"}]}<\/script>\n<!-- \/ Yoast SEO plugin. -->","yoast_head_json":{"title":"SM le Roi appelle \u00e0 une \u00abv\u00e9ritable alliance africaine contre la d\u00e9sertification\u00bb - Dpress.ma\/fr","description":"Sa Majest\u00e9 le Roi Mohammed VI a appel\u00e9 \u00e0 la mise en place d\u2019une \u00abv\u00e9ritable alliance africaine contre la d\u00e9sertification\u00bb, dot\u00e9e de ...","robots":{"index":"index","follow":"follow","max-snippet":"max-snippet:-1","max-image-preview":"max-image-preview:large","max-video-preview":"max-video-preview:-1"},"canonical":"https:\/\/dpress.ma\/fr\/2022\/05\/12\/sm-le-roi-appelle-a-une-veritable-alliance-africaine-contre-la-desertification\/","og_locale":"fr_FR","og_type":"article","og_title":"SM le Roi appelle \u00e0 une \u00abv\u00e9ritable alliance africaine contre la d\u00e9sertification\u00bb - Dpress.ma\/fr","og_description":"Sa Majest\u00e9 le Roi Mohammed VI a appel\u00e9 \u00e0 la mise en place d\u2019une \u00abv\u00e9ritable alliance africaine contre la d\u00e9sertification\u00bb, dot\u00e9e de ...","og_url":"https:\/\/dpress.ma\/fr\/2022\/05\/12\/sm-le-roi-appelle-a-une-veritable-alliance-africaine-contre-la-desertification\/","og_site_name":"Dpress.ma\/fr","article_published_time":"2022-05-12T09:07:05+00:00","article_modified_time":"2022-05-12T09:07:07+00:00","og_image":[{"width":2539,"height":1594,"url":"https:\/\/dpress.ma\/fr\/wp-content\/uploads\/sites\/2\/2022\/04\/roi-fr1.jpg","type":"image\/jpeg"}],"author":"Dpress.ma","twitter_card":"summary_large_image","twitter_misc":{"\u00c9crit par":"Dpress.ma","Dur\u00e9e de lecture estim\u00e9e":"4 minutes"},"schema":{"@context":"https:\/\/schema.org","@graph":[{"@type":"Article","@id":"https:\/\/dpress.ma\/fr\/2022\/05\/12\/sm-le-roi-appelle-a-une-veritable-alliance-africaine-contre-la-desertification\/#article","isPartOf":{"@id":"https:\/\/dpress.ma\/fr\/2022\/05\/12\/sm-le-roi-appelle-a-une-veritable-alliance-africaine-contre-la-desertification\/"},"author":{"name":"Dpress.ma","@id":"https:\/\/dpress.ma\/fr\/#\/schema\/person\/4898febf3ccd59e6578d838656a306a0"},"headline":"SM le Roi appelle \u00e0 une \u00abv\u00e9ritable alliance africaine contre la d\u00e9sertification\u00bb","datePublished":"2022-05-12T09:07:05+00:00","dateModified":"2022-05-12T09:07:07+00:00","mainEntityOfPage":{"@id":"https:\/\/dpress.ma\/fr\/2022\/05\/12\/sm-le-roi-appelle-a-une-veritable-alliance-africaine-contre-la-desertification\/"},"wordCount":900,"image":{"@id":"https:\/\/dpress.ma\/fr\/2022\/05\/12\/sm-le-roi-appelle-a-une-veritable-alliance-africaine-contre-la-desertification\/#primaryimage"},"thumbnailUrl":"https:\/\/dpress.ma\/fr\/wp-content\/uploads\/sites\/2\/2022\/04\/roi-fr1.jpg","articleSection":["Activit\u00e9s Royales"],"inLanguage":"fr-FR"},{"@type":"WebPage","@id":"https:\/\/dpress.ma\/fr\/2022\/05\/12\/sm-le-roi-appelle-a-une-veritable-alliance-africaine-contre-la-desertification\/","url":"https:\/\/dpress.ma\/fr\/2022\/05\/12\/sm-le-roi-appelle-a-une-veritable-alliance-africaine-contre-la-desertification\/","name":"SM le Roi appelle \u00e0 une \u00abv\u00e9ritable alliance africaine contre la d\u00e9sertification\u00bb - Dpress.ma\/fr","isPartOf":{"@id":"https:\/\/dpress.ma\/fr\/#website"},"primaryImageOfPage":{"@id":"https:\/\/dpress.ma\/fr\/2022\/05\/12\/sm-le-roi-appelle-a-une-veritable-alliance-africaine-contre-la-desertification\/#primaryimage"},"image":{"@id":"https:\/\/dpress.ma\/fr\/2022\/05\/12\/sm-le-roi-appelle-a-une-veritable-alliance-africaine-contre-la-desertification\/#primaryimage"},"thumbnailUrl":"https:\/\/dpress.ma\/fr\/wp-content\/uploads\/sites\/2\/2022\/04\/roi-fr1.jpg","datePublished":"2022-05-12T09:07:05+00:00","dateModified":"2022-05-12T09:07:07+00:00","author":{"@id":"https:\/\/dpress.ma\/fr\/#\/schema\/person\/4898febf3ccd59e6578d838656a306a0"},"description":"Sa Majest\u00e9 le Roi Mohammed VI a appel\u00e9 \u00e0 la mise en place d\u2019une \u00abv\u00e9ritable alliance africaine contre la d\u00e9sertification\u00bb, dot\u00e9e de ...","breadcrumb":{"@id":"https:\/\/dpress.ma\/fr\/2022\/05\/12\/sm-le-roi-appelle-a-une-veritable-alliance-africaine-contre-la-desertification\/#breadcrumb"},"inLanguage":"fr-FR","potentialAction":[{"@type":"ReadAction","target":["https:\/\/dpress.ma\/fr\/2022\/05\/12\/sm-le-roi-appelle-a-une-veritable-alliance-africaine-contre-la-desertification\/"]}]},{"@type":"ImageObject","inLanguage":"fr-FR","@id":"https:\/\/dpress.ma\/fr\/2022\/05\/12\/sm-le-roi-appelle-a-une-veritable-alliance-africaine-contre-la-desertification\/#primaryimage","url":"https:\/\/dpress.ma\/fr\/wp-content\/uploads\/sites\/2\/2022\/04\/roi-fr1.jpg","contentUrl":"https:\/\/dpress.ma\/fr\/wp-content\/uploads\/sites\/2\/2022\/04\/roi-fr1.jpg","width":2539,"height":1594},{"@type":"BreadcrumbList","@id":"https:\/\/dpress.ma\/fr\/2022\/05\/12\/sm-le-roi-appelle-a-une-veritable-alliance-africaine-contre-la-desertification\/#breadcrumb","itemListElement":[{"@type":"ListItem","position":1,"name":"Home","item":"https:\/\/dpress.ma\/fr\/"},{"@type":"ListItem","position":2,"name":"SM le Roi appelle \u00e0 une \u00abv\u00e9ritable alliance africaine contre la d\u00e9sertification\u00bb"}]},{"@type":"WebSite","@id":"https:\/\/dpress.ma\/fr\/#website","url":"https:\/\/dpress.ma\/fr\/","name":"Dpress.ma\/fr","description":"","potentialAction":[{"@type":"SearchAction","target":{"@type":"EntryPoint","urlTemplate":"https:\/\/dpress.ma\/fr\/?s={search_term_string}"},"query-input":{"@type":"PropertyValueSpecification","valueRequired":true,"valueName":"search_term_string"}}],"inLanguage":"fr-FR"},{"@type":"Person","@id":"https:\/\/dpress.ma\/fr\/#\/schema\/person\/4898febf3ccd59e6578d838656a306a0","name":"Dpress.ma","image":{"@type":"ImageObject","inLanguage":"fr-FR","@id":"https:\/\/secure.gravatar.com\/avatar\/72ecc30e9db047a2e0e7176561eb9d564ed77c8108376495b19bd8336405198a?s=96&d=mm&r=g","url":"https:\/\/secure.gravatar.com\/avatar\/72ecc30e9db047a2e0e7176561eb9d564ed77c8108376495b19bd8336405198a?s=96&d=mm&r=g","contentUrl":"https:\/\/secure.gravatar.com\/avatar\/72ecc30e9db047a2e0e7176561eb9d564ed77c8108376495b19bd8336405198a?s=96&d=mm&r=g","caption":"Dpress.ma"},"sameAs":["https:\/\/www.dpress.ma"],"url":"https:\/\/dpress.ma\/fr\/author\/dpress-ma\/"}]}},"amp_enabled":true,"_links":{"self":[{"href":"https:\/\/dpress.ma\/fr\/wp-json\/wp\/v2\/posts\/1585","targetHints":{"allow":["GET"]}}],"collection":[{"href":"https:\/\/dpress.ma\/fr\/wp-json\/wp\/v2\/posts"}],"about":[{"href":"https:\/\/dpress.ma\/fr\/wp-json\/wp\/v2\/types\/post"}],"author":[{"embeddable":true,"href":"https:\/\/dpress.ma\/fr\/wp-json\/wp\/v2\/users\/2"}],"replies":[{"embeddable":true,"href":"https:\/\/dpress.ma\/fr\/wp-json\/wp\/v2\/comments?post=1585"}],"version-history":[{"count":1,"href":"https:\/\/dpress.ma\/fr\/wp-json\/wp\/v2\/posts\/1585\/revisions"}],"predecessor-version":[{"id":1586,"href":"https:\/\/dpress.ma\/fr\/wp-json\/wp\/v2\/posts\/1585\/revisions\/1586"}],"wp:featuredmedia":[{"embeddable":true,"href":"https:\/\/dpress.ma\/fr\/wp-json\/wp\/v2\/media\/1123"}],"wp:attachment":[{"href":"https:\/\/dpress.ma\/fr\/wp-json\/wp\/v2\/media?parent=1585"}],"wp:term":[{"taxonomy":"category","embeddable":true,"href":"https:\/\/dpress.ma\/fr\/wp-json\/wp\/v2\/categories?post=1585"},{"taxonomy":"post_tag","embeddable":true,"href":"https:\/\/dpress.ma\/fr\/wp-json\/wp\/v2\/tags?post=1585"}],"curies":[{"name":"wp","href":"https:\/\/api.w.org\/{rel}","templated":true}]}}