{"id":1583,"date":"2022-05-12T09:04:37","date_gmt":"2022-05-12T09:04:37","guid":{"rendered":"https:\/\/dpress.ma\/fr\/?p=1583"},"modified":"2022-05-12T09:04:39","modified_gmt":"2022-05-12T09:04:39","slug":"face-au-changement-climatique-le-maroc-adopte-des-strategies-dadaptation-et-dattenuation-pour-se-doter-dun-modele-de-gestion-inclusif-et-durable","status":"publish","type":"post","link":"https:\/\/dpress.ma\/fr\/2022\/05\/12\/face-au-changement-climatique-le-maroc-adopte-des-strategies-dadaptation-et-dattenuation-pour-se-doter-dun-modele-de-gestion-inclusif-et-durable\/","title":{"rendered":"Face au changement climatique, le Maroc adopte des strat\u00e9gies  d\u2019adaptation et d\u2019att\u00e9nuation pour se doter d\u2019un mod\u00e8le de gestion  inclusif et durable"},"content":{"rendered":"\n<p>Dpress<\/p>\n\n\n\n<p>Face au changement climatique, le Maroc a adopt\u00e9 des strat\u00e9gies d\u2019adaptation et d\u2019att\u00e9nuation qu\u2019il d\u00e9fend \u00e0 l\u2019international et qu\u2019il porte au niveau national dans le but de doter le Royaume d\u2019\u00abun mod\u00e8le de gestion inclusif et durable\u00bb, a soulign\u00e9 SM le Roi, dans un discours adress\u00e9 au Sommet sur la s\u00e9cheresse et la gestion durable des terres, qui a ouvert ses travaux lundi \u00e0 Abidjan.<\/p>\n\n\n\n<p>Le Maroc, conscient que \u00ab la lutte contre le changement climatique n\u2019est pas seulement une affaire d\u2019att\u00e9nuation des \u00e9missions de gaz \u00e0 effet de serre, mais aussi de gestion durable des terres\u00bb, s\u2019est engag\u00e9 sur plusieurs fronts, particuli\u00e8rement ceux de la pr\u00e9servation des \u00e9cosyst\u00e8mes, de la sauvegarde de la biodiversit\u00e9 et de l\u2019att\u00e9nuation de la pr\u00e9carit\u00e9 des populations vuln\u00e9rables, rel\u00e8ve le Souverain dans ce Discours dont lecture a \u00e9t\u00e9 donn\u00e9e par le ministre de l\u2019Agriculture, de la p\u00eache maritime, du d\u00e9veloppement rural et des eaux et for\u00eats, M. Mohamed Sadiki.<\/p>\n\n\n\n<p>Cet engagement s\u2019est traduit par des actions entreprises sur les plans r\u00e9gional et international avec, \u00e0 chaque fois, une d\u00e9clinaison nationale, poursuit SM le Roi dans ce discours adress\u00e9 aux participants \u00e0 cette rencontre organis\u00e9e en marge de la 15\u00e8me session de la Conf\u00e9rence des Parties de la Convention des Nations Unies pour la Lutte Contre la D\u00e9sertification.<\/p>\n\n\n\n<p>Ainsi, \u00able Maroc, qui a abrit\u00e9 la COP 22, est aussi celui qui a r\u00e9vis\u00e9 \u00e0 la hausse sa Contribution D\u00e9termin\u00e9e Nationale \u00e0 45,5 % de r\u00e9duction des gaz \u00e0 effet de serre \u00e0 l\u2019horizon 2030 \u00bb, a rappel\u00e9 dans ce cadre SM le Roi.<\/p>\n\n\n\n<p>Autres exemples \u00e9loquents de la d\u00e9clinaison nationale de cet engagement sans faille pour l\u2019environnement, SM le Roi a cit\u00e9 les strat\u00e9gies \u201cFor\u00eats du Maroc 2020-2030\u201d et \u201cG\u00e9n\u00e9ration Green 2020-2030\u201d, qui participent de l\u2019objectif d\u2019inverser le processus de d\u00e9gradation des terres, de r\u00e9duire l\u2019ampleur de la d\u00e9sertification et d\u2019att\u00e9nuer ses r\u00e9percussions, \u00e0 la faveur d\u2019un d\u00e9veloppement humain et social.<\/p>\n\n\n\n<p>Par ailleurs, le Souverain souligne la centralit\u00e9 de la question de l\u2019eau qui se situe \u00ab\u00e0 l\u2019intersection de Notre engagement pour la lutte contre la s\u00e9cheresse, la sauvegarde de la biodiversit\u00e9 et la pr\u00e9servation des \u00e9cosyst\u00e8mes\u00bb.<\/p>\n\n\n\n<p>Fruit de cette d\u00e9termination \u00e0 pr\u00e9server et prot\u00e9ger cette ressource essentielle \u00e0 la vie, le \u201cPlan National de l\u2019Eau\u201d mis en place par le Royaume sert l\u2019objectif d\u2019assurer la s\u00e9curit\u00e9 hydrique et les ressources n\u00e9cessaires en eau, en quantit\u00e9 et en qualit\u00e9, indique le Souverain, relevant que le Nouveau Mod\u00e8le de D\u00e9veloppement place la pr\u00e9servation et la promotion des ressources en eau, parmi les enjeux prioritaires d\u2019un mod\u00e8le de d\u00e9veloppement aussi ancr\u00e9 dans le pr\u00e9sent que tourn\u00e9 vers l\u2019avenir.<\/p>\n\n\n\n<p>T\u00e9moin de l\u2019importance que le Maroc attache \u00e0 ce secteur vital, le \u201cGrand Prix Mondial Hassan II de l\u2019Eau\u201d est \u00e0 la fois un lieu de prise de conscience globale et un espace prestigieux d\u2019\u00e9mulation o\u00f9 rivalisent des solutions innovantes, durables et int\u00e9gr\u00e9es pour porter la cause de l\u2019eau, tient \u00e0 pr\u00e9ciser le Souverain.<\/p>\n\n\n\n<p>Cette cause ne doit pas \u00eatre per\u00e7ue comme \u00ab un sujet th\u00e9orique ou un objet de d\u00e9bat rh\u00e9torique \u00bb mais plut\u00f4t comme \u00ab une r\u00e9alit\u00e9 dure et implacable, qui s\u00e9vit par des s\u00e9cheresses de plus en plus fr\u00e9quentes, de plus en plus intenses et de plus en plus d\u00e9vastatrices\u201d, insiste le Souverain, faisant observer qu\u2019avec plus de 1,5 milliard de personnes impact\u00e9es dans le monde et plus de 124 milliards de dollars de pertes \u00e9conomiques durant les vingt derni\u00e8res ann\u00e9es, la r\u00e9currence des \u00e9pisodes de s\u00e9cheresse et la cadence de la d\u00e9gradation des sols \u00ab se posent r\u00e9ellement en d\u00e9fi majeur\u00bb au monde d\u2019aujourd\u2019hui.<\/p>\n","protected":false},"excerpt":{"rendered":"<p>Dpress Face au changement climatique, le Maroc a adopt\u00e9 des strat\u00e9gies d\u2019adaptation et d\u2019att\u00e9nuation qu\u2019il d\u00e9fend \u00e0 l\u2019international et qu\u2019il porte au niveau national dans le but de doter le Royaume d\u2019\u00abun mod\u00e8le de gestion inclusif et durable\u00bb, a soulign\u00e9 SM le Roi, dans un discours adress\u00e9 au Sommet sur la s\u00e9cheresse et la gestion &hellip;<\/p>\n","protected":false},"author":2,"featured_media":1127,"comment_status":"closed","ping_status":"open","sticky":false,"template":"","format":"standard","meta":{"footnotes":""},"categories":[29],"tags":[],"class_list":["post-1583","post","type-post","status-publish","format-standard","has-post-thumbnail","hentry","category-activites-royales"],"yoast_head":"<!-- This site is optimized with the Yoast SEO plugin v27.5 - https:\/\/yoast.com\/product\/yoast-seo-wordpress\/ -->\n<title>Face au changement climatique, le Maroc adopte des strat\u00e9gies d\u2019adaptation et d\u2019att\u00e9nuation pour se doter d\u2019un mod\u00e8le de gestion inclusif et durable - Dpress.ma\/fr<\/title>\n<meta name=\"description\" content=\"Face au changement climatique, le Maroc a adopt\u00e9 des strat\u00e9gies d\u2019adaptation et d\u2019att\u00e9nuation qu\u2019il d\u00e9fend \u00e0 l\u2019international et qu\u2019il porte...\" \/>\n<meta name=\"robots\" content=\"index, follow, max-snippet:-1, max-image-preview:large, max-video-preview:-1\" \/>\n<link rel=\"canonical\" href=\"https:\/\/dpress.ma\/fr\/2022\/05\/12\/face-au-changement-climatique-le-maroc-adopte-des-strategies-dadaptation-et-dattenuation-pour-se-doter-dun-modele-de-gestion-inclusif-et-durable\/\" \/>\n<meta property=\"og:locale\" content=\"fr_FR\" \/>\n<meta property=\"og:type\" content=\"article\" \/>\n<meta property=\"og:title\" content=\"Face au changement climatique, le Maroc adopte des strat\u00e9gies d\u2019adaptation et d\u2019att\u00e9nuation pour se doter d\u2019un mod\u00e8le de gestion inclusif et durable - Dpress.ma\/fr\" \/>\n<meta property=\"og:description\" content=\"Face au changement climatique, le Maroc a adopt\u00e9 des strat\u00e9gies d\u2019adaptation et d\u2019att\u00e9nuation qu\u2019il d\u00e9fend \u00e0 l\u2019international et qu\u2019il porte...\" \/>\n<meta property=\"og:url\" content=\"https:\/\/dpress.ma\/fr\/2022\/05\/12\/face-au-changement-climatique-le-maroc-adopte-des-strategies-dadaptation-et-dattenuation-pour-se-doter-dun-modele-de-gestion-inclusif-et-durable\/\" \/>\n<meta property=\"og:site_name\" content=\"Dpress.ma\/fr\" \/>\n<meta property=\"article:published_time\" content=\"2022-05-12T09:04:37+00:00\" \/>\n<meta property=\"article:modified_time\" content=\"2022-05-12T09:04:39+00:00\" \/>\n<meta property=\"og:image\" content=\"https:\/\/dpress.ma\/fr\/wp-content\/uploads\/sites\/2\/2022\/04\/roi-fr2.jpg\" \/>\n\t<meta property=\"og:image:width\" content=\"2539\" \/>\n\t<meta property=\"og:image:height\" content=\"1594\" \/>\n\t<meta property=\"og:image:type\" content=\"image\/jpeg\" \/>\n<meta name=\"author\" content=\"Dpress.ma\" \/>\n<meta name=\"twitter:card\" content=\"summary_large_image\" \/>\n<meta name=\"twitter:label1\" content=\"\u00c9crit par\" \/>\n\t<meta name=\"twitter:data1\" content=\"Dpress.ma\" \/>\n\t<meta name=\"twitter:label2\" content=\"Dur\u00e9e de lecture estim\u00e9e\" \/>\n\t<meta name=\"twitter:data2\" content=\"3 minutes\" \/>\n<script type=\"application\/ld+json\" class=\"yoast-schema-graph\">{\"@context\":\"https:\\\/\\\/schema.org\",\"@graph\":[{\"@type\":\"Article\",\"@id\":\"https:\\\/\\\/dpress.ma\\\/fr\\\/2022\\\/05\\\/12\\\/face-au-changement-climatique-le-maroc-adopte-des-strategies-dadaptation-et-dattenuation-pour-se-doter-dun-modele-de-gestion-inclusif-et-durable\\\/#article\",\"isPartOf\":{\"@id\":\"https:\\\/\\\/dpress.ma\\\/fr\\\/2022\\\/05\\\/12\\\/face-au-changement-climatique-le-maroc-adopte-des-strategies-dadaptation-et-dattenuation-pour-se-doter-dun-modele-de-gestion-inclusif-et-durable\\\/\"},\"author\":{\"name\":\"Dpress.ma\",\"@id\":\"https:\\\/\\\/dpress.ma\\\/fr\\\/#\\\/schema\\\/person\\\/4898febf3ccd59e6578d838656a306a0\"},\"headline\":\"Face au changement climatique, le Maroc adopte des strat\u00e9gies d\u2019adaptation et d\u2019att\u00e9nuation pour se doter d\u2019un mod\u00e8le de gestion inclusif et durable\",\"datePublished\":\"2022-05-12T09:04:37+00:00\",\"dateModified\":\"2022-05-12T09:04:39+00:00\",\"mainEntityOfPage\":{\"@id\":\"https:\\\/\\\/dpress.ma\\\/fr\\\/2022\\\/05\\\/12\\\/face-au-changement-climatique-le-maroc-adopte-des-strategies-dadaptation-et-dattenuation-pour-se-doter-dun-modele-de-gestion-inclusif-et-durable\\\/\"},\"wordCount\":696,\"image\":{\"@id\":\"https:\\\/\\\/dpress.ma\\\/fr\\\/2022\\\/05\\\/12\\\/face-au-changement-climatique-le-maroc-adopte-des-strategies-dadaptation-et-dattenuation-pour-se-doter-dun-modele-de-gestion-inclusif-et-durable\\\/#primaryimage\"},\"thumbnailUrl\":\"https:\\\/\\\/dpress.ma\\\/fr\\\/wp-content\\\/uploads\\\/sites\\\/2\\\/2022\\\/04\\\/roi-fr2.jpg\",\"articleSection\":[\"Activit\u00e9s Royales\"],\"inLanguage\":\"fr-FR\"},{\"@type\":\"WebPage\",\"@id\":\"https:\\\/\\\/dpress.ma\\\/fr\\\/2022\\\/05\\\/12\\\/face-au-changement-climatique-le-maroc-adopte-des-strategies-dadaptation-et-dattenuation-pour-se-doter-dun-modele-de-gestion-inclusif-et-durable\\\/\",\"url\":\"https:\\\/\\\/dpress.ma\\\/fr\\\/2022\\\/05\\\/12\\\/face-au-changement-climatique-le-maroc-adopte-des-strategies-dadaptation-et-dattenuation-pour-se-doter-dun-modele-de-gestion-inclusif-et-durable\\\/\",\"name\":\"Face au changement climatique, le Maroc adopte des strat\u00e9gies d\u2019adaptation et d\u2019att\u00e9nuation pour se doter d\u2019un mod\u00e8le de gestion inclusif et durable - Dpress.ma\\\/fr\",\"isPartOf\":{\"@id\":\"https:\\\/\\\/dpress.ma\\\/fr\\\/#website\"},\"primaryImageOfPage\":{\"@id\":\"https:\\\/\\\/dpress.ma\\\/fr\\\/2022\\\/05\\\/12\\\/face-au-changement-climatique-le-maroc-adopte-des-strategies-dadaptation-et-dattenuation-pour-se-doter-dun-modele-de-gestion-inclusif-et-durable\\\/#primaryimage\"},\"image\":{\"@id\":\"https:\\\/\\\/dpress.ma\\\/fr\\\/2022\\\/05\\\/12\\\/face-au-changement-climatique-le-maroc-adopte-des-strategies-dadaptation-et-dattenuation-pour-se-doter-dun-modele-de-gestion-inclusif-et-durable\\\/#primaryimage\"},\"thumbnailUrl\":\"https:\\\/\\\/dpress.ma\\\/fr\\\/wp-content\\\/uploads\\\/sites\\\/2\\\/2022\\\/04\\\/roi-fr2.jpg\",\"datePublished\":\"2022-05-12T09:04:37+00:00\",\"dateModified\":\"2022-05-12T09:04:39+00:00\",\"author\":{\"@id\":\"https:\\\/\\\/dpress.ma\\\/fr\\\/#\\\/schema\\\/person\\\/4898febf3ccd59e6578d838656a306a0\"},\"description\":\"Face au changement climatique, le Maroc a adopt\u00e9 des strat\u00e9gies d\u2019adaptation et d\u2019att\u00e9nuation qu\u2019il d\u00e9fend \u00e0 l\u2019international et qu\u2019il porte...\",\"breadcrumb\":{\"@id\":\"https:\\\/\\\/dpress.ma\\\/fr\\\/2022\\\/05\\\/12\\\/face-au-changement-climatique-le-maroc-adopte-des-strategies-dadaptation-et-dattenuation-pour-se-doter-dun-modele-de-gestion-inclusif-et-durable\\\/#breadcrumb\"},\"inLanguage\":\"fr-FR\",\"potentialAction\":[{\"@type\":\"ReadAction\",\"target\":[\"https:\\\/\\\/dpress.ma\\\/fr\\\/2022\\\/05\\\/12\\\/face-au-changement-climatique-le-maroc-adopte-des-strategies-dadaptation-et-dattenuation-pour-se-doter-dun-modele-de-gestion-inclusif-et-durable\\\/\"]}]},{\"@type\":\"ImageObject\",\"inLanguage\":\"fr-FR\",\"@id\":\"https:\\\/\\\/dpress.ma\\\/fr\\\/2022\\\/05\\\/12\\\/face-au-changement-climatique-le-maroc-adopte-des-strategies-dadaptation-et-dattenuation-pour-se-doter-dun-modele-de-gestion-inclusif-et-durable\\\/#primaryimage\",\"url\":\"https:\\\/\\\/dpress.ma\\\/fr\\\/wp-content\\\/uploads\\\/sites\\\/2\\\/2022\\\/04\\\/roi-fr2.jpg\",\"contentUrl\":\"https:\\\/\\\/dpress.ma\\\/fr\\\/wp-content\\\/uploads\\\/sites\\\/2\\\/2022\\\/04\\\/roi-fr2.jpg\",\"width\":2539,\"height\":1594},{\"@type\":\"BreadcrumbList\",\"@id\":\"https:\\\/\\\/dpress.ma\\\/fr\\\/2022\\\/05\\\/12\\\/face-au-changement-climatique-le-maroc-adopte-des-strategies-dadaptation-et-dattenuation-pour-se-doter-dun-modele-de-gestion-inclusif-et-durable\\\/#breadcrumb\",\"itemListElement\":[{\"@type\":\"ListItem\",\"position\":1,\"name\":\"Home\",\"item\":\"https:\\\/\\\/dpress.ma\\\/fr\\\/\"},{\"@type\":\"ListItem\",\"position\":2,\"name\":\"Face au changement climatique, le Maroc adopte des strat\u00e9gies d\u2019adaptation et d\u2019att\u00e9nuation pour se doter d\u2019un mod\u00e8le de gestion inclusif et durable\"}]},{\"@type\":\"WebSite\",\"@id\":\"https:\\\/\\\/dpress.ma\\\/fr\\\/#website\",\"url\":\"https:\\\/\\\/dpress.ma\\\/fr\\\/\",\"name\":\"Dpress.ma\\\/fr\",\"description\":\"\",\"potentialAction\":[{\"@type\":\"SearchAction\",\"target\":{\"@type\":\"EntryPoint\",\"urlTemplate\":\"https:\\\/\\\/dpress.ma\\\/fr\\\/?s={search_term_string}\"},\"query-input\":{\"@type\":\"PropertyValueSpecification\",\"valueRequired\":true,\"valueName\":\"search_term_string\"}}],\"inLanguage\":\"fr-FR\"},{\"@type\":\"Person\",\"@id\":\"https:\\\/\\\/dpress.ma\\\/fr\\\/#\\\/schema\\\/person\\\/4898febf3ccd59e6578d838656a306a0\",\"name\":\"Dpress.ma\",\"image\":{\"@type\":\"ImageObject\",\"inLanguage\":\"fr-FR\",\"@id\":\"https:\\\/\\\/secure.gravatar.com\\\/avatar\\\/72ecc30e9db047a2e0e7176561eb9d564ed77c8108376495b19bd8336405198a?s=96&d=mm&r=g\",\"url\":\"https:\\\/\\\/secure.gravatar.com\\\/avatar\\\/72ecc30e9db047a2e0e7176561eb9d564ed77c8108376495b19bd8336405198a?s=96&d=mm&r=g\",\"contentUrl\":\"https:\\\/\\\/secure.gravatar.com\\\/avatar\\\/72ecc30e9db047a2e0e7176561eb9d564ed77c8108376495b19bd8336405198a?s=96&d=mm&r=g\",\"caption\":\"Dpress.ma\"},\"sameAs\":[\"https:\\\/\\\/www.dpress.ma\"],\"url\":\"https:\\\/\\\/dpress.ma\\\/fr\\\/author\\\/dpress-ma\\\/\"}]}<\/script>\n<!-- \/ Yoast SEO plugin. -->","yoast_head_json":{"title":"Face au changement climatique, le Maroc adopte des strat\u00e9gies d\u2019adaptation et d\u2019att\u00e9nuation pour se doter d\u2019un mod\u00e8le de gestion inclusif et durable - Dpress.ma\/fr","description":"Face au changement climatique, le Maroc a adopt\u00e9 des strat\u00e9gies d\u2019adaptation et d\u2019att\u00e9nuation qu\u2019il d\u00e9fend \u00e0 l\u2019international et qu\u2019il porte...","robots":{"index":"index","follow":"follow","max-snippet":"max-snippet:-1","max-image-preview":"max-image-preview:large","max-video-preview":"max-video-preview:-1"},"canonical":"https:\/\/dpress.ma\/fr\/2022\/05\/12\/face-au-changement-climatique-le-maroc-adopte-des-strategies-dadaptation-et-dattenuation-pour-se-doter-dun-modele-de-gestion-inclusif-et-durable\/","og_locale":"fr_FR","og_type":"article","og_title":"Face au changement climatique, le Maroc adopte des strat\u00e9gies d\u2019adaptation et d\u2019att\u00e9nuation pour se doter d\u2019un mod\u00e8le de gestion inclusif et durable - Dpress.ma\/fr","og_description":"Face au changement climatique, le Maroc a adopt\u00e9 des strat\u00e9gies d\u2019adaptation et d\u2019att\u00e9nuation qu\u2019il d\u00e9fend \u00e0 l\u2019international et qu\u2019il porte...","og_url":"https:\/\/dpress.ma\/fr\/2022\/05\/12\/face-au-changement-climatique-le-maroc-adopte-des-strategies-dadaptation-et-dattenuation-pour-se-doter-dun-modele-de-gestion-inclusif-et-durable\/","og_site_name":"Dpress.ma\/fr","article_published_time":"2022-05-12T09:04:37+00:00","article_modified_time":"2022-05-12T09:04:39+00:00","og_image":[{"width":2539,"height":1594,"url":"https:\/\/dpress.ma\/fr\/wp-content\/uploads\/sites\/2\/2022\/04\/roi-fr2.jpg","type":"image\/jpeg"}],"author":"Dpress.ma","twitter_card":"summary_large_image","twitter_misc":{"\u00c9crit par":"Dpress.ma","Dur\u00e9e de lecture estim\u00e9e":"3 minutes"},"schema":{"@context":"https:\/\/schema.org","@graph":[{"@type":"Article","@id":"https:\/\/dpress.ma\/fr\/2022\/05\/12\/face-au-changement-climatique-le-maroc-adopte-des-strategies-dadaptation-et-dattenuation-pour-se-doter-dun-modele-de-gestion-inclusif-et-durable\/#article","isPartOf":{"@id":"https:\/\/dpress.ma\/fr\/2022\/05\/12\/face-au-changement-climatique-le-maroc-adopte-des-strategies-dadaptation-et-dattenuation-pour-se-doter-dun-modele-de-gestion-inclusif-et-durable\/"},"author":{"name":"Dpress.ma","@id":"https:\/\/dpress.ma\/fr\/#\/schema\/person\/4898febf3ccd59e6578d838656a306a0"},"headline":"Face au changement climatique, le Maroc adopte des strat\u00e9gies d\u2019adaptation et d\u2019att\u00e9nuation pour se doter d\u2019un mod\u00e8le de gestion inclusif et durable","datePublished":"2022-05-12T09:04:37+00:00","dateModified":"2022-05-12T09:04:39+00:00","mainEntityOfPage":{"@id":"https:\/\/dpress.ma\/fr\/2022\/05\/12\/face-au-changement-climatique-le-maroc-adopte-des-strategies-dadaptation-et-dattenuation-pour-se-doter-dun-modele-de-gestion-inclusif-et-durable\/"},"wordCount":696,"image":{"@id":"https:\/\/dpress.ma\/fr\/2022\/05\/12\/face-au-changement-climatique-le-maroc-adopte-des-strategies-dadaptation-et-dattenuation-pour-se-doter-dun-modele-de-gestion-inclusif-et-durable\/#primaryimage"},"thumbnailUrl":"https:\/\/dpress.ma\/fr\/wp-content\/uploads\/sites\/2\/2022\/04\/roi-fr2.jpg","articleSection":["Activit\u00e9s Royales"],"inLanguage":"fr-FR"},{"@type":"WebPage","@id":"https:\/\/dpress.ma\/fr\/2022\/05\/12\/face-au-changement-climatique-le-maroc-adopte-des-strategies-dadaptation-et-dattenuation-pour-se-doter-dun-modele-de-gestion-inclusif-et-durable\/","url":"https:\/\/dpress.ma\/fr\/2022\/05\/12\/face-au-changement-climatique-le-maroc-adopte-des-strategies-dadaptation-et-dattenuation-pour-se-doter-dun-modele-de-gestion-inclusif-et-durable\/","name":"Face au changement climatique, le Maroc adopte des strat\u00e9gies d\u2019adaptation et d\u2019att\u00e9nuation pour se doter d\u2019un mod\u00e8le de gestion inclusif et durable - Dpress.ma\/fr","isPartOf":{"@id":"https:\/\/dpress.ma\/fr\/#website"},"primaryImageOfPage":{"@id":"https:\/\/dpress.ma\/fr\/2022\/05\/12\/face-au-changement-climatique-le-maroc-adopte-des-strategies-dadaptation-et-dattenuation-pour-se-doter-dun-modele-de-gestion-inclusif-et-durable\/#primaryimage"},"image":{"@id":"https:\/\/dpress.ma\/fr\/2022\/05\/12\/face-au-changement-climatique-le-maroc-adopte-des-strategies-dadaptation-et-dattenuation-pour-se-doter-dun-modele-de-gestion-inclusif-et-durable\/#primaryimage"},"thumbnailUrl":"https:\/\/dpress.ma\/fr\/wp-content\/uploads\/sites\/2\/2022\/04\/roi-fr2.jpg","datePublished":"2022-05-12T09:04:37+00:00","dateModified":"2022-05-12T09:04:39+00:00","author":{"@id":"https:\/\/dpress.ma\/fr\/#\/schema\/person\/4898febf3ccd59e6578d838656a306a0"},"description":"Face au changement climatique, le Maroc a adopt\u00e9 des strat\u00e9gies d\u2019adaptation et d\u2019att\u00e9nuation qu\u2019il d\u00e9fend \u00e0 l\u2019international et qu\u2019il porte...","breadcrumb":{"@id":"https:\/\/dpress.ma\/fr\/2022\/05\/12\/face-au-changement-climatique-le-maroc-adopte-des-strategies-dadaptation-et-dattenuation-pour-se-doter-dun-modele-de-gestion-inclusif-et-durable\/#breadcrumb"},"inLanguage":"fr-FR","potentialAction":[{"@type":"ReadAction","target":["https:\/\/dpress.ma\/fr\/2022\/05\/12\/face-au-changement-climatique-le-maroc-adopte-des-strategies-dadaptation-et-dattenuation-pour-se-doter-dun-modele-de-gestion-inclusif-et-durable\/"]}]},{"@type":"ImageObject","inLanguage":"fr-FR","@id":"https:\/\/dpress.ma\/fr\/2022\/05\/12\/face-au-changement-climatique-le-maroc-adopte-des-strategies-dadaptation-et-dattenuation-pour-se-doter-dun-modele-de-gestion-inclusif-et-durable\/#primaryimage","url":"https:\/\/dpress.ma\/fr\/wp-content\/uploads\/sites\/2\/2022\/04\/roi-fr2.jpg","contentUrl":"https:\/\/dpress.ma\/fr\/wp-content\/uploads\/sites\/2\/2022\/04\/roi-fr2.jpg","width":2539,"height":1594},{"@type":"BreadcrumbList","@id":"https:\/\/dpress.ma\/fr\/2022\/05\/12\/face-au-changement-climatique-le-maroc-adopte-des-strategies-dadaptation-et-dattenuation-pour-se-doter-dun-modele-de-gestion-inclusif-et-durable\/#breadcrumb","itemListElement":[{"@type":"ListItem","position":1,"name":"Home","item":"https:\/\/dpress.ma\/fr\/"},{"@type":"ListItem","position":2,"name":"Face au changement climatique, le Maroc adopte des strat\u00e9gies d\u2019adaptation et d\u2019att\u00e9nuation pour se doter d\u2019un mod\u00e8le de gestion inclusif et durable"}]},{"@type":"WebSite","@id":"https:\/\/dpress.ma\/fr\/#website","url":"https:\/\/dpress.ma\/fr\/","name":"Dpress.ma\/fr","description":"","potentialAction":[{"@type":"SearchAction","target":{"@type":"EntryPoint","urlTemplate":"https:\/\/dpress.ma\/fr\/?s={search_term_string}"},"query-input":{"@type":"PropertyValueSpecification","valueRequired":true,"valueName":"search_term_string"}}],"inLanguage":"fr-FR"},{"@type":"Person","@id":"https:\/\/dpress.ma\/fr\/#\/schema\/person\/4898febf3ccd59e6578d838656a306a0","name":"Dpress.ma","image":{"@type":"ImageObject","inLanguage":"fr-FR","@id":"https:\/\/secure.gravatar.com\/avatar\/72ecc30e9db047a2e0e7176561eb9d564ed77c8108376495b19bd8336405198a?s=96&d=mm&r=g","url":"https:\/\/secure.gravatar.com\/avatar\/72ecc30e9db047a2e0e7176561eb9d564ed77c8108376495b19bd8336405198a?s=96&d=mm&r=g","contentUrl":"https:\/\/secure.gravatar.com\/avatar\/72ecc30e9db047a2e0e7176561eb9d564ed77c8108376495b19bd8336405198a?s=96&d=mm&r=g","caption":"Dpress.ma"},"sameAs":["https:\/\/www.dpress.ma"],"url":"https:\/\/dpress.ma\/fr\/author\/dpress-ma\/"}]}},"amp_enabled":true,"_links":{"self":[{"href":"https:\/\/dpress.ma\/fr\/wp-json\/wp\/v2\/posts\/1583","targetHints":{"allow":["GET"]}}],"collection":[{"href":"https:\/\/dpress.ma\/fr\/wp-json\/wp\/v2\/posts"}],"about":[{"href":"https:\/\/dpress.ma\/fr\/wp-json\/wp\/v2\/types\/post"}],"author":[{"embeddable":true,"href":"https:\/\/dpress.ma\/fr\/wp-json\/wp\/v2\/users\/2"}],"replies":[{"embeddable":true,"href":"https:\/\/dpress.ma\/fr\/wp-json\/wp\/v2\/comments?post=1583"}],"version-history":[{"count":1,"href":"https:\/\/dpress.ma\/fr\/wp-json\/wp\/v2\/posts\/1583\/revisions"}],"predecessor-version":[{"id":1584,"href":"https:\/\/dpress.ma\/fr\/wp-json\/wp\/v2\/posts\/1583\/revisions\/1584"}],"wp:featuredmedia":[{"embeddable":true,"href":"https:\/\/dpress.ma\/fr\/wp-json\/wp\/v2\/media\/1127"}],"wp:attachment":[{"href":"https:\/\/dpress.ma\/fr\/wp-json\/wp\/v2\/media?parent=1583"}],"wp:term":[{"taxonomy":"category","embeddable":true,"href":"https:\/\/dpress.ma\/fr\/wp-json\/wp\/v2\/categories?post=1583"},{"taxonomy":"post_tag","embeddable":true,"href":"https:\/\/dpress.ma\/fr\/wp-json\/wp\/v2\/tags?post=1583"}],"curies":[{"name":"wp","href":"https:\/\/api.w.org\/{rel}","templated":true}]}}