{"id":15780,"date":"2025-08-14T17:16:49","date_gmt":"2025-08-14T17:16:49","guid":{"rendered":"https:\/\/dpress.ma\/fr\/?p=15780"},"modified":"2025-08-14T17:16:50","modified_gmt":"2025-08-14T17:16:50","slug":"incendie-de-foret-a-derdara-chefchaouen-trois-sur-quatre-principaux-foyers-maitrises-lextinction-du-foyer-restant-en-cours-anef","status":"publish","type":"post","link":"https:\/\/dpress.ma\/fr\/2025\/08\/14\/incendie-de-foret-a-derdara-chefchaouen-trois-sur-quatre-principaux-foyers-maitrises-lextinction-du-foyer-restant-en-cours-anef\/","title":{"rendered":"Incendie de for\u00eat \u00e0 Derdara (Chefchaouen): trois sur quatre principaux foyers ma\u00eetris\u00e9s, l\u2019extinction du foyer restant en cours (ANEF)"},"content":{"rendered":"\n<p>dpress<\/p>\n\n\n\n<p>Les op\u00e9rations d\u2019intervention pour \u00e9teindre l\u2019incendie de for\u00eat d\u00e9clench\u00e9 dans la commune de Derdara, relevant de la province de Chefchaouen, ont permis de ma\u00eetriser trois des quatre principaux foyers, tandis que les avions \u0153uvrent pour l\u2019extinction du dernier foyer, indique l\u2019Agence nationale des eaux et for\u00eats (ANEF).<\/p>\n\n\n\n<p>Dans un communiqu\u00e9, l\u2019ANEF pr\u00e9cise que de tr\u00e8s petits foyers ont \u00e9t\u00e9 circonscrits au sol par les \u00e9quipes d\u2019intervention, ajoutant que la superficie endommag\u00e9e, \u00e0 ce stade, est estim\u00e9e \u00e0 environ 500 hectares du domaine forestier et de quelques champs avoisinants.<\/p>\n\n\n\n<p>La m\u00eame source souligne que pr\u00e8s de 450 \u00e9l\u00e9ments des diff\u00e9rentes \u00e9quipes concern\u00e9es ainsi que des ressources, du mat\u00e9riel et des moyens techniques de pointe ont \u00e9t\u00e9 mobilis\u00e9s, dont quatre avions de type \u201cCanadair\u201d et quatre avions de type \u201cTurbo Thrush\u201d, dans le cadre des efforts d\u00e9ploy\u00e9s pour ma\u00eetriser le feu.<\/p>\n\n\n\n<p>Ces interventions, qui ont permis d\u2019\u00e9viter des d\u00e9g\u00e2ts humains, se poursuivent hier avec la participation d\u2019\u00e9quipes sur le terrain et de moyens a\u00e9riens et logistiques importants, rel\u00e8ve l\u2019Agence, faisant \u00e9tat d\u2019une am\u00e9lioration notable entre la journ\u00e9e d\u2019hier et celle d\u2019aujourd\u2019hui.<\/p>\n\n\n\n<p>Toutes les ressources humaines et logistiques restent mobilis\u00e9es jusqu\u2019\u00e0 la ma\u00eetrise totale et l\u2019extinction compl\u00e8te de l\u2019incendie, conclut-on.<\/p>\n","protected":false},"excerpt":{"rendered":"<p>dpress Les op\u00e9rations d\u2019intervention pour \u00e9teindre l\u2019incendie de for\u00eat d\u00e9clench\u00e9 dans la commune de Derdara, relevant de la province de Chefchaouen, ont permis de ma\u00eetriser trois des quatre principaux foyers, tandis que les avions \u0153uvrent pour l\u2019extinction du dernier foyer, indique l\u2019Agence nationale des eaux et for\u00eats (ANEF). Dans un communiqu\u00e9, l\u2019ANEF pr\u00e9cise que de &hellip;<\/p>\n","protected":false},"author":2,"featured_media":15781,"comment_status":"open","ping_status":"open","sticky":false,"template":"","format":"standard","meta":{"footnotes":""},"categories":[40],"tags":[],"class_list":["post-15780","post","type-post","status-publish","format-standard","has-post-thumbnail","hentry","category-societe-et-regions"],"yoast_head":"<!-- This site is optimized with the Yoast SEO plugin v27.5 - https:\/\/yoast.com\/product\/yoast-seo-wordpress\/ -->\n<title>Incendie de for\u00eat \u00e0 Derdara (Chefchaouen): trois sur quatre principaux foyers ma\u00eetris\u00e9s, l\u2019extinction du foyer restant en cours (ANEF) - Dpress.ma\/fr<\/title>\n<meta name=\"robots\" content=\"index, follow, max-snippet:-1, max-image-preview:large, max-video-preview:-1\" \/>\n<link rel=\"canonical\" href=\"https:\/\/dpress.ma\/fr\/2025\/08\/14\/incendie-de-foret-a-derdara-chefchaouen-trois-sur-quatre-principaux-foyers-maitrises-lextinction-du-foyer-restant-en-cours-anef\/\" \/>\n<meta property=\"og:locale\" content=\"fr_FR\" \/>\n<meta property=\"og:type\" content=\"article\" \/>\n<meta property=\"og:title\" content=\"Incendie de for\u00eat \u00e0 Derdara (Chefchaouen): trois sur quatre principaux foyers ma\u00eetris\u00e9s, l\u2019extinction du foyer restant en cours (ANEF) - Dpress.ma\/fr\" \/>\n<meta property=\"og:description\" content=\"dpress Les op\u00e9rations d\u2019intervention pour \u00e9teindre l\u2019incendie de for\u00eat d\u00e9clench\u00e9 dans la commune de Derdara, relevant de la province de Chefchaouen, ont permis de ma\u00eetriser trois des quatre principaux foyers, tandis que les avions \u0153uvrent pour l\u2019extinction du dernier foyer, indique l\u2019Agence nationale des eaux et for\u00eats (ANEF). Dans un communiqu\u00e9, l\u2019ANEF pr\u00e9cise que de &hellip;\" \/>\n<meta property=\"og:url\" content=\"https:\/\/dpress.ma\/fr\/2025\/08\/14\/incendie-de-foret-a-derdara-chefchaouen-trois-sur-quatre-principaux-foyers-maitrises-lextinction-du-foyer-restant-en-cours-anef\/\" \/>\n<meta property=\"og:site_name\" content=\"Dpress.ma\/fr\" \/>\n<meta property=\"article:published_time\" content=\"2025-08-14T17:16:49+00:00\" \/>\n<meta property=\"article:modified_time\" content=\"2025-08-14T17:16:50+00:00\" \/>\n<meta property=\"og:image\" content=\"https:\/\/dpress.ma\/fr\/wp-content\/uploads\/sites\/2\/2025\/08\/dimensions2-28.jpg\" \/>\n\t<meta property=\"og:image:width\" content=\"2539\" \/>\n\t<meta property=\"og:image:height\" content=\"1594\" \/>\n\t<meta property=\"og:image:type\" content=\"image\/jpeg\" \/>\n<meta name=\"author\" content=\"Dpress.ma\" \/>\n<meta name=\"twitter:card\" content=\"summary_large_image\" \/>\n<meta name=\"twitter:label1\" content=\"\u00c9crit par\" \/>\n\t<meta name=\"twitter:data1\" content=\"Dpress.ma\" \/>\n\t<meta name=\"twitter:label2\" content=\"Dur\u00e9e de lecture estim\u00e9e\" \/>\n\t<meta name=\"twitter:data2\" content=\"2 minutes\" \/>\n<script type=\"application\/ld+json\" class=\"yoast-schema-graph\">{\"@context\":\"https:\\\/\\\/schema.org\",\"@graph\":[{\"@type\":\"Article\",\"@id\":\"https:\\\/\\\/dpress.ma\\\/fr\\\/2025\\\/08\\\/14\\\/incendie-de-foret-a-derdara-chefchaouen-trois-sur-quatre-principaux-foyers-maitrises-lextinction-du-foyer-restant-en-cours-anef\\\/#article\",\"isPartOf\":{\"@id\":\"https:\\\/\\\/dpress.ma\\\/fr\\\/2025\\\/08\\\/14\\\/incendie-de-foret-a-derdara-chefchaouen-trois-sur-quatre-principaux-foyers-maitrises-lextinction-du-foyer-restant-en-cours-anef\\\/\"},\"author\":{\"name\":\"Dpress.ma\",\"@id\":\"https:\\\/\\\/dpress.ma\\\/fr\\\/#\\\/schema\\\/person\\\/4898febf3ccd59e6578d838656a306a0\"},\"headline\":\"Incendie de for\u00eat \u00e0 Derdara (Chefchaouen): trois sur quatre principaux foyers ma\u00eetris\u00e9s, l\u2019extinction du foyer restant en cours (ANEF)\",\"datePublished\":\"2025-08-14T17:16:49+00:00\",\"dateModified\":\"2025-08-14T17:16:50+00:00\",\"mainEntityOfPage\":{\"@id\":\"https:\\\/\\\/dpress.ma\\\/fr\\\/2025\\\/08\\\/14\\\/incendie-de-foret-a-derdara-chefchaouen-trois-sur-quatre-principaux-foyers-maitrises-lextinction-du-foyer-restant-en-cours-anef\\\/\"},\"wordCount\":259,\"commentCount\":0,\"image\":{\"@id\":\"https:\\\/\\\/dpress.ma\\\/fr\\\/2025\\\/08\\\/14\\\/incendie-de-foret-a-derdara-chefchaouen-trois-sur-quatre-principaux-foyers-maitrises-lextinction-du-foyer-restant-en-cours-anef\\\/#primaryimage\"},\"thumbnailUrl\":\"https:\\\/\\\/dpress.ma\\\/fr\\\/wp-content\\\/uploads\\\/sites\\\/2\\\/2025\\\/08\\\/dimensions2-28.jpg\",\"articleSection\":[\"societe et regions\"],\"inLanguage\":\"fr-FR\",\"potentialAction\":[{\"@type\":\"CommentAction\",\"name\":\"Comment\",\"target\":[\"https:\\\/\\\/dpress.ma\\\/fr\\\/2025\\\/08\\\/14\\\/incendie-de-foret-a-derdara-chefchaouen-trois-sur-quatre-principaux-foyers-maitrises-lextinction-du-foyer-restant-en-cours-anef\\\/#respond\"]}]},{\"@type\":\"WebPage\",\"@id\":\"https:\\\/\\\/dpress.ma\\\/fr\\\/2025\\\/08\\\/14\\\/incendie-de-foret-a-derdara-chefchaouen-trois-sur-quatre-principaux-foyers-maitrises-lextinction-du-foyer-restant-en-cours-anef\\\/\",\"url\":\"https:\\\/\\\/dpress.ma\\\/fr\\\/2025\\\/08\\\/14\\\/incendie-de-foret-a-derdara-chefchaouen-trois-sur-quatre-principaux-foyers-maitrises-lextinction-du-foyer-restant-en-cours-anef\\\/\",\"name\":\"Incendie de for\u00eat \u00e0 Derdara (Chefchaouen): trois sur quatre principaux foyers ma\u00eetris\u00e9s, l\u2019extinction du foyer restant en cours (ANEF) - Dpress.ma\\\/fr\",\"isPartOf\":{\"@id\":\"https:\\\/\\\/dpress.ma\\\/fr\\\/#website\"},\"primaryImageOfPage\":{\"@id\":\"https:\\\/\\\/dpress.ma\\\/fr\\\/2025\\\/08\\\/14\\\/incendie-de-foret-a-derdara-chefchaouen-trois-sur-quatre-principaux-foyers-maitrises-lextinction-du-foyer-restant-en-cours-anef\\\/#primaryimage\"},\"image\":{\"@id\":\"https:\\\/\\\/dpress.ma\\\/fr\\\/2025\\\/08\\\/14\\\/incendie-de-foret-a-derdara-chefchaouen-trois-sur-quatre-principaux-foyers-maitrises-lextinction-du-foyer-restant-en-cours-anef\\\/#primaryimage\"},\"thumbnailUrl\":\"https:\\\/\\\/dpress.ma\\\/fr\\\/wp-content\\\/uploads\\\/sites\\\/2\\\/2025\\\/08\\\/dimensions2-28.jpg\",\"datePublished\":\"2025-08-14T17:16:49+00:00\",\"dateModified\":\"2025-08-14T17:16:50+00:00\",\"author\":{\"@id\":\"https:\\\/\\\/dpress.ma\\\/fr\\\/#\\\/schema\\\/person\\\/4898febf3ccd59e6578d838656a306a0\"},\"breadcrumb\":{\"@id\":\"https:\\\/\\\/dpress.ma\\\/fr\\\/2025\\\/08\\\/14\\\/incendie-de-foret-a-derdara-chefchaouen-trois-sur-quatre-principaux-foyers-maitrises-lextinction-du-foyer-restant-en-cours-anef\\\/#breadcrumb\"},\"inLanguage\":\"fr-FR\",\"potentialAction\":[{\"@type\":\"ReadAction\",\"target\":[\"https:\\\/\\\/dpress.ma\\\/fr\\\/2025\\\/08\\\/14\\\/incendie-de-foret-a-derdara-chefchaouen-trois-sur-quatre-principaux-foyers-maitrises-lextinction-du-foyer-restant-en-cours-anef\\\/\"]}]},{\"@type\":\"ImageObject\",\"inLanguage\":\"fr-FR\",\"@id\":\"https:\\\/\\\/dpress.ma\\\/fr\\\/2025\\\/08\\\/14\\\/incendie-de-foret-a-derdara-chefchaouen-trois-sur-quatre-principaux-foyers-maitrises-lextinction-du-foyer-restant-en-cours-anef\\\/#primaryimage\",\"url\":\"https:\\\/\\\/dpress.ma\\\/fr\\\/wp-content\\\/uploads\\\/sites\\\/2\\\/2025\\\/08\\\/dimensions2-28.jpg\",\"contentUrl\":\"https:\\\/\\\/dpress.ma\\\/fr\\\/wp-content\\\/uploads\\\/sites\\\/2\\\/2025\\\/08\\\/dimensions2-28.jpg\",\"width\":2539,\"height\":1594},{\"@type\":\"BreadcrumbList\",\"@id\":\"https:\\\/\\\/dpress.ma\\\/fr\\\/2025\\\/08\\\/14\\\/incendie-de-foret-a-derdara-chefchaouen-trois-sur-quatre-principaux-foyers-maitrises-lextinction-du-foyer-restant-en-cours-anef\\\/#breadcrumb\",\"itemListElement\":[{\"@type\":\"ListItem\",\"position\":1,\"name\":\"Home\",\"item\":\"https:\\\/\\\/dpress.ma\\\/fr\\\/\"},{\"@type\":\"ListItem\",\"position\":2,\"name\":\"Incendie de for\u00eat \u00e0 Derdara (Chefchaouen): trois sur quatre principaux foyers ma\u00eetris\u00e9s, l\u2019extinction du foyer restant en cours (ANEF)\"}]},{\"@type\":\"WebSite\",\"@id\":\"https:\\\/\\\/dpress.ma\\\/fr\\\/#website\",\"url\":\"https:\\\/\\\/dpress.ma\\\/fr\\\/\",\"name\":\"Dpress.ma\\\/fr\",\"description\":\"\",\"potentialAction\":[{\"@type\":\"SearchAction\",\"target\":{\"@type\":\"EntryPoint\",\"urlTemplate\":\"https:\\\/\\\/dpress.ma\\\/fr\\\/?s={search_term_string}\"},\"query-input\":{\"@type\":\"PropertyValueSpecification\",\"valueRequired\":true,\"valueName\":\"search_term_string\"}}],\"inLanguage\":\"fr-FR\"},{\"@type\":\"Person\",\"@id\":\"https:\\\/\\\/dpress.ma\\\/fr\\\/#\\\/schema\\\/person\\\/4898febf3ccd59e6578d838656a306a0\",\"name\":\"Dpress.ma\",\"image\":{\"@type\":\"ImageObject\",\"inLanguage\":\"fr-FR\",\"@id\":\"https:\\\/\\\/secure.gravatar.com\\\/avatar\\\/72ecc30e9db047a2e0e7176561eb9d564ed77c8108376495b19bd8336405198a?s=96&d=mm&r=g\",\"url\":\"https:\\\/\\\/secure.gravatar.com\\\/avatar\\\/72ecc30e9db047a2e0e7176561eb9d564ed77c8108376495b19bd8336405198a?s=96&d=mm&r=g\",\"contentUrl\":\"https:\\\/\\\/secure.gravatar.com\\\/avatar\\\/72ecc30e9db047a2e0e7176561eb9d564ed77c8108376495b19bd8336405198a?s=96&d=mm&r=g\",\"caption\":\"Dpress.ma\"},\"sameAs\":[\"https:\\\/\\\/www.dpress.ma\"],\"url\":\"https:\\\/\\\/dpress.ma\\\/fr\\\/author\\\/dpress-ma\\\/\"}]}<\/script>\n<!-- \/ Yoast SEO plugin. -->","yoast_head_json":{"title":"Incendie de for\u00eat \u00e0 Derdara (Chefchaouen): trois sur quatre principaux foyers ma\u00eetris\u00e9s, l\u2019extinction du foyer restant en cours (ANEF) - Dpress.ma\/fr","robots":{"index":"index","follow":"follow","max-snippet":"max-snippet:-1","max-image-preview":"max-image-preview:large","max-video-preview":"max-video-preview:-1"},"canonical":"https:\/\/dpress.ma\/fr\/2025\/08\/14\/incendie-de-foret-a-derdara-chefchaouen-trois-sur-quatre-principaux-foyers-maitrises-lextinction-du-foyer-restant-en-cours-anef\/","og_locale":"fr_FR","og_type":"article","og_title":"Incendie de for\u00eat \u00e0 Derdara (Chefchaouen): trois sur quatre principaux foyers ma\u00eetris\u00e9s, l\u2019extinction du foyer restant en cours (ANEF) - Dpress.ma\/fr","og_description":"dpress Les op\u00e9rations d\u2019intervention pour \u00e9teindre l\u2019incendie de for\u00eat d\u00e9clench\u00e9 dans la commune de Derdara, relevant de la province de Chefchaouen, ont permis de ma\u00eetriser trois des quatre principaux foyers, tandis que les avions \u0153uvrent pour l\u2019extinction du dernier foyer, indique l\u2019Agence nationale des eaux et for\u00eats (ANEF). Dans un communiqu\u00e9, l\u2019ANEF pr\u00e9cise que de &hellip;","og_url":"https:\/\/dpress.ma\/fr\/2025\/08\/14\/incendie-de-foret-a-derdara-chefchaouen-trois-sur-quatre-principaux-foyers-maitrises-lextinction-du-foyer-restant-en-cours-anef\/","og_site_name":"Dpress.ma\/fr","article_published_time":"2025-08-14T17:16:49+00:00","article_modified_time":"2025-08-14T17:16:50+00:00","og_image":[{"width":2539,"height":1594,"url":"https:\/\/dpress.ma\/fr\/wp-content\/uploads\/sites\/2\/2025\/08\/dimensions2-28.jpg","type":"image\/jpeg"}],"author":"Dpress.ma","twitter_card":"summary_large_image","twitter_misc":{"\u00c9crit par":"Dpress.ma","Dur\u00e9e de lecture estim\u00e9e":"2 minutes"},"schema":{"@context":"https:\/\/schema.org","@graph":[{"@type":"Article","@id":"https:\/\/dpress.ma\/fr\/2025\/08\/14\/incendie-de-foret-a-derdara-chefchaouen-trois-sur-quatre-principaux-foyers-maitrises-lextinction-du-foyer-restant-en-cours-anef\/#article","isPartOf":{"@id":"https:\/\/dpress.ma\/fr\/2025\/08\/14\/incendie-de-foret-a-derdara-chefchaouen-trois-sur-quatre-principaux-foyers-maitrises-lextinction-du-foyer-restant-en-cours-anef\/"},"author":{"name":"Dpress.ma","@id":"https:\/\/dpress.ma\/fr\/#\/schema\/person\/4898febf3ccd59e6578d838656a306a0"},"headline":"Incendie de for\u00eat \u00e0 Derdara (Chefchaouen): trois sur quatre principaux foyers ma\u00eetris\u00e9s, l\u2019extinction du foyer restant en cours (ANEF)","datePublished":"2025-08-14T17:16:49+00:00","dateModified":"2025-08-14T17:16:50+00:00","mainEntityOfPage":{"@id":"https:\/\/dpress.ma\/fr\/2025\/08\/14\/incendie-de-foret-a-derdara-chefchaouen-trois-sur-quatre-principaux-foyers-maitrises-lextinction-du-foyer-restant-en-cours-anef\/"},"wordCount":259,"commentCount":0,"image":{"@id":"https:\/\/dpress.ma\/fr\/2025\/08\/14\/incendie-de-foret-a-derdara-chefchaouen-trois-sur-quatre-principaux-foyers-maitrises-lextinction-du-foyer-restant-en-cours-anef\/#primaryimage"},"thumbnailUrl":"https:\/\/dpress.ma\/fr\/wp-content\/uploads\/sites\/2\/2025\/08\/dimensions2-28.jpg","articleSection":["societe et regions"],"inLanguage":"fr-FR","potentialAction":[{"@type":"CommentAction","name":"Comment","target":["https:\/\/dpress.ma\/fr\/2025\/08\/14\/incendie-de-foret-a-derdara-chefchaouen-trois-sur-quatre-principaux-foyers-maitrises-lextinction-du-foyer-restant-en-cours-anef\/#respond"]}]},{"@type":"WebPage","@id":"https:\/\/dpress.ma\/fr\/2025\/08\/14\/incendie-de-foret-a-derdara-chefchaouen-trois-sur-quatre-principaux-foyers-maitrises-lextinction-du-foyer-restant-en-cours-anef\/","url":"https:\/\/dpress.ma\/fr\/2025\/08\/14\/incendie-de-foret-a-derdara-chefchaouen-trois-sur-quatre-principaux-foyers-maitrises-lextinction-du-foyer-restant-en-cours-anef\/","name":"Incendie de for\u00eat \u00e0 Derdara (Chefchaouen): trois sur quatre principaux foyers ma\u00eetris\u00e9s, l\u2019extinction du foyer restant en cours (ANEF) - Dpress.ma\/fr","isPartOf":{"@id":"https:\/\/dpress.ma\/fr\/#website"},"primaryImageOfPage":{"@id":"https:\/\/dpress.ma\/fr\/2025\/08\/14\/incendie-de-foret-a-derdara-chefchaouen-trois-sur-quatre-principaux-foyers-maitrises-lextinction-du-foyer-restant-en-cours-anef\/#primaryimage"},"image":{"@id":"https:\/\/dpress.ma\/fr\/2025\/08\/14\/incendie-de-foret-a-derdara-chefchaouen-trois-sur-quatre-principaux-foyers-maitrises-lextinction-du-foyer-restant-en-cours-anef\/#primaryimage"},"thumbnailUrl":"https:\/\/dpress.ma\/fr\/wp-content\/uploads\/sites\/2\/2025\/08\/dimensions2-28.jpg","datePublished":"2025-08-14T17:16:49+00:00","dateModified":"2025-08-14T17:16:50+00:00","author":{"@id":"https:\/\/dpress.ma\/fr\/#\/schema\/person\/4898febf3ccd59e6578d838656a306a0"},"breadcrumb":{"@id":"https:\/\/dpress.ma\/fr\/2025\/08\/14\/incendie-de-foret-a-derdara-chefchaouen-trois-sur-quatre-principaux-foyers-maitrises-lextinction-du-foyer-restant-en-cours-anef\/#breadcrumb"},"inLanguage":"fr-FR","potentialAction":[{"@type":"ReadAction","target":["https:\/\/dpress.ma\/fr\/2025\/08\/14\/incendie-de-foret-a-derdara-chefchaouen-trois-sur-quatre-principaux-foyers-maitrises-lextinction-du-foyer-restant-en-cours-anef\/"]}]},{"@type":"ImageObject","inLanguage":"fr-FR","@id":"https:\/\/dpress.ma\/fr\/2025\/08\/14\/incendie-de-foret-a-derdara-chefchaouen-trois-sur-quatre-principaux-foyers-maitrises-lextinction-du-foyer-restant-en-cours-anef\/#primaryimage","url":"https:\/\/dpress.ma\/fr\/wp-content\/uploads\/sites\/2\/2025\/08\/dimensions2-28.jpg","contentUrl":"https:\/\/dpress.ma\/fr\/wp-content\/uploads\/sites\/2\/2025\/08\/dimensions2-28.jpg","width":2539,"height":1594},{"@type":"BreadcrumbList","@id":"https:\/\/dpress.ma\/fr\/2025\/08\/14\/incendie-de-foret-a-derdara-chefchaouen-trois-sur-quatre-principaux-foyers-maitrises-lextinction-du-foyer-restant-en-cours-anef\/#breadcrumb","itemListElement":[{"@type":"ListItem","position":1,"name":"Home","item":"https:\/\/dpress.ma\/fr\/"},{"@type":"ListItem","position":2,"name":"Incendie de for\u00eat \u00e0 Derdara (Chefchaouen): trois sur quatre principaux foyers ma\u00eetris\u00e9s, l\u2019extinction du foyer restant en cours (ANEF)"}]},{"@type":"WebSite","@id":"https:\/\/dpress.ma\/fr\/#website","url":"https:\/\/dpress.ma\/fr\/","name":"Dpress.ma\/fr","description":"","potentialAction":[{"@type":"SearchAction","target":{"@type":"EntryPoint","urlTemplate":"https:\/\/dpress.ma\/fr\/?s={search_term_string}"},"query-input":{"@type":"PropertyValueSpecification","valueRequired":true,"valueName":"search_term_string"}}],"inLanguage":"fr-FR"},{"@type":"Person","@id":"https:\/\/dpress.ma\/fr\/#\/schema\/person\/4898febf3ccd59e6578d838656a306a0","name":"Dpress.ma","image":{"@type":"ImageObject","inLanguage":"fr-FR","@id":"https:\/\/secure.gravatar.com\/avatar\/72ecc30e9db047a2e0e7176561eb9d564ed77c8108376495b19bd8336405198a?s=96&d=mm&r=g","url":"https:\/\/secure.gravatar.com\/avatar\/72ecc30e9db047a2e0e7176561eb9d564ed77c8108376495b19bd8336405198a?s=96&d=mm&r=g","contentUrl":"https:\/\/secure.gravatar.com\/avatar\/72ecc30e9db047a2e0e7176561eb9d564ed77c8108376495b19bd8336405198a?s=96&d=mm&r=g","caption":"Dpress.ma"},"sameAs":["https:\/\/www.dpress.ma"],"url":"https:\/\/dpress.ma\/fr\/author\/dpress-ma\/"}]}},"amp_enabled":true,"_links":{"self":[{"href":"https:\/\/dpress.ma\/fr\/wp-json\/wp\/v2\/posts\/15780","targetHints":{"allow":["GET"]}}],"collection":[{"href":"https:\/\/dpress.ma\/fr\/wp-json\/wp\/v2\/posts"}],"about":[{"href":"https:\/\/dpress.ma\/fr\/wp-json\/wp\/v2\/types\/post"}],"author":[{"embeddable":true,"href":"https:\/\/dpress.ma\/fr\/wp-json\/wp\/v2\/users\/2"}],"replies":[{"embeddable":true,"href":"https:\/\/dpress.ma\/fr\/wp-json\/wp\/v2\/comments?post=15780"}],"version-history":[{"count":1,"href":"https:\/\/dpress.ma\/fr\/wp-json\/wp\/v2\/posts\/15780\/revisions"}],"predecessor-version":[{"id":15782,"href":"https:\/\/dpress.ma\/fr\/wp-json\/wp\/v2\/posts\/15780\/revisions\/15782"}],"wp:featuredmedia":[{"embeddable":true,"href":"https:\/\/dpress.ma\/fr\/wp-json\/wp\/v2\/media\/15781"}],"wp:attachment":[{"href":"https:\/\/dpress.ma\/fr\/wp-json\/wp\/v2\/media?parent=15780"}],"wp:term":[{"taxonomy":"category","embeddable":true,"href":"https:\/\/dpress.ma\/fr\/wp-json\/wp\/v2\/categories?post=15780"},{"taxonomy":"post_tag","embeddable":true,"href":"https:\/\/dpress.ma\/fr\/wp-json\/wp\/v2\/tags?post=15780"}],"curies":[{"name":"wp","href":"https:\/\/api.w.org\/{rel}","templated":true}]}}