{"id":15777,"date":"2025-08-14T12:15:43","date_gmt":"2025-08-14T12:15:43","guid":{"rendered":"https:\/\/dpress.ma\/fr\/?p=15777"},"modified":"2025-08-14T12:15:45","modified_gmt":"2025-08-14T12:15:45","slug":"fes-appel-a-la-creation-dune-alliance-mondiale-des-adeptes-du-soufisme-pour-promouvoir-la-paix","status":"publish","type":"post","link":"https:\/\/dpress.ma\/fr\/2025\/08\/14\/fes-appel-a-la-creation-dune-alliance-mondiale-des-adeptes-du-soufisme-pour-promouvoir-la-paix\/","title":{"rendered":"F\u00e8s: Appel \u00e0 la cr\u00e9ation d\u2019une Alliance mondiale des adeptes du soufisme pour promouvoir la paix"},"content":{"rendered":"\n<p>Dpress<\/p>\n\n\n\n<p>Les participants \u00e0 la 5\u00e8 \u00e9dition du Congr\u00e8s mondial du soufisme qui s\u2019est achev\u00e9e, mercredi \u00e0 F\u00e8s, ont appel\u00e9 \u00e0 la cr\u00e9ation d\u2019une alliance mondiale des adeptes du soufisme, afin de porter la parole de la v\u00e9rit\u00e9, promouvoir les valeurs authentiques de l\u2019Islam et contrer les discours fallacieux.<\/p>\n\n\n\n<p>Ce congr\u00e8s, qui a r\u00e9uni des \u00e9rudits venus des quatre coins du monde, a mis en exergue la n\u00e9cessit\u00e9 de promouvoir la paix mondiale \u00e0 travers la diffusion des valeurs de l\u2019islam authentique, fond\u00e9 sur l\u2019\u00e9dification de l\u2019\u00eatre humain.<\/p>\n\n\n\n<p>Les participants ont \u00e9galement appel\u00e9 \u00e0 l\u2019int\u00e9gration de la science de la purification (tazkiya) en tant que discipline essentielle dans les programmes scolaires et \u00e9ducatifs.<\/p>\n\n\n\n<p>Un accent particulier a \u00e9t\u00e9 ainsi mis sur l\u2019importance de la Tazkiya dans la pr\u00e9servation des patries et le renforcement de la Oumma sur les plans \u00e9conomique, social et \u00e9thique.<\/p>\n\n\n\n<p>Ils ont, par ailleurs, appel\u00e9 \u00e0 la r\u00e9forme de la voie soufie par sa purification de toute bid\u2018a (innovation bl\u00e2mable) et de tout \u00e9l\u00e9ment \u00e9tranger \u00e0 son essence, afin de pr\u00e9server son authenticit\u00e9 et son r\u00f4le spirituel face aux d\u00e9fis contemporains.<\/p>\n\n\n\n<p>Dans une d\u00e9claration \u00e0 la MAP, le pr\u00e9sident du Centre acad\u00e9mique international d\u2019\u00e9tudes soufies, Aziz El Kobaiti Idrissi Al Hassani, a soulign\u00e9 l\u2019importance de la cr\u00e9ation d\u2019une alliance mondiale et de la mise en place d\u2019un syst\u00e8me bas\u00e9 sur le principe de la purification (tazkiya), notant que la paix mondiale ne peut \u00eatre atteinte qu\u2019en empruntant le chemin de la paix int\u00e9rieure.<\/p>\n\n\n\n<p>Et d\u2019ajouter que nombre d\u2019\u00e9minents professeurs et \u00e9rudits ayant pris part aux travaux ont unanimement salu\u00e9 le succ\u00e8s de cette \u00e9dition, qui a su mettre en avant la qualit\u00e9 des conf\u00e9rences et des travaux de recherche pr\u00e9sent\u00e9s, ainsi que la richesse et la profondeur des d\u00e9bats qui ont marqu\u00e9 le congr\u00e8s.<\/p>\n\n\n\n<p>La c\u00e9r\u00e9monie de cl\u00f4ture a \u00e9t\u00e9 ponctu\u00e9e par une soir\u00e9e de Madih et de Samaa, ainsi que par un hommage appuy\u00e9 rendu \u00e0 plusieurs figures marquantes du soufisme marocain et international.<\/p>\n\n\n\n<p>Organis\u00e9 par le Centre acad\u00e9mique international d\u2019\u00e9tudes soufies sous le th\u00e8me \u201cScience de la purification : \u00e9dification de l\u2019Homme et pr\u00e9servation des patries\u201d, ce congr\u00e8s a r\u00e9uni plus de 400 participants venus de 30 pays, dont des \u00e9rudits, des universitaires et des chercheurs.<\/p>\n","protected":false},"excerpt":{"rendered":"<p>Dpress Les participants \u00e0 la 5\u00e8 \u00e9dition du Congr\u00e8s mondial du soufisme qui s\u2019est achev\u00e9e, mercredi \u00e0 F\u00e8s, ont appel\u00e9 \u00e0 la cr\u00e9ation d\u2019une alliance mondiale des adeptes du soufisme, afin de porter la parole de la v\u00e9rit\u00e9, promouvoir les valeurs authentiques de l\u2019Islam et contrer les discours fallacieux. Ce congr\u00e8s, qui a r\u00e9uni des &hellip;<\/p>\n","protected":false},"author":2,"featured_media":15778,"comment_status":"open","ping_status":"open","sticky":false,"template":"","format":"standard","meta":{"footnotes":""},"categories":[40],"tags":[],"class_list":["post-15777","post","type-post","status-publish","format-standard","has-post-thumbnail","hentry","category-societe-et-regions"],"yoast_head":"<!-- This site is optimized with the Yoast SEO plugin v27.5 - https:\/\/yoast.com\/product\/yoast-seo-wordpress\/ -->\n<title>F\u00e8s: Appel \u00e0 la cr\u00e9ation d\u2019une Alliance mondiale des adeptes du soufisme pour promouvoir la paix - Dpress.ma\/fr<\/title>\n<meta name=\"robots\" content=\"index, follow, max-snippet:-1, max-image-preview:large, max-video-preview:-1\" \/>\n<link rel=\"canonical\" href=\"https:\/\/dpress.ma\/fr\/2025\/08\/14\/fes-appel-a-la-creation-dune-alliance-mondiale-des-adeptes-du-soufisme-pour-promouvoir-la-paix\/\" \/>\n<meta property=\"og:locale\" content=\"fr_FR\" \/>\n<meta property=\"og:type\" content=\"article\" \/>\n<meta property=\"og:title\" content=\"F\u00e8s: Appel \u00e0 la cr\u00e9ation d\u2019une Alliance mondiale des adeptes du soufisme pour promouvoir la paix - Dpress.ma\/fr\" \/>\n<meta property=\"og:description\" content=\"Dpress Les participants \u00e0 la 5\u00e8 \u00e9dition du Congr\u00e8s mondial du soufisme qui s\u2019est achev\u00e9e, mercredi \u00e0 F\u00e8s, ont appel\u00e9 \u00e0 la cr\u00e9ation d\u2019une alliance mondiale des adeptes du soufisme, afin de porter la parole de la v\u00e9rit\u00e9, promouvoir les valeurs authentiques de l\u2019Islam et contrer les discours fallacieux. Ce congr\u00e8s, qui a r\u00e9uni des &hellip;\" \/>\n<meta property=\"og:url\" content=\"https:\/\/dpress.ma\/fr\/2025\/08\/14\/fes-appel-a-la-creation-dune-alliance-mondiale-des-adeptes-du-soufisme-pour-promouvoir-la-paix\/\" \/>\n<meta property=\"og:site_name\" content=\"Dpress.ma\/fr\" \/>\n<meta property=\"article:published_time\" content=\"2025-08-14T12:15:43+00:00\" \/>\n<meta property=\"article:modified_time\" content=\"2025-08-14T12:15:45+00:00\" \/>\n<meta property=\"og:image\" content=\"https:\/\/dpress.ma\/fr\/wp-content\/uploads\/sites\/2\/2025\/08\/la-5e-edition-du-Congres-mondial-du-soufisme.png\" \/>\n\t<meta property=\"og:image:width\" content=\"780\" \/>\n\t<meta property=\"og:image:height\" content=\"470\" \/>\n\t<meta property=\"og:image:type\" content=\"image\/png\" \/>\n<meta name=\"author\" content=\"Dpress.ma\" \/>\n<meta name=\"twitter:card\" content=\"summary_large_image\" \/>\n<meta name=\"twitter:label1\" content=\"\u00c9crit par\" \/>\n\t<meta name=\"twitter:data1\" content=\"Dpress.ma\" \/>\n\t<meta name=\"twitter:label2\" content=\"Dur\u00e9e de lecture estim\u00e9e\" \/>\n\t<meta name=\"twitter:data2\" content=\"3 minutes\" \/>\n<script type=\"application\/ld+json\" class=\"yoast-schema-graph\">{\"@context\":\"https:\\\/\\\/schema.org\",\"@graph\":[{\"@type\":\"Article\",\"@id\":\"https:\\\/\\\/dpress.ma\\\/fr\\\/2025\\\/08\\\/14\\\/fes-appel-a-la-creation-dune-alliance-mondiale-des-adeptes-du-soufisme-pour-promouvoir-la-paix\\\/#article\",\"isPartOf\":{\"@id\":\"https:\\\/\\\/dpress.ma\\\/fr\\\/2025\\\/08\\\/14\\\/fes-appel-a-la-creation-dune-alliance-mondiale-des-adeptes-du-soufisme-pour-promouvoir-la-paix\\\/\"},\"author\":{\"name\":\"Dpress.ma\",\"@id\":\"https:\\\/\\\/dpress.ma\\\/fr\\\/#\\\/schema\\\/person\\\/4898febf3ccd59e6578d838656a306a0\"},\"headline\":\"F\u00e8s: Appel \u00e0 la cr\u00e9ation d\u2019une Alliance mondiale des adeptes du soufisme pour promouvoir la paix\",\"datePublished\":\"2025-08-14T12:15:43+00:00\",\"dateModified\":\"2025-08-14T12:15:45+00:00\",\"mainEntityOfPage\":{\"@id\":\"https:\\\/\\\/dpress.ma\\\/fr\\\/2025\\\/08\\\/14\\\/fes-appel-a-la-creation-dune-alliance-mondiale-des-adeptes-du-soufisme-pour-promouvoir-la-paix\\\/\"},\"wordCount\":432,\"commentCount\":0,\"image\":{\"@id\":\"https:\\\/\\\/dpress.ma\\\/fr\\\/2025\\\/08\\\/14\\\/fes-appel-a-la-creation-dune-alliance-mondiale-des-adeptes-du-soufisme-pour-promouvoir-la-paix\\\/#primaryimage\"},\"thumbnailUrl\":\"https:\\\/\\\/dpress.ma\\\/fr\\\/wp-content\\\/uploads\\\/sites\\\/2\\\/2025\\\/08\\\/la-5e-edition-du-Congres-mondial-du-soufisme.png\",\"articleSection\":[\"societe et regions\"],\"inLanguage\":\"fr-FR\",\"potentialAction\":[{\"@type\":\"CommentAction\",\"name\":\"Comment\",\"target\":[\"https:\\\/\\\/dpress.ma\\\/fr\\\/2025\\\/08\\\/14\\\/fes-appel-a-la-creation-dune-alliance-mondiale-des-adeptes-du-soufisme-pour-promouvoir-la-paix\\\/#respond\"]}]},{\"@type\":\"WebPage\",\"@id\":\"https:\\\/\\\/dpress.ma\\\/fr\\\/2025\\\/08\\\/14\\\/fes-appel-a-la-creation-dune-alliance-mondiale-des-adeptes-du-soufisme-pour-promouvoir-la-paix\\\/\",\"url\":\"https:\\\/\\\/dpress.ma\\\/fr\\\/2025\\\/08\\\/14\\\/fes-appel-a-la-creation-dune-alliance-mondiale-des-adeptes-du-soufisme-pour-promouvoir-la-paix\\\/\",\"name\":\"F\u00e8s: Appel \u00e0 la cr\u00e9ation d\u2019une Alliance mondiale des adeptes du soufisme pour promouvoir la paix - Dpress.ma\\\/fr\",\"isPartOf\":{\"@id\":\"https:\\\/\\\/dpress.ma\\\/fr\\\/#website\"},\"primaryImageOfPage\":{\"@id\":\"https:\\\/\\\/dpress.ma\\\/fr\\\/2025\\\/08\\\/14\\\/fes-appel-a-la-creation-dune-alliance-mondiale-des-adeptes-du-soufisme-pour-promouvoir-la-paix\\\/#primaryimage\"},\"image\":{\"@id\":\"https:\\\/\\\/dpress.ma\\\/fr\\\/2025\\\/08\\\/14\\\/fes-appel-a-la-creation-dune-alliance-mondiale-des-adeptes-du-soufisme-pour-promouvoir-la-paix\\\/#primaryimage\"},\"thumbnailUrl\":\"https:\\\/\\\/dpress.ma\\\/fr\\\/wp-content\\\/uploads\\\/sites\\\/2\\\/2025\\\/08\\\/la-5e-edition-du-Congres-mondial-du-soufisme.png\",\"datePublished\":\"2025-08-14T12:15:43+00:00\",\"dateModified\":\"2025-08-14T12:15:45+00:00\",\"author\":{\"@id\":\"https:\\\/\\\/dpress.ma\\\/fr\\\/#\\\/schema\\\/person\\\/4898febf3ccd59e6578d838656a306a0\"},\"breadcrumb\":{\"@id\":\"https:\\\/\\\/dpress.ma\\\/fr\\\/2025\\\/08\\\/14\\\/fes-appel-a-la-creation-dune-alliance-mondiale-des-adeptes-du-soufisme-pour-promouvoir-la-paix\\\/#breadcrumb\"},\"inLanguage\":\"fr-FR\",\"potentialAction\":[{\"@type\":\"ReadAction\",\"target\":[\"https:\\\/\\\/dpress.ma\\\/fr\\\/2025\\\/08\\\/14\\\/fes-appel-a-la-creation-dune-alliance-mondiale-des-adeptes-du-soufisme-pour-promouvoir-la-paix\\\/\"]}]},{\"@type\":\"ImageObject\",\"inLanguage\":\"fr-FR\",\"@id\":\"https:\\\/\\\/dpress.ma\\\/fr\\\/2025\\\/08\\\/14\\\/fes-appel-a-la-creation-dune-alliance-mondiale-des-adeptes-du-soufisme-pour-promouvoir-la-paix\\\/#primaryimage\",\"url\":\"https:\\\/\\\/dpress.ma\\\/fr\\\/wp-content\\\/uploads\\\/sites\\\/2\\\/2025\\\/08\\\/la-5e-edition-du-Congres-mondial-du-soufisme.png\",\"contentUrl\":\"https:\\\/\\\/dpress.ma\\\/fr\\\/wp-content\\\/uploads\\\/sites\\\/2\\\/2025\\\/08\\\/la-5e-edition-du-Congres-mondial-du-soufisme.png\",\"width\":780,\"height\":470},{\"@type\":\"BreadcrumbList\",\"@id\":\"https:\\\/\\\/dpress.ma\\\/fr\\\/2025\\\/08\\\/14\\\/fes-appel-a-la-creation-dune-alliance-mondiale-des-adeptes-du-soufisme-pour-promouvoir-la-paix\\\/#breadcrumb\",\"itemListElement\":[{\"@type\":\"ListItem\",\"position\":1,\"name\":\"Home\",\"item\":\"https:\\\/\\\/dpress.ma\\\/fr\\\/\"},{\"@type\":\"ListItem\",\"position\":2,\"name\":\"F\u00e8s: Appel \u00e0 la cr\u00e9ation d\u2019une Alliance mondiale des adeptes du soufisme pour promouvoir la paix\"}]},{\"@type\":\"WebSite\",\"@id\":\"https:\\\/\\\/dpress.ma\\\/fr\\\/#website\",\"url\":\"https:\\\/\\\/dpress.ma\\\/fr\\\/\",\"name\":\"Dpress.ma\\\/fr\",\"description\":\"\",\"potentialAction\":[{\"@type\":\"SearchAction\",\"target\":{\"@type\":\"EntryPoint\",\"urlTemplate\":\"https:\\\/\\\/dpress.ma\\\/fr\\\/?s={search_term_string}\"},\"query-input\":{\"@type\":\"PropertyValueSpecification\",\"valueRequired\":true,\"valueName\":\"search_term_string\"}}],\"inLanguage\":\"fr-FR\"},{\"@type\":\"Person\",\"@id\":\"https:\\\/\\\/dpress.ma\\\/fr\\\/#\\\/schema\\\/person\\\/4898febf3ccd59e6578d838656a306a0\",\"name\":\"Dpress.ma\",\"image\":{\"@type\":\"ImageObject\",\"inLanguage\":\"fr-FR\",\"@id\":\"https:\\\/\\\/secure.gravatar.com\\\/avatar\\\/72ecc30e9db047a2e0e7176561eb9d564ed77c8108376495b19bd8336405198a?s=96&d=mm&r=g\",\"url\":\"https:\\\/\\\/secure.gravatar.com\\\/avatar\\\/72ecc30e9db047a2e0e7176561eb9d564ed77c8108376495b19bd8336405198a?s=96&d=mm&r=g\",\"contentUrl\":\"https:\\\/\\\/secure.gravatar.com\\\/avatar\\\/72ecc30e9db047a2e0e7176561eb9d564ed77c8108376495b19bd8336405198a?s=96&d=mm&r=g\",\"caption\":\"Dpress.ma\"},\"sameAs\":[\"https:\\\/\\\/www.dpress.ma\"],\"url\":\"https:\\\/\\\/dpress.ma\\\/fr\\\/author\\\/dpress-ma\\\/\"}]}<\/script>\n<!-- \/ Yoast SEO plugin. -->","yoast_head_json":{"title":"F\u00e8s: Appel \u00e0 la cr\u00e9ation d\u2019une Alliance mondiale des adeptes du soufisme pour promouvoir la paix - Dpress.ma\/fr","robots":{"index":"index","follow":"follow","max-snippet":"max-snippet:-1","max-image-preview":"max-image-preview:large","max-video-preview":"max-video-preview:-1"},"canonical":"https:\/\/dpress.ma\/fr\/2025\/08\/14\/fes-appel-a-la-creation-dune-alliance-mondiale-des-adeptes-du-soufisme-pour-promouvoir-la-paix\/","og_locale":"fr_FR","og_type":"article","og_title":"F\u00e8s: Appel \u00e0 la cr\u00e9ation d\u2019une Alliance mondiale des adeptes du soufisme pour promouvoir la paix - Dpress.ma\/fr","og_description":"Dpress Les participants \u00e0 la 5\u00e8 \u00e9dition du Congr\u00e8s mondial du soufisme qui s\u2019est achev\u00e9e, mercredi \u00e0 F\u00e8s, ont appel\u00e9 \u00e0 la cr\u00e9ation d\u2019une alliance mondiale des adeptes du soufisme, afin de porter la parole de la v\u00e9rit\u00e9, promouvoir les valeurs authentiques de l\u2019Islam et contrer les discours fallacieux. Ce congr\u00e8s, qui a r\u00e9uni des &hellip;","og_url":"https:\/\/dpress.ma\/fr\/2025\/08\/14\/fes-appel-a-la-creation-dune-alliance-mondiale-des-adeptes-du-soufisme-pour-promouvoir-la-paix\/","og_site_name":"Dpress.ma\/fr","article_published_time":"2025-08-14T12:15:43+00:00","article_modified_time":"2025-08-14T12:15:45+00:00","og_image":[{"width":780,"height":470,"url":"https:\/\/dpress.ma\/fr\/wp-content\/uploads\/sites\/2\/2025\/08\/la-5e-edition-du-Congres-mondial-du-soufisme.png","type":"image\/png"}],"author":"Dpress.ma","twitter_card":"summary_large_image","twitter_misc":{"\u00c9crit par":"Dpress.ma","Dur\u00e9e de lecture estim\u00e9e":"3 minutes"},"schema":{"@context":"https:\/\/schema.org","@graph":[{"@type":"Article","@id":"https:\/\/dpress.ma\/fr\/2025\/08\/14\/fes-appel-a-la-creation-dune-alliance-mondiale-des-adeptes-du-soufisme-pour-promouvoir-la-paix\/#article","isPartOf":{"@id":"https:\/\/dpress.ma\/fr\/2025\/08\/14\/fes-appel-a-la-creation-dune-alliance-mondiale-des-adeptes-du-soufisme-pour-promouvoir-la-paix\/"},"author":{"name":"Dpress.ma","@id":"https:\/\/dpress.ma\/fr\/#\/schema\/person\/4898febf3ccd59e6578d838656a306a0"},"headline":"F\u00e8s: Appel \u00e0 la cr\u00e9ation d\u2019une Alliance mondiale des adeptes du soufisme pour promouvoir la paix","datePublished":"2025-08-14T12:15:43+00:00","dateModified":"2025-08-14T12:15:45+00:00","mainEntityOfPage":{"@id":"https:\/\/dpress.ma\/fr\/2025\/08\/14\/fes-appel-a-la-creation-dune-alliance-mondiale-des-adeptes-du-soufisme-pour-promouvoir-la-paix\/"},"wordCount":432,"commentCount":0,"image":{"@id":"https:\/\/dpress.ma\/fr\/2025\/08\/14\/fes-appel-a-la-creation-dune-alliance-mondiale-des-adeptes-du-soufisme-pour-promouvoir-la-paix\/#primaryimage"},"thumbnailUrl":"https:\/\/dpress.ma\/fr\/wp-content\/uploads\/sites\/2\/2025\/08\/la-5e-edition-du-Congres-mondial-du-soufisme.png","articleSection":["societe et regions"],"inLanguage":"fr-FR","potentialAction":[{"@type":"CommentAction","name":"Comment","target":["https:\/\/dpress.ma\/fr\/2025\/08\/14\/fes-appel-a-la-creation-dune-alliance-mondiale-des-adeptes-du-soufisme-pour-promouvoir-la-paix\/#respond"]}]},{"@type":"WebPage","@id":"https:\/\/dpress.ma\/fr\/2025\/08\/14\/fes-appel-a-la-creation-dune-alliance-mondiale-des-adeptes-du-soufisme-pour-promouvoir-la-paix\/","url":"https:\/\/dpress.ma\/fr\/2025\/08\/14\/fes-appel-a-la-creation-dune-alliance-mondiale-des-adeptes-du-soufisme-pour-promouvoir-la-paix\/","name":"F\u00e8s: Appel \u00e0 la cr\u00e9ation d\u2019une Alliance mondiale des adeptes du soufisme pour promouvoir la paix - Dpress.ma\/fr","isPartOf":{"@id":"https:\/\/dpress.ma\/fr\/#website"},"primaryImageOfPage":{"@id":"https:\/\/dpress.ma\/fr\/2025\/08\/14\/fes-appel-a-la-creation-dune-alliance-mondiale-des-adeptes-du-soufisme-pour-promouvoir-la-paix\/#primaryimage"},"image":{"@id":"https:\/\/dpress.ma\/fr\/2025\/08\/14\/fes-appel-a-la-creation-dune-alliance-mondiale-des-adeptes-du-soufisme-pour-promouvoir-la-paix\/#primaryimage"},"thumbnailUrl":"https:\/\/dpress.ma\/fr\/wp-content\/uploads\/sites\/2\/2025\/08\/la-5e-edition-du-Congres-mondial-du-soufisme.png","datePublished":"2025-08-14T12:15:43+00:00","dateModified":"2025-08-14T12:15:45+00:00","author":{"@id":"https:\/\/dpress.ma\/fr\/#\/schema\/person\/4898febf3ccd59e6578d838656a306a0"},"breadcrumb":{"@id":"https:\/\/dpress.ma\/fr\/2025\/08\/14\/fes-appel-a-la-creation-dune-alliance-mondiale-des-adeptes-du-soufisme-pour-promouvoir-la-paix\/#breadcrumb"},"inLanguage":"fr-FR","potentialAction":[{"@type":"ReadAction","target":["https:\/\/dpress.ma\/fr\/2025\/08\/14\/fes-appel-a-la-creation-dune-alliance-mondiale-des-adeptes-du-soufisme-pour-promouvoir-la-paix\/"]}]},{"@type":"ImageObject","inLanguage":"fr-FR","@id":"https:\/\/dpress.ma\/fr\/2025\/08\/14\/fes-appel-a-la-creation-dune-alliance-mondiale-des-adeptes-du-soufisme-pour-promouvoir-la-paix\/#primaryimage","url":"https:\/\/dpress.ma\/fr\/wp-content\/uploads\/sites\/2\/2025\/08\/la-5e-edition-du-Congres-mondial-du-soufisme.png","contentUrl":"https:\/\/dpress.ma\/fr\/wp-content\/uploads\/sites\/2\/2025\/08\/la-5e-edition-du-Congres-mondial-du-soufisme.png","width":780,"height":470},{"@type":"BreadcrumbList","@id":"https:\/\/dpress.ma\/fr\/2025\/08\/14\/fes-appel-a-la-creation-dune-alliance-mondiale-des-adeptes-du-soufisme-pour-promouvoir-la-paix\/#breadcrumb","itemListElement":[{"@type":"ListItem","position":1,"name":"Home","item":"https:\/\/dpress.ma\/fr\/"},{"@type":"ListItem","position":2,"name":"F\u00e8s: Appel \u00e0 la cr\u00e9ation d\u2019une Alliance mondiale des adeptes du soufisme pour promouvoir la paix"}]},{"@type":"WebSite","@id":"https:\/\/dpress.ma\/fr\/#website","url":"https:\/\/dpress.ma\/fr\/","name":"Dpress.ma\/fr","description":"","potentialAction":[{"@type":"SearchAction","target":{"@type":"EntryPoint","urlTemplate":"https:\/\/dpress.ma\/fr\/?s={search_term_string}"},"query-input":{"@type":"PropertyValueSpecification","valueRequired":true,"valueName":"search_term_string"}}],"inLanguage":"fr-FR"},{"@type":"Person","@id":"https:\/\/dpress.ma\/fr\/#\/schema\/person\/4898febf3ccd59e6578d838656a306a0","name":"Dpress.ma","image":{"@type":"ImageObject","inLanguage":"fr-FR","@id":"https:\/\/secure.gravatar.com\/avatar\/72ecc30e9db047a2e0e7176561eb9d564ed77c8108376495b19bd8336405198a?s=96&d=mm&r=g","url":"https:\/\/secure.gravatar.com\/avatar\/72ecc30e9db047a2e0e7176561eb9d564ed77c8108376495b19bd8336405198a?s=96&d=mm&r=g","contentUrl":"https:\/\/secure.gravatar.com\/avatar\/72ecc30e9db047a2e0e7176561eb9d564ed77c8108376495b19bd8336405198a?s=96&d=mm&r=g","caption":"Dpress.ma"},"sameAs":["https:\/\/www.dpress.ma"],"url":"https:\/\/dpress.ma\/fr\/author\/dpress-ma\/"}]}},"amp_enabled":true,"_links":{"self":[{"href":"https:\/\/dpress.ma\/fr\/wp-json\/wp\/v2\/posts\/15777","targetHints":{"allow":["GET"]}}],"collection":[{"href":"https:\/\/dpress.ma\/fr\/wp-json\/wp\/v2\/posts"}],"about":[{"href":"https:\/\/dpress.ma\/fr\/wp-json\/wp\/v2\/types\/post"}],"author":[{"embeddable":true,"href":"https:\/\/dpress.ma\/fr\/wp-json\/wp\/v2\/users\/2"}],"replies":[{"embeddable":true,"href":"https:\/\/dpress.ma\/fr\/wp-json\/wp\/v2\/comments?post=15777"}],"version-history":[{"count":1,"href":"https:\/\/dpress.ma\/fr\/wp-json\/wp\/v2\/posts\/15777\/revisions"}],"predecessor-version":[{"id":15779,"href":"https:\/\/dpress.ma\/fr\/wp-json\/wp\/v2\/posts\/15777\/revisions\/15779"}],"wp:featuredmedia":[{"embeddable":true,"href":"https:\/\/dpress.ma\/fr\/wp-json\/wp\/v2\/media\/15778"}],"wp:attachment":[{"href":"https:\/\/dpress.ma\/fr\/wp-json\/wp\/v2\/media?parent=15777"}],"wp:term":[{"taxonomy":"category","embeddable":true,"href":"https:\/\/dpress.ma\/fr\/wp-json\/wp\/v2\/categories?post=15777"},{"taxonomy":"post_tag","embeddable":true,"href":"https:\/\/dpress.ma\/fr\/wp-json\/wp\/v2\/tags?post=15777"}],"curies":[{"name":"wp","href":"https:\/\/api.w.org\/{rel}","templated":true}]}}