{"id":15774,"date":"2025-08-14T12:10:09","date_gmt":"2025-08-14T12:10:09","guid":{"rendered":"https:\/\/dpress.ma\/fr\/?p=15774"},"modified":"2025-08-14T12:10:10","modified_gmt":"2025-08-14T12:10:10","slug":"cps-de-lua-conformement-a-la-vision-royale-eclairee-le-maroc-fait-de-leducation-un-pilier-strategique-de-la-cooperation-sud-sud-delegation-marocaine","status":"publish","type":"post","link":"https:\/\/dpress.ma\/fr\/2025\/08\/14\/cps-de-lua-conformement-a-la-vision-royale-eclairee-le-maroc-fait-de-leducation-un-pilier-strategique-de-la-cooperation-sud-sud-delegation-marocaine\/","title":{"rendered":"CPS de l\u2019UA : conform\u00e9ment \u00e0 la vision Royale \u00e9clair\u00e9e, le Maroc fait de l\u2019\u00e9ducation un pilier strat\u00e9gique de la coop\u00e9ration Sud-Sud (d\u00e9l\u00e9gation marocaine)"},"content":{"rendered":"\n<p dir=\"ltr\">Dpress<\/p>\n\n\n\n<p dir=\"ltr\">&nbsp;Conform\u00e9ment \u00e0 la vision Royale \u00e9clair\u00e9e, le Maroc fait de l\u2019\u00e9ducation un pilier strat\u00e9gique d\u2019une coop\u00e9ration Sud-Sud solidaire et innovante, a soulign\u00e9, mercredi la d\u00e9l\u00e9gation marocaine lors d\u2019une s\u00e9ance publique du Conseil de paix et de s\u00e9curit\u00e9 de l\u2019Union Africaine (CPS de l\u2019UA).<\/p>\n\n\n\n<p dir=\"ltr\">\u201cFid\u00e8le \u00e0 la vision \u00e9clair\u00e9e de Sa Majest\u00e9 le Roi Mohammed VI, que Dieu L\u2019assiste, le Maroc r\u00e9affirme son engagement ferme \u00e0 travailler aux c\u00f4t\u00e9s des pays fr\u00e8res et partenaires africains pour assurer que chaque enfant puisse apprendre dans un environnement s\u00fbr, inclusif et porteur d\u2019espoir\u201d, a soulign\u00e9 la d\u00e9l\u00e9gation marocaine lors de cette s\u00e9ance publique sur \u201cl\u2019\u00e9ducation dans les situations de conflit en Afrique\u201d, relevant que pour le Royaume, l\u2019\u00e9ducation est un moteur essentiel de paix et de d\u00e9veloppement.<\/p>\n\n\n\n<p dir=\"ltr\">Elle a, dans ce sens, rappel\u00e9 que chaque ann\u00e9e, des milliers d\u2019\u00e9tudiants issus des cinq r\u00e9gions du continent b\u00e9n\u00e9ficient des bourses d\u2019\u00e9tudes offertes par le Royaume, leur ouvrant l\u2019acc\u00e8s \u00e0 des formations universitaires et professionnelles de haut niveau dans des domaines strat\u00e9giques tels que les sciences, la sant\u00e9, l\u2019agriculture, l\u2019ing\u00e9nierie et la formation des formateurs.<\/p>\n\n\n\n<p dir=\"ltr\">Ce pilier majeur de la coop\u00e9ration Sud-Sud, incarnant les valeurs de solidarit\u00e9 et de partenariat gagnant-gagnant, est mis en \u0153uvre par l\u2019Agence marocaine de coop\u00e9ration internationale (AMCI), qui joue un r\u00f4le central dans l\u2019accueil, l\u2019accompagnement et la r\u00e9ussite des jeunes africains, a-t-elle poursuivi.<\/p>\n\n\n\n<p dir=\"ltr\">La d\u00e9l\u00e9gation a en outre fait savoir qu\u2019au-del\u00e0 de la formation, le Royaume partage son expertise en mati\u00e8re de r\u00e9formes \u00e9ducatives, de digitalisation des contenus et d\u2019organisation de la continuit\u00e9 p\u00e9dagogique en temps de crise, \u00e9voquant les projets conjoints avec plusieurs pays africains visant la construction et la r\u00e9habilitation d\u2019infrastructures \u00e9ducatives, la formation des cadres nationaux, et le renforcement des syst\u00e8mes \u00e9ducatifs dans les zones les plus vuln\u00e9rables.<\/p>\n\n\n\n<p dir=\"ltr\">La d\u00e9l\u00e9gation a par ailleurs indiqu\u00e9 que les conflits arm\u00e9s et les crises prolong\u00e9es qui affectent certains \u00c9tats ont des impacts d\u00e9vastateurs sur les syst\u00e8mes \u00e9ducatifs, pr\u00e9cisant que la destruction des infrastructures scolaires, le d\u00e9placement forc\u00e9 des enseignants et des \u00e9l\u00e8ves, ainsi que l\u2019interruption prolong\u00e9e des cours entravent gravement l\u2019acc\u00e8s \u00e0 l\u2019\u00e9ducation.<\/p>\n\n\n\n<p dir=\"ltr\">Sur un autre registre, la redirection des ressources financi\u00e8res vers les efforts militaires affaiblit davantage la qualit\u00e9, l\u2019inclusivit\u00e9 et la continuit\u00e9 des dispositifs \u00e9ducatifs, a-t-elle soutenu, notant que ces r\u00e9alit\u00e9s privent des g\u00e9n\u00e9rations enti\u00e8res d\u2019acquis fondamentaux, fragilisent le tissu social et alimentent un cercle vicieux de marginalisation et d\u2019instabilit\u00e9.<\/p>\n\n\n\n<p dir=\"ltr\">Elle a \u00e9galement soulign\u00e9 que l\u2019\u00e9ducation ne se limite pas \u00e0 la simple reconnaissance d\u2019un droit fondamental mais constitue aussi un levier strat\u00e9gique incontournable pour pr\u00e9venir les conflits et consolider durablement la paix, estimant qu\u2019en promouvant les valeurs universelles de tol\u00e9rance, de respect mutuel et de dialogue interculturel, l\u2019\u00e9ducation forme des citoyens responsables, capables de r\u00e9soudre pacifiquement les diff\u00e9rends et de construire des soci\u00e9t\u00e9s r\u00e9silientes.<\/p>\n\n\n\n<p dir=\"ltr\">La d\u00e9l\u00e9gation marocaine a, \u00e0 cet \u00e9gard, mis l\u2019accent sur l\u2019imp\u00e9ratif, m\u00eame en situation de crise, d\u2019investir durablement dans des syst\u00e8mes \u00e9ducatifs inclusifs et de qualit\u00e9, de prot\u00e9ger les \u00e9tablissements scolaires comme des espaces sanctuaris\u00e9s, et d\u2019offrir aux enfants un avenir porteur d\u2019espoir et d\u2019opportunit\u00e9s.<\/p>\n\n\n\n<p dir=\"ltr\">\u201cInvestir dans l\u2019\u00e9ducation, c\u2019est investir dans la s\u00e9curit\u00e9, la stabilit\u00e9 et le d\u00e9veloppement durable de notre continent, garantissant ainsi un avenir paisible aux g\u00e9n\u00e9rations futures\u201d, a-t-elle conclu.<\/p>\n","protected":false},"excerpt":{"rendered":"<p>Dpress &nbsp;Conform\u00e9ment \u00e0 la vision Royale \u00e9clair\u00e9e, le Maroc fait de l\u2019\u00e9ducation un pilier strat\u00e9gique d\u2019une coop\u00e9ration Sud-Sud solidaire et innovante, a soulign\u00e9, mercredi la d\u00e9l\u00e9gation marocaine lors d\u2019une s\u00e9ance publique du Conseil de paix et de s\u00e9curit\u00e9 de l\u2019Union Africaine (CPS de l\u2019UA). \u201cFid\u00e8le \u00e0 la vision \u00e9clair\u00e9e de Sa Majest\u00e9 le Roi Mohammed &hellip;<\/p>\n","protected":false},"author":2,"featured_media":15775,"comment_status":"open","ping_status":"open","sticky":false,"template":"","format":"standard","meta":{"footnotes":""},"categories":[26],"tags":[],"class_list":["post-15774","post","type-post","status-publish","format-standard","has-post-thumbnail","hentry","category-politiques"],"yoast_head":"<!-- This site is optimized with the Yoast SEO plugin v27.5 - https:\/\/yoast.com\/product\/yoast-seo-wordpress\/ -->\n<title>CPS de l\u2019UA : conform\u00e9ment \u00e0 la vision Royale \u00e9clair\u00e9e, le Maroc fait de l\u2019\u00e9ducation un pilier strat\u00e9gique de la coop\u00e9ration Sud-Sud (d\u00e9l\u00e9gation marocaine) - Dpress.ma\/fr<\/title>\n<meta name=\"robots\" content=\"index, follow, max-snippet:-1, max-image-preview:large, max-video-preview:-1\" \/>\n<link rel=\"canonical\" href=\"https:\/\/dpress.ma\/fr\/2025\/08\/14\/cps-de-lua-conformement-a-la-vision-royale-eclairee-le-maroc-fait-de-leducation-un-pilier-strategique-de-la-cooperation-sud-sud-delegation-marocaine\/\" \/>\n<meta property=\"og:locale\" content=\"fr_FR\" \/>\n<meta property=\"og:type\" content=\"article\" \/>\n<meta property=\"og:title\" content=\"CPS de l\u2019UA : conform\u00e9ment \u00e0 la vision Royale \u00e9clair\u00e9e, le Maroc fait de l\u2019\u00e9ducation un pilier strat\u00e9gique de la coop\u00e9ration Sud-Sud (d\u00e9l\u00e9gation marocaine) - Dpress.ma\/fr\" \/>\n<meta property=\"og:description\" content=\"Dpress &nbsp;Conform\u00e9ment \u00e0 la vision Royale \u00e9clair\u00e9e, le Maroc fait de l\u2019\u00e9ducation un pilier strat\u00e9gique d\u2019une coop\u00e9ration Sud-Sud solidaire et innovante, a soulign\u00e9, mercredi la d\u00e9l\u00e9gation marocaine lors d\u2019une s\u00e9ance publique du Conseil de paix et de s\u00e9curit\u00e9 de l\u2019Union Africaine (CPS de l\u2019UA). \u201cFid\u00e8le \u00e0 la vision \u00e9clair\u00e9e de Sa Majest\u00e9 le Roi Mohammed &hellip;\" \/>\n<meta property=\"og:url\" content=\"https:\/\/dpress.ma\/fr\/2025\/08\/14\/cps-de-lua-conformement-a-la-vision-royale-eclairee-le-maroc-fait-de-leducation-un-pilier-strategique-de-la-cooperation-sud-sud-delegation-marocaine\/\" \/>\n<meta property=\"og:site_name\" content=\"Dpress.ma\/fr\" \/>\n<meta property=\"article:published_time\" content=\"2025-08-14T12:10:09+00:00\" \/>\n<meta property=\"article:modified_time\" content=\"2025-08-14T12:10:10+00:00\" \/>\n<meta property=\"og:image\" content=\"https:\/\/dpress.ma\/fr\/wp-content\/uploads\/sites\/2\/2025\/08\/lUnion-Africaine.png\" \/>\n\t<meta property=\"og:image:width\" content=\"780\" \/>\n\t<meta property=\"og:image:height\" content=\"470\" \/>\n\t<meta property=\"og:image:type\" content=\"image\/png\" \/>\n<meta name=\"author\" content=\"Dpress.ma\" \/>\n<meta name=\"twitter:card\" content=\"summary_large_image\" \/>\n<meta name=\"twitter:label1\" content=\"\u00c9crit par\" \/>\n\t<meta name=\"twitter:data1\" content=\"Dpress.ma\" \/>\n\t<meta name=\"twitter:label2\" content=\"Dur\u00e9e de lecture estim\u00e9e\" \/>\n\t<meta name=\"twitter:data2\" content=\"3 minutes\" \/>\n<script type=\"application\/ld+json\" class=\"yoast-schema-graph\">{\"@context\":\"https:\\\/\\\/schema.org\",\"@graph\":[{\"@type\":\"Article\",\"@id\":\"https:\\\/\\\/dpress.ma\\\/fr\\\/2025\\\/08\\\/14\\\/cps-de-lua-conformement-a-la-vision-royale-eclairee-le-maroc-fait-de-leducation-un-pilier-strategique-de-la-cooperation-sud-sud-delegation-marocaine\\\/#article\",\"isPartOf\":{\"@id\":\"https:\\\/\\\/dpress.ma\\\/fr\\\/2025\\\/08\\\/14\\\/cps-de-lua-conformement-a-la-vision-royale-eclairee-le-maroc-fait-de-leducation-un-pilier-strategique-de-la-cooperation-sud-sud-delegation-marocaine\\\/\"},\"author\":{\"name\":\"Dpress.ma\",\"@id\":\"https:\\\/\\\/dpress.ma\\\/fr\\\/#\\\/schema\\\/person\\\/4898febf3ccd59e6578d838656a306a0\"},\"headline\":\"CPS de l\u2019UA : conform\u00e9ment \u00e0 la vision Royale \u00e9clair\u00e9e, le Maroc fait de l\u2019\u00e9ducation un pilier strat\u00e9gique de la coop\u00e9ration Sud-Sud (d\u00e9l\u00e9gation marocaine)\",\"datePublished\":\"2025-08-14T12:10:09+00:00\",\"dateModified\":\"2025-08-14T12:10:10+00:00\",\"mainEntityOfPage\":{\"@id\":\"https:\\\/\\\/dpress.ma\\\/fr\\\/2025\\\/08\\\/14\\\/cps-de-lua-conformement-a-la-vision-royale-eclairee-le-maroc-fait-de-leducation-un-pilier-strategique-de-la-cooperation-sud-sud-delegation-marocaine\\\/\"},\"wordCount\":665,\"commentCount\":0,\"image\":{\"@id\":\"https:\\\/\\\/dpress.ma\\\/fr\\\/2025\\\/08\\\/14\\\/cps-de-lua-conformement-a-la-vision-royale-eclairee-le-maroc-fait-de-leducation-un-pilier-strategique-de-la-cooperation-sud-sud-delegation-marocaine\\\/#primaryimage\"},\"thumbnailUrl\":\"https:\\\/\\\/dpress.ma\\\/fr\\\/wp-content\\\/uploads\\\/sites\\\/2\\\/2025\\\/08\\\/lUnion-Africaine.png\",\"articleSection\":[\"Politiques\"],\"inLanguage\":\"fr-FR\",\"potentialAction\":[{\"@type\":\"CommentAction\",\"name\":\"Comment\",\"target\":[\"https:\\\/\\\/dpress.ma\\\/fr\\\/2025\\\/08\\\/14\\\/cps-de-lua-conformement-a-la-vision-royale-eclairee-le-maroc-fait-de-leducation-un-pilier-strategique-de-la-cooperation-sud-sud-delegation-marocaine\\\/#respond\"]}]},{\"@type\":\"WebPage\",\"@id\":\"https:\\\/\\\/dpress.ma\\\/fr\\\/2025\\\/08\\\/14\\\/cps-de-lua-conformement-a-la-vision-royale-eclairee-le-maroc-fait-de-leducation-un-pilier-strategique-de-la-cooperation-sud-sud-delegation-marocaine\\\/\",\"url\":\"https:\\\/\\\/dpress.ma\\\/fr\\\/2025\\\/08\\\/14\\\/cps-de-lua-conformement-a-la-vision-royale-eclairee-le-maroc-fait-de-leducation-un-pilier-strategique-de-la-cooperation-sud-sud-delegation-marocaine\\\/\",\"name\":\"CPS de l\u2019UA : conform\u00e9ment \u00e0 la vision Royale \u00e9clair\u00e9e, le Maroc fait de l\u2019\u00e9ducation un pilier strat\u00e9gique de la coop\u00e9ration Sud-Sud (d\u00e9l\u00e9gation marocaine) - Dpress.ma\\\/fr\",\"isPartOf\":{\"@id\":\"https:\\\/\\\/dpress.ma\\\/fr\\\/#website\"},\"primaryImageOfPage\":{\"@id\":\"https:\\\/\\\/dpress.ma\\\/fr\\\/2025\\\/08\\\/14\\\/cps-de-lua-conformement-a-la-vision-royale-eclairee-le-maroc-fait-de-leducation-un-pilier-strategique-de-la-cooperation-sud-sud-delegation-marocaine\\\/#primaryimage\"},\"image\":{\"@id\":\"https:\\\/\\\/dpress.ma\\\/fr\\\/2025\\\/08\\\/14\\\/cps-de-lua-conformement-a-la-vision-royale-eclairee-le-maroc-fait-de-leducation-un-pilier-strategique-de-la-cooperation-sud-sud-delegation-marocaine\\\/#primaryimage\"},\"thumbnailUrl\":\"https:\\\/\\\/dpress.ma\\\/fr\\\/wp-content\\\/uploads\\\/sites\\\/2\\\/2025\\\/08\\\/lUnion-Africaine.png\",\"datePublished\":\"2025-08-14T12:10:09+00:00\",\"dateModified\":\"2025-08-14T12:10:10+00:00\",\"author\":{\"@id\":\"https:\\\/\\\/dpress.ma\\\/fr\\\/#\\\/schema\\\/person\\\/4898febf3ccd59e6578d838656a306a0\"},\"breadcrumb\":{\"@id\":\"https:\\\/\\\/dpress.ma\\\/fr\\\/2025\\\/08\\\/14\\\/cps-de-lua-conformement-a-la-vision-royale-eclairee-le-maroc-fait-de-leducation-un-pilier-strategique-de-la-cooperation-sud-sud-delegation-marocaine\\\/#breadcrumb\"},\"inLanguage\":\"fr-FR\",\"potentialAction\":[{\"@type\":\"ReadAction\",\"target\":[\"https:\\\/\\\/dpress.ma\\\/fr\\\/2025\\\/08\\\/14\\\/cps-de-lua-conformement-a-la-vision-royale-eclairee-le-maroc-fait-de-leducation-un-pilier-strategique-de-la-cooperation-sud-sud-delegation-marocaine\\\/\"]}]},{\"@type\":\"ImageObject\",\"inLanguage\":\"fr-FR\",\"@id\":\"https:\\\/\\\/dpress.ma\\\/fr\\\/2025\\\/08\\\/14\\\/cps-de-lua-conformement-a-la-vision-royale-eclairee-le-maroc-fait-de-leducation-un-pilier-strategique-de-la-cooperation-sud-sud-delegation-marocaine\\\/#primaryimage\",\"url\":\"https:\\\/\\\/dpress.ma\\\/fr\\\/wp-content\\\/uploads\\\/sites\\\/2\\\/2025\\\/08\\\/lUnion-Africaine.png\",\"contentUrl\":\"https:\\\/\\\/dpress.ma\\\/fr\\\/wp-content\\\/uploads\\\/sites\\\/2\\\/2025\\\/08\\\/lUnion-Africaine.png\",\"width\":780,\"height\":470},{\"@type\":\"BreadcrumbList\",\"@id\":\"https:\\\/\\\/dpress.ma\\\/fr\\\/2025\\\/08\\\/14\\\/cps-de-lua-conformement-a-la-vision-royale-eclairee-le-maroc-fait-de-leducation-un-pilier-strategique-de-la-cooperation-sud-sud-delegation-marocaine\\\/#breadcrumb\",\"itemListElement\":[{\"@type\":\"ListItem\",\"position\":1,\"name\":\"Home\",\"item\":\"https:\\\/\\\/dpress.ma\\\/fr\\\/\"},{\"@type\":\"ListItem\",\"position\":2,\"name\":\"CPS de l\u2019UA : conform\u00e9ment \u00e0 la vision Royale \u00e9clair\u00e9e, le Maroc fait de l\u2019\u00e9ducation un pilier strat\u00e9gique de la coop\u00e9ration Sud-Sud (d\u00e9l\u00e9gation marocaine)\"}]},{\"@type\":\"WebSite\",\"@id\":\"https:\\\/\\\/dpress.ma\\\/fr\\\/#website\",\"url\":\"https:\\\/\\\/dpress.ma\\\/fr\\\/\",\"name\":\"Dpress.ma\\\/fr\",\"description\":\"\",\"potentialAction\":[{\"@type\":\"SearchAction\",\"target\":{\"@type\":\"EntryPoint\",\"urlTemplate\":\"https:\\\/\\\/dpress.ma\\\/fr\\\/?s={search_term_string}\"},\"query-input\":{\"@type\":\"PropertyValueSpecification\",\"valueRequired\":true,\"valueName\":\"search_term_string\"}}],\"inLanguage\":\"fr-FR\"},{\"@type\":\"Person\",\"@id\":\"https:\\\/\\\/dpress.ma\\\/fr\\\/#\\\/schema\\\/person\\\/4898febf3ccd59e6578d838656a306a0\",\"name\":\"Dpress.ma\",\"image\":{\"@type\":\"ImageObject\",\"inLanguage\":\"fr-FR\",\"@id\":\"https:\\\/\\\/secure.gravatar.com\\\/avatar\\\/72ecc30e9db047a2e0e7176561eb9d564ed77c8108376495b19bd8336405198a?s=96&d=mm&r=g\",\"url\":\"https:\\\/\\\/secure.gravatar.com\\\/avatar\\\/72ecc30e9db047a2e0e7176561eb9d564ed77c8108376495b19bd8336405198a?s=96&d=mm&r=g\",\"contentUrl\":\"https:\\\/\\\/secure.gravatar.com\\\/avatar\\\/72ecc30e9db047a2e0e7176561eb9d564ed77c8108376495b19bd8336405198a?s=96&d=mm&r=g\",\"caption\":\"Dpress.ma\"},\"sameAs\":[\"https:\\\/\\\/www.dpress.ma\"],\"url\":\"https:\\\/\\\/dpress.ma\\\/fr\\\/author\\\/dpress-ma\\\/\"}]}<\/script>\n<!-- \/ Yoast SEO plugin. -->","yoast_head_json":{"title":"CPS de l\u2019UA : conform\u00e9ment \u00e0 la vision Royale \u00e9clair\u00e9e, le Maroc fait de l\u2019\u00e9ducation un pilier strat\u00e9gique de la coop\u00e9ration Sud-Sud (d\u00e9l\u00e9gation marocaine) - Dpress.ma\/fr","robots":{"index":"index","follow":"follow","max-snippet":"max-snippet:-1","max-image-preview":"max-image-preview:large","max-video-preview":"max-video-preview:-1"},"canonical":"https:\/\/dpress.ma\/fr\/2025\/08\/14\/cps-de-lua-conformement-a-la-vision-royale-eclairee-le-maroc-fait-de-leducation-un-pilier-strategique-de-la-cooperation-sud-sud-delegation-marocaine\/","og_locale":"fr_FR","og_type":"article","og_title":"CPS de l\u2019UA : conform\u00e9ment \u00e0 la vision Royale \u00e9clair\u00e9e, le Maroc fait de l\u2019\u00e9ducation un pilier strat\u00e9gique de la coop\u00e9ration Sud-Sud (d\u00e9l\u00e9gation marocaine) - Dpress.ma\/fr","og_description":"Dpress &nbsp;Conform\u00e9ment \u00e0 la vision Royale \u00e9clair\u00e9e, le Maroc fait de l\u2019\u00e9ducation un pilier strat\u00e9gique d\u2019une coop\u00e9ration Sud-Sud solidaire et innovante, a soulign\u00e9, mercredi la d\u00e9l\u00e9gation marocaine lors d\u2019une s\u00e9ance publique du Conseil de paix et de s\u00e9curit\u00e9 de l\u2019Union Africaine (CPS de l\u2019UA). \u201cFid\u00e8le \u00e0 la vision \u00e9clair\u00e9e de Sa Majest\u00e9 le Roi Mohammed &hellip;","og_url":"https:\/\/dpress.ma\/fr\/2025\/08\/14\/cps-de-lua-conformement-a-la-vision-royale-eclairee-le-maroc-fait-de-leducation-un-pilier-strategique-de-la-cooperation-sud-sud-delegation-marocaine\/","og_site_name":"Dpress.ma\/fr","article_published_time":"2025-08-14T12:10:09+00:00","article_modified_time":"2025-08-14T12:10:10+00:00","og_image":[{"width":780,"height":470,"url":"https:\/\/dpress.ma\/fr\/wp-content\/uploads\/sites\/2\/2025\/08\/lUnion-Africaine.png","type":"image\/png"}],"author":"Dpress.ma","twitter_card":"summary_large_image","twitter_misc":{"\u00c9crit par":"Dpress.ma","Dur\u00e9e de lecture estim\u00e9e":"3 minutes"},"schema":{"@context":"https:\/\/schema.org","@graph":[{"@type":"Article","@id":"https:\/\/dpress.ma\/fr\/2025\/08\/14\/cps-de-lua-conformement-a-la-vision-royale-eclairee-le-maroc-fait-de-leducation-un-pilier-strategique-de-la-cooperation-sud-sud-delegation-marocaine\/#article","isPartOf":{"@id":"https:\/\/dpress.ma\/fr\/2025\/08\/14\/cps-de-lua-conformement-a-la-vision-royale-eclairee-le-maroc-fait-de-leducation-un-pilier-strategique-de-la-cooperation-sud-sud-delegation-marocaine\/"},"author":{"name":"Dpress.ma","@id":"https:\/\/dpress.ma\/fr\/#\/schema\/person\/4898febf3ccd59e6578d838656a306a0"},"headline":"CPS de l\u2019UA : conform\u00e9ment \u00e0 la vision Royale \u00e9clair\u00e9e, le Maroc fait de l\u2019\u00e9ducation un pilier strat\u00e9gique de la coop\u00e9ration Sud-Sud (d\u00e9l\u00e9gation marocaine)","datePublished":"2025-08-14T12:10:09+00:00","dateModified":"2025-08-14T12:10:10+00:00","mainEntityOfPage":{"@id":"https:\/\/dpress.ma\/fr\/2025\/08\/14\/cps-de-lua-conformement-a-la-vision-royale-eclairee-le-maroc-fait-de-leducation-un-pilier-strategique-de-la-cooperation-sud-sud-delegation-marocaine\/"},"wordCount":665,"commentCount":0,"image":{"@id":"https:\/\/dpress.ma\/fr\/2025\/08\/14\/cps-de-lua-conformement-a-la-vision-royale-eclairee-le-maroc-fait-de-leducation-un-pilier-strategique-de-la-cooperation-sud-sud-delegation-marocaine\/#primaryimage"},"thumbnailUrl":"https:\/\/dpress.ma\/fr\/wp-content\/uploads\/sites\/2\/2025\/08\/lUnion-Africaine.png","articleSection":["Politiques"],"inLanguage":"fr-FR","potentialAction":[{"@type":"CommentAction","name":"Comment","target":["https:\/\/dpress.ma\/fr\/2025\/08\/14\/cps-de-lua-conformement-a-la-vision-royale-eclairee-le-maroc-fait-de-leducation-un-pilier-strategique-de-la-cooperation-sud-sud-delegation-marocaine\/#respond"]}]},{"@type":"WebPage","@id":"https:\/\/dpress.ma\/fr\/2025\/08\/14\/cps-de-lua-conformement-a-la-vision-royale-eclairee-le-maroc-fait-de-leducation-un-pilier-strategique-de-la-cooperation-sud-sud-delegation-marocaine\/","url":"https:\/\/dpress.ma\/fr\/2025\/08\/14\/cps-de-lua-conformement-a-la-vision-royale-eclairee-le-maroc-fait-de-leducation-un-pilier-strategique-de-la-cooperation-sud-sud-delegation-marocaine\/","name":"CPS de l\u2019UA : conform\u00e9ment \u00e0 la vision Royale \u00e9clair\u00e9e, le Maroc fait de l\u2019\u00e9ducation un pilier strat\u00e9gique de la coop\u00e9ration Sud-Sud (d\u00e9l\u00e9gation marocaine) - Dpress.ma\/fr","isPartOf":{"@id":"https:\/\/dpress.ma\/fr\/#website"},"primaryImageOfPage":{"@id":"https:\/\/dpress.ma\/fr\/2025\/08\/14\/cps-de-lua-conformement-a-la-vision-royale-eclairee-le-maroc-fait-de-leducation-un-pilier-strategique-de-la-cooperation-sud-sud-delegation-marocaine\/#primaryimage"},"image":{"@id":"https:\/\/dpress.ma\/fr\/2025\/08\/14\/cps-de-lua-conformement-a-la-vision-royale-eclairee-le-maroc-fait-de-leducation-un-pilier-strategique-de-la-cooperation-sud-sud-delegation-marocaine\/#primaryimage"},"thumbnailUrl":"https:\/\/dpress.ma\/fr\/wp-content\/uploads\/sites\/2\/2025\/08\/lUnion-Africaine.png","datePublished":"2025-08-14T12:10:09+00:00","dateModified":"2025-08-14T12:10:10+00:00","author":{"@id":"https:\/\/dpress.ma\/fr\/#\/schema\/person\/4898febf3ccd59e6578d838656a306a0"},"breadcrumb":{"@id":"https:\/\/dpress.ma\/fr\/2025\/08\/14\/cps-de-lua-conformement-a-la-vision-royale-eclairee-le-maroc-fait-de-leducation-un-pilier-strategique-de-la-cooperation-sud-sud-delegation-marocaine\/#breadcrumb"},"inLanguage":"fr-FR","potentialAction":[{"@type":"ReadAction","target":["https:\/\/dpress.ma\/fr\/2025\/08\/14\/cps-de-lua-conformement-a-la-vision-royale-eclairee-le-maroc-fait-de-leducation-un-pilier-strategique-de-la-cooperation-sud-sud-delegation-marocaine\/"]}]},{"@type":"ImageObject","inLanguage":"fr-FR","@id":"https:\/\/dpress.ma\/fr\/2025\/08\/14\/cps-de-lua-conformement-a-la-vision-royale-eclairee-le-maroc-fait-de-leducation-un-pilier-strategique-de-la-cooperation-sud-sud-delegation-marocaine\/#primaryimage","url":"https:\/\/dpress.ma\/fr\/wp-content\/uploads\/sites\/2\/2025\/08\/lUnion-Africaine.png","contentUrl":"https:\/\/dpress.ma\/fr\/wp-content\/uploads\/sites\/2\/2025\/08\/lUnion-Africaine.png","width":780,"height":470},{"@type":"BreadcrumbList","@id":"https:\/\/dpress.ma\/fr\/2025\/08\/14\/cps-de-lua-conformement-a-la-vision-royale-eclairee-le-maroc-fait-de-leducation-un-pilier-strategique-de-la-cooperation-sud-sud-delegation-marocaine\/#breadcrumb","itemListElement":[{"@type":"ListItem","position":1,"name":"Home","item":"https:\/\/dpress.ma\/fr\/"},{"@type":"ListItem","position":2,"name":"CPS de l\u2019UA : conform\u00e9ment \u00e0 la vision Royale \u00e9clair\u00e9e, le Maroc fait de l\u2019\u00e9ducation un pilier strat\u00e9gique de la coop\u00e9ration Sud-Sud (d\u00e9l\u00e9gation marocaine)"}]},{"@type":"WebSite","@id":"https:\/\/dpress.ma\/fr\/#website","url":"https:\/\/dpress.ma\/fr\/","name":"Dpress.ma\/fr","description":"","potentialAction":[{"@type":"SearchAction","target":{"@type":"EntryPoint","urlTemplate":"https:\/\/dpress.ma\/fr\/?s={search_term_string}"},"query-input":{"@type":"PropertyValueSpecification","valueRequired":true,"valueName":"search_term_string"}}],"inLanguage":"fr-FR"},{"@type":"Person","@id":"https:\/\/dpress.ma\/fr\/#\/schema\/person\/4898febf3ccd59e6578d838656a306a0","name":"Dpress.ma","image":{"@type":"ImageObject","inLanguage":"fr-FR","@id":"https:\/\/secure.gravatar.com\/avatar\/72ecc30e9db047a2e0e7176561eb9d564ed77c8108376495b19bd8336405198a?s=96&d=mm&r=g","url":"https:\/\/secure.gravatar.com\/avatar\/72ecc30e9db047a2e0e7176561eb9d564ed77c8108376495b19bd8336405198a?s=96&d=mm&r=g","contentUrl":"https:\/\/secure.gravatar.com\/avatar\/72ecc30e9db047a2e0e7176561eb9d564ed77c8108376495b19bd8336405198a?s=96&d=mm&r=g","caption":"Dpress.ma"},"sameAs":["https:\/\/www.dpress.ma"],"url":"https:\/\/dpress.ma\/fr\/author\/dpress-ma\/"}]}},"amp_enabled":true,"_links":{"self":[{"href":"https:\/\/dpress.ma\/fr\/wp-json\/wp\/v2\/posts\/15774","targetHints":{"allow":["GET"]}}],"collection":[{"href":"https:\/\/dpress.ma\/fr\/wp-json\/wp\/v2\/posts"}],"about":[{"href":"https:\/\/dpress.ma\/fr\/wp-json\/wp\/v2\/types\/post"}],"author":[{"embeddable":true,"href":"https:\/\/dpress.ma\/fr\/wp-json\/wp\/v2\/users\/2"}],"replies":[{"embeddable":true,"href":"https:\/\/dpress.ma\/fr\/wp-json\/wp\/v2\/comments?post=15774"}],"version-history":[{"count":1,"href":"https:\/\/dpress.ma\/fr\/wp-json\/wp\/v2\/posts\/15774\/revisions"}],"predecessor-version":[{"id":15776,"href":"https:\/\/dpress.ma\/fr\/wp-json\/wp\/v2\/posts\/15774\/revisions\/15776"}],"wp:featuredmedia":[{"embeddable":true,"href":"https:\/\/dpress.ma\/fr\/wp-json\/wp\/v2\/media\/15775"}],"wp:attachment":[{"href":"https:\/\/dpress.ma\/fr\/wp-json\/wp\/v2\/media?parent=15774"}],"wp:term":[{"taxonomy":"category","embeddable":true,"href":"https:\/\/dpress.ma\/fr\/wp-json\/wp\/v2\/categories?post=15774"},{"taxonomy":"post_tag","embeddable":true,"href":"https:\/\/dpress.ma\/fr\/wp-json\/wp\/v2\/tags?post=15774"}],"curies":[{"name":"wp","href":"https:\/\/api.w.org\/{rel}","templated":true}]}}