{"id":15771,"date":"2025-08-13T17:07:56","date_gmt":"2025-08-13T17:07:56","guid":{"rendered":"https:\/\/dpress.ma\/fr\/?p=15771"},"modified":"2025-08-13T17:07:57","modified_gmt":"2025-08-13T17:07:57","slug":"46e-anniversaire-de-la-recuperation-doued-eddahab-une-epopee-heroique-dans-le-processus-de-parachevement-de-lintegrite-territoriale","status":"publish","type":"post","link":"https:\/\/dpress.ma\/fr\/2025\/08\/13\/46e-anniversaire-de-la-recuperation-doued-eddahab-une-epopee-heroique-dans-le-processus-de-parachevement-de-lintegrite-territoriale\/","title":{"rendered":"46e anniversaire de la r\u00e9cup\u00e9ration d\u2019Oued Eddahab: une \u00e9pop\u00e9e h\u00e9ro\u00efque dans le processus de parach\u00e8vement de l\u2019int\u00e9grit\u00e9 territoriale"},"content":{"rendered":"\n<p>dpress<\/p>\n\n\n\n<p>Le peuple marocain c\u00e9l\u00e8bre, jeudi, le 46e anniversaire de la r\u00e9cup\u00e9ration de la province d\u2019Oued Eddahab, une \u00e9pop\u00e9e h\u00e9ro\u00efque dans le processus de parach\u00e8vement de l\u2019int\u00e9grit\u00e9 territoriale du Maroc, et ce, dans une ambiance marqu\u00e9e par la mobilisation nationale constante autour de la premi\u00e8re cause du Royaume.<\/p>\n\n\n\n<p>Le 14 ao\u00fbt 1979, les oul\u00e9mas, les notables et les chefs de tribus de la province d\u2019Oued Eddahab s\u2019\u00e9taient rendus au Palais Royal de Rabat pour pr\u00e9senter \u00e0 Feu SM le Roi Hassan II leur serment d\u2019all\u00e9geance et r\u00e9affirmer leurs liens d\u2019attachement ind\u00e9fectibles au Glorieux Tr\u00f4ne Alaouite.<\/p>\n\n\n\n<p>Par cet acte solennel et hautement patriotique, les habitants d\u2019Oued Eddahab ont signifi\u00e9 qu\u2019ils ne braderaient jamais leur identit\u00e9 marocaine, en affirmant leur attachement \u00e0 la Patrie et \u00e0 son int\u00e9grit\u00e9 territoriale sacr\u00e9e de Tanger \u00e0 Lagouira, en d\u00e9pit des man\u0153uvres des adversaires.<\/p>\n\n\n\n<p>Ce fut un moment historique immortalis\u00e9 par le discours Royal, dans lequel le regrett\u00e9 Souverain avait affirm\u00e9 :\u201dNous venons de recevoir, en ce jour b\u00e9ni, votre serment d\u2019all\u00e9geance que Nous pr\u00e9serverons et conserverons pr\u00e9cieusement, comme un d\u00e9p\u00f4t sacr\u00e9. D\u00e9sormais, vous devez honorer ce serment. De Notre c\u00f4t\u00e9, Nous faisons \u00e9galement un devoir de garantir votre d\u00e9fense et votre s\u00e9curit\u00e9 et d\u2019\u0153uvrer sans rel\u00e2che pour votre bien-\u00eatre. Soyez donc, Mes chers fils, les bienvenus au sein de votre Patrie. Rendons gr\u00e2ce au Tout-Puissant de Nous avoir combl\u00e9s de ses bienfaits en rattachant le Sud de Notre pays \u00e0 sa patrie Nord et en restaurant les liens de sang entre ses fils\u201d.<\/p>\n\n\n\n<p>Lors de cette c\u00e9r\u00e9monie, Feu SM Hassan II avait aussi proc\u00e9d\u00e9 \u00e0 la distribution d\u2019armes aux repr\u00e9sentants des tribus, un geste fort et symbolique de la poursuite de la lutte pour la d\u00e9fense de l\u2019int\u00e9grit\u00e9 territoriale et l\u2019instauration de la s\u00e9curit\u00e9 dans les provinces du Sud r\u00e9cup\u00e9r\u00e9es.<\/p>\n\n\n\n<p>Peu de mois s\u2019\u00e9coul\u00e8rent avant que ne se renouvelle la rencontre entre l\u2019architecte de la Glorieuse Marche Verte et les fils de la province d\u2019Oued Eddahab, \u00e0 l\u2019occasion de la visite historique effectu\u00e9e par le regrett\u00e9 Souverain \u00e0 Dakhla.<\/p>\n\n\n\n<p>Cette visite a consacr\u00e9, une nouvelle fois, la parfaite symbiose entre le glorieux Tr\u00f4ne Alaouite et les fils des provinces du Sud. Ce lien ind\u00e9fectible, qui constitue le ciment de la coh\u00e9sion de la nation, a mis en \u00e9chec toutes les man\u0153uvres ourdies par les ennemis de l\u2019int\u00e9grit\u00e9 territoriale du Maroc.<\/p>\n\n\n\n<p>Depuis, le Royaume a \u0153uvr\u00e9 pour la promotion \u00e9conomique et sociale de ses provinces du Sud, en vue de les int\u00e9grer dans le processus du d\u00e9veloppement global et durable.<\/p>\n\n\n\n<p>La c\u00e9l\u00e9bration de l\u2019anniversaire de la r\u00e9cup\u00e9ration d\u2019Oued Eddahab est l\u2019occasion de se rem\u00e9morer la haute port\u00e9e de cet \u00e9v\u00e9nement qui incarne l\u2019attachement ind\u00e9fectible de la population de la province au Souverain et au Tr\u00f4ne Alaouite et leur mobilisation constante pour la d\u00e9fense de l\u2019int\u00e9grit\u00e9 territoriale du Royaume, comme en t\u00e9moigne la r\u00e9cup\u00e9ration de&nbsp;la ville de Tarfaya le 15 avril 1958, puis de Sidi Ifni le 30 juin 1969 et des autres parties du Sahara marocain gr\u00e2ce \u00e0 l\u2019\u00e9pop\u00e9e de la Marche Verte le 6 novembre 1975.<\/p>\n\n\n\n<p>Pers\u00e9v\u00e9rant sur la voie trac\u00e9e par Son auguste p\u00e8re, Sa Majest\u00e9 le Roi Mohammed VI accorde un int\u00e9r\u00eat particulier aux provinces du Sud, en y assurant un essor \u00e9conomique et en consolidant la mobilisation nationale pour d\u00e9jouer les complots des ennemis de l\u2019int\u00e9grit\u00e9 territoriale du Royaume.<\/p>\n\n\n\n<p>Les efforts de d\u00e9veloppement se sont en effet poursuivis dans cette partie ch\u00e8re du Royaume, en vue de l\u2019\u00e9riger en un v\u00e9ritable p\u00f4le \u00e9conomique. Quatre d\u00e9cennies apr\u00e8s leur lib\u00e9ration, les provinces et r\u00e9gions du Sud du Maroc vivent au rythme d\u2019une dynamique soutenue dans divers domaines, \u00e0 la faveur d\u2019une s\u00e9rie de projets structurants et multisectoriels.<\/p>\n\n\n\n<p>La comm\u00e9moration du 46e anniversaire de la r\u00e9cup\u00e9ration d\u2019Oued Eddahab refl\u00e8te aussi l\u2019expression claire de la volont\u00e9 du peuple marocain et de sa mobilisation constante pour la cons\u00e9cration des acquis nationaux et la d\u00e9fense de l\u2019int\u00e9grit\u00e9 territoriale du Royaume, ainsi que de son attachement au plan marocain d\u2019autonomie des provinces du Sud.<\/p>\n\n\n\n<p>Pour comm\u00e9morer cet \u00e9v\u00e9nement phare de l\u2019histoire du Maroc, le Haut-commissariat aux anciens r\u00e9sistants et anciens membres de l\u2019arm\u00e9e de lib\u00e9ration (HCAR) organisera, jeudi, un meeting au si\u00e8ge de la wilaya de Dakhla-Oued Eddahab, au cours duquel des hommages seront rendus \u00e0 des anciens combattants et membres de l\u2019arm\u00e9e de lib\u00e9ration et des aides financi\u00e8res seront remises aux membres de la Famille de la r\u00e9sistance.<\/p>\n\n\n\n<p>Afin de comm\u00e9morer cette \u00e9pop\u00e9e nationale, plusieurs \u00e9v\u00e9nements et activit\u00e9s \u00e0 caract\u00e8re \u00e9ducatif et culturel ax\u00e9s sur l\u2019hommage \u00e0 la m\u00e9moire historique sont pr\u00e9vus dans l\u2019ensemble des D\u00e9l\u00e9gations r\u00e9gionales et provinciales, et des Bureaux locaux du HCAR, ainsi que dans les espaces de m\u00e9moire historique, de la r\u00e9sistance et de la lib\u00e9ration, en partenariat avec les d\u00e9partements minist\u00e9riels, les \u00e9tablissements publics, les instances \u00e9lues et les associations de la soci\u00e9t\u00e9 civile.<\/p>\n","protected":false},"excerpt":{"rendered":"<p>dpress Le peuple marocain c\u00e9l\u00e8bre, jeudi, le 46e anniversaire de la r\u00e9cup\u00e9ration de la province d\u2019Oued Eddahab, une \u00e9pop\u00e9e h\u00e9ro\u00efque dans le processus de parach\u00e8vement de l\u2019int\u00e9grit\u00e9 territoriale du Maroc, et ce, dans une ambiance marqu\u00e9e par la mobilisation nationale constante autour de la premi\u00e8re cause du Royaume. Le 14 ao\u00fbt 1979, les oul\u00e9mas, les &hellip;<\/p>\n","protected":false},"author":2,"featured_media":15772,"comment_status":"open","ping_status":"open","sticky":false,"template":"","format":"standard","meta":{"footnotes":""},"categories":[40],"tags":[],"class_list":["post-15771","post","type-post","status-publish","format-standard","has-post-thumbnail","hentry","category-societe-et-regions"],"yoast_head":"<!-- This site is optimized with the Yoast SEO plugin v27.5 - https:\/\/yoast.com\/product\/yoast-seo-wordpress\/ -->\n<title>46e anniversaire de la r\u00e9cup\u00e9ration d\u2019Oued Eddahab: une \u00e9pop\u00e9e h\u00e9ro\u00efque dans le processus de parach\u00e8vement de l\u2019int\u00e9grit\u00e9 territoriale - Dpress.ma\/fr<\/title>\n<meta name=\"robots\" content=\"index, follow, max-snippet:-1, max-image-preview:large, max-video-preview:-1\" \/>\n<link rel=\"canonical\" href=\"https:\/\/dpress.ma\/fr\/2025\/08\/13\/46e-anniversaire-de-la-recuperation-doued-eddahab-une-epopee-heroique-dans-le-processus-de-parachevement-de-lintegrite-territoriale\/\" \/>\n<meta property=\"og:locale\" content=\"fr_FR\" \/>\n<meta property=\"og:type\" content=\"article\" \/>\n<meta property=\"og:title\" content=\"46e anniversaire de la r\u00e9cup\u00e9ration d\u2019Oued Eddahab: une \u00e9pop\u00e9e h\u00e9ro\u00efque dans le processus de parach\u00e8vement de l\u2019int\u00e9grit\u00e9 territoriale - Dpress.ma\/fr\" \/>\n<meta property=\"og:description\" content=\"dpress Le peuple marocain c\u00e9l\u00e8bre, jeudi, le 46e anniversaire de la r\u00e9cup\u00e9ration de la province d\u2019Oued Eddahab, une \u00e9pop\u00e9e h\u00e9ro\u00efque dans le processus de parach\u00e8vement de l\u2019int\u00e9grit\u00e9 territoriale du Maroc, et ce, dans une ambiance marqu\u00e9e par la mobilisation nationale constante autour de la premi\u00e8re cause du Royaume. Le 14 ao\u00fbt 1979, les oul\u00e9mas, les &hellip;\" \/>\n<meta property=\"og:url\" content=\"https:\/\/dpress.ma\/fr\/2025\/08\/13\/46e-anniversaire-de-la-recuperation-doued-eddahab-une-epopee-heroique-dans-le-processus-de-parachevement-de-lintegrite-territoriale\/\" \/>\n<meta property=\"og:site_name\" content=\"Dpress.ma\/fr\" \/>\n<meta property=\"article:published_time\" content=\"2025-08-13T17:07:56+00:00\" \/>\n<meta property=\"article:modified_time\" content=\"2025-08-13T17:07:57+00:00\" \/>\n<meta property=\"og:image\" content=\"https:\/\/dpress.ma\/fr\/wp-content\/uploads\/sites\/2\/2025\/08\/dimensions2-27.jpg\" \/>\n\t<meta property=\"og:image:width\" content=\"2539\" \/>\n\t<meta property=\"og:image:height\" content=\"1594\" \/>\n\t<meta property=\"og:image:type\" content=\"image\/jpeg\" \/>\n<meta name=\"author\" content=\"Dpress.ma\" \/>\n<meta name=\"twitter:card\" content=\"summary_large_image\" \/>\n<meta name=\"twitter:label1\" content=\"\u00c9crit par\" \/>\n\t<meta name=\"twitter:data1\" content=\"Dpress.ma\" \/>\n\t<meta name=\"twitter:label2\" content=\"Dur\u00e9e de lecture estim\u00e9e\" \/>\n\t<meta name=\"twitter:data2\" content=\"5 minutes\" \/>\n<script type=\"application\/ld+json\" class=\"yoast-schema-graph\">{\"@context\":\"https:\\\/\\\/schema.org\",\"@graph\":[{\"@type\":\"Article\",\"@id\":\"https:\\\/\\\/dpress.ma\\\/fr\\\/2025\\\/08\\\/13\\\/46e-anniversaire-de-la-recuperation-doued-eddahab-une-epopee-heroique-dans-le-processus-de-parachevement-de-lintegrite-territoriale\\\/#article\",\"isPartOf\":{\"@id\":\"https:\\\/\\\/dpress.ma\\\/fr\\\/2025\\\/08\\\/13\\\/46e-anniversaire-de-la-recuperation-doued-eddahab-une-epopee-heroique-dans-le-processus-de-parachevement-de-lintegrite-territoriale\\\/\"},\"author\":{\"name\":\"Dpress.ma\",\"@id\":\"https:\\\/\\\/dpress.ma\\\/fr\\\/#\\\/schema\\\/person\\\/4898febf3ccd59e6578d838656a306a0\"},\"headline\":\"46e anniversaire de la r\u00e9cup\u00e9ration d\u2019Oued Eddahab: une \u00e9pop\u00e9e h\u00e9ro\u00efque dans le processus de parach\u00e8vement de l\u2019int\u00e9grit\u00e9 territoriale\",\"datePublished\":\"2025-08-13T17:07:56+00:00\",\"dateModified\":\"2025-08-13T17:07:57+00:00\",\"mainEntityOfPage\":{\"@id\":\"https:\\\/\\\/dpress.ma\\\/fr\\\/2025\\\/08\\\/13\\\/46e-anniversaire-de-la-recuperation-doued-eddahab-une-epopee-heroique-dans-le-processus-de-parachevement-de-lintegrite-territoriale\\\/\"},\"wordCount\":958,\"commentCount\":0,\"image\":{\"@id\":\"https:\\\/\\\/dpress.ma\\\/fr\\\/2025\\\/08\\\/13\\\/46e-anniversaire-de-la-recuperation-doued-eddahab-une-epopee-heroique-dans-le-processus-de-parachevement-de-lintegrite-territoriale\\\/#primaryimage\"},\"thumbnailUrl\":\"https:\\\/\\\/dpress.ma\\\/fr\\\/wp-content\\\/uploads\\\/sites\\\/2\\\/2025\\\/08\\\/dimensions2-27.jpg\",\"articleSection\":[\"societe et regions\"],\"inLanguage\":\"fr-FR\",\"potentialAction\":[{\"@type\":\"CommentAction\",\"name\":\"Comment\",\"target\":[\"https:\\\/\\\/dpress.ma\\\/fr\\\/2025\\\/08\\\/13\\\/46e-anniversaire-de-la-recuperation-doued-eddahab-une-epopee-heroique-dans-le-processus-de-parachevement-de-lintegrite-territoriale\\\/#respond\"]}]},{\"@type\":\"WebPage\",\"@id\":\"https:\\\/\\\/dpress.ma\\\/fr\\\/2025\\\/08\\\/13\\\/46e-anniversaire-de-la-recuperation-doued-eddahab-une-epopee-heroique-dans-le-processus-de-parachevement-de-lintegrite-territoriale\\\/\",\"url\":\"https:\\\/\\\/dpress.ma\\\/fr\\\/2025\\\/08\\\/13\\\/46e-anniversaire-de-la-recuperation-doued-eddahab-une-epopee-heroique-dans-le-processus-de-parachevement-de-lintegrite-territoriale\\\/\",\"name\":\"46e anniversaire de la r\u00e9cup\u00e9ration d\u2019Oued Eddahab: une \u00e9pop\u00e9e h\u00e9ro\u00efque dans le processus de parach\u00e8vement de l\u2019int\u00e9grit\u00e9 territoriale - Dpress.ma\\\/fr\",\"isPartOf\":{\"@id\":\"https:\\\/\\\/dpress.ma\\\/fr\\\/#website\"},\"primaryImageOfPage\":{\"@id\":\"https:\\\/\\\/dpress.ma\\\/fr\\\/2025\\\/08\\\/13\\\/46e-anniversaire-de-la-recuperation-doued-eddahab-une-epopee-heroique-dans-le-processus-de-parachevement-de-lintegrite-territoriale\\\/#primaryimage\"},\"image\":{\"@id\":\"https:\\\/\\\/dpress.ma\\\/fr\\\/2025\\\/08\\\/13\\\/46e-anniversaire-de-la-recuperation-doued-eddahab-une-epopee-heroique-dans-le-processus-de-parachevement-de-lintegrite-territoriale\\\/#primaryimage\"},\"thumbnailUrl\":\"https:\\\/\\\/dpress.ma\\\/fr\\\/wp-content\\\/uploads\\\/sites\\\/2\\\/2025\\\/08\\\/dimensions2-27.jpg\",\"datePublished\":\"2025-08-13T17:07:56+00:00\",\"dateModified\":\"2025-08-13T17:07:57+00:00\",\"author\":{\"@id\":\"https:\\\/\\\/dpress.ma\\\/fr\\\/#\\\/schema\\\/person\\\/4898febf3ccd59e6578d838656a306a0\"},\"breadcrumb\":{\"@id\":\"https:\\\/\\\/dpress.ma\\\/fr\\\/2025\\\/08\\\/13\\\/46e-anniversaire-de-la-recuperation-doued-eddahab-une-epopee-heroique-dans-le-processus-de-parachevement-de-lintegrite-territoriale\\\/#breadcrumb\"},\"inLanguage\":\"fr-FR\",\"potentialAction\":[{\"@type\":\"ReadAction\",\"target\":[\"https:\\\/\\\/dpress.ma\\\/fr\\\/2025\\\/08\\\/13\\\/46e-anniversaire-de-la-recuperation-doued-eddahab-une-epopee-heroique-dans-le-processus-de-parachevement-de-lintegrite-territoriale\\\/\"]}]},{\"@type\":\"ImageObject\",\"inLanguage\":\"fr-FR\",\"@id\":\"https:\\\/\\\/dpress.ma\\\/fr\\\/2025\\\/08\\\/13\\\/46e-anniversaire-de-la-recuperation-doued-eddahab-une-epopee-heroique-dans-le-processus-de-parachevement-de-lintegrite-territoriale\\\/#primaryimage\",\"url\":\"https:\\\/\\\/dpress.ma\\\/fr\\\/wp-content\\\/uploads\\\/sites\\\/2\\\/2025\\\/08\\\/dimensions2-27.jpg\",\"contentUrl\":\"https:\\\/\\\/dpress.ma\\\/fr\\\/wp-content\\\/uploads\\\/sites\\\/2\\\/2025\\\/08\\\/dimensions2-27.jpg\",\"width\":2539,\"height\":1594},{\"@type\":\"BreadcrumbList\",\"@id\":\"https:\\\/\\\/dpress.ma\\\/fr\\\/2025\\\/08\\\/13\\\/46e-anniversaire-de-la-recuperation-doued-eddahab-une-epopee-heroique-dans-le-processus-de-parachevement-de-lintegrite-territoriale\\\/#breadcrumb\",\"itemListElement\":[{\"@type\":\"ListItem\",\"position\":1,\"name\":\"Home\",\"item\":\"https:\\\/\\\/dpress.ma\\\/fr\\\/\"},{\"@type\":\"ListItem\",\"position\":2,\"name\":\"46e anniversaire de la r\u00e9cup\u00e9ration d\u2019Oued Eddahab: une \u00e9pop\u00e9e h\u00e9ro\u00efque dans le processus de parach\u00e8vement de l\u2019int\u00e9grit\u00e9 territoriale\"}]},{\"@type\":\"WebSite\",\"@id\":\"https:\\\/\\\/dpress.ma\\\/fr\\\/#website\",\"url\":\"https:\\\/\\\/dpress.ma\\\/fr\\\/\",\"name\":\"Dpress.ma\\\/fr\",\"description\":\"\",\"potentialAction\":[{\"@type\":\"SearchAction\",\"target\":{\"@type\":\"EntryPoint\",\"urlTemplate\":\"https:\\\/\\\/dpress.ma\\\/fr\\\/?s={search_term_string}\"},\"query-input\":{\"@type\":\"PropertyValueSpecification\",\"valueRequired\":true,\"valueName\":\"search_term_string\"}}],\"inLanguage\":\"fr-FR\"},{\"@type\":\"Person\",\"@id\":\"https:\\\/\\\/dpress.ma\\\/fr\\\/#\\\/schema\\\/person\\\/4898febf3ccd59e6578d838656a306a0\",\"name\":\"Dpress.ma\",\"image\":{\"@type\":\"ImageObject\",\"inLanguage\":\"fr-FR\",\"@id\":\"https:\\\/\\\/secure.gravatar.com\\\/avatar\\\/72ecc30e9db047a2e0e7176561eb9d564ed77c8108376495b19bd8336405198a?s=96&d=mm&r=g\",\"url\":\"https:\\\/\\\/secure.gravatar.com\\\/avatar\\\/72ecc30e9db047a2e0e7176561eb9d564ed77c8108376495b19bd8336405198a?s=96&d=mm&r=g\",\"contentUrl\":\"https:\\\/\\\/secure.gravatar.com\\\/avatar\\\/72ecc30e9db047a2e0e7176561eb9d564ed77c8108376495b19bd8336405198a?s=96&d=mm&r=g\",\"caption\":\"Dpress.ma\"},\"sameAs\":[\"https:\\\/\\\/www.dpress.ma\"],\"url\":\"https:\\\/\\\/dpress.ma\\\/fr\\\/author\\\/dpress-ma\\\/\"}]}<\/script>\n<!-- \/ Yoast SEO plugin. -->","yoast_head_json":{"title":"46e anniversaire de la r\u00e9cup\u00e9ration d\u2019Oued Eddahab: une \u00e9pop\u00e9e h\u00e9ro\u00efque dans le processus de parach\u00e8vement de l\u2019int\u00e9grit\u00e9 territoriale - Dpress.ma\/fr","robots":{"index":"index","follow":"follow","max-snippet":"max-snippet:-1","max-image-preview":"max-image-preview:large","max-video-preview":"max-video-preview:-1"},"canonical":"https:\/\/dpress.ma\/fr\/2025\/08\/13\/46e-anniversaire-de-la-recuperation-doued-eddahab-une-epopee-heroique-dans-le-processus-de-parachevement-de-lintegrite-territoriale\/","og_locale":"fr_FR","og_type":"article","og_title":"46e anniversaire de la r\u00e9cup\u00e9ration d\u2019Oued Eddahab: une \u00e9pop\u00e9e h\u00e9ro\u00efque dans le processus de parach\u00e8vement de l\u2019int\u00e9grit\u00e9 territoriale - Dpress.ma\/fr","og_description":"dpress Le peuple marocain c\u00e9l\u00e8bre, jeudi, le 46e anniversaire de la r\u00e9cup\u00e9ration de la province d\u2019Oued Eddahab, une \u00e9pop\u00e9e h\u00e9ro\u00efque dans le processus de parach\u00e8vement de l\u2019int\u00e9grit\u00e9 territoriale du Maroc, et ce, dans une ambiance marqu\u00e9e par la mobilisation nationale constante autour de la premi\u00e8re cause du Royaume. Le 14 ao\u00fbt 1979, les oul\u00e9mas, les &hellip;","og_url":"https:\/\/dpress.ma\/fr\/2025\/08\/13\/46e-anniversaire-de-la-recuperation-doued-eddahab-une-epopee-heroique-dans-le-processus-de-parachevement-de-lintegrite-territoriale\/","og_site_name":"Dpress.ma\/fr","article_published_time":"2025-08-13T17:07:56+00:00","article_modified_time":"2025-08-13T17:07:57+00:00","og_image":[{"width":2539,"height":1594,"url":"https:\/\/dpress.ma\/fr\/wp-content\/uploads\/sites\/2\/2025\/08\/dimensions2-27.jpg","type":"image\/jpeg"}],"author":"Dpress.ma","twitter_card":"summary_large_image","twitter_misc":{"\u00c9crit par":"Dpress.ma","Dur\u00e9e de lecture estim\u00e9e":"5 minutes"},"schema":{"@context":"https:\/\/schema.org","@graph":[{"@type":"Article","@id":"https:\/\/dpress.ma\/fr\/2025\/08\/13\/46e-anniversaire-de-la-recuperation-doued-eddahab-une-epopee-heroique-dans-le-processus-de-parachevement-de-lintegrite-territoriale\/#article","isPartOf":{"@id":"https:\/\/dpress.ma\/fr\/2025\/08\/13\/46e-anniversaire-de-la-recuperation-doued-eddahab-une-epopee-heroique-dans-le-processus-de-parachevement-de-lintegrite-territoriale\/"},"author":{"name":"Dpress.ma","@id":"https:\/\/dpress.ma\/fr\/#\/schema\/person\/4898febf3ccd59e6578d838656a306a0"},"headline":"46e anniversaire de la r\u00e9cup\u00e9ration d\u2019Oued Eddahab: une \u00e9pop\u00e9e h\u00e9ro\u00efque dans le processus de parach\u00e8vement de l\u2019int\u00e9grit\u00e9 territoriale","datePublished":"2025-08-13T17:07:56+00:00","dateModified":"2025-08-13T17:07:57+00:00","mainEntityOfPage":{"@id":"https:\/\/dpress.ma\/fr\/2025\/08\/13\/46e-anniversaire-de-la-recuperation-doued-eddahab-une-epopee-heroique-dans-le-processus-de-parachevement-de-lintegrite-territoriale\/"},"wordCount":958,"commentCount":0,"image":{"@id":"https:\/\/dpress.ma\/fr\/2025\/08\/13\/46e-anniversaire-de-la-recuperation-doued-eddahab-une-epopee-heroique-dans-le-processus-de-parachevement-de-lintegrite-territoriale\/#primaryimage"},"thumbnailUrl":"https:\/\/dpress.ma\/fr\/wp-content\/uploads\/sites\/2\/2025\/08\/dimensions2-27.jpg","articleSection":["societe et regions"],"inLanguage":"fr-FR","potentialAction":[{"@type":"CommentAction","name":"Comment","target":["https:\/\/dpress.ma\/fr\/2025\/08\/13\/46e-anniversaire-de-la-recuperation-doued-eddahab-une-epopee-heroique-dans-le-processus-de-parachevement-de-lintegrite-territoriale\/#respond"]}]},{"@type":"WebPage","@id":"https:\/\/dpress.ma\/fr\/2025\/08\/13\/46e-anniversaire-de-la-recuperation-doued-eddahab-une-epopee-heroique-dans-le-processus-de-parachevement-de-lintegrite-territoriale\/","url":"https:\/\/dpress.ma\/fr\/2025\/08\/13\/46e-anniversaire-de-la-recuperation-doued-eddahab-une-epopee-heroique-dans-le-processus-de-parachevement-de-lintegrite-territoriale\/","name":"46e anniversaire de la r\u00e9cup\u00e9ration d\u2019Oued Eddahab: une \u00e9pop\u00e9e h\u00e9ro\u00efque dans le processus de parach\u00e8vement de l\u2019int\u00e9grit\u00e9 territoriale - Dpress.ma\/fr","isPartOf":{"@id":"https:\/\/dpress.ma\/fr\/#website"},"primaryImageOfPage":{"@id":"https:\/\/dpress.ma\/fr\/2025\/08\/13\/46e-anniversaire-de-la-recuperation-doued-eddahab-une-epopee-heroique-dans-le-processus-de-parachevement-de-lintegrite-territoriale\/#primaryimage"},"image":{"@id":"https:\/\/dpress.ma\/fr\/2025\/08\/13\/46e-anniversaire-de-la-recuperation-doued-eddahab-une-epopee-heroique-dans-le-processus-de-parachevement-de-lintegrite-territoriale\/#primaryimage"},"thumbnailUrl":"https:\/\/dpress.ma\/fr\/wp-content\/uploads\/sites\/2\/2025\/08\/dimensions2-27.jpg","datePublished":"2025-08-13T17:07:56+00:00","dateModified":"2025-08-13T17:07:57+00:00","author":{"@id":"https:\/\/dpress.ma\/fr\/#\/schema\/person\/4898febf3ccd59e6578d838656a306a0"},"breadcrumb":{"@id":"https:\/\/dpress.ma\/fr\/2025\/08\/13\/46e-anniversaire-de-la-recuperation-doued-eddahab-une-epopee-heroique-dans-le-processus-de-parachevement-de-lintegrite-territoriale\/#breadcrumb"},"inLanguage":"fr-FR","potentialAction":[{"@type":"ReadAction","target":["https:\/\/dpress.ma\/fr\/2025\/08\/13\/46e-anniversaire-de-la-recuperation-doued-eddahab-une-epopee-heroique-dans-le-processus-de-parachevement-de-lintegrite-territoriale\/"]}]},{"@type":"ImageObject","inLanguage":"fr-FR","@id":"https:\/\/dpress.ma\/fr\/2025\/08\/13\/46e-anniversaire-de-la-recuperation-doued-eddahab-une-epopee-heroique-dans-le-processus-de-parachevement-de-lintegrite-territoriale\/#primaryimage","url":"https:\/\/dpress.ma\/fr\/wp-content\/uploads\/sites\/2\/2025\/08\/dimensions2-27.jpg","contentUrl":"https:\/\/dpress.ma\/fr\/wp-content\/uploads\/sites\/2\/2025\/08\/dimensions2-27.jpg","width":2539,"height":1594},{"@type":"BreadcrumbList","@id":"https:\/\/dpress.ma\/fr\/2025\/08\/13\/46e-anniversaire-de-la-recuperation-doued-eddahab-une-epopee-heroique-dans-le-processus-de-parachevement-de-lintegrite-territoriale\/#breadcrumb","itemListElement":[{"@type":"ListItem","position":1,"name":"Home","item":"https:\/\/dpress.ma\/fr\/"},{"@type":"ListItem","position":2,"name":"46e anniversaire de la r\u00e9cup\u00e9ration d\u2019Oued Eddahab: une \u00e9pop\u00e9e h\u00e9ro\u00efque dans le processus de parach\u00e8vement de l\u2019int\u00e9grit\u00e9 territoriale"}]},{"@type":"WebSite","@id":"https:\/\/dpress.ma\/fr\/#website","url":"https:\/\/dpress.ma\/fr\/","name":"Dpress.ma\/fr","description":"","potentialAction":[{"@type":"SearchAction","target":{"@type":"EntryPoint","urlTemplate":"https:\/\/dpress.ma\/fr\/?s={search_term_string}"},"query-input":{"@type":"PropertyValueSpecification","valueRequired":true,"valueName":"search_term_string"}}],"inLanguage":"fr-FR"},{"@type":"Person","@id":"https:\/\/dpress.ma\/fr\/#\/schema\/person\/4898febf3ccd59e6578d838656a306a0","name":"Dpress.ma","image":{"@type":"ImageObject","inLanguage":"fr-FR","@id":"https:\/\/secure.gravatar.com\/avatar\/72ecc30e9db047a2e0e7176561eb9d564ed77c8108376495b19bd8336405198a?s=96&d=mm&r=g","url":"https:\/\/secure.gravatar.com\/avatar\/72ecc30e9db047a2e0e7176561eb9d564ed77c8108376495b19bd8336405198a?s=96&d=mm&r=g","contentUrl":"https:\/\/secure.gravatar.com\/avatar\/72ecc30e9db047a2e0e7176561eb9d564ed77c8108376495b19bd8336405198a?s=96&d=mm&r=g","caption":"Dpress.ma"},"sameAs":["https:\/\/www.dpress.ma"],"url":"https:\/\/dpress.ma\/fr\/author\/dpress-ma\/"}]}},"amp_enabled":true,"_links":{"self":[{"href":"https:\/\/dpress.ma\/fr\/wp-json\/wp\/v2\/posts\/15771","targetHints":{"allow":["GET"]}}],"collection":[{"href":"https:\/\/dpress.ma\/fr\/wp-json\/wp\/v2\/posts"}],"about":[{"href":"https:\/\/dpress.ma\/fr\/wp-json\/wp\/v2\/types\/post"}],"author":[{"embeddable":true,"href":"https:\/\/dpress.ma\/fr\/wp-json\/wp\/v2\/users\/2"}],"replies":[{"embeddable":true,"href":"https:\/\/dpress.ma\/fr\/wp-json\/wp\/v2\/comments?post=15771"}],"version-history":[{"count":1,"href":"https:\/\/dpress.ma\/fr\/wp-json\/wp\/v2\/posts\/15771\/revisions"}],"predecessor-version":[{"id":15773,"href":"https:\/\/dpress.ma\/fr\/wp-json\/wp\/v2\/posts\/15771\/revisions\/15773"}],"wp:featuredmedia":[{"embeddable":true,"href":"https:\/\/dpress.ma\/fr\/wp-json\/wp\/v2\/media\/15772"}],"wp:attachment":[{"href":"https:\/\/dpress.ma\/fr\/wp-json\/wp\/v2\/media?parent=15771"}],"wp:term":[{"taxonomy":"category","embeddable":true,"href":"https:\/\/dpress.ma\/fr\/wp-json\/wp\/v2\/categories?post=15771"},{"taxonomy":"post_tag","embeddable":true,"href":"https:\/\/dpress.ma\/fr\/wp-json\/wp\/v2\/tags?post=15771"}],"curies":[{"name":"wp","href":"https:\/\/api.w.org\/{rel}","templated":true}]}}