{"id":15765,"date":"2025-08-13T14:00:21","date_gmt":"2025-08-13T14:00:21","guid":{"rendered":"https:\/\/dpress.ma\/fr\/?p=15765"},"modified":"2025-08-13T14:00:22","modified_gmt":"2025-08-13T14:00:22","slug":"casablanca-accueille-la-premiere-edition-de-lagro-export-day-2025-en-novembre","status":"publish","type":"post","link":"https:\/\/dpress.ma\/fr\/2025\/08\/13\/casablanca-accueille-la-premiere-edition-de-lagro-export-day-2025-en-novembre\/","title":{"rendered":"Casablanca accueille la premi\u00e8re \u00e9dition de l\u2019Agro Export Day 2025 en novembre"},"content":{"rendered":"\n<p>dpress<\/p>\n\n\n\n<p>&nbsp;La premi\u00e8re \u00e9dition de l\u2019Agro Export Day, un rendez-vous international d\u00e9di\u00e9 \u00e0 la promotion des exportations agroalimentaires marocaines, se tiendra en novembre prochain \u00e0 Casablanca, sous le th\u00e8me \u201cMade in Morocco, Desired Worldwide : Exporter la qualit\u00e9 agroalimentaire marocaine\u201d.<\/p>\n\n\n\n<p>Organis\u00e9 par la F\u00e9d\u00e9ration nationale de l\u2019agroalimentaire (FENAGRI), cet \u00e9v\u00e9nement vise \u00e0 positionner le Maroc comme un hub agro-exportateur de r\u00e9f\u00e9rence, notamment entre l\u2019Afrique, l\u2019Europe et le Moyen-Orient, et \u00e0 promouvoir la qualit\u00e9 des produits du Royaume sous le label Made in Morocco, indique les organisateurs dans un communiqu\u00e9.<\/p>\n\n\n\n<p>Au programme figurent des \u00e9changes de haut niveau, des panels th\u00e9matiques, des rencontres B2B cibl\u00e9es et une zone d\u2019exposition consacr\u00e9e aux produits phares de l\u2019industrie agroalimentaire nationale, fait savoir la m\u00eame source.<\/p>\n\n\n\n<p>Deux s\u00e9quences rythmeront la matin\u00e9e, la premi\u00e8re portera sur les tendances internationales de consommation et les produits marocains les plus porteurs \u00e0 l\u2019export, tandis que la seconde abordera les enjeux de durabilit\u00e9, de tra\u00e7abilit\u00e9, d\u2019innovation et de certifications.<\/p>\n\n\n\n<p>L\u2019apr\u00e8s-midi sera r\u00e9serv\u00e9 aux rendez-vous d\u2019affaires entre producteurs marocains et acheteurs \u00e9trangers.<\/p>\n\n\n\n<p>\u00c0 travers cette initiative, la FENAGRI r\u00e9affirme son r\u00f4le de chef de file dans la valorisation des fili\u00e8res agroindustrielles locales et l\u2019accompagnement strat\u00e9gique des entreprises vers des march\u00e9s plus exigeants et porteurs.<\/p>\n","protected":false},"excerpt":{"rendered":"<p>dpress &nbsp;La premi\u00e8re \u00e9dition de l\u2019Agro Export Day, un rendez-vous international d\u00e9di\u00e9 \u00e0 la promotion des exportations agroalimentaires marocaines, se tiendra en novembre prochain \u00e0 Casablanca, sous le th\u00e8me \u201cMade in Morocco, Desired Worldwide : Exporter la qualit\u00e9 agroalimentaire marocaine\u201d. Organis\u00e9 par la F\u00e9d\u00e9ration nationale de l\u2019agroalimentaire (FENAGRI), cet \u00e9v\u00e9nement vise \u00e0 positionner le Maroc &hellip;<\/p>\n","protected":false},"author":2,"featured_media":15766,"comment_status":"open","ping_status":"open","sticky":false,"template":"","format":"standard","meta":{"footnotes":""},"categories":[25],"tags":[],"class_list":["post-15765","post","type-post","status-publish","format-standard","has-post-thumbnail","hentry","category-economie"],"yoast_head":"<!-- This site is optimized with the Yoast SEO plugin v27.5 - https:\/\/yoast.com\/product\/yoast-seo-wordpress\/ -->\n<title>Casablanca accueille la premi\u00e8re \u00e9dition de l\u2019Agro Export Day 2025 en novembre - Dpress.ma\/fr<\/title>\n<meta name=\"robots\" content=\"index, follow, max-snippet:-1, max-image-preview:large, max-video-preview:-1\" \/>\n<link rel=\"canonical\" href=\"https:\/\/dpress.ma\/fr\/2025\/08\/13\/casablanca-accueille-la-premiere-edition-de-lagro-export-day-2025-en-novembre\/\" \/>\n<meta property=\"og:locale\" content=\"fr_FR\" \/>\n<meta property=\"og:type\" content=\"article\" \/>\n<meta property=\"og:title\" content=\"Casablanca accueille la premi\u00e8re \u00e9dition de l\u2019Agro Export Day 2025 en novembre - Dpress.ma\/fr\" \/>\n<meta property=\"og:description\" content=\"dpress &nbsp;La premi\u00e8re \u00e9dition de l\u2019Agro Export Day, un rendez-vous international d\u00e9di\u00e9 \u00e0 la promotion des exportations agroalimentaires marocaines, se tiendra en novembre prochain \u00e0 Casablanca, sous le th\u00e8me \u201cMade in Morocco, Desired Worldwide : Exporter la qualit\u00e9 agroalimentaire marocaine\u201d. Organis\u00e9 par la F\u00e9d\u00e9ration nationale de l\u2019agroalimentaire (FENAGRI), cet \u00e9v\u00e9nement vise \u00e0 positionner le Maroc &hellip;\" \/>\n<meta property=\"og:url\" content=\"https:\/\/dpress.ma\/fr\/2025\/08\/13\/casablanca-accueille-la-premiere-edition-de-lagro-export-day-2025-en-novembre\/\" \/>\n<meta property=\"og:site_name\" content=\"Dpress.ma\/fr\" \/>\n<meta property=\"article:published_time\" content=\"2025-08-13T14:00:21+00:00\" \/>\n<meta property=\"article:modified_time\" content=\"2025-08-13T14:00:22+00:00\" \/>\n<meta property=\"og:image\" content=\"https:\/\/dpress.ma\/fr\/wp-content\/uploads\/sites\/2\/2025\/08\/dimensions2-25.jpg\" \/>\n\t<meta property=\"og:image:width\" content=\"2539\" \/>\n\t<meta property=\"og:image:height\" content=\"1594\" \/>\n\t<meta property=\"og:image:type\" content=\"image\/jpeg\" \/>\n<meta name=\"author\" content=\"Dpress.ma\" \/>\n<meta name=\"twitter:card\" content=\"summary_large_image\" \/>\n<meta name=\"twitter:label1\" content=\"\u00c9crit par\" \/>\n\t<meta name=\"twitter:data1\" content=\"Dpress.ma\" \/>\n\t<meta name=\"twitter:label2\" content=\"Dur\u00e9e de lecture estim\u00e9e\" \/>\n\t<meta name=\"twitter:data2\" content=\"2 minutes\" \/>\n<script type=\"application\/ld+json\" class=\"yoast-schema-graph\">{\"@context\":\"https:\\\/\\\/schema.org\",\"@graph\":[{\"@type\":\"Article\",\"@id\":\"https:\\\/\\\/dpress.ma\\\/fr\\\/2025\\\/08\\\/13\\\/casablanca-accueille-la-premiere-edition-de-lagro-export-day-2025-en-novembre\\\/#article\",\"isPartOf\":{\"@id\":\"https:\\\/\\\/dpress.ma\\\/fr\\\/2025\\\/08\\\/13\\\/casablanca-accueille-la-premiere-edition-de-lagro-export-day-2025-en-novembre\\\/\"},\"author\":{\"name\":\"Dpress.ma\",\"@id\":\"https:\\\/\\\/dpress.ma\\\/fr\\\/#\\\/schema\\\/person\\\/4898febf3ccd59e6578d838656a306a0\"},\"headline\":\"Casablanca accueille la premi\u00e8re \u00e9dition de l\u2019Agro Export Day 2025 en novembre\",\"datePublished\":\"2025-08-13T14:00:21+00:00\",\"dateModified\":\"2025-08-13T14:00:22+00:00\",\"mainEntityOfPage\":{\"@id\":\"https:\\\/\\\/dpress.ma\\\/fr\\\/2025\\\/08\\\/13\\\/casablanca-accueille-la-premiere-edition-de-lagro-export-day-2025-en-novembre\\\/\"},\"wordCount\":245,\"commentCount\":0,\"image\":{\"@id\":\"https:\\\/\\\/dpress.ma\\\/fr\\\/2025\\\/08\\\/13\\\/casablanca-accueille-la-premiere-edition-de-lagro-export-day-2025-en-novembre\\\/#primaryimage\"},\"thumbnailUrl\":\"https:\\\/\\\/dpress.ma\\\/fr\\\/wp-content\\\/uploads\\\/sites\\\/2\\\/2025\\\/08\\\/dimensions2-25.jpg\",\"articleSection\":[\"\u00c9conomie\"],\"inLanguage\":\"fr-FR\",\"potentialAction\":[{\"@type\":\"CommentAction\",\"name\":\"Comment\",\"target\":[\"https:\\\/\\\/dpress.ma\\\/fr\\\/2025\\\/08\\\/13\\\/casablanca-accueille-la-premiere-edition-de-lagro-export-day-2025-en-novembre\\\/#respond\"]}]},{\"@type\":\"WebPage\",\"@id\":\"https:\\\/\\\/dpress.ma\\\/fr\\\/2025\\\/08\\\/13\\\/casablanca-accueille-la-premiere-edition-de-lagro-export-day-2025-en-novembre\\\/\",\"url\":\"https:\\\/\\\/dpress.ma\\\/fr\\\/2025\\\/08\\\/13\\\/casablanca-accueille-la-premiere-edition-de-lagro-export-day-2025-en-novembre\\\/\",\"name\":\"Casablanca accueille la premi\u00e8re \u00e9dition de l\u2019Agro Export Day 2025 en novembre - Dpress.ma\\\/fr\",\"isPartOf\":{\"@id\":\"https:\\\/\\\/dpress.ma\\\/fr\\\/#website\"},\"primaryImageOfPage\":{\"@id\":\"https:\\\/\\\/dpress.ma\\\/fr\\\/2025\\\/08\\\/13\\\/casablanca-accueille-la-premiere-edition-de-lagro-export-day-2025-en-novembre\\\/#primaryimage\"},\"image\":{\"@id\":\"https:\\\/\\\/dpress.ma\\\/fr\\\/2025\\\/08\\\/13\\\/casablanca-accueille-la-premiere-edition-de-lagro-export-day-2025-en-novembre\\\/#primaryimage\"},\"thumbnailUrl\":\"https:\\\/\\\/dpress.ma\\\/fr\\\/wp-content\\\/uploads\\\/sites\\\/2\\\/2025\\\/08\\\/dimensions2-25.jpg\",\"datePublished\":\"2025-08-13T14:00:21+00:00\",\"dateModified\":\"2025-08-13T14:00:22+00:00\",\"author\":{\"@id\":\"https:\\\/\\\/dpress.ma\\\/fr\\\/#\\\/schema\\\/person\\\/4898febf3ccd59e6578d838656a306a0\"},\"breadcrumb\":{\"@id\":\"https:\\\/\\\/dpress.ma\\\/fr\\\/2025\\\/08\\\/13\\\/casablanca-accueille-la-premiere-edition-de-lagro-export-day-2025-en-novembre\\\/#breadcrumb\"},\"inLanguage\":\"fr-FR\",\"potentialAction\":[{\"@type\":\"ReadAction\",\"target\":[\"https:\\\/\\\/dpress.ma\\\/fr\\\/2025\\\/08\\\/13\\\/casablanca-accueille-la-premiere-edition-de-lagro-export-day-2025-en-novembre\\\/\"]}]},{\"@type\":\"ImageObject\",\"inLanguage\":\"fr-FR\",\"@id\":\"https:\\\/\\\/dpress.ma\\\/fr\\\/2025\\\/08\\\/13\\\/casablanca-accueille-la-premiere-edition-de-lagro-export-day-2025-en-novembre\\\/#primaryimage\",\"url\":\"https:\\\/\\\/dpress.ma\\\/fr\\\/wp-content\\\/uploads\\\/sites\\\/2\\\/2025\\\/08\\\/dimensions2-25.jpg\",\"contentUrl\":\"https:\\\/\\\/dpress.ma\\\/fr\\\/wp-content\\\/uploads\\\/sites\\\/2\\\/2025\\\/08\\\/dimensions2-25.jpg\",\"width\":2539,\"height\":1594},{\"@type\":\"BreadcrumbList\",\"@id\":\"https:\\\/\\\/dpress.ma\\\/fr\\\/2025\\\/08\\\/13\\\/casablanca-accueille-la-premiere-edition-de-lagro-export-day-2025-en-novembre\\\/#breadcrumb\",\"itemListElement\":[{\"@type\":\"ListItem\",\"position\":1,\"name\":\"Home\",\"item\":\"https:\\\/\\\/dpress.ma\\\/fr\\\/\"},{\"@type\":\"ListItem\",\"position\":2,\"name\":\"Casablanca accueille la premi\u00e8re \u00e9dition de l\u2019Agro Export Day 2025 en novembre\"}]},{\"@type\":\"WebSite\",\"@id\":\"https:\\\/\\\/dpress.ma\\\/fr\\\/#website\",\"url\":\"https:\\\/\\\/dpress.ma\\\/fr\\\/\",\"name\":\"Dpress.ma\\\/fr\",\"description\":\"\",\"potentialAction\":[{\"@type\":\"SearchAction\",\"target\":{\"@type\":\"EntryPoint\",\"urlTemplate\":\"https:\\\/\\\/dpress.ma\\\/fr\\\/?s={search_term_string}\"},\"query-input\":{\"@type\":\"PropertyValueSpecification\",\"valueRequired\":true,\"valueName\":\"search_term_string\"}}],\"inLanguage\":\"fr-FR\"},{\"@type\":\"Person\",\"@id\":\"https:\\\/\\\/dpress.ma\\\/fr\\\/#\\\/schema\\\/person\\\/4898febf3ccd59e6578d838656a306a0\",\"name\":\"Dpress.ma\",\"image\":{\"@type\":\"ImageObject\",\"inLanguage\":\"fr-FR\",\"@id\":\"https:\\\/\\\/secure.gravatar.com\\\/avatar\\\/72ecc30e9db047a2e0e7176561eb9d564ed77c8108376495b19bd8336405198a?s=96&d=mm&r=g\",\"url\":\"https:\\\/\\\/secure.gravatar.com\\\/avatar\\\/72ecc30e9db047a2e0e7176561eb9d564ed77c8108376495b19bd8336405198a?s=96&d=mm&r=g\",\"contentUrl\":\"https:\\\/\\\/secure.gravatar.com\\\/avatar\\\/72ecc30e9db047a2e0e7176561eb9d564ed77c8108376495b19bd8336405198a?s=96&d=mm&r=g\",\"caption\":\"Dpress.ma\"},\"sameAs\":[\"https:\\\/\\\/www.dpress.ma\"],\"url\":\"https:\\\/\\\/dpress.ma\\\/fr\\\/author\\\/dpress-ma\\\/\"}]}<\/script>\n<!-- \/ Yoast SEO plugin. -->","yoast_head_json":{"title":"Casablanca accueille la premi\u00e8re \u00e9dition de l\u2019Agro Export Day 2025 en novembre - Dpress.ma\/fr","robots":{"index":"index","follow":"follow","max-snippet":"max-snippet:-1","max-image-preview":"max-image-preview:large","max-video-preview":"max-video-preview:-1"},"canonical":"https:\/\/dpress.ma\/fr\/2025\/08\/13\/casablanca-accueille-la-premiere-edition-de-lagro-export-day-2025-en-novembre\/","og_locale":"fr_FR","og_type":"article","og_title":"Casablanca accueille la premi\u00e8re \u00e9dition de l\u2019Agro Export Day 2025 en novembre - Dpress.ma\/fr","og_description":"dpress &nbsp;La premi\u00e8re \u00e9dition de l\u2019Agro Export Day, un rendez-vous international d\u00e9di\u00e9 \u00e0 la promotion des exportations agroalimentaires marocaines, se tiendra en novembre prochain \u00e0 Casablanca, sous le th\u00e8me \u201cMade in Morocco, Desired Worldwide : Exporter la qualit\u00e9 agroalimentaire marocaine\u201d. Organis\u00e9 par la F\u00e9d\u00e9ration nationale de l\u2019agroalimentaire (FENAGRI), cet \u00e9v\u00e9nement vise \u00e0 positionner le Maroc &hellip;","og_url":"https:\/\/dpress.ma\/fr\/2025\/08\/13\/casablanca-accueille-la-premiere-edition-de-lagro-export-day-2025-en-novembre\/","og_site_name":"Dpress.ma\/fr","article_published_time":"2025-08-13T14:00:21+00:00","article_modified_time":"2025-08-13T14:00:22+00:00","og_image":[{"width":2539,"height":1594,"url":"https:\/\/dpress.ma\/fr\/wp-content\/uploads\/sites\/2\/2025\/08\/dimensions2-25.jpg","type":"image\/jpeg"}],"author":"Dpress.ma","twitter_card":"summary_large_image","twitter_misc":{"\u00c9crit par":"Dpress.ma","Dur\u00e9e de lecture estim\u00e9e":"2 minutes"},"schema":{"@context":"https:\/\/schema.org","@graph":[{"@type":"Article","@id":"https:\/\/dpress.ma\/fr\/2025\/08\/13\/casablanca-accueille-la-premiere-edition-de-lagro-export-day-2025-en-novembre\/#article","isPartOf":{"@id":"https:\/\/dpress.ma\/fr\/2025\/08\/13\/casablanca-accueille-la-premiere-edition-de-lagro-export-day-2025-en-novembre\/"},"author":{"name":"Dpress.ma","@id":"https:\/\/dpress.ma\/fr\/#\/schema\/person\/4898febf3ccd59e6578d838656a306a0"},"headline":"Casablanca accueille la premi\u00e8re \u00e9dition de l\u2019Agro Export Day 2025 en novembre","datePublished":"2025-08-13T14:00:21+00:00","dateModified":"2025-08-13T14:00:22+00:00","mainEntityOfPage":{"@id":"https:\/\/dpress.ma\/fr\/2025\/08\/13\/casablanca-accueille-la-premiere-edition-de-lagro-export-day-2025-en-novembre\/"},"wordCount":245,"commentCount":0,"image":{"@id":"https:\/\/dpress.ma\/fr\/2025\/08\/13\/casablanca-accueille-la-premiere-edition-de-lagro-export-day-2025-en-novembre\/#primaryimage"},"thumbnailUrl":"https:\/\/dpress.ma\/fr\/wp-content\/uploads\/sites\/2\/2025\/08\/dimensions2-25.jpg","articleSection":["\u00c9conomie"],"inLanguage":"fr-FR","potentialAction":[{"@type":"CommentAction","name":"Comment","target":["https:\/\/dpress.ma\/fr\/2025\/08\/13\/casablanca-accueille-la-premiere-edition-de-lagro-export-day-2025-en-novembre\/#respond"]}]},{"@type":"WebPage","@id":"https:\/\/dpress.ma\/fr\/2025\/08\/13\/casablanca-accueille-la-premiere-edition-de-lagro-export-day-2025-en-novembre\/","url":"https:\/\/dpress.ma\/fr\/2025\/08\/13\/casablanca-accueille-la-premiere-edition-de-lagro-export-day-2025-en-novembre\/","name":"Casablanca accueille la premi\u00e8re \u00e9dition de l\u2019Agro Export Day 2025 en novembre - Dpress.ma\/fr","isPartOf":{"@id":"https:\/\/dpress.ma\/fr\/#website"},"primaryImageOfPage":{"@id":"https:\/\/dpress.ma\/fr\/2025\/08\/13\/casablanca-accueille-la-premiere-edition-de-lagro-export-day-2025-en-novembre\/#primaryimage"},"image":{"@id":"https:\/\/dpress.ma\/fr\/2025\/08\/13\/casablanca-accueille-la-premiere-edition-de-lagro-export-day-2025-en-novembre\/#primaryimage"},"thumbnailUrl":"https:\/\/dpress.ma\/fr\/wp-content\/uploads\/sites\/2\/2025\/08\/dimensions2-25.jpg","datePublished":"2025-08-13T14:00:21+00:00","dateModified":"2025-08-13T14:00:22+00:00","author":{"@id":"https:\/\/dpress.ma\/fr\/#\/schema\/person\/4898febf3ccd59e6578d838656a306a0"},"breadcrumb":{"@id":"https:\/\/dpress.ma\/fr\/2025\/08\/13\/casablanca-accueille-la-premiere-edition-de-lagro-export-day-2025-en-novembre\/#breadcrumb"},"inLanguage":"fr-FR","potentialAction":[{"@type":"ReadAction","target":["https:\/\/dpress.ma\/fr\/2025\/08\/13\/casablanca-accueille-la-premiere-edition-de-lagro-export-day-2025-en-novembre\/"]}]},{"@type":"ImageObject","inLanguage":"fr-FR","@id":"https:\/\/dpress.ma\/fr\/2025\/08\/13\/casablanca-accueille-la-premiere-edition-de-lagro-export-day-2025-en-novembre\/#primaryimage","url":"https:\/\/dpress.ma\/fr\/wp-content\/uploads\/sites\/2\/2025\/08\/dimensions2-25.jpg","contentUrl":"https:\/\/dpress.ma\/fr\/wp-content\/uploads\/sites\/2\/2025\/08\/dimensions2-25.jpg","width":2539,"height":1594},{"@type":"BreadcrumbList","@id":"https:\/\/dpress.ma\/fr\/2025\/08\/13\/casablanca-accueille-la-premiere-edition-de-lagro-export-day-2025-en-novembre\/#breadcrumb","itemListElement":[{"@type":"ListItem","position":1,"name":"Home","item":"https:\/\/dpress.ma\/fr\/"},{"@type":"ListItem","position":2,"name":"Casablanca accueille la premi\u00e8re \u00e9dition de l\u2019Agro Export Day 2025 en novembre"}]},{"@type":"WebSite","@id":"https:\/\/dpress.ma\/fr\/#website","url":"https:\/\/dpress.ma\/fr\/","name":"Dpress.ma\/fr","description":"","potentialAction":[{"@type":"SearchAction","target":{"@type":"EntryPoint","urlTemplate":"https:\/\/dpress.ma\/fr\/?s={search_term_string}"},"query-input":{"@type":"PropertyValueSpecification","valueRequired":true,"valueName":"search_term_string"}}],"inLanguage":"fr-FR"},{"@type":"Person","@id":"https:\/\/dpress.ma\/fr\/#\/schema\/person\/4898febf3ccd59e6578d838656a306a0","name":"Dpress.ma","image":{"@type":"ImageObject","inLanguage":"fr-FR","@id":"https:\/\/secure.gravatar.com\/avatar\/72ecc30e9db047a2e0e7176561eb9d564ed77c8108376495b19bd8336405198a?s=96&d=mm&r=g","url":"https:\/\/secure.gravatar.com\/avatar\/72ecc30e9db047a2e0e7176561eb9d564ed77c8108376495b19bd8336405198a?s=96&d=mm&r=g","contentUrl":"https:\/\/secure.gravatar.com\/avatar\/72ecc30e9db047a2e0e7176561eb9d564ed77c8108376495b19bd8336405198a?s=96&d=mm&r=g","caption":"Dpress.ma"},"sameAs":["https:\/\/www.dpress.ma"],"url":"https:\/\/dpress.ma\/fr\/author\/dpress-ma\/"}]}},"amp_enabled":true,"_links":{"self":[{"href":"https:\/\/dpress.ma\/fr\/wp-json\/wp\/v2\/posts\/15765","targetHints":{"allow":["GET"]}}],"collection":[{"href":"https:\/\/dpress.ma\/fr\/wp-json\/wp\/v2\/posts"}],"about":[{"href":"https:\/\/dpress.ma\/fr\/wp-json\/wp\/v2\/types\/post"}],"author":[{"embeddable":true,"href":"https:\/\/dpress.ma\/fr\/wp-json\/wp\/v2\/users\/2"}],"replies":[{"embeddable":true,"href":"https:\/\/dpress.ma\/fr\/wp-json\/wp\/v2\/comments?post=15765"}],"version-history":[{"count":1,"href":"https:\/\/dpress.ma\/fr\/wp-json\/wp\/v2\/posts\/15765\/revisions"}],"predecessor-version":[{"id":15767,"href":"https:\/\/dpress.ma\/fr\/wp-json\/wp\/v2\/posts\/15765\/revisions\/15767"}],"wp:featuredmedia":[{"embeddable":true,"href":"https:\/\/dpress.ma\/fr\/wp-json\/wp\/v2\/media\/15766"}],"wp:attachment":[{"href":"https:\/\/dpress.ma\/fr\/wp-json\/wp\/v2\/media?parent=15765"}],"wp:term":[{"taxonomy":"category","embeddable":true,"href":"https:\/\/dpress.ma\/fr\/wp-json\/wp\/v2\/categories?post=15765"},{"taxonomy":"post_tag","embeddable":true,"href":"https:\/\/dpress.ma\/fr\/wp-json\/wp\/v2\/tags?post=15765"}],"curies":[{"name":"wp","href":"https:\/\/api.w.org\/{rel}","templated":true}]}}