{"id":15762,"date":"2025-08-13T13:58:27","date_gmt":"2025-08-13T13:58:27","guid":{"rendered":"https:\/\/dpress.ma\/fr\/?p=15762"},"modified":"2025-08-13T13:58:28","modified_gmt":"2025-08-13T13:58:28","slug":"ligne-maritime-agadir-dakar-un-projet-qui-stimulera-les-echanges-bilateraux-et-panafricains-journal-senegalais","status":"publish","type":"post","link":"https:\/\/dpress.ma\/fr\/2025\/08\/13\/ligne-maritime-agadir-dakar-un-projet-qui-stimulera-les-echanges-bilateraux-et-panafricains-journal-senegalais\/","title":{"rendered":"Ligne maritime Agadir- Dakar : Un projet qui stimulera les \u00e9changes bilat\u00e9raux et panafricains (Journal s\u00e9n\u00e9galais)"},"content":{"rendered":"\n<p>dpress<\/p>\n\n\n\n<p>La ligne maritime commerciale pr\u00e9vue entre Agadir et Dakar est de nature \u00e0 \u201cdynamiser les \u00e9changes bilat\u00e9raux et stimuler les flux commerciaux sur l\u2019ensemble du continent africain\u201d, souligne le quotidien s\u00e9n\u00e9galais \u201cLe Soleil\u201d.<\/p>\n\n\n\n<p>Cette ligne maritime, objet du protocole d\u2019accord sign\u00e9 le 11 d\u00e9cembre 2024 entre la soci\u00e9t\u00e9 britannique Atlas Marine et la r\u00e9gion de Souss-Massa, a pour objet d\u2019offrir une alternative efficace et s\u00e9curis\u00e9e au transport terrestre, tout en r\u00e9duisant les d\u00e9lais et co\u00fbts d\u2019acheminement des marchandises, rel\u00e8ve la publication.<\/p>\n\n\n\n<p>Pour l\u2019acteur \u00e9conomique marocain Ayoub Allaoui, cit\u00e9 par le journal, cette initiative \u201carrive \u00e0 point nomm\u00e9\u201d. Elle contribuera, a-t-il ajout\u00e9, au renforcement des solides relations entre les peuples marocain et s\u00e9n\u00e9galais, du partenariat \u00e9conomique entre les deux pays et du commerce intra- africain.<\/p>\n\n\n\n<p>Le consultant s\u00e9n\u00e9galais Elhadji Moussa Diagne estime, pour sa part, que cette ligne pourrait valoriser la production s\u00e9n\u00e9galaise sur le march\u00e9 marocain, plaidant pour un renforcement des relations \u00e9conomiques entre les deux pays.<\/p>\n\n\n\n<p>Au-del\u00e0 de la simple connexion maritime, ce projet s\u2019inscrit dans une perspective plus large de coop\u00e9ration strat\u00e9gique et panafricaine, conclut le journal s\u00e9n\u00e9galais.<\/p>\n","protected":false},"excerpt":{"rendered":"<p>dpress La ligne maritime commerciale pr\u00e9vue entre Agadir et Dakar est de nature \u00e0 \u201cdynamiser les \u00e9changes bilat\u00e9raux et stimuler les flux commerciaux sur l\u2019ensemble du continent africain\u201d, souligne le quotidien s\u00e9n\u00e9galais \u201cLe Soleil\u201d. Cette ligne maritime, objet du protocole d\u2019accord sign\u00e9 le 11 d\u00e9cembre 2024 entre la soci\u00e9t\u00e9 britannique Atlas Marine et la r\u00e9gion &hellip;<\/p>\n","protected":false},"author":2,"featured_media":15763,"comment_status":"open","ping_status":"open","sticky":false,"template":"","format":"standard","meta":{"footnotes":""},"categories":[25],"tags":[],"class_list":["post-15762","post","type-post","status-publish","format-standard","has-post-thumbnail","hentry","category-economie"],"yoast_head":"<!-- This site is optimized with the Yoast SEO plugin v27.5 - https:\/\/yoast.com\/product\/yoast-seo-wordpress\/ -->\n<title>Ligne maritime Agadir- Dakar : Un projet qui stimulera les \u00e9changes bilat\u00e9raux et panafricains (Journal s\u00e9n\u00e9galais) - Dpress.ma\/fr<\/title>\n<meta name=\"robots\" content=\"index, follow, max-snippet:-1, max-image-preview:large, max-video-preview:-1\" \/>\n<link rel=\"canonical\" href=\"https:\/\/dpress.ma\/fr\/2025\/08\/13\/ligne-maritime-agadir-dakar-un-projet-qui-stimulera-les-echanges-bilateraux-et-panafricains-journal-senegalais\/\" \/>\n<meta property=\"og:locale\" content=\"fr_FR\" \/>\n<meta property=\"og:type\" content=\"article\" \/>\n<meta property=\"og:title\" content=\"Ligne maritime Agadir- Dakar : Un projet qui stimulera les \u00e9changes bilat\u00e9raux et panafricains (Journal s\u00e9n\u00e9galais) - Dpress.ma\/fr\" \/>\n<meta property=\"og:description\" content=\"dpress La ligne maritime commerciale pr\u00e9vue entre Agadir et Dakar est de nature \u00e0 \u201cdynamiser les \u00e9changes bilat\u00e9raux et stimuler les flux commerciaux sur l\u2019ensemble du continent africain\u201d, souligne le quotidien s\u00e9n\u00e9galais \u201cLe Soleil\u201d. Cette ligne maritime, objet du protocole d\u2019accord sign\u00e9 le 11 d\u00e9cembre 2024 entre la soci\u00e9t\u00e9 britannique Atlas Marine et la r\u00e9gion &hellip;\" \/>\n<meta property=\"og:url\" content=\"https:\/\/dpress.ma\/fr\/2025\/08\/13\/ligne-maritime-agadir-dakar-un-projet-qui-stimulera-les-echanges-bilateraux-et-panafricains-journal-senegalais\/\" \/>\n<meta property=\"og:site_name\" content=\"Dpress.ma\/fr\" \/>\n<meta property=\"article:published_time\" content=\"2025-08-13T13:58:27+00:00\" \/>\n<meta property=\"article:modified_time\" content=\"2025-08-13T13:58:28+00:00\" \/>\n<meta property=\"og:image\" content=\"https:\/\/dpress.ma\/fr\/wp-content\/uploads\/sites\/2\/2025\/08\/dimensions2-24.jpg\" \/>\n\t<meta property=\"og:image:width\" content=\"2539\" \/>\n\t<meta property=\"og:image:height\" content=\"1594\" \/>\n\t<meta property=\"og:image:type\" content=\"image\/jpeg\" \/>\n<meta name=\"author\" content=\"Dpress.ma\" \/>\n<meta name=\"twitter:card\" content=\"summary_large_image\" \/>\n<meta name=\"twitter:label1\" content=\"\u00c9crit par\" \/>\n\t<meta name=\"twitter:data1\" content=\"Dpress.ma\" \/>\n\t<meta name=\"twitter:label2\" content=\"Dur\u00e9e de lecture estim\u00e9e\" \/>\n\t<meta name=\"twitter:data2\" content=\"2 minutes\" \/>\n<script type=\"application\/ld+json\" class=\"yoast-schema-graph\">{\"@context\":\"https:\\\/\\\/schema.org\",\"@graph\":[{\"@type\":\"Article\",\"@id\":\"https:\\\/\\\/dpress.ma\\\/fr\\\/2025\\\/08\\\/13\\\/ligne-maritime-agadir-dakar-un-projet-qui-stimulera-les-echanges-bilateraux-et-panafricains-journal-senegalais\\\/#article\",\"isPartOf\":{\"@id\":\"https:\\\/\\\/dpress.ma\\\/fr\\\/2025\\\/08\\\/13\\\/ligne-maritime-agadir-dakar-un-projet-qui-stimulera-les-echanges-bilateraux-et-panafricains-journal-senegalais\\\/\"},\"author\":{\"name\":\"Dpress.ma\",\"@id\":\"https:\\\/\\\/dpress.ma\\\/fr\\\/#\\\/schema\\\/person\\\/4898febf3ccd59e6578d838656a306a0\"},\"headline\":\"Ligne maritime Agadir- Dakar : Un projet qui stimulera les \u00e9changes bilat\u00e9raux et panafricains (Journal s\u00e9n\u00e9galais)\",\"datePublished\":\"2025-08-13T13:58:27+00:00\",\"dateModified\":\"2025-08-13T13:58:28+00:00\",\"mainEntityOfPage\":{\"@id\":\"https:\\\/\\\/dpress.ma\\\/fr\\\/2025\\\/08\\\/13\\\/ligne-maritime-agadir-dakar-un-projet-qui-stimulera-les-echanges-bilateraux-et-panafricains-journal-senegalais\\\/\"},\"wordCount\":224,\"commentCount\":0,\"image\":{\"@id\":\"https:\\\/\\\/dpress.ma\\\/fr\\\/2025\\\/08\\\/13\\\/ligne-maritime-agadir-dakar-un-projet-qui-stimulera-les-echanges-bilateraux-et-panafricains-journal-senegalais\\\/#primaryimage\"},\"thumbnailUrl\":\"https:\\\/\\\/dpress.ma\\\/fr\\\/wp-content\\\/uploads\\\/sites\\\/2\\\/2025\\\/08\\\/dimensions2-24.jpg\",\"articleSection\":[\"\u00c9conomie\"],\"inLanguage\":\"fr-FR\",\"potentialAction\":[{\"@type\":\"CommentAction\",\"name\":\"Comment\",\"target\":[\"https:\\\/\\\/dpress.ma\\\/fr\\\/2025\\\/08\\\/13\\\/ligne-maritime-agadir-dakar-un-projet-qui-stimulera-les-echanges-bilateraux-et-panafricains-journal-senegalais\\\/#respond\"]}]},{\"@type\":\"WebPage\",\"@id\":\"https:\\\/\\\/dpress.ma\\\/fr\\\/2025\\\/08\\\/13\\\/ligne-maritime-agadir-dakar-un-projet-qui-stimulera-les-echanges-bilateraux-et-panafricains-journal-senegalais\\\/\",\"url\":\"https:\\\/\\\/dpress.ma\\\/fr\\\/2025\\\/08\\\/13\\\/ligne-maritime-agadir-dakar-un-projet-qui-stimulera-les-echanges-bilateraux-et-panafricains-journal-senegalais\\\/\",\"name\":\"Ligne maritime Agadir- Dakar : Un projet qui stimulera les \u00e9changes bilat\u00e9raux et panafricains (Journal s\u00e9n\u00e9galais) - Dpress.ma\\\/fr\",\"isPartOf\":{\"@id\":\"https:\\\/\\\/dpress.ma\\\/fr\\\/#website\"},\"primaryImageOfPage\":{\"@id\":\"https:\\\/\\\/dpress.ma\\\/fr\\\/2025\\\/08\\\/13\\\/ligne-maritime-agadir-dakar-un-projet-qui-stimulera-les-echanges-bilateraux-et-panafricains-journal-senegalais\\\/#primaryimage\"},\"image\":{\"@id\":\"https:\\\/\\\/dpress.ma\\\/fr\\\/2025\\\/08\\\/13\\\/ligne-maritime-agadir-dakar-un-projet-qui-stimulera-les-echanges-bilateraux-et-panafricains-journal-senegalais\\\/#primaryimage\"},\"thumbnailUrl\":\"https:\\\/\\\/dpress.ma\\\/fr\\\/wp-content\\\/uploads\\\/sites\\\/2\\\/2025\\\/08\\\/dimensions2-24.jpg\",\"datePublished\":\"2025-08-13T13:58:27+00:00\",\"dateModified\":\"2025-08-13T13:58:28+00:00\",\"author\":{\"@id\":\"https:\\\/\\\/dpress.ma\\\/fr\\\/#\\\/schema\\\/person\\\/4898febf3ccd59e6578d838656a306a0\"},\"breadcrumb\":{\"@id\":\"https:\\\/\\\/dpress.ma\\\/fr\\\/2025\\\/08\\\/13\\\/ligne-maritime-agadir-dakar-un-projet-qui-stimulera-les-echanges-bilateraux-et-panafricains-journal-senegalais\\\/#breadcrumb\"},\"inLanguage\":\"fr-FR\",\"potentialAction\":[{\"@type\":\"ReadAction\",\"target\":[\"https:\\\/\\\/dpress.ma\\\/fr\\\/2025\\\/08\\\/13\\\/ligne-maritime-agadir-dakar-un-projet-qui-stimulera-les-echanges-bilateraux-et-panafricains-journal-senegalais\\\/\"]}]},{\"@type\":\"ImageObject\",\"inLanguage\":\"fr-FR\",\"@id\":\"https:\\\/\\\/dpress.ma\\\/fr\\\/2025\\\/08\\\/13\\\/ligne-maritime-agadir-dakar-un-projet-qui-stimulera-les-echanges-bilateraux-et-panafricains-journal-senegalais\\\/#primaryimage\",\"url\":\"https:\\\/\\\/dpress.ma\\\/fr\\\/wp-content\\\/uploads\\\/sites\\\/2\\\/2025\\\/08\\\/dimensions2-24.jpg\",\"contentUrl\":\"https:\\\/\\\/dpress.ma\\\/fr\\\/wp-content\\\/uploads\\\/sites\\\/2\\\/2025\\\/08\\\/dimensions2-24.jpg\",\"width\":2539,\"height\":1594},{\"@type\":\"BreadcrumbList\",\"@id\":\"https:\\\/\\\/dpress.ma\\\/fr\\\/2025\\\/08\\\/13\\\/ligne-maritime-agadir-dakar-un-projet-qui-stimulera-les-echanges-bilateraux-et-panafricains-journal-senegalais\\\/#breadcrumb\",\"itemListElement\":[{\"@type\":\"ListItem\",\"position\":1,\"name\":\"Home\",\"item\":\"https:\\\/\\\/dpress.ma\\\/fr\\\/\"},{\"@type\":\"ListItem\",\"position\":2,\"name\":\"Ligne maritime Agadir- Dakar : Un projet qui stimulera les \u00e9changes bilat\u00e9raux et panafricains (Journal s\u00e9n\u00e9galais)\"}]},{\"@type\":\"WebSite\",\"@id\":\"https:\\\/\\\/dpress.ma\\\/fr\\\/#website\",\"url\":\"https:\\\/\\\/dpress.ma\\\/fr\\\/\",\"name\":\"Dpress.ma\\\/fr\",\"description\":\"\",\"potentialAction\":[{\"@type\":\"SearchAction\",\"target\":{\"@type\":\"EntryPoint\",\"urlTemplate\":\"https:\\\/\\\/dpress.ma\\\/fr\\\/?s={search_term_string}\"},\"query-input\":{\"@type\":\"PropertyValueSpecification\",\"valueRequired\":true,\"valueName\":\"search_term_string\"}}],\"inLanguage\":\"fr-FR\"},{\"@type\":\"Person\",\"@id\":\"https:\\\/\\\/dpress.ma\\\/fr\\\/#\\\/schema\\\/person\\\/4898febf3ccd59e6578d838656a306a0\",\"name\":\"Dpress.ma\",\"image\":{\"@type\":\"ImageObject\",\"inLanguage\":\"fr-FR\",\"@id\":\"https:\\\/\\\/secure.gravatar.com\\\/avatar\\\/72ecc30e9db047a2e0e7176561eb9d564ed77c8108376495b19bd8336405198a?s=96&d=mm&r=g\",\"url\":\"https:\\\/\\\/secure.gravatar.com\\\/avatar\\\/72ecc30e9db047a2e0e7176561eb9d564ed77c8108376495b19bd8336405198a?s=96&d=mm&r=g\",\"contentUrl\":\"https:\\\/\\\/secure.gravatar.com\\\/avatar\\\/72ecc30e9db047a2e0e7176561eb9d564ed77c8108376495b19bd8336405198a?s=96&d=mm&r=g\",\"caption\":\"Dpress.ma\"},\"sameAs\":[\"https:\\\/\\\/www.dpress.ma\"],\"url\":\"https:\\\/\\\/dpress.ma\\\/fr\\\/author\\\/dpress-ma\\\/\"}]}<\/script>\n<!-- \/ Yoast SEO plugin. -->","yoast_head_json":{"title":"Ligne maritime Agadir- Dakar : Un projet qui stimulera les \u00e9changes bilat\u00e9raux et panafricains (Journal s\u00e9n\u00e9galais) - Dpress.ma\/fr","robots":{"index":"index","follow":"follow","max-snippet":"max-snippet:-1","max-image-preview":"max-image-preview:large","max-video-preview":"max-video-preview:-1"},"canonical":"https:\/\/dpress.ma\/fr\/2025\/08\/13\/ligne-maritime-agadir-dakar-un-projet-qui-stimulera-les-echanges-bilateraux-et-panafricains-journal-senegalais\/","og_locale":"fr_FR","og_type":"article","og_title":"Ligne maritime Agadir- Dakar : Un projet qui stimulera les \u00e9changes bilat\u00e9raux et panafricains (Journal s\u00e9n\u00e9galais) - Dpress.ma\/fr","og_description":"dpress La ligne maritime commerciale pr\u00e9vue entre Agadir et Dakar est de nature \u00e0 \u201cdynamiser les \u00e9changes bilat\u00e9raux et stimuler les flux commerciaux sur l\u2019ensemble du continent africain\u201d, souligne le quotidien s\u00e9n\u00e9galais \u201cLe Soleil\u201d. Cette ligne maritime, objet du protocole d\u2019accord sign\u00e9 le 11 d\u00e9cembre 2024 entre la soci\u00e9t\u00e9 britannique Atlas Marine et la r\u00e9gion &hellip;","og_url":"https:\/\/dpress.ma\/fr\/2025\/08\/13\/ligne-maritime-agadir-dakar-un-projet-qui-stimulera-les-echanges-bilateraux-et-panafricains-journal-senegalais\/","og_site_name":"Dpress.ma\/fr","article_published_time":"2025-08-13T13:58:27+00:00","article_modified_time":"2025-08-13T13:58:28+00:00","og_image":[{"width":2539,"height":1594,"url":"https:\/\/dpress.ma\/fr\/wp-content\/uploads\/sites\/2\/2025\/08\/dimensions2-24.jpg","type":"image\/jpeg"}],"author":"Dpress.ma","twitter_card":"summary_large_image","twitter_misc":{"\u00c9crit par":"Dpress.ma","Dur\u00e9e de lecture estim\u00e9e":"2 minutes"},"schema":{"@context":"https:\/\/schema.org","@graph":[{"@type":"Article","@id":"https:\/\/dpress.ma\/fr\/2025\/08\/13\/ligne-maritime-agadir-dakar-un-projet-qui-stimulera-les-echanges-bilateraux-et-panafricains-journal-senegalais\/#article","isPartOf":{"@id":"https:\/\/dpress.ma\/fr\/2025\/08\/13\/ligne-maritime-agadir-dakar-un-projet-qui-stimulera-les-echanges-bilateraux-et-panafricains-journal-senegalais\/"},"author":{"name":"Dpress.ma","@id":"https:\/\/dpress.ma\/fr\/#\/schema\/person\/4898febf3ccd59e6578d838656a306a0"},"headline":"Ligne maritime Agadir- Dakar : Un projet qui stimulera les \u00e9changes bilat\u00e9raux et panafricains (Journal s\u00e9n\u00e9galais)","datePublished":"2025-08-13T13:58:27+00:00","dateModified":"2025-08-13T13:58:28+00:00","mainEntityOfPage":{"@id":"https:\/\/dpress.ma\/fr\/2025\/08\/13\/ligne-maritime-agadir-dakar-un-projet-qui-stimulera-les-echanges-bilateraux-et-panafricains-journal-senegalais\/"},"wordCount":224,"commentCount":0,"image":{"@id":"https:\/\/dpress.ma\/fr\/2025\/08\/13\/ligne-maritime-agadir-dakar-un-projet-qui-stimulera-les-echanges-bilateraux-et-panafricains-journal-senegalais\/#primaryimage"},"thumbnailUrl":"https:\/\/dpress.ma\/fr\/wp-content\/uploads\/sites\/2\/2025\/08\/dimensions2-24.jpg","articleSection":["\u00c9conomie"],"inLanguage":"fr-FR","potentialAction":[{"@type":"CommentAction","name":"Comment","target":["https:\/\/dpress.ma\/fr\/2025\/08\/13\/ligne-maritime-agadir-dakar-un-projet-qui-stimulera-les-echanges-bilateraux-et-panafricains-journal-senegalais\/#respond"]}]},{"@type":"WebPage","@id":"https:\/\/dpress.ma\/fr\/2025\/08\/13\/ligne-maritime-agadir-dakar-un-projet-qui-stimulera-les-echanges-bilateraux-et-panafricains-journal-senegalais\/","url":"https:\/\/dpress.ma\/fr\/2025\/08\/13\/ligne-maritime-agadir-dakar-un-projet-qui-stimulera-les-echanges-bilateraux-et-panafricains-journal-senegalais\/","name":"Ligne maritime Agadir- Dakar : Un projet qui stimulera les \u00e9changes bilat\u00e9raux et panafricains (Journal s\u00e9n\u00e9galais) - Dpress.ma\/fr","isPartOf":{"@id":"https:\/\/dpress.ma\/fr\/#website"},"primaryImageOfPage":{"@id":"https:\/\/dpress.ma\/fr\/2025\/08\/13\/ligne-maritime-agadir-dakar-un-projet-qui-stimulera-les-echanges-bilateraux-et-panafricains-journal-senegalais\/#primaryimage"},"image":{"@id":"https:\/\/dpress.ma\/fr\/2025\/08\/13\/ligne-maritime-agadir-dakar-un-projet-qui-stimulera-les-echanges-bilateraux-et-panafricains-journal-senegalais\/#primaryimage"},"thumbnailUrl":"https:\/\/dpress.ma\/fr\/wp-content\/uploads\/sites\/2\/2025\/08\/dimensions2-24.jpg","datePublished":"2025-08-13T13:58:27+00:00","dateModified":"2025-08-13T13:58:28+00:00","author":{"@id":"https:\/\/dpress.ma\/fr\/#\/schema\/person\/4898febf3ccd59e6578d838656a306a0"},"breadcrumb":{"@id":"https:\/\/dpress.ma\/fr\/2025\/08\/13\/ligne-maritime-agadir-dakar-un-projet-qui-stimulera-les-echanges-bilateraux-et-panafricains-journal-senegalais\/#breadcrumb"},"inLanguage":"fr-FR","potentialAction":[{"@type":"ReadAction","target":["https:\/\/dpress.ma\/fr\/2025\/08\/13\/ligne-maritime-agadir-dakar-un-projet-qui-stimulera-les-echanges-bilateraux-et-panafricains-journal-senegalais\/"]}]},{"@type":"ImageObject","inLanguage":"fr-FR","@id":"https:\/\/dpress.ma\/fr\/2025\/08\/13\/ligne-maritime-agadir-dakar-un-projet-qui-stimulera-les-echanges-bilateraux-et-panafricains-journal-senegalais\/#primaryimage","url":"https:\/\/dpress.ma\/fr\/wp-content\/uploads\/sites\/2\/2025\/08\/dimensions2-24.jpg","contentUrl":"https:\/\/dpress.ma\/fr\/wp-content\/uploads\/sites\/2\/2025\/08\/dimensions2-24.jpg","width":2539,"height":1594},{"@type":"BreadcrumbList","@id":"https:\/\/dpress.ma\/fr\/2025\/08\/13\/ligne-maritime-agadir-dakar-un-projet-qui-stimulera-les-echanges-bilateraux-et-panafricains-journal-senegalais\/#breadcrumb","itemListElement":[{"@type":"ListItem","position":1,"name":"Home","item":"https:\/\/dpress.ma\/fr\/"},{"@type":"ListItem","position":2,"name":"Ligne maritime Agadir- Dakar : Un projet qui stimulera les \u00e9changes bilat\u00e9raux et panafricains (Journal s\u00e9n\u00e9galais)"}]},{"@type":"WebSite","@id":"https:\/\/dpress.ma\/fr\/#website","url":"https:\/\/dpress.ma\/fr\/","name":"Dpress.ma\/fr","description":"","potentialAction":[{"@type":"SearchAction","target":{"@type":"EntryPoint","urlTemplate":"https:\/\/dpress.ma\/fr\/?s={search_term_string}"},"query-input":{"@type":"PropertyValueSpecification","valueRequired":true,"valueName":"search_term_string"}}],"inLanguage":"fr-FR"},{"@type":"Person","@id":"https:\/\/dpress.ma\/fr\/#\/schema\/person\/4898febf3ccd59e6578d838656a306a0","name":"Dpress.ma","image":{"@type":"ImageObject","inLanguage":"fr-FR","@id":"https:\/\/secure.gravatar.com\/avatar\/72ecc30e9db047a2e0e7176561eb9d564ed77c8108376495b19bd8336405198a?s=96&d=mm&r=g","url":"https:\/\/secure.gravatar.com\/avatar\/72ecc30e9db047a2e0e7176561eb9d564ed77c8108376495b19bd8336405198a?s=96&d=mm&r=g","contentUrl":"https:\/\/secure.gravatar.com\/avatar\/72ecc30e9db047a2e0e7176561eb9d564ed77c8108376495b19bd8336405198a?s=96&d=mm&r=g","caption":"Dpress.ma"},"sameAs":["https:\/\/www.dpress.ma"],"url":"https:\/\/dpress.ma\/fr\/author\/dpress-ma\/"}]}},"amp_enabled":true,"_links":{"self":[{"href":"https:\/\/dpress.ma\/fr\/wp-json\/wp\/v2\/posts\/15762","targetHints":{"allow":["GET"]}}],"collection":[{"href":"https:\/\/dpress.ma\/fr\/wp-json\/wp\/v2\/posts"}],"about":[{"href":"https:\/\/dpress.ma\/fr\/wp-json\/wp\/v2\/types\/post"}],"author":[{"embeddable":true,"href":"https:\/\/dpress.ma\/fr\/wp-json\/wp\/v2\/users\/2"}],"replies":[{"embeddable":true,"href":"https:\/\/dpress.ma\/fr\/wp-json\/wp\/v2\/comments?post=15762"}],"version-history":[{"count":1,"href":"https:\/\/dpress.ma\/fr\/wp-json\/wp\/v2\/posts\/15762\/revisions"}],"predecessor-version":[{"id":15764,"href":"https:\/\/dpress.ma\/fr\/wp-json\/wp\/v2\/posts\/15762\/revisions\/15764"}],"wp:featuredmedia":[{"embeddable":true,"href":"https:\/\/dpress.ma\/fr\/wp-json\/wp\/v2\/media\/15763"}],"wp:attachment":[{"href":"https:\/\/dpress.ma\/fr\/wp-json\/wp\/v2\/media?parent=15762"}],"wp:term":[{"taxonomy":"category","embeddable":true,"href":"https:\/\/dpress.ma\/fr\/wp-json\/wp\/v2\/categories?post=15762"},{"taxonomy":"post_tag","embeddable":true,"href":"https:\/\/dpress.ma\/fr\/wp-json\/wp\/v2\/tags?post=15762"}],"curies":[{"name":"wp","href":"https:\/\/api.w.org\/{rel}","templated":true}]}}