{"id":15759,"date":"2025-08-13T13:55:55","date_gmt":"2025-08-13T13:55:55","guid":{"rendered":"https:\/\/dpress.ma\/fr\/?p=15759"},"modified":"2025-08-13T13:55:56","modified_gmt":"2025-08-13T13:55:56","slug":"la-famille-de-la-resistance-commemore-le-72e-anniversaire-de-la-manifestation-du-mechouar","status":"publish","type":"post","link":"https:\/\/dpress.ma\/fr\/2025\/08\/13\/la-famille-de-la-resistance-commemore-le-72e-anniversaire-de-la-manifestation-du-mechouar\/","title":{"rendered":"La Famille de la R\u00e9sistance comm\u00e9more le 72e anniversaire de la Manifestation du Mechouar"},"content":{"rendered":"\n<p>dpress<\/p>\n\n\n\n<p>La Famille de la R\u00e9sistance et de l\u2019Arm\u00e9e de lib\u00e9ration de la r\u00e9gion Marrakech-Safi a comm\u00e9mor\u00e9, mardi \u00e0 la cit\u00e9 ocre, le 72\u00e8 anniversaire de la Manifestation du Mechouar, un \u00e9v\u00e9nement phare dans l\u2019histoire de la lutte nationale pour le recouvrement de l\u2019ind\u00e9pendance et un t\u00e9moignage de la symbiose et des liens ind\u00e9fectibles unissant le peuple marocain et le glorieux Tr\u00f4ne Alaouite.<\/p>\n\n\n\n<p>S\u2019exprimant lors d\u2019un grand meeting organis\u00e9 \u00e0 cette occasion, le Haut-commissaire aux anciens r\u00e9sistants et anciens membres de l\u2019Arm\u00e9e de lib\u00e9ration, Mustapha El Ktiri, a soulign\u00e9 que cette manifestation a \u00e9t\u00e9 une r\u00e9action directe contre la conspiration de l\u2019occupant, visant \u00e0 \u00e9loigner et \u00e0 exiler le Sultan l\u00e9gitime, Feu SM Mohammed V, symbole de l\u2019unit\u00e9 et de la souverainet\u00e9 nationale, et les membres de l\u2019Illustre Famille Royale et \u00e0 imposer l\u2019intronisation de la marionnette \u201cIbn Arafa\u201d.<\/p>\n\n\n\n<p>\u201cL\u2019action ignoble de l\u2019occupant a suscit\u00e9 la col\u00e8re de la population et des nationalistes, qui ont mobilis\u00e9 le plus grand nombre de r\u00e9sistants et de volontaires issus de diff\u00e9rents quartiers de la ville, ainsi que des tribus voisines comme Mesfioua et Tasseltante, pour prendre part \u00e0 de grandes manifestations contre cette conspiration et exprimer leur attachement ind\u00e9fectible au Sultan l\u00e9gitime.<\/p>\n\n\n\n<p>Malgr\u00e9 la tentative de l\u2019occupant d\u2019imposer le fait accompli, des manifestations ont \u00e9clat\u00e9 dans plusieurs mosqu\u00e9es de Marrakech, notamment la mosqu\u00e9e Koutoubia et la mosqu\u00e9e Mouassine. Dans un acte incarnant l\u2019unit\u00e9 de toutes les couches sociales contre l\u2019injustice et l\u2019oppression, les manifestants, avec les femmes en t\u00eate de cette confrontation, se sont rassembl\u00e9s sur la place du Mechouar, et ont courageusement r\u00e9sist\u00e9 aux forces coloniales, a fait observer M. El Ktiri.<\/p>\n\n\n\n<p>Et de relever que l\u2019un des actes h\u00e9ro\u00efques, qui restera grav\u00e9 en lettres d\u2019or dans l\u2019Histoire de la cit\u00e9 ocre, a \u00e9t\u00e9 celui de la martyre Fatima Zahra Belghiti, qui a franchi les barri\u00e8res de s\u00e9curit\u00e9 en hissant haut le drapeau national, et en lan\u00e7ant des vivats \u00e0 l\u2019adresse de Feu SM Mohammed V.<\/p>\n\n\n\n<p>Lors de cette manifestation, le militant Thami Missioui, est tomb\u00e9 aussi en martyr aux c\u00f4t\u00e9s de nombreux autres protestataires contre le complot colonial, a-t-il insist\u00e9, pr\u00e9cisant que la Manifestation du Mechouar repr\u00e9sente la premi\u00e8re \u00e9tincelle qui a d\u00e9clench\u00e9 la r\u00e9sistance \u00e0 travers tout le territoire national.<\/p>\n\n\n\n<p>Le 11 septembre de cette m\u00eame ann\u00e9e, le martyr Allal Ben Abdellah s\u2019est attaqu\u00e9 au cort\u00e8ge d&rsquo;\u201dIbn Arafa\u201d, sacrifiant ainsi sa vie pour la d\u00e9fense de la souverainet\u00e9 et les valeurs sacr\u00e9es des Marocains, a tenu \u00e0 rappeler M. El Ktiri, soulignant que cette manifestation a prouv\u00e9 \u00e0 l\u2019occupant que le peuple marocain ne tol\u00e9rerait pas de porter atteinte \u00e0 ses symboles et \u00e0 sa souverainet\u00e9, et qu\u2019il poursuivra sa lutte jusqu\u2019au retour de l\u2019exil du Sultan l\u00e9gitime, Feu SM Mohammed V et le recouvrement de l\u2019ind\u00e9pendance.<\/p>\n\n\n\n<p>Cet \u00e9v\u00e9nement hautement symbolique constitue aussi un moment fort pour honorer la m\u00e9moire des valeureux martyrs de la r\u00e9sistance, qui ont fait don de leur vie pour la d\u00e9fense de la Patrie et le recouvrement de la libert\u00e9 et de l\u2019ind\u00e9pendance, a-t-il ajout\u00e9.<\/p>\n\n\n\n<p>Cette rencontre a \u00e9t\u00e9 marqu\u00e9e par la pr\u00e9sence notamment du Wali de la r\u00e9gion Marrakech-Safi, Gouverneur de la pr\u00e9fecture de Marrakech par int\u00e9rim, Rachid Benchikhi, des repr\u00e9sentants des autorit\u00e9s locales, des \u00e9lus locaux, des responsables des services d\u00e9concentr\u00e9s, des anciens r\u00e9sistants et leurs familles.<\/p>\n\n\n\n<p>\u00c0 cette occasion, des hommages ont \u00e9t\u00e9 rendus \u00e0 13 anciens r\u00e9sistants et membres de l\u2019Arm\u00e9e de Lib\u00e9ration issus de Marrakech, Chichaoua et Al Haouz.<\/p>\n\n\n\n<p>Lors de cette c\u00e9r\u00e9monie, un total de 54 aides sociales, d\u2019une valeur globale de 108.000 dirhams, ont \u00e9t\u00e9 remises \u00e0 plusieurs anciens r\u00e9sistants et membres de l\u2019Arm\u00e9e de Lib\u00e9ration, et \u00e0 leurs veuves.<\/p>\n\n\n\n<p>A rappeler que la D\u00e9l\u00e9gation R\u00e9gionale du Haut-Commissariat aux anciens r\u00e9sistants et anciens membres de l\u2019arm\u00e9e de lib\u00e9ration de Marrakech-Safi a concoct\u00e9 un programme riche en activit\u00e9s en c\u00e9l\u00e9bration de cet \u00e9v\u00e9nement national phare, comprenant des colloques acad\u00e9miques sur la Manifestation du Mechouar, avec la participation d\u2019enseignants universitaires et de chercheurs, ainsi que des t\u00e9moignages de personnalit\u00e9s ayant v\u00e9cu cet \u00e9v\u00e9nement historique.<\/p>\n","protected":false},"excerpt":{"rendered":"<p>dpress La Famille de la R\u00e9sistance et de l\u2019Arm\u00e9e de lib\u00e9ration de la r\u00e9gion Marrakech-Safi a comm\u00e9mor\u00e9, mardi \u00e0 la cit\u00e9 ocre, le 72\u00e8 anniversaire de la Manifestation du Mechouar, un \u00e9v\u00e9nement phare dans l\u2019histoire de la lutte nationale pour le recouvrement de l\u2019ind\u00e9pendance et un t\u00e9moignage de la symbiose et des liens ind\u00e9fectibles unissant &hellip;<\/p>\n","protected":false},"author":2,"featured_media":15760,"comment_status":"open","ping_status":"open","sticky":false,"template":"","format":"standard","meta":{"footnotes":""},"categories":[40],"tags":[],"class_list":["post-15759","post","type-post","status-publish","format-standard","has-post-thumbnail","hentry","category-societe-et-regions"],"yoast_head":"<!-- This site is optimized with the Yoast SEO plugin v27.5 - https:\/\/yoast.com\/product\/yoast-seo-wordpress\/ -->\n<title>La Famille de la R\u00e9sistance comm\u00e9more le 72e anniversaire de la Manifestation du Mechouar - Dpress.ma\/fr<\/title>\n<meta name=\"robots\" content=\"index, follow, max-snippet:-1, max-image-preview:large, max-video-preview:-1\" \/>\n<link rel=\"canonical\" href=\"https:\/\/dpress.ma\/fr\/2025\/08\/13\/la-famille-de-la-resistance-commemore-le-72e-anniversaire-de-la-manifestation-du-mechouar\/\" \/>\n<meta property=\"og:locale\" content=\"fr_FR\" \/>\n<meta property=\"og:type\" content=\"article\" \/>\n<meta property=\"og:title\" content=\"La Famille de la R\u00e9sistance comm\u00e9more le 72e anniversaire de la Manifestation du Mechouar - Dpress.ma\/fr\" \/>\n<meta property=\"og:description\" content=\"dpress La Famille de la R\u00e9sistance et de l\u2019Arm\u00e9e de lib\u00e9ration de la r\u00e9gion Marrakech-Safi a comm\u00e9mor\u00e9, mardi \u00e0 la cit\u00e9 ocre, le 72\u00e8 anniversaire de la Manifestation du Mechouar, un \u00e9v\u00e9nement phare dans l\u2019histoire de la lutte nationale pour le recouvrement de l\u2019ind\u00e9pendance et un t\u00e9moignage de la symbiose et des liens ind\u00e9fectibles unissant &hellip;\" \/>\n<meta property=\"og:url\" content=\"https:\/\/dpress.ma\/fr\/2025\/08\/13\/la-famille-de-la-resistance-commemore-le-72e-anniversaire-de-la-manifestation-du-mechouar\/\" \/>\n<meta property=\"og:site_name\" content=\"Dpress.ma\/fr\" \/>\n<meta property=\"article:published_time\" content=\"2025-08-13T13:55:55+00:00\" \/>\n<meta property=\"article:modified_time\" content=\"2025-08-13T13:55:56+00:00\" \/>\n<meta property=\"og:image\" content=\"https:\/\/dpress.ma\/fr\/wp-content\/uploads\/sites\/2\/2025\/08\/dimensions2-23.jpg\" \/>\n\t<meta property=\"og:image:width\" content=\"2539\" \/>\n\t<meta property=\"og:image:height\" content=\"1594\" \/>\n\t<meta property=\"og:image:type\" content=\"image\/jpeg\" \/>\n<meta name=\"author\" content=\"Dpress.ma\" \/>\n<meta name=\"twitter:card\" content=\"summary_large_image\" \/>\n<meta name=\"twitter:label1\" content=\"\u00c9crit par\" \/>\n\t<meta name=\"twitter:data1\" content=\"Dpress.ma\" \/>\n\t<meta name=\"twitter:label2\" content=\"Dur\u00e9e de lecture estim\u00e9e\" \/>\n\t<meta name=\"twitter:data2\" content=\"4 minutes\" \/>\n<script type=\"application\/ld+json\" class=\"yoast-schema-graph\">{\"@context\":\"https:\\\/\\\/schema.org\",\"@graph\":[{\"@type\":\"Article\",\"@id\":\"https:\\\/\\\/dpress.ma\\\/fr\\\/2025\\\/08\\\/13\\\/la-famille-de-la-resistance-commemore-le-72e-anniversaire-de-la-manifestation-du-mechouar\\\/#article\",\"isPartOf\":{\"@id\":\"https:\\\/\\\/dpress.ma\\\/fr\\\/2025\\\/08\\\/13\\\/la-famille-de-la-resistance-commemore-le-72e-anniversaire-de-la-manifestation-du-mechouar\\\/\"},\"author\":{\"name\":\"Dpress.ma\",\"@id\":\"https:\\\/\\\/dpress.ma\\\/fr\\\/#\\\/schema\\\/person\\\/4898febf3ccd59e6578d838656a306a0\"},\"headline\":\"La Famille de la R\u00e9sistance comm\u00e9more le 72e anniversaire de la Manifestation du Mechouar\",\"datePublished\":\"2025-08-13T13:55:55+00:00\",\"dateModified\":\"2025-08-13T13:55:56+00:00\",\"mainEntityOfPage\":{\"@id\":\"https:\\\/\\\/dpress.ma\\\/fr\\\/2025\\\/08\\\/13\\\/la-famille-de-la-resistance-commemore-le-72e-anniversaire-de-la-manifestation-du-mechouar\\\/\"},\"wordCount\":777,\"commentCount\":0,\"image\":{\"@id\":\"https:\\\/\\\/dpress.ma\\\/fr\\\/2025\\\/08\\\/13\\\/la-famille-de-la-resistance-commemore-le-72e-anniversaire-de-la-manifestation-du-mechouar\\\/#primaryimage\"},\"thumbnailUrl\":\"https:\\\/\\\/dpress.ma\\\/fr\\\/wp-content\\\/uploads\\\/sites\\\/2\\\/2025\\\/08\\\/dimensions2-23.jpg\",\"articleSection\":[\"societe et regions\"],\"inLanguage\":\"fr-FR\",\"potentialAction\":[{\"@type\":\"CommentAction\",\"name\":\"Comment\",\"target\":[\"https:\\\/\\\/dpress.ma\\\/fr\\\/2025\\\/08\\\/13\\\/la-famille-de-la-resistance-commemore-le-72e-anniversaire-de-la-manifestation-du-mechouar\\\/#respond\"]}]},{\"@type\":\"WebPage\",\"@id\":\"https:\\\/\\\/dpress.ma\\\/fr\\\/2025\\\/08\\\/13\\\/la-famille-de-la-resistance-commemore-le-72e-anniversaire-de-la-manifestation-du-mechouar\\\/\",\"url\":\"https:\\\/\\\/dpress.ma\\\/fr\\\/2025\\\/08\\\/13\\\/la-famille-de-la-resistance-commemore-le-72e-anniversaire-de-la-manifestation-du-mechouar\\\/\",\"name\":\"La Famille de la R\u00e9sistance comm\u00e9more le 72e anniversaire de la Manifestation du Mechouar - Dpress.ma\\\/fr\",\"isPartOf\":{\"@id\":\"https:\\\/\\\/dpress.ma\\\/fr\\\/#website\"},\"primaryImageOfPage\":{\"@id\":\"https:\\\/\\\/dpress.ma\\\/fr\\\/2025\\\/08\\\/13\\\/la-famille-de-la-resistance-commemore-le-72e-anniversaire-de-la-manifestation-du-mechouar\\\/#primaryimage\"},\"image\":{\"@id\":\"https:\\\/\\\/dpress.ma\\\/fr\\\/2025\\\/08\\\/13\\\/la-famille-de-la-resistance-commemore-le-72e-anniversaire-de-la-manifestation-du-mechouar\\\/#primaryimage\"},\"thumbnailUrl\":\"https:\\\/\\\/dpress.ma\\\/fr\\\/wp-content\\\/uploads\\\/sites\\\/2\\\/2025\\\/08\\\/dimensions2-23.jpg\",\"datePublished\":\"2025-08-13T13:55:55+00:00\",\"dateModified\":\"2025-08-13T13:55:56+00:00\",\"author\":{\"@id\":\"https:\\\/\\\/dpress.ma\\\/fr\\\/#\\\/schema\\\/person\\\/4898febf3ccd59e6578d838656a306a0\"},\"breadcrumb\":{\"@id\":\"https:\\\/\\\/dpress.ma\\\/fr\\\/2025\\\/08\\\/13\\\/la-famille-de-la-resistance-commemore-le-72e-anniversaire-de-la-manifestation-du-mechouar\\\/#breadcrumb\"},\"inLanguage\":\"fr-FR\",\"potentialAction\":[{\"@type\":\"ReadAction\",\"target\":[\"https:\\\/\\\/dpress.ma\\\/fr\\\/2025\\\/08\\\/13\\\/la-famille-de-la-resistance-commemore-le-72e-anniversaire-de-la-manifestation-du-mechouar\\\/\"]}]},{\"@type\":\"ImageObject\",\"inLanguage\":\"fr-FR\",\"@id\":\"https:\\\/\\\/dpress.ma\\\/fr\\\/2025\\\/08\\\/13\\\/la-famille-de-la-resistance-commemore-le-72e-anniversaire-de-la-manifestation-du-mechouar\\\/#primaryimage\",\"url\":\"https:\\\/\\\/dpress.ma\\\/fr\\\/wp-content\\\/uploads\\\/sites\\\/2\\\/2025\\\/08\\\/dimensions2-23.jpg\",\"contentUrl\":\"https:\\\/\\\/dpress.ma\\\/fr\\\/wp-content\\\/uploads\\\/sites\\\/2\\\/2025\\\/08\\\/dimensions2-23.jpg\",\"width\":2539,\"height\":1594},{\"@type\":\"BreadcrumbList\",\"@id\":\"https:\\\/\\\/dpress.ma\\\/fr\\\/2025\\\/08\\\/13\\\/la-famille-de-la-resistance-commemore-le-72e-anniversaire-de-la-manifestation-du-mechouar\\\/#breadcrumb\",\"itemListElement\":[{\"@type\":\"ListItem\",\"position\":1,\"name\":\"Home\",\"item\":\"https:\\\/\\\/dpress.ma\\\/fr\\\/\"},{\"@type\":\"ListItem\",\"position\":2,\"name\":\"La Famille de la R\u00e9sistance comm\u00e9more le 72e anniversaire de la Manifestation du Mechouar\"}]},{\"@type\":\"WebSite\",\"@id\":\"https:\\\/\\\/dpress.ma\\\/fr\\\/#website\",\"url\":\"https:\\\/\\\/dpress.ma\\\/fr\\\/\",\"name\":\"Dpress.ma\\\/fr\",\"description\":\"\",\"potentialAction\":[{\"@type\":\"SearchAction\",\"target\":{\"@type\":\"EntryPoint\",\"urlTemplate\":\"https:\\\/\\\/dpress.ma\\\/fr\\\/?s={search_term_string}\"},\"query-input\":{\"@type\":\"PropertyValueSpecification\",\"valueRequired\":true,\"valueName\":\"search_term_string\"}}],\"inLanguage\":\"fr-FR\"},{\"@type\":\"Person\",\"@id\":\"https:\\\/\\\/dpress.ma\\\/fr\\\/#\\\/schema\\\/person\\\/4898febf3ccd59e6578d838656a306a0\",\"name\":\"Dpress.ma\",\"image\":{\"@type\":\"ImageObject\",\"inLanguage\":\"fr-FR\",\"@id\":\"https:\\\/\\\/secure.gravatar.com\\\/avatar\\\/72ecc30e9db047a2e0e7176561eb9d564ed77c8108376495b19bd8336405198a?s=96&d=mm&r=g\",\"url\":\"https:\\\/\\\/secure.gravatar.com\\\/avatar\\\/72ecc30e9db047a2e0e7176561eb9d564ed77c8108376495b19bd8336405198a?s=96&d=mm&r=g\",\"contentUrl\":\"https:\\\/\\\/secure.gravatar.com\\\/avatar\\\/72ecc30e9db047a2e0e7176561eb9d564ed77c8108376495b19bd8336405198a?s=96&d=mm&r=g\",\"caption\":\"Dpress.ma\"},\"sameAs\":[\"https:\\\/\\\/www.dpress.ma\"],\"url\":\"https:\\\/\\\/dpress.ma\\\/fr\\\/author\\\/dpress-ma\\\/\"}]}<\/script>\n<!-- \/ Yoast SEO plugin. -->","yoast_head_json":{"title":"La Famille de la R\u00e9sistance comm\u00e9more le 72e anniversaire de la Manifestation du Mechouar - Dpress.ma\/fr","robots":{"index":"index","follow":"follow","max-snippet":"max-snippet:-1","max-image-preview":"max-image-preview:large","max-video-preview":"max-video-preview:-1"},"canonical":"https:\/\/dpress.ma\/fr\/2025\/08\/13\/la-famille-de-la-resistance-commemore-le-72e-anniversaire-de-la-manifestation-du-mechouar\/","og_locale":"fr_FR","og_type":"article","og_title":"La Famille de la R\u00e9sistance comm\u00e9more le 72e anniversaire de la Manifestation du Mechouar - Dpress.ma\/fr","og_description":"dpress La Famille de la R\u00e9sistance et de l\u2019Arm\u00e9e de lib\u00e9ration de la r\u00e9gion Marrakech-Safi a comm\u00e9mor\u00e9, mardi \u00e0 la cit\u00e9 ocre, le 72\u00e8 anniversaire de la Manifestation du Mechouar, un \u00e9v\u00e9nement phare dans l\u2019histoire de la lutte nationale pour le recouvrement de l\u2019ind\u00e9pendance et un t\u00e9moignage de la symbiose et des liens ind\u00e9fectibles unissant &hellip;","og_url":"https:\/\/dpress.ma\/fr\/2025\/08\/13\/la-famille-de-la-resistance-commemore-le-72e-anniversaire-de-la-manifestation-du-mechouar\/","og_site_name":"Dpress.ma\/fr","article_published_time":"2025-08-13T13:55:55+00:00","article_modified_time":"2025-08-13T13:55:56+00:00","og_image":[{"width":2539,"height":1594,"url":"https:\/\/dpress.ma\/fr\/wp-content\/uploads\/sites\/2\/2025\/08\/dimensions2-23.jpg","type":"image\/jpeg"}],"author":"Dpress.ma","twitter_card":"summary_large_image","twitter_misc":{"\u00c9crit par":"Dpress.ma","Dur\u00e9e de lecture estim\u00e9e":"4 minutes"},"schema":{"@context":"https:\/\/schema.org","@graph":[{"@type":"Article","@id":"https:\/\/dpress.ma\/fr\/2025\/08\/13\/la-famille-de-la-resistance-commemore-le-72e-anniversaire-de-la-manifestation-du-mechouar\/#article","isPartOf":{"@id":"https:\/\/dpress.ma\/fr\/2025\/08\/13\/la-famille-de-la-resistance-commemore-le-72e-anniversaire-de-la-manifestation-du-mechouar\/"},"author":{"name":"Dpress.ma","@id":"https:\/\/dpress.ma\/fr\/#\/schema\/person\/4898febf3ccd59e6578d838656a306a0"},"headline":"La Famille de la R\u00e9sistance comm\u00e9more le 72e anniversaire de la Manifestation du Mechouar","datePublished":"2025-08-13T13:55:55+00:00","dateModified":"2025-08-13T13:55:56+00:00","mainEntityOfPage":{"@id":"https:\/\/dpress.ma\/fr\/2025\/08\/13\/la-famille-de-la-resistance-commemore-le-72e-anniversaire-de-la-manifestation-du-mechouar\/"},"wordCount":777,"commentCount":0,"image":{"@id":"https:\/\/dpress.ma\/fr\/2025\/08\/13\/la-famille-de-la-resistance-commemore-le-72e-anniversaire-de-la-manifestation-du-mechouar\/#primaryimage"},"thumbnailUrl":"https:\/\/dpress.ma\/fr\/wp-content\/uploads\/sites\/2\/2025\/08\/dimensions2-23.jpg","articleSection":["societe et regions"],"inLanguage":"fr-FR","potentialAction":[{"@type":"CommentAction","name":"Comment","target":["https:\/\/dpress.ma\/fr\/2025\/08\/13\/la-famille-de-la-resistance-commemore-le-72e-anniversaire-de-la-manifestation-du-mechouar\/#respond"]}]},{"@type":"WebPage","@id":"https:\/\/dpress.ma\/fr\/2025\/08\/13\/la-famille-de-la-resistance-commemore-le-72e-anniversaire-de-la-manifestation-du-mechouar\/","url":"https:\/\/dpress.ma\/fr\/2025\/08\/13\/la-famille-de-la-resistance-commemore-le-72e-anniversaire-de-la-manifestation-du-mechouar\/","name":"La Famille de la R\u00e9sistance comm\u00e9more le 72e anniversaire de la Manifestation du Mechouar - Dpress.ma\/fr","isPartOf":{"@id":"https:\/\/dpress.ma\/fr\/#website"},"primaryImageOfPage":{"@id":"https:\/\/dpress.ma\/fr\/2025\/08\/13\/la-famille-de-la-resistance-commemore-le-72e-anniversaire-de-la-manifestation-du-mechouar\/#primaryimage"},"image":{"@id":"https:\/\/dpress.ma\/fr\/2025\/08\/13\/la-famille-de-la-resistance-commemore-le-72e-anniversaire-de-la-manifestation-du-mechouar\/#primaryimage"},"thumbnailUrl":"https:\/\/dpress.ma\/fr\/wp-content\/uploads\/sites\/2\/2025\/08\/dimensions2-23.jpg","datePublished":"2025-08-13T13:55:55+00:00","dateModified":"2025-08-13T13:55:56+00:00","author":{"@id":"https:\/\/dpress.ma\/fr\/#\/schema\/person\/4898febf3ccd59e6578d838656a306a0"},"breadcrumb":{"@id":"https:\/\/dpress.ma\/fr\/2025\/08\/13\/la-famille-de-la-resistance-commemore-le-72e-anniversaire-de-la-manifestation-du-mechouar\/#breadcrumb"},"inLanguage":"fr-FR","potentialAction":[{"@type":"ReadAction","target":["https:\/\/dpress.ma\/fr\/2025\/08\/13\/la-famille-de-la-resistance-commemore-le-72e-anniversaire-de-la-manifestation-du-mechouar\/"]}]},{"@type":"ImageObject","inLanguage":"fr-FR","@id":"https:\/\/dpress.ma\/fr\/2025\/08\/13\/la-famille-de-la-resistance-commemore-le-72e-anniversaire-de-la-manifestation-du-mechouar\/#primaryimage","url":"https:\/\/dpress.ma\/fr\/wp-content\/uploads\/sites\/2\/2025\/08\/dimensions2-23.jpg","contentUrl":"https:\/\/dpress.ma\/fr\/wp-content\/uploads\/sites\/2\/2025\/08\/dimensions2-23.jpg","width":2539,"height":1594},{"@type":"BreadcrumbList","@id":"https:\/\/dpress.ma\/fr\/2025\/08\/13\/la-famille-de-la-resistance-commemore-le-72e-anniversaire-de-la-manifestation-du-mechouar\/#breadcrumb","itemListElement":[{"@type":"ListItem","position":1,"name":"Home","item":"https:\/\/dpress.ma\/fr\/"},{"@type":"ListItem","position":2,"name":"La Famille de la R\u00e9sistance comm\u00e9more le 72e anniversaire de la Manifestation du Mechouar"}]},{"@type":"WebSite","@id":"https:\/\/dpress.ma\/fr\/#website","url":"https:\/\/dpress.ma\/fr\/","name":"Dpress.ma\/fr","description":"","potentialAction":[{"@type":"SearchAction","target":{"@type":"EntryPoint","urlTemplate":"https:\/\/dpress.ma\/fr\/?s={search_term_string}"},"query-input":{"@type":"PropertyValueSpecification","valueRequired":true,"valueName":"search_term_string"}}],"inLanguage":"fr-FR"},{"@type":"Person","@id":"https:\/\/dpress.ma\/fr\/#\/schema\/person\/4898febf3ccd59e6578d838656a306a0","name":"Dpress.ma","image":{"@type":"ImageObject","inLanguage":"fr-FR","@id":"https:\/\/secure.gravatar.com\/avatar\/72ecc30e9db047a2e0e7176561eb9d564ed77c8108376495b19bd8336405198a?s=96&d=mm&r=g","url":"https:\/\/secure.gravatar.com\/avatar\/72ecc30e9db047a2e0e7176561eb9d564ed77c8108376495b19bd8336405198a?s=96&d=mm&r=g","contentUrl":"https:\/\/secure.gravatar.com\/avatar\/72ecc30e9db047a2e0e7176561eb9d564ed77c8108376495b19bd8336405198a?s=96&d=mm&r=g","caption":"Dpress.ma"},"sameAs":["https:\/\/www.dpress.ma"],"url":"https:\/\/dpress.ma\/fr\/author\/dpress-ma\/"}]}},"amp_enabled":true,"_links":{"self":[{"href":"https:\/\/dpress.ma\/fr\/wp-json\/wp\/v2\/posts\/15759","targetHints":{"allow":["GET"]}}],"collection":[{"href":"https:\/\/dpress.ma\/fr\/wp-json\/wp\/v2\/posts"}],"about":[{"href":"https:\/\/dpress.ma\/fr\/wp-json\/wp\/v2\/types\/post"}],"author":[{"embeddable":true,"href":"https:\/\/dpress.ma\/fr\/wp-json\/wp\/v2\/users\/2"}],"replies":[{"embeddable":true,"href":"https:\/\/dpress.ma\/fr\/wp-json\/wp\/v2\/comments?post=15759"}],"version-history":[{"count":1,"href":"https:\/\/dpress.ma\/fr\/wp-json\/wp\/v2\/posts\/15759\/revisions"}],"predecessor-version":[{"id":15761,"href":"https:\/\/dpress.ma\/fr\/wp-json\/wp\/v2\/posts\/15759\/revisions\/15761"}],"wp:featuredmedia":[{"embeddable":true,"href":"https:\/\/dpress.ma\/fr\/wp-json\/wp\/v2\/media\/15760"}],"wp:attachment":[{"href":"https:\/\/dpress.ma\/fr\/wp-json\/wp\/v2\/media?parent=15759"}],"wp:term":[{"taxonomy":"category","embeddable":true,"href":"https:\/\/dpress.ma\/fr\/wp-json\/wp\/v2\/categories?post=15759"},{"taxonomy":"post_tag","embeddable":true,"href":"https:\/\/dpress.ma\/fr\/wp-json\/wp\/v2\/tags?post=15759"}],"curies":[{"name":"wp","href":"https:\/\/api.w.org\/{rel}","templated":true}]}}