{"id":15755,"date":"2025-08-13T13:27:20","date_gmt":"2025-08-13T13:27:20","guid":{"rendered":"https:\/\/dpress.ma\/fr\/?p=15755"},"modified":"2025-08-13T13:27:21","modified_gmt":"2025-08-13T13:27:21","slug":"lancement-de-plusieurs-projets-de-developpement-pour-renforcer-les-infrastructures-et-les-services-de-base","status":"publish","type":"post","link":"https:\/\/dpress.ma\/fr\/2025\/08\/13\/lancement-de-plusieurs-projets-de-developpement-pour-renforcer-les-infrastructures-et-les-services-de-base\/","title":{"rendered":"Lancement de plusieurs projets de d\u00e9veloppement pour renforcer les infrastructures et les services de base"},"content":{"rendered":"\n<p>dpress<\/p>\n\n\n\n<p>Plusieurs projets de d\u00e9veloppement ont \u00e9t\u00e9 lanc\u00e9s hier dans la province de Taroudant, \u00e0 l\u2019occasion du 26e anniversaire de l\u2019accession de Sa Majest\u00e9 le Roi Mohammed VI au Tr\u00f4ne de Ses glorieux anc\u00eatres.<\/p>\n\n\n\n<p>Lanc\u00e9s par le gouverneur de la province, Mabrouk Tabet, accompagn\u00e9 de responsables et d\u2019\u00e9lus locaux, ces projets visent \u00e0 renforcer les infrastructures dans les domaines des sports, de la culture et de l\u2019eau, et \u00e0 r\u00e9habiliter des sites historiques.<\/p>\n\n\n\n<p>Il s\u2019agit notamment de la r\u00e9habilitation et de la restauration des remparts de la ville, dans le cadre du programme d\u2019urgence de reconstruction et de r\u00e9habilitation des zones touch\u00e9es par le s\u00e9isme d\u2019Al Haouz. Le projet, d\u2019un co\u00fbt total estim\u00e9 \u00e0 40,23 millions de dirhams, est financ\u00e9 par l\u2019Agence de d\u00e9veloppement du Haut Atlas.<\/p>\n\n\n\n<p>Un projet de r\u00e9habilitation et de restauration des portes historiques de la ville, notamment Bab El Khemis, Bab Zarkan et Bab Ouled Bennouna, a \u00e9galement \u00e9t\u00e9 pr\u00e9sent\u00e9. Dot\u00e9 d\u2019un budget d\u2019environ 4,53 millions de dirhams, ce projet est financ\u00e9 par la direction r\u00e9gionale du minist\u00e8re de la Jeunesse, de la Culture et de la Communication de Souss-Massa, dans le cadre du programme d\u2019urgence de reconstruction et de r\u00e9habilitation des zones touch\u00e9es par le s\u00e9isme d\u2019Al Haouz.<\/p>\n\n\n\n<p> Said Laith, directeur g\u00e9n\u00e9ral de l\u2019Agence de d\u00e9veloppement du Haut Atlas, a indiqu\u00e9 que ce projet figure parmi les plus importants du programme de reconstruction des zones touch\u00e9es par le s\u00e9isme d\u2019Al Haouz, notant que la r\u00e9habilitation et la restauration des remparts de Taroudant, un monument historique et humanitaire prestigieux, permettront de valoriser ce site \u00e0 sa juste valeur, vu qu\u2019il constitue un levier essentiel du d\u00e9veloppement local.<\/p>\n\n\n\n<p>Il a soulign\u00e9 que le co\u00fbt total du projet s\u2019\u00e9l\u00e8ve \u00e0 plus de 40,2 millions de dirhams, r\u00e9partis en deux phases : la premi\u00e8re couvre un tron\u00e7on entre Bab al-Silsila et Bab Targount, en direction de Bab Ouled Bounona, tandis que la seconde s\u2019\u00e9tend entre ces deux points en direction de Bab Zerkan.<\/p>\n\n\n\n<p>Dans la commune d\u2019El Guerdane, le gouverneur de la province et la d\u00e9l\u00e9gation qui l\u2019accompagne ont supervis\u00e9 le lancement du projet de construction d\u2019un complexe socio-sportif, d\u2019un co\u00fbt de 34,5 millions de dirhams, financ\u00e9 par la commune. Le projet comprend \u00e9galement l\u2019ach\u00e8vement de la deuxi\u00e8me phase du traitement des eaux us\u00e9es liquides dans le quartier Ben Khei, d\u2019un co\u00fbt de 6 millions de dirhams, financ\u00e9 par la r\u00e9gion Souss-Massa et la commune d\u2019El Guerdane.<\/p>\n\n\n\n<p>Dans la commune de Sidi Ouaziz, les travaux d\u2019extension et de renforcement de la route r\u00e9gionale n\u00b0 110, sur une longueur de 10 kilom\u00e8tres, ont \u00e9t\u00e9 lanc\u00e9s. Le projet, d\u2019un co\u00fbt estim\u00e9 \u00e0 54,2 millions de dirhams, est financ\u00e9 conjointement par l\u2019Agence de d\u00e9veloppement du Haut Atlas et la Direction provinciale de l\u2019\u00c9quipement, du Transport, de la Logistique.<\/p>\n\n\n\n<p>Le projet de r\u00e9habilitation du r\u00e9seau routier class\u00e9 a \u00e9galement \u00e9t\u00e9 lanc\u00e9 dans le cadre du programme d\u2019urgence de reconstruction et de r\u00e9habilitation des zones touch\u00e9es par le s\u00e9isme d\u2019Al Haouz. Dot\u00e9 d\u2019un budget d\u2019environ 767 millions de dirhams, ce projet est financ\u00e9 conjointement par l\u2019Agence de d\u00e9veloppement du Haut Atlas et la Direction provinciale de l\u2019\u00c9quipement, du Transport et de la Logistique.<\/p>\n\n\n\n<p>Les projets comprennent \u00e9galement un programme de r\u00e9habilitation des routes endommag\u00e9es par les inondations d\u2019octobre 2024, d\u2019un co\u00fbt de 104,6 millions de dirhams, un programme d\u2019approvisionnement en eau potable des zones rurales pour l\u2019ann\u00e9e 2024, dot\u00e9 d\u2019une enveloppe de 24,3 millions de dirhams, et un programme d\u2019approvisionnement en eau potable des populations touch\u00e9es par le s\u00e9isme d\u2019Al Haouz, dot\u00e9 d\u2019une enveloppe de 16,4 millions de dirhams, financ\u00e9 par la Direction provinciale de l\u2019\u00c9quipement, du Transport et de la logistique \u00e0 Taroudant.<\/p>\n","protected":false},"excerpt":{"rendered":"<p>dpress Plusieurs projets de d\u00e9veloppement ont \u00e9t\u00e9 lanc\u00e9s hier dans la province de Taroudant, \u00e0 l\u2019occasion du 26e anniversaire de l\u2019accession de Sa Majest\u00e9 le Roi Mohammed VI au Tr\u00f4ne de Ses glorieux anc\u00eatres. Lanc\u00e9s par le gouverneur de la province, Mabrouk Tabet, accompagn\u00e9 de responsables et d\u2019\u00e9lus locaux, ces projets visent \u00e0 renforcer les &hellip;<\/p>\n","protected":false},"author":2,"featured_media":15756,"comment_status":"open","ping_status":"open","sticky":false,"template":"","format":"standard","meta":{"footnotes":""},"categories":[40],"tags":[],"class_list":["post-15755","post","type-post","status-publish","format-standard","has-post-thumbnail","hentry","category-societe-et-regions"],"yoast_head":"<!-- This site is optimized with the Yoast SEO plugin v27.5 - https:\/\/yoast.com\/product\/yoast-seo-wordpress\/ -->\n<title>Lancement de plusieurs projets de d\u00e9veloppement pour renforcer les infrastructures et les services de base - Dpress.ma\/fr<\/title>\n<meta name=\"robots\" content=\"index, follow, max-snippet:-1, max-image-preview:large, max-video-preview:-1\" \/>\n<link rel=\"canonical\" href=\"https:\/\/dpress.ma\/fr\/2025\/08\/13\/lancement-de-plusieurs-projets-de-developpement-pour-renforcer-les-infrastructures-et-les-services-de-base\/\" \/>\n<meta property=\"og:locale\" content=\"fr_FR\" \/>\n<meta property=\"og:type\" content=\"article\" \/>\n<meta property=\"og:title\" content=\"Lancement de plusieurs projets de d\u00e9veloppement pour renforcer les infrastructures et les services de base - Dpress.ma\/fr\" \/>\n<meta property=\"og:description\" content=\"dpress Plusieurs projets de d\u00e9veloppement ont \u00e9t\u00e9 lanc\u00e9s hier dans la province de Taroudant, \u00e0 l\u2019occasion du 26e anniversaire de l\u2019accession de Sa Majest\u00e9 le Roi Mohammed VI au Tr\u00f4ne de Ses glorieux anc\u00eatres. Lanc\u00e9s par le gouverneur de la province, Mabrouk Tabet, accompagn\u00e9 de responsables et d\u2019\u00e9lus locaux, ces projets visent \u00e0 renforcer les &hellip;\" \/>\n<meta property=\"og:url\" content=\"https:\/\/dpress.ma\/fr\/2025\/08\/13\/lancement-de-plusieurs-projets-de-developpement-pour-renforcer-les-infrastructures-et-les-services-de-base\/\" \/>\n<meta property=\"og:site_name\" content=\"Dpress.ma\/fr\" \/>\n<meta property=\"article:published_time\" content=\"2025-08-13T13:27:20+00:00\" \/>\n<meta property=\"article:modified_time\" content=\"2025-08-13T13:27:21+00:00\" \/>\n<meta property=\"og:image\" content=\"https:\/\/dpress.ma\/fr\/wp-content\/uploads\/sites\/2\/2025\/08\/dimensions2-22.jpg\" \/>\n\t<meta property=\"og:image:width\" content=\"2539\" \/>\n\t<meta property=\"og:image:height\" content=\"1594\" \/>\n\t<meta property=\"og:image:type\" content=\"image\/jpeg\" \/>\n<meta name=\"author\" content=\"Dpress.ma\" \/>\n<meta name=\"twitter:card\" content=\"summary_large_image\" \/>\n<meta name=\"twitter:label1\" content=\"\u00c9crit par\" \/>\n\t<meta name=\"twitter:data1\" content=\"Dpress.ma\" \/>\n\t<meta name=\"twitter:label2\" content=\"Dur\u00e9e de lecture estim\u00e9e\" \/>\n\t<meta name=\"twitter:data2\" content=\"4 minutes\" \/>\n<script type=\"application\/ld+json\" class=\"yoast-schema-graph\">{\"@context\":\"https:\\\/\\\/schema.org\",\"@graph\":[{\"@type\":\"Article\",\"@id\":\"https:\\\/\\\/dpress.ma\\\/fr\\\/2025\\\/08\\\/13\\\/lancement-de-plusieurs-projets-de-developpement-pour-renforcer-les-infrastructures-et-les-services-de-base\\\/#article\",\"isPartOf\":{\"@id\":\"https:\\\/\\\/dpress.ma\\\/fr\\\/2025\\\/08\\\/13\\\/lancement-de-plusieurs-projets-de-developpement-pour-renforcer-les-infrastructures-et-les-services-de-base\\\/\"},\"author\":{\"name\":\"Dpress.ma\",\"@id\":\"https:\\\/\\\/dpress.ma\\\/fr\\\/#\\\/schema\\\/person\\\/4898febf3ccd59e6578d838656a306a0\"},\"headline\":\"Lancement de plusieurs projets de d\u00e9veloppement pour renforcer les infrastructures et les services de base\",\"datePublished\":\"2025-08-13T13:27:20+00:00\",\"dateModified\":\"2025-08-13T13:27:21+00:00\",\"mainEntityOfPage\":{\"@id\":\"https:\\\/\\\/dpress.ma\\\/fr\\\/2025\\\/08\\\/13\\\/lancement-de-plusieurs-projets-de-developpement-pour-renforcer-les-infrastructures-et-les-services-de-base\\\/\"},\"wordCount\":693,\"commentCount\":0,\"image\":{\"@id\":\"https:\\\/\\\/dpress.ma\\\/fr\\\/2025\\\/08\\\/13\\\/lancement-de-plusieurs-projets-de-developpement-pour-renforcer-les-infrastructures-et-les-services-de-base\\\/#primaryimage\"},\"thumbnailUrl\":\"https:\\\/\\\/dpress.ma\\\/fr\\\/wp-content\\\/uploads\\\/sites\\\/2\\\/2025\\\/08\\\/dimensions2-22.jpg\",\"articleSection\":[\"societe et regions\"],\"inLanguage\":\"fr-FR\",\"potentialAction\":[{\"@type\":\"CommentAction\",\"name\":\"Comment\",\"target\":[\"https:\\\/\\\/dpress.ma\\\/fr\\\/2025\\\/08\\\/13\\\/lancement-de-plusieurs-projets-de-developpement-pour-renforcer-les-infrastructures-et-les-services-de-base\\\/#respond\"]}]},{\"@type\":\"WebPage\",\"@id\":\"https:\\\/\\\/dpress.ma\\\/fr\\\/2025\\\/08\\\/13\\\/lancement-de-plusieurs-projets-de-developpement-pour-renforcer-les-infrastructures-et-les-services-de-base\\\/\",\"url\":\"https:\\\/\\\/dpress.ma\\\/fr\\\/2025\\\/08\\\/13\\\/lancement-de-plusieurs-projets-de-developpement-pour-renforcer-les-infrastructures-et-les-services-de-base\\\/\",\"name\":\"Lancement de plusieurs projets de d\u00e9veloppement pour renforcer les infrastructures et les services de base - Dpress.ma\\\/fr\",\"isPartOf\":{\"@id\":\"https:\\\/\\\/dpress.ma\\\/fr\\\/#website\"},\"primaryImageOfPage\":{\"@id\":\"https:\\\/\\\/dpress.ma\\\/fr\\\/2025\\\/08\\\/13\\\/lancement-de-plusieurs-projets-de-developpement-pour-renforcer-les-infrastructures-et-les-services-de-base\\\/#primaryimage\"},\"image\":{\"@id\":\"https:\\\/\\\/dpress.ma\\\/fr\\\/2025\\\/08\\\/13\\\/lancement-de-plusieurs-projets-de-developpement-pour-renforcer-les-infrastructures-et-les-services-de-base\\\/#primaryimage\"},\"thumbnailUrl\":\"https:\\\/\\\/dpress.ma\\\/fr\\\/wp-content\\\/uploads\\\/sites\\\/2\\\/2025\\\/08\\\/dimensions2-22.jpg\",\"datePublished\":\"2025-08-13T13:27:20+00:00\",\"dateModified\":\"2025-08-13T13:27:21+00:00\",\"author\":{\"@id\":\"https:\\\/\\\/dpress.ma\\\/fr\\\/#\\\/schema\\\/person\\\/4898febf3ccd59e6578d838656a306a0\"},\"breadcrumb\":{\"@id\":\"https:\\\/\\\/dpress.ma\\\/fr\\\/2025\\\/08\\\/13\\\/lancement-de-plusieurs-projets-de-developpement-pour-renforcer-les-infrastructures-et-les-services-de-base\\\/#breadcrumb\"},\"inLanguage\":\"fr-FR\",\"potentialAction\":[{\"@type\":\"ReadAction\",\"target\":[\"https:\\\/\\\/dpress.ma\\\/fr\\\/2025\\\/08\\\/13\\\/lancement-de-plusieurs-projets-de-developpement-pour-renforcer-les-infrastructures-et-les-services-de-base\\\/\"]}]},{\"@type\":\"ImageObject\",\"inLanguage\":\"fr-FR\",\"@id\":\"https:\\\/\\\/dpress.ma\\\/fr\\\/2025\\\/08\\\/13\\\/lancement-de-plusieurs-projets-de-developpement-pour-renforcer-les-infrastructures-et-les-services-de-base\\\/#primaryimage\",\"url\":\"https:\\\/\\\/dpress.ma\\\/fr\\\/wp-content\\\/uploads\\\/sites\\\/2\\\/2025\\\/08\\\/dimensions2-22.jpg\",\"contentUrl\":\"https:\\\/\\\/dpress.ma\\\/fr\\\/wp-content\\\/uploads\\\/sites\\\/2\\\/2025\\\/08\\\/dimensions2-22.jpg\",\"width\":2539,\"height\":1594},{\"@type\":\"BreadcrumbList\",\"@id\":\"https:\\\/\\\/dpress.ma\\\/fr\\\/2025\\\/08\\\/13\\\/lancement-de-plusieurs-projets-de-developpement-pour-renforcer-les-infrastructures-et-les-services-de-base\\\/#breadcrumb\",\"itemListElement\":[{\"@type\":\"ListItem\",\"position\":1,\"name\":\"Home\",\"item\":\"https:\\\/\\\/dpress.ma\\\/fr\\\/\"},{\"@type\":\"ListItem\",\"position\":2,\"name\":\"Lancement de plusieurs projets de d\u00e9veloppement pour renforcer les infrastructures et les services de base\"}]},{\"@type\":\"WebSite\",\"@id\":\"https:\\\/\\\/dpress.ma\\\/fr\\\/#website\",\"url\":\"https:\\\/\\\/dpress.ma\\\/fr\\\/\",\"name\":\"Dpress.ma\\\/fr\",\"description\":\"\",\"potentialAction\":[{\"@type\":\"SearchAction\",\"target\":{\"@type\":\"EntryPoint\",\"urlTemplate\":\"https:\\\/\\\/dpress.ma\\\/fr\\\/?s={search_term_string}\"},\"query-input\":{\"@type\":\"PropertyValueSpecification\",\"valueRequired\":true,\"valueName\":\"search_term_string\"}}],\"inLanguage\":\"fr-FR\"},{\"@type\":\"Person\",\"@id\":\"https:\\\/\\\/dpress.ma\\\/fr\\\/#\\\/schema\\\/person\\\/4898febf3ccd59e6578d838656a306a0\",\"name\":\"Dpress.ma\",\"image\":{\"@type\":\"ImageObject\",\"inLanguage\":\"fr-FR\",\"@id\":\"https:\\\/\\\/secure.gravatar.com\\\/avatar\\\/72ecc30e9db047a2e0e7176561eb9d564ed77c8108376495b19bd8336405198a?s=96&d=mm&r=g\",\"url\":\"https:\\\/\\\/secure.gravatar.com\\\/avatar\\\/72ecc30e9db047a2e0e7176561eb9d564ed77c8108376495b19bd8336405198a?s=96&d=mm&r=g\",\"contentUrl\":\"https:\\\/\\\/secure.gravatar.com\\\/avatar\\\/72ecc30e9db047a2e0e7176561eb9d564ed77c8108376495b19bd8336405198a?s=96&d=mm&r=g\",\"caption\":\"Dpress.ma\"},\"sameAs\":[\"https:\\\/\\\/www.dpress.ma\"],\"url\":\"https:\\\/\\\/dpress.ma\\\/fr\\\/author\\\/dpress-ma\\\/\"}]}<\/script>\n<!-- \/ Yoast SEO plugin. -->","yoast_head_json":{"title":"Lancement de plusieurs projets de d\u00e9veloppement pour renforcer les infrastructures et les services de base - Dpress.ma\/fr","robots":{"index":"index","follow":"follow","max-snippet":"max-snippet:-1","max-image-preview":"max-image-preview:large","max-video-preview":"max-video-preview:-1"},"canonical":"https:\/\/dpress.ma\/fr\/2025\/08\/13\/lancement-de-plusieurs-projets-de-developpement-pour-renforcer-les-infrastructures-et-les-services-de-base\/","og_locale":"fr_FR","og_type":"article","og_title":"Lancement de plusieurs projets de d\u00e9veloppement pour renforcer les infrastructures et les services de base - Dpress.ma\/fr","og_description":"dpress Plusieurs projets de d\u00e9veloppement ont \u00e9t\u00e9 lanc\u00e9s hier dans la province de Taroudant, \u00e0 l\u2019occasion du 26e anniversaire de l\u2019accession de Sa Majest\u00e9 le Roi Mohammed VI au Tr\u00f4ne de Ses glorieux anc\u00eatres. Lanc\u00e9s par le gouverneur de la province, Mabrouk Tabet, accompagn\u00e9 de responsables et d\u2019\u00e9lus locaux, ces projets visent \u00e0 renforcer les &hellip;","og_url":"https:\/\/dpress.ma\/fr\/2025\/08\/13\/lancement-de-plusieurs-projets-de-developpement-pour-renforcer-les-infrastructures-et-les-services-de-base\/","og_site_name":"Dpress.ma\/fr","article_published_time":"2025-08-13T13:27:20+00:00","article_modified_time":"2025-08-13T13:27:21+00:00","og_image":[{"width":2539,"height":1594,"url":"https:\/\/dpress.ma\/fr\/wp-content\/uploads\/sites\/2\/2025\/08\/dimensions2-22.jpg","type":"image\/jpeg"}],"author":"Dpress.ma","twitter_card":"summary_large_image","twitter_misc":{"\u00c9crit par":"Dpress.ma","Dur\u00e9e de lecture estim\u00e9e":"4 minutes"},"schema":{"@context":"https:\/\/schema.org","@graph":[{"@type":"Article","@id":"https:\/\/dpress.ma\/fr\/2025\/08\/13\/lancement-de-plusieurs-projets-de-developpement-pour-renforcer-les-infrastructures-et-les-services-de-base\/#article","isPartOf":{"@id":"https:\/\/dpress.ma\/fr\/2025\/08\/13\/lancement-de-plusieurs-projets-de-developpement-pour-renforcer-les-infrastructures-et-les-services-de-base\/"},"author":{"name":"Dpress.ma","@id":"https:\/\/dpress.ma\/fr\/#\/schema\/person\/4898febf3ccd59e6578d838656a306a0"},"headline":"Lancement de plusieurs projets de d\u00e9veloppement pour renforcer les infrastructures et les services de base","datePublished":"2025-08-13T13:27:20+00:00","dateModified":"2025-08-13T13:27:21+00:00","mainEntityOfPage":{"@id":"https:\/\/dpress.ma\/fr\/2025\/08\/13\/lancement-de-plusieurs-projets-de-developpement-pour-renforcer-les-infrastructures-et-les-services-de-base\/"},"wordCount":693,"commentCount":0,"image":{"@id":"https:\/\/dpress.ma\/fr\/2025\/08\/13\/lancement-de-plusieurs-projets-de-developpement-pour-renforcer-les-infrastructures-et-les-services-de-base\/#primaryimage"},"thumbnailUrl":"https:\/\/dpress.ma\/fr\/wp-content\/uploads\/sites\/2\/2025\/08\/dimensions2-22.jpg","articleSection":["societe et regions"],"inLanguage":"fr-FR","potentialAction":[{"@type":"CommentAction","name":"Comment","target":["https:\/\/dpress.ma\/fr\/2025\/08\/13\/lancement-de-plusieurs-projets-de-developpement-pour-renforcer-les-infrastructures-et-les-services-de-base\/#respond"]}]},{"@type":"WebPage","@id":"https:\/\/dpress.ma\/fr\/2025\/08\/13\/lancement-de-plusieurs-projets-de-developpement-pour-renforcer-les-infrastructures-et-les-services-de-base\/","url":"https:\/\/dpress.ma\/fr\/2025\/08\/13\/lancement-de-plusieurs-projets-de-developpement-pour-renforcer-les-infrastructures-et-les-services-de-base\/","name":"Lancement de plusieurs projets de d\u00e9veloppement pour renforcer les infrastructures et les services de base - Dpress.ma\/fr","isPartOf":{"@id":"https:\/\/dpress.ma\/fr\/#website"},"primaryImageOfPage":{"@id":"https:\/\/dpress.ma\/fr\/2025\/08\/13\/lancement-de-plusieurs-projets-de-developpement-pour-renforcer-les-infrastructures-et-les-services-de-base\/#primaryimage"},"image":{"@id":"https:\/\/dpress.ma\/fr\/2025\/08\/13\/lancement-de-plusieurs-projets-de-developpement-pour-renforcer-les-infrastructures-et-les-services-de-base\/#primaryimage"},"thumbnailUrl":"https:\/\/dpress.ma\/fr\/wp-content\/uploads\/sites\/2\/2025\/08\/dimensions2-22.jpg","datePublished":"2025-08-13T13:27:20+00:00","dateModified":"2025-08-13T13:27:21+00:00","author":{"@id":"https:\/\/dpress.ma\/fr\/#\/schema\/person\/4898febf3ccd59e6578d838656a306a0"},"breadcrumb":{"@id":"https:\/\/dpress.ma\/fr\/2025\/08\/13\/lancement-de-plusieurs-projets-de-developpement-pour-renforcer-les-infrastructures-et-les-services-de-base\/#breadcrumb"},"inLanguage":"fr-FR","potentialAction":[{"@type":"ReadAction","target":["https:\/\/dpress.ma\/fr\/2025\/08\/13\/lancement-de-plusieurs-projets-de-developpement-pour-renforcer-les-infrastructures-et-les-services-de-base\/"]}]},{"@type":"ImageObject","inLanguage":"fr-FR","@id":"https:\/\/dpress.ma\/fr\/2025\/08\/13\/lancement-de-plusieurs-projets-de-developpement-pour-renforcer-les-infrastructures-et-les-services-de-base\/#primaryimage","url":"https:\/\/dpress.ma\/fr\/wp-content\/uploads\/sites\/2\/2025\/08\/dimensions2-22.jpg","contentUrl":"https:\/\/dpress.ma\/fr\/wp-content\/uploads\/sites\/2\/2025\/08\/dimensions2-22.jpg","width":2539,"height":1594},{"@type":"BreadcrumbList","@id":"https:\/\/dpress.ma\/fr\/2025\/08\/13\/lancement-de-plusieurs-projets-de-developpement-pour-renforcer-les-infrastructures-et-les-services-de-base\/#breadcrumb","itemListElement":[{"@type":"ListItem","position":1,"name":"Home","item":"https:\/\/dpress.ma\/fr\/"},{"@type":"ListItem","position":2,"name":"Lancement de plusieurs projets de d\u00e9veloppement pour renforcer les infrastructures et les services de base"}]},{"@type":"WebSite","@id":"https:\/\/dpress.ma\/fr\/#website","url":"https:\/\/dpress.ma\/fr\/","name":"Dpress.ma\/fr","description":"","potentialAction":[{"@type":"SearchAction","target":{"@type":"EntryPoint","urlTemplate":"https:\/\/dpress.ma\/fr\/?s={search_term_string}"},"query-input":{"@type":"PropertyValueSpecification","valueRequired":true,"valueName":"search_term_string"}}],"inLanguage":"fr-FR"},{"@type":"Person","@id":"https:\/\/dpress.ma\/fr\/#\/schema\/person\/4898febf3ccd59e6578d838656a306a0","name":"Dpress.ma","image":{"@type":"ImageObject","inLanguage":"fr-FR","@id":"https:\/\/secure.gravatar.com\/avatar\/72ecc30e9db047a2e0e7176561eb9d564ed77c8108376495b19bd8336405198a?s=96&d=mm&r=g","url":"https:\/\/secure.gravatar.com\/avatar\/72ecc30e9db047a2e0e7176561eb9d564ed77c8108376495b19bd8336405198a?s=96&d=mm&r=g","contentUrl":"https:\/\/secure.gravatar.com\/avatar\/72ecc30e9db047a2e0e7176561eb9d564ed77c8108376495b19bd8336405198a?s=96&d=mm&r=g","caption":"Dpress.ma"},"sameAs":["https:\/\/www.dpress.ma"],"url":"https:\/\/dpress.ma\/fr\/author\/dpress-ma\/"}]}},"amp_enabled":true,"_links":{"self":[{"href":"https:\/\/dpress.ma\/fr\/wp-json\/wp\/v2\/posts\/15755","targetHints":{"allow":["GET"]}}],"collection":[{"href":"https:\/\/dpress.ma\/fr\/wp-json\/wp\/v2\/posts"}],"about":[{"href":"https:\/\/dpress.ma\/fr\/wp-json\/wp\/v2\/types\/post"}],"author":[{"embeddable":true,"href":"https:\/\/dpress.ma\/fr\/wp-json\/wp\/v2\/users\/2"}],"replies":[{"embeddable":true,"href":"https:\/\/dpress.ma\/fr\/wp-json\/wp\/v2\/comments?post=15755"}],"version-history":[{"count":1,"href":"https:\/\/dpress.ma\/fr\/wp-json\/wp\/v2\/posts\/15755\/revisions"}],"predecessor-version":[{"id":15757,"href":"https:\/\/dpress.ma\/fr\/wp-json\/wp\/v2\/posts\/15755\/revisions\/15757"}],"wp:featuredmedia":[{"embeddable":true,"href":"https:\/\/dpress.ma\/fr\/wp-json\/wp\/v2\/media\/15756"}],"wp:attachment":[{"href":"https:\/\/dpress.ma\/fr\/wp-json\/wp\/v2\/media?parent=15755"}],"wp:term":[{"taxonomy":"category","embeddable":true,"href":"https:\/\/dpress.ma\/fr\/wp-json\/wp\/v2\/categories?post=15755"},{"taxonomy":"post_tag","embeddable":true,"href":"https:\/\/dpress.ma\/fr\/wp-json\/wp\/v2\/tags?post=15755"}],"curies":[{"name":"wp","href":"https:\/\/api.w.org\/{rel}","templated":true}]}}