{"id":15752,"date":"2025-08-11T16:49:00","date_gmt":"2025-08-11T16:49:00","guid":{"rendered":"https:\/\/dpress.ma\/fr\/?p=15752"},"modified":"2025-08-11T16:49:01","modified_gmt":"2025-08-11T16:49:01","slug":"la-16eme-edition-du-salon-du-cheval-del-jadida-accueille-le-prestigieux-title-show-des-chevaux-pur-sang-arabes","status":"publish","type":"post","link":"https:\/\/dpress.ma\/fr\/2025\/08\/11\/la-16eme-edition-du-salon-du-cheval-del-jadida-accueille-le-prestigieux-title-show-des-chevaux-pur-sang-arabes\/","title":{"rendered":"La 16\u00e8me \u00e9dition du Salon du Cheval d\u2019El Jadida accueille le prestigieux \u201cTitle Show\u201d des chevaux Pur-Sang Arabes"},"content":{"rendered":"\n<p>dpress<\/p>\n\n\n\n<p>Le&nbsp;Salon&nbsp;du Cheval d\u2019El Jadida s\u2019appr\u00eate \u00e0 vivre l\u2019un de ses temps forts, \u00e0&nbsp;l\u2019occasion de sa 16\u00e8me \u00e9dition,&nbsp;avec l\u2019organisation du prestigieux Concours&nbsp;International&nbsp;de&nbsp;Mod\u00e8les et Allures \u201cTitle Show\u201d les 1er et&nbsp;2 octobre&nbsp;2025,&nbsp;au Parc des Expositions Mohammed VI \u00e0 El Jadida.<\/p>\n\n\n\n<p>Plac\u00e9 sous l\u2019\u00e9gide de l\u2019ECAHO (European Conference of Arab Horse Organizations), ce concours,&nbsp;r\u00e9serv\u00e9 aux chevaux Pur-Sang Arabes,&nbsp;passe&nbsp;\u00e0 la classification \u201cTitle Show\u201d, le plus haut niveau attribu\u00e9 par l\u2019ECAHO, alors qu\u2019il \u00e9tait&nbsp;organis\u00e9&nbsp;depuis&nbsp;des&nbsp;ann\u00e9es dans le cadre de la&nbsp;cat\u00e9gorie&nbsp;\u201cA\u201d, indiquent les organisateurs dans un communiqu\u00e9.<\/p>\n\n\n\n<p>\u201cCette \u00e9volution, fruit d\u2019une progression continue depuis plusieurs \u00e9ditions, refl\u00e8te la reconnaissance des instances internationales pour la qualit\u00e9 croissante de ce concours. Seuls quelques pays dans le monde, comme l\u2019Allemagne, l\u2019Italie, le Qatar et les \u00c9mirats Arabes Unis, accueillent des comp\u00e9titions de ce niveau\u201d, note la m\u00eame source.<\/p>\n\n\n\n<p>Et de souligner que l\u2019accession du Maroc \u00e0 ce statut \u201cexceptionnel\u201d t\u00e9moigne du rayonnement d\u00e9sormais affirm\u00e9 du&nbsp;Salon&nbsp;du Cheval d\u2019El Jadida sur la sc\u00e8ne \u00e9questre mondiale.<\/p>\n\n\n\n<p>Reconnu comme l\u2019un des rendez-vous incontournables du calendrier \u00e9questre international, le \u201cTitle Show\u201d d\u2019El Jadida b\u00e9n\u00e9ficie d\u2019un statut prestigieux qui lui conf\u00e8re une notori\u00e9t\u00e9 importante,&nbsp;attirant chaque ann\u00e9e des chevaux d\u2019\u00e9lite en provenance du Maroc, d\u2019Europe et du Moyen-Orient,&nbsp;ainsi que des \u00e9leveurs et experts de renomm\u00e9e mondiale.<\/p>\n\n\n\n<p>Au-del\u00e0 de son aspect comp\u00e9titif, cet \u00e9v\u00e9nement repr\u00e9sente, selon les organisateurs, un enjeu strat\u00e9gique pour la fili\u00e8re&nbsp;\u00e9quine nationale, offrant une vitrine d\u2019exception pour valoriser la qualit\u00e9 des \u00e9levages marocains,&nbsp;tout en mettant en lumi\u00e8re l\u2019excellence du Pur-Sang Arabe marocain.<\/p>\n\n\n\n<p>Ce concours constitue, \u00e9galement, un espace d\u2019\u00e9changes privil\u00e9gi\u00e9 entre \u00e9leveurs, experts et passionn\u00e9s, consolidant ainsi&nbsp;la place du Royaume du Maroc parmi les r\u00e9f\u00e9rences internationales de l\u2019\u00e9levage du cheval arabe, ajoute-t-on.<\/p>\n\n\n\n<p>\u201cC\u2019est ainsi que le&nbsp;Salon&nbsp;du Cheval d\u2019El Jadida r\u00e9affirme sa vocation de plateforme internationale&nbsp;alliant tradition, comp\u00e9titivit\u00e9 et innovation au service du cheval\u201d, conclut le communiqu\u00e9.<\/p>\n","protected":false},"excerpt":{"rendered":"<p>dpress Le&nbsp;Salon&nbsp;du Cheval d\u2019El Jadida s\u2019appr\u00eate \u00e0 vivre l\u2019un de ses temps forts, \u00e0&nbsp;l\u2019occasion de sa 16\u00e8me \u00e9dition,&nbsp;avec l\u2019organisation du prestigieux Concours&nbsp;International&nbsp;de&nbsp;Mod\u00e8les et Allures \u201cTitle Show\u201d les 1er et&nbsp;2 octobre&nbsp;2025,&nbsp;au Parc des Expositions Mohammed VI \u00e0 El Jadida. Plac\u00e9 sous l\u2019\u00e9gide de l\u2019ECAHO (European Conference of Arab Horse Organizations), ce concours,&nbsp;r\u00e9serv\u00e9 aux chevaux Pur-Sang Arabes,&nbsp;passe&nbsp;\u00e0 &hellip;<\/p>\n","protected":false},"author":2,"featured_media":15753,"comment_status":"open","ping_status":"open","sticky":false,"template":"","format":"standard","meta":{"footnotes":""},"categories":[40],"tags":[],"class_list":["post-15752","post","type-post","status-publish","format-standard","has-post-thumbnail","hentry","category-societe-et-regions"],"yoast_head":"<!-- This site is optimized with the Yoast SEO plugin v27.5 - https:\/\/yoast.com\/product\/yoast-seo-wordpress\/ -->\n<title>La 16\u00e8me \u00e9dition du Salon du Cheval d\u2019El Jadida accueille le prestigieux \u201cTitle Show\u201d des chevaux Pur-Sang Arabes - Dpress.ma\/fr<\/title>\n<meta name=\"robots\" content=\"index, follow, max-snippet:-1, max-image-preview:large, max-video-preview:-1\" \/>\n<link rel=\"canonical\" href=\"https:\/\/dpress.ma\/fr\/2025\/08\/11\/la-16eme-edition-du-salon-du-cheval-del-jadida-accueille-le-prestigieux-title-show-des-chevaux-pur-sang-arabes\/\" \/>\n<meta property=\"og:locale\" content=\"fr_FR\" \/>\n<meta property=\"og:type\" content=\"article\" \/>\n<meta property=\"og:title\" content=\"La 16\u00e8me \u00e9dition du Salon du Cheval d\u2019El Jadida accueille le prestigieux \u201cTitle Show\u201d des chevaux Pur-Sang Arabes - Dpress.ma\/fr\" \/>\n<meta property=\"og:description\" content=\"dpress Le&nbsp;Salon&nbsp;du Cheval d\u2019El Jadida s\u2019appr\u00eate \u00e0 vivre l\u2019un de ses temps forts, \u00e0&nbsp;l\u2019occasion de sa 16\u00e8me \u00e9dition,&nbsp;avec l\u2019organisation du prestigieux Concours&nbsp;International&nbsp;de&nbsp;Mod\u00e8les et Allures \u201cTitle Show\u201d les 1er et&nbsp;2 octobre&nbsp;2025,&nbsp;au Parc des Expositions Mohammed VI \u00e0 El Jadida. Plac\u00e9 sous l\u2019\u00e9gide de l\u2019ECAHO (European Conference of Arab Horse Organizations), ce concours,&nbsp;r\u00e9serv\u00e9 aux chevaux Pur-Sang Arabes,&nbsp;passe&nbsp;\u00e0 &hellip;\" \/>\n<meta property=\"og:url\" content=\"https:\/\/dpress.ma\/fr\/2025\/08\/11\/la-16eme-edition-du-salon-du-cheval-del-jadida-accueille-le-prestigieux-title-show-des-chevaux-pur-sang-arabes\/\" \/>\n<meta property=\"og:site_name\" content=\"Dpress.ma\/fr\" \/>\n<meta property=\"article:published_time\" content=\"2025-08-11T16:49:00+00:00\" \/>\n<meta property=\"article:modified_time\" content=\"2025-08-11T16:49:01+00:00\" \/>\n<meta property=\"og:image\" content=\"https:\/\/dpress.ma\/fr\/wp-content\/uploads\/sites\/2\/2025\/08\/dimensions2-21.jpg\" \/>\n\t<meta property=\"og:image:width\" content=\"2539\" \/>\n\t<meta property=\"og:image:height\" content=\"1594\" \/>\n\t<meta property=\"og:image:type\" content=\"image\/jpeg\" \/>\n<meta name=\"author\" content=\"Dpress.ma\" \/>\n<meta name=\"twitter:card\" content=\"summary_large_image\" \/>\n<meta name=\"twitter:label1\" content=\"\u00c9crit par\" \/>\n\t<meta name=\"twitter:data1\" content=\"Dpress.ma\" \/>\n\t<meta name=\"twitter:label2\" content=\"Dur\u00e9e de lecture estim\u00e9e\" \/>\n\t<meta name=\"twitter:data2\" content=\"2 minutes\" \/>\n<script type=\"application\/ld+json\" class=\"yoast-schema-graph\">{\"@context\":\"https:\\\/\\\/schema.org\",\"@graph\":[{\"@type\":\"Article\",\"@id\":\"https:\\\/\\\/dpress.ma\\\/fr\\\/2025\\\/08\\\/11\\\/la-16eme-edition-du-salon-du-cheval-del-jadida-accueille-le-prestigieux-title-show-des-chevaux-pur-sang-arabes\\\/#article\",\"isPartOf\":{\"@id\":\"https:\\\/\\\/dpress.ma\\\/fr\\\/2025\\\/08\\\/11\\\/la-16eme-edition-du-salon-du-cheval-del-jadida-accueille-le-prestigieux-title-show-des-chevaux-pur-sang-arabes\\\/\"},\"author\":{\"name\":\"Dpress.ma\",\"@id\":\"https:\\\/\\\/dpress.ma\\\/fr\\\/#\\\/schema\\\/person\\\/4898febf3ccd59e6578d838656a306a0\"},\"headline\":\"La 16\u00e8me \u00e9dition du Salon du Cheval d\u2019El Jadida accueille le prestigieux \u201cTitle Show\u201d des chevaux Pur-Sang Arabes\",\"datePublished\":\"2025-08-11T16:49:00+00:00\",\"dateModified\":\"2025-08-11T16:49:01+00:00\",\"mainEntityOfPage\":{\"@id\":\"https:\\\/\\\/dpress.ma\\\/fr\\\/2025\\\/08\\\/11\\\/la-16eme-edition-du-salon-du-cheval-del-jadida-accueille-le-prestigieux-title-show-des-chevaux-pur-sang-arabes\\\/\"},\"wordCount\":415,\"commentCount\":0,\"image\":{\"@id\":\"https:\\\/\\\/dpress.ma\\\/fr\\\/2025\\\/08\\\/11\\\/la-16eme-edition-du-salon-du-cheval-del-jadida-accueille-le-prestigieux-title-show-des-chevaux-pur-sang-arabes\\\/#primaryimage\"},\"thumbnailUrl\":\"https:\\\/\\\/dpress.ma\\\/fr\\\/wp-content\\\/uploads\\\/sites\\\/2\\\/2025\\\/08\\\/dimensions2-21.jpg\",\"articleSection\":[\"societe et regions\"],\"inLanguage\":\"fr-FR\",\"potentialAction\":[{\"@type\":\"CommentAction\",\"name\":\"Comment\",\"target\":[\"https:\\\/\\\/dpress.ma\\\/fr\\\/2025\\\/08\\\/11\\\/la-16eme-edition-du-salon-du-cheval-del-jadida-accueille-le-prestigieux-title-show-des-chevaux-pur-sang-arabes\\\/#respond\"]}]},{\"@type\":\"WebPage\",\"@id\":\"https:\\\/\\\/dpress.ma\\\/fr\\\/2025\\\/08\\\/11\\\/la-16eme-edition-du-salon-du-cheval-del-jadida-accueille-le-prestigieux-title-show-des-chevaux-pur-sang-arabes\\\/\",\"url\":\"https:\\\/\\\/dpress.ma\\\/fr\\\/2025\\\/08\\\/11\\\/la-16eme-edition-du-salon-du-cheval-del-jadida-accueille-le-prestigieux-title-show-des-chevaux-pur-sang-arabes\\\/\",\"name\":\"La 16\u00e8me \u00e9dition du Salon du Cheval d\u2019El Jadida accueille le prestigieux \u201cTitle Show\u201d des chevaux Pur-Sang Arabes - Dpress.ma\\\/fr\",\"isPartOf\":{\"@id\":\"https:\\\/\\\/dpress.ma\\\/fr\\\/#website\"},\"primaryImageOfPage\":{\"@id\":\"https:\\\/\\\/dpress.ma\\\/fr\\\/2025\\\/08\\\/11\\\/la-16eme-edition-du-salon-du-cheval-del-jadida-accueille-le-prestigieux-title-show-des-chevaux-pur-sang-arabes\\\/#primaryimage\"},\"image\":{\"@id\":\"https:\\\/\\\/dpress.ma\\\/fr\\\/2025\\\/08\\\/11\\\/la-16eme-edition-du-salon-du-cheval-del-jadida-accueille-le-prestigieux-title-show-des-chevaux-pur-sang-arabes\\\/#primaryimage\"},\"thumbnailUrl\":\"https:\\\/\\\/dpress.ma\\\/fr\\\/wp-content\\\/uploads\\\/sites\\\/2\\\/2025\\\/08\\\/dimensions2-21.jpg\",\"datePublished\":\"2025-08-11T16:49:00+00:00\",\"dateModified\":\"2025-08-11T16:49:01+00:00\",\"author\":{\"@id\":\"https:\\\/\\\/dpress.ma\\\/fr\\\/#\\\/schema\\\/person\\\/4898febf3ccd59e6578d838656a306a0\"},\"breadcrumb\":{\"@id\":\"https:\\\/\\\/dpress.ma\\\/fr\\\/2025\\\/08\\\/11\\\/la-16eme-edition-du-salon-du-cheval-del-jadida-accueille-le-prestigieux-title-show-des-chevaux-pur-sang-arabes\\\/#breadcrumb\"},\"inLanguage\":\"fr-FR\",\"potentialAction\":[{\"@type\":\"ReadAction\",\"target\":[\"https:\\\/\\\/dpress.ma\\\/fr\\\/2025\\\/08\\\/11\\\/la-16eme-edition-du-salon-du-cheval-del-jadida-accueille-le-prestigieux-title-show-des-chevaux-pur-sang-arabes\\\/\"]}]},{\"@type\":\"ImageObject\",\"inLanguage\":\"fr-FR\",\"@id\":\"https:\\\/\\\/dpress.ma\\\/fr\\\/2025\\\/08\\\/11\\\/la-16eme-edition-du-salon-du-cheval-del-jadida-accueille-le-prestigieux-title-show-des-chevaux-pur-sang-arabes\\\/#primaryimage\",\"url\":\"https:\\\/\\\/dpress.ma\\\/fr\\\/wp-content\\\/uploads\\\/sites\\\/2\\\/2025\\\/08\\\/dimensions2-21.jpg\",\"contentUrl\":\"https:\\\/\\\/dpress.ma\\\/fr\\\/wp-content\\\/uploads\\\/sites\\\/2\\\/2025\\\/08\\\/dimensions2-21.jpg\",\"width\":2539,\"height\":1594},{\"@type\":\"BreadcrumbList\",\"@id\":\"https:\\\/\\\/dpress.ma\\\/fr\\\/2025\\\/08\\\/11\\\/la-16eme-edition-du-salon-du-cheval-del-jadida-accueille-le-prestigieux-title-show-des-chevaux-pur-sang-arabes\\\/#breadcrumb\",\"itemListElement\":[{\"@type\":\"ListItem\",\"position\":1,\"name\":\"Home\",\"item\":\"https:\\\/\\\/dpress.ma\\\/fr\\\/\"},{\"@type\":\"ListItem\",\"position\":2,\"name\":\"La 16\u00e8me \u00e9dition du Salon du Cheval d\u2019El Jadida accueille le prestigieux \u201cTitle Show\u201d des chevaux Pur-Sang Arabes\"}]},{\"@type\":\"WebSite\",\"@id\":\"https:\\\/\\\/dpress.ma\\\/fr\\\/#website\",\"url\":\"https:\\\/\\\/dpress.ma\\\/fr\\\/\",\"name\":\"Dpress.ma\\\/fr\",\"description\":\"\",\"potentialAction\":[{\"@type\":\"SearchAction\",\"target\":{\"@type\":\"EntryPoint\",\"urlTemplate\":\"https:\\\/\\\/dpress.ma\\\/fr\\\/?s={search_term_string}\"},\"query-input\":{\"@type\":\"PropertyValueSpecification\",\"valueRequired\":true,\"valueName\":\"search_term_string\"}}],\"inLanguage\":\"fr-FR\"},{\"@type\":\"Person\",\"@id\":\"https:\\\/\\\/dpress.ma\\\/fr\\\/#\\\/schema\\\/person\\\/4898febf3ccd59e6578d838656a306a0\",\"name\":\"Dpress.ma\",\"image\":{\"@type\":\"ImageObject\",\"inLanguage\":\"fr-FR\",\"@id\":\"https:\\\/\\\/secure.gravatar.com\\\/avatar\\\/72ecc30e9db047a2e0e7176561eb9d564ed77c8108376495b19bd8336405198a?s=96&d=mm&r=g\",\"url\":\"https:\\\/\\\/secure.gravatar.com\\\/avatar\\\/72ecc30e9db047a2e0e7176561eb9d564ed77c8108376495b19bd8336405198a?s=96&d=mm&r=g\",\"contentUrl\":\"https:\\\/\\\/secure.gravatar.com\\\/avatar\\\/72ecc30e9db047a2e0e7176561eb9d564ed77c8108376495b19bd8336405198a?s=96&d=mm&r=g\",\"caption\":\"Dpress.ma\"},\"sameAs\":[\"https:\\\/\\\/www.dpress.ma\"],\"url\":\"https:\\\/\\\/dpress.ma\\\/fr\\\/author\\\/dpress-ma\\\/\"}]}<\/script>\n<!-- \/ Yoast SEO plugin. -->","yoast_head_json":{"title":"La 16\u00e8me \u00e9dition du Salon du Cheval d\u2019El Jadida accueille le prestigieux \u201cTitle Show\u201d des chevaux Pur-Sang Arabes - Dpress.ma\/fr","robots":{"index":"index","follow":"follow","max-snippet":"max-snippet:-1","max-image-preview":"max-image-preview:large","max-video-preview":"max-video-preview:-1"},"canonical":"https:\/\/dpress.ma\/fr\/2025\/08\/11\/la-16eme-edition-du-salon-du-cheval-del-jadida-accueille-le-prestigieux-title-show-des-chevaux-pur-sang-arabes\/","og_locale":"fr_FR","og_type":"article","og_title":"La 16\u00e8me \u00e9dition du Salon du Cheval d\u2019El Jadida accueille le prestigieux \u201cTitle Show\u201d des chevaux Pur-Sang Arabes - Dpress.ma\/fr","og_description":"dpress Le&nbsp;Salon&nbsp;du Cheval d\u2019El Jadida s\u2019appr\u00eate \u00e0 vivre l\u2019un de ses temps forts, \u00e0&nbsp;l\u2019occasion de sa 16\u00e8me \u00e9dition,&nbsp;avec l\u2019organisation du prestigieux Concours&nbsp;International&nbsp;de&nbsp;Mod\u00e8les et Allures \u201cTitle Show\u201d les 1er et&nbsp;2 octobre&nbsp;2025,&nbsp;au Parc des Expositions Mohammed VI \u00e0 El Jadida. Plac\u00e9 sous l\u2019\u00e9gide de l\u2019ECAHO (European Conference of Arab Horse Organizations), ce concours,&nbsp;r\u00e9serv\u00e9 aux chevaux Pur-Sang Arabes,&nbsp;passe&nbsp;\u00e0 &hellip;","og_url":"https:\/\/dpress.ma\/fr\/2025\/08\/11\/la-16eme-edition-du-salon-du-cheval-del-jadida-accueille-le-prestigieux-title-show-des-chevaux-pur-sang-arabes\/","og_site_name":"Dpress.ma\/fr","article_published_time":"2025-08-11T16:49:00+00:00","article_modified_time":"2025-08-11T16:49:01+00:00","og_image":[{"width":2539,"height":1594,"url":"https:\/\/dpress.ma\/fr\/wp-content\/uploads\/sites\/2\/2025\/08\/dimensions2-21.jpg","type":"image\/jpeg"}],"author":"Dpress.ma","twitter_card":"summary_large_image","twitter_misc":{"\u00c9crit par":"Dpress.ma","Dur\u00e9e de lecture estim\u00e9e":"2 minutes"},"schema":{"@context":"https:\/\/schema.org","@graph":[{"@type":"Article","@id":"https:\/\/dpress.ma\/fr\/2025\/08\/11\/la-16eme-edition-du-salon-du-cheval-del-jadida-accueille-le-prestigieux-title-show-des-chevaux-pur-sang-arabes\/#article","isPartOf":{"@id":"https:\/\/dpress.ma\/fr\/2025\/08\/11\/la-16eme-edition-du-salon-du-cheval-del-jadida-accueille-le-prestigieux-title-show-des-chevaux-pur-sang-arabes\/"},"author":{"name":"Dpress.ma","@id":"https:\/\/dpress.ma\/fr\/#\/schema\/person\/4898febf3ccd59e6578d838656a306a0"},"headline":"La 16\u00e8me \u00e9dition du Salon du Cheval d\u2019El Jadida accueille le prestigieux \u201cTitle Show\u201d des chevaux Pur-Sang Arabes","datePublished":"2025-08-11T16:49:00+00:00","dateModified":"2025-08-11T16:49:01+00:00","mainEntityOfPage":{"@id":"https:\/\/dpress.ma\/fr\/2025\/08\/11\/la-16eme-edition-du-salon-du-cheval-del-jadida-accueille-le-prestigieux-title-show-des-chevaux-pur-sang-arabes\/"},"wordCount":415,"commentCount":0,"image":{"@id":"https:\/\/dpress.ma\/fr\/2025\/08\/11\/la-16eme-edition-du-salon-du-cheval-del-jadida-accueille-le-prestigieux-title-show-des-chevaux-pur-sang-arabes\/#primaryimage"},"thumbnailUrl":"https:\/\/dpress.ma\/fr\/wp-content\/uploads\/sites\/2\/2025\/08\/dimensions2-21.jpg","articleSection":["societe et regions"],"inLanguage":"fr-FR","potentialAction":[{"@type":"CommentAction","name":"Comment","target":["https:\/\/dpress.ma\/fr\/2025\/08\/11\/la-16eme-edition-du-salon-du-cheval-del-jadida-accueille-le-prestigieux-title-show-des-chevaux-pur-sang-arabes\/#respond"]}]},{"@type":"WebPage","@id":"https:\/\/dpress.ma\/fr\/2025\/08\/11\/la-16eme-edition-du-salon-du-cheval-del-jadida-accueille-le-prestigieux-title-show-des-chevaux-pur-sang-arabes\/","url":"https:\/\/dpress.ma\/fr\/2025\/08\/11\/la-16eme-edition-du-salon-du-cheval-del-jadida-accueille-le-prestigieux-title-show-des-chevaux-pur-sang-arabes\/","name":"La 16\u00e8me \u00e9dition du Salon du Cheval d\u2019El Jadida accueille le prestigieux \u201cTitle Show\u201d des chevaux Pur-Sang Arabes - Dpress.ma\/fr","isPartOf":{"@id":"https:\/\/dpress.ma\/fr\/#website"},"primaryImageOfPage":{"@id":"https:\/\/dpress.ma\/fr\/2025\/08\/11\/la-16eme-edition-du-salon-du-cheval-del-jadida-accueille-le-prestigieux-title-show-des-chevaux-pur-sang-arabes\/#primaryimage"},"image":{"@id":"https:\/\/dpress.ma\/fr\/2025\/08\/11\/la-16eme-edition-du-salon-du-cheval-del-jadida-accueille-le-prestigieux-title-show-des-chevaux-pur-sang-arabes\/#primaryimage"},"thumbnailUrl":"https:\/\/dpress.ma\/fr\/wp-content\/uploads\/sites\/2\/2025\/08\/dimensions2-21.jpg","datePublished":"2025-08-11T16:49:00+00:00","dateModified":"2025-08-11T16:49:01+00:00","author":{"@id":"https:\/\/dpress.ma\/fr\/#\/schema\/person\/4898febf3ccd59e6578d838656a306a0"},"breadcrumb":{"@id":"https:\/\/dpress.ma\/fr\/2025\/08\/11\/la-16eme-edition-du-salon-du-cheval-del-jadida-accueille-le-prestigieux-title-show-des-chevaux-pur-sang-arabes\/#breadcrumb"},"inLanguage":"fr-FR","potentialAction":[{"@type":"ReadAction","target":["https:\/\/dpress.ma\/fr\/2025\/08\/11\/la-16eme-edition-du-salon-du-cheval-del-jadida-accueille-le-prestigieux-title-show-des-chevaux-pur-sang-arabes\/"]}]},{"@type":"ImageObject","inLanguage":"fr-FR","@id":"https:\/\/dpress.ma\/fr\/2025\/08\/11\/la-16eme-edition-du-salon-du-cheval-del-jadida-accueille-le-prestigieux-title-show-des-chevaux-pur-sang-arabes\/#primaryimage","url":"https:\/\/dpress.ma\/fr\/wp-content\/uploads\/sites\/2\/2025\/08\/dimensions2-21.jpg","contentUrl":"https:\/\/dpress.ma\/fr\/wp-content\/uploads\/sites\/2\/2025\/08\/dimensions2-21.jpg","width":2539,"height":1594},{"@type":"BreadcrumbList","@id":"https:\/\/dpress.ma\/fr\/2025\/08\/11\/la-16eme-edition-du-salon-du-cheval-del-jadida-accueille-le-prestigieux-title-show-des-chevaux-pur-sang-arabes\/#breadcrumb","itemListElement":[{"@type":"ListItem","position":1,"name":"Home","item":"https:\/\/dpress.ma\/fr\/"},{"@type":"ListItem","position":2,"name":"La 16\u00e8me \u00e9dition du Salon du Cheval d\u2019El Jadida accueille le prestigieux \u201cTitle Show\u201d des chevaux Pur-Sang Arabes"}]},{"@type":"WebSite","@id":"https:\/\/dpress.ma\/fr\/#website","url":"https:\/\/dpress.ma\/fr\/","name":"Dpress.ma\/fr","description":"","potentialAction":[{"@type":"SearchAction","target":{"@type":"EntryPoint","urlTemplate":"https:\/\/dpress.ma\/fr\/?s={search_term_string}"},"query-input":{"@type":"PropertyValueSpecification","valueRequired":true,"valueName":"search_term_string"}}],"inLanguage":"fr-FR"},{"@type":"Person","@id":"https:\/\/dpress.ma\/fr\/#\/schema\/person\/4898febf3ccd59e6578d838656a306a0","name":"Dpress.ma","image":{"@type":"ImageObject","inLanguage":"fr-FR","@id":"https:\/\/secure.gravatar.com\/avatar\/72ecc30e9db047a2e0e7176561eb9d564ed77c8108376495b19bd8336405198a?s=96&d=mm&r=g","url":"https:\/\/secure.gravatar.com\/avatar\/72ecc30e9db047a2e0e7176561eb9d564ed77c8108376495b19bd8336405198a?s=96&d=mm&r=g","contentUrl":"https:\/\/secure.gravatar.com\/avatar\/72ecc30e9db047a2e0e7176561eb9d564ed77c8108376495b19bd8336405198a?s=96&d=mm&r=g","caption":"Dpress.ma"},"sameAs":["https:\/\/www.dpress.ma"],"url":"https:\/\/dpress.ma\/fr\/author\/dpress-ma\/"}]}},"amp_enabled":true,"_links":{"self":[{"href":"https:\/\/dpress.ma\/fr\/wp-json\/wp\/v2\/posts\/15752","targetHints":{"allow":["GET"]}}],"collection":[{"href":"https:\/\/dpress.ma\/fr\/wp-json\/wp\/v2\/posts"}],"about":[{"href":"https:\/\/dpress.ma\/fr\/wp-json\/wp\/v2\/types\/post"}],"author":[{"embeddable":true,"href":"https:\/\/dpress.ma\/fr\/wp-json\/wp\/v2\/users\/2"}],"replies":[{"embeddable":true,"href":"https:\/\/dpress.ma\/fr\/wp-json\/wp\/v2\/comments?post=15752"}],"version-history":[{"count":1,"href":"https:\/\/dpress.ma\/fr\/wp-json\/wp\/v2\/posts\/15752\/revisions"}],"predecessor-version":[{"id":15754,"href":"https:\/\/dpress.ma\/fr\/wp-json\/wp\/v2\/posts\/15752\/revisions\/15754"}],"wp:featuredmedia":[{"embeddable":true,"href":"https:\/\/dpress.ma\/fr\/wp-json\/wp\/v2\/media\/15753"}],"wp:attachment":[{"href":"https:\/\/dpress.ma\/fr\/wp-json\/wp\/v2\/media?parent=15752"}],"wp:term":[{"taxonomy":"category","embeddable":true,"href":"https:\/\/dpress.ma\/fr\/wp-json\/wp\/v2\/categories?post=15752"},{"taxonomy":"post_tag","embeddable":true,"href":"https:\/\/dpress.ma\/fr\/wp-json\/wp\/v2\/tags?post=15752"}],"curies":[{"name":"wp","href":"https:\/\/api.w.org\/{rel}","templated":true}]}}