{"id":1575,"date":"2022-05-09T10:47:08","date_gmt":"2022-05-09T10:47:08","guid":{"rendered":"https:\/\/dpress.ma\/fr\/?p=1575"},"modified":"2022-05-09T10:47:09","modified_gmt":"2022-05-09T10:47:09","slug":"le-nouveau-president-du-costa-rica-recoit-m-aziz-akhannouch","status":"publish","type":"post","link":"https:\/\/dpress.ma\/fr\/2022\/05\/09\/le-nouveau-president-du-costa-rica-recoit-m-aziz-akhannouch\/","title":{"rendered":"Le nouveau pr\u00e9sident du Costa Rica re\u00e7oit M. Aziz Akhannouch"},"content":{"rendered":"\n<p>Dpress<\/p>\n\n\n\n<p>Le nouveau pr\u00e9sident de la R\u00e9publique du Costa Rica, Rodrigo Chaves a re\u00e7u, dimanche \u00e0 San Jos\u00e9, le chef du gouvernement, Aziz Akhannouch.<\/p>\n\n\n\n<p>Lors de cette audience, M. Akhannouch qui repr\u00e9sentait Sa Majest\u00e9 le Roi Mohammed VI \u00e0 la c\u00e9r\u00e9monie d\u2019investiture de M. Chaves, a transmis au pr\u00e9sident costaricain les salutations et les f\u00e9licitations du Souverain suite \u00e0 son \u00e9lection \u00e0 la haute magistrature de ce pays d\u2019Am\u00e9rique centrale. Il lui a aussi fait part des f\u00e9licitations de SM le Roi pour le bon d\u00e9roulement des \u00e9lections pr\u00e9sidentielles.<\/p>\n\n\n\n<p>De son c\u00f4t\u00e9, M. Chaves a exprim\u00e9 au chef du gouvernement l\u2019estime et la consid\u00e9ration que le peuple costaricain voue \u00e0 la personne de SM le Roi, soulignant que le Costa Rica ambitionne de renforcer ses relations \u00e9conomiques avec le Maroc, notamment dans les domaines de l\u2019agriculture, du tourisme et des investissements.<\/p>\n\n\n\n<p>Cette c\u00e9r\u00e9monie s\u2019est d\u00e9roul\u00e9e en pr\u00e9sence notamment de l\u2019ambassadeur du Royaume au Costa Rica avec r\u00e9sidence au Guatemala, Tarik Louajri.<\/p>\n\n\n\n<p>Ancien cadre de la Banque mondiale, M. Chaves du Parti du progr\u00e8s social-d\u00e9mocrate, a \u00e9t\u00e9 \u00e9lu pr\u00e9sident de cette r\u00e9publique d\u2019Am\u00e9rique centrale lors des \u00e9lections du 4 avril dernier, pour un mandat de quatre ans.<\/p>\n","protected":false},"excerpt":{"rendered":"<p>Dpress Le nouveau pr\u00e9sident de la R\u00e9publique du Costa Rica, Rodrigo Chaves a re\u00e7u, dimanche \u00e0 San Jos\u00e9, le chef du gouvernement, Aziz Akhannouch. Lors de cette audience, M. Akhannouch qui repr\u00e9sentait Sa Majest\u00e9 le Roi Mohammed VI \u00e0 la c\u00e9r\u00e9monie d\u2019investiture de M. Chaves, a transmis au pr\u00e9sident costaricain les salutations et les f\u00e9licitations &hellip;<\/p>\n","protected":false},"author":2,"featured_media":1564,"comment_status":"closed","ping_status":"open","sticky":false,"template":"","format":"standard","meta":{"footnotes":""},"categories":[33],"tags":[],"class_list":["post-1575","post","type-post","status-publish","format-standard","has-post-thumbnail","hentry","category-diplomatie-parallele"],"yoast_head":"<!-- This site is optimized with the Yoast SEO plugin v27.5 - https:\/\/yoast.com\/product\/yoast-seo-wordpress\/ -->\n<title>Le nouveau pr\u00e9sident du Costa Rica re\u00e7oit M. Aziz Akhannouch - Dpress.ma\/fr<\/title>\n<meta name=\"description\" content=\"Le nouveau pr\u00e9sident de la R\u00e9publique du Costa Rica, Rodrigo Chaves a re\u00e7u, dimanche \u00e0 San Jos\u00e9, le chef du gouvernement, ...\" \/>\n<meta name=\"robots\" content=\"index, follow, max-snippet:-1, max-image-preview:large, max-video-preview:-1\" \/>\n<link rel=\"canonical\" href=\"https:\/\/dpress.ma\/fr\/2022\/05\/09\/le-nouveau-president-du-costa-rica-recoit-m-aziz-akhannouch\/\" \/>\n<meta property=\"og:locale\" content=\"fr_FR\" \/>\n<meta property=\"og:type\" content=\"article\" \/>\n<meta property=\"og:title\" content=\"Le nouveau pr\u00e9sident du Costa Rica re\u00e7oit M. Aziz Akhannouch - Dpress.ma\/fr\" \/>\n<meta property=\"og:description\" content=\"Le nouveau pr\u00e9sident de la R\u00e9publique du Costa Rica, Rodrigo Chaves a re\u00e7u, dimanche \u00e0 San Jos\u00e9, le chef du gouvernement, ...\" \/>\n<meta property=\"og:url\" content=\"https:\/\/dpress.ma\/fr\/2022\/05\/09\/le-nouveau-president-du-costa-rica-recoit-m-aziz-akhannouch\/\" \/>\n<meta property=\"og:site_name\" content=\"Dpress.ma\/fr\" \/>\n<meta property=\"article:published_time\" content=\"2022-05-09T10:47:08+00:00\" \/>\n<meta property=\"article:modified_time\" content=\"2022-05-09T10:47:09+00:00\" \/>\n<meta property=\"og:image\" content=\"https:\/\/dpress.ma\/fr\/wp-content\/uploads\/sites\/2\/2022\/05\/akhannouch-fr-costa-rica.jpg\" \/>\n\t<meta property=\"og:image:width\" content=\"2539\" \/>\n\t<meta property=\"og:image:height\" content=\"1594\" \/>\n\t<meta property=\"og:image:type\" content=\"image\/jpeg\" \/>\n<meta name=\"author\" content=\"Dpress.ma\" \/>\n<meta name=\"twitter:card\" content=\"summary_large_image\" \/>\n<meta name=\"twitter:label1\" content=\"\u00c9crit par\" \/>\n\t<meta name=\"twitter:data1\" content=\"Dpress.ma\" \/>\n\t<meta name=\"twitter:label2\" content=\"Dur\u00e9e de lecture estim\u00e9e\" \/>\n\t<meta name=\"twitter:data2\" content=\"2 minutes\" \/>\n<script type=\"application\/ld+json\" class=\"yoast-schema-graph\">{\"@context\":\"https:\\\/\\\/schema.org\",\"@graph\":[{\"@type\":\"Article\",\"@id\":\"https:\\\/\\\/dpress.ma\\\/fr\\\/2022\\\/05\\\/09\\\/le-nouveau-president-du-costa-rica-recoit-m-aziz-akhannouch\\\/#article\",\"isPartOf\":{\"@id\":\"https:\\\/\\\/dpress.ma\\\/fr\\\/2022\\\/05\\\/09\\\/le-nouveau-president-du-costa-rica-recoit-m-aziz-akhannouch\\\/\"},\"author\":{\"name\":\"Dpress.ma\",\"@id\":\"https:\\\/\\\/dpress.ma\\\/fr\\\/#\\\/schema\\\/person\\\/4898febf3ccd59e6578d838656a306a0\"},\"headline\":\"Le nouveau pr\u00e9sident du Costa Rica re\u00e7oit M. Aziz Akhannouch\",\"datePublished\":\"2022-05-09T10:47:08+00:00\",\"dateModified\":\"2022-05-09T10:47:09+00:00\",\"mainEntityOfPage\":{\"@id\":\"https:\\\/\\\/dpress.ma\\\/fr\\\/2022\\\/05\\\/09\\\/le-nouveau-president-du-costa-rica-recoit-m-aziz-akhannouch\\\/\"},\"wordCount\":234,\"image\":{\"@id\":\"https:\\\/\\\/dpress.ma\\\/fr\\\/2022\\\/05\\\/09\\\/le-nouveau-president-du-costa-rica-recoit-m-aziz-akhannouch\\\/#primaryimage\"},\"thumbnailUrl\":\"https:\\\/\\\/dpress.ma\\\/fr\\\/wp-content\\\/uploads\\\/sites\\\/2\\\/2022\\\/05\\\/akhannouch-fr-costa-rica.jpg\",\"articleSection\":[\"Diplomatie Parall\u00e8le\"],\"inLanguage\":\"fr-FR\"},{\"@type\":\"WebPage\",\"@id\":\"https:\\\/\\\/dpress.ma\\\/fr\\\/2022\\\/05\\\/09\\\/le-nouveau-president-du-costa-rica-recoit-m-aziz-akhannouch\\\/\",\"url\":\"https:\\\/\\\/dpress.ma\\\/fr\\\/2022\\\/05\\\/09\\\/le-nouveau-president-du-costa-rica-recoit-m-aziz-akhannouch\\\/\",\"name\":\"Le nouveau pr\u00e9sident du Costa Rica re\u00e7oit M. Aziz Akhannouch - Dpress.ma\\\/fr\",\"isPartOf\":{\"@id\":\"https:\\\/\\\/dpress.ma\\\/fr\\\/#website\"},\"primaryImageOfPage\":{\"@id\":\"https:\\\/\\\/dpress.ma\\\/fr\\\/2022\\\/05\\\/09\\\/le-nouveau-president-du-costa-rica-recoit-m-aziz-akhannouch\\\/#primaryimage\"},\"image\":{\"@id\":\"https:\\\/\\\/dpress.ma\\\/fr\\\/2022\\\/05\\\/09\\\/le-nouveau-president-du-costa-rica-recoit-m-aziz-akhannouch\\\/#primaryimage\"},\"thumbnailUrl\":\"https:\\\/\\\/dpress.ma\\\/fr\\\/wp-content\\\/uploads\\\/sites\\\/2\\\/2022\\\/05\\\/akhannouch-fr-costa-rica.jpg\",\"datePublished\":\"2022-05-09T10:47:08+00:00\",\"dateModified\":\"2022-05-09T10:47:09+00:00\",\"author\":{\"@id\":\"https:\\\/\\\/dpress.ma\\\/fr\\\/#\\\/schema\\\/person\\\/4898febf3ccd59e6578d838656a306a0\"},\"description\":\"Le nouveau pr\u00e9sident de la R\u00e9publique du Costa Rica, Rodrigo Chaves a re\u00e7u, dimanche \u00e0 San Jos\u00e9, le chef du gouvernement, ...\",\"breadcrumb\":{\"@id\":\"https:\\\/\\\/dpress.ma\\\/fr\\\/2022\\\/05\\\/09\\\/le-nouveau-president-du-costa-rica-recoit-m-aziz-akhannouch\\\/#breadcrumb\"},\"inLanguage\":\"fr-FR\",\"potentialAction\":[{\"@type\":\"ReadAction\",\"target\":[\"https:\\\/\\\/dpress.ma\\\/fr\\\/2022\\\/05\\\/09\\\/le-nouveau-president-du-costa-rica-recoit-m-aziz-akhannouch\\\/\"]}]},{\"@type\":\"ImageObject\",\"inLanguage\":\"fr-FR\",\"@id\":\"https:\\\/\\\/dpress.ma\\\/fr\\\/2022\\\/05\\\/09\\\/le-nouveau-president-du-costa-rica-recoit-m-aziz-akhannouch\\\/#primaryimage\",\"url\":\"https:\\\/\\\/dpress.ma\\\/fr\\\/wp-content\\\/uploads\\\/sites\\\/2\\\/2022\\\/05\\\/akhannouch-fr-costa-rica.jpg\",\"contentUrl\":\"https:\\\/\\\/dpress.ma\\\/fr\\\/wp-content\\\/uploads\\\/sites\\\/2\\\/2022\\\/05\\\/akhannouch-fr-costa-rica.jpg\",\"width\":2539,\"height\":1594},{\"@type\":\"BreadcrumbList\",\"@id\":\"https:\\\/\\\/dpress.ma\\\/fr\\\/2022\\\/05\\\/09\\\/le-nouveau-president-du-costa-rica-recoit-m-aziz-akhannouch\\\/#breadcrumb\",\"itemListElement\":[{\"@type\":\"ListItem\",\"position\":1,\"name\":\"Home\",\"item\":\"https:\\\/\\\/dpress.ma\\\/fr\\\/\"},{\"@type\":\"ListItem\",\"position\":2,\"name\":\"Le nouveau pr\u00e9sident du Costa Rica re\u00e7oit M. Aziz Akhannouch\"}]},{\"@type\":\"WebSite\",\"@id\":\"https:\\\/\\\/dpress.ma\\\/fr\\\/#website\",\"url\":\"https:\\\/\\\/dpress.ma\\\/fr\\\/\",\"name\":\"Dpress.ma\\\/fr\",\"description\":\"\",\"potentialAction\":[{\"@type\":\"SearchAction\",\"target\":{\"@type\":\"EntryPoint\",\"urlTemplate\":\"https:\\\/\\\/dpress.ma\\\/fr\\\/?s={search_term_string}\"},\"query-input\":{\"@type\":\"PropertyValueSpecification\",\"valueRequired\":true,\"valueName\":\"search_term_string\"}}],\"inLanguage\":\"fr-FR\"},{\"@type\":\"Person\",\"@id\":\"https:\\\/\\\/dpress.ma\\\/fr\\\/#\\\/schema\\\/person\\\/4898febf3ccd59e6578d838656a306a0\",\"name\":\"Dpress.ma\",\"image\":{\"@type\":\"ImageObject\",\"inLanguage\":\"fr-FR\",\"@id\":\"https:\\\/\\\/secure.gravatar.com\\\/avatar\\\/72ecc30e9db047a2e0e7176561eb9d564ed77c8108376495b19bd8336405198a?s=96&d=mm&r=g\",\"url\":\"https:\\\/\\\/secure.gravatar.com\\\/avatar\\\/72ecc30e9db047a2e0e7176561eb9d564ed77c8108376495b19bd8336405198a?s=96&d=mm&r=g\",\"contentUrl\":\"https:\\\/\\\/secure.gravatar.com\\\/avatar\\\/72ecc30e9db047a2e0e7176561eb9d564ed77c8108376495b19bd8336405198a?s=96&d=mm&r=g\",\"caption\":\"Dpress.ma\"},\"sameAs\":[\"https:\\\/\\\/www.dpress.ma\"],\"url\":\"https:\\\/\\\/dpress.ma\\\/fr\\\/author\\\/dpress-ma\\\/\"}]}<\/script>\n<!-- \/ Yoast SEO plugin. -->","yoast_head_json":{"title":"Le nouveau pr\u00e9sident du Costa Rica re\u00e7oit M. Aziz Akhannouch - Dpress.ma\/fr","description":"Le nouveau pr\u00e9sident de la R\u00e9publique du Costa Rica, Rodrigo Chaves a re\u00e7u, dimanche \u00e0 San Jos\u00e9, le chef du gouvernement, ...","robots":{"index":"index","follow":"follow","max-snippet":"max-snippet:-1","max-image-preview":"max-image-preview:large","max-video-preview":"max-video-preview:-1"},"canonical":"https:\/\/dpress.ma\/fr\/2022\/05\/09\/le-nouveau-president-du-costa-rica-recoit-m-aziz-akhannouch\/","og_locale":"fr_FR","og_type":"article","og_title":"Le nouveau pr\u00e9sident du Costa Rica re\u00e7oit M. Aziz Akhannouch - Dpress.ma\/fr","og_description":"Le nouveau pr\u00e9sident de la R\u00e9publique du Costa Rica, Rodrigo Chaves a re\u00e7u, dimanche \u00e0 San Jos\u00e9, le chef du gouvernement, ...","og_url":"https:\/\/dpress.ma\/fr\/2022\/05\/09\/le-nouveau-president-du-costa-rica-recoit-m-aziz-akhannouch\/","og_site_name":"Dpress.ma\/fr","article_published_time":"2022-05-09T10:47:08+00:00","article_modified_time":"2022-05-09T10:47:09+00:00","og_image":[{"width":2539,"height":1594,"url":"https:\/\/dpress.ma\/fr\/wp-content\/uploads\/sites\/2\/2022\/05\/akhannouch-fr-costa-rica.jpg","type":"image\/jpeg"}],"author":"Dpress.ma","twitter_card":"summary_large_image","twitter_misc":{"\u00c9crit par":"Dpress.ma","Dur\u00e9e de lecture estim\u00e9e":"2 minutes"},"schema":{"@context":"https:\/\/schema.org","@graph":[{"@type":"Article","@id":"https:\/\/dpress.ma\/fr\/2022\/05\/09\/le-nouveau-president-du-costa-rica-recoit-m-aziz-akhannouch\/#article","isPartOf":{"@id":"https:\/\/dpress.ma\/fr\/2022\/05\/09\/le-nouveau-president-du-costa-rica-recoit-m-aziz-akhannouch\/"},"author":{"name":"Dpress.ma","@id":"https:\/\/dpress.ma\/fr\/#\/schema\/person\/4898febf3ccd59e6578d838656a306a0"},"headline":"Le nouveau pr\u00e9sident du Costa Rica re\u00e7oit M. Aziz Akhannouch","datePublished":"2022-05-09T10:47:08+00:00","dateModified":"2022-05-09T10:47:09+00:00","mainEntityOfPage":{"@id":"https:\/\/dpress.ma\/fr\/2022\/05\/09\/le-nouveau-president-du-costa-rica-recoit-m-aziz-akhannouch\/"},"wordCount":234,"image":{"@id":"https:\/\/dpress.ma\/fr\/2022\/05\/09\/le-nouveau-president-du-costa-rica-recoit-m-aziz-akhannouch\/#primaryimage"},"thumbnailUrl":"https:\/\/dpress.ma\/fr\/wp-content\/uploads\/sites\/2\/2022\/05\/akhannouch-fr-costa-rica.jpg","articleSection":["Diplomatie Parall\u00e8le"],"inLanguage":"fr-FR"},{"@type":"WebPage","@id":"https:\/\/dpress.ma\/fr\/2022\/05\/09\/le-nouveau-president-du-costa-rica-recoit-m-aziz-akhannouch\/","url":"https:\/\/dpress.ma\/fr\/2022\/05\/09\/le-nouveau-president-du-costa-rica-recoit-m-aziz-akhannouch\/","name":"Le nouveau pr\u00e9sident du Costa Rica re\u00e7oit M. Aziz Akhannouch - Dpress.ma\/fr","isPartOf":{"@id":"https:\/\/dpress.ma\/fr\/#website"},"primaryImageOfPage":{"@id":"https:\/\/dpress.ma\/fr\/2022\/05\/09\/le-nouveau-president-du-costa-rica-recoit-m-aziz-akhannouch\/#primaryimage"},"image":{"@id":"https:\/\/dpress.ma\/fr\/2022\/05\/09\/le-nouveau-president-du-costa-rica-recoit-m-aziz-akhannouch\/#primaryimage"},"thumbnailUrl":"https:\/\/dpress.ma\/fr\/wp-content\/uploads\/sites\/2\/2022\/05\/akhannouch-fr-costa-rica.jpg","datePublished":"2022-05-09T10:47:08+00:00","dateModified":"2022-05-09T10:47:09+00:00","author":{"@id":"https:\/\/dpress.ma\/fr\/#\/schema\/person\/4898febf3ccd59e6578d838656a306a0"},"description":"Le nouveau pr\u00e9sident de la R\u00e9publique du Costa Rica, Rodrigo Chaves a re\u00e7u, dimanche \u00e0 San Jos\u00e9, le chef du gouvernement, ...","breadcrumb":{"@id":"https:\/\/dpress.ma\/fr\/2022\/05\/09\/le-nouveau-president-du-costa-rica-recoit-m-aziz-akhannouch\/#breadcrumb"},"inLanguage":"fr-FR","potentialAction":[{"@type":"ReadAction","target":["https:\/\/dpress.ma\/fr\/2022\/05\/09\/le-nouveau-president-du-costa-rica-recoit-m-aziz-akhannouch\/"]}]},{"@type":"ImageObject","inLanguage":"fr-FR","@id":"https:\/\/dpress.ma\/fr\/2022\/05\/09\/le-nouveau-president-du-costa-rica-recoit-m-aziz-akhannouch\/#primaryimage","url":"https:\/\/dpress.ma\/fr\/wp-content\/uploads\/sites\/2\/2022\/05\/akhannouch-fr-costa-rica.jpg","contentUrl":"https:\/\/dpress.ma\/fr\/wp-content\/uploads\/sites\/2\/2022\/05\/akhannouch-fr-costa-rica.jpg","width":2539,"height":1594},{"@type":"BreadcrumbList","@id":"https:\/\/dpress.ma\/fr\/2022\/05\/09\/le-nouveau-president-du-costa-rica-recoit-m-aziz-akhannouch\/#breadcrumb","itemListElement":[{"@type":"ListItem","position":1,"name":"Home","item":"https:\/\/dpress.ma\/fr\/"},{"@type":"ListItem","position":2,"name":"Le nouveau pr\u00e9sident du Costa Rica re\u00e7oit M. Aziz Akhannouch"}]},{"@type":"WebSite","@id":"https:\/\/dpress.ma\/fr\/#website","url":"https:\/\/dpress.ma\/fr\/","name":"Dpress.ma\/fr","description":"","potentialAction":[{"@type":"SearchAction","target":{"@type":"EntryPoint","urlTemplate":"https:\/\/dpress.ma\/fr\/?s={search_term_string}"},"query-input":{"@type":"PropertyValueSpecification","valueRequired":true,"valueName":"search_term_string"}}],"inLanguage":"fr-FR"},{"@type":"Person","@id":"https:\/\/dpress.ma\/fr\/#\/schema\/person\/4898febf3ccd59e6578d838656a306a0","name":"Dpress.ma","image":{"@type":"ImageObject","inLanguage":"fr-FR","@id":"https:\/\/secure.gravatar.com\/avatar\/72ecc30e9db047a2e0e7176561eb9d564ed77c8108376495b19bd8336405198a?s=96&d=mm&r=g","url":"https:\/\/secure.gravatar.com\/avatar\/72ecc30e9db047a2e0e7176561eb9d564ed77c8108376495b19bd8336405198a?s=96&d=mm&r=g","contentUrl":"https:\/\/secure.gravatar.com\/avatar\/72ecc30e9db047a2e0e7176561eb9d564ed77c8108376495b19bd8336405198a?s=96&d=mm&r=g","caption":"Dpress.ma"},"sameAs":["https:\/\/www.dpress.ma"],"url":"https:\/\/dpress.ma\/fr\/author\/dpress-ma\/"}]}},"amp_enabled":true,"_links":{"self":[{"href":"https:\/\/dpress.ma\/fr\/wp-json\/wp\/v2\/posts\/1575","targetHints":{"allow":["GET"]}}],"collection":[{"href":"https:\/\/dpress.ma\/fr\/wp-json\/wp\/v2\/posts"}],"about":[{"href":"https:\/\/dpress.ma\/fr\/wp-json\/wp\/v2\/types\/post"}],"author":[{"embeddable":true,"href":"https:\/\/dpress.ma\/fr\/wp-json\/wp\/v2\/users\/2"}],"replies":[{"embeddable":true,"href":"https:\/\/dpress.ma\/fr\/wp-json\/wp\/v2\/comments?post=1575"}],"version-history":[{"count":1,"href":"https:\/\/dpress.ma\/fr\/wp-json\/wp\/v2\/posts\/1575\/revisions"}],"predecessor-version":[{"id":1577,"href":"https:\/\/dpress.ma\/fr\/wp-json\/wp\/v2\/posts\/1575\/revisions\/1577"}],"wp:featuredmedia":[{"embeddable":true,"href":"https:\/\/dpress.ma\/fr\/wp-json\/wp\/v2\/media\/1564"}],"wp:attachment":[{"href":"https:\/\/dpress.ma\/fr\/wp-json\/wp\/v2\/media?parent=1575"}],"wp:term":[{"taxonomy":"category","embeddable":true,"href":"https:\/\/dpress.ma\/fr\/wp-json\/wp\/v2\/categories?post=1575"},{"taxonomy":"post_tag","embeddable":true,"href":"https:\/\/dpress.ma\/fr\/wp-json\/wp\/v2\/tags?post=1575"}],"curies":[{"name":"wp","href":"https:\/\/api.w.org\/{rel}","templated":true}]}}